{"id":99808,"date":"2019-12-02T13:00:22","date_gmt":"2019-12-02T19:00:22","guid":{"rendered":"https:\/\/centrourbano.com\/?p=99808"},"modified":"2019-12-02T16:18:19","modified_gmt":"2019-12-02T22:18:19","slug":"fovissste-reestructura-credito-2","status":"publish","type":"post","link":"https:\/\/centrourbano.com\/revista\/vivienda\/fovissste-reestructura-credito-2\/","title":{"rendered":"Programa de reestructura Fovissste inicia en enero"},"content":{"rendered":"<p><em>Los derechohabientes de Fovissste podr\u00edan acceder a descuentos de hasta 35% <\/em><!--more--><\/p>\n<p>El programa <strong>\u2018Acuerdo y Queda<\/strong>\u2019, con el que <strong>Fovissste<\/strong> impulsar\u00e1 una opci\u00f3n de reestructura para los derechohabientes, comenzar\u00e1 a operar por completo en <strong>enero<\/strong>, revel\u00f3 el vocal ejecutivo, <strong>Agust\u00edn Rodr\u00edguez<\/strong>.<\/p>\n<p>En entrevista, el funcionario detall\u00f3 que este esquema contempla 12 productos de<strong> Cobranza Social<\/strong>. No obstante, indic\u00f3,\u00a0nueve\u00a0 de ellos ya operan desde inicio de a\u00f1o.<\/p>\n<p>En este sentido, detall\u00f3 que, lo que corresponde al tema de <strong>reestructura<\/strong>, comenzar\u00e1 a operar en 2020. Y es que, la <strong>Junta Directiva del Issste<\/strong> acaba de aprobar el esquema.<\/p>\n<p>\u201c\u2019Acuerdo y Queda\u2019 est\u00e1 funcionando desde inicios de a\u00f1o. Recordemos que rescatamos muchos programas que ten\u00edamos en el pasado. Son 12 productos, de los cuales 9 ya estaban trabajando; los restantes a partir de enero ya estar\u00e1n en funciones.<\/p>\n<p>\u201cInvitamos a los derechohabientes que se acerquen (&#8230;) De acuerdo al tipo de cr\u00e9dito, al a\u00f1o que se ejerci\u00f3, ser\u00e1 el tipo de descuento\u201d.<\/p>\n<p>\u2018Acuerdo y Queda\u2019 es un esquema de cobranza social dise\u00f1ado para ayudar a los derechohabientes a<strong> liquidar sus cr\u00e9ditos<\/strong>. Como se cit\u00f3, el esquema contempla 12 productos, entre lo que se incluye uno de reestructura. Con este este esquema, los trabajadores podr\u00e1n solicitar que se migre <strong>su cr\u00e9dito de UMAs a Pesos<\/strong>, lo que incluir\u00e1 un <strong>descuento<\/strong>.<\/p>\n<p>Sumado a este, entre los modelos que se contemplan se encuentra el programa <strong>Liquidaci\u00f3n 10<\/strong>. Con este, quienes ya hayan cubierto el 90% del cr\u00e9dito, se les liquidar\u00e1 el 10 restante para que reciban sus escrituras.<\/p>\n<p>Al respecto, en palabras de Agust\u00edn Rodr\u00edguez, <strong>80% de la cartera vigente del Fovissste<\/strong> podr\u00e1 entrar a &#8216;Acuerdo y Queda&#8217;.<\/p>\n<h2>\u00bfQu\u00e9 es Acuerdo y Queda de Fovissste?<\/h2>\n<p>En entrevista con Centro Urbano, el Vocal ejecutivo de Fovissste abund\u00f3 sobre el Programa \u2018Acuerdo y Queda\u2019. Sobre todo, hizo especial menci\u00f3n de lo referente al tema de las <strong>reestructuras<\/strong>.<\/p>\n<p>El funcionario precis\u00f3 que, con este esquema, a partir de enero, los trabajadores interesados en migrar sus cr\u00e9ditos de UMAs a Pesos.<\/p>\n<p>En entrevista, Rodr\u00edguez L\u00f3pez explic\u00f3 que, con \u2018<a href=\"https:\/\/centrourbano.com\/2019\/10\/24\/fovissste-reestructura-descuento\/\" target=\"_blank\" rel=\"noopener noreferrer\">Acuerdo y Queda<\/a>\u2019, los acreditados del organismo podr\u00e1n acceder a descuentos en sus financiamientos, que podr\u00edan ir de 5% hasta 34 por ciento. Se\u00f1al\u00f3 que el organismo evaluar\u00e1 cada caso que desee realizar una reestructura y sobre eso definir\u00e1 la serie de beneficios para que puedan liquidar el cr\u00e9dito.<\/p>\n<p>[quote]\u201c\u00bfQu\u00e9 es lo que andamos buscando? Que, de acuerdo a las condiciones y particularidades del cr\u00e9dito se den los descuentos y quitas. Recordemos que no es lo mismo un cr\u00e9dito que fue en el 2000 o en plena devaluaci\u00f3n del 94, de acuerdo a esas condiciones \u201d, explic\u00f3.[\/quote]<\/p>\n<h5>\u00bfC\u00f3mo funcionar\u00e1?<\/h5>\n<p><a href=\"https:\/\/twitter.com\/ArqAgustin19\" target=\"_blank\" rel=\"noopener noreferrer\">Rodr\u00edguez L\u00f3pez <\/a>detall\u00f3 que este trabajo se realizar\u00e1 de la mano con la <strong>banca<\/strong>. Dijo que la intenci\u00f3n es lograr un modelo eficiente en donde Fovissste ayude a los derechohabientes con un financiamiento a eliminar todos esos gastos que pueden quitarse sin afectar al Instituto, pero que representar\u00eda una carga menos para el trabajador.<\/p>\n<p>\u201c\u00bfQu\u00e9 es lo que estamos haciendo\u00a0el plan de UMAs con \u2018Acuerdo y Queda\u2019? Es esa <strong>reestructuraci\u00f3n<\/strong>, donde si t\u00fa ya quieres, nosotros <strong>te ajustamos tu cr\u00e9dito<\/strong>, le quitamos todo lo que podamos que sea financieramente posible y se lo pasamos a la banca. Y con el CAT m\u00e1s econ\u00f3mico del mercado entonces ya te pudo dar plazo fijo y en pesos\u201d, apunt\u00f3.<\/p>\n<p>Es preciso mencionar que el <strong>inicio del programa<\/strong> se contemplaba en <strong>octubre<\/strong>. No obstante, la Junta Directiva aval\u00f3 en <strong>noviembre<\/strong> el esquema, por lo que el comienzo se pas\u00f3 para enero.<\/p>\n","protected":false},"excerpt":{"rendered":"<p>Los derechohabientes de Fovissste podr\u00edan acceder a descuentos de hasta 35%<\/p>\n","protected":false},"author":77,"featured_media":99810,"comment_status":"open","ping_status":"closed","sticky":false,"template":"","format":"standard","meta":{"inline_featured_image":false,"footnotes":""},"categories":[12],"tags":[15462,642,155,2428,3586,60],"class_list":["post-99808","post","type-post","status-publish","format-standard","has-post-thumbnail","hentry","category-vivienda","tag-agustin-rodriguez-lopez","tag-creditos","tag-fovissste","tag-pesos","tag-uma","tag-vivienda-2"],"yoast_head":"<!-- This site is optimized with the Yoast SEO plugin v28.4 - https:\/\/yoast.com\/product\/yoast-seo-wordpress\/ -->\n<title>Programa de reestructura para cr\u00e9dito Fovissste inicia en enero<\/title>\n<meta name=\"description\" content=\"El programa \u2018Acuerdo y Queda\u2019, con el que Fovissste impulsar\u00e1 una opci\u00f3n de reestructura para los derechohabientes, comenzar\u00e1 a...\" \/>\n<meta name=\"robots\" content=\"index, follow, max-snippet:-1, max-image-preview:large, max-video-preview:-1\" \/>\n<link rel=\"canonical\" href=\"https:\/\/centrourbano.com\/revista\/vivienda\/fovissste-reestructura-credito-2\/\" \/>\n<meta property=\"og:locale\" content=\"es_ES\" \/>\n<meta property=\"og:type\" content=\"article\" \/>\n<meta property=\"og:title\" content=\"Programa de reestructura para cr\u00e9dito Fovissste inicia en enero\" \/>\n<meta property=\"og:description\" content=\"El programa \u2018Acuerdo y Queda\u2019, con el que Fovissste impulsar\u00e1 una opci\u00f3n de reestructura para los derechohabientes, comenzar\u00e1 a...\" \/>\n<meta property=\"og:url\" content=\"https:\/\/centrourbano.com\/revista\/vivienda\/fovissste-reestructura-credito-2\/\" \/>\n<meta property=\"og:site_name\" content=\"Centro Urbano\" \/>\n<meta property=\"article:publisher\" content=\"https:\/\/www.facebook.com\/portalcentrourbano\" \/>\n<meta property=\"article:published_time\" content=\"2019-12-02T19:00:22+00:00\" \/>\n<meta property=\"article:modified_time\" content=\"2019-12-02T22:18:19+00:00\" \/>\n<meta property=\"og:image\" content=\"https:\/\/centrourbano.com\/revista\/wp-content\/uploads\/Fovissste-Acuerdo-y-Queda-Agust\u00edn-Rodr\u00edguez-e1575318454225.jpg\" \/>\n\t<meta property=\"og:image:width\" content=\"800\" \/>\n\t<meta property=\"og:image:height\" content=\"533\" \/>\n\t<meta property=\"og:image:type\" content=\"image\/jpeg\" \/>\n<meta name=\"author\" content=\"G4A\" \/>\n<meta name=\"twitter:card\" content=\"summary_large_image\" \/>\n<meta name=\"twitter:creator\" content=\"@CentroUrbano\" \/>\n<meta name=\"twitter:site\" content=\"@CentroUrbano\" \/>\n<meta name=\"twitter:label1\" content=\"Escrito por\" \/>\n\t<meta name=\"twitter:data1\" content=\"G4A\" \/>\n\t<meta name=\"twitter:label2\" content=\"Tiempo de lectura\" \/>\n\t<meta name=\"twitter:data2\" content=\"3 minutos\" \/>\n<script type=\"application\/ld+json\" class=\"yoast-schema-graph\">{\"@context\":\"https:\\\/\\\/schema.org\",\"@graph\":[{\"@type\":\"Article\",\"@id\":\"https:\\\/\\\/centrourbano.com\\\/revista\\\/vivienda\\\/fovissste-reestructura-credito-2\\\/#article\",\"isPartOf\":{\"@id\":\"https:\\\/\\\/centrourbano.com\\\/revista\\\/vivienda\\\/fovissste-reestructura-credito-2\\\/\"},\"author\":{\"name\":\"G4A\",\"@id\":\"https:\\\/\\\/centrourbano.com\\\/revista\\\/#\\\/schema\\\/person\\\/370fa0ba2d8dd5bde3fdb8b62ad360aa\"},\"headline\":\"Programa de reestructura Fovissste inicia en enero\",\"datePublished\":\"2019-12-02T19:00:22+00:00\",\"dateModified\":\"2019-12-02T22:18:19+00:00\",\"mainEntityOfPage\":{\"@id\":\"https:\\\/\\\/centrourbano.com\\\/revista\\\/vivienda\\\/fovissste-reestructura-credito-2\\\/\"},\"wordCount\":617,\"commentCount\":0,\"publisher\":{\"@id\":\"https:\\\/\\\/centrourbano.com\\\/revista\\\/#organization\"},\"image\":{\"@id\":\"https:\\\/\\\/centrourbano.com\\\/revista\\\/vivienda\\\/fovissste-reestructura-credito-2\\\/#primaryimage\"},\"thumbnailUrl\":\"https:\\\/\\\/centrourbano.com\\\/revista\\\/wp-content\\\/uploads\\\/Fovissste-Acuerdo-y-Queda-Agust\u00edn-Rodr\u00edguez-e1575318454225.jpg\",\"keywords\":[\"Agust\u00edn Rodr\u00edguez L\u00f3pez\",\"Cr\u00e9ditos\",\"Fovissste\",\"Pesos\",\"UMA\",\"vivienda\"],\"articleSection\":[\"Vivienda\"],\"inLanguage\":\"es\"},{\"@type\":\"WebPage\",\"@id\":\"https:\\\/\\\/centrourbano.com\\\/revista\\\/vivienda\\\/fovissste-reestructura-credito-2\\\/\",\"url\":\"https:\\\/\\\/centrourbano.com\\\/revista\\\/vivienda\\\/fovissste-reestructura-credito-2\\\/\",\"name\":\"Programa de reestructura para cr\u00e9dito Fovissste inicia en enero\",\"isPartOf\":{\"@id\":\"https:\\\/\\\/centrourbano.com\\\/revista\\\/#website\"},\"primaryImageOfPage\":{\"@id\":\"https:\\\/\\\/centrourbano.com\\\/revista\\\/vivienda\\\/fovissste-reestructura-credito-2\\\/#primaryimage\"},\"image\":{\"@id\":\"https:\\\/\\\/centrourbano.com\\\/revista\\\/vivienda\\\/fovissste-reestructura-credito-2\\\/#primaryimage\"},\"thumbnailUrl\":\"https:\\\/\\\/centrourbano.com\\\/revista\\\/wp-content\\\/uploads\\\/Fovissste-Acuerdo-y-Queda-Agust\u00edn-Rodr\u00edguez-e1575318454225.jpg\",\"datePublished\":\"2019-12-02T19:00:22+00:00\",\"dateModified\":\"2019-12-02T22:18:19+00:00\",\"description\":\"El programa \u2018Acuerdo y Queda\u2019, con el que Fovissste impulsar\u00e1 una opci\u00f3n de reestructura para los derechohabientes, comenzar\u00e1 a...\",\"breadcrumb\":{\"@id\":\"https:\\\/\\\/centrourbano.com\\\/revista\\\/vivienda\\\/fovissste-reestructura-credito-2\\\/#breadcrumb\"},\"inLanguage\":\"es\",\"potentialAction\":[{\"@type\":\"ReadAction\",\"target\":[\"https:\\\/\\\/centrourbano.com\\\/revista\\\/vivienda\\\/fovissste-reestructura-credito-2\\\/\"]}]},{\"@type\":\"ImageObject\",\"inLanguage\":\"es\",\"@id\":\"https:\\\/\\\/centrourbano.com\\\/revista\\\/vivienda\\\/fovissste-reestructura-credito-2\\\/#primaryimage\",\"url\":\"https:\\\/\\\/centrourbano.com\\\/revista\\\/wp-content\\\/uploads\\\/Fovissste-Acuerdo-y-Queda-Agust\u00edn-Rodr\u00edguez-e1575318454225.jpg\",\"contentUrl\":\"https:\\\/\\\/centrourbano.com\\\/revista\\\/wp-content\\\/uploads\\\/Fovissste-Acuerdo-y-Queda-Agust\u00edn-Rodr\u00edguez-e1575318454225.jpg\",\"width\":800,\"height\":533,\"caption\":\"Fovissste-Acuerdo y Queda-Agust\u00edn Rodr\u00edguez\"},{\"@type\":\"BreadcrumbList\",\"@id\":\"https:\\\/\\\/centrourbano.com\\\/revista\\\/vivienda\\\/fovissste-reestructura-credito-2\\\/#breadcrumb\",\"itemListElement\":[{\"@type\":\"ListItem\",\"position\":1,\"name\":\"Portada\",\"item\":\"https:\\\/\\\/centrourbano.com\\\/revista\\\/\"},{\"@type\":\"ListItem\",\"position\":2,\"name\":\"Programa de reestructura Fovissste inicia en enero\"}]},{\"@type\":\"WebSite\",\"@id\":\"https:\\\/\\\/centrourbano.com\\\/revista\\\/#website\",\"url\":\"https:\\\/\\\/centrourbano.com\\\/revista\\\/\",\"name\":\"Centro Urbano\",\"description\":\"Medio especializado en los sectores vivienda, inmobiliario, construcci\u00f3n, arquitectura y urbanismo.\",\"publisher\":{\"@id\":\"https:\\\/\\\/centrourbano.com\\\/revista\\\/#organization\"},\"potentialAction\":[{\"@type\":\"SearchAction\",\"target\":{\"@type\":\"EntryPoint\",\"urlTemplate\":\"https:\\\/\\\/centrourbano.com\\\/revista\\\/?s={search_term_string}\"},\"query-input\":{\"@type\":\"PropertyValueSpecification\",\"valueRequired\":true,\"valueName\":\"search_term_string\"}}],\"inLanguage\":\"es\"},{\"@type\":\"Organization\",\"@id\":\"https:\\\/\\\/centrourbano.com\\\/revista\\\/#organization\",\"name\":\"Centro Urbano\",\"url\":\"https:\\\/\\\/centrourbano.com\\\/revista\\\/\",\"logo\":{\"@type\":\"ImageObject\",\"inLanguage\":\"es\",\"@id\":\"https:\\\/\\\/centrourbano.com\\\/revista\\\/#\\\/schema\\\/logo\\\/image\\\/\",\"url\":\"https:\\\/\\\/centrourbano.com\\\/revista\\\/wp-content\\\/uploads\\\/web_CU_logo-1.png\",\"contentUrl\":\"https:\\\/\\\/centrourbano.com\\\/revista\\\/wp-content\\\/uploads\\\/web_CU_logo-1.png\",\"width\":350,\"height\":91,\"caption\":\"Centro Urbano\"},\"image\":{\"@id\":\"https:\\\/\\\/centrourbano.com\\\/revista\\\/#\\\/schema\\\/logo\\\/image\\\/\"},\"sameAs\":[\"https:\\\/\\\/www.facebook.com\\\/portalcentrourbano\",\"https:\\\/\\\/x.com\\\/CentroUrbano\",\"https:\\\/\\\/www.instagram.com\\\/centro_urbano\\\/\",\"https:\\\/\\\/www.linkedin.com\\\/company\\\/centro-urbano\\\/\",\"http:\\\/\\\/www.youtube.com\\\/user\\\/portalcentrourbano\"]},{\"@type\":\"Person\",\"@id\":\"https:\\\/\\\/centrourbano.com\\\/revista\\\/#\\\/schema\\\/person\\\/370fa0ba2d8dd5bde3fdb8b62ad360aa\",\"name\":\"G4A\",\"image\":{\"@type\":\"ImageObject\",\"inLanguage\":\"es\",\"@id\":\"https:\\\/\\\/secure.gravatar.com\\\/avatar\\\/932a97121b13d5de5bbd8193c6c83d3b92c9eda0f39623607d4280e7a5778d97?s=96&d=mm&r=g\",\"url\":\"https:\\\/\\\/secure.gravatar.com\\\/avatar\\\/932a97121b13d5de5bbd8193c6c83d3b92c9eda0f39623607d4280e7a5778d97?s=96&d=mm&r=g\",\"contentUrl\":\"https:\\\/\\\/secure.gravatar.com\\\/avatar\\\/932a97121b13d5de5bbd8193c6c83d3b92c9eda0f39623607d4280e7a5778d97?s=96&d=mm&r=g\",\"caption\":\"G4A\"},\"url\":\"https:\\\/\\\/centrourbano.com\\\/revista\\\/author\\\/admin-g4a\\\/\"}]}<\/script>\n<!-- \/ Yoast SEO plugin. -->","yoast_head_json":{"title":"Programa de reestructura para cr\u00e9dito Fovissste inicia en enero","description":"El programa \u2018Acuerdo y Queda\u2019, con el que Fovissste impulsar\u00e1 una opci\u00f3n de reestructura para los derechohabientes, comenzar\u00e1 a...","robots":{"index":"index","follow":"follow","max-snippet":"max-snippet:-1","max-image-preview":"max-image-preview:large","max-video-preview":"max-video-preview:-1"},"canonical":"https:\/\/centrourbano.com\/revista\/vivienda\/fovissste-reestructura-credito-2\/","og_locale":"es_ES","og_type":"article","og_title":"Programa de reestructura para cr\u00e9dito Fovissste inicia en enero","og_description":"El programa \u2018Acuerdo y Queda\u2019, con el que Fovissste impulsar\u00e1 una opci\u00f3n de reestructura para los derechohabientes, comenzar\u00e1 a...","og_url":"https:\/\/centrourbano.com\/revista\/vivienda\/fovissste-reestructura-credito-2\/","og_site_name":"Centro Urbano","article_publisher":"https:\/\/www.facebook.com\/portalcentrourbano","article_published_time":"2019-12-02T19:00:22+00:00","article_modified_time":"2019-12-02T22:18:19+00:00","og_image":[{"width":800,"height":533,"url":"https:\/\/centrourbano.com\/revista\/wp-content\/uploads\/Fovissste-Acuerdo-y-Queda-Agust\u00edn-Rodr\u00edguez-e1575318454225.jpg","type":"image\/jpeg"}],"author":"G4A","twitter_card":"summary_large_image","twitter_creator":"@CentroUrbano","twitter_site":"@CentroUrbano","twitter_misc":{"Escrito por":"G4A","Tiempo de lectura":"3 minutos"},"schema":{"@context":"https:\/\/schema.org","@graph":[{"@type":"Article","@id":"https:\/\/centrourbano.com\/revista\/vivienda\/fovissste-reestructura-credito-2\/#article","isPartOf":{"@id":"https:\/\/centrourbano.com\/revista\/vivienda\/fovissste-reestructura-credito-2\/"},"author":{"name":"G4A","@id":"https:\/\/centrourbano.com\/revista\/#\/schema\/person\/370fa0ba2d8dd5bde3fdb8b62ad360aa"},"headline":"Programa de reestructura Fovissste inicia en enero","datePublished":"2019-12-02T19:00:22+00:00","dateModified":"2019-12-02T22:18:19+00:00","mainEntityOfPage":{"@id":"https:\/\/centrourbano.com\/revista\/vivienda\/fovissste-reestructura-credito-2\/"},"wordCount":617,"commentCount":0,"publisher":{"@id":"https:\/\/centrourbano.com\/revista\/#organization"},"image":{"@id":"https:\/\/centrourbano.com\/revista\/vivienda\/fovissste-reestructura-credito-2\/#primaryimage"},"thumbnailUrl":"https:\/\/centrourbano.com\/revista\/wp-content\/uploads\/Fovissste-Acuerdo-y-Queda-Agust\u00edn-Rodr\u00edguez-e1575318454225.jpg","keywords":["Agust\u00edn Rodr\u00edguez L\u00f3pez","Cr\u00e9ditos","Fovissste","Pesos","UMA","vivienda"],"articleSection":["Vivienda"],"inLanguage":"es"},{"@type":"WebPage","@id":"https:\/\/centrourbano.com\/revista\/vivienda\/fovissste-reestructura-credito-2\/","url":"https:\/\/centrourbano.com\/revista\/vivienda\/fovissste-reestructura-credito-2\/","name":"Programa de reestructura para cr\u00e9dito Fovissste inicia en enero","isPartOf":{"@id":"https:\/\/centrourbano.com\/revista\/#website"},"primaryImageOfPage":{"@id":"https:\/\/centrourbano.com\/revista\/vivienda\/fovissste-reestructura-credito-2\/#primaryimage"},"image":{"@id":"https:\/\/centrourbano.com\/revista\/vivienda\/fovissste-reestructura-credito-2\/#primaryimage"},"thumbnailUrl":"https:\/\/centrourbano.com\/revista\/wp-content\/uploads\/Fovissste-Acuerdo-y-Queda-Agust\u00edn-Rodr\u00edguez-e1575318454225.jpg","datePublished":"2019-12-02T19:00:22+00:00","dateModified":"2019-12-02T22:18:19+00:00","description":"El programa \u2018Acuerdo y Queda\u2019, con el que Fovissste impulsar\u00e1 una opci\u00f3n de reestructura para los derechohabientes, comenzar\u00e1 a...","breadcrumb":{"@id":"https:\/\/centrourbano.com\/revista\/vivienda\/fovissste-reestructura-credito-2\/#breadcrumb"},"inLanguage":"es","potentialAction":[{"@type":"ReadAction","target":["https:\/\/centrourbano.com\/revista\/vivienda\/fovissste-reestructura-credito-2\/"]}]},{"@type":"ImageObject","inLanguage":"es","@id":"https:\/\/centrourbano.com\/revista\/vivienda\/fovissste-reestructura-credito-2\/#primaryimage","url":"https:\/\/centrourbano.com\/revista\/wp-content\/uploads\/Fovissste-Acuerdo-y-Queda-Agust\u00edn-Rodr\u00edguez-e1575318454225.jpg","contentUrl":"https:\/\/centrourbano.com\/revista\/wp-content\/uploads\/Fovissste-Acuerdo-y-Queda-Agust\u00edn-Rodr\u00edguez-e1575318454225.jpg","width":800,"height":533,"caption":"Fovissste-Acuerdo y Queda-Agust\u00edn Rodr\u00edguez"},{"@type":"BreadcrumbList","@id":"https:\/\/centrourbano.com\/revista\/vivienda\/fovissste-reestructura-credito-2\/#breadcrumb","itemListElement":[{"@type":"ListItem","position":1,"name":"Portada","item":"https:\/\/centrourbano.com\/revista\/"},{"@type":"ListItem","position":2,"name":"Programa de reestructura Fovissste inicia en enero"}]},{"@type":"WebSite","@id":"https:\/\/centrourbano.com\/revista\/#website","url":"https:\/\/centrourbano.com\/revista\/","name":"Centro Urbano","description":"Medio especializado en los sectores vivienda, inmobiliario, construcci\u00f3n, arquitectura y urbanismo.","publisher":{"@id":"https:\/\/centrourbano.com\/revista\/#organization"},"potentialAction":[{"@type":"SearchAction","target":{"@type":"EntryPoint","urlTemplate":"https:\/\/centrourbano.com\/revista\/?s={search_term_string}"},"query-input":{"@type":"PropertyValueSpecification","valueRequired":true,"valueName":"search_term_string"}}],"inLanguage":"es"},{"@type":"Organization","@id":"https:\/\/centrourbano.com\/revista\/#organization","name":"Centro Urbano","url":"https:\/\/centrourbano.com\/revista\/","logo":{"@type":"ImageObject","inLanguage":"es","@id":"https:\/\/centrourbano.com\/revista\/#\/schema\/logo\/image\/","url":"https:\/\/centrourbano.com\/revista\/wp-content\/uploads\/web_CU_logo-1.png","contentUrl":"https:\/\/centrourbano.com\/revista\/wp-content\/uploads\/web_CU_logo-1.png","width":350,"height":91,"caption":"Centro Urbano"},"image":{"@id":"https:\/\/centrourbano.com\/revista\/#\/schema\/logo\/image\/"},"sameAs":["https:\/\/www.facebook.com\/portalcentrourbano","https:\/\/x.com\/CentroUrbano","https:\/\/www.instagram.com\/centro_urbano\/","https:\/\/www.linkedin.com\/company\/centro-urbano\/","http:\/\/www.youtube.com\/user\/portalcentrourbano"]},{"@type":"Person","@id":"https:\/\/centrourbano.com\/revista\/#\/schema\/person\/370fa0ba2d8dd5bde3fdb8b62ad360aa","name":"G4A","image":{"@type":"ImageObject","inLanguage":"es","@id":"https:\/\/secure.gravatar.com\/avatar\/932a97121b13d5de5bbd8193c6c83d3b92c9eda0f39623607d4280e7a5778d97?s=96&d=mm&r=g","url":"https:\/\/secure.gravatar.com\/avatar\/932a97121b13d5de5bbd8193c6c83d3b92c9eda0f39623607d4280e7a5778d97?s=96&d=mm&r=g","contentUrl":"https:\/\/secure.gravatar.com\/avatar\/932a97121b13d5de5bbd8193c6c83d3b92c9eda0f39623607d4280e7a5778d97?s=96&d=mm&r=g","caption":"G4A"},"url":"https:\/\/centrourbano.com\/revista\/author\/admin-g4a\/"}]}},"_links":{"self":[{"href":"https:\/\/centrourbano.com\/revista\/wp-json\/wp\/v2\/posts\/99808","targetHints":{"allow":["GET"]}}],"collection":[{"href":"https:\/\/centrourbano.com\/revista\/wp-json\/wp\/v2\/posts"}],"about":[{"href":"https:\/\/centrourbano.com\/revista\/wp-json\/wp\/v2\/types\/post"}],"author":[{"embeddable":true,"href":"https:\/\/centrourbano.com\/revista\/wp-json\/wp\/v2\/users\/77"}],"replies":[{"embeddable":true,"href":"https:\/\/centrourbano.com\/revista\/wp-json\/wp\/v2\/comments?post=99808"}],"version-history":[{"count":5,"href":"https:\/\/centrourbano.com\/revista\/wp-json\/wp\/v2\/posts\/99808\/revisions"}],"predecessor-version":[{"id":99822,"href":"https:\/\/centrourbano.com\/revista\/wp-json\/wp\/v2\/posts\/99808\/revisions\/99822"}],"wp:featuredmedia":[{"embeddable":true,"href":"https:\/\/centrourbano.com\/revista\/wp-json\/wp\/v2\/media\/99810"}],"wp:attachment":[{"href":"https:\/\/centrourbano.com\/revista\/wp-json\/wp\/v2\/media?parent=99808"}],"wp:term":[{"taxonomy":"category","embeddable":true,"href":"https:\/\/centrourbano.com\/revista\/wp-json\/wp\/v2\/categories?post=99808"},{"taxonomy":"post_tag","embeddable":true,"href":"https:\/\/centrourbano.com\/revista\/wp-json\/wp\/v2\/tags?post=99808"}],"curies":[{"name":"wp","href":"https:\/\/api.w.org\/{rel}","templated":true}]}}