{"id":99744,"date":"2019-12-02T11:15:39","date_gmt":"2019-12-02T17:15:39","guid":{"rendered":"https:\/\/centrourbano.com\/?p=99744"},"modified":"2019-12-02T11:15:39","modified_gmt":"2019-12-02T17:15:39","slug":"semarnat-transporte-limpio","status":"publish","type":"post","link":"https:\/\/centrourbano.com\/revista\/actualidad\/semarnat-transporte-limpio\/","title":{"rendered":"Semarnat destaca resultados del Programa de Transporte Limpio"},"content":{"rendered":"<p><em>Se han dejado de emitir 1.6 millones de toneladas de CO2 despu\u00e9s de las acciones emprendidas contra 71,000 unidades de transporte<\/em><\/p>\n<p><!--more--><\/p>\n<p>En el marco de la <strong>premiaci\u00f3n a 28 empresas transportistas y 2 compa\u00f1\u00edas generadoras de carga<\/strong>, as\u00ed como operadores, la Secretar\u00eda de Medio Ambiente y Recursos Naturales (<strong>Semarnat<\/strong>), en conjunto con la Secretar\u00eda de Comunicaciones y Transportes (<strong>SCT<\/strong>) y la\u00a0<span class=\"S3Uucc\">Comisi\u00f3n Nacional para el Uso Eficiente de la Energ\u00eda (<\/span><strong>CONUEE<\/strong>), declararon el importante efecto que tiene la alianza existente entre\u00a0dichas dependencias\u00a0y el sector automotriz.<\/p>\n<p>A trav\u00e9s de proyectos y acciones como el <strong>Programa de Transporte Limpio,\u00a0<\/strong>reconocieron que\u00a0<strong>se han dejado de emitir 1.6 millones de toneladas de CO2, <\/strong>producto de las<strong> 71,000 unidades que fueron retiradas<\/strong>. Cabe destacar que ya\u00a0<strong>se han a\u00f1adido<\/strong>\u00a0<strong>500 empresas<\/strong>.<\/p>\n<p>Con este\u00a0tipo de programas se busca contribuir a la mitigaci\u00f3n del cambio clim\u00e1tico, a mejorar la calidad del aire y con ello <strong>beneficiar la salud humana<\/strong>. Por ello,\u00a0se entiende que\u00a0el autotransporte, a pesar de\u00a0ser un factor estrat\u00e9gico para la econom\u00eda del pa\u00eds, es tambi\u00e9n un generador importante de emisiones a la atm\u00f3sfera.<\/p>\n<p>Seg\u00fan datos del <strong>Inventario Nacional de Emisiones de M\u00e9xico 2016<\/strong>, de las emisiones de veh\u00edculos automotores, el transporte de carga y pasajeros es responsable del 40% del \u00f3xido de nitr\u00f3geno, y del 87% de las part\u00edculas PM2.5. El transporte a di\u00e9sel se presenta como el responsable del 25% del total de emisiones nacionales de carbono negro.<\/p>\n<p>Durante el evento, tambi\u00e9n\u00a0se presentaron casos de \u00e9xito, donde la innovaci\u00f3n tecnol\u00f3gica, la capacitaci\u00f3n de los operadores y la administraci\u00f3n del equipo de transporte, son piezas claves para el eficiente funcionamiento del sector.<\/p>\n<p>&nbsp;<\/p>\n","protected":false},"excerpt":{"rendered":"<p>Se han dejado de emitir 1.6 millones de toneladas de CO2 despu\u00e9s de las acciones emprendidas contra 71,000 unidades de transporte<\/p>\n","protected":false},"author":75,"featured_media":99746,"comment_status":"open","ping_status":"closed","sticky":false,"template":"","format":"standard","meta":{"om_disable_all_campaigns":false,"inline_featured_image":false,"_monsterinsights_skip_tracking":false,"_monsterinsights_sitenote_active":false,"_monsterinsights_sitenote_note":"","_monsterinsights_sitenote_category":0,"footnotes":""},"categories":[80,82],"tags":[16884,849,4820,2761,16891,29,195,165,39],"class_list":["post-99744","post","type-post","status-publish","format-standard","has-post-thumbnail","hentry","category-actualidad","category-urbanismo","tag-autotransporte","tag-co2","tag-conuee","tag-emisiones","tag-programa-de-transporte-limpio","tag-sct","tag-semarnat","tag-sustentabilidad","tag-transporte"],"yoast_head":"<!-- This site is optimized with the Yoast SEO plugin v27.5 - https:\/\/yoast.com\/product\/yoast-seo-wordpress\/ -->\n<title>Reconoce la SEMARNAT a participantes destacados en el Programa de Transporte Limpio.<\/title>\n<meta name=\"description\" content=\"Se han dejado de emitir 1.6 millones de toneladas de CO2 despu\u00e9s de las acciones emprendidas contra 71 mil unidades de transporte.\" \/>\n<meta name=\"robots\" content=\"index, follow, max-snippet:-1, max-image-preview:large, max-video-preview:-1\" \/>\n<link rel=\"canonical\" href=\"https:\/\/centrourbano.com\/revista\/actualidad\/semarnat-transporte-limpio\/\" \/>\n<meta property=\"og:locale\" content=\"es_ES\" \/>\n<meta property=\"og:type\" content=\"article\" \/>\n<meta property=\"og:title\" content=\"Reconoce la SEMARNAT a participantes destacados en el Programa de Transporte Limpio.\" \/>\n<meta property=\"og:description\" content=\"Se han dejado de emitir 1.6 millones de toneladas de CO2 despu\u00e9s de las acciones emprendidas contra 71 mil unidades de transporte.\" \/>\n<meta property=\"og:url\" content=\"https:\/\/centrourbano.com\/revista\/actualidad\/semarnat-transporte-limpio\/\" \/>\n<meta property=\"og:site_name\" content=\"Centro Urbano\" \/>\n<meta property=\"article:publisher\" content=\"https:\/\/www.facebook.com\/portalcentrourbano\" \/>\n<meta property=\"article:published_time\" content=\"2019-12-02T17:15:39+00:00\" \/>\n<meta property=\"og:image\" content=\"https:\/\/centrourbano.com\/revista\/wp-content\/uploads\/transporte-limpio.jpg\" \/>\n\t<meta property=\"og:image:width\" content=\"660\" \/>\n\t<meta property=\"og:image:height\" content=\"330\" \/>\n\t<meta property=\"og:image:type\" content=\"image\/jpeg\" \/>\n<meta name=\"author\" content=\"Antonio Garc\u00eda\" \/>\n<meta name=\"twitter:card\" content=\"summary_large_image\" \/>\n<meta name=\"twitter:creator\" content=\"@https:\/\/twitter.com\/TGarper\" \/>\n<meta name=\"twitter:site\" content=\"@CentroUrbano\" \/>\n<meta name=\"twitter:label1\" content=\"Escrito por\" \/>\n\t<meta name=\"twitter:data1\" content=\"Antonio Garc\u00eda\" \/>\n\t<meta name=\"twitter:label2\" content=\"Tiempo de lectura\" \/>\n\t<meta name=\"twitter:data2\" content=\"1 minuto\" \/>\n<script type=\"application\/ld+json\" class=\"yoast-schema-graph\">{\"@context\":\"https:\\\/\\\/schema.org\",\"@graph\":[{\"@type\":\"Article\",\"@id\":\"https:\\\/\\\/centrourbano.com\\\/revista\\\/actualidad\\\/semarnat-transporte-limpio\\\/#article\",\"isPartOf\":{\"@id\":\"https:\\\/\\\/centrourbano.com\\\/revista\\\/actualidad\\\/semarnat-transporte-limpio\\\/\"},\"author\":{\"name\":\"Antonio Garc\u00eda\",\"@id\":\"https:\\\/\\\/centrourbano.com\\\/revista\\\/#\\\/schema\\\/person\\\/317fc57cd0dcfa64aa25174335bd5d1a\"},\"headline\":\"Semarnat destaca resultados del Programa de Transporte Limpio\",\"datePublished\":\"2019-12-02T17:15:39+00:00\",\"mainEntityOfPage\":{\"@id\":\"https:\\\/\\\/centrourbano.com\\\/revista\\\/actualidad\\\/semarnat-transporte-limpio\\\/\"},\"wordCount\":300,\"commentCount\":0,\"publisher\":{\"@id\":\"https:\\\/\\\/centrourbano.com\\\/revista\\\/#organization\"},\"image\":{\"@id\":\"https:\\\/\\\/centrourbano.com\\\/revista\\\/actualidad\\\/semarnat-transporte-limpio\\\/#primaryimage\"},\"thumbnailUrl\":\"https:\\\/\\\/centrourbano.com\\\/revista\\\/wp-content\\\/uploads\\\/transporte-limpio.jpg\",\"keywords\":[\"autotransporte\",\"CO2\",\"Conuee\",\"emisiones\",\"Programa de Transporte Limpio\",\"SCT\",\"Semarnat\",\"sustentabilidad\",\"transporte\"],\"articleSection\":[\"Actualidad\",\"Urbanismo\"],\"inLanguage\":\"es\",\"potentialAction\":[{\"@type\":\"CommentAction\",\"name\":\"Comment\",\"target\":[\"https:\\\/\\\/centrourbano.com\\\/revista\\\/actualidad\\\/semarnat-transporte-limpio\\\/#respond\"]}]},{\"@type\":\"WebPage\",\"@id\":\"https:\\\/\\\/centrourbano.com\\\/revista\\\/actualidad\\\/semarnat-transporte-limpio\\\/\",\"url\":\"https:\\\/\\\/centrourbano.com\\\/revista\\\/actualidad\\\/semarnat-transporte-limpio\\\/\",\"name\":\"Reconoce la SEMARNAT a participantes destacados en el Programa de Transporte Limpio.\",\"isPartOf\":{\"@id\":\"https:\\\/\\\/centrourbano.com\\\/revista\\\/#website\"},\"primaryImageOfPage\":{\"@id\":\"https:\\\/\\\/centrourbano.com\\\/revista\\\/actualidad\\\/semarnat-transporte-limpio\\\/#primaryimage\"},\"image\":{\"@id\":\"https:\\\/\\\/centrourbano.com\\\/revista\\\/actualidad\\\/semarnat-transporte-limpio\\\/#primaryimage\"},\"thumbnailUrl\":\"https:\\\/\\\/centrourbano.com\\\/revista\\\/wp-content\\\/uploads\\\/transporte-limpio.jpg\",\"datePublished\":\"2019-12-02T17:15:39+00:00\",\"description\":\"Se han dejado de emitir 1.6 millones de toneladas de CO2 despu\u00e9s de las acciones emprendidas contra 71 mil unidades de transporte.\",\"breadcrumb\":{\"@id\":\"https:\\\/\\\/centrourbano.com\\\/revista\\\/actualidad\\\/semarnat-transporte-limpio\\\/#breadcrumb\"},\"inLanguage\":\"es\",\"potentialAction\":[{\"@type\":\"ReadAction\",\"target\":[\"https:\\\/\\\/centrourbano.com\\\/revista\\\/actualidad\\\/semarnat-transporte-limpio\\\/\"]}]},{\"@type\":\"ImageObject\",\"inLanguage\":\"es\",\"@id\":\"https:\\\/\\\/centrourbano.com\\\/revista\\\/actualidad\\\/semarnat-transporte-limpio\\\/#primaryimage\",\"url\":\"https:\\\/\\\/centrourbano.com\\\/revista\\\/wp-content\\\/uploads\\\/transporte-limpio.jpg\",\"contentUrl\":\"https:\\\/\\\/centrourbano.com\\\/revista\\\/wp-content\\\/uploads\\\/transporte-limpio.jpg\",\"width\":660,\"height\":330,\"caption\":\"Se han dejado de emitir 1.6 millones de toneladas de CO2 despu\u00e9s de las acciones emprendidas contra 71 mil unidades de transporte.\"},{\"@type\":\"BreadcrumbList\",\"@id\":\"https:\\\/\\\/centrourbano.com\\\/revista\\\/actualidad\\\/semarnat-transporte-limpio\\\/#breadcrumb\",\"itemListElement\":[{\"@type\":\"ListItem\",\"position\":1,\"name\":\"Portada\",\"item\":\"https:\\\/\\\/centrourbano.com\\\/revista\\\/\"},{\"@type\":\"ListItem\",\"position\":2,\"name\":\"Semarnat destaca resultados del Programa de Transporte Limpio\"}]},{\"@type\":\"WebSite\",\"@id\":\"https:\\\/\\\/centrourbano.com\\\/revista\\\/#website\",\"url\":\"https:\\\/\\\/centrourbano.com\\\/revista\\\/\",\"name\":\"Centro Urbano\",\"description\":\"Medio especializado en los sectores vivienda, inmobiliario, construcci\u00f3n, arquitectura y urbanismo.\",\"publisher\":{\"@id\":\"https:\\\/\\\/centrourbano.com\\\/revista\\\/#organization\"},\"potentialAction\":[{\"@type\":\"SearchAction\",\"target\":{\"@type\":\"EntryPoint\",\"urlTemplate\":\"https:\\\/\\\/centrourbano.com\\\/revista\\\/?s={search_term_string}\"},\"query-input\":{\"@type\":\"PropertyValueSpecification\",\"valueRequired\":true,\"valueName\":\"search_term_string\"}}],\"inLanguage\":\"es\"},{\"@type\":\"Organization\",\"@id\":\"https:\\\/\\\/centrourbano.com\\\/revista\\\/#organization\",\"name\":\"Centro Urbano\",\"url\":\"https:\\\/\\\/centrourbano.com\\\/revista\\\/\",\"logo\":{\"@type\":\"ImageObject\",\"inLanguage\":\"es\",\"@id\":\"https:\\\/\\\/centrourbano.com\\\/revista\\\/#\\\/schema\\\/logo\\\/image\\\/\",\"url\":\"https:\\\/\\\/centrourbano.com\\\/revista\\\/wp-content\\\/uploads\\\/web_CU_logo-1.png\",\"contentUrl\":\"https:\\\/\\\/centrourbano.com\\\/revista\\\/wp-content\\\/uploads\\\/web_CU_logo-1.png\",\"width\":350,\"height\":91,\"caption\":\"Centro Urbano\"},\"image\":{\"@id\":\"https:\\\/\\\/centrourbano.com\\\/revista\\\/#\\\/schema\\\/logo\\\/image\\\/\"},\"sameAs\":[\"https:\\\/\\\/www.facebook.com\\\/portalcentrourbano\",\"https:\\\/\\\/x.com\\\/CentroUrbano\",\"https:\\\/\\\/www.instagram.com\\\/centro_urbano\\\/\",\"https:\\\/\\\/www.linkedin.com\\\/company\\\/centro-urbano\\\/\",\"http:\\\/\\\/www.youtube.com\\\/user\\\/portalcentrourbano\"]},{\"@type\":\"Person\",\"@id\":\"https:\\\/\\\/centrourbano.com\\\/revista\\\/#\\\/schema\\\/person\\\/317fc57cd0dcfa64aa25174335bd5d1a\",\"name\":\"Antonio Garc\u00eda\",\"image\":{\"@type\":\"ImageObject\",\"inLanguage\":\"es\",\"@id\":\"https:\\\/\\\/secure.gravatar.com\\\/avatar\\\/68b7fcfc82d16a702310836698db1d823c3fb3b28e1f0938164455de47d96d82?s=96&d=mm&r=g\",\"url\":\"https:\\\/\\\/secure.gravatar.com\\\/avatar\\\/68b7fcfc82d16a702310836698db1d823c3fb3b28e1f0938164455de47d96d82?s=96&d=mm&r=g\",\"contentUrl\":\"https:\\\/\\\/secure.gravatar.com\\\/avatar\\\/68b7fcfc82d16a702310836698db1d823c3fb3b28e1f0938164455de47d96d82?s=96&d=mm&r=g\",\"caption\":\"Antonio Garc\u00eda\"},\"description\":\"Integrante del equipo editorial en Centro Urbano. Egresado de la carrera de Econom\u00eda (preespecialidad en Desarrollo Regional) en el IPN y de Matem\u00e1ticas Aplicadas y Computaci\u00f3n en la UNAM. Apasionado de los temas inherentes al desarrollo urbano-regional y estudios formales -e informales- sobre la ciudad y la econom\u00eda urbana.\",\"sameAs\":[\"https:\\\/\\\/www.instagram.com\\\/caminante_en_la_ciudad\\\/?hl=es-la\",\"https:\\\/\\\/x.com\\\/https:\\\/\\\/twitter.com\\\/TGarper\"],\"url\":\"https:\\\/\\\/centrourbano.com\\\/revista\\\/author\\\/antonio-garcia\\\/\"}]}<\/script>\n<!-- \/ Yoast SEO plugin. -->","yoast_head_json":{"title":"Reconoce la SEMARNAT a participantes destacados en el Programa de Transporte Limpio.","description":"Se han dejado de emitir 1.6 millones de toneladas de CO2 despu\u00e9s de las acciones emprendidas contra 71 mil unidades de transporte.","robots":{"index":"index","follow":"follow","max-snippet":"max-snippet:-1","max-image-preview":"max-image-preview:large","max-video-preview":"max-video-preview:-1"},"canonical":"https:\/\/centrourbano.com\/revista\/actualidad\/semarnat-transporte-limpio\/","og_locale":"es_ES","og_type":"article","og_title":"Reconoce la SEMARNAT a participantes destacados en el Programa de Transporte Limpio.","og_description":"Se han dejado de emitir 1.6 millones de toneladas de CO2 despu\u00e9s de las acciones emprendidas contra 71 mil unidades de transporte.","og_url":"https:\/\/centrourbano.com\/revista\/actualidad\/semarnat-transporte-limpio\/","og_site_name":"Centro Urbano","article_publisher":"https:\/\/www.facebook.com\/portalcentrourbano","article_published_time":"2019-12-02T17:15:39+00:00","og_image":[{"width":660,"height":330,"url":"https:\/\/centrourbano.com\/revista\/wp-content\/uploads\/transporte-limpio.jpg","type":"image\/jpeg"}],"author":"Antonio Garc\u00eda","twitter_card":"summary_large_image","twitter_creator":"@https:\/\/twitter.com\/TGarper","twitter_site":"@CentroUrbano","twitter_misc":{"Escrito por":"Antonio Garc\u00eda","Tiempo de lectura":"1 minuto"},"schema":{"@context":"https:\/\/schema.org","@graph":[{"@type":"Article","@id":"https:\/\/centrourbano.com\/revista\/actualidad\/semarnat-transporte-limpio\/#article","isPartOf":{"@id":"https:\/\/centrourbano.com\/revista\/actualidad\/semarnat-transporte-limpio\/"},"author":{"name":"Antonio Garc\u00eda","@id":"https:\/\/centrourbano.com\/revista\/#\/schema\/person\/317fc57cd0dcfa64aa25174335bd5d1a"},"headline":"Semarnat destaca resultados del Programa de Transporte Limpio","datePublished":"2019-12-02T17:15:39+00:00","mainEntityOfPage":{"@id":"https:\/\/centrourbano.com\/revista\/actualidad\/semarnat-transporte-limpio\/"},"wordCount":300,"commentCount":0,"publisher":{"@id":"https:\/\/centrourbano.com\/revista\/#organization"},"image":{"@id":"https:\/\/centrourbano.com\/revista\/actualidad\/semarnat-transporte-limpio\/#primaryimage"},"thumbnailUrl":"https:\/\/centrourbano.com\/revista\/wp-content\/uploads\/transporte-limpio.jpg","keywords":["autotransporte","CO2","Conuee","emisiones","Programa de Transporte Limpio","SCT","Semarnat","sustentabilidad","transporte"],"articleSection":["Actualidad","Urbanismo"],"inLanguage":"es","potentialAction":[{"@type":"CommentAction","name":"Comment","target":["https:\/\/centrourbano.com\/revista\/actualidad\/semarnat-transporte-limpio\/#respond"]}]},{"@type":"WebPage","@id":"https:\/\/centrourbano.com\/revista\/actualidad\/semarnat-transporte-limpio\/","url":"https:\/\/centrourbano.com\/revista\/actualidad\/semarnat-transporte-limpio\/","name":"Reconoce la SEMARNAT a participantes destacados en el Programa de Transporte Limpio.","isPartOf":{"@id":"https:\/\/centrourbano.com\/revista\/#website"},"primaryImageOfPage":{"@id":"https:\/\/centrourbano.com\/revista\/actualidad\/semarnat-transporte-limpio\/#primaryimage"},"image":{"@id":"https:\/\/centrourbano.com\/revista\/actualidad\/semarnat-transporte-limpio\/#primaryimage"},"thumbnailUrl":"https:\/\/centrourbano.com\/revista\/wp-content\/uploads\/transporte-limpio.jpg","datePublished":"2019-12-02T17:15:39+00:00","description":"Se han dejado de emitir 1.6 millones de toneladas de CO2 despu\u00e9s de las acciones emprendidas contra 71 mil unidades de transporte.","breadcrumb":{"@id":"https:\/\/centrourbano.com\/revista\/actualidad\/semarnat-transporte-limpio\/#breadcrumb"},"inLanguage":"es","potentialAction":[{"@type":"ReadAction","target":["https:\/\/centrourbano.com\/revista\/actualidad\/semarnat-transporte-limpio\/"]}]},{"@type":"ImageObject","inLanguage":"es","@id":"https:\/\/centrourbano.com\/revista\/actualidad\/semarnat-transporte-limpio\/#primaryimage","url":"https:\/\/centrourbano.com\/revista\/wp-content\/uploads\/transporte-limpio.jpg","contentUrl":"https:\/\/centrourbano.com\/revista\/wp-content\/uploads\/transporte-limpio.jpg","width":660,"height":330,"caption":"Se han dejado de emitir 1.6 millones de toneladas de CO2 despu\u00e9s de las acciones emprendidas contra 71 mil unidades de transporte."},{"@type":"BreadcrumbList","@id":"https:\/\/centrourbano.com\/revista\/actualidad\/semarnat-transporte-limpio\/#breadcrumb","itemListElement":[{"@type":"ListItem","position":1,"name":"Portada","item":"https:\/\/centrourbano.com\/revista\/"},{"@type":"ListItem","position":2,"name":"Semarnat destaca resultados del Programa de Transporte Limpio"}]},{"@type":"WebSite","@id":"https:\/\/centrourbano.com\/revista\/#website","url":"https:\/\/centrourbano.com\/revista\/","name":"Centro Urbano","description":"Medio especializado en los sectores vivienda, inmobiliario, construcci\u00f3n, arquitectura y urbanismo.","publisher":{"@id":"https:\/\/centrourbano.com\/revista\/#organization"},"potentialAction":[{"@type":"SearchAction","target":{"@type":"EntryPoint","urlTemplate":"https:\/\/centrourbano.com\/revista\/?s={search_term_string}"},"query-input":{"@type":"PropertyValueSpecification","valueRequired":true,"valueName":"search_term_string"}}],"inLanguage":"es"},{"@type":"Organization","@id":"https:\/\/centrourbano.com\/revista\/#organization","name":"Centro Urbano","url":"https:\/\/centrourbano.com\/revista\/","logo":{"@type":"ImageObject","inLanguage":"es","@id":"https:\/\/centrourbano.com\/revista\/#\/schema\/logo\/image\/","url":"https:\/\/centrourbano.com\/revista\/wp-content\/uploads\/web_CU_logo-1.png","contentUrl":"https:\/\/centrourbano.com\/revista\/wp-content\/uploads\/web_CU_logo-1.png","width":350,"height":91,"caption":"Centro Urbano"},"image":{"@id":"https:\/\/centrourbano.com\/revista\/#\/schema\/logo\/image\/"},"sameAs":["https:\/\/www.facebook.com\/portalcentrourbano","https:\/\/x.com\/CentroUrbano","https:\/\/www.instagram.com\/centro_urbano\/","https:\/\/www.linkedin.com\/company\/centro-urbano\/","http:\/\/www.youtube.com\/user\/portalcentrourbano"]},{"@type":"Person","@id":"https:\/\/centrourbano.com\/revista\/#\/schema\/person\/317fc57cd0dcfa64aa25174335bd5d1a","name":"Antonio Garc\u00eda","image":{"@type":"ImageObject","inLanguage":"es","@id":"https:\/\/secure.gravatar.com\/avatar\/68b7fcfc82d16a702310836698db1d823c3fb3b28e1f0938164455de47d96d82?s=96&d=mm&r=g","url":"https:\/\/secure.gravatar.com\/avatar\/68b7fcfc82d16a702310836698db1d823c3fb3b28e1f0938164455de47d96d82?s=96&d=mm&r=g","contentUrl":"https:\/\/secure.gravatar.com\/avatar\/68b7fcfc82d16a702310836698db1d823c3fb3b28e1f0938164455de47d96d82?s=96&d=mm&r=g","caption":"Antonio Garc\u00eda"},"description":"Integrante del equipo editorial en Centro Urbano. Egresado de la carrera de Econom\u00eda (preespecialidad en Desarrollo Regional) en el IPN y de Matem\u00e1ticas Aplicadas y Computaci\u00f3n en la UNAM. Apasionado de los temas inherentes al desarrollo urbano-regional y estudios formales -e informales- sobre la ciudad y la econom\u00eda urbana.","sameAs":["https:\/\/www.instagram.com\/caminante_en_la_ciudad\/?hl=es-la","https:\/\/x.com\/https:\/\/twitter.com\/TGarper"],"url":"https:\/\/centrourbano.com\/revista\/author\/antonio-garcia\/"}]}},"_links":{"self":[{"href":"https:\/\/centrourbano.com\/revista\/wp-json\/wp\/v2\/posts\/99744","targetHints":{"allow":["GET"]}}],"collection":[{"href":"https:\/\/centrourbano.com\/revista\/wp-json\/wp\/v2\/posts"}],"about":[{"href":"https:\/\/centrourbano.com\/revista\/wp-json\/wp\/v2\/types\/post"}],"author":[{"embeddable":true,"href":"https:\/\/centrourbano.com\/revista\/wp-json\/wp\/v2\/users\/75"}],"replies":[{"embeddable":true,"href":"https:\/\/centrourbano.com\/revista\/wp-json\/wp\/v2\/comments?post=99744"}],"version-history":[{"count":3,"href":"https:\/\/centrourbano.com\/revista\/wp-json\/wp\/v2\/posts\/99744\/revisions"}],"predecessor-version":[{"id":99782,"href":"https:\/\/centrourbano.com\/revista\/wp-json\/wp\/v2\/posts\/99744\/revisions\/99782"}],"wp:featuredmedia":[{"embeddable":true,"href":"https:\/\/centrourbano.com\/revista\/wp-json\/wp\/v2\/media\/99746"}],"wp:attachment":[{"href":"https:\/\/centrourbano.com\/revista\/wp-json\/wp\/v2\/media?parent=99744"}],"wp:term":[{"taxonomy":"category","embeddable":true,"href":"https:\/\/centrourbano.com\/revista\/wp-json\/wp\/v2\/categories?post=99744"},{"taxonomy":"post_tag","embeddable":true,"href":"https:\/\/centrourbano.com\/revista\/wp-json\/wp\/v2\/tags?post=99744"}],"curies":[{"name":"wp","href":"https:\/\/api.w.org\/{rel}","templated":true}]}}