{"id":99722,"date":"2019-12-02T10:27:49","date_gmt":"2019-12-02T16:27:49","guid":{"rendered":"https:\/\/centrourbano.com\/?p=99722"},"modified":"2019-12-02T10:27:49","modified_gmt":"2019-12-02T16:27:49","slug":"fachada-contaminacion-atmosferica","status":"publish","type":"post","link":"https:\/\/centrourbano.com\/revista\/arquitectura-2\/fachada-contaminacion-atmosferica\/","title":{"rendered":"Fachada de edifico reducir\u00e1 contaminaci\u00f3n atmosf\u00e9rica en CDMX"},"content":{"rendered":"<p><em>La fachada del conjunto de departamentos LIVIX est\u00e1 hecha de cer\u00e1mica con di\u00f3xido de titanio, y reducir\u00e1 la contaminaci\u00f3n por<\/em> <em>\u00f3xido de nitr\u00f3geno<\/em><!--more--><\/p>\n<p>El <strong>complejo de departamentos LIVIX<\/strong>, ubicado en la zona de <strong>Nuevo Polanco<\/strong>, en la Ciudad de M\u00e9xico, cuenta con una <strong>fachada ecol\u00f3gica de m\u00e1s de 4,550 m\u00b2<\/strong> que promete <strong>reducir la contaminaci\u00f3n atmosf\u00e9rica<\/strong> de la metr\u00f3poli.<\/p>\n<p>La fachada del inmueble, dise\u00f1ado por el despacho<strong> JS\u00aa Arquitectura<\/strong>, liderado por el arquitecto Javier S\u00e1nchez, y construido por <strong>Grupo Marhnos,<\/strong> est\u00e1 hecha de <strong>cer\u00e1mica con di\u00f3xido de titanio (TiO2),<\/strong> con lo que contribuir\u00e1 a reducir los niveles de <strong>\u00f3xido de nitr\u00f3geno<\/strong> en la atm\u00f3sfera de la capital mexicana, uno de los gases contaminantes m\u00e1s da\u00f1inos y considerado como uno de los grandes culpables del calentamiento global.<\/p>\n<p>El <strong>TiO2<\/strong> ha sido utilizado en edificios emblem\u00e1ticos de diversas ciudades del mundo, por ejemplo, el<strong> Palazzo Italia<\/strong> para la Expo 2015 de Mil\u00e1n y la <strong>Torre de Especialidades en el Hospital Dr. Gea Gonz\u00e1lez<\/strong> en la CDMX.<\/p>\n<p>La forma en que se reduce la contaminaci\u00f3n es trav\u00e9s de un proceso similar a la fotos\u00edntesis, conocido como <strong>fotocat\u00e1lisis<\/strong>, en el que el di\u00f3xido de titanio utiliza la luz del sol y la humedad para convertir los \u00f3xidos de nitr\u00f3geno en nitratos, los cuales pueden ser absorbidos f\u00e1cilmente por las plantas.<\/p>\n<p>\u201cCon este material, no s\u00f3lo limpiamos el aire que respiramos, tambi\u00e9n nos ayuda en el ahorro de agua que se utiliza para su limpieza, pues en lugar de formar gotas que al secarse dejar\u00e1n la suciedad sobre la superficie de la baldosa, el agua crea una pel\u00edcula fina que arrastra la suciedad\u201d, explic\u00f3 <strong>Alberto M\u00e1rquez, subdirector de Arquitectura de Grupo Marhnos.<\/strong><\/p>\n<p><strong>LIVIX<\/strong>, ubicado frente al <strong>Parque Lineal Ferrocarril de Cuernavaca,<\/strong> un bosque urbano de 4.5 kil\u00f3metros de longitud, tiene m\u00e1s de <strong>52,000 m\u00b2 de construcci\u00f3n<\/strong>, en los que contar\u00e1 con diversas amenidades como una zona para mascotas, <em>coffee lounge<\/em>, espacios para co-working, \u00e1rea de juegos infantiles, un <em>family room<\/em>, as\u00ed como ludoteca y <em>science lab<\/em>.<\/p>\n<p>\u201cA trav\u00e9s de la implementaci\u00f3n de esta tecnolog\u00eda, <strong>Marhnos<\/strong> reafirma su compromiso con el medio ambiente para mejorar la calidad de vida de quienes habitan en la Ciudad de M\u00e9xico. Se trata de uno de nuestros pilares fundamentales en la construcci\u00f3n de bienestar en nuestro pa\u00eds\u201d, coment\u00f3 <strong>Ana Ximena Torres, directora de Marhnos H\u00e1bitat<\/strong> durante la inauguraci\u00f3n del showroom de <strong>LIVIX<\/strong>.<\/p>\n","protected":false},"excerpt":{"rendered":"<p>La fachada del conjunto de departamentos LIVIX est\u00e1 hecha de cer\u00e1mica con di\u00f3xido de titanio, y reducir\u00e1 la contaminaci\u00f3n por \u00f3xido de nitr\u00f3geno<\/p>\n","protected":false},"author":73,"featured_media":99727,"comment_status":"open","ping_status":"closed","sticky":false,"template":"","format":"standard","meta":{"om_disable_all_campaigns":false,"inline_featured_image":false,"_monsterinsights_skip_tracking":false,"_monsterinsights_sitenote_active":false,"_monsterinsights_sitenote_note":"","_monsterinsights_sitenote_category":0,"footnotes":""},"categories":[81],"tags":[16878,16877,16879,1576,16876],"class_list":["post-99722","post","type-post","status-publish","format-standard","has-post-thumbnail","hentry","category-arquitectura-2","tag-contaminacion-atmosferica","tag-fachada-ecologica","tag-fotocatalisis","tag-grupo-marhnos","tag-livix"],"yoast_head":"<!-- This site is optimized with the Yoast SEO plugin v27.5 - https:\/\/yoast.com\/product\/yoast-seo-wordpress\/ -->\n<title>Fachada de edifico reducir\u00e1 contaminaci\u00f3n atmosf\u00e9rica en CDMX<\/title>\n<meta name=\"description\" content=\"La fachada del conjunto de departamentos LIVIX est\u00e1 hecha de cer\u00e1mica con di\u00f3xido de titanio, y reducir\u00e1 la contaminaci\u00f3n por \u00f3xido de nitr\u00f3geno\" \/>\n<meta name=\"robots\" content=\"index, follow, max-snippet:-1, max-image-preview:large, max-video-preview:-1\" \/>\n<link rel=\"canonical\" href=\"https:\/\/centrourbano.com\/revista\/arquitectura-2\/fachada-contaminacion-atmosferica\/\" \/>\n<meta property=\"og:locale\" content=\"es_ES\" \/>\n<meta property=\"og:type\" content=\"article\" \/>\n<meta property=\"og:title\" content=\"Fachada de edifico reducir\u00e1 contaminaci\u00f3n atmosf\u00e9rica en CDMX\" \/>\n<meta property=\"og:description\" content=\"La fachada del conjunto de departamentos LIVIX est\u00e1 hecha de cer\u00e1mica con di\u00f3xido de titanio, y reducir\u00e1 la contaminaci\u00f3n por \u00f3xido de nitr\u00f3geno\" \/>\n<meta property=\"og:url\" content=\"https:\/\/centrourbano.com\/revista\/arquitectura-2\/fachada-contaminacion-atmosferica\/\" \/>\n<meta property=\"og:site_name\" content=\"Centro Urbano\" \/>\n<meta property=\"article:publisher\" content=\"https:\/\/www.facebook.com\/portalcentrourbano\" \/>\n<meta property=\"article:published_time\" content=\"2019-12-02T16:27:49+00:00\" \/>\n<meta property=\"og:image\" content=\"https:\/\/centrourbano.com\/revista\/wp-content\/uploads\/Fachada-de-edifico-reducir\u00e1-contaminaci\u00f3n-atmosf\u00e9rica-en-CDMX.jpg\" \/>\n\t<meta property=\"og:image:width\" content=\"725\" \/>\n\t<meta property=\"og:image:height\" content=\"442\" \/>\n\t<meta property=\"og:image:type\" content=\"image\/jpeg\" \/>\n<meta name=\"author\" content=\"Fernanda Hern\u00e1ndez\" \/>\n<meta name=\"twitter:card\" content=\"summary_large_image\" \/>\n<meta name=\"twitter:creator\" content=\"@https:\/\/twitter.com\/Nannz_Hernandez\" \/>\n<meta name=\"twitter:site\" content=\"@CentroUrbano\" \/>\n<meta name=\"twitter:label1\" content=\"Escrito por\" \/>\n\t<meta name=\"twitter:data1\" content=\"Fernanda Hern\u00e1ndez\" \/>\n\t<meta name=\"twitter:label2\" content=\"Tiempo de lectura\" \/>\n\t<meta name=\"twitter:data2\" content=\"2 minutos\" \/>\n<script type=\"application\/ld+json\" class=\"yoast-schema-graph\">{\"@context\":\"https:\\\/\\\/schema.org\",\"@graph\":[{\"@type\":\"Article\",\"@id\":\"https:\\\/\\\/centrourbano.com\\\/revista\\\/arquitectura-2\\\/fachada-contaminacion-atmosferica\\\/#article\",\"isPartOf\":{\"@id\":\"https:\\\/\\\/centrourbano.com\\\/revista\\\/arquitectura-2\\\/fachada-contaminacion-atmosferica\\\/\"},\"author\":{\"name\":\"Fernanda Hern\u00e1ndez\",\"@id\":\"https:\\\/\\\/centrourbano.com\\\/revista\\\/#\\\/schema\\\/person\\\/b190b20bbbceb41ec72278c546fa8df3\"},\"headline\":\"Fachada de edifico reducir\u00e1 contaminaci\u00f3n atmosf\u00e9rica en CDMX\",\"datePublished\":\"2019-12-02T16:27:49+00:00\",\"mainEntityOfPage\":{\"@id\":\"https:\\\/\\\/centrourbano.com\\\/revista\\\/arquitectura-2\\\/fachada-contaminacion-atmosferica\\\/\"},\"wordCount\":442,\"commentCount\":0,\"publisher\":{\"@id\":\"https:\\\/\\\/centrourbano.com\\\/revista\\\/#organization\"},\"image\":{\"@id\":\"https:\\\/\\\/centrourbano.com\\\/revista\\\/arquitectura-2\\\/fachada-contaminacion-atmosferica\\\/#primaryimage\"},\"thumbnailUrl\":\"https:\\\/\\\/centrourbano.com\\\/revista\\\/wp-content\\\/uploads\\\/Fachada-de-edifico-reducir\u00e1-contaminaci\u00f3n-atmosf\u00e9rica-en-CDMX.jpg\",\"keywords\":[\"Contaminaci\u00f3n atmosf\u00e9rica\",\"Fachada ecol\u00f3gica\",\"Fotocat\u00e1lisis\",\"grupo marhnos\",\"LIVIX\"],\"articleSection\":[\"Arquitectura\"],\"inLanguage\":\"es\",\"potentialAction\":[{\"@type\":\"CommentAction\",\"name\":\"Comment\",\"target\":[\"https:\\\/\\\/centrourbano.com\\\/revista\\\/arquitectura-2\\\/fachada-contaminacion-atmosferica\\\/#respond\"]}]},{\"@type\":\"WebPage\",\"@id\":\"https:\\\/\\\/centrourbano.com\\\/revista\\\/arquitectura-2\\\/fachada-contaminacion-atmosferica\\\/\",\"url\":\"https:\\\/\\\/centrourbano.com\\\/revista\\\/arquitectura-2\\\/fachada-contaminacion-atmosferica\\\/\",\"name\":\"Fachada de edifico reducir\u00e1 contaminaci\u00f3n atmosf\u00e9rica en CDMX\",\"isPartOf\":{\"@id\":\"https:\\\/\\\/centrourbano.com\\\/revista\\\/#website\"},\"primaryImageOfPage\":{\"@id\":\"https:\\\/\\\/centrourbano.com\\\/revista\\\/arquitectura-2\\\/fachada-contaminacion-atmosferica\\\/#primaryimage\"},\"image\":{\"@id\":\"https:\\\/\\\/centrourbano.com\\\/revista\\\/arquitectura-2\\\/fachada-contaminacion-atmosferica\\\/#primaryimage\"},\"thumbnailUrl\":\"https:\\\/\\\/centrourbano.com\\\/revista\\\/wp-content\\\/uploads\\\/Fachada-de-edifico-reducir\u00e1-contaminaci\u00f3n-atmosf\u00e9rica-en-CDMX.jpg\",\"datePublished\":\"2019-12-02T16:27:49+00:00\",\"description\":\"La fachada del conjunto de departamentos LIVIX est\u00e1 hecha de cer\u00e1mica con di\u00f3xido de titanio, y reducir\u00e1 la contaminaci\u00f3n por \u00f3xido de nitr\u00f3geno\",\"breadcrumb\":{\"@id\":\"https:\\\/\\\/centrourbano.com\\\/revista\\\/arquitectura-2\\\/fachada-contaminacion-atmosferica\\\/#breadcrumb\"},\"inLanguage\":\"es\",\"potentialAction\":[{\"@type\":\"ReadAction\",\"target\":[\"https:\\\/\\\/centrourbano.com\\\/revista\\\/arquitectura-2\\\/fachada-contaminacion-atmosferica\\\/\"]}]},{\"@type\":\"ImageObject\",\"inLanguage\":\"es\",\"@id\":\"https:\\\/\\\/centrourbano.com\\\/revista\\\/arquitectura-2\\\/fachada-contaminacion-atmosferica\\\/#primaryimage\",\"url\":\"https:\\\/\\\/centrourbano.com\\\/revista\\\/wp-content\\\/uploads\\\/Fachada-de-edifico-reducir\u00e1-contaminaci\u00f3n-atmosf\u00e9rica-en-CDMX.jpg\",\"contentUrl\":\"https:\\\/\\\/centrourbano.com\\\/revista\\\/wp-content\\\/uploads\\\/Fachada-de-edifico-reducir\u00e1-contaminaci\u00f3n-atmosf\u00e9rica-en-CDMX.jpg\",\"width\":725,\"height\":442,\"caption\":\"La fachada del conjunto de departamentos LIVIX est\u00e1 hecha de cer\u00e1mica con di\u00f3xido de titanio, y reducir\u00e1 la contaminaci\u00f3n por \u00f3xido de nitr\u00f3geno\"},{\"@type\":\"BreadcrumbList\",\"@id\":\"https:\\\/\\\/centrourbano.com\\\/revista\\\/arquitectura-2\\\/fachada-contaminacion-atmosferica\\\/#breadcrumb\",\"itemListElement\":[{\"@type\":\"ListItem\",\"position\":1,\"name\":\"Portada\",\"item\":\"https:\\\/\\\/centrourbano.com\\\/revista\\\/\"},{\"@type\":\"ListItem\",\"position\":2,\"name\":\"Fachada de edifico reducir\u00e1 contaminaci\u00f3n atmosf\u00e9rica en CDMX\"}]},{\"@type\":\"WebSite\",\"@id\":\"https:\\\/\\\/centrourbano.com\\\/revista\\\/#website\",\"url\":\"https:\\\/\\\/centrourbano.com\\\/revista\\\/\",\"name\":\"Centro Urbano\",\"description\":\"Medio especializado en los sectores vivienda, inmobiliario, construcci\u00f3n, arquitectura y urbanismo.\",\"publisher\":{\"@id\":\"https:\\\/\\\/centrourbano.com\\\/revista\\\/#organization\"},\"potentialAction\":[{\"@type\":\"SearchAction\",\"target\":{\"@type\":\"EntryPoint\",\"urlTemplate\":\"https:\\\/\\\/centrourbano.com\\\/revista\\\/?s={search_term_string}\"},\"query-input\":{\"@type\":\"PropertyValueSpecification\",\"valueRequired\":true,\"valueName\":\"search_term_string\"}}],\"inLanguage\":\"es\"},{\"@type\":\"Organization\",\"@id\":\"https:\\\/\\\/centrourbano.com\\\/revista\\\/#organization\",\"name\":\"Centro Urbano\",\"url\":\"https:\\\/\\\/centrourbano.com\\\/revista\\\/\",\"logo\":{\"@type\":\"ImageObject\",\"inLanguage\":\"es\",\"@id\":\"https:\\\/\\\/centrourbano.com\\\/revista\\\/#\\\/schema\\\/logo\\\/image\\\/\",\"url\":\"https:\\\/\\\/centrourbano.com\\\/revista\\\/wp-content\\\/uploads\\\/web_CU_logo-1.png\",\"contentUrl\":\"https:\\\/\\\/centrourbano.com\\\/revista\\\/wp-content\\\/uploads\\\/web_CU_logo-1.png\",\"width\":350,\"height\":91,\"caption\":\"Centro Urbano\"},\"image\":{\"@id\":\"https:\\\/\\\/centrourbano.com\\\/revista\\\/#\\\/schema\\\/logo\\\/image\\\/\"},\"sameAs\":[\"https:\\\/\\\/www.facebook.com\\\/portalcentrourbano\",\"https:\\\/\\\/x.com\\\/CentroUrbano\",\"https:\\\/\\\/www.instagram.com\\\/centro_urbano\\\/\",\"https:\\\/\\\/www.linkedin.com\\\/company\\\/centro-urbano\\\/\",\"http:\\\/\\\/www.youtube.com\\\/user\\\/portalcentrourbano\"]},{\"@type\":\"Person\",\"@id\":\"https:\\\/\\\/centrourbano.com\\\/revista\\\/#\\\/schema\\\/person\\\/b190b20bbbceb41ec72278c546fa8df3\",\"name\":\"Fernanda Hern\u00e1ndez\",\"image\":{\"@type\":\"ImageObject\",\"inLanguage\":\"es\",\"@id\":\"https:\\\/\\\/secure.gravatar.com\\\/avatar\\\/9471831fb0a24eae9d32d826a7cb8ef07c34a41520aca1a0ab1f5c0903ba49b9?s=96&d=mm&r=g\",\"url\":\"https:\\\/\\\/secure.gravatar.com\\\/avatar\\\/9471831fb0a24eae9d32d826a7cb8ef07c34a41520aca1a0ab1f5c0903ba49b9?s=96&d=mm&r=g\",\"contentUrl\":\"https:\\\/\\\/secure.gravatar.com\\\/avatar\\\/9471831fb0a24eae9d32d826a7cb8ef07c34a41520aca1a0ab1f5c0903ba49b9?s=96&d=mm&r=g\",\"caption\":\"Fernanda Hern\u00e1ndez\"},\"description\":\"Reportera y redactora en Centro Urbano. Soy egresada de la licenciatura en Ciencias de la Comunicaci\u00f3n de la Facultad de Ciencias Pol\u00edticas y Sociales (UNAM). Me interesa la cultura, el urbanismo y la arquitectura. Amante del mundo digital, el cine, la m\u00fasica, la lectura y la escritura.\",\"sameAs\":[\"https:\\\/\\\/x.com\\\/https:\\\/\\\/twitter.com\\\/Nannz_Hernandez\"],\"url\":\"https:\\\/\\\/centrourbano.com\\\/revista\\\/author\\\/fernanda-hernandez\\\/\"}]}<\/script>\n<!-- \/ Yoast SEO plugin. -->","yoast_head_json":{"title":"Fachada de edifico reducir\u00e1 contaminaci\u00f3n atmosf\u00e9rica en CDMX","description":"La fachada del conjunto de departamentos LIVIX est\u00e1 hecha de cer\u00e1mica con di\u00f3xido de titanio, y reducir\u00e1 la contaminaci\u00f3n por \u00f3xido de nitr\u00f3geno","robots":{"index":"index","follow":"follow","max-snippet":"max-snippet:-1","max-image-preview":"max-image-preview:large","max-video-preview":"max-video-preview:-1"},"canonical":"https:\/\/centrourbano.com\/revista\/arquitectura-2\/fachada-contaminacion-atmosferica\/","og_locale":"es_ES","og_type":"article","og_title":"Fachada de edifico reducir\u00e1 contaminaci\u00f3n atmosf\u00e9rica en CDMX","og_description":"La fachada del conjunto de departamentos LIVIX est\u00e1 hecha de cer\u00e1mica con di\u00f3xido de titanio, y reducir\u00e1 la contaminaci\u00f3n por \u00f3xido de nitr\u00f3geno","og_url":"https:\/\/centrourbano.com\/revista\/arquitectura-2\/fachada-contaminacion-atmosferica\/","og_site_name":"Centro Urbano","article_publisher":"https:\/\/www.facebook.com\/portalcentrourbano","article_published_time":"2019-12-02T16:27:49+00:00","og_image":[{"width":725,"height":442,"url":"https:\/\/centrourbano.com\/revista\/wp-content\/uploads\/Fachada-de-edifico-reducir\u00e1-contaminaci\u00f3n-atmosf\u00e9rica-en-CDMX.jpg","type":"image\/jpeg"}],"author":"Fernanda Hern\u00e1ndez","twitter_card":"summary_large_image","twitter_creator":"@https:\/\/twitter.com\/Nannz_Hernandez","twitter_site":"@CentroUrbano","twitter_misc":{"Escrito por":"Fernanda Hern\u00e1ndez","Tiempo de lectura":"2 minutos"},"schema":{"@context":"https:\/\/schema.org","@graph":[{"@type":"Article","@id":"https:\/\/centrourbano.com\/revista\/arquitectura-2\/fachada-contaminacion-atmosferica\/#article","isPartOf":{"@id":"https:\/\/centrourbano.com\/revista\/arquitectura-2\/fachada-contaminacion-atmosferica\/"},"author":{"name":"Fernanda Hern\u00e1ndez","@id":"https:\/\/centrourbano.com\/revista\/#\/schema\/person\/b190b20bbbceb41ec72278c546fa8df3"},"headline":"Fachada de edifico reducir\u00e1 contaminaci\u00f3n atmosf\u00e9rica en CDMX","datePublished":"2019-12-02T16:27:49+00:00","mainEntityOfPage":{"@id":"https:\/\/centrourbano.com\/revista\/arquitectura-2\/fachada-contaminacion-atmosferica\/"},"wordCount":442,"commentCount":0,"publisher":{"@id":"https:\/\/centrourbano.com\/revista\/#organization"},"image":{"@id":"https:\/\/centrourbano.com\/revista\/arquitectura-2\/fachada-contaminacion-atmosferica\/#primaryimage"},"thumbnailUrl":"https:\/\/centrourbano.com\/revista\/wp-content\/uploads\/Fachada-de-edifico-reducir\u00e1-contaminaci\u00f3n-atmosf\u00e9rica-en-CDMX.jpg","keywords":["Contaminaci\u00f3n atmosf\u00e9rica","Fachada ecol\u00f3gica","Fotocat\u00e1lisis","grupo marhnos","LIVIX"],"articleSection":["Arquitectura"],"inLanguage":"es","potentialAction":[{"@type":"CommentAction","name":"Comment","target":["https:\/\/centrourbano.com\/revista\/arquitectura-2\/fachada-contaminacion-atmosferica\/#respond"]}]},{"@type":"WebPage","@id":"https:\/\/centrourbano.com\/revista\/arquitectura-2\/fachada-contaminacion-atmosferica\/","url":"https:\/\/centrourbano.com\/revista\/arquitectura-2\/fachada-contaminacion-atmosferica\/","name":"Fachada de edifico reducir\u00e1 contaminaci\u00f3n atmosf\u00e9rica en CDMX","isPartOf":{"@id":"https:\/\/centrourbano.com\/revista\/#website"},"primaryImageOfPage":{"@id":"https:\/\/centrourbano.com\/revista\/arquitectura-2\/fachada-contaminacion-atmosferica\/#primaryimage"},"image":{"@id":"https:\/\/centrourbano.com\/revista\/arquitectura-2\/fachada-contaminacion-atmosferica\/#primaryimage"},"thumbnailUrl":"https:\/\/centrourbano.com\/revista\/wp-content\/uploads\/Fachada-de-edifico-reducir\u00e1-contaminaci\u00f3n-atmosf\u00e9rica-en-CDMX.jpg","datePublished":"2019-12-02T16:27:49+00:00","description":"La fachada del conjunto de departamentos LIVIX est\u00e1 hecha de cer\u00e1mica con di\u00f3xido de titanio, y reducir\u00e1 la contaminaci\u00f3n por \u00f3xido de nitr\u00f3geno","breadcrumb":{"@id":"https:\/\/centrourbano.com\/revista\/arquitectura-2\/fachada-contaminacion-atmosferica\/#breadcrumb"},"inLanguage":"es","potentialAction":[{"@type":"ReadAction","target":["https:\/\/centrourbano.com\/revista\/arquitectura-2\/fachada-contaminacion-atmosferica\/"]}]},{"@type":"ImageObject","inLanguage":"es","@id":"https:\/\/centrourbano.com\/revista\/arquitectura-2\/fachada-contaminacion-atmosferica\/#primaryimage","url":"https:\/\/centrourbano.com\/revista\/wp-content\/uploads\/Fachada-de-edifico-reducir\u00e1-contaminaci\u00f3n-atmosf\u00e9rica-en-CDMX.jpg","contentUrl":"https:\/\/centrourbano.com\/revista\/wp-content\/uploads\/Fachada-de-edifico-reducir\u00e1-contaminaci\u00f3n-atmosf\u00e9rica-en-CDMX.jpg","width":725,"height":442,"caption":"La fachada del conjunto de departamentos LIVIX est\u00e1 hecha de cer\u00e1mica con di\u00f3xido de titanio, y reducir\u00e1 la contaminaci\u00f3n por \u00f3xido de nitr\u00f3geno"},{"@type":"BreadcrumbList","@id":"https:\/\/centrourbano.com\/revista\/arquitectura-2\/fachada-contaminacion-atmosferica\/#breadcrumb","itemListElement":[{"@type":"ListItem","position":1,"name":"Portada","item":"https:\/\/centrourbano.com\/revista\/"},{"@type":"ListItem","position":2,"name":"Fachada de edifico reducir\u00e1 contaminaci\u00f3n atmosf\u00e9rica en CDMX"}]},{"@type":"WebSite","@id":"https:\/\/centrourbano.com\/revista\/#website","url":"https:\/\/centrourbano.com\/revista\/","name":"Centro Urbano","description":"Medio especializado en los sectores vivienda, inmobiliario, construcci\u00f3n, arquitectura y urbanismo.","publisher":{"@id":"https:\/\/centrourbano.com\/revista\/#organization"},"potentialAction":[{"@type":"SearchAction","target":{"@type":"EntryPoint","urlTemplate":"https:\/\/centrourbano.com\/revista\/?s={search_term_string}"},"query-input":{"@type":"PropertyValueSpecification","valueRequired":true,"valueName":"search_term_string"}}],"inLanguage":"es"},{"@type":"Organization","@id":"https:\/\/centrourbano.com\/revista\/#organization","name":"Centro Urbano","url":"https:\/\/centrourbano.com\/revista\/","logo":{"@type":"ImageObject","inLanguage":"es","@id":"https:\/\/centrourbano.com\/revista\/#\/schema\/logo\/image\/","url":"https:\/\/centrourbano.com\/revista\/wp-content\/uploads\/web_CU_logo-1.png","contentUrl":"https:\/\/centrourbano.com\/revista\/wp-content\/uploads\/web_CU_logo-1.png","width":350,"height":91,"caption":"Centro Urbano"},"image":{"@id":"https:\/\/centrourbano.com\/revista\/#\/schema\/logo\/image\/"},"sameAs":["https:\/\/www.facebook.com\/portalcentrourbano","https:\/\/x.com\/CentroUrbano","https:\/\/www.instagram.com\/centro_urbano\/","https:\/\/www.linkedin.com\/company\/centro-urbano\/","http:\/\/www.youtube.com\/user\/portalcentrourbano"]},{"@type":"Person","@id":"https:\/\/centrourbano.com\/revista\/#\/schema\/person\/b190b20bbbceb41ec72278c546fa8df3","name":"Fernanda Hern\u00e1ndez","image":{"@type":"ImageObject","inLanguage":"es","@id":"https:\/\/secure.gravatar.com\/avatar\/9471831fb0a24eae9d32d826a7cb8ef07c34a41520aca1a0ab1f5c0903ba49b9?s=96&d=mm&r=g","url":"https:\/\/secure.gravatar.com\/avatar\/9471831fb0a24eae9d32d826a7cb8ef07c34a41520aca1a0ab1f5c0903ba49b9?s=96&d=mm&r=g","contentUrl":"https:\/\/secure.gravatar.com\/avatar\/9471831fb0a24eae9d32d826a7cb8ef07c34a41520aca1a0ab1f5c0903ba49b9?s=96&d=mm&r=g","caption":"Fernanda Hern\u00e1ndez"},"description":"Reportera y redactora en Centro Urbano. Soy egresada de la licenciatura en Ciencias de la Comunicaci\u00f3n de la Facultad de Ciencias Pol\u00edticas y Sociales (UNAM). Me interesa la cultura, el urbanismo y la arquitectura. Amante del mundo digital, el cine, la m\u00fasica, la lectura y la escritura.","sameAs":["https:\/\/x.com\/https:\/\/twitter.com\/Nannz_Hernandez"],"url":"https:\/\/centrourbano.com\/revista\/author\/fernanda-hernandez\/"}]}},"_links":{"self":[{"href":"https:\/\/centrourbano.com\/revista\/wp-json\/wp\/v2\/posts\/99722","targetHints":{"allow":["GET"]}}],"collection":[{"href":"https:\/\/centrourbano.com\/revista\/wp-json\/wp\/v2\/posts"}],"about":[{"href":"https:\/\/centrourbano.com\/revista\/wp-json\/wp\/v2\/types\/post"}],"author":[{"embeddable":true,"href":"https:\/\/centrourbano.com\/revista\/wp-json\/wp\/v2\/users\/73"}],"replies":[{"embeddable":true,"href":"https:\/\/centrourbano.com\/revista\/wp-json\/wp\/v2\/comments?post=99722"}],"version-history":[{"count":1,"href":"https:\/\/centrourbano.com\/revista\/wp-json\/wp\/v2\/posts\/99722\/revisions"}],"predecessor-version":[{"id":99733,"href":"https:\/\/centrourbano.com\/revista\/wp-json\/wp\/v2\/posts\/99722\/revisions\/99733"}],"wp:featuredmedia":[{"embeddable":true,"href":"https:\/\/centrourbano.com\/revista\/wp-json\/wp\/v2\/media\/99727"}],"wp:attachment":[{"href":"https:\/\/centrourbano.com\/revista\/wp-json\/wp\/v2\/media?parent=99722"}],"wp:term":[{"taxonomy":"category","embeddable":true,"href":"https:\/\/centrourbano.com\/revista\/wp-json\/wp\/v2\/categories?post=99722"},{"taxonomy":"post_tag","embeddable":true,"href":"https:\/\/centrourbano.com\/revista\/wp-json\/wp\/v2\/tags?post=99722"}],"curies":[{"name":"wp","href":"https:\/\/api.w.org\/{rel}","templated":true}]}}