{"id":99680,"date":"2019-11-28T18:19:17","date_gmt":"2019-11-29T00:19:17","guid":{"rendered":"https:\/\/centrourbano.com\/?p=99680"},"modified":"2019-11-28T18:21:44","modified_gmt":"2019-11-29T00:21:44","slug":"video-torre-reforma-consumo-energetico-25","status":"publish","type":"post","link":"https:\/\/centrourbano.com\/revista\/entrevistas\/video-torre-reforma-consumo-energetico-25\/","title":{"rendered":"\u25b6\ufe0f Video | Torre Reforma, el edificio que redujo su consumo energ\u00e9tico 25%"},"content":{"rendered":"<p><iframe loading=\"lazy\" title=\"Torre Reforma, el edificio que redujo su consumo energ\u00e9tico 25%\" width=\"500\" height=\"281\" src=\"https:\/\/www.youtube.com\/embed\/W7zruIJmq8U?feature=oembed\" frameborder=\"0\" allow=\"accelerometer; autoplay; clipboard-write; encrypted-media; gyroscope; picture-in-picture; web-share\" referrerpolicy=\"strict-origin-when-cross-origin\" allowfullscreen><\/iframe><\/p>\n<p>Tras la presentaci\u00f3n de libro \u201c<strong>Torre Reforma<\/strong>\u201d, el arquitecto <strong>Benjam\u00edn Romano<\/strong> se\u00f1al\u00f3 que este rascacielos fue creado pensando en la reducci\u00f3n de consumo energ\u00e9tico, lo que lo convierte en uno de los edificios m\u00e1s sustentables.<\/p>\n","protected":false},"excerpt":{"rendered":"<p>Tras la presentaci\u00f3n de libro \u201cTorre Reforma\u201d, el arquitecto Benjam\u00edn Romano se\u00f1al\u00f3 que este rascacielos fue creado pensando en la reducci\u00f3n de consumo energ\u00e9tico, lo que lo convierte en uno de los edificios m\u00e1s sustentables.<\/p>\n","protected":false},"author":77,"featured_media":99681,"comment_status":"open","ping_status":"closed","sticky":false,"template":"","format":"video","meta":{"inline_featured_image":false,"footnotes":""},"categories":[13],"tags":[16601,14314,3731],"class_list":["post-99680","post","type-post","status-publish","format-video","has-post-thumbnail","hentry","category-entrevistas","tag-centroubranoradio","tag-benjamin-romano","tag-torre-reforma","post_format-post-format-video"],"yoast_head":"<!-- This site is optimized with the Yoast SEO plugin v28.4 - https:\/\/yoast.com\/product\/yoast-seo-wordpress\/ -->\n<title>\u25b6\ufe0f Video | Torre Reforma, el edificio que redujo su consumo energ\u00e9tico 25%<\/title>\n<meta name=\"description\" content=\"Tras la presentaci\u00f3n de libro \u201cTorre Reforma\u201d, el arquitecto Benjam\u00edn Romano se\u00f1al\u00f3 que este rascacielos fue creado pensando en la reducci\u00f3n de consumo...\" \/>\n<meta name=\"robots\" content=\"index, follow, max-snippet:-1, max-image-preview:large, max-video-preview:-1\" \/>\n<link rel=\"canonical\" href=\"https:\/\/centrourbano.com\/revista\/entrevistas\/video-torre-reforma-consumo-energetico-25\/\" \/>\n<meta property=\"og:locale\" content=\"es_ES\" \/>\n<meta property=\"og:type\" content=\"article\" \/>\n<meta property=\"og:title\" content=\"\u25b6\ufe0f Video | Torre Reforma, el edificio que redujo su consumo energ\u00e9tico 25%\" \/>\n<meta property=\"og:description\" content=\"Tras la presentaci\u00f3n de libro \u201cTorre Reforma\u201d, el arquitecto Benjam\u00edn Romano se\u00f1al\u00f3 que este rascacielos fue creado pensando en la reducci\u00f3n de consumo...\" \/>\n<meta property=\"og:url\" content=\"https:\/\/centrourbano.com\/revista\/entrevistas\/video-torre-reforma-consumo-energetico-25\/\" \/>\n<meta property=\"og:site_name\" content=\"Centro Urbano\" \/>\n<meta property=\"article:publisher\" content=\"https:\/\/www.facebook.com\/portalcentrourbano\" \/>\n<meta property=\"article:published_time\" content=\"2019-11-29T00:19:17+00:00\" \/>\n<meta property=\"article:modified_time\" content=\"2019-11-29T00:21:44+00:00\" \/>\n<meta property=\"og:image\" content=\"https:\/\/centrourbano.com\/revista\/wp-content\/uploads\/Entre-1.jpg\" \/>\n\t<meta property=\"og:image:width\" content=\"3200\" \/>\n\t<meta property=\"og:image:height\" content=\"1800\" \/>\n\t<meta property=\"og:image:type\" content=\"image\/jpeg\" \/>\n<meta name=\"author\" content=\"G4A\" \/>\n<meta name=\"twitter:card\" content=\"summary_large_image\" \/>\n<meta name=\"twitter:creator\" content=\"@CentroUrbano\" \/>\n<meta name=\"twitter:site\" content=\"@CentroUrbano\" \/>\n<meta name=\"twitter:label1\" content=\"Escrito por\" \/>\n\t<meta name=\"twitter:data1\" content=\"G4A\" \/>\n<script type=\"application\/ld+json\" class=\"yoast-schema-graph\">{\"@context\":\"https:\\\/\\\/schema.org\",\"@graph\":[{\"@type\":\"Article\",\"@id\":\"https:\\\/\\\/centrourbano.com\\\/revista\\\/entrevistas\\\/video-torre-reforma-consumo-energetico-25\\\/#article\",\"isPartOf\":{\"@id\":\"https:\\\/\\\/centrourbano.com\\\/revista\\\/entrevistas\\\/video-torre-reforma-consumo-energetico-25\\\/\"},\"author\":{\"name\":\"G4A\",\"@id\":\"https:\\\/\\\/centrourbano.com\\\/revista\\\/#\\\/schema\\\/person\\\/370fa0ba2d8dd5bde3fdb8b62ad360aa\"},\"headline\":\"\u25b6\ufe0f Video | Torre Reforma, el edificio que redujo su consumo energ\u00e9tico 25%\",\"datePublished\":\"2019-11-29T00:19:17+00:00\",\"dateModified\":\"2019-11-29T00:21:44+00:00\",\"mainEntityOfPage\":{\"@id\":\"https:\\\/\\\/centrourbano.com\\\/revista\\\/entrevistas\\\/video-torre-reforma-consumo-energetico-25\\\/\"},\"wordCount\":58,\"commentCount\":0,\"publisher\":{\"@id\":\"https:\\\/\\\/centrourbano.com\\\/revista\\\/#organization\"},\"image\":{\"@id\":\"https:\\\/\\\/centrourbano.com\\\/revista\\\/entrevistas\\\/video-torre-reforma-consumo-energetico-25\\\/#primaryimage\"},\"thumbnailUrl\":\"https:\\\/\\\/centrourbano.com\\\/revista\\\/wp-content\\\/uploads\\\/Entre-1.jpg\",\"keywords\":[\"#CentroUbranoRADIO\",\"Benjam\u00edn Romano\",\"torre Reforma\"],\"articleSection\":[\"Entrevistas\"],\"inLanguage\":\"es\"},{\"@type\":\"WebPage\",\"@id\":\"https:\\\/\\\/centrourbano.com\\\/revista\\\/entrevistas\\\/video-torre-reforma-consumo-energetico-25\\\/\",\"url\":\"https:\\\/\\\/centrourbano.com\\\/revista\\\/entrevistas\\\/video-torre-reforma-consumo-energetico-25\\\/\",\"name\":\"\u25b6\ufe0f Video | Torre Reforma, el edificio que redujo su consumo energ\u00e9tico 25%\",\"isPartOf\":{\"@id\":\"https:\\\/\\\/centrourbano.com\\\/revista\\\/#website\"},\"primaryImageOfPage\":{\"@id\":\"https:\\\/\\\/centrourbano.com\\\/revista\\\/entrevistas\\\/video-torre-reforma-consumo-energetico-25\\\/#primaryimage\"},\"image\":{\"@id\":\"https:\\\/\\\/centrourbano.com\\\/revista\\\/entrevistas\\\/video-torre-reforma-consumo-energetico-25\\\/#primaryimage\"},\"thumbnailUrl\":\"https:\\\/\\\/centrourbano.com\\\/revista\\\/wp-content\\\/uploads\\\/Entre-1.jpg\",\"datePublished\":\"2019-11-29T00:19:17+00:00\",\"dateModified\":\"2019-11-29T00:21:44+00:00\",\"description\":\"Tras la presentaci\u00f3n de libro \u201cTorre Reforma\u201d, el arquitecto Benjam\u00edn Romano se\u00f1al\u00f3 que este rascacielos fue creado pensando en la reducci\u00f3n de consumo...\",\"breadcrumb\":{\"@id\":\"https:\\\/\\\/centrourbano.com\\\/revista\\\/entrevistas\\\/video-torre-reforma-consumo-energetico-25\\\/#breadcrumb\"},\"inLanguage\":\"es\",\"potentialAction\":[{\"@type\":\"ReadAction\",\"target\":[\"https:\\\/\\\/centrourbano.com\\\/revista\\\/entrevistas\\\/video-torre-reforma-consumo-energetico-25\\\/\"]}]},{\"@type\":\"ImageObject\",\"inLanguage\":\"es\",\"@id\":\"https:\\\/\\\/centrourbano.com\\\/revista\\\/entrevistas\\\/video-torre-reforma-consumo-energetico-25\\\/#primaryimage\",\"url\":\"https:\\\/\\\/centrourbano.com\\\/revista\\\/wp-content\\\/uploads\\\/Entre-1.jpg\",\"contentUrl\":\"https:\\\/\\\/centrourbano.com\\\/revista\\\/wp-content\\\/uploads\\\/Entre-1.jpg\",\"width\":3200,\"height\":1800,\"caption\":\"Tras la presentaci\u00f3n de libro \u201cTorre Reforma\u201d, el arquitecto Benjam\u00edn Romano se\u00f1al\u00f3 que este rascacielos fue creado pensando en la reducci\u00f3n de consumo energ\u00e9tico, lo que lo convierte en uno de los edificios m\u00e1s sustentables.\"},{\"@type\":\"BreadcrumbList\",\"@id\":\"https:\\\/\\\/centrourbano.com\\\/revista\\\/entrevistas\\\/video-torre-reforma-consumo-energetico-25\\\/#breadcrumb\",\"itemListElement\":[{\"@type\":\"ListItem\",\"position\":1,\"name\":\"Portada\",\"item\":\"https:\\\/\\\/centrourbano.com\\\/revista\\\/\"},{\"@type\":\"ListItem\",\"position\":2,\"name\":\"\u25b6\ufe0f Video | Torre Reforma, el edificio que redujo su consumo energ\u00e9tico 25%\"}]},{\"@type\":\"WebSite\",\"@id\":\"https:\\\/\\\/centrourbano.com\\\/revista\\\/#website\",\"url\":\"https:\\\/\\\/centrourbano.com\\\/revista\\\/\",\"name\":\"Centro Urbano\",\"description\":\"Medio especializado en los sectores vivienda, inmobiliario, construcci\u00f3n, arquitectura y urbanismo.\",\"publisher\":{\"@id\":\"https:\\\/\\\/centrourbano.com\\\/revista\\\/#organization\"},\"potentialAction\":[{\"@type\":\"SearchAction\",\"target\":{\"@type\":\"EntryPoint\",\"urlTemplate\":\"https:\\\/\\\/centrourbano.com\\\/revista\\\/?s={search_term_string}\"},\"query-input\":{\"@type\":\"PropertyValueSpecification\",\"valueRequired\":true,\"valueName\":\"search_term_string\"}}],\"inLanguage\":\"es\"},{\"@type\":\"Organization\",\"@id\":\"https:\\\/\\\/centrourbano.com\\\/revista\\\/#organization\",\"name\":\"Centro Urbano\",\"url\":\"https:\\\/\\\/centrourbano.com\\\/revista\\\/\",\"logo\":{\"@type\":\"ImageObject\",\"inLanguage\":\"es\",\"@id\":\"https:\\\/\\\/centrourbano.com\\\/revista\\\/#\\\/schema\\\/logo\\\/image\\\/\",\"url\":\"https:\\\/\\\/centrourbano.com\\\/revista\\\/wp-content\\\/uploads\\\/web_CU_logo-1.png\",\"contentUrl\":\"https:\\\/\\\/centrourbano.com\\\/revista\\\/wp-content\\\/uploads\\\/web_CU_logo-1.png\",\"width\":350,\"height\":91,\"caption\":\"Centro Urbano\"},\"image\":{\"@id\":\"https:\\\/\\\/centrourbano.com\\\/revista\\\/#\\\/schema\\\/logo\\\/image\\\/\"},\"sameAs\":[\"https:\\\/\\\/www.facebook.com\\\/portalcentrourbano\",\"https:\\\/\\\/x.com\\\/CentroUrbano\",\"https:\\\/\\\/www.instagram.com\\\/centro_urbano\\\/\",\"https:\\\/\\\/www.linkedin.com\\\/company\\\/centro-urbano\\\/\",\"http:\\\/\\\/www.youtube.com\\\/user\\\/portalcentrourbano\"]},{\"@type\":\"Person\",\"@id\":\"https:\\\/\\\/centrourbano.com\\\/revista\\\/#\\\/schema\\\/person\\\/370fa0ba2d8dd5bde3fdb8b62ad360aa\",\"name\":\"G4A\",\"image\":{\"@type\":\"ImageObject\",\"inLanguage\":\"es\",\"@id\":\"https:\\\/\\\/secure.gravatar.com\\\/avatar\\\/932a97121b13d5de5bbd8193c6c83d3b92c9eda0f39623607d4280e7a5778d97?s=96&d=mm&r=g\",\"url\":\"https:\\\/\\\/secure.gravatar.com\\\/avatar\\\/932a97121b13d5de5bbd8193c6c83d3b92c9eda0f39623607d4280e7a5778d97?s=96&d=mm&r=g\",\"contentUrl\":\"https:\\\/\\\/secure.gravatar.com\\\/avatar\\\/932a97121b13d5de5bbd8193c6c83d3b92c9eda0f39623607d4280e7a5778d97?s=96&d=mm&r=g\",\"caption\":\"G4A\"},\"url\":\"https:\\\/\\\/centrourbano.com\\\/revista\\\/author\\\/admin-g4a\\\/\"}]}<\/script>\n<!-- \/ Yoast SEO plugin. -->","yoast_head_json":{"title":"\u25b6\ufe0f Video | Torre Reforma, el edificio que redujo su consumo energ\u00e9tico 25%","description":"Tras la presentaci\u00f3n de libro \u201cTorre Reforma\u201d, el arquitecto Benjam\u00edn Romano se\u00f1al\u00f3 que este rascacielos fue creado pensando en la reducci\u00f3n de consumo...","robots":{"index":"index","follow":"follow","max-snippet":"max-snippet:-1","max-image-preview":"max-image-preview:large","max-video-preview":"max-video-preview:-1"},"canonical":"https:\/\/centrourbano.com\/revista\/entrevistas\/video-torre-reforma-consumo-energetico-25\/","og_locale":"es_ES","og_type":"article","og_title":"\u25b6\ufe0f Video | Torre Reforma, el edificio que redujo su consumo energ\u00e9tico 25%","og_description":"Tras la presentaci\u00f3n de libro \u201cTorre Reforma\u201d, el arquitecto Benjam\u00edn Romano se\u00f1al\u00f3 que este rascacielos fue creado pensando en la reducci\u00f3n de consumo...","og_url":"https:\/\/centrourbano.com\/revista\/entrevistas\/video-torre-reforma-consumo-energetico-25\/","og_site_name":"Centro Urbano","article_publisher":"https:\/\/www.facebook.com\/portalcentrourbano","article_published_time":"2019-11-29T00:19:17+00:00","article_modified_time":"2019-11-29T00:21:44+00:00","og_image":[{"width":3200,"height":1800,"url":"https:\/\/centrourbano.com\/revista\/wp-content\/uploads\/Entre-1.jpg","type":"image\/jpeg"}],"author":"G4A","twitter_card":"summary_large_image","twitter_creator":"@CentroUrbano","twitter_site":"@CentroUrbano","twitter_misc":{"Escrito por":"G4A"},"schema":{"@context":"https:\/\/schema.org","@graph":[{"@type":"Article","@id":"https:\/\/centrourbano.com\/revista\/entrevistas\/video-torre-reforma-consumo-energetico-25\/#article","isPartOf":{"@id":"https:\/\/centrourbano.com\/revista\/entrevistas\/video-torre-reforma-consumo-energetico-25\/"},"author":{"name":"G4A","@id":"https:\/\/centrourbano.com\/revista\/#\/schema\/person\/370fa0ba2d8dd5bde3fdb8b62ad360aa"},"headline":"\u25b6\ufe0f Video | Torre Reforma, el edificio que redujo su consumo energ\u00e9tico 25%","datePublished":"2019-11-29T00:19:17+00:00","dateModified":"2019-11-29T00:21:44+00:00","mainEntityOfPage":{"@id":"https:\/\/centrourbano.com\/revista\/entrevistas\/video-torre-reforma-consumo-energetico-25\/"},"wordCount":58,"commentCount":0,"publisher":{"@id":"https:\/\/centrourbano.com\/revista\/#organization"},"image":{"@id":"https:\/\/centrourbano.com\/revista\/entrevistas\/video-torre-reforma-consumo-energetico-25\/#primaryimage"},"thumbnailUrl":"https:\/\/centrourbano.com\/revista\/wp-content\/uploads\/Entre-1.jpg","keywords":["#CentroUbranoRADIO","Benjam\u00edn Romano","torre Reforma"],"articleSection":["Entrevistas"],"inLanguage":"es"},{"@type":"WebPage","@id":"https:\/\/centrourbano.com\/revista\/entrevistas\/video-torre-reforma-consumo-energetico-25\/","url":"https:\/\/centrourbano.com\/revista\/entrevistas\/video-torre-reforma-consumo-energetico-25\/","name":"\u25b6\ufe0f Video | Torre Reforma, el edificio que redujo su consumo energ\u00e9tico 25%","isPartOf":{"@id":"https:\/\/centrourbano.com\/revista\/#website"},"primaryImageOfPage":{"@id":"https:\/\/centrourbano.com\/revista\/entrevistas\/video-torre-reforma-consumo-energetico-25\/#primaryimage"},"image":{"@id":"https:\/\/centrourbano.com\/revista\/entrevistas\/video-torre-reforma-consumo-energetico-25\/#primaryimage"},"thumbnailUrl":"https:\/\/centrourbano.com\/revista\/wp-content\/uploads\/Entre-1.jpg","datePublished":"2019-11-29T00:19:17+00:00","dateModified":"2019-11-29T00:21:44+00:00","description":"Tras la presentaci\u00f3n de libro \u201cTorre Reforma\u201d, el arquitecto Benjam\u00edn Romano se\u00f1al\u00f3 que este rascacielos fue creado pensando en la reducci\u00f3n de consumo...","breadcrumb":{"@id":"https:\/\/centrourbano.com\/revista\/entrevistas\/video-torre-reforma-consumo-energetico-25\/#breadcrumb"},"inLanguage":"es","potentialAction":[{"@type":"ReadAction","target":["https:\/\/centrourbano.com\/revista\/entrevistas\/video-torre-reforma-consumo-energetico-25\/"]}]},{"@type":"ImageObject","inLanguage":"es","@id":"https:\/\/centrourbano.com\/revista\/entrevistas\/video-torre-reforma-consumo-energetico-25\/#primaryimage","url":"https:\/\/centrourbano.com\/revista\/wp-content\/uploads\/Entre-1.jpg","contentUrl":"https:\/\/centrourbano.com\/revista\/wp-content\/uploads\/Entre-1.jpg","width":3200,"height":1800,"caption":"Tras la presentaci\u00f3n de libro \u201cTorre Reforma\u201d, el arquitecto Benjam\u00edn Romano se\u00f1al\u00f3 que este rascacielos fue creado pensando en la reducci\u00f3n de consumo energ\u00e9tico, lo que lo convierte en uno de los edificios m\u00e1s sustentables."},{"@type":"BreadcrumbList","@id":"https:\/\/centrourbano.com\/revista\/entrevistas\/video-torre-reforma-consumo-energetico-25\/#breadcrumb","itemListElement":[{"@type":"ListItem","position":1,"name":"Portada","item":"https:\/\/centrourbano.com\/revista\/"},{"@type":"ListItem","position":2,"name":"\u25b6\ufe0f Video | Torre Reforma, el edificio que redujo su consumo energ\u00e9tico 25%"}]},{"@type":"WebSite","@id":"https:\/\/centrourbano.com\/revista\/#website","url":"https:\/\/centrourbano.com\/revista\/","name":"Centro Urbano","description":"Medio especializado en los sectores vivienda, inmobiliario, construcci\u00f3n, arquitectura y urbanismo.","publisher":{"@id":"https:\/\/centrourbano.com\/revista\/#organization"},"potentialAction":[{"@type":"SearchAction","target":{"@type":"EntryPoint","urlTemplate":"https:\/\/centrourbano.com\/revista\/?s={search_term_string}"},"query-input":{"@type":"PropertyValueSpecification","valueRequired":true,"valueName":"search_term_string"}}],"inLanguage":"es"},{"@type":"Organization","@id":"https:\/\/centrourbano.com\/revista\/#organization","name":"Centro Urbano","url":"https:\/\/centrourbano.com\/revista\/","logo":{"@type":"ImageObject","inLanguage":"es","@id":"https:\/\/centrourbano.com\/revista\/#\/schema\/logo\/image\/","url":"https:\/\/centrourbano.com\/revista\/wp-content\/uploads\/web_CU_logo-1.png","contentUrl":"https:\/\/centrourbano.com\/revista\/wp-content\/uploads\/web_CU_logo-1.png","width":350,"height":91,"caption":"Centro Urbano"},"image":{"@id":"https:\/\/centrourbano.com\/revista\/#\/schema\/logo\/image\/"},"sameAs":["https:\/\/www.facebook.com\/portalcentrourbano","https:\/\/x.com\/CentroUrbano","https:\/\/www.instagram.com\/centro_urbano\/","https:\/\/www.linkedin.com\/company\/centro-urbano\/","http:\/\/www.youtube.com\/user\/portalcentrourbano"]},{"@type":"Person","@id":"https:\/\/centrourbano.com\/revista\/#\/schema\/person\/370fa0ba2d8dd5bde3fdb8b62ad360aa","name":"G4A","image":{"@type":"ImageObject","inLanguage":"es","@id":"https:\/\/secure.gravatar.com\/avatar\/932a97121b13d5de5bbd8193c6c83d3b92c9eda0f39623607d4280e7a5778d97?s=96&d=mm&r=g","url":"https:\/\/secure.gravatar.com\/avatar\/932a97121b13d5de5bbd8193c6c83d3b92c9eda0f39623607d4280e7a5778d97?s=96&d=mm&r=g","contentUrl":"https:\/\/secure.gravatar.com\/avatar\/932a97121b13d5de5bbd8193c6c83d3b92c9eda0f39623607d4280e7a5778d97?s=96&d=mm&r=g","caption":"G4A"},"url":"https:\/\/centrourbano.com\/revista\/author\/admin-g4a\/"}]}},"_links":{"self":[{"href":"https:\/\/centrourbano.com\/revista\/wp-json\/wp\/v2\/posts\/99680","targetHints":{"allow":["GET"]}}],"collection":[{"href":"https:\/\/centrourbano.com\/revista\/wp-json\/wp\/v2\/posts"}],"about":[{"href":"https:\/\/centrourbano.com\/revista\/wp-json\/wp\/v2\/types\/post"}],"author":[{"embeddable":true,"href":"https:\/\/centrourbano.com\/revista\/wp-json\/wp\/v2\/users\/77"}],"replies":[{"embeddable":true,"href":"https:\/\/centrourbano.com\/revista\/wp-json\/wp\/v2\/comments?post=99680"}],"version-history":[{"count":3,"href":"https:\/\/centrourbano.com\/revista\/wp-json\/wp\/v2\/posts\/99680\/revisions"}],"predecessor-version":[{"id":99684,"href":"https:\/\/centrourbano.com\/revista\/wp-json\/wp\/v2\/posts\/99680\/revisions\/99684"}],"wp:featuredmedia":[{"embeddable":true,"href":"https:\/\/centrourbano.com\/revista\/wp-json\/wp\/v2\/media\/99681"}],"wp:attachment":[{"href":"https:\/\/centrourbano.com\/revista\/wp-json\/wp\/v2\/media?parent=99680"}],"wp:term":[{"taxonomy":"category","embeddable":true,"href":"https:\/\/centrourbano.com\/revista\/wp-json\/wp\/v2\/categories?post=99680"},{"taxonomy":"post_tag","embeddable":true,"href":"https:\/\/centrourbano.com\/revista\/wp-json\/wp\/v2\/tags?post=99680"}],"curies":[{"name":"wp","href":"https:\/\/api.w.org\/{rel}","templated":true}]}}