{"id":99675,"date":"2019-11-28T17:31:25","date_gmt":"2019-11-28T23:31:25","guid":{"rendered":"https:\/\/centrourbano.com\/?p=99675"},"modified":"2019-11-28T17:32:02","modified_gmt":"2019-11-28T23:32:02","slug":"cdmx-aumento-precios-vivienda","status":"publish","type":"post","link":"https:\/\/centrourbano.com\/revista\/vivienda\/cdmx-aumento-precios-vivienda\/","title":{"rendered":"CDMX, la segunda urbe latina con el mayor aumento en precios de vivienda"},"content":{"rendered":"<p><em>La\u00a0CDMX se mantiene como la quinta m\u00e1s cara en precios de vivienda por m2 en AL<\/em><!--more--><\/p>\n<p>La <strong>Ciudad de M\u00e9xico<\/strong> (CDMX) y <strong>Monterrey<\/strong> se colocaron entre las<strong> tres ciudades latinas<\/strong> con el <strong>mayor aumento en los precios de vivienda<\/strong>. Mientras en la regi\u00f3n se observ\u00f3 <strong>una disminuci\u00f3n de 2%<\/strong> en el costo de vivienda por metro cuadrado (m2) entre marzo y septiembre, en estas dos urbes se registr\u00f3 un <strong>aumento<\/strong> de 2.6 y 1.2%, respectivamente.<\/p>\n<p>De acuerdo con el reporte del <strong>Centro de Investigaci\u00f3n en Finanzas<\/strong> (CIF) de la <strong>Universidad Torcuato Di Tella de Argentina<\/strong>, publicado en octubre, <strong>Santiago de Chile<\/strong> se ubic\u00f3 como la ciudad con el mayor aumento en los precios de vivienda. En esta urbe sudamericana, el costo <strong>se elev\u00f3 11 por ciento<\/strong>.<\/p>\n<p>Cabe destacar que esta medici\u00f3n toma como punto de referencia el valor de las propiedades en <strong>d\u00f3lares nominales<\/strong>. En esta l\u00f3gica, <strong>Guadalajara<\/strong> se posiciona como la ciudad con la mayor ca\u00edda. En este caso, la baja se ubic\u00f3 en 17.8 por ciento.<\/p>\n<p>\u201cMedido en d\u00f3lares nominales, las ciudades\u00a0con mayor aumento del precio son Santiago de Chile (11,0%); CDMX (2,6%) y Monterrey (1,2%). Por su parte, las mayores ca\u00eddas se dieron en Guadalajara (-17,8%), R\u00edo de Janeiro (-7,2%) y Bogot\u00e1 (-7,0%). Valuado en moneda local real, las ciudades con mayores incrementos son Santiago de Chile (17,6%), Rosario (11,9%) y C\u00f3rdoba (9,8%). Las mayores ca\u00eddas fueron en Guadalajara (-16,8%), Ciudad de Panam\u00e1 (-2,5%) y Quito (-1,4%)\u201d.<\/p>\n<h2>Variaciones en CDMX con moneda local<\/h2>\n<p>El documento presentado se\u00f1ala que, medido en<strong> moneda real de cada pa\u00eds<\/strong>, en la regi\u00f3n se registr\u00f3 un aumento en el valor de las propiedades. As\u00ed, en las ciudades objeto de estudio, el valor promedio de la vivienda <strong>creci\u00f3 3.2% en promedio<\/strong>.<\/p>\n<p>Al respecto, la <strong>CDMX<\/strong> se ubic\u00f3 como <strong>la s\u00e9ptima ciudad con el mayor aumento<\/strong> en los costos de vivienda. As\u00ed, en la capital mexicana, se observ\u00f3 un<strong> incremento de 4 por ciento<\/strong>. En el caso de <strong>Monterrey<\/strong>, el alza registrada fue de 2.5%, lo que la ubic\u00f3 en la posici\u00f3n ocho. Por el contrario, Guadalajara obtuvo una baja de 16.8%, lo que la coloca como la ciudad latinoamericana con la mayor baja en los precios.<\/p>\n<p>\u201cEn promedio, los precios bajaron 2,0% en d\u00f3lares nominales, 2,9% en d\u00f3lares reales y subieron 3,2% en moneda local real. O sea, la cantidad necesaria para adquirir un m\u00b2 baj\u00f3 en d\u00f3lares billete y en d\u00f3lares ajustados por inflaci\u00f3n de EEUU, y subi\u00f3 en moneda local ajustada por inflaci\u00f3n\u201d.<\/p>\n<p>Es importante mencionar que el <a href=\"https:\/\/www.utdt.edu\/\" target=\"_blank\" rel=\"noopener noreferrer\">estudio <\/a>presenta los resultados observados en<strong> 14 ciudades de 9 pa\u00edses<\/strong> de Am\u00e9rica Latina. La informaci\u00f3n se retoma de empresas locales dedicadas al corretaje inmobiliario; como Inmuebles 24 en el caso de M\u00e9xico.<\/p>\n<p>Con ello, la Ciudad de M\u00e9xico<a href=\"https:\/\/centrourbano.com\/2019\/06\/24\/cdmx-quinta-mas-cara\/\" target=\"_blank\" rel=\"noopener noreferrer\"> se mantiene <\/a>como la quinta ciudad latinoamericana m\u00e1s cara para comprar vivienda.<\/p>\n<p>&nbsp;<\/p>\n<a href=\"https:\/\/centrourbano.com\/revista\/wp-content\/uploads\/Precios-CDMX-AL.png\" target=\"_blank\" rel=\"noopener noreferrer\"><img loading=\"lazy\" decoding=\"async\" class=\"aligncenter wp-image-99676\" title=\"Precios-CDMX-Vivienda-AL\" src=\"https:\/\/centrourbano.com\/revista\/wp-content\/uploads\/Precios-CDMX-AL-1024x691.png\" alt=\"Precios-CDMX-Vivienda-AL\" width=\"600\" height=\"405\" srcset=\"https:\/\/centrourbano.com\/revista\/wp-content\/uploads\/Precios-CDMX-AL-1024x691.png 1024w, https:\/\/centrourbano.com\/revista\/wp-content\/uploads\/Precios-CDMX-AL-300x202.png 300w, https:\/\/centrourbano.com\/revista\/wp-content\/uploads\/Precios-CDMX-AL-768x518.png 768w, https:\/\/centrourbano.com\/revista\/wp-content\/uploads\/Precios-CDMX-AL.png 1033w\" sizes=\"auto, (max-width: 600px) 100vw, 600px\" \/><\/a>\n","protected":false},"excerpt":{"rendered":"<p>La\u00a0CDMX se mantiene como la quinta m\u00e1s cara en precios de vivienda por m2 en AL<\/p>\n","protected":false},"author":77,"featured_media":99677,"comment_status":"open","ping_status":"closed","sticky":false,"template":"","format":"standard","meta":{"inline_featured_image":false,"footnotes":""},"categories":[12],"tags":[606,290,10548,2425,16863,60],"class_list":["post-99675","post","type-post","status-publish","format-standard","has-post-thumbnail","hentry","category-vivienda","tag-cdmx","tag-ciudad-de-mexico","tag-m2","tag-precio","tag-universidad-torcuato-di-tella-de-argentina","tag-vivienda-2"],"yoast_head":"<!-- This site is optimized with the Yoast SEO plugin v28.4 - https:\/\/yoast.com\/product\/yoast-seo-wordpress\/ -->\n<title>CDMX, la segunda urbe latina con el mayor aumento en costo de vivienda<\/title>\n<meta name=\"description\" content=\"La Ciudad de M\u00e9xico (CDMX) y Monterrey se colocaron entre las tres ciudades latinoamericanas con el mayor aumento en los precios de vivienda durante el...\" \/>\n<meta name=\"robots\" content=\"index, follow, max-snippet:-1, max-image-preview:large, max-video-preview:-1\" \/>\n<link rel=\"canonical\" href=\"https:\/\/centrourbano.com\/revista\/vivienda\/cdmx-aumento-precios-vivienda\/\" \/>\n<meta property=\"og:locale\" content=\"es_ES\" \/>\n<meta property=\"og:type\" content=\"article\" \/>\n<meta property=\"og:title\" content=\"CDMX, la segunda urbe latina con el mayor aumento en costo de vivienda\" \/>\n<meta property=\"og:description\" content=\"La Ciudad de M\u00e9xico (CDMX) y Monterrey se colocaron entre las tres ciudades latinoamericanas con el mayor aumento en los precios de vivienda durante el...\" \/>\n<meta property=\"og:url\" content=\"https:\/\/centrourbano.com\/revista\/vivienda\/cdmx-aumento-precios-vivienda\/\" \/>\n<meta property=\"og:site_name\" content=\"Centro Urbano\" \/>\n<meta property=\"article:publisher\" content=\"https:\/\/www.facebook.com\/portalcentrourbano\" \/>\n<meta property=\"article:published_time\" content=\"2019-11-28T23:31:25+00:00\" \/>\n<meta property=\"article:modified_time\" content=\"2019-11-28T23:32:02+00:00\" \/>\n<meta property=\"og:image\" content=\"https:\/\/centrourbano.com\/revista\/wp-content\/uploads\/CDMX-Precios-de-Vivienda-Ciudades-Latinas-e1574983441886.jpg\" \/>\n\t<meta property=\"og:image:width\" content=\"800\" \/>\n\t<meta property=\"og:image:height\" content=\"461\" \/>\n\t<meta property=\"og:image:type\" content=\"image\/jpeg\" \/>\n<meta name=\"author\" content=\"G4A\" \/>\n<meta name=\"twitter:card\" content=\"summary_large_image\" \/>\n<meta name=\"twitter:creator\" content=\"@CentroUrbano\" \/>\n<meta name=\"twitter:site\" content=\"@CentroUrbano\" \/>\n<meta name=\"twitter:label1\" content=\"Escrito por\" \/>\n\t<meta name=\"twitter:data1\" content=\"G4A\" \/>\n\t<meta name=\"twitter:label2\" content=\"Tiempo de lectura\" \/>\n\t<meta name=\"twitter:data2\" content=\"2 minutos\" \/>\n<script type=\"application\/ld+json\" class=\"yoast-schema-graph\">{\"@context\":\"https:\\\/\\\/schema.org\",\"@graph\":[{\"@type\":\"Article\",\"@id\":\"https:\\\/\\\/centrourbano.com\\\/revista\\\/vivienda\\\/cdmx-aumento-precios-vivienda\\\/#article\",\"isPartOf\":{\"@id\":\"https:\\\/\\\/centrourbano.com\\\/revista\\\/vivienda\\\/cdmx-aumento-precios-vivienda\\\/\"},\"author\":{\"name\":\"G4A\",\"@id\":\"https:\\\/\\\/centrourbano.com\\\/revista\\\/#\\\/schema\\\/person\\\/370fa0ba2d8dd5bde3fdb8b62ad360aa\"},\"headline\":\"CDMX, la segunda urbe latina con el mayor aumento en precios de vivienda\",\"datePublished\":\"2019-11-28T23:31:25+00:00\",\"dateModified\":\"2019-11-28T23:32:02+00:00\",\"mainEntityOfPage\":{\"@id\":\"https:\\\/\\\/centrourbano.com\\\/revista\\\/vivienda\\\/cdmx-aumento-precios-vivienda\\\/\"},\"wordCount\":494,\"commentCount\":0,\"publisher\":{\"@id\":\"https:\\\/\\\/centrourbano.com\\\/revista\\\/#organization\"},\"image\":{\"@id\":\"https:\\\/\\\/centrourbano.com\\\/revista\\\/vivienda\\\/cdmx-aumento-precios-vivienda\\\/#primaryimage\"},\"thumbnailUrl\":\"https:\\\/\\\/centrourbano.com\\\/revista\\\/wp-content\\\/uploads\\\/CDMX-Precios-de-Vivienda-Ciudades-Latinas-e1574983441886.jpg\",\"keywords\":[\"CDMX\",\"ciudad de M\u00e9xico\",\"m2\",\"precio\",\"Universidad Torcuato Di Tella de Argentina\",\"vivienda\"],\"articleSection\":[\"Vivienda\"],\"inLanguage\":\"es\"},{\"@type\":\"WebPage\",\"@id\":\"https:\\\/\\\/centrourbano.com\\\/revista\\\/vivienda\\\/cdmx-aumento-precios-vivienda\\\/\",\"url\":\"https:\\\/\\\/centrourbano.com\\\/revista\\\/vivienda\\\/cdmx-aumento-precios-vivienda\\\/\",\"name\":\"CDMX, la segunda urbe latina con el mayor aumento en costo de vivienda\",\"isPartOf\":{\"@id\":\"https:\\\/\\\/centrourbano.com\\\/revista\\\/#website\"},\"primaryImageOfPage\":{\"@id\":\"https:\\\/\\\/centrourbano.com\\\/revista\\\/vivienda\\\/cdmx-aumento-precios-vivienda\\\/#primaryimage\"},\"image\":{\"@id\":\"https:\\\/\\\/centrourbano.com\\\/revista\\\/vivienda\\\/cdmx-aumento-precios-vivienda\\\/#primaryimage\"},\"thumbnailUrl\":\"https:\\\/\\\/centrourbano.com\\\/revista\\\/wp-content\\\/uploads\\\/CDMX-Precios-de-Vivienda-Ciudades-Latinas-e1574983441886.jpg\",\"datePublished\":\"2019-11-28T23:31:25+00:00\",\"dateModified\":\"2019-11-28T23:32:02+00:00\",\"description\":\"La Ciudad de M\u00e9xico (CDMX) y Monterrey se colocaron entre las tres ciudades latinoamericanas con el mayor aumento en los precios de vivienda durante el...\",\"breadcrumb\":{\"@id\":\"https:\\\/\\\/centrourbano.com\\\/revista\\\/vivienda\\\/cdmx-aumento-precios-vivienda\\\/#breadcrumb\"},\"inLanguage\":\"es\",\"potentialAction\":[{\"@type\":\"ReadAction\",\"target\":[\"https:\\\/\\\/centrourbano.com\\\/revista\\\/vivienda\\\/cdmx-aumento-precios-vivienda\\\/\"]}]},{\"@type\":\"ImageObject\",\"inLanguage\":\"es\",\"@id\":\"https:\\\/\\\/centrourbano.com\\\/revista\\\/vivienda\\\/cdmx-aumento-precios-vivienda\\\/#primaryimage\",\"url\":\"https:\\\/\\\/centrourbano.com\\\/revista\\\/wp-content\\\/uploads\\\/CDMX-Precios-de-Vivienda-Ciudades-Latinas-e1574983441886.jpg\",\"contentUrl\":\"https:\\\/\\\/centrourbano.com\\\/revista\\\/wp-content\\\/uploads\\\/CDMX-Precios-de-Vivienda-Ciudades-Latinas-e1574983441886.jpg\",\"width\":800,\"height\":461,\"caption\":\"CDMX-Precios-de-Vivienda-Ciudades-Latinas\"},{\"@type\":\"BreadcrumbList\",\"@id\":\"https:\\\/\\\/centrourbano.com\\\/revista\\\/vivienda\\\/cdmx-aumento-precios-vivienda\\\/#breadcrumb\",\"itemListElement\":[{\"@type\":\"ListItem\",\"position\":1,\"name\":\"Portada\",\"item\":\"https:\\\/\\\/centrourbano.com\\\/revista\\\/\"},{\"@type\":\"ListItem\",\"position\":2,\"name\":\"CDMX, la segunda urbe latina con el mayor aumento en precios de vivienda\"}]},{\"@type\":\"WebSite\",\"@id\":\"https:\\\/\\\/centrourbano.com\\\/revista\\\/#website\",\"url\":\"https:\\\/\\\/centrourbano.com\\\/revista\\\/\",\"name\":\"Centro Urbano\",\"description\":\"Medio especializado en los sectores vivienda, inmobiliario, construcci\u00f3n, arquitectura y urbanismo.\",\"publisher\":{\"@id\":\"https:\\\/\\\/centrourbano.com\\\/revista\\\/#organization\"},\"potentialAction\":[{\"@type\":\"SearchAction\",\"target\":{\"@type\":\"EntryPoint\",\"urlTemplate\":\"https:\\\/\\\/centrourbano.com\\\/revista\\\/?s={search_term_string}\"},\"query-input\":{\"@type\":\"PropertyValueSpecification\",\"valueRequired\":true,\"valueName\":\"search_term_string\"}}],\"inLanguage\":\"es\"},{\"@type\":\"Organization\",\"@id\":\"https:\\\/\\\/centrourbano.com\\\/revista\\\/#organization\",\"name\":\"Centro Urbano\",\"url\":\"https:\\\/\\\/centrourbano.com\\\/revista\\\/\",\"logo\":{\"@type\":\"ImageObject\",\"inLanguage\":\"es\",\"@id\":\"https:\\\/\\\/centrourbano.com\\\/revista\\\/#\\\/schema\\\/logo\\\/image\\\/\",\"url\":\"https:\\\/\\\/centrourbano.com\\\/revista\\\/wp-content\\\/uploads\\\/web_CU_logo-1.png\",\"contentUrl\":\"https:\\\/\\\/centrourbano.com\\\/revista\\\/wp-content\\\/uploads\\\/web_CU_logo-1.png\",\"width\":350,\"height\":91,\"caption\":\"Centro Urbano\"},\"image\":{\"@id\":\"https:\\\/\\\/centrourbano.com\\\/revista\\\/#\\\/schema\\\/logo\\\/image\\\/\"},\"sameAs\":[\"https:\\\/\\\/www.facebook.com\\\/portalcentrourbano\",\"https:\\\/\\\/x.com\\\/CentroUrbano\",\"https:\\\/\\\/www.instagram.com\\\/centro_urbano\\\/\",\"https:\\\/\\\/www.linkedin.com\\\/company\\\/centro-urbano\\\/\",\"http:\\\/\\\/www.youtube.com\\\/user\\\/portalcentrourbano\"]},{\"@type\":\"Person\",\"@id\":\"https:\\\/\\\/centrourbano.com\\\/revista\\\/#\\\/schema\\\/person\\\/370fa0ba2d8dd5bde3fdb8b62ad360aa\",\"name\":\"G4A\",\"image\":{\"@type\":\"ImageObject\",\"inLanguage\":\"es\",\"@id\":\"https:\\\/\\\/secure.gravatar.com\\\/avatar\\\/932a97121b13d5de5bbd8193c6c83d3b92c9eda0f39623607d4280e7a5778d97?s=96&d=mm&r=g\",\"url\":\"https:\\\/\\\/secure.gravatar.com\\\/avatar\\\/932a97121b13d5de5bbd8193c6c83d3b92c9eda0f39623607d4280e7a5778d97?s=96&d=mm&r=g\",\"contentUrl\":\"https:\\\/\\\/secure.gravatar.com\\\/avatar\\\/932a97121b13d5de5bbd8193c6c83d3b92c9eda0f39623607d4280e7a5778d97?s=96&d=mm&r=g\",\"caption\":\"G4A\"},\"url\":\"https:\\\/\\\/centrourbano.com\\\/revista\\\/author\\\/admin-g4a\\\/\"}]}<\/script>\n<!-- \/ Yoast SEO plugin. -->","yoast_head_json":{"title":"CDMX, la segunda urbe latina con el mayor aumento en costo de vivienda","description":"La Ciudad de M\u00e9xico (CDMX) y Monterrey se colocaron entre las tres ciudades latinoamericanas con el mayor aumento en los precios de vivienda durante el...","robots":{"index":"index","follow":"follow","max-snippet":"max-snippet:-1","max-image-preview":"max-image-preview:large","max-video-preview":"max-video-preview:-1"},"canonical":"https:\/\/centrourbano.com\/revista\/vivienda\/cdmx-aumento-precios-vivienda\/","og_locale":"es_ES","og_type":"article","og_title":"CDMX, la segunda urbe latina con el mayor aumento en costo de vivienda","og_description":"La Ciudad de M\u00e9xico (CDMX) y Monterrey se colocaron entre las tres ciudades latinoamericanas con el mayor aumento en los precios de vivienda durante el...","og_url":"https:\/\/centrourbano.com\/revista\/vivienda\/cdmx-aumento-precios-vivienda\/","og_site_name":"Centro Urbano","article_publisher":"https:\/\/www.facebook.com\/portalcentrourbano","article_published_time":"2019-11-28T23:31:25+00:00","article_modified_time":"2019-11-28T23:32:02+00:00","og_image":[{"width":800,"height":461,"url":"https:\/\/centrourbano.com\/revista\/wp-content\/uploads\/CDMX-Precios-de-Vivienda-Ciudades-Latinas-e1574983441886.jpg","type":"image\/jpeg"}],"author":"G4A","twitter_card":"summary_large_image","twitter_creator":"@CentroUrbano","twitter_site":"@CentroUrbano","twitter_misc":{"Escrito por":"G4A","Tiempo de lectura":"2 minutos"},"schema":{"@context":"https:\/\/schema.org","@graph":[{"@type":"Article","@id":"https:\/\/centrourbano.com\/revista\/vivienda\/cdmx-aumento-precios-vivienda\/#article","isPartOf":{"@id":"https:\/\/centrourbano.com\/revista\/vivienda\/cdmx-aumento-precios-vivienda\/"},"author":{"name":"G4A","@id":"https:\/\/centrourbano.com\/revista\/#\/schema\/person\/370fa0ba2d8dd5bde3fdb8b62ad360aa"},"headline":"CDMX, la segunda urbe latina con el mayor aumento en precios de vivienda","datePublished":"2019-11-28T23:31:25+00:00","dateModified":"2019-11-28T23:32:02+00:00","mainEntityOfPage":{"@id":"https:\/\/centrourbano.com\/revista\/vivienda\/cdmx-aumento-precios-vivienda\/"},"wordCount":494,"commentCount":0,"publisher":{"@id":"https:\/\/centrourbano.com\/revista\/#organization"},"image":{"@id":"https:\/\/centrourbano.com\/revista\/vivienda\/cdmx-aumento-precios-vivienda\/#primaryimage"},"thumbnailUrl":"https:\/\/centrourbano.com\/revista\/wp-content\/uploads\/CDMX-Precios-de-Vivienda-Ciudades-Latinas-e1574983441886.jpg","keywords":["CDMX","ciudad de M\u00e9xico","m2","precio","Universidad Torcuato Di Tella de Argentina","vivienda"],"articleSection":["Vivienda"],"inLanguage":"es"},{"@type":"WebPage","@id":"https:\/\/centrourbano.com\/revista\/vivienda\/cdmx-aumento-precios-vivienda\/","url":"https:\/\/centrourbano.com\/revista\/vivienda\/cdmx-aumento-precios-vivienda\/","name":"CDMX, la segunda urbe latina con el mayor aumento en costo de vivienda","isPartOf":{"@id":"https:\/\/centrourbano.com\/revista\/#website"},"primaryImageOfPage":{"@id":"https:\/\/centrourbano.com\/revista\/vivienda\/cdmx-aumento-precios-vivienda\/#primaryimage"},"image":{"@id":"https:\/\/centrourbano.com\/revista\/vivienda\/cdmx-aumento-precios-vivienda\/#primaryimage"},"thumbnailUrl":"https:\/\/centrourbano.com\/revista\/wp-content\/uploads\/CDMX-Precios-de-Vivienda-Ciudades-Latinas-e1574983441886.jpg","datePublished":"2019-11-28T23:31:25+00:00","dateModified":"2019-11-28T23:32:02+00:00","description":"La Ciudad de M\u00e9xico (CDMX) y Monterrey se colocaron entre las tres ciudades latinoamericanas con el mayor aumento en los precios de vivienda durante el...","breadcrumb":{"@id":"https:\/\/centrourbano.com\/revista\/vivienda\/cdmx-aumento-precios-vivienda\/#breadcrumb"},"inLanguage":"es","potentialAction":[{"@type":"ReadAction","target":["https:\/\/centrourbano.com\/revista\/vivienda\/cdmx-aumento-precios-vivienda\/"]}]},{"@type":"ImageObject","inLanguage":"es","@id":"https:\/\/centrourbano.com\/revista\/vivienda\/cdmx-aumento-precios-vivienda\/#primaryimage","url":"https:\/\/centrourbano.com\/revista\/wp-content\/uploads\/CDMX-Precios-de-Vivienda-Ciudades-Latinas-e1574983441886.jpg","contentUrl":"https:\/\/centrourbano.com\/revista\/wp-content\/uploads\/CDMX-Precios-de-Vivienda-Ciudades-Latinas-e1574983441886.jpg","width":800,"height":461,"caption":"CDMX-Precios-de-Vivienda-Ciudades-Latinas"},{"@type":"BreadcrumbList","@id":"https:\/\/centrourbano.com\/revista\/vivienda\/cdmx-aumento-precios-vivienda\/#breadcrumb","itemListElement":[{"@type":"ListItem","position":1,"name":"Portada","item":"https:\/\/centrourbano.com\/revista\/"},{"@type":"ListItem","position":2,"name":"CDMX, la segunda urbe latina con el mayor aumento en precios de vivienda"}]},{"@type":"WebSite","@id":"https:\/\/centrourbano.com\/revista\/#website","url":"https:\/\/centrourbano.com\/revista\/","name":"Centro Urbano","description":"Medio especializado en los sectores vivienda, inmobiliario, construcci\u00f3n, arquitectura y urbanismo.","publisher":{"@id":"https:\/\/centrourbano.com\/revista\/#organization"},"potentialAction":[{"@type":"SearchAction","target":{"@type":"EntryPoint","urlTemplate":"https:\/\/centrourbano.com\/revista\/?s={search_term_string}"},"query-input":{"@type":"PropertyValueSpecification","valueRequired":true,"valueName":"search_term_string"}}],"inLanguage":"es"},{"@type":"Organization","@id":"https:\/\/centrourbano.com\/revista\/#organization","name":"Centro Urbano","url":"https:\/\/centrourbano.com\/revista\/","logo":{"@type":"ImageObject","inLanguage":"es","@id":"https:\/\/centrourbano.com\/revista\/#\/schema\/logo\/image\/","url":"https:\/\/centrourbano.com\/revista\/wp-content\/uploads\/web_CU_logo-1.png","contentUrl":"https:\/\/centrourbano.com\/revista\/wp-content\/uploads\/web_CU_logo-1.png","width":350,"height":91,"caption":"Centro Urbano"},"image":{"@id":"https:\/\/centrourbano.com\/revista\/#\/schema\/logo\/image\/"},"sameAs":["https:\/\/www.facebook.com\/portalcentrourbano","https:\/\/x.com\/CentroUrbano","https:\/\/www.instagram.com\/centro_urbano\/","https:\/\/www.linkedin.com\/company\/centro-urbano\/","http:\/\/www.youtube.com\/user\/portalcentrourbano"]},{"@type":"Person","@id":"https:\/\/centrourbano.com\/revista\/#\/schema\/person\/370fa0ba2d8dd5bde3fdb8b62ad360aa","name":"G4A","image":{"@type":"ImageObject","inLanguage":"es","@id":"https:\/\/secure.gravatar.com\/avatar\/932a97121b13d5de5bbd8193c6c83d3b92c9eda0f39623607d4280e7a5778d97?s=96&d=mm&r=g","url":"https:\/\/secure.gravatar.com\/avatar\/932a97121b13d5de5bbd8193c6c83d3b92c9eda0f39623607d4280e7a5778d97?s=96&d=mm&r=g","contentUrl":"https:\/\/secure.gravatar.com\/avatar\/932a97121b13d5de5bbd8193c6c83d3b92c9eda0f39623607d4280e7a5778d97?s=96&d=mm&r=g","caption":"G4A"},"url":"https:\/\/centrourbano.com\/revista\/author\/admin-g4a\/"}]}},"_links":{"self":[{"href":"https:\/\/centrourbano.com\/revista\/wp-json\/wp\/v2\/posts\/99675","targetHints":{"allow":["GET"]}}],"collection":[{"href":"https:\/\/centrourbano.com\/revista\/wp-json\/wp\/v2\/posts"}],"about":[{"href":"https:\/\/centrourbano.com\/revista\/wp-json\/wp\/v2\/types\/post"}],"author":[{"embeddable":true,"href":"https:\/\/centrourbano.com\/revista\/wp-json\/wp\/v2\/users\/77"}],"replies":[{"embeddable":true,"href":"https:\/\/centrourbano.com\/revista\/wp-json\/wp\/v2\/comments?post=99675"}],"version-history":[{"count":2,"href":"https:\/\/centrourbano.com\/revista\/wp-json\/wp\/v2\/posts\/99675\/revisions"}],"predecessor-version":[{"id":99679,"href":"https:\/\/centrourbano.com\/revista\/wp-json\/wp\/v2\/posts\/99675\/revisions\/99679"}],"wp:featuredmedia":[{"embeddable":true,"href":"https:\/\/centrourbano.com\/revista\/wp-json\/wp\/v2\/media\/99677"}],"wp:attachment":[{"href":"https:\/\/centrourbano.com\/revista\/wp-json\/wp\/v2\/media?parent=99675"}],"wp:term":[{"taxonomy":"category","embeddable":true,"href":"https:\/\/centrourbano.com\/revista\/wp-json\/wp\/v2\/categories?post=99675"},{"taxonomy":"post_tag","embeddable":true,"href":"https:\/\/centrourbano.com\/revista\/wp-json\/wp\/v2\/tags?post=99675"}],"curies":[{"name":"wp","href":"https:\/\/api.w.org\/{rel}","templated":true}]}}