{"id":99668,"date":"2019-11-28T16:30:04","date_gmt":"2019-11-28T22:30:04","guid":{"rendered":"https:\/\/centrourbano.com\/?p=99668"},"modified":"2019-11-28T16:38:45","modified_gmt":"2019-11-28T22:38:45","slug":"infonavit-credito-familiar","status":"publish","type":"post","link":"https:\/\/centrourbano.com\/revista\/vivienda\/infonavit-credito-familiar\/","title":{"rendered":"Infonavit buscar\u00e1 concretar el \u2018cr\u00e9dito familiar\u2019"},"content":{"rendered":"<p><em>El Infonavit abrir\u00e1 la posibilidad para que m\u00e1s de dos personas puedan sumar su financiamiento <\/em><!--more--><\/p>\n<p>El <strong>Infonavit<\/strong> buscar\u00e1 ampliar las opciones de financiamiento para los trabajadores en M\u00e9xico. Por ello, el organismo ya trabaja en lo que ha denominado un \u201c<strong>cr\u00e9dito familiar<\/strong>\u201d.<\/p>\n<p>Y es que, de acuerdo con <strong>Carlos Mart\u00ednez<\/strong>, director general del Infonavit, el Instituto a partir de enero lanzar\u00e1 un<strong> nuevo producto<\/strong>. Con \u00e9ste, <a href=\"https:\/\/centrourbano.com\/2019\/08\/29\/infonavit-credito-2-personas\/\" target=\"_blank\" rel=\"noopener noreferrer\">dos trabajadores<\/a> podr\u00e1n <strong>juntar sus cr\u00e9ditos<\/strong>, y as\u00ed comprar una vivienda de mayor valor.<\/p>\n<p>Sin embargo, de acuerdo con Mart\u00ednez, la meta ser\u00e1 que el esquema crezca. La idea es que el modelo evolucione a tal grado que sean <strong>hasta cinco trabajadores<\/strong> los que puedan unir su financiamiento. Con ello, indic\u00f3, podr\u00e1n alcanzar el monto para comprar una vivienda o adquirir una<strong> casa de mayor valor<\/strong>.<\/p>\n<p>Este programa, explic\u00f3 el funcionario, llevar\u00e1 por nombre \u201c<strong>Unamos Cr\u00e9dito<\/strong>\u201d. Con la apuesta, asegur\u00f3, el Infonavit abrir\u00e1 una venta de oportunidad, para que familias de bajos ingresos puedan sumar su ahorro y comprar una vivienda.<\/p>\n<p>[quote]\u201cEl programa \u2018Unamos Cr\u00e9dito\u2019 ya est\u00e1 aprobado por los \u00f3rganos de gobierno de Instituto y comenzar\u00e1 a operar en enero 2020. Y es que nos dimos cuenta que hab\u00eda casos en los que, por ejemplo, un padre y un hijo quer\u00edan sacar cr\u00e9dito; en donde son trabajadores del Infonavit, y hoy no pueden comprar casa juntos. Con este programa ahora se va a poder hacer eso\u201d.[\/quote]<\/p>\n<p>El esquema, a\u00f1adi\u00f3 el Director General, es una herramienta m\u00e1s para atender las distintas realidades de los trabajadores. Asegur\u00f3 que el programa ir\u00eda en l\u00ednea con la naturaleza <strong>solidaria<\/strong> del organismo.<\/p>\n<p>\u201cA lo mejor hay un trabajador que gana un salario m\u00ednimo y alcanza un cr\u00e9dito de 260,000 pesos; y hay otro que gana tres salarios m\u00ednimos y alcanza un cr\u00e9dito cercano a los 500,000 pesos. <strong>Entre los dos podr\u00edan<\/strong> juntar a un cr\u00e9dito y acceder a una casa de 700,000 u 800,000 pesos.<\/p>\n<p>\u201cEsto les permite formar un <strong>patrimonio m\u00e1s amplio<\/strong>, de mayor calidad; adem\u00e1s que los dos se van a encargar de pagarlo\u201d, indic\u00f3.<\/p>\n<h2>Infonavit ampl\u00eda las opciones<\/h2>\n<p>De acuerdo con lo expuesto, este programa abrir\u00eda la puerta para que <strong>personas sin relaci\u00f3n jur\u00eddica<\/strong> puedan sumar su cr\u00e9dito. Y es que, cabe recordar, en la actualidad solo las parejas unidas en matrimonio pueden sumar su cr\u00e9dito. De esta forma, con \u2018Unamos Cr\u00e9dito\u2019, <strong>familiares<\/strong> e incluso <strong>amigos<\/strong> podr\u00e1n juntar su ahorro y acceder a un cr\u00e9dito de manera conjunta.<\/p>\n<p>\u201cHay <strong>hermanos que quieren<\/strong> comprar casa juntos y hoy no pueden; tambi\u00e9n<strong> parejas que a lo mejor no se van a casar<\/strong> y que quieren ejercer cr\u00e9dito. Ahora lo van a poder juntar. &#8216;Unamos Cr\u00e9dito&#8217; es eso: personas sin relaci\u00f3n jur\u00eddica que pueden juntar un cr\u00e9dito; personas que podr\u00e1n firmar un contrato donde <strong>son deudores solidarios<\/strong> y acceder a un <strong>patrimonio de mayor valor<\/strong>\u201d.<\/p>\n<p>Mart\u00ednez Vel\u00e1squez insisti\u00f3 que la meta a mediano plazo ser\u00e1 que el programa permita que hasta cinco personas puedan sumar su cr\u00e9dito. Esto, dijo, ser\u00eda la manera en que familias completas se puedan unir y formar un patrimonio.<\/p>\n<p>\u201cEste programa <strong>empieza con dos personas<\/strong> en 2020. Pero la idea es que vaya creciendo; que pueda llegar hasta cinco personas que puedan unir su cuenta de vivienda y sacar un cr\u00e9dito verdaderamente familiar. Y eso refleja el esp\u00edritu <a href=\"http:\/\/hombresymujeresdelacasa.com\/home\/2019\/09\/20\/buscara-infonavit-credito-colectivo-de-hasta-cinco-personas\/\" target=\"_blank\" rel=\"noopener noreferrer\">solidario <\/a>del Infonavit.<\/p>\n<p>\u201cTenemos que buscar el c\u00f3mo los trabajadores pueden tener una casa. Y \u2018Unamos Cr\u00e9dito\u2019 es una de las formas\u201d.<\/p>\n","protected":false},"excerpt":{"rendered":"<p>El Infonavit abrir\u00e1 la posibilidad para que m\u00e1s de dos personas puedan sumar su financiamiento<\/p>\n","protected":false},"author":47,"featured_media":99669,"comment_status":"open","ping_status":"closed","sticky":false,"template":"","format":"standard","meta":{"om_disable_all_campaigns":false,"inline_featured_image":false,"_monsterinsights_skip_tracking":false,"_monsterinsights_sitenote_active":false,"_monsterinsights_sitenote_note":"","_monsterinsights_sitenote_category":0,"footnotes":""},"categories":[12],"tags":[15115,16861,100,16862,60],"class_list":["post-99668","post","type-post","status-publish","format-standard","has-post-thumbnail","hentry","category-vivienda","tag-carlos-martinez-velazquez","tag-credito-familiar","tag-infonavit","tag-unamos-credito","tag-vivienda-2"],"yoast_head":"<!-- This site is optimized with the Yoast SEO plugin v27.4 - https:\/\/yoast.com\/product\/yoast-seo-wordpress\/ -->\n<title>Infonavit buscar\u00e1 concretar el \u2018cr\u00e9dito familiar\u2019 en M\u00e9xico<\/title>\n<meta name=\"description\" content=\"El Infonavit buscar\u00e1 ampliar las opciones de financiamiento para los trabajadores en M\u00e9xico. Por ello, el organismo ya trabaja en lo que ha denominado un...\" \/>\n<meta name=\"robots\" content=\"index, follow, max-snippet:-1, max-image-preview:large, max-video-preview:-1\" \/>\n<link rel=\"canonical\" href=\"https:\/\/centrourbano.com\/revista\/vivienda\/infonavit-credito-familiar\/\" \/>\n<meta property=\"og:locale\" content=\"es_ES\" \/>\n<meta property=\"og:type\" content=\"article\" \/>\n<meta property=\"og:title\" content=\"Infonavit buscar\u00e1 concretar el \u2018cr\u00e9dito familiar\u2019 en M\u00e9xico\" \/>\n<meta property=\"og:description\" content=\"El Infonavit buscar\u00e1 ampliar las opciones de financiamiento para los trabajadores en M\u00e9xico. Por ello, el organismo ya trabaja en lo que ha denominado un...\" \/>\n<meta property=\"og:url\" content=\"https:\/\/centrourbano.com\/revista\/vivienda\/infonavit-credito-familiar\/\" \/>\n<meta property=\"og:site_name\" content=\"Centro Urbano\" \/>\n<meta property=\"article:publisher\" content=\"https:\/\/www.facebook.com\/portalcentrourbano\" \/>\n<meta property=\"article:published_time\" content=\"2019-11-28T22:30:04+00:00\" \/>\n<meta property=\"article:modified_time\" content=\"2019-11-28T22:38:45+00:00\" \/>\n<meta property=\"og:image\" content=\"https:\/\/centrourbano.com\/revista\/wp-content\/uploads\/Infonavit-Carlos-Mart\u00ednez-Cr\u00e9dito-Familiar-e1574979662193.jpg\" \/>\n\t<meta property=\"og:image:width\" content=\"800\" \/>\n\t<meta property=\"og:image:height\" content=\"533\" \/>\n\t<meta property=\"og:image:type\" content=\"image\/jpeg\" \/>\n<meta name=\"author\" content=\"Edgar Rosas\" \/>\n<meta name=\"twitter:card\" content=\"summary_large_image\" \/>\n<meta name=\"twitter:creator\" content=\"@https:\/\/twitter.com\/ERosasCU?s=09\" \/>\n<meta name=\"twitter:site\" content=\"@CentroUrbano\" \/>\n<meta name=\"twitter:label1\" content=\"Escrito por\" \/>\n\t<meta name=\"twitter:data1\" content=\"Edgar Rosas\" \/>\n\t<meta name=\"twitter:label2\" content=\"Tiempo de lectura\" \/>\n\t<meta name=\"twitter:data2\" content=\"3 minutos\" \/>\n<script type=\"application\/ld+json\" class=\"yoast-schema-graph\">{\"@context\":\"https:\\\/\\\/schema.org\",\"@graph\":[{\"@type\":\"Article\",\"@id\":\"https:\\\/\\\/centrourbano.com\\\/revista\\\/vivienda\\\/infonavit-credito-familiar\\\/#article\",\"isPartOf\":{\"@id\":\"https:\\\/\\\/centrourbano.com\\\/revista\\\/vivienda\\\/infonavit-credito-familiar\\\/\"},\"author\":{\"name\":\"Edgar Rosas\",\"@id\":\"https:\\\/\\\/centrourbano.com\\\/revista\\\/#\\\/schema\\\/person\\\/ff3c00651ce5b1630479d2cd0c2e3ac0\"},\"headline\":\"Infonavit buscar\u00e1 concretar el \u2018cr\u00e9dito familiar\u2019\",\"datePublished\":\"2019-11-28T22:30:04+00:00\",\"dateModified\":\"2019-11-28T22:38:45+00:00\",\"mainEntityOfPage\":{\"@id\":\"https:\\\/\\\/centrourbano.com\\\/revista\\\/vivienda\\\/infonavit-credito-familiar\\\/\"},\"wordCount\":618,\"commentCount\":0,\"publisher\":{\"@id\":\"https:\\\/\\\/centrourbano.com\\\/revista\\\/#organization\"},\"image\":{\"@id\":\"https:\\\/\\\/centrourbano.com\\\/revista\\\/vivienda\\\/infonavit-credito-familiar\\\/#primaryimage\"},\"thumbnailUrl\":\"https:\\\/\\\/centrourbano.com\\\/revista\\\/wp-content\\\/uploads\\\/Infonavit-Carlos-Mart\u00ednez-Cr\u00e9dito-Familiar-e1574979662193.jpg\",\"keywords\":[\"Carlos Mart\u00ednez Vel\u00e1zquez\",\"Cr\u00e9dito Familiar\",\"Infonavit\",\"Unamos Cr\u00e9dito\",\"vivienda\"],\"articleSection\":[\"Vivienda\"],\"inLanguage\":\"es\",\"potentialAction\":[{\"@type\":\"CommentAction\",\"name\":\"Comment\",\"target\":[\"https:\\\/\\\/centrourbano.com\\\/revista\\\/vivienda\\\/infonavit-credito-familiar\\\/#respond\"]}]},{\"@type\":\"WebPage\",\"@id\":\"https:\\\/\\\/centrourbano.com\\\/revista\\\/vivienda\\\/infonavit-credito-familiar\\\/\",\"url\":\"https:\\\/\\\/centrourbano.com\\\/revista\\\/vivienda\\\/infonavit-credito-familiar\\\/\",\"name\":\"Infonavit buscar\u00e1 concretar el \u2018cr\u00e9dito familiar\u2019 en M\u00e9xico\",\"isPartOf\":{\"@id\":\"https:\\\/\\\/centrourbano.com\\\/revista\\\/#website\"},\"primaryImageOfPage\":{\"@id\":\"https:\\\/\\\/centrourbano.com\\\/revista\\\/vivienda\\\/infonavit-credito-familiar\\\/#primaryimage\"},\"image\":{\"@id\":\"https:\\\/\\\/centrourbano.com\\\/revista\\\/vivienda\\\/infonavit-credito-familiar\\\/#primaryimage\"},\"thumbnailUrl\":\"https:\\\/\\\/centrourbano.com\\\/revista\\\/wp-content\\\/uploads\\\/Infonavit-Carlos-Mart\u00ednez-Cr\u00e9dito-Familiar-e1574979662193.jpg\",\"datePublished\":\"2019-11-28T22:30:04+00:00\",\"dateModified\":\"2019-11-28T22:38:45+00:00\",\"description\":\"El Infonavit buscar\u00e1 ampliar las opciones de financiamiento para los trabajadores en M\u00e9xico. Por ello, el organismo ya trabaja en lo que ha denominado un...\",\"breadcrumb\":{\"@id\":\"https:\\\/\\\/centrourbano.com\\\/revista\\\/vivienda\\\/infonavit-credito-familiar\\\/#breadcrumb\"},\"inLanguage\":\"es\",\"potentialAction\":[{\"@type\":\"ReadAction\",\"target\":[\"https:\\\/\\\/centrourbano.com\\\/revista\\\/vivienda\\\/infonavit-credito-familiar\\\/\"]}]},{\"@type\":\"ImageObject\",\"inLanguage\":\"es\",\"@id\":\"https:\\\/\\\/centrourbano.com\\\/revista\\\/vivienda\\\/infonavit-credito-familiar\\\/#primaryimage\",\"url\":\"https:\\\/\\\/centrourbano.com\\\/revista\\\/wp-content\\\/uploads\\\/Infonavit-Carlos-Mart\u00ednez-Cr\u00e9dito-Familiar-e1574979662193.jpg\",\"contentUrl\":\"https:\\\/\\\/centrourbano.com\\\/revista\\\/wp-content\\\/uploads\\\/Infonavit-Carlos-Mart\u00ednez-Cr\u00e9dito-Familiar-e1574979662193.jpg\",\"width\":800,\"height\":533,\"caption\":\"Infonavit-Carlos Mart\u00ednez-Cr\u00e9dito Familiar\"},{\"@type\":\"BreadcrumbList\",\"@id\":\"https:\\\/\\\/centrourbano.com\\\/revista\\\/vivienda\\\/infonavit-credito-familiar\\\/#breadcrumb\",\"itemListElement\":[{\"@type\":\"ListItem\",\"position\":1,\"name\":\"Portada\",\"item\":\"https:\\\/\\\/centrourbano.com\\\/revista\\\/\"},{\"@type\":\"ListItem\",\"position\":2,\"name\":\"Infonavit buscar\u00e1 concretar el \u2018cr\u00e9dito familiar\u2019\"}]},{\"@type\":\"WebSite\",\"@id\":\"https:\\\/\\\/centrourbano.com\\\/revista\\\/#website\",\"url\":\"https:\\\/\\\/centrourbano.com\\\/revista\\\/\",\"name\":\"Centro Urbano\",\"description\":\"Medio especializado en los sectores vivienda, inmobiliario, construcci\u00f3n, arquitectura y urbanismo.\",\"publisher\":{\"@id\":\"https:\\\/\\\/centrourbano.com\\\/revista\\\/#organization\"},\"potentialAction\":[{\"@type\":\"SearchAction\",\"target\":{\"@type\":\"EntryPoint\",\"urlTemplate\":\"https:\\\/\\\/centrourbano.com\\\/revista\\\/?s={search_term_string}\"},\"query-input\":{\"@type\":\"PropertyValueSpecification\",\"valueRequired\":true,\"valueName\":\"search_term_string\"}}],\"inLanguage\":\"es\"},{\"@type\":\"Organization\",\"@id\":\"https:\\\/\\\/centrourbano.com\\\/revista\\\/#organization\",\"name\":\"Centro Urbano\",\"url\":\"https:\\\/\\\/centrourbano.com\\\/revista\\\/\",\"logo\":{\"@type\":\"ImageObject\",\"inLanguage\":\"es\",\"@id\":\"https:\\\/\\\/centrourbano.com\\\/revista\\\/#\\\/schema\\\/logo\\\/image\\\/\",\"url\":\"https:\\\/\\\/centrourbano.com\\\/revista\\\/wp-content\\\/uploads\\\/web_CU_logo-1.png\",\"contentUrl\":\"https:\\\/\\\/centrourbano.com\\\/revista\\\/wp-content\\\/uploads\\\/web_CU_logo-1.png\",\"width\":350,\"height\":91,\"caption\":\"Centro Urbano\"},\"image\":{\"@id\":\"https:\\\/\\\/centrourbano.com\\\/revista\\\/#\\\/schema\\\/logo\\\/image\\\/\"},\"sameAs\":[\"https:\\\/\\\/www.facebook.com\\\/portalcentrourbano\",\"https:\\\/\\\/x.com\\\/CentroUrbano\",\"https:\\\/\\\/www.instagram.com\\\/centro_urbano\\\/\",\"https:\\\/\\\/www.linkedin.com\\\/company\\\/centro-urbano\\\/\",\"http:\\\/\\\/www.youtube.com\\\/user\\\/portalcentrourbano\"]},{\"@type\":\"Person\",\"@id\":\"https:\\\/\\\/centrourbano.com\\\/revista\\\/#\\\/schema\\\/person\\\/ff3c00651ce5b1630479d2cd0c2e3ac0\",\"name\":\"Edgar Rosas\",\"image\":{\"@type\":\"ImageObject\",\"inLanguage\":\"es\",\"@id\":\"https:\\\/\\\/secure.gravatar.com\\\/avatar\\\/94440c4283495211faa5300bf85e80061036b83fced868c3783aa1310b350d9c?s=96&d=mm&r=g\",\"url\":\"https:\\\/\\\/secure.gravatar.com\\\/avatar\\\/94440c4283495211faa5300bf85e80061036b83fced868c3783aa1310b350d9c?s=96&d=mm&r=g\",\"contentUrl\":\"https:\\\/\\\/secure.gravatar.com\\\/avatar\\\/94440c4283495211faa5300bf85e80061036b83fced868c3783aa1310b350d9c?s=96&d=mm&r=g\",\"caption\":\"Edgar Rosas\"},\"description\":\"Editor en Jefe de Centro Urbano. Egresado de la maestr\u00eda en Periodismo Pol\u00edtico de la Escuela de Periodismo Carlos Septi\u00e9n Garc\u00eda (EPCSG). Estudi\u00f3 la licenciatura en Comunicaci\u00f3n en la Universidad Mexicana. Amante de la cr\u00f3nica y el reportaje. Admirador de Vicente Le\u00f1ero y Miguel \u00c1ngel Granados Chapa.\",\"sameAs\":[\"https:\\\/\\\/x.com\\\/https:\\\/\\\/twitter.com\\\/ERosasCU?s=09\"],\"url\":\"https:\\\/\\\/centrourbano.com\\\/revista\\\/author\\\/edgar-rosas\\\/\"}]}<\/script>\n<!-- \/ Yoast SEO plugin. -->","yoast_head_json":{"title":"Infonavit buscar\u00e1 concretar el \u2018cr\u00e9dito familiar\u2019 en M\u00e9xico","description":"El Infonavit buscar\u00e1 ampliar las opciones de financiamiento para los trabajadores en M\u00e9xico. Por ello, el organismo ya trabaja en lo que ha denominado un...","robots":{"index":"index","follow":"follow","max-snippet":"max-snippet:-1","max-image-preview":"max-image-preview:large","max-video-preview":"max-video-preview:-1"},"canonical":"https:\/\/centrourbano.com\/revista\/vivienda\/infonavit-credito-familiar\/","og_locale":"es_ES","og_type":"article","og_title":"Infonavit buscar\u00e1 concretar el \u2018cr\u00e9dito familiar\u2019 en M\u00e9xico","og_description":"El Infonavit buscar\u00e1 ampliar las opciones de financiamiento para los trabajadores en M\u00e9xico. Por ello, el organismo ya trabaja en lo que ha denominado un...","og_url":"https:\/\/centrourbano.com\/revista\/vivienda\/infonavit-credito-familiar\/","og_site_name":"Centro Urbano","article_publisher":"https:\/\/www.facebook.com\/portalcentrourbano","article_published_time":"2019-11-28T22:30:04+00:00","article_modified_time":"2019-11-28T22:38:45+00:00","og_image":[{"width":800,"height":533,"url":"https:\/\/centrourbano.com\/revista\/wp-content\/uploads\/Infonavit-Carlos-Mart\u00ednez-Cr\u00e9dito-Familiar-e1574979662193.jpg","type":"image\/jpeg"}],"author":"Edgar Rosas","twitter_card":"summary_large_image","twitter_creator":"@https:\/\/twitter.com\/ERosasCU?s=09","twitter_site":"@CentroUrbano","twitter_misc":{"Escrito por":"Edgar Rosas","Tiempo de lectura":"3 minutos"},"schema":{"@context":"https:\/\/schema.org","@graph":[{"@type":"Article","@id":"https:\/\/centrourbano.com\/revista\/vivienda\/infonavit-credito-familiar\/#article","isPartOf":{"@id":"https:\/\/centrourbano.com\/revista\/vivienda\/infonavit-credito-familiar\/"},"author":{"name":"Edgar Rosas","@id":"https:\/\/centrourbano.com\/revista\/#\/schema\/person\/ff3c00651ce5b1630479d2cd0c2e3ac0"},"headline":"Infonavit buscar\u00e1 concretar el \u2018cr\u00e9dito familiar\u2019","datePublished":"2019-11-28T22:30:04+00:00","dateModified":"2019-11-28T22:38:45+00:00","mainEntityOfPage":{"@id":"https:\/\/centrourbano.com\/revista\/vivienda\/infonavit-credito-familiar\/"},"wordCount":618,"commentCount":0,"publisher":{"@id":"https:\/\/centrourbano.com\/revista\/#organization"},"image":{"@id":"https:\/\/centrourbano.com\/revista\/vivienda\/infonavit-credito-familiar\/#primaryimage"},"thumbnailUrl":"https:\/\/centrourbano.com\/revista\/wp-content\/uploads\/Infonavit-Carlos-Mart\u00ednez-Cr\u00e9dito-Familiar-e1574979662193.jpg","keywords":["Carlos Mart\u00ednez Vel\u00e1zquez","Cr\u00e9dito Familiar","Infonavit","Unamos Cr\u00e9dito","vivienda"],"articleSection":["Vivienda"],"inLanguage":"es","potentialAction":[{"@type":"CommentAction","name":"Comment","target":["https:\/\/centrourbano.com\/revista\/vivienda\/infonavit-credito-familiar\/#respond"]}]},{"@type":"WebPage","@id":"https:\/\/centrourbano.com\/revista\/vivienda\/infonavit-credito-familiar\/","url":"https:\/\/centrourbano.com\/revista\/vivienda\/infonavit-credito-familiar\/","name":"Infonavit buscar\u00e1 concretar el \u2018cr\u00e9dito familiar\u2019 en M\u00e9xico","isPartOf":{"@id":"https:\/\/centrourbano.com\/revista\/#website"},"primaryImageOfPage":{"@id":"https:\/\/centrourbano.com\/revista\/vivienda\/infonavit-credito-familiar\/#primaryimage"},"image":{"@id":"https:\/\/centrourbano.com\/revista\/vivienda\/infonavit-credito-familiar\/#primaryimage"},"thumbnailUrl":"https:\/\/centrourbano.com\/revista\/wp-content\/uploads\/Infonavit-Carlos-Mart\u00ednez-Cr\u00e9dito-Familiar-e1574979662193.jpg","datePublished":"2019-11-28T22:30:04+00:00","dateModified":"2019-11-28T22:38:45+00:00","description":"El Infonavit buscar\u00e1 ampliar las opciones de financiamiento para los trabajadores en M\u00e9xico. Por ello, el organismo ya trabaja en lo que ha denominado un...","breadcrumb":{"@id":"https:\/\/centrourbano.com\/revista\/vivienda\/infonavit-credito-familiar\/#breadcrumb"},"inLanguage":"es","potentialAction":[{"@type":"ReadAction","target":["https:\/\/centrourbano.com\/revista\/vivienda\/infonavit-credito-familiar\/"]}]},{"@type":"ImageObject","inLanguage":"es","@id":"https:\/\/centrourbano.com\/revista\/vivienda\/infonavit-credito-familiar\/#primaryimage","url":"https:\/\/centrourbano.com\/revista\/wp-content\/uploads\/Infonavit-Carlos-Mart\u00ednez-Cr\u00e9dito-Familiar-e1574979662193.jpg","contentUrl":"https:\/\/centrourbano.com\/revista\/wp-content\/uploads\/Infonavit-Carlos-Mart\u00ednez-Cr\u00e9dito-Familiar-e1574979662193.jpg","width":800,"height":533,"caption":"Infonavit-Carlos Mart\u00ednez-Cr\u00e9dito Familiar"},{"@type":"BreadcrumbList","@id":"https:\/\/centrourbano.com\/revista\/vivienda\/infonavit-credito-familiar\/#breadcrumb","itemListElement":[{"@type":"ListItem","position":1,"name":"Portada","item":"https:\/\/centrourbano.com\/revista\/"},{"@type":"ListItem","position":2,"name":"Infonavit buscar\u00e1 concretar el \u2018cr\u00e9dito familiar\u2019"}]},{"@type":"WebSite","@id":"https:\/\/centrourbano.com\/revista\/#website","url":"https:\/\/centrourbano.com\/revista\/","name":"Centro Urbano","description":"Medio especializado en los sectores vivienda, inmobiliario, construcci\u00f3n, arquitectura y urbanismo.","publisher":{"@id":"https:\/\/centrourbano.com\/revista\/#organization"},"potentialAction":[{"@type":"SearchAction","target":{"@type":"EntryPoint","urlTemplate":"https:\/\/centrourbano.com\/revista\/?s={search_term_string}"},"query-input":{"@type":"PropertyValueSpecification","valueRequired":true,"valueName":"search_term_string"}}],"inLanguage":"es"},{"@type":"Organization","@id":"https:\/\/centrourbano.com\/revista\/#organization","name":"Centro Urbano","url":"https:\/\/centrourbano.com\/revista\/","logo":{"@type":"ImageObject","inLanguage":"es","@id":"https:\/\/centrourbano.com\/revista\/#\/schema\/logo\/image\/","url":"https:\/\/centrourbano.com\/revista\/wp-content\/uploads\/web_CU_logo-1.png","contentUrl":"https:\/\/centrourbano.com\/revista\/wp-content\/uploads\/web_CU_logo-1.png","width":350,"height":91,"caption":"Centro Urbano"},"image":{"@id":"https:\/\/centrourbano.com\/revista\/#\/schema\/logo\/image\/"},"sameAs":["https:\/\/www.facebook.com\/portalcentrourbano","https:\/\/x.com\/CentroUrbano","https:\/\/www.instagram.com\/centro_urbano\/","https:\/\/www.linkedin.com\/company\/centro-urbano\/","http:\/\/www.youtube.com\/user\/portalcentrourbano"]},{"@type":"Person","@id":"https:\/\/centrourbano.com\/revista\/#\/schema\/person\/ff3c00651ce5b1630479d2cd0c2e3ac0","name":"Edgar Rosas","image":{"@type":"ImageObject","inLanguage":"es","@id":"https:\/\/secure.gravatar.com\/avatar\/94440c4283495211faa5300bf85e80061036b83fced868c3783aa1310b350d9c?s=96&d=mm&r=g","url":"https:\/\/secure.gravatar.com\/avatar\/94440c4283495211faa5300bf85e80061036b83fced868c3783aa1310b350d9c?s=96&d=mm&r=g","contentUrl":"https:\/\/secure.gravatar.com\/avatar\/94440c4283495211faa5300bf85e80061036b83fced868c3783aa1310b350d9c?s=96&d=mm&r=g","caption":"Edgar Rosas"},"description":"Editor en Jefe de Centro Urbano. Egresado de la maestr\u00eda en Periodismo Pol\u00edtico de la Escuela de Periodismo Carlos Septi\u00e9n Garc\u00eda (EPCSG). Estudi\u00f3 la licenciatura en Comunicaci\u00f3n en la Universidad Mexicana. Amante de la cr\u00f3nica y el reportaje. Admirador de Vicente Le\u00f1ero y Miguel \u00c1ngel Granados Chapa.","sameAs":["https:\/\/x.com\/https:\/\/twitter.com\/ERosasCU?s=09"],"url":"https:\/\/centrourbano.com\/revista\/author\/edgar-rosas\/"}]}},"_links":{"self":[{"href":"https:\/\/centrourbano.com\/revista\/wp-json\/wp\/v2\/posts\/99668","targetHints":{"allow":["GET"]}}],"collection":[{"href":"https:\/\/centrourbano.com\/revista\/wp-json\/wp\/v2\/posts"}],"about":[{"href":"https:\/\/centrourbano.com\/revista\/wp-json\/wp\/v2\/types\/post"}],"author":[{"embeddable":true,"href":"https:\/\/centrourbano.com\/revista\/wp-json\/wp\/v2\/users\/47"}],"replies":[{"embeddable":true,"href":"https:\/\/centrourbano.com\/revista\/wp-json\/wp\/v2\/comments?post=99668"}],"version-history":[{"count":5,"href":"https:\/\/centrourbano.com\/revista\/wp-json\/wp\/v2\/posts\/99668\/revisions"}],"predecessor-version":[{"id":99674,"href":"https:\/\/centrourbano.com\/revista\/wp-json\/wp\/v2\/posts\/99668\/revisions\/99674"}],"wp:featuredmedia":[{"embeddable":true,"href":"https:\/\/centrourbano.com\/revista\/wp-json\/wp\/v2\/media\/99669"}],"wp:attachment":[{"href":"https:\/\/centrourbano.com\/revista\/wp-json\/wp\/v2\/media?parent=99668"}],"wp:term":[{"taxonomy":"category","embeddable":true,"href":"https:\/\/centrourbano.com\/revista\/wp-json\/wp\/v2\/categories?post=99668"},{"taxonomy":"post_tag","embeddable":true,"href":"https:\/\/centrourbano.com\/revista\/wp-json\/wp\/v2\/tags?post=99668"}],"curies":[{"name":"wp","href":"https:\/\/api.w.org\/{rel}","templated":true}]}}