{"id":99346,"date":"2019-11-22T13:51:12","date_gmt":"2019-11-22T19:51:12","guid":{"rendered":"https:\/\/centrourbano.com\/?p=99346"},"modified":"2019-11-22T13:51:12","modified_gmt":"2019-11-22T19:51:12","slug":"se-cumplen-31-anos-de-la-muerte-de-luis-barragan-el-pritzker-mexicano","status":"publish","type":"post","link":"https:\/\/centrourbano.com\/revista\/arquitectura-2\/se-cumplen-31-anos-de-la-muerte-de-luis-barragan-el-pritzker-mexicano\/","title":{"rendered":"Se cumplen 31 a\u00f1os de la muerte de Luis Barrag\u00e1n, el Pritzker mexicano"},"content":{"rendered":"<p><em>Entre sus obras m\u00e1s destacadas se encuentran la Casa Estudio Luis Barrag\u00e1n, las Torres de Ciudad Sat\u00e9lite, la Fuente de Los Amantes y la Casa Gilardi<\/em><!--more--><\/p>\n<p>Un d\u00eda como hoy, pero de 1988, muri\u00f3, en la Ciudad de M\u00e9xico, <strong>Luis Ramiro Barrag\u00e1n Morf\u00edn<\/strong>, conocido simplemente como <strong>Luis Barrag\u00e1n<\/strong>, una de las figuras m\u00e1s reconocidas de la arquitectura mexicana, \u00fanico de su nacionalidad en obtener el <strong>Premio Pritzker<\/strong>, el \u2018Nobel de la arquitectura\u2019, en 1980.<\/p>\n<p>A 31 a\u00f1os de su deceso, <strong>Barrag\u00e1n<\/strong> sigue siendo uno de los arquitectos m\u00e1s importantes del siglo XX, cuya obra ha ejercido gran <strong>influencia en el quehacer arquitect\u00f3nico<\/strong> tanto nacional como internacional.<a href=\"https:\/\/centrourbano.com\/revista\/wp-content\/uploads\/Casa-Barrag\u00e1n.jpg\" target=\"_blank\" rel=\"noopener noreferrer\"><img loading=\"lazy\" decoding=\"async\" class=\"alignleft wp-image-99356\" src=\"https:\/\/centrourbano.com\/revista\/wp-content\/uploads\/Casa-Barrag\u00e1n.jpg\" alt=\"\" width=\"335\" height=\"251\" srcset=\"https:\/\/centrourbano.com\/revista\/wp-content\/uploads\/Casa-Barrag\u00e1n.jpg 528w, https:\/\/centrourbano.com\/revista\/wp-content\/uploads\/Casa-Barrag\u00e1n-300x225.jpg 300w, https:\/\/centrourbano.com\/revista\/wp-content\/uploads\/Casa-Barrag\u00e1n-100x75.jpg 100w\" sizes=\"auto, (max-width: 335px) 100vw, 335px\" \/><\/a><\/p>\n<p><strong>Luis Barrag\u00e1n<\/strong>, nacido en la ciudad de <strong>Guadalajara, Jalisco, el 9 de marzo de 1902,<\/strong> realiz\u00f3 sus estudios en la <strong>Escuela Libre de Ingenieros de Guadalajara,<\/strong> donde se form\u00f3 como ingeniero civil y arquitecto. Al graduarse, en 1925, realiz\u00f3 un viaje de dos a\u00f1os por Europa, que le permiti\u00f3 cautivarse con la belleza de los jardines de las ciudades que visit\u00f3, como el <strong>Generalife<\/strong> de Granada y los de las<strong> villas italianas<\/strong> y de la <strong>costa del Mediterr\u00e1neo.<\/strong><\/p>\n<p>En dicho viaje conoci\u00f3 a <strong>Charles-\u00c9douard Jeanneret-Gris<\/strong>, mejor conocido como<strong> Le Corbusier,<\/strong> urbanista suizo convertido en uno de los m\u00e1s importantes exponentes de la arquitectura moderna, y desde ese entonces conserv\u00f3 su inter\u00e9s por la <strong>arquitectura del paisaje y el urbanismo.<\/strong><\/p>\n<p>De regreso en Guadalajara, comenz\u00f3 a remodelar casas de personajes destacados de la vida pol\u00edtica, social y econ\u00f3mica de su ciudad, siendo el primero de sus proyectos la casa del abogado <strong>Emiliano Robles Le\u00f3n<\/strong>, en el centro de la capital jalisciense. En esos a\u00f1os, su estilo le vali\u00f3 el reconocimiento en Guadalajara y el ser publicado en medios internacionales como la revista estadounidense <strong><em>Architectual Record<\/em>.<\/strong><\/p>\n<p>En 1936, el arquitecto se traslad\u00f3 a la Ciudad de M\u00e9xico, donde reform\u00f3 un terreno del barrio de Tacubaya, en los n\u00fameros 12 y 14 de la calle General Francisco Ram\u00edrez, que hoy en d\u00eda es conocido como<strong> La Casa Estudio Luis Barrag\u00e1n<\/strong>, misma que ser\u00eda reconocida por la <strong>Organizaci\u00f3n de las Naciones Unidas para la Educaci\u00f3n, la Ciencia y la Cultura (Unesco)<\/strong> como <strong>Patrimonio Mundial<\/strong> en 2004.<\/p>\n<p>En la capital del pa\u00eds, Barrag\u00e1n se dedic\u00f3 a la construcci\u00f3n de diversos <strong>conjuntos habitacionales, residencias y edificaciones especiales<\/strong> que dieron identidad a la ciudad durante la \u00faltima mitad del siglo XX. Entre estos proyectos destacan los <strong>jardines de la Calzada de los Madereros<\/strong>, un fraccionamiento con grandes jardines y obras ornamentales en el <strong>Pedregal de San \u00c1ngel<\/strong> y la restauraci\u00f3n del <strong>convento de las Capuchinas Sacramentarias<\/strong> de Tlalpan.<\/p>\n<a href=\"https:\/\/centrourbano.com\/revista\/wp-content\/uploads\/barragan.jpg\"><img loading=\"lazy\" decoding=\"async\" class=\" wp-image-99357 alignright\" src=\"https:\/\/centrourbano.com\/revista\/wp-content\/uploads\/barragan.jpg\" alt=\"\" width=\"307\" height=\"230\" srcset=\"https:\/\/centrourbano.com\/revista\/wp-content\/uploads\/barragan.jpg 630w, https:\/\/centrourbano.com\/revista\/wp-content\/uploads\/barragan-300x225.jpg 300w, https:\/\/centrourbano.com\/revista\/wp-content\/uploads\/barragan-100x75.jpg 100w\" sizes=\"auto, (max-width: 307px) 100vw, 307px\" \/><\/a>\n<p>Posteriormente, de 1955 a 1979, el arquitecto dise\u00f1\u00f3 el fraccionamiento residencial <strong>Jardines del Bosque en Guadalajara<\/strong>; supervis\u00f3 la construcci\u00f3n de los jardines del <strong>hotel Pierre Marques<\/strong> de Acapulco; promovi\u00f3 la planificaci\u00f3n del <strong>fraccionamiento residencial de Las arboledas<\/strong>, en Tlalnepantla, Estado de M\u00e9xico; dise\u00f1\u00f3 el <strong>Faro de Comercio<\/strong> de Monterrey, Nuevo Le\u00f3n; proyect\u00f3 el <strong>fraccionamiento de Lomas Verdes,<\/strong> al norte de la CDMX; y construy\u00f3 la<strong> Casa Gilardi,<\/strong> una vivienda unifamiliar en San Miguel Chapultepec.<\/p>\n<p>En esos a\u00f1os tambi\u00e9n dise\u00f1o, junt\u00f3 al escultor <strong>Mathias Goeritz<\/strong>, las <strong>Torres de Ciudad Sat\u00e9lite,<\/strong> s\u00edmbolo que marcar\u00eda el inicio del suburbio de Sat\u00e9lite, en el Estado de M\u00e9xico.<\/p>\n<p>Asimismo, en 1976 el <strong>Museo de Arte Moderno de Nueva York<\/strong> present\u00f3 la primera exposici\u00f3n sobre su obra y public\u00f3 el libro-cat\u00e1logo de Emilio Ambasz, lo cual lo catapult\u00f3 a la fama internacional.<\/p>\n<p>El estilo org\u00e1nico de Luis Barrag\u00e1n, la utilizaci\u00f3n de colores, texturas y disposiciones de espacio, le valieron el prestigioso <strong>Premio Pritzker en 1980<\/strong>, siendo el primer latinoamericano y el \u00fanico mexicano que, a la fecha, ha conseguido hacerse de este reconocimiento. Adem\u00e1s, en 1985 recibi\u00f3 el <strong>Premio Jalisco,<\/strong> y en 1987 el <strong>Premio Nacional de Arquitectura.<\/strong><\/p>\n<p>El arquitecto paso los \u00faltimos a\u00f1os de su vida alejado del trabajo y del ojo p\u00fablico, debido a una avanzada <strong>enfermedad de Parkinson<\/strong>, que, finalmente, termin\u00f3 con su vida el <strong>22 de noviembre de 1988.<\/strong> Sus restos fueron trasladados a Guadalajara, su ciudad natal, en donde hasta ahora reposan en la <strong>Rotonda de los Jaliscienses Ilustres.<\/strong><\/p>\n","protected":false},"excerpt":{"rendered":"<p>Entre sus obras m\u00e1s destacadas se encuentran la Casa Estudio Luis Barrag\u00e1n, las Torres de Ciudad Sat\u00e9lite, la Fuente de Los Amantes y la Casa Gilardi<\/p>\n","protected":false},"author":73,"featured_media":99347,"comment_status":"open","ping_status":"closed","sticky":false,"template":"","format":"standard","meta":{"om_disable_all_campaigns":false,"inline_featured_image":false,"_monsterinsights_skip_tracking":false,"_monsterinsights_sitenote_active":false,"_monsterinsights_sitenote_note":"","_monsterinsights_sitenote_category":0,"footnotes":""},"categories":[81,16],"tags":[20,15918,1812,9671],"class_list":["post-99346","post","type-post","status-publish","format-standard","has-post-thumbnail","hentry","category-arquitectura-2","category-reportajes","tag-arquitectura","tag-casa-estudio-luis-barragan","tag-luis-barragan","tag-torres-de-satelite"],"yoast_head":"<!-- This site is optimized with the Yoast SEO plugin v27.4 - https:\/\/yoast.com\/product\/yoast-seo-wordpress\/ -->\n<title>Se cumplen 31 a\u00f1os de la muerte de Luis Barrag\u00e1n, el Pritzker mexicano<\/title>\n<meta name=\"description\" content=\"Entre sus obras m\u00e1s destacadas se encuentran la Casa Estudio Luis Barrag\u00e1n, las Torres de Ciudad Sat\u00e9lite, la Fuente de Los Amantes y la Casa Gilardi\" \/>\n<meta name=\"robots\" content=\"index, follow, max-snippet:-1, max-image-preview:large, max-video-preview:-1\" \/>\n<link rel=\"canonical\" href=\"https:\/\/centrourbano.com\/revista\/arquitectura-2\/se-cumplen-31-anos-de-la-muerte-de-luis-barragan-el-pritzker-mexicano\/\" \/>\n<meta property=\"og:locale\" content=\"es_ES\" \/>\n<meta property=\"og:type\" content=\"article\" \/>\n<meta property=\"og:title\" content=\"Se cumplen 31 a\u00f1os de la muerte de Luis Barrag\u00e1n, el Pritzker mexicano\" \/>\n<meta property=\"og:description\" content=\"Entre sus obras m\u00e1s destacadas se encuentran la Casa Estudio Luis Barrag\u00e1n, las Torres de Ciudad Sat\u00e9lite, la Fuente de Los Amantes y la Casa Gilardi\" \/>\n<meta property=\"og:url\" content=\"https:\/\/centrourbano.com\/revista\/arquitectura-2\/se-cumplen-31-anos-de-la-muerte-de-luis-barragan-el-pritzker-mexicano\/\" \/>\n<meta property=\"og:site_name\" content=\"Centro Urbano\" \/>\n<meta property=\"article:publisher\" content=\"https:\/\/www.facebook.com\/portalcentrourbano\" \/>\n<meta property=\"article:published_time\" content=\"2019-11-22T19:51:12+00:00\" \/>\n<meta property=\"og:image\" content=\"https:\/\/centrourbano.com\/revista\/wp-content\/uploads\/31-a\u00f1os-sin-Luis-Barrag\u00e1n-el-\u00fanico-Pritzker-mexicano.jpg\" \/>\n\t<meta property=\"og:image:width\" content=\"795\" \/>\n\t<meta property=\"og:image:height\" content=\"506\" \/>\n\t<meta property=\"og:image:type\" content=\"image\/jpeg\" \/>\n<meta name=\"author\" content=\"Fernanda Hern\u00e1ndez\" \/>\n<meta name=\"twitter:card\" content=\"summary_large_image\" \/>\n<meta name=\"twitter:creator\" content=\"@https:\/\/twitter.com\/Nannz_Hernandez\" \/>\n<meta name=\"twitter:site\" content=\"@CentroUrbano\" \/>\n<meta name=\"twitter:label1\" content=\"Escrito por\" \/>\n\t<meta name=\"twitter:data1\" content=\"Fernanda Hern\u00e1ndez\" \/>\n\t<meta name=\"twitter:label2\" content=\"Tiempo de lectura\" \/>\n\t<meta name=\"twitter:data2\" content=\"4 minutos\" \/>\n<script type=\"application\/ld+json\" class=\"yoast-schema-graph\">{\"@context\":\"https:\\\/\\\/schema.org\",\"@graph\":[{\"@type\":\"Article\",\"@id\":\"https:\\\/\\\/centrourbano.com\\\/revista\\\/arquitectura-2\\\/se-cumplen-31-anos-de-la-muerte-de-luis-barragan-el-pritzker-mexicano\\\/#article\",\"isPartOf\":{\"@id\":\"https:\\\/\\\/centrourbano.com\\\/revista\\\/arquitectura-2\\\/se-cumplen-31-anos-de-la-muerte-de-luis-barragan-el-pritzker-mexicano\\\/\"},\"author\":{\"name\":\"Fernanda Hern\u00e1ndez\",\"@id\":\"https:\\\/\\\/centrourbano.com\\\/revista\\\/#\\\/schema\\\/person\\\/b190b20bbbceb41ec72278c546fa8df3\"},\"headline\":\"Se cumplen 31 a\u00f1os de la muerte de Luis Barrag\u00e1n, el Pritzker mexicano\",\"datePublished\":\"2019-11-22T19:51:12+00:00\",\"mainEntityOfPage\":{\"@id\":\"https:\\\/\\\/centrourbano.com\\\/revista\\\/arquitectura-2\\\/se-cumplen-31-anos-de-la-muerte-de-luis-barragan-el-pritzker-mexicano\\\/\"},\"wordCount\":726,\"commentCount\":0,\"publisher\":{\"@id\":\"https:\\\/\\\/centrourbano.com\\\/revista\\\/#organization\"},\"image\":{\"@id\":\"https:\\\/\\\/centrourbano.com\\\/revista\\\/arquitectura-2\\\/se-cumplen-31-anos-de-la-muerte-de-luis-barragan-el-pritzker-mexicano\\\/#primaryimage\"},\"thumbnailUrl\":\"https:\\\/\\\/centrourbano.com\\\/revista\\\/wp-content\\\/uploads\\\/31-a\u00f1os-sin-Luis-Barrag\u00e1n-el-\u00fanico-Pritzker-mexicano.jpg\",\"keywords\":[\"arquitectura\",\"Casa-Estudio Luis Barrag\u00e1n\",\"Luis Barrag\u00e1n\",\"Torres de Sat\u00e9lite\"],\"articleSection\":[\"Arquitectura\",\"Reportajes\"],\"inLanguage\":\"es\",\"potentialAction\":[{\"@type\":\"CommentAction\",\"name\":\"Comment\",\"target\":[\"https:\\\/\\\/centrourbano.com\\\/revista\\\/arquitectura-2\\\/se-cumplen-31-anos-de-la-muerte-de-luis-barragan-el-pritzker-mexicano\\\/#respond\"]}]},{\"@type\":\"WebPage\",\"@id\":\"https:\\\/\\\/centrourbano.com\\\/revista\\\/arquitectura-2\\\/se-cumplen-31-anos-de-la-muerte-de-luis-barragan-el-pritzker-mexicano\\\/\",\"url\":\"https:\\\/\\\/centrourbano.com\\\/revista\\\/arquitectura-2\\\/se-cumplen-31-anos-de-la-muerte-de-luis-barragan-el-pritzker-mexicano\\\/\",\"name\":\"Se cumplen 31 a\u00f1os de la muerte de Luis Barrag\u00e1n, el Pritzker mexicano\",\"isPartOf\":{\"@id\":\"https:\\\/\\\/centrourbano.com\\\/revista\\\/#website\"},\"primaryImageOfPage\":{\"@id\":\"https:\\\/\\\/centrourbano.com\\\/revista\\\/arquitectura-2\\\/se-cumplen-31-anos-de-la-muerte-de-luis-barragan-el-pritzker-mexicano\\\/#primaryimage\"},\"image\":{\"@id\":\"https:\\\/\\\/centrourbano.com\\\/revista\\\/arquitectura-2\\\/se-cumplen-31-anos-de-la-muerte-de-luis-barragan-el-pritzker-mexicano\\\/#primaryimage\"},\"thumbnailUrl\":\"https:\\\/\\\/centrourbano.com\\\/revista\\\/wp-content\\\/uploads\\\/31-a\u00f1os-sin-Luis-Barrag\u00e1n-el-\u00fanico-Pritzker-mexicano.jpg\",\"datePublished\":\"2019-11-22T19:51:12+00:00\",\"description\":\"Entre sus obras m\u00e1s destacadas se encuentran la Casa Estudio Luis Barrag\u00e1n, las Torres de Ciudad Sat\u00e9lite, la Fuente de Los Amantes y la Casa Gilardi\",\"breadcrumb\":{\"@id\":\"https:\\\/\\\/centrourbano.com\\\/revista\\\/arquitectura-2\\\/se-cumplen-31-anos-de-la-muerte-de-luis-barragan-el-pritzker-mexicano\\\/#breadcrumb\"},\"inLanguage\":\"es\",\"potentialAction\":[{\"@type\":\"ReadAction\",\"target\":[\"https:\\\/\\\/centrourbano.com\\\/revista\\\/arquitectura-2\\\/se-cumplen-31-anos-de-la-muerte-de-luis-barragan-el-pritzker-mexicano\\\/\"]}]},{\"@type\":\"ImageObject\",\"inLanguage\":\"es\",\"@id\":\"https:\\\/\\\/centrourbano.com\\\/revista\\\/arquitectura-2\\\/se-cumplen-31-anos-de-la-muerte-de-luis-barragan-el-pritzker-mexicano\\\/#primaryimage\",\"url\":\"https:\\\/\\\/centrourbano.com\\\/revista\\\/wp-content\\\/uploads\\\/31-a\u00f1os-sin-Luis-Barrag\u00e1n-el-\u00fanico-Pritzker-mexicano.jpg\",\"contentUrl\":\"https:\\\/\\\/centrourbano.com\\\/revista\\\/wp-content\\\/uploads\\\/31-a\u00f1os-sin-Luis-Barrag\u00e1n-el-\u00fanico-Pritzker-mexicano.jpg\",\"width\":795,\"height\":506,\"caption\":\"Entre sus obras m\u00e1s destacadas se encuentran la Casa Estudio Luis Barrag\u00e1n, las Torres de Ciudad Sat\u00e9lite, la Fuente de Los Amantes y la Casa Gilardi\"},{\"@type\":\"BreadcrumbList\",\"@id\":\"https:\\\/\\\/centrourbano.com\\\/revista\\\/arquitectura-2\\\/se-cumplen-31-anos-de-la-muerte-de-luis-barragan-el-pritzker-mexicano\\\/#breadcrumb\",\"itemListElement\":[{\"@type\":\"ListItem\",\"position\":1,\"name\":\"Portada\",\"item\":\"https:\\\/\\\/centrourbano.com\\\/revista\\\/\"},{\"@type\":\"ListItem\",\"position\":2,\"name\":\"Se cumplen 31 a\u00f1os de la muerte de Luis Barrag\u00e1n, el Pritzker mexicano\"}]},{\"@type\":\"WebSite\",\"@id\":\"https:\\\/\\\/centrourbano.com\\\/revista\\\/#website\",\"url\":\"https:\\\/\\\/centrourbano.com\\\/revista\\\/\",\"name\":\"Centro Urbano\",\"description\":\"Medio especializado en los sectores vivienda, inmobiliario, construcci\u00f3n, arquitectura y urbanismo.\",\"publisher\":{\"@id\":\"https:\\\/\\\/centrourbano.com\\\/revista\\\/#organization\"},\"potentialAction\":[{\"@type\":\"SearchAction\",\"target\":{\"@type\":\"EntryPoint\",\"urlTemplate\":\"https:\\\/\\\/centrourbano.com\\\/revista\\\/?s={search_term_string}\"},\"query-input\":{\"@type\":\"PropertyValueSpecification\",\"valueRequired\":true,\"valueName\":\"search_term_string\"}}],\"inLanguage\":\"es\"},{\"@type\":\"Organization\",\"@id\":\"https:\\\/\\\/centrourbano.com\\\/revista\\\/#organization\",\"name\":\"Centro Urbano\",\"url\":\"https:\\\/\\\/centrourbano.com\\\/revista\\\/\",\"logo\":{\"@type\":\"ImageObject\",\"inLanguage\":\"es\",\"@id\":\"https:\\\/\\\/centrourbano.com\\\/revista\\\/#\\\/schema\\\/logo\\\/image\\\/\",\"url\":\"https:\\\/\\\/centrourbano.com\\\/revista\\\/wp-content\\\/uploads\\\/web_CU_logo-1.png\",\"contentUrl\":\"https:\\\/\\\/centrourbano.com\\\/revista\\\/wp-content\\\/uploads\\\/web_CU_logo-1.png\",\"width\":350,\"height\":91,\"caption\":\"Centro Urbano\"},\"image\":{\"@id\":\"https:\\\/\\\/centrourbano.com\\\/revista\\\/#\\\/schema\\\/logo\\\/image\\\/\"},\"sameAs\":[\"https:\\\/\\\/www.facebook.com\\\/portalcentrourbano\",\"https:\\\/\\\/x.com\\\/CentroUrbano\",\"https:\\\/\\\/www.instagram.com\\\/centro_urbano\\\/\",\"https:\\\/\\\/www.linkedin.com\\\/company\\\/centro-urbano\\\/\",\"http:\\\/\\\/www.youtube.com\\\/user\\\/portalcentrourbano\"]},{\"@type\":\"Person\",\"@id\":\"https:\\\/\\\/centrourbano.com\\\/revista\\\/#\\\/schema\\\/person\\\/b190b20bbbceb41ec72278c546fa8df3\",\"name\":\"Fernanda Hern\u00e1ndez\",\"image\":{\"@type\":\"ImageObject\",\"inLanguage\":\"es\",\"@id\":\"https:\\\/\\\/secure.gravatar.com\\\/avatar\\\/9471831fb0a24eae9d32d826a7cb8ef07c34a41520aca1a0ab1f5c0903ba49b9?s=96&d=mm&r=g\",\"url\":\"https:\\\/\\\/secure.gravatar.com\\\/avatar\\\/9471831fb0a24eae9d32d826a7cb8ef07c34a41520aca1a0ab1f5c0903ba49b9?s=96&d=mm&r=g\",\"contentUrl\":\"https:\\\/\\\/secure.gravatar.com\\\/avatar\\\/9471831fb0a24eae9d32d826a7cb8ef07c34a41520aca1a0ab1f5c0903ba49b9?s=96&d=mm&r=g\",\"caption\":\"Fernanda Hern\u00e1ndez\"},\"description\":\"Reportera y redactora en Centro Urbano. Soy egresada de la licenciatura en Ciencias de la Comunicaci\u00f3n de la Facultad de Ciencias Pol\u00edticas y Sociales (UNAM). Me interesa la cultura, el urbanismo y la arquitectura. Amante del mundo digital, el cine, la m\u00fasica, la lectura y la escritura.\",\"sameAs\":[\"https:\\\/\\\/x.com\\\/https:\\\/\\\/twitter.com\\\/Nannz_Hernandez\"],\"url\":\"https:\\\/\\\/centrourbano.com\\\/revista\\\/author\\\/fernanda-hernandez\\\/\"}]}<\/script>\n<!-- \/ Yoast SEO plugin. -->","yoast_head_json":{"title":"Se cumplen 31 a\u00f1os de la muerte de Luis Barrag\u00e1n, el Pritzker mexicano","description":"Entre sus obras m\u00e1s destacadas se encuentran la Casa Estudio Luis Barrag\u00e1n, las Torres de Ciudad Sat\u00e9lite, la Fuente de Los Amantes y la Casa Gilardi","robots":{"index":"index","follow":"follow","max-snippet":"max-snippet:-1","max-image-preview":"max-image-preview:large","max-video-preview":"max-video-preview:-1"},"canonical":"https:\/\/centrourbano.com\/revista\/arquitectura-2\/se-cumplen-31-anos-de-la-muerte-de-luis-barragan-el-pritzker-mexicano\/","og_locale":"es_ES","og_type":"article","og_title":"Se cumplen 31 a\u00f1os de la muerte de Luis Barrag\u00e1n, el Pritzker mexicano","og_description":"Entre sus obras m\u00e1s destacadas se encuentran la Casa Estudio Luis Barrag\u00e1n, las Torres de Ciudad Sat\u00e9lite, la Fuente de Los Amantes y la Casa Gilardi","og_url":"https:\/\/centrourbano.com\/revista\/arquitectura-2\/se-cumplen-31-anos-de-la-muerte-de-luis-barragan-el-pritzker-mexicano\/","og_site_name":"Centro Urbano","article_publisher":"https:\/\/www.facebook.com\/portalcentrourbano","article_published_time":"2019-11-22T19:51:12+00:00","og_image":[{"width":795,"height":506,"url":"https:\/\/centrourbano.com\/revista\/wp-content\/uploads\/31-a\u00f1os-sin-Luis-Barrag\u00e1n-el-\u00fanico-Pritzker-mexicano.jpg","type":"image\/jpeg"}],"author":"Fernanda Hern\u00e1ndez","twitter_card":"summary_large_image","twitter_creator":"@https:\/\/twitter.com\/Nannz_Hernandez","twitter_site":"@CentroUrbano","twitter_misc":{"Escrito por":"Fernanda Hern\u00e1ndez","Tiempo de lectura":"4 minutos"},"schema":{"@context":"https:\/\/schema.org","@graph":[{"@type":"Article","@id":"https:\/\/centrourbano.com\/revista\/arquitectura-2\/se-cumplen-31-anos-de-la-muerte-de-luis-barragan-el-pritzker-mexicano\/#article","isPartOf":{"@id":"https:\/\/centrourbano.com\/revista\/arquitectura-2\/se-cumplen-31-anos-de-la-muerte-de-luis-barragan-el-pritzker-mexicano\/"},"author":{"name":"Fernanda Hern\u00e1ndez","@id":"https:\/\/centrourbano.com\/revista\/#\/schema\/person\/b190b20bbbceb41ec72278c546fa8df3"},"headline":"Se cumplen 31 a\u00f1os de la muerte de Luis Barrag\u00e1n, el Pritzker mexicano","datePublished":"2019-11-22T19:51:12+00:00","mainEntityOfPage":{"@id":"https:\/\/centrourbano.com\/revista\/arquitectura-2\/se-cumplen-31-anos-de-la-muerte-de-luis-barragan-el-pritzker-mexicano\/"},"wordCount":726,"commentCount":0,"publisher":{"@id":"https:\/\/centrourbano.com\/revista\/#organization"},"image":{"@id":"https:\/\/centrourbano.com\/revista\/arquitectura-2\/se-cumplen-31-anos-de-la-muerte-de-luis-barragan-el-pritzker-mexicano\/#primaryimage"},"thumbnailUrl":"https:\/\/centrourbano.com\/revista\/wp-content\/uploads\/31-a\u00f1os-sin-Luis-Barrag\u00e1n-el-\u00fanico-Pritzker-mexicano.jpg","keywords":["arquitectura","Casa-Estudio Luis Barrag\u00e1n","Luis Barrag\u00e1n","Torres de Sat\u00e9lite"],"articleSection":["Arquitectura","Reportajes"],"inLanguage":"es","potentialAction":[{"@type":"CommentAction","name":"Comment","target":["https:\/\/centrourbano.com\/revista\/arquitectura-2\/se-cumplen-31-anos-de-la-muerte-de-luis-barragan-el-pritzker-mexicano\/#respond"]}]},{"@type":"WebPage","@id":"https:\/\/centrourbano.com\/revista\/arquitectura-2\/se-cumplen-31-anos-de-la-muerte-de-luis-barragan-el-pritzker-mexicano\/","url":"https:\/\/centrourbano.com\/revista\/arquitectura-2\/se-cumplen-31-anos-de-la-muerte-de-luis-barragan-el-pritzker-mexicano\/","name":"Se cumplen 31 a\u00f1os de la muerte de Luis Barrag\u00e1n, el Pritzker mexicano","isPartOf":{"@id":"https:\/\/centrourbano.com\/revista\/#website"},"primaryImageOfPage":{"@id":"https:\/\/centrourbano.com\/revista\/arquitectura-2\/se-cumplen-31-anos-de-la-muerte-de-luis-barragan-el-pritzker-mexicano\/#primaryimage"},"image":{"@id":"https:\/\/centrourbano.com\/revista\/arquitectura-2\/se-cumplen-31-anos-de-la-muerte-de-luis-barragan-el-pritzker-mexicano\/#primaryimage"},"thumbnailUrl":"https:\/\/centrourbano.com\/revista\/wp-content\/uploads\/31-a\u00f1os-sin-Luis-Barrag\u00e1n-el-\u00fanico-Pritzker-mexicano.jpg","datePublished":"2019-11-22T19:51:12+00:00","description":"Entre sus obras m\u00e1s destacadas se encuentran la Casa Estudio Luis Barrag\u00e1n, las Torres de Ciudad Sat\u00e9lite, la Fuente de Los Amantes y la Casa Gilardi","breadcrumb":{"@id":"https:\/\/centrourbano.com\/revista\/arquitectura-2\/se-cumplen-31-anos-de-la-muerte-de-luis-barragan-el-pritzker-mexicano\/#breadcrumb"},"inLanguage":"es","potentialAction":[{"@type":"ReadAction","target":["https:\/\/centrourbano.com\/revista\/arquitectura-2\/se-cumplen-31-anos-de-la-muerte-de-luis-barragan-el-pritzker-mexicano\/"]}]},{"@type":"ImageObject","inLanguage":"es","@id":"https:\/\/centrourbano.com\/revista\/arquitectura-2\/se-cumplen-31-anos-de-la-muerte-de-luis-barragan-el-pritzker-mexicano\/#primaryimage","url":"https:\/\/centrourbano.com\/revista\/wp-content\/uploads\/31-a\u00f1os-sin-Luis-Barrag\u00e1n-el-\u00fanico-Pritzker-mexicano.jpg","contentUrl":"https:\/\/centrourbano.com\/revista\/wp-content\/uploads\/31-a\u00f1os-sin-Luis-Barrag\u00e1n-el-\u00fanico-Pritzker-mexicano.jpg","width":795,"height":506,"caption":"Entre sus obras m\u00e1s destacadas se encuentran la Casa Estudio Luis Barrag\u00e1n, las Torres de Ciudad Sat\u00e9lite, la Fuente de Los Amantes y la Casa Gilardi"},{"@type":"BreadcrumbList","@id":"https:\/\/centrourbano.com\/revista\/arquitectura-2\/se-cumplen-31-anos-de-la-muerte-de-luis-barragan-el-pritzker-mexicano\/#breadcrumb","itemListElement":[{"@type":"ListItem","position":1,"name":"Portada","item":"https:\/\/centrourbano.com\/revista\/"},{"@type":"ListItem","position":2,"name":"Se cumplen 31 a\u00f1os de la muerte de Luis Barrag\u00e1n, el Pritzker mexicano"}]},{"@type":"WebSite","@id":"https:\/\/centrourbano.com\/revista\/#website","url":"https:\/\/centrourbano.com\/revista\/","name":"Centro Urbano","description":"Medio especializado en los sectores vivienda, inmobiliario, construcci\u00f3n, arquitectura y urbanismo.","publisher":{"@id":"https:\/\/centrourbano.com\/revista\/#organization"},"potentialAction":[{"@type":"SearchAction","target":{"@type":"EntryPoint","urlTemplate":"https:\/\/centrourbano.com\/revista\/?s={search_term_string}"},"query-input":{"@type":"PropertyValueSpecification","valueRequired":true,"valueName":"search_term_string"}}],"inLanguage":"es"},{"@type":"Organization","@id":"https:\/\/centrourbano.com\/revista\/#organization","name":"Centro Urbano","url":"https:\/\/centrourbano.com\/revista\/","logo":{"@type":"ImageObject","inLanguage":"es","@id":"https:\/\/centrourbano.com\/revista\/#\/schema\/logo\/image\/","url":"https:\/\/centrourbano.com\/revista\/wp-content\/uploads\/web_CU_logo-1.png","contentUrl":"https:\/\/centrourbano.com\/revista\/wp-content\/uploads\/web_CU_logo-1.png","width":350,"height":91,"caption":"Centro Urbano"},"image":{"@id":"https:\/\/centrourbano.com\/revista\/#\/schema\/logo\/image\/"},"sameAs":["https:\/\/www.facebook.com\/portalcentrourbano","https:\/\/x.com\/CentroUrbano","https:\/\/www.instagram.com\/centro_urbano\/","https:\/\/www.linkedin.com\/company\/centro-urbano\/","http:\/\/www.youtube.com\/user\/portalcentrourbano"]},{"@type":"Person","@id":"https:\/\/centrourbano.com\/revista\/#\/schema\/person\/b190b20bbbceb41ec72278c546fa8df3","name":"Fernanda Hern\u00e1ndez","image":{"@type":"ImageObject","inLanguage":"es","@id":"https:\/\/secure.gravatar.com\/avatar\/9471831fb0a24eae9d32d826a7cb8ef07c34a41520aca1a0ab1f5c0903ba49b9?s=96&d=mm&r=g","url":"https:\/\/secure.gravatar.com\/avatar\/9471831fb0a24eae9d32d826a7cb8ef07c34a41520aca1a0ab1f5c0903ba49b9?s=96&d=mm&r=g","contentUrl":"https:\/\/secure.gravatar.com\/avatar\/9471831fb0a24eae9d32d826a7cb8ef07c34a41520aca1a0ab1f5c0903ba49b9?s=96&d=mm&r=g","caption":"Fernanda Hern\u00e1ndez"},"description":"Reportera y redactora en Centro Urbano. Soy egresada de la licenciatura en Ciencias de la Comunicaci\u00f3n de la Facultad de Ciencias Pol\u00edticas y Sociales (UNAM). Me interesa la cultura, el urbanismo y la arquitectura. Amante del mundo digital, el cine, la m\u00fasica, la lectura y la escritura.","sameAs":["https:\/\/x.com\/https:\/\/twitter.com\/Nannz_Hernandez"],"url":"https:\/\/centrourbano.com\/revista\/author\/fernanda-hernandez\/"}]}},"_links":{"self":[{"href":"https:\/\/centrourbano.com\/revista\/wp-json\/wp\/v2\/posts\/99346","targetHints":{"allow":["GET"]}}],"collection":[{"href":"https:\/\/centrourbano.com\/revista\/wp-json\/wp\/v2\/posts"}],"about":[{"href":"https:\/\/centrourbano.com\/revista\/wp-json\/wp\/v2\/types\/post"}],"author":[{"embeddable":true,"href":"https:\/\/centrourbano.com\/revista\/wp-json\/wp\/v2\/users\/73"}],"replies":[{"embeddable":true,"href":"https:\/\/centrourbano.com\/revista\/wp-json\/wp\/v2\/comments?post=99346"}],"version-history":[{"count":3,"href":"https:\/\/centrourbano.com\/revista\/wp-json\/wp\/v2\/posts\/99346\/revisions"}],"predecessor-version":[{"id":99364,"href":"https:\/\/centrourbano.com\/revista\/wp-json\/wp\/v2\/posts\/99346\/revisions\/99364"}],"wp:featuredmedia":[{"embeddable":true,"href":"https:\/\/centrourbano.com\/revista\/wp-json\/wp\/v2\/media\/99347"}],"wp:attachment":[{"href":"https:\/\/centrourbano.com\/revista\/wp-json\/wp\/v2\/media?parent=99346"}],"wp:term":[{"taxonomy":"category","embeddable":true,"href":"https:\/\/centrourbano.com\/revista\/wp-json\/wp\/v2\/categories?post=99346"},{"taxonomy":"post_tag","embeddable":true,"href":"https:\/\/centrourbano.com\/revista\/wp-json\/wp\/v2\/tags?post=99346"}],"curies":[{"name":"wp","href":"https:\/\/api.w.org\/{rel}","templated":true}]}}