{"id":99083,"date":"2019-11-19T09:01:55","date_gmt":"2019-11-19T15:01:55","guid":{"rendered":"https:\/\/centrourbano.com\/?p=99083"},"modified":"2019-11-19T10:12:42","modified_gmt":"2019-11-19T16:12:42","slug":"realizan-conferencia-sobre-la-historia-de-paseo-de-la-reforma","status":"publish","type":"post","link":"https:\/\/centrourbano.com\/revista\/arquitectura-2\/realizan-conferencia-sobre-la-historia-de-paseo-de-la-reforma\/","title":{"rendered":"Realizan conferencia sobre la historia de Paseo de la Reforma"},"content":{"rendered":"<p><em>En un inicio, a esta avenida se le llam\u00f3\u00a0Paseo del Emperador, un trazado de tierra que era utilizado \u00fanicamente por\u00a0Maximiliano\u00a0de Habsburgo<\/em><!--more--><\/p>\n<p>Hace unos d\u00edas se llev\u00f3 a cabo\u00a0la conferencia \u2018<strong>Paseo de la Reforma y su historia\u2019,\u00a0<\/strong>en el <strong>Sal\u00f3n de Cabildos<\/strong> del <strong>Antiguo Palacio del Ayuntamiento<\/strong>, la cual fue impartida por la historiadora Mar\u00eda Guadalupe Lozada Le\u00f3n, directora general de <strong>Patrimonio Hist\u00f3rico, Art\u00edstico y Cultural de la Secretar\u00eda de Cultura<\/strong> de la CDMX.<\/p>\n<p>La maestra hizo un recorrido hist\u00f3rico de la emblem\u00e1tica avenida y recuper\u00f3 algunos pasajes de su creaci\u00f3n y evoluci\u00f3n hasta la actualidad. Con ayuda de fotograf\u00edas y un proyector, se evoc\u00f3 a la memoria y lectura para comprender el progreso de esta obra.<\/p>\n<p>\u201cPara conectar M\u00e9xico (ahora <strong>Centro Hist\u00f3rico<\/strong>) a Chapultepec y as\u00ed evitar la Avenida de los Arcos (ahora Avenida Chapultepec), que los habitantes utilizaban para tomar agua, el <strong>emperador Maximiliano de Habsburgo<\/strong> decidi\u00f3 hacer este camino\u201d, explic\u00f3 la funcionaria ante un gran aforo.<\/p>\n<a href=\"https:\/\/centrourbano.com\/revista\/wp-content\/uploads\/paseo-de-la-reforma-conferencia.jpg\"><img loading=\"lazy\" decoding=\"async\" class=\" wp-image-99084 alignleft\" src=\"https:\/\/centrourbano.com\/revista\/wp-content\/uploads\/paseo-de-la-reforma-conferencia-300x200.jpg\" alt=\"\" width=\"359\" height=\"239\" srcset=\"https:\/\/centrourbano.com\/revista\/wp-content\/uploads\/paseo-de-la-reforma-conferencia-300x200.jpg 300w, https:\/\/centrourbano.com\/revista\/wp-content\/uploads\/paseo-de-la-reforma-conferencia.jpg 634w\" sizes=\"auto, (max-width: 359px) 100vw, 359px\" \/><\/a>\n<p>Basada en sus propias investigaciones, Lozada afirm\u00f3 que las tierras por las que cruzaba en la antig\u00fcedad Paseo de la Reforma correspond\u00edan a nueve propietarios, pero solo se conocen dos de ellos.<\/p>\n<p>Como indican escritos resguardados en el <strong>Archivo Hist\u00f3rico de la Ciudad de M\u00e9xico<\/strong>, en un inicio, a esta avenida se le llam\u00f3 <strong>Paseo del Emperador<\/strong>, un trazado de tierra que era utilizado \u00fanicamente por <strong>Maximiliano<\/strong>. \u201cA pesar de no haber sido pavimentado, s\u00ed se hizo un gran reglamento para el paseo, el cual imped\u00eda que la gente se acercara o lo pisara, y menos con animales; era para que transitaran los emperadores y sus invitados\u201d, asegur\u00f3.<\/p>\n<p>\u201cReforma va creciendo en el Porfiriato y llega a su culminaci\u00f3n como paseo en 1910, con la inauguraci\u00f3n del Monumento a la Independencia. \u00c9sta le da a la vialidad el toque final. La colocaci\u00f3n del \u00c1ngel hizo que todo mundo volteara los ojos a Reforma y que los gobiernos posteriores a la Revoluci\u00f3n se dedicaran a cuidarla\u201d, indic\u00f3 la maestra.<\/p>\n<p>Lozada Le\u00f3n narr\u00f3 que para el a\u00f1o 2000, con la llegada de <strong>Andr\u00e9s Manuel L\u00f3pez Obrador<\/strong> a la <strong>Jefatura de Gobierno de la Ciudad<\/strong>, se restaur\u00f3 la avenida, pues ven\u00eda de un deterioro por el paso de los a\u00f1os y por el terremoto de 1985.<\/p>\n","protected":false},"excerpt":{"rendered":"<p>En un inicio, a esta avenida se le llam\u00f3\u00a0Paseo del Emperador, un trazado de tierra que era utilizado \u00fanicamente por\u00a0Maximiliano\u00a0de Habsburgo<\/p>\n","protected":false},"author":74,"featured_media":99085,"comment_status":"open","ping_status":"closed","sticky":false,"template":"","format":"standard","meta":{"om_disable_all_campaigns":false,"inline_featured_image":false,"_monsterinsights_skip_tracking":false,"_monsterinsights_sitenote_active":false,"_monsterinsights_sitenote_note":"","_monsterinsights_sitenote_category":0,"footnotes":""},"categories":[81,82],"tags":[10245,16748,689,3462],"class_list":["post-99083","post","type-post","status-publish","format-standard","has-post-thumbnail","hentry","category-arquitectura-2","category-urbanismo","tag-andres-manuel-lopez-obrador","tag-emperador-maximiliano-de-habsburgo","tag-paseo-de-la-reforma","tag-secretaria-de-cultura"],"yoast_head":"<!-- This site is optimized with the Yoast SEO plugin v27.5 - https:\/\/yoast.com\/product\/yoast-seo-wordpress\/ -->\n<title>Realizan conferencia sobre la historia de Paseo de la Reforma<\/title>\n<meta name=\"description\" content=\"En un inicio, a esta avenida se le llam\u00f3 Paseo del Emperador, un trazado de tierra que era utilizado \u00fanicamente por Maximiliano de Habsburgo\" \/>\n<meta name=\"robots\" content=\"index, follow, max-snippet:-1, max-image-preview:large, max-video-preview:-1\" \/>\n<link rel=\"canonical\" href=\"https:\/\/centrourbano.com\/revista\/arquitectura-2\/realizan-conferencia-sobre-la-historia-de-paseo-de-la-reforma\/\" \/>\n<meta property=\"og:locale\" content=\"es_ES\" \/>\n<meta property=\"og:type\" content=\"article\" \/>\n<meta property=\"og:title\" content=\"Realizan conferencia sobre la historia de Paseo de la Reforma\" \/>\n<meta property=\"og:description\" content=\"En un inicio, a esta avenida se le llam\u00f3 Paseo del Emperador, un trazado de tierra que era utilizado \u00fanicamente por Maximiliano de Habsburgo\" \/>\n<meta property=\"og:url\" content=\"https:\/\/centrourbano.com\/revista\/arquitectura-2\/realizan-conferencia-sobre-la-historia-de-paseo-de-la-reforma\/\" \/>\n<meta property=\"og:site_name\" content=\"Centro Urbano\" \/>\n<meta property=\"article:publisher\" content=\"https:\/\/www.facebook.com\/portalcentrourbano\" \/>\n<meta property=\"article:published_time\" content=\"2019-11-19T15:01:55+00:00\" \/>\n<meta property=\"article:modified_time\" content=\"2019-11-19T16:12:42+00:00\" \/>\n<meta property=\"og:image\" content=\"https:\/\/centrourbano.com\/revista\/wp-content\/uploads\/paseo-de-la-reforma.jpg\" \/>\n\t<meta property=\"og:image:width\" content=\"1160\" \/>\n\t<meta property=\"og:image:height\" content=\"700\" \/>\n\t<meta property=\"og:image:type\" content=\"image\/jpeg\" \/>\n<meta name=\"author\" content=\"Sheila Navarro\" \/>\n<meta name=\"twitter:card\" content=\"summary_large_image\" \/>\n<meta name=\"twitter:creator\" content=\"@CentroUrbano\" \/>\n<meta name=\"twitter:site\" content=\"@CentroUrbano\" \/>\n<meta name=\"twitter:label1\" content=\"Escrito por\" \/>\n\t<meta name=\"twitter:data1\" content=\"Sheila Navarro\" \/>\n\t<meta name=\"twitter:label2\" content=\"Tiempo de lectura\" \/>\n\t<meta name=\"twitter:data2\" content=\"2 minutos\" \/>\n<script type=\"application\/ld+json\" class=\"yoast-schema-graph\">{\"@context\":\"https:\\\/\\\/schema.org\",\"@graph\":[{\"@type\":\"Article\",\"@id\":\"https:\\\/\\\/centrourbano.com\\\/revista\\\/arquitectura-2\\\/realizan-conferencia-sobre-la-historia-de-paseo-de-la-reforma\\\/#article\",\"isPartOf\":{\"@id\":\"https:\\\/\\\/centrourbano.com\\\/revista\\\/arquitectura-2\\\/realizan-conferencia-sobre-la-historia-de-paseo-de-la-reforma\\\/\"},\"author\":{\"name\":\"Sheila Navarro\",\"@id\":\"https:\\\/\\\/centrourbano.com\\\/revista\\\/#\\\/schema\\\/person\\\/a10d46c5a349f56a0c72e807d8381b4d\"},\"headline\":\"Realizan conferencia sobre la historia de Paseo de la Reforma\",\"datePublished\":\"2019-11-19T15:01:55+00:00\",\"dateModified\":\"2019-11-19T16:12:42+00:00\",\"mainEntityOfPage\":{\"@id\":\"https:\\\/\\\/centrourbano.com\\\/revista\\\/arquitectura-2\\\/realizan-conferencia-sobre-la-historia-de-paseo-de-la-reforma\\\/\"},\"wordCount\":411,\"commentCount\":0,\"publisher\":{\"@id\":\"https:\\\/\\\/centrourbano.com\\\/revista\\\/#organization\"},\"image\":{\"@id\":\"https:\\\/\\\/centrourbano.com\\\/revista\\\/arquitectura-2\\\/realizan-conferencia-sobre-la-historia-de-paseo-de-la-reforma\\\/#primaryimage\"},\"thumbnailUrl\":\"https:\\\/\\\/centrourbano.com\\\/revista\\\/wp-content\\\/uploads\\\/paseo-de-la-reforma.jpg\",\"keywords\":[\"Andres Manuel L\u00f3pez Obrador\",\"emperador Maximiliano de Habsburgo\",\"Paseo de la Reforma\",\"Secretar\u00eda de Cultura\"],\"articleSection\":[\"Arquitectura\",\"Urbanismo\"],\"inLanguage\":\"es\",\"potentialAction\":[{\"@type\":\"CommentAction\",\"name\":\"Comment\",\"target\":[\"https:\\\/\\\/centrourbano.com\\\/revista\\\/arquitectura-2\\\/realizan-conferencia-sobre-la-historia-de-paseo-de-la-reforma\\\/#respond\"]}]},{\"@type\":\"WebPage\",\"@id\":\"https:\\\/\\\/centrourbano.com\\\/revista\\\/arquitectura-2\\\/realizan-conferencia-sobre-la-historia-de-paseo-de-la-reforma\\\/\",\"url\":\"https:\\\/\\\/centrourbano.com\\\/revista\\\/arquitectura-2\\\/realizan-conferencia-sobre-la-historia-de-paseo-de-la-reforma\\\/\",\"name\":\"Realizan conferencia sobre la historia de Paseo de la Reforma\",\"isPartOf\":{\"@id\":\"https:\\\/\\\/centrourbano.com\\\/revista\\\/#website\"},\"primaryImageOfPage\":{\"@id\":\"https:\\\/\\\/centrourbano.com\\\/revista\\\/arquitectura-2\\\/realizan-conferencia-sobre-la-historia-de-paseo-de-la-reforma\\\/#primaryimage\"},\"image\":{\"@id\":\"https:\\\/\\\/centrourbano.com\\\/revista\\\/arquitectura-2\\\/realizan-conferencia-sobre-la-historia-de-paseo-de-la-reforma\\\/#primaryimage\"},\"thumbnailUrl\":\"https:\\\/\\\/centrourbano.com\\\/revista\\\/wp-content\\\/uploads\\\/paseo-de-la-reforma.jpg\",\"datePublished\":\"2019-11-19T15:01:55+00:00\",\"dateModified\":\"2019-11-19T16:12:42+00:00\",\"description\":\"En un inicio, a esta avenida se le llam\u00f3 Paseo del Emperador, un trazado de tierra que era utilizado \u00fanicamente por Maximiliano de Habsburgo\",\"breadcrumb\":{\"@id\":\"https:\\\/\\\/centrourbano.com\\\/revista\\\/arquitectura-2\\\/realizan-conferencia-sobre-la-historia-de-paseo-de-la-reforma\\\/#breadcrumb\"},\"inLanguage\":\"es\",\"potentialAction\":[{\"@type\":\"ReadAction\",\"target\":[\"https:\\\/\\\/centrourbano.com\\\/revista\\\/arquitectura-2\\\/realizan-conferencia-sobre-la-historia-de-paseo-de-la-reforma\\\/\"]}]},{\"@type\":\"ImageObject\",\"inLanguage\":\"es\",\"@id\":\"https:\\\/\\\/centrourbano.com\\\/revista\\\/arquitectura-2\\\/realizan-conferencia-sobre-la-historia-de-paseo-de-la-reforma\\\/#primaryimage\",\"url\":\"https:\\\/\\\/centrourbano.com\\\/revista\\\/wp-content\\\/uploads\\\/paseo-de-la-reforma.jpg\",\"contentUrl\":\"https:\\\/\\\/centrourbano.com\\\/revista\\\/wp-content\\\/uploads\\\/paseo-de-la-reforma.jpg\",\"width\":1160,\"height\":700,\"caption\":\"En un inicio, a esta avenida se le llam\u00f3 Paseo del Emperador, un trazado de tierra que era utilizado \u00fanicamente por Maximiliano de Habsburgo\"},{\"@type\":\"BreadcrumbList\",\"@id\":\"https:\\\/\\\/centrourbano.com\\\/revista\\\/arquitectura-2\\\/realizan-conferencia-sobre-la-historia-de-paseo-de-la-reforma\\\/#breadcrumb\",\"itemListElement\":[{\"@type\":\"ListItem\",\"position\":1,\"name\":\"Portada\",\"item\":\"https:\\\/\\\/centrourbano.com\\\/revista\\\/\"},{\"@type\":\"ListItem\",\"position\":2,\"name\":\"Realizan conferencia sobre la historia de Paseo de la Reforma\"}]},{\"@type\":\"WebSite\",\"@id\":\"https:\\\/\\\/centrourbano.com\\\/revista\\\/#website\",\"url\":\"https:\\\/\\\/centrourbano.com\\\/revista\\\/\",\"name\":\"Centro Urbano\",\"description\":\"Medio especializado en los sectores vivienda, inmobiliario, construcci\u00f3n, arquitectura y urbanismo.\",\"publisher\":{\"@id\":\"https:\\\/\\\/centrourbano.com\\\/revista\\\/#organization\"},\"potentialAction\":[{\"@type\":\"SearchAction\",\"target\":{\"@type\":\"EntryPoint\",\"urlTemplate\":\"https:\\\/\\\/centrourbano.com\\\/revista\\\/?s={search_term_string}\"},\"query-input\":{\"@type\":\"PropertyValueSpecification\",\"valueRequired\":true,\"valueName\":\"search_term_string\"}}],\"inLanguage\":\"es\"},{\"@type\":\"Organization\",\"@id\":\"https:\\\/\\\/centrourbano.com\\\/revista\\\/#organization\",\"name\":\"Centro Urbano\",\"url\":\"https:\\\/\\\/centrourbano.com\\\/revista\\\/\",\"logo\":{\"@type\":\"ImageObject\",\"inLanguage\":\"es\",\"@id\":\"https:\\\/\\\/centrourbano.com\\\/revista\\\/#\\\/schema\\\/logo\\\/image\\\/\",\"url\":\"https:\\\/\\\/centrourbano.com\\\/revista\\\/wp-content\\\/uploads\\\/web_CU_logo-1.png\",\"contentUrl\":\"https:\\\/\\\/centrourbano.com\\\/revista\\\/wp-content\\\/uploads\\\/web_CU_logo-1.png\",\"width\":350,\"height\":91,\"caption\":\"Centro Urbano\"},\"image\":{\"@id\":\"https:\\\/\\\/centrourbano.com\\\/revista\\\/#\\\/schema\\\/logo\\\/image\\\/\"},\"sameAs\":[\"https:\\\/\\\/www.facebook.com\\\/portalcentrourbano\",\"https:\\\/\\\/x.com\\\/CentroUrbano\",\"https:\\\/\\\/www.instagram.com\\\/centro_urbano\\\/\",\"https:\\\/\\\/www.linkedin.com\\\/company\\\/centro-urbano\\\/\",\"http:\\\/\\\/www.youtube.com\\\/user\\\/portalcentrourbano\"]},{\"@type\":\"Person\",\"@id\":\"https:\\\/\\\/centrourbano.com\\\/revista\\\/#\\\/schema\\\/person\\\/a10d46c5a349f56a0c72e807d8381b4d\",\"name\":\"Sheila Navarro\",\"image\":{\"@type\":\"ImageObject\",\"inLanguage\":\"es\",\"@id\":\"https:\\\/\\\/secure.gravatar.com\\\/avatar\\\/7a41d8055617de289b6a5a0f177e7f23d2825723c0a35aa6db6e65305c27b2e4?s=96&d=mm&r=g\",\"url\":\"https:\\\/\\\/secure.gravatar.com\\\/avatar\\\/7a41d8055617de289b6a5a0f177e7f23d2825723c0a35aa6db6e65305c27b2e4?s=96&d=mm&r=g\",\"contentUrl\":\"https:\\\/\\\/secure.gravatar.com\\\/avatar\\\/7a41d8055617de289b6a5a0f177e7f23d2825723c0a35aa6db6e65305c27b2e4?s=96&d=mm&r=g\",\"caption\":\"Sheila Navarro\"},\"url\":\"https:\\\/\\\/centrourbano.com\\\/revista\\\/author\\\/sheila-navarro\\\/\"}]}<\/script>\n<!-- \/ Yoast SEO plugin. -->","yoast_head_json":{"title":"Realizan conferencia sobre la historia de Paseo de la Reforma","description":"En un inicio, a esta avenida se le llam\u00f3 Paseo del Emperador, un trazado de tierra que era utilizado \u00fanicamente por Maximiliano de Habsburgo","robots":{"index":"index","follow":"follow","max-snippet":"max-snippet:-1","max-image-preview":"max-image-preview:large","max-video-preview":"max-video-preview:-1"},"canonical":"https:\/\/centrourbano.com\/revista\/arquitectura-2\/realizan-conferencia-sobre-la-historia-de-paseo-de-la-reforma\/","og_locale":"es_ES","og_type":"article","og_title":"Realizan conferencia sobre la historia de Paseo de la Reforma","og_description":"En un inicio, a esta avenida se le llam\u00f3 Paseo del Emperador, un trazado de tierra que era utilizado \u00fanicamente por Maximiliano de Habsburgo","og_url":"https:\/\/centrourbano.com\/revista\/arquitectura-2\/realizan-conferencia-sobre-la-historia-de-paseo-de-la-reforma\/","og_site_name":"Centro Urbano","article_publisher":"https:\/\/www.facebook.com\/portalcentrourbano","article_published_time":"2019-11-19T15:01:55+00:00","article_modified_time":"2019-11-19T16:12:42+00:00","og_image":[{"width":1160,"height":700,"url":"https:\/\/centrourbano.com\/revista\/wp-content\/uploads\/paseo-de-la-reforma.jpg","type":"image\/jpeg"}],"author":"Sheila Navarro","twitter_card":"summary_large_image","twitter_creator":"@CentroUrbano","twitter_site":"@CentroUrbano","twitter_misc":{"Escrito por":"Sheila Navarro","Tiempo de lectura":"2 minutos"},"schema":{"@context":"https:\/\/schema.org","@graph":[{"@type":"Article","@id":"https:\/\/centrourbano.com\/revista\/arquitectura-2\/realizan-conferencia-sobre-la-historia-de-paseo-de-la-reforma\/#article","isPartOf":{"@id":"https:\/\/centrourbano.com\/revista\/arquitectura-2\/realizan-conferencia-sobre-la-historia-de-paseo-de-la-reforma\/"},"author":{"name":"Sheila Navarro","@id":"https:\/\/centrourbano.com\/revista\/#\/schema\/person\/a10d46c5a349f56a0c72e807d8381b4d"},"headline":"Realizan conferencia sobre la historia de Paseo de la Reforma","datePublished":"2019-11-19T15:01:55+00:00","dateModified":"2019-11-19T16:12:42+00:00","mainEntityOfPage":{"@id":"https:\/\/centrourbano.com\/revista\/arquitectura-2\/realizan-conferencia-sobre-la-historia-de-paseo-de-la-reforma\/"},"wordCount":411,"commentCount":0,"publisher":{"@id":"https:\/\/centrourbano.com\/revista\/#organization"},"image":{"@id":"https:\/\/centrourbano.com\/revista\/arquitectura-2\/realizan-conferencia-sobre-la-historia-de-paseo-de-la-reforma\/#primaryimage"},"thumbnailUrl":"https:\/\/centrourbano.com\/revista\/wp-content\/uploads\/paseo-de-la-reforma.jpg","keywords":["Andres Manuel L\u00f3pez Obrador","emperador Maximiliano de Habsburgo","Paseo de la Reforma","Secretar\u00eda de Cultura"],"articleSection":["Arquitectura","Urbanismo"],"inLanguage":"es","potentialAction":[{"@type":"CommentAction","name":"Comment","target":["https:\/\/centrourbano.com\/revista\/arquitectura-2\/realizan-conferencia-sobre-la-historia-de-paseo-de-la-reforma\/#respond"]}]},{"@type":"WebPage","@id":"https:\/\/centrourbano.com\/revista\/arquitectura-2\/realizan-conferencia-sobre-la-historia-de-paseo-de-la-reforma\/","url":"https:\/\/centrourbano.com\/revista\/arquitectura-2\/realizan-conferencia-sobre-la-historia-de-paseo-de-la-reforma\/","name":"Realizan conferencia sobre la historia de Paseo de la Reforma","isPartOf":{"@id":"https:\/\/centrourbano.com\/revista\/#website"},"primaryImageOfPage":{"@id":"https:\/\/centrourbano.com\/revista\/arquitectura-2\/realizan-conferencia-sobre-la-historia-de-paseo-de-la-reforma\/#primaryimage"},"image":{"@id":"https:\/\/centrourbano.com\/revista\/arquitectura-2\/realizan-conferencia-sobre-la-historia-de-paseo-de-la-reforma\/#primaryimage"},"thumbnailUrl":"https:\/\/centrourbano.com\/revista\/wp-content\/uploads\/paseo-de-la-reforma.jpg","datePublished":"2019-11-19T15:01:55+00:00","dateModified":"2019-11-19T16:12:42+00:00","description":"En un inicio, a esta avenida se le llam\u00f3 Paseo del Emperador, un trazado de tierra que era utilizado \u00fanicamente por Maximiliano de Habsburgo","breadcrumb":{"@id":"https:\/\/centrourbano.com\/revista\/arquitectura-2\/realizan-conferencia-sobre-la-historia-de-paseo-de-la-reforma\/#breadcrumb"},"inLanguage":"es","potentialAction":[{"@type":"ReadAction","target":["https:\/\/centrourbano.com\/revista\/arquitectura-2\/realizan-conferencia-sobre-la-historia-de-paseo-de-la-reforma\/"]}]},{"@type":"ImageObject","inLanguage":"es","@id":"https:\/\/centrourbano.com\/revista\/arquitectura-2\/realizan-conferencia-sobre-la-historia-de-paseo-de-la-reforma\/#primaryimage","url":"https:\/\/centrourbano.com\/revista\/wp-content\/uploads\/paseo-de-la-reforma.jpg","contentUrl":"https:\/\/centrourbano.com\/revista\/wp-content\/uploads\/paseo-de-la-reforma.jpg","width":1160,"height":700,"caption":"En un inicio, a esta avenida se le llam\u00f3 Paseo del Emperador, un trazado de tierra que era utilizado \u00fanicamente por Maximiliano de Habsburgo"},{"@type":"BreadcrumbList","@id":"https:\/\/centrourbano.com\/revista\/arquitectura-2\/realizan-conferencia-sobre-la-historia-de-paseo-de-la-reforma\/#breadcrumb","itemListElement":[{"@type":"ListItem","position":1,"name":"Portada","item":"https:\/\/centrourbano.com\/revista\/"},{"@type":"ListItem","position":2,"name":"Realizan conferencia sobre la historia de Paseo de la Reforma"}]},{"@type":"WebSite","@id":"https:\/\/centrourbano.com\/revista\/#website","url":"https:\/\/centrourbano.com\/revista\/","name":"Centro Urbano","description":"Medio especializado en los sectores vivienda, inmobiliario, construcci\u00f3n, arquitectura y urbanismo.","publisher":{"@id":"https:\/\/centrourbano.com\/revista\/#organization"},"potentialAction":[{"@type":"SearchAction","target":{"@type":"EntryPoint","urlTemplate":"https:\/\/centrourbano.com\/revista\/?s={search_term_string}"},"query-input":{"@type":"PropertyValueSpecification","valueRequired":true,"valueName":"search_term_string"}}],"inLanguage":"es"},{"@type":"Organization","@id":"https:\/\/centrourbano.com\/revista\/#organization","name":"Centro Urbano","url":"https:\/\/centrourbano.com\/revista\/","logo":{"@type":"ImageObject","inLanguage":"es","@id":"https:\/\/centrourbano.com\/revista\/#\/schema\/logo\/image\/","url":"https:\/\/centrourbano.com\/revista\/wp-content\/uploads\/web_CU_logo-1.png","contentUrl":"https:\/\/centrourbano.com\/revista\/wp-content\/uploads\/web_CU_logo-1.png","width":350,"height":91,"caption":"Centro Urbano"},"image":{"@id":"https:\/\/centrourbano.com\/revista\/#\/schema\/logo\/image\/"},"sameAs":["https:\/\/www.facebook.com\/portalcentrourbano","https:\/\/x.com\/CentroUrbano","https:\/\/www.instagram.com\/centro_urbano\/","https:\/\/www.linkedin.com\/company\/centro-urbano\/","http:\/\/www.youtube.com\/user\/portalcentrourbano"]},{"@type":"Person","@id":"https:\/\/centrourbano.com\/revista\/#\/schema\/person\/a10d46c5a349f56a0c72e807d8381b4d","name":"Sheila Navarro","image":{"@type":"ImageObject","inLanguage":"es","@id":"https:\/\/secure.gravatar.com\/avatar\/7a41d8055617de289b6a5a0f177e7f23d2825723c0a35aa6db6e65305c27b2e4?s=96&d=mm&r=g","url":"https:\/\/secure.gravatar.com\/avatar\/7a41d8055617de289b6a5a0f177e7f23d2825723c0a35aa6db6e65305c27b2e4?s=96&d=mm&r=g","contentUrl":"https:\/\/secure.gravatar.com\/avatar\/7a41d8055617de289b6a5a0f177e7f23d2825723c0a35aa6db6e65305c27b2e4?s=96&d=mm&r=g","caption":"Sheila Navarro"},"url":"https:\/\/centrourbano.com\/revista\/author\/sheila-navarro\/"}]}},"_links":{"self":[{"href":"https:\/\/centrourbano.com\/revista\/wp-json\/wp\/v2\/posts\/99083","targetHints":{"allow":["GET"]}}],"collection":[{"href":"https:\/\/centrourbano.com\/revista\/wp-json\/wp\/v2\/posts"}],"about":[{"href":"https:\/\/centrourbano.com\/revista\/wp-json\/wp\/v2\/types\/post"}],"author":[{"embeddable":true,"href":"https:\/\/centrourbano.com\/revista\/wp-json\/wp\/v2\/users\/74"}],"replies":[{"embeddable":true,"href":"https:\/\/centrourbano.com\/revista\/wp-json\/wp\/v2\/comments?post=99083"}],"version-history":[{"count":3,"href":"https:\/\/centrourbano.com\/revista\/wp-json\/wp\/v2\/posts\/99083\/revisions"}],"predecessor-version":[{"id":99106,"href":"https:\/\/centrourbano.com\/revista\/wp-json\/wp\/v2\/posts\/99083\/revisions\/99106"}],"wp:featuredmedia":[{"embeddable":true,"href":"https:\/\/centrourbano.com\/revista\/wp-json\/wp\/v2\/media\/99085"}],"wp:attachment":[{"href":"https:\/\/centrourbano.com\/revista\/wp-json\/wp\/v2\/media?parent=99083"}],"wp:term":[{"taxonomy":"category","embeddable":true,"href":"https:\/\/centrourbano.com\/revista\/wp-json\/wp\/v2\/categories?post=99083"},{"taxonomy":"post_tag","embeddable":true,"href":"https:\/\/centrourbano.com\/revista\/wp-json\/wp\/v2\/tags?post=99083"}],"curies":[{"name":"wp","href":"https:\/\/api.w.org\/{rel}","templated":true}]}}