{"id":99036,"date":"2019-11-15T09:00:52","date_gmt":"2019-11-15T15:00:52","guid":{"rendered":"https:\/\/centrourbano.com\/?p=99036"},"modified":"2019-11-15T09:52:57","modified_gmt":"2019-11-15T15:52:57","slug":"recibe-ipn-mencion-honorifica-en-concurso-de-diseno-en-acero","status":"publish","type":"post","link":"https:\/\/centrourbano.com\/revista\/arquitectura-2\/recibe-ipn-mencion-honorifica-en-concurso-de-diseno-en-acero\/","title":{"rendered":"Recibe IPN Menci\u00f3n Honor\u00edfica en Concurso de Dise\u00f1o en Acero"},"content":{"rendered":"<p><em>El objetivo del concurso es promover el conocimiento del acero como componente del sector construcci\u00f3n, as\u00ed como exponer el potencial del material<\/em><\/p>\n<p><!--more--><\/p>\n<p>Durante la apertura del <strong>Congreso Latinoamericano del Acero\u00a0\u2013 Alacero 60<\/strong>, celebrado en la ciudad de Buenos Aires Argentina, se llev\u00f3 a cabo la <strong>12\u00aa edici\u00f3n del Concurso Alacero de Dise\u00f1o en Acero para Estudiantes de Arquitectura.<\/strong><\/p>\n<p>En dicho certamen, la<strong> Escuela Superior de Ingenier\u00eda en Arquitectura Tecamachalco<\/strong>, del <strong>Instituto Polit\u00e9cnico Nacional (IPN)<\/strong> recibi\u00f3 Menci\u00f3n Honor\u00edfica por el trabajo del grupo conformado por Ra\u00fal Ariel P\u00e9rez, Jos\u00e9 Enrique Gudi\u00f1o, Vianney Reyes y Roberto Huerta Romero.<\/p>\n<p>La propuesta ganadora del concurso fue la de dos estudiantes de la <strong>Universidad Federal de Rio Grande do Norte<\/strong>, Bruna Barbosa y Lino de Mendon\u00e7a. El proyecto destac\u00f3 por crear un imponente centro de ideas y coworking,\u00a0al mezclar acero con otros materiales como el concreto. Los estudiantes obtuvieron un premio de 6,000 d\u00f3lares y un diploma de reconocimiento.<\/p>\n<p>\u00abEste premio, m\u00e1s que tener un gran significado para m\u00ed, tiene un gran significado para mi universidad y para el Noreste de Brasil, que todav\u00eda tiene poco valor para muchas personas\u00bb, expres\u00f3 Bruna.<\/p>\n<p>El segundo lugar fue para la <strong>Universidad Nacional Pedro Henr\u00edquez Ure\u00f1a<\/strong> de<strong> Rep\u00fablica Dominicana<\/strong>. El grupo, compuesto por Abdia Ag\u00fcero Pen, Sthefanie Corniel y Andcarlos Camilo y representado por Jorge Flori\u00e1n Vicente, recibi\u00f3 3,000 d\u00f3lares.<\/p>\n<p>En tercer lugar fue\u00a0para el equipo de la<strong> Universidad Central<\/strong> de<strong> Chile<\/strong>, compuesto por Diego Lacazette y Hugo Valenzuela. Los estudiantes recibieron\u00a01,000 d\u00f3lares.<\/p>\n<p>El objetivo del concurso es promover el conocimiento del acero como componente del sector construcci\u00f3n, exponer el potencial del material para las m\u00e1s diferentes aplicaciones e impulsar los futuros arquitectos a relacionarse con el acero para usarlo como un elemento constructivo.<\/p>\n<p>Este a\u00f1o, el concurso tuvo el tema <strong>&#8216;F\u00e1brica de ideas e innovaci\u00f3n&#8217;,\u00a0<\/strong>el cual incentiva a los universitarios a crear un proyecto espacial que incluyera laboratorios, oficinas, talleres y toda la infraestructura necesaria para emprender cualquier iniciativa en innovaci\u00f3n.<\/p>\n","protected":false},"excerpt":{"rendered":"<p>El objetivo del concurso es promover el conocimiento del acero como componente del sector construcci\u00f3n, as\u00ed como exponer el potencial del material<\/p>\n","protected":false},"author":74,"featured_media":99037,"comment_status":"open","ping_status":"closed","sticky":false,"template":"","format":"standard","meta":{"om_disable_all_campaigns":false,"inline_featured_image":false,"_monsterinsights_skip_tracking":false,"_monsterinsights_sitenote_active":false,"_monsterinsights_sitenote_note":"","_monsterinsights_sitenote_category":0,"footnotes":""},"categories":[81,14],"tags":[3640,16739,16738,490],"class_list":["post-99036","post","type-post","status-publish","format-standard","has-post-thumbnail","hentry","category-arquitectura-2","category-construccion","tag-alacero","tag-congreso-latinoamericano-del-acero","tag-fabrica-de-ideas-e-innovacion","tag-ipn"],"yoast_head":"<!-- This site is optimized with the Yoast SEO plugin v27.4 - https:\/\/yoast.com\/product\/yoast-seo-wordpress\/ -->\n<title>Recibe IPN Menci\u00f3n Honor\u00edfica en Concurso de Dise\u00f1o en Acero<\/title>\n<meta name=\"description\" content=\"El objetivo del concurso es promover el conocimiento del acero como componente del sector construcci\u00f3n, as\u00ed como exponer el potencial del material\" \/>\n<meta name=\"robots\" content=\"index, follow, max-snippet:-1, max-image-preview:large, max-video-preview:-1\" \/>\n<link rel=\"canonical\" href=\"https:\/\/centrourbano.com\/revista\/arquitectura-2\/recibe-ipn-mencion-honorifica-en-concurso-de-diseno-en-acero\/\" \/>\n<meta property=\"og:locale\" content=\"es_ES\" \/>\n<meta property=\"og:type\" content=\"article\" \/>\n<meta property=\"og:title\" content=\"Recibe IPN Menci\u00f3n Honor\u00edfica en Concurso de Dise\u00f1o en Acero\" \/>\n<meta property=\"og:description\" content=\"El objetivo del concurso es promover el conocimiento del acero como componente del sector construcci\u00f3n, as\u00ed como exponer el potencial del material\" \/>\n<meta property=\"og:url\" content=\"https:\/\/centrourbano.com\/revista\/arquitectura-2\/recibe-ipn-mencion-honorifica-en-concurso-de-diseno-en-acero\/\" \/>\n<meta property=\"og:site_name\" content=\"Centro Urbano\" \/>\n<meta property=\"article:publisher\" content=\"https:\/\/www.facebook.com\/portalcentrourbano\" \/>\n<meta property=\"article:published_time\" content=\"2019-11-15T15:00:52+00:00\" \/>\n<meta property=\"article:modified_time\" content=\"2019-11-15T15:52:57+00:00\" \/>\n<meta property=\"og:image\" content=\"https:\/\/centrourbano.com\/revista\/wp-content\/uploads\/posts.png\" \/>\n\t<meta property=\"og:image:width\" content=\"600\" \/>\n\t<meta property=\"og:image:height\" content=\"600\" \/>\n\t<meta property=\"og:image:type\" content=\"image\/png\" \/>\n<meta name=\"author\" content=\"Sheila Navarro\" \/>\n<meta name=\"twitter:card\" content=\"summary_large_image\" \/>\n<meta name=\"twitter:creator\" content=\"@CentroUrbano\" \/>\n<meta name=\"twitter:site\" content=\"@CentroUrbano\" \/>\n<meta name=\"twitter:label1\" content=\"Escrito por\" \/>\n\t<meta name=\"twitter:data1\" content=\"Sheila Navarro\" \/>\n\t<meta name=\"twitter:label2\" content=\"Tiempo de lectura\" \/>\n\t<meta name=\"twitter:data2\" content=\"2 minutos\" \/>\n<script type=\"application\/ld+json\" class=\"yoast-schema-graph\">{\"@context\":\"https:\\\/\\\/schema.org\",\"@graph\":[{\"@type\":\"Article\",\"@id\":\"https:\\\/\\\/centrourbano.com\\\/revista\\\/arquitectura-2\\\/recibe-ipn-mencion-honorifica-en-concurso-de-diseno-en-acero\\\/#article\",\"isPartOf\":{\"@id\":\"https:\\\/\\\/centrourbano.com\\\/revista\\\/arquitectura-2\\\/recibe-ipn-mencion-honorifica-en-concurso-de-diseno-en-acero\\\/\"},\"author\":{\"name\":\"Sheila Navarro\",\"@id\":\"https:\\\/\\\/centrourbano.com\\\/revista\\\/#\\\/schema\\\/person\\\/a10d46c5a349f56a0c72e807d8381b4d\"},\"headline\":\"Recibe IPN Menci\u00f3n Honor\u00edfica en Concurso de Dise\u00f1o en Acero\",\"datePublished\":\"2019-11-15T15:00:52+00:00\",\"dateModified\":\"2019-11-15T15:52:57+00:00\",\"mainEntityOfPage\":{\"@id\":\"https:\\\/\\\/centrourbano.com\\\/revista\\\/arquitectura-2\\\/recibe-ipn-mencion-honorifica-en-concurso-de-diseno-en-acero\\\/\"},\"wordCount\":363,\"commentCount\":0,\"publisher\":{\"@id\":\"https:\\\/\\\/centrourbano.com\\\/revista\\\/#organization\"},\"image\":{\"@id\":\"https:\\\/\\\/centrourbano.com\\\/revista\\\/arquitectura-2\\\/recibe-ipn-mencion-honorifica-en-concurso-de-diseno-en-acero\\\/#primaryimage\"},\"thumbnailUrl\":\"https:\\\/\\\/centrourbano.com\\\/revista\\\/wp-content\\\/uploads\\\/posts.png\",\"keywords\":[\"Alacero\",\"Congreso Latinoamericano del Acero\",\"F\u00e1brica de ideas e innovaci\u00f3n\",\"ipn\"],\"articleSection\":[\"Arquitectura\",\"Construcci\u00f3n\"],\"inLanguage\":\"es\",\"potentialAction\":[{\"@type\":\"CommentAction\",\"name\":\"Comment\",\"target\":[\"https:\\\/\\\/centrourbano.com\\\/revista\\\/arquitectura-2\\\/recibe-ipn-mencion-honorifica-en-concurso-de-diseno-en-acero\\\/#respond\"]}]},{\"@type\":\"WebPage\",\"@id\":\"https:\\\/\\\/centrourbano.com\\\/revista\\\/arquitectura-2\\\/recibe-ipn-mencion-honorifica-en-concurso-de-diseno-en-acero\\\/\",\"url\":\"https:\\\/\\\/centrourbano.com\\\/revista\\\/arquitectura-2\\\/recibe-ipn-mencion-honorifica-en-concurso-de-diseno-en-acero\\\/\",\"name\":\"Recibe IPN Menci\u00f3n Honor\u00edfica en Concurso de Dise\u00f1o en Acero\",\"isPartOf\":{\"@id\":\"https:\\\/\\\/centrourbano.com\\\/revista\\\/#website\"},\"primaryImageOfPage\":{\"@id\":\"https:\\\/\\\/centrourbano.com\\\/revista\\\/arquitectura-2\\\/recibe-ipn-mencion-honorifica-en-concurso-de-diseno-en-acero\\\/#primaryimage\"},\"image\":{\"@id\":\"https:\\\/\\\/centrourbano.com\\\/revista\\\/arquitectura-2\\\/recibe-ipn-mencion-honorifica-en-concurso-de-diseno-en-acero\\\/#primaryimage\"},\"thumbnailUrl\":\"https:\\\/\\\/centrourbano.com\\\/revista\\\/wp-content\\\/uploads\\\/posts.png\",\"datePublished\":\"2019-11-15T15:00:52+00:00\",\"dateModified\":\"2019-11-15T15:52:57+00:00\",\"description\":\"El objetivo del concurso es promover el conocimiento del acero como componente del sector construcci\u00f3n, as\u00ed como exponer el potencial del material\",\"breadcrumb\":{\"@id\":\"https:\\\/\\\/centrourbano.com\\\/revista\\\/arquitectura-2\\\/recibe-ipn-mencion-honorifica-en-concurso-de-diseno-en-acero\\\/#breadcrumb\"},\"inLanguage\":\"es\",\"potentialAction\":[{\"@type\":\"ReadAction\",\"target\":[\"https:\\\/\\\/centrourbano.com\\\/revista\\\/arquitectura-2\\\/recibe-ipn-mencion-honorifica-en-concurso-de-diseno-en-acero\\\/\"]}]},{\"@type\":\"ImageObject\",\"inLanguage\":\"es\",\"@id\":\"https:\\\/\\\/centrourbano.com\\\/revista\\\/arquitectura-2\\\/recibe-ipn-mencion-honorifica-en-concurso-de-diseno-en-acero\\\/#primaryimage\",\"url\":\"https:\\\/\\\/centrourbano.com\\\/revista\\\/wp-content\\\/uploads\\\/posts.png\",\"contentUrl\":\"https:\\\/\\\/centrourbano.com\\\/revista\\\/wp-content\\\/uploads\\\/posts.png\",\"width\":600,\"height\":600,\"caption\":\"El objetivo del concurso es promover el conocimiento del acero como componente del sector construcci\u00f3n, as\u00ed como exponer el potencial del material\"},{\"@type\":\"BreadcrumbList\",\"@id\":\"https:\\\/\\\/centrourbano.com\\\/revista\\\/arquitectura-2\\\/recibe-ipn-mencion-honorifica-en-concurso-de-diseno-en-acero\\\/#breadcrumb\",\"itemListElement\":[{\"@type\":\"ListItem\",\"position\":1,\"name\":\"Portada\",\"item\":\"https:\\\/\\\/centrourbano.com\\\/revista\\\/\"},{\"@type\":\"ListItem\",\"position\":2,\"name\":\"Recibe IPN Menci\u00f3n Honor\u00edfica en Concurso de Dise\u00f1o en Acero\"}]},{\"@type\":\"WebSite\",\"@id\":\"https:\\\/\\\/centrourbano.com\\\/revista\\\/#website\",\"url\":\"https:\\\/\\\/centrourbano.com\\\/revista\\\/\",\"name\":\"Centro Urbano\",\"description\":\"Medio especializado en los sectores vivienda, inmobiliario, construcci\u00f3n, arquitectura y urbanismo.\",\"publisher\":{\"@id\":\"https:\\\/\\\/centrourbano.com\\\/revista\\\/#organization\"},\"potentialAction\":[{\"@type\":\"SearchAction\",\"target\":{\"@type\":\"EntryPoint\",\"urlTemplate\":\"https:\\\/\\\/centrourbano.com\\\/revista\\\/?s={search_term_string}\"},\"query-input\":{\"@type\":\"PropertyValueSpecification\",\"valueRequired\":true,\"valueName\":\"search_term_string\"}}],\"inLanguage\":\"es\"},{\"@type\":\"Organization\",\"@id\":\"https:\\\/\\\/centrourbano.com\\\/revista\\\/#organization\",\"name\":\"Centro Urbano\",\"url\":\"https:\\\/\\\/centrourbano.com\\\/revista\\\/\",\"logo\":{\"@type\":\"ImageObject\",\"inLanguage\":\"es\",\"@id\":\"https:\\\/\\\/centrourbano.com\\\/revista\\\/#\\\/schema\\\/logo\\\/image\\\/\",\"url\":\"https:\\\/\\\/centrourbano.com\\\/revista\\\/wp-content\\\/uploads\\\/web_CU_logo-1.png\",\"contentUrl\":\"https:\\\/\\\/centrourbano.com\\\/revista\\\/wp-content\\\/uploads\\\/web_CU_logo-1.png\",\"width\":350,\"height\":91,\"caption\":\"Centro Urbano\"},\"image\":{\"@id\":\"https:\\\/\\\/centrourbano.com\\\/revista\\\/#\\\/schema\\\/logo\\\/image\\\/\"},\"sameAs\":[\"https:\\\/\\\/www.facebook.com\\\/portalcentrourbano\",\"https:\\\/\\\/x.com\\\/CentroUrbano\",\"https:\\\/\\\/www.instagram.com\\\/centro_urbano\\\/\",\"https:\\\/\\\/www.linkedin.com\\\/company\\\/centro-urbano\\\/\",\"http:\\\/\\\/www.youtube.com\\\/user\\\/portalcentrourbano\"]},{\"@type\":\"Person\",\"@id\":\"https:\\\/\\\/centrourbano.com\\\/revista\\\/#\\\/schema\\\/person\\\/a10d46c5a349f56a0c72e807d8381b4d\",\"name\":\"Sheila Navarro\",\"image\":{\"@type\":\"ImageObject\",\"inLanguage\":\"es\",\"@id\":\"https:\\\/\\\/secure.gravatar.com\\\/avatar\\\/7a41d8055617de289b6a5a0f177e7f23d2825723c0a35aa6db6e65305c27b2e4?s=96&d=mm&r=g\",\"url\":\"https:\\\/\\\/secure.gravatar.com\\\/avatar\\\/7a41d8055617de289b6a5a0f177e7f23d2825723c0a35aa6db6e65305c27b2e4?s=96&d=mm&r=g\",\"contentUrl\":\"https:\\\/\\\/secure.gravatar.com\\\/avatar\\\/7a41d8055617de289b6a5a0f177e7f23d2825723c0a35aa6db6e65305c27b2e4?s=96&d=mm&r=g\",\"caption\":\"Sheila Navarro\"},\"url\":\"https:\\\/\\\/centrourbano.com\\\/revista\\\/author\\\/sheila-navarro\\\/\"}]}<\/script>\n<!-- \/ Yoast SEO plugin. -->","yoast_head_json":{"title":"Recibe IPN Menci\u00f3n Honor\u00edfica en Concurso de Dise\u00f1o en Acero","description":"El objetivo del concurso es promover el conocimiento del acero como componente del sector construcci\u00f3n, as\u00ed como exponer el potencial del material","robots":{"index":"index","follow":"follow","max-snippet":"max-snippet:-1","max-image-preview":"max-image-preview:large","max-video-preview":"max-video-preview:-1"},"canonical":"https:\/\/centrourbano.com\/revista\/arquitectura-2\/recibe-ipn-mencion-honorifica-en-concurso-de-diseno-en-acero\/","og_locale":"es_ES","og_type":"article","og_title":"Recibe IPN Menci\u00f3n Honor\u00edfica en Concurso de Dise\u00f1o en Acero","og_description":"El objetivo del concurso es promover el conocimiento del acero como componente del sector construcci\u00f3n, as\u00ed como exponer el potencial del material","og_url":"https:\/\/centrourbano.com\/revista\/arquitectura-2\/recibe-ipn-mencion-honorifica-en-concurso-de-diseno-en-acero\/","og_site_name":"Centro Urbano","article_publisher":"https:\/\/www.facebook.com\/portalcentrourbano","article_published_time":"2019-11-15T15:00:52+00:00","article_modified_time":"2019-11-15T15:52:57+00:00","og_image":[{"width":600,"height":600,"url":"https:\/\/centrourbano.com\/revista\/wp-content\/uploads\/posts.png","type":"image\/png"}],"author":"Sheila Navarro","twitter_card":"summary_large_image","twitter_creator":"@CentroUrbano","twitter_site":"@CentroUrbano","twitter_misc":{"Escrito por":"Sheila Navarro","Tiempo de lectura":"2 minutos"},"schema":{"@context":"https:\/\/schema.org","@graph":[{"@type":"Article","@id":"https:\/\/centrourbano.com\/revista\/arquitectura-2\/recibe-ipn-mencion-honorifica-en-concurso-de-diseno-en-acero\/#article","isPartOf":{"@id":"https:\/\/centrourbano.com\/revista\/arquitectura-2\/recibe-ipn-mencion-honorifica-en-concurso-de-diseno-en-acero\/"},"author":{"name":"Sheila Navarro","@id":"https:\/\/centrourbano.com\/revista\/#\/schema\/person\/a10d46c5a349f56a0c72e807d8381b4d"},"headline":"Recibe IPN Menci\u00f3n Honor\u00edfica en Concurso de Dise\u00f1o en Acero","datePublished":"2019-11-15T15:00:52+00:00","dateModified":"2019-11-15T15:52:57+00:00","mainEntityOfPage":{"@id":"https:\/\/centrourbano.com\/revista\/arquitectura-2\/recibe-ipn-mencion-honorifica-en-concurso-de-diseno-en-acero\/"},"wordCount":363,"commentCount":0,"publisher":{"@id":"https:\/\/centrourbano.com\/revista\/#organization"},"image":{"@id":"https:\/\/centrourbano.com\/revista\/arquitectura-2\/recibe-ipn-mencion-honorifica-en-concurso-de-diseno-en-acero\/#primaryimage"},"thumbnailUrl":"https:\/\/centrourbano.com\/revista\/wp-content\/uploads\/posts.png","keywords":["Alacero","Congreso Latinoamericano del Acero","F\u00e1brica de ideas e innovaci\u00f3n","ipn"],"articleSection":["Arquitectura","Construcci\u00f3n"],"inLanguage":"es","potentialAction":[{"@type":"CommentAction","name":"Comment","target":["https:\/\/centrourbano.com\/revista\/arquitectura-2\/recibe-ipn-mencion-honorifica-en-concurso-de-diseno-en-acero\/#respond"]}]},{"@type":"WebPage","@id":"https:\/\/centrourbano.com\/revista\/arquitectura-2\/recibe-ipn-mencion-honorifica-en-concurso-de-diseno-en-acero\/","url":"https:\/\/centrourbano.com\/revista\/arquitectura-2\/recibe-ipn-mencion-honorifica-en-concurso-de-diseno-en-acero\/","name":"Recibe IPN Menci\u00f3n Honor\u00edfica en Concurso de Dise\u00f1o en Acero","isPartOf":{"@id":"https:\/\/centrourbano.com\/revista\/#website"},"primaryImageOfPage":{"@id":"https:\/\/centrourbano.com\/revista\/arquitectura-2\/recibe-ipn-mencion-honorifica-en-concurso-de-diseno-en-acero\/#primaryimage"},"image":{"@id":"https:\/\/centrourbano.com\/revista\/arquitectura-2\/recibe-ipn-mencion-honorifica-en-concurso-de-diseno-en-acero\/#primaryimage"},"thumbnailUrl":"https:\/\/centrourbano.com\/revista\/wp-content\/uploads\/posts.png","datePublished":"2019-11-15T15:00:52+00:00","dateModified":"2019-11-15T15:52:57+00:00","description":"El objetivo del concurso es promover el conocimiento del acero como componente del sector construcci\u00f3n, as\u00ed como exponer el potencial del material","breadcrumb":{"@id":"https:\/\/centrourbano.com\/revista\/arquitectura-2\/recibe-ipn-mencion-honorifica-en-concurso-de-diseno-en-acero\/#breadcrumb"},"inLanguage":"es","potentialAction":[{"@type":"ReadAction","target":["https:\/\/centrourbano.com\/revista\/arquitectura-2\/recibe-ipn-mencion-honorifica-en-concurso-de-diseno-en-acero\/"]}]},{"@type":"ImageObject","inLanguage":"es","@id":"https:\/\/centrourbano.com\/revista\/arquitectura-2\/recibe-ipn-mencion-honorifica-en-concurso-de-diseno-en-acero\/#primaryimage","url":"https:\/\/centrourbano.com\/revista\/wp-content\/uploads\/posts.png","contentUrl":"https:\/\/centrourbano.com\/revista\/wp-content\/uploads\/posts.png","width":600,"height":600,"caption":"El objetivo del concurso es promover el conocimiento del acero como componente del sector construcci\u00f3n, as\u00ed como exponer el potencial del material"},{"@type":"BreadcrumbList","@id":"https:\/\/centrourbano.com\/revista\/arquitectura-2\/recibe-ipn-mencion-honorifica-en-concurso-de-diseno-en-acero\/#breadcrumb","itemListElement":[{"@type":"ListItem","position":1,"name":"Portada","item":"https:\/\/centrourbano.com\/revista\/"},{"@type":"ListItem","position":2,"name":"Recibe IPN Menci\u00f3n Honor\u00edfica en Concurso de Dise\u00f1o en Acero"}]},{"@type":"WebSite","@id":"https:\/\/centrourbano.com\/revista\/#website","url":"https:\/\/centrourbano.com\/revista\/","name":"Centro Urbano","description":"Medio especializado en los sectores vivienda, inmobiliario, construcci\u00f3n, arquitectura y urbanismo.","publisher":{"@id":"https:\/\/centrourbano.com\/revista\/#organization"},"potentialAction":[{"@type":"SearchAction","target":{"@type":"EntryPoint","urlTemplate":"https:\/\/centrourbano.com\/revista\/?s={search_term_string}"},"query-input":{"@type":"PropertyValueSpecification","valueRequired":true,"valueName":"search_term_string"}}],"inLanguage":"es"},{"@type":"Organization","@id":"https:\/\/centrourbano.com\/revista\/#organization","name":"Centro Urbano","url":"https:\/\/centrourbano.com\/revista\/","logo":{"@type":"ImageObject","inLanguage":"es","@id":"https:\/\/centrourbano.com\/revista\/#\/schema\/logo\/image\/","url":"https:\/\/centrourbano.com\/revista\/wp-content\/uploads\/web_CU_logo-1.png","contentUrl":"https:\/\/centrourbano.com\/revista\/wp-content\/uploads\/web_CU_logo-1.png","width":350,"height":91,"caption":"Centro Urbano"},"image":{"@id":"https:\/\/centrourbano.com\/revista\/#\/schema\/logo\/image\/"},"sameAs":["https:\/\/www.facebook.com\/portalcentrourbano","https:\/\/x.com\/CentroUrbano","https:\/\/www.instagram.com\/centro_urbano\/","https:\/\/www.linkedin.com\/company\/centro-urbano\/","http:\/\/www.youtube.com\/user\/portalcentrourbano"]},{"@type":"Person","@id":"https:\/\/centrourbano.com\/revista\/#\/schema\/person\/a10d46c5a349f56a0c72e807d8381b4d","name":"Sheila Navarro","image":{"@type":"ImageObject","inLanguage":"es","@id":"https:\/\/secure.gravatar.com\/avatar\/7a41d8055617de289b6a5a0f177e7f23d2825723c0a35aa6db6e65305c27b2e4?s=96&d=mm&r=g","url":"https:\/\/secure.gravatar.com\/avatar\/7a41d8055617de289b6a5a0f177e7f23d2825723c0a35aa6db6e65305c27b2e4?s=96&d=mm&r=g","contentUrl":"https:\/\/secure.gravatar.com\/avatar\/7a41d8055617de289b6a5a0f177e7f23d2825723c0a35aa6db6e65305c27b2e4?s=96&d=mm&r=g","caption":"Sheila Navarro"},"url":"https:\/\/centrourbano.com\/revista\/author\/sheila-navarro\/"}]}},"_links":{"self":[{"href":"https:\/\/centrourbano.com\/revista\/wp-json\/wp\/v2\/posts\/99036","targetHints":{"allow":["GET"]}}],"collection":[{"href":"https:\/\/centrourbano.com\/revista\/wp-json\/wp\/v2\/posts"}],"about":[{"href":"https:\/\/centrourbano.com\/revista\/wp-json\/wp\/v2\/types\/post"}],"author":[{"embeddable":true,"href":"https:\/\/centrourbano.com\/revista\/wp-json\/wp\/v2\/users\/74"}],"replies":[{"embeddable":true,"href":"https:\/\/centrourbano.com\/revista\/wp-json\/wp\/v2\/comments?post=99036"}],"version-history":[{"count":3,"href":"https:\/\/centrourbano.com\/revista\/wp-json\/wp\/v2\/posts\/99036\/revisions"}],"predecessor-version":[{"id":99049,"href":"https:\/\/centrourbano.com\/revista\/wp-json\/wp\/v2\/posts\/99036\/revisions\/99049"}],"wp:featuredmedia":[{"embeddable":true,"href":"https:\/\/centrourbano.com\/revista\/wp-json\/wp\/v2\/media\/99037"}],"wp:attachment":[{"href":"https:\/\/centrourbano.com\/revista\/wp-json\/wp\/v2\/media?parent=99036"}],"wp:term":[{"taxonomy":"category","embeddable":true,"href":"https:\/\/centrourbano.com\/revista\/wp-json\/wp\/v2\/categories?post=99036"},{"taxonomy":"post_tag","embeddable":true,"href":"https:\/\/centrourbano.com\/revista\/wp-json\/wp\/v2\/tags?post=99036"}],"curies":[{"name":"wp","href":"https:\/\/api.w.org\/{rel}","templated":true}]}}