{"id":9898,"date":"2014-12-30T09:00:35","date_gmt":"2014-12-30T15:00:35","guid":{"rendered":"http:\/\/centrourbano.com\/?p=9898"},"modified":"2014-12-22T12:51:41","modified_gmt":"2014-12-22T18:51:41","slug":"destinan-mas-de-14-mdp-en-xochimilco-tlahuac-y-milpa-alta","status":"publish","type":"post","link":"https:\/\/centrourbano.com\/revista\/urbanismo\/destinan-mas-de-14-mdp-en-xochimilco-tlahuac-y-milpa-alta\/","title":{"rendered":"Lo Mejor del A\u00f1o: Destinan m\u00e1s de 14 mdp a Xochimilco, Tl\u00e1huac y Milpa Alta"},"content":{"rendered":"<p>&nbsp;<\/p>\n<p><em>Agosto: Rescatar\u00e1n las zonas gravemente deterioradas por el crecimiento de la mancha urbana<\/em><!--more--><\/p>\n<p>De acuerdo con el documento publicado este martes en la Gaceta Oficial del Gobierno del Distrito Federal, el gobierno capitalino aprob\u00f3 14 millones 430 mil pesos del ejercicio fiscal 2014 para recuperar, preservar y conservar las zonas de Xochimilco, Tl\u00e1huac y Milpa Alta declaradas Zona Patrimonio Mundial Natural y Cultural de la Humanidad.<\/p>\n<p>Con el 37.3% de esos recursos se pondr\u00e1n en marcha acciones para rehabilitar la infraestructura hidr\u00e1ulica y las zonas de uso p\u00fablico, mientras que el 27.7% se destinar\u00e1 a la rehabilitaci\u00f3n y saneamiento de canales y 21.3% a la promoci\u00f3n y difusi\u00f3n de la importancia ecol\u00f3gica y cultural de los humedales.<\/p>\n<p>Adem\u00e1s el 6.9% del total ser\u00e1 usado para preservar el patrimonio cultural, material e inmaterial y el 6.8% para la conservaci\u00f3n y manejo de la biodiversidad y su h\u00e1bitat.<\/p>\n<p>El Ejecutivo Federal declar\u00f3 Zona de Monumentos Hist\u00f3ricos un \u00e1rea de 89.65 kil\u00f3metros cuadrados en estas delegaciones, mientras que la UNESCO declar\u00f3 Patrimonio Mundial, Cultural y Natural al sistema de chinampas de Xochimilco y Tl\u00e1huac. Sin embargo, por el crecimiento de la mancha urbana entre las d\u00e9cadas de 1960 a 1980, estos atractivos de la ciudad se han deteriorado gravemente.<\/p>\n","protected":false},"excerpt":{"rendered":"<p>&nbsp; Agosto: Rescatar\u00e1n las zonas gravemente deterioradas por el crecimiento de la mancha urbana<\/p>\n","protected":false},"author":77,"featured_media":0,"comment_status":"open","ping_status":"closed","sticky":false,"template":"","format":"standard","meta":{"inline_featured_image":false,"footnotes":""},"categories":[82],"tags":[2643,2365,1275,585,2642,2641],"class_list":["post-9898","post","type-post","status-publish","format-standard","hentry","category-urbanismo","tag-humedales","tag-milpa-alta","tag-tlahuac","tag-xochimilco","tag-zona-de-monumentos-historicos","tag-zona-patrimonio-mundial-natural-y-cultural-de-la-humanidad"],"yoast_head":"<!-- This site is optimized with the Yoast SEO plugin v28.4 - https:\/\/yoast.com\/product\/yoast-seo-wordpress\/ -->\n<title>Lo Mejor del A\u00f1o: Destinan m\u00e1s de 14 mdp a Xochimilco, Tl\u00e1huac y Milpa Alta -<\/title>\n<meta name=\"description\" content=\"&nbsp; Agosto: Rescatar\u00e1n las zonas gravemente deterioradas por el crecimiento de la mancha urbana De acuerdo con el documento publicado este martes en la\" \/>\n<meta name=\"robots\" content=\"index, follow, max-snippet:-1, max-image-preview:large, max-video-preview:-1\" \/>\n<link rel=\"canonical\" href=\"https:\/\/centrourbano.com\/revista\/urbanismo\/destinan-mas-de-14-mdp-en-xochimilco-tlahuac-y-milpa-alta\/\" \/>\n<meta property=\"og:locale\" content=\"es_ES\" \/>\n<meta property=\"og:type\" content=\"article\" \/>\n<meta property=\"og:title\" content=\"Lo Mejor del A\u00f1o: Destinan m\u00e1s de 14 mdp a Xochimilco, Tl\u00e1huac y Milpa Alta -\" \/>\n<meta property=\"og:description\" content=\"&nbsp; Agosto: Rescatar\u00e1n las zonas gravemente deterioradas por el crecimiento de la mancha urbana De acuerdo con el documento publicado este martes en la\" \/>\n<meta property=\"og:url\" content=\"https:\/\/centrourbano.com\/revista\/urbanismo\/destinan-mas-de-14-mdp-en-xochimilco-tlahuac-y-milpa-alta\/\" \/>\n<meta property=\"og:site_name\" content=\"Centro Urbano\" \/>\n<meta property=\"article:publisher\" content=\"https:\/\/www.facebook.com\/portalcentrourbano\" \/>\n<meta property=\"article:published_time\" content=\"2014-12-30T15:00:35+00:00\" \/>\n<meta property=\"og:image\" content=\"https:\/\/centrourbano.com\/revista\/wp-content\/uploads\/CU-logo.png\" \/>\n\t<meta property=\"og:image:width\" content=\"350\" \/>\n\t<meta property=\"og:image:height\" content=\"91\" \/>\n\t<meta property=\"og:image:type\" content=\"image\/png\" \/>\n<meta name=\"author\" content=\"G4A\" \/>\n<meta name=\"twitter:card\" content=\"summary_large_image\" \/>\n<meta name=\"twitter:creator\" content=\"@CentroUrbano\" \/>\n<meta name=\"twitter:site\" content=\"@CentroUrbano\" \/>\n<meta name=\"twitter:label1\" content=\"Escrito por\" \/>\n\t<meta name=\"twitter:data1\" content=\"G4A\" \/>\n\t<meta name=\"twitter:label2\" content=\"Tiempo de lectura\" \/>\n\t<meta name=\"twitter:data2\" content=\"1 minuto\" \/>\n<script type=\"application\/ld+json\" class=\"yoast-schema-graph\">{\"@context\":\"https:\\\/\\\/schema.org\",\"@graph\":[{\"@type\":\"Article\",\"@id\":\"https:\\\/\\\/centrourbano.com\\\/revista\\\/urbanismo\\\/destinan-mas-de-14-mdp-en-xochimilco-tlahuac-y-milpa-alta\\\/#article\",\"isPartOf\":{\"@id\":\"https:\\\/\\\/centrourbano.com\\\/revista\\\/urbanismo\\\/destinan-mas-de-14-mdp-en-xochimilco-tlahuac-y-milpa-alta\\\/\"},\"author\":{\"name\":\"G4A\",\"@id\":\"https:\\\/\\\/centrourbano.com\\\/revista\\\/#\\\/schema\\\/person\\\/370fa0ba2d8dd5bde3fdb8b62ad360aa\"},\"headline\":\"Lo Mejor del A\u00f1o: Destinan m\u00e1s de 14 mdp a Xochimilco, Tl\u00e1huac y Milpa Alta\",\"datePublished\":\"2014-12-30T15:00:35+00:00\",\"mainEntityOfPage\":{\"@id\":\"https:\\\/\\\/centrourbano.com\\\/revista\\\/urbanismo\\\/destinan-mas-de-14-mdp-en-xochimilco-tlahuac-y-milpa-alta\\\/\"},\"wordCount\":229,\"commentCount\":0,\"publisher\":{\"@id\":\"https:\\\/\\\/centrourbano.com\\\/revista\\\/#organization\"},\"keywords\":[\"Humedales\",\"Milpa Alta\",\"Tl\u00e1huac\",\"Xochimilco\",\"Zona de Monumentos Hist\u00f3ricos\",\"Zona Patrimonio Mundial Natural y Cultural de la Humanidad\"],\"articleSection\":[\"Urbanismo\"],\"inLanguage\":\"es\"},{\"@type\":\"WebPage\",\"@id\":\"https:\\\/\\\/centrourbano.com\\\/revista\\\/urbanismo\\\/destinan-mas-de-14-mdp-en-xochimilco-tlahuac-y-milpa-alta\\\/\",\"url\":\"https:\\\/\\\/centrourbano.com\\\/revista\\\/urbanismo\\\/destinan-mas-de-14-mdp-en-xochimilco-tlahuac-y-milpa-alta\\\/\",\"name\":\"Lo Mejor del A\u00f1o: Destinan m\u00e1s de 14 mdp a Xochimilco, Tl\u00e1huac y Milpa Alta -\",\"isPartOf\":{\"@id\":\"https:\\\/\\\/centrourbano.com\\\/revista\\\/#website\"},\"datePublished\":\"2014-12-30T15:00:35+00:00\",\"description\":\"&nbsp; Agosto: Rescatar\u00e1n las zonas gravemente deterioradas por el crecimiento de la mancha urbana De acuerdo con el documento publicado este martes en la\",\"breadcrumb\":{\"@id\":\"https:\\\/\\\/centrourbano.com\\\/revista\\\/urbanismo\\\/destinan-mas-de-14-mdp-en-xochimilco-tlahuac-y-milpa-alta\\\/#breadcrumb\"},\"inLanguage\":\"es\",\"potentialAction\":[{\"@type\":\"ReadAction\",\"target\":[\"https:\\\/\\\/centrourbano.com\\\/revista\\\/urbanismo\\\/destinan-mas-de-14-mdp-en-xochimilco-tlahuac-y-milpa-alta\\\/\"]}]},{\"@type\":\"BreadcrumbList\",\"@id\":\"https:\\\/\\\/centrourbano.com\\\/revista\\\/urbanismo\\\/destinan-mas-de-14-mdp-en-xochimilco-tlahuac-y-milpa-alta\\\/#breadcrumb\",\"itemListElement\":[{\"@type\":\"ListItem\",\"position\":1,\"name\":\"Portada\",\"item\":\"https:\\\/\\\/centrourbano.com\\\/revista\\\/\"},{\"@type\":\"ListItem\",\"position\":2,\"name\":\"Lo Mejor del A\u00f1o: Destinan m\u00e1s de 14 mdp a Xochimilco, Tl\u00e1huac y Milpa Alta\"}]},{\"@type\":\"WebSite\",\"@id\":\"https:\\\/\\\/centrourbano.com\\\/revista\\\/#website\",\"url\":\"https:\\\/\\\/centrourbano.com\\\/revista\\\/\",\"name\":\"Centro Urbano\",\"description\":\"Medio especializado en los sectores vivienda, inmobiliario, construcci\u00f3n, arquitectura y urbanismo.\",\"publisher\":{\"@id\":\"https:\\\/\\\/centrourbano.com\\\/revista\\\/#organization\"},\"potentialAction\":[{\"@type\":\"SearchAction\",\"target\":{\"@type\":\"EntryPoint\",\"urlTemplate\":\"https:\\\/\\\/centrourbano.com\\\/revista\\\/?s={search_term_string}\"},\"query-input\":{\"@type\":\"PropertyValueSpecification\",\"valueRequired\":true,\"valueName\":\"search_term_string\"}}],\"inLanguage\":\"es\"},{\"@type\":\"Organization\",\"@id\":\"https:\\\/\\\/centrourbano.com\\\/revista\\\/#organization\",\"name\":\"Centro Urbano\",\"url\":\"https:\\\/\\\/centrourbano.com\\\/revista\\\/\",\"logo\":{\"@type\":\"ImageObject\",\"inLanguage\":\"es\",\"@id\":\"https:\\\/\\\/centrourbano.com\\\/revista\\\/#\\\/schema\\\/logo\\\/image\\\/\",\"url\":\"https:\\\/\\\/centrourbano.com\\\/revista\\\/wp-content\\\/uploads\\\/web_CU_logo-1.png\",\"contentUrl\":\"https:\\\/\\\/centrourbano.com\\\/revista\\\/wp-content\\\/uploads\\\/web_CU_logo-1.png\",\"width\":350,\"height\":91,\"caption\":\"Centro Urbano\"},\"image\":{\"@id\":\"https:\\\/\\\/centrourbano.com\\\/revista\\\/#\\\/schema\\\/logo\\\/image\\\/\"},\"sameAs\":[\"https:\\\/\\\/www.facebook.com\\\/portalcentrourbano\",\"https:\\\/\\\/x.com\\\/CentroUrbano\",\"https:\\\/\\\/www.instagram.com\\\/centro_urbano\\\/\",\"https:\\\/\\\/www.linkedin.com\\\/company\\\/centro-urbano\\\/\",\"http:\\\/\\\/www.youtube.com\\\/user\\\/portalcentrourbano\"]},{\"@type\":\"Person\",\"@id\":\"https:\\\/\\\/centrourbano.com\\\/revista\\\/#\\\/schema\\\/person\\\/370fa0ba2d8dd5bde3fdb8b62ad360aa\",\"name\":\"G4A\",\"image\":{\"@type\":\"ImageObject\",\"inLanguage\":\"es\",\"@id\":\"https:\\\/\\\/secure.gravatar.com\\\/avatar\\\/932a97121b13d5de5bbd8193c6c83d3b92c9eda0f39623607d4280e7a5778d97?s=96&d=mm&r=g\",\"url\":\"https:\\\/\\\/secure.gravatar.com\\\/avatar\\\/932a97121b13d5de5bbd8193c6c83d3b92c9eda0f39623607d4280e7a5778d97?s=96&d=mm&r=g\",\"contentUrl\":\"https:\\\/\\\/secure.gravatar.com\\\/avatar\\\/932a97121b13d5de5bbd8193c6c83d3b92c9eda0f39623607d4280e7a5778d97?s=96&d=mm&r=g\",\"caption\":\"G4A\"},\"url\":\"https:\\\/\\\/centrourbano.com\\\/revista\\\/author\\\/admin-g4a\\\/\"}]}<\/script>\n<!-- \/ Yoast SEO plugin. -->","yoast_head_json":{"title":"Lo Mejor del A\u00f1o: Destinan m\u00e1s de 14 mdp a Xochimilco, Tl\u00e1huac y Milpa Alta -","description":"&nbsp; Agosto: Rescatar\u00e1n las zonas gravemente deterioradas por el crecimiento de la mancha urbana De acuerdo con el documento publicado este martes en la","robots":{"index":"index","follow":"follow","max-snippet":"max-snippet:-1","max-image-preview":"max-image-preview:large","max-video-preview":"max-video-preview:-1"},"canonical":"https:\/\/centrourbano.com\/revista\/urbanismo\/destinan-mas-de-14-mdp-en-xochimilco-tlahuac-y-milpa-alta\/","og_locale":"es_ES","og_type":"article","og_title":"Lo Mejor del A\u00f1o: Destinan m\u00e1s de 14 mdp a Xochimilco, Tl\u00e1huac y Milpa Alta -","og_description":"&nbsp; Agosto: Rescatar\u00e1n las zonas gravemente deterioradas por el crecimiento de la mancha urbana De acuerdo con el documento publicado este martes en la","og_url":"https:\/\/centrourbano.com\/revista\/urbanismo\/destinan-mas-de-14-mdp-en-xochimilco-tlahuac-y-milpa-alta\/","og_site_name":"Centro Urbano","article_publisher":"https:\/\/www.facebook.com\/portalcentrourbano","article_published_time":"2014-12-30T15:00:35+00:00","og_image":[{"width":350,"height":91,"url":"https:\/\/centrourbano.com\/revista\/wp-content\/uploads\/CU-logo.png","type":"image\/png"}],"author":"G4A","twitter_card":"summary_large_image","twitter_creator":"@CentroUrbano","twitter_site":"@CentroUrbano","twitter_misc":{"Escrito por":"G4A","Tiempo de lectura":"1 minuto"},"schema":{"@context":"https:\/\/schema.org","@graph":[{"@type":"Article","@id":"https:\/\/centrourbano.com\/revista\/urbanismo\/destinan-mas-de-14-mdp-en-xochimilco-tlahuac-y-milpa-alta\/#article","isPartOf":{"@id":"https:\/\/centrourbano.com\/revista\/urbanismo\/destinan-mas-de-14-mdp-en-xochimilco-tlahuac-y-milpa-alta\/"},"author":{"name":"G4A","@id":"https:\/\/centrourbano.com\/revista\/#\/schema\/person\/370fa0ba2d8dd5bde3fdb8b62ad360aa"},"headline":"Lo Mejor del A\u00f1o: Destinan m\u00e1s de 14 mdp a Xochimilco, Tl\u00e1huac y Milpa Alta","datePublished":"2014-12-30T15:00:35+00:00","mainEntityOfPage":{"@id":"https:\/\/centrourbano.com\/revista\/urbanismo\/destinan-mas-de-14-mdp-en-xochimilco-tlahuac-y-milpa-alta\/"},"wordCount":229,"commentCount":0,"publisher":{"@id":"https:\/\/centrourbano.com\/revista\/#organization"},"keywords":["Humedales","Milpa Alta","Tl\u00e1huac","Xochimilco","Zona de Monumentos Hist\u00f3ricos","Zona Patrimonio Mundial Natural y Cultural de la Humanidad"],"articleSection":["Urbanismo"],"inLanguage":"es"},{"@type":"WebPage","@id":"https:\/\/centrourbano.com\/revista\/urbanismo\/destinan-mas-de-14-mdp-en-xochimilco-tlahuac-y-milpa-alta\/","url":"https:\/\/centrourbano.com\/revista\/urbanismo\/destinan-mas-de-14-mdp-en-xochimilco-tlahuac-y-milpa-alta\/","name":"Lo Mejor del A\u00f1o: Destinan m\u00e1s de 14 mdp a Xochimilco, Tl\u00e1huac y Milpa Alta -","isPartOf":{"@id":"https:\/\/centrourbano.com\/revista\/#website"},"datePublished":"2014-12-30T15:00:35+00:00","description":"&nbsp; Agosto: Rescatar\u00e1n las zonas gravemente deterioradas por el crecimiento de la mancha urbana De acuerdo con el documento publicado este martes en la","breadcrumb":{"@id":"https:\/\/centrourbano.com\/revista\/urbanismo\/destinan-mas-de-14-mdp-en-xochimilco-tlahuac-y-milpa-alta\/#breadcrumb"},"inLanguage":"es","potentialAction":[{"@type":"ReadAction","target":["https:\/\/centrourbano.com\/revista\/urbanismo\/destinan-mas-de-14-mdp-en-xochimilco-tlahuac-y-milpa-alta\/"]}]},{"@type":"BreadcrumbList","@id":"https:\/\/centrourbano.com\/revista\/urbanismo\/destinan-mas-de-14-mdp-en-xochimilco-tlahuac-y-milpa-alta\/#breadcrumb","itemListElement":[{"@type":"ListItem","position":1,"name":"Portada","item":"https:\/\/centrourbano.com\/revista\/"},{"@type":"ListItem","position":2,"name":"Lo Mejor del A\u00f1o: Destinan m\u00e1s de 14 mdp a Xochimilco, Tl\u00e1huac y Milpa Alta"}]},{"@type":"WebSite","@id":"https:\/\/centrourbano.com\/revista\/#website","url":"https:\/\/centrourbano.com\/revista\/","name":"Centro Urbano","description":"Medio especializado en los sectores vivienda, inmobiliario, construcci\u00f3n, arquitectura y urbanismo.","publisher":{"@id":"https:\/\/centrourbano.com\/revista\/#organization"},"potentialAction":[{"@type":"SearchAction","target":{"@type":"EntryPoint","urlTemplate":"https:\/\/centrourbano.com\/revista\/?s={search_term_string}"},"query-input":{"@type":"PropertyValueSpecification","valueRequired":true,"valueName":"search_term_string"}}],"inLanguage":"es"},{"@type":"Organization","@id":"https:\/\/centrourbano.com\/revista\/#organization","name":"Centro Urbano","url":"https:\/\/centrourbano.com\/revista\/","logo":{"@type":"ImageObject","inLanguage":"es","@id":"https:\/\/centrourbano.com\/revista\/#\/schema\/logo\/image\/","url":"https:\/\/centrourbano.com\/revista\/wp-content\/uploads\/web_CU_logo-1.png","contentUrl":"https:\/\/centrourbano.com\/revista\/wp-content\/uploads\/web_CU_logo-1.png","width":350,"height":91,"caption":"Centro Urbano"},"image":{"@id":"https:\/\/centrourbano.com\/revista\/#\/schema\/logo\/image\/"},"sameAs":["https:\/\/www.facebook.com\/portalcentrourbano","https:\/\/x.com\/CentroUrbano","https:\/\/www.instagram.com\/centro_urbano\/","https:\/\/www.linkedin.com\/company\/centro-urbano\/","http:\/\/www.youtube.com\/user\/portalcentrourbano"]},{"@type":"Person","@id":"https:\/\/centrourbano.com\/revista\/#\/schema\/person\/370fa0ba2d8dd5bde3fdb8b62ad360aa","name":"G4A","image":{"@type":"ImageObject","inLanguage":"es","@id":"https:\/\/secure.gravatar.com\/avatar\/932a97121b13d5de5bbd8193c6c83d3b92c9eda0f39623607d4280e7a5778d97?s=96&d=mm&r=g","url":"https:\/\/secure.gravatar.com\/avatar\/932a97121b13d5de5bbd8193c6c83d3b92c9eda0f39623607d4280e7a5778d97?s=96&d=mm&r=g","contentUrl":"https:\/\/secure.gravatar.com\/avatar\/932a97121b13d5de5bbd8193c6c83d3b92c9eda0f39623607d4280e7a5778d97?s=96&d=mm&r=g","caption":"G4A"},"url":"https:\/\/centrourbano.com\/revista\/author\/admin-g4a\/"}]}},"_links":{"self":[{"href":"https:\/\/centrourbano.com\/revista\/wp-json\/wp\/v2\/posts\/9898","targetHints":{"allow":["GET"]}}],"collection":[{"href":"https:\/\/centrourbano.com\/revista\/wp-json\/wp\/v2\/posts"}],"about":[{"href":"https:\/\/centrourbano.com\/revista\/wp-json\/wp\/v2\/types\/post"}],"author":[{"embeddable":true,"href":"https:\/\/centrourbano.com\/revista\/wp-json\/wp\/v2\/users\/77"}],"replies":[{"embeddable":true,"href":"https:\/\/centrourbano.com\/revista\/wp-json\/wp\/v2\/comments?post=9898"}],"version-history":[{"count":0,"href":"https:\/\/centrourbano.com\/revista\/wp-json\/wp\/v2\/posts\/9898\/revisions"}],"wp:attachment":[{"href":"https:\/\/centrourbano.com\/revista\/wp-json\/wp\/v2\/media?parent=9898"}],"wp:term":[{"taxonomy":"category","embeddable":true,"href":"https:\/\/centrourbano.com\/revista\/wp-json\/wp\/v2\/categories?post=9898"},{"taxonomy":"post_tag","embeddable":true,"href":"https:\/\/centrourbano.com\/revista\/wp-json\/wp\/v2\/tags?post=9898"}],"curies":[{"name":"wp","href":"https:\/\/api.w.org\/{rel}","templated":true}]}}