{"id":98663,"date":"2019-11-07T18:48:24","date_gmt":"2019-11-08T00:48:24","guid":{"rendered":"https:\/\/centrourbano.com\/?p=98663"},"modified":"2019-11-07T18:53:54","modified_gmt":"2019-11-08T00:53:54","slug":"compra-vivienda-cayo-1","status":"publish","type":"post","link":"https:\/\/centrourbano.com\/revista\/vivienda\/compra-vivienda-cayo-1\/","title":{"rendered":"Compra de vivienda en segmentos bajos cay\u00f3 33%"},"content":{"rendered":"<p><em>La colocaci\u00f3n cr\u00e9dito para compra de vivienda en segmento altos registra\u00a0resultados positivos\u00a0<\/em><!--more--><\/p>\n<p>La C\u00e1mara Nacional de la Industria de Desarrollo y Promoci\u00f3n de la Vivienda (Canaevi) dio a conocer que entre enero y septiembre de 2019, la colocaci\u00f3n de vivienda nueva entre <a href=\"https:\/\/centrourbano.com\/2019\/10\/30\/cayo-credito-infonavit-adquisicion\/\" target=\"_blank\" rel=\"noopener noreferrer\">segmentos bajos<\/a> cay\u00f3 33.7%. As\u00ed, al noveno mes, se registr\u00f3 la colocaci\u00f3n de 55,244 cr\u00e9ditos entre trabajadores que ganan menos de 7,000 pesos.<\/p>\n<p>De acuerdo con informaci\u00f3n proporcionada por el organismo, este segmento es el m\u00e1s golpeado. Y es que, en los otros deciles de ingreso, la colocaci\u00f3n de cr\u00e9dito para compra ha ido al alza.<\/p>\n<h2>Compra en segmentos altos<\/h2>\n<p>De esta manera, la colocaci\u00f3n de cr\u00e9dito entre trabajadores que ganan de 2.6 a 4 UMAs creci\u00f3 7.3%. Caso similar\u00a0se da en el segmento de ingreso que va de 4 a 5 UMAs, en donde la colocaci\u00f3n creci\u00f3 8.59 por ciento.<\/p>\n<p>\u201cEs sumamente importante mantener un sano equilibrio entre el impulso al sector como<a href=\"http:\/\/hombresymujeresdelacasa.com\/home\/2019\/09\/27\/canadevi-pide-certeza-para-invertir-en-mexico\/\" target=\"_blank\" rel=\"noopener noreferrer\"> motor econ\u00f3mico <\/a>de M\u00e9xico y el cimiento del desarrollo urbano y social. En este sentido, esperamos que en 2020 la atenci\u00f3n entre los trabajadores de bajo ingreso recupere su ritmo. Con cifras a septiembre,\u00a0observamos una ca\u00edda de 33.78%\u201d, dijo Gonzalo M\u00e9ndez, presidente de Canadevi.<\/p>\n<p>Es preciso se\u00f1alar que la colocaci\u00f3n de cr\u00e9dito\u00a0entre quienes ganan de 5 a 10 UMAs\u00a0creci\u00f3\u00a09%. As\u00ed, se registr\u00f3 la entrega de 55,595 cr\u00e9ditos para trabajadores que ganan entre\u00a012,800 a 25,600 pesos.<\/p>\n<h4>Repensar el subsidio para compra<\/h4>\n<p>En entrevista previa, Gonzalo M\u00e9ndez se\u00f1al\u00f3 que la eliminaci\u00f3n del subsidio para vivienda nueva represent\u00f3 un golpe para las familias. Se\u00f1al\u00f3 que la eliminaci\u00f3n del apoyo no s\u00f3lo restringi\u00f3 el acceso a casas nuevas para familias de bajos ingresos, sino que impact\u00f3 en la industria.<\/p>\n<p>Ante este escenario, el representante empresario hizo el llamado a las autoridades para reconsiderar un modelo de subsidio para compra. Y es que, asegur\u00f3, sin el apoyo, es pr\u00e1cticamente imposible que familias de bajos ingresos puedan adquirir una casa.<\/p>\n","protected":false},"excerpt":{"rendered":"<p>La colocaci\u00f3n cr\u00e9dito para compra de vivienda en segmento altos registra\u00a0resultados positivos\u00a0<\/p>\n","protected":false},"author":77,"featured_media":98665,"comment_status":"open","ping_status":"closed","sticky":false,"template":"","format":"standard","meta":{"inline_featured_image":false,"footnotes":""},"categories":[12],"tags":[],"class_list":["post-98663","post","type-post","status-publish","format-standard","has-post-thumbnail","hentry","category-vivienda"],"yoast_head":"<!-- This site is optimized with the Yoast SEO plugin v28.4 - https:\/\/yoast.com\/product\/yoast-seo-wordpress\/ -->\n<title>Compra de vivienda en segmentos bajos cay\u00f3 33%<\/title>\n<meta name=\"description\" content=\"La C\u00e1mara Nacional de la Industria de Desarrollo y Promoci\u00f3n de la Vivienda (Canaevi) dio a conocer que entre enero y septiembre de 2019, la...compra\" \/>\n<meta name=\"robots\" content=\"index, follow, max-snippet:-1, max-image-preview:large, max-video-preview:-1\" \/>\n<link rel=\"canonical\" href=\"https:\/\/centrourbano.com\/revista\/vivienda\/compra-vivienda-cayo-1\/\" \/>\n<meta property=\"og:locale\" content=\"es_ES\" \/>\n<meta property=\"og:type\" content=\"article\" \/>\n<meta property=\"og:title\" content=\"Compra de vivienda en segmentos bajos cay\u00f3 33%\" \/>\n<meta property=\"og:description\" content=\"La C\u00e1mara Nacional de la Industria de Desarrollo y Promoci\u00f3n de la Vivienda (Canaevi) dio a conocer que entre enero y septiembre de 2019, la...compra\" \/>\n<meta property=\"og:url\" content=\"https:\/\/centrourbano.com\/revista\/vivienda\/compra-vivienda-cayo-1\/\" \/>\n<meta property=\"og:site_name\" content=\"Centro Urbano\" \/>\n<meta property=\"article:publisher\" content=\"https:\/\/www.facebook.com\/portalcentrourbano\" \/>\n<meta property=\"article:published_time\" content=\"2019-11-08T00:48:24+00:00\" \/>\n<meta property=\"article:modified_time\" content=\"2019-11-08T00:53:54+00:00\" \/>\n<meta property=\"og:image\" content=\"https:\/\/centrourbano.com\/revista\/wp-content\/uploads\/Canadevi-Compra-Vivienda-Gonzalo-M\u00e9ndez.jpeg\" \/>\n\t<meta property=\"og:image:width\" content=\"800\" \/>\n\t<meta property=\"og:image:height\" content=\"483\" \/>\n\t<meta property=\"og:image:type\" content=\"image\/jpeg\" \/>\n<meta name=\"author\" content=\"G4A\" \/>\n<meta name=\"twitter:card\" content=\"summary_large_image\" \/>\n<meta name=\"twitter:creator\" content=\"@CentroUrbano\" \/>\n<meta name=\"twitter:site\" content=\"@CentroUrbano\" \/>\n<meta name=\"twitter:label1\" content=\"Escrito por\" \/>\n\t<meta name=\"twitter:data1\" content=\"G4A\" \/>\n\t<meta name=\"twitter:label2\" content=\"Tiempo de lectura\" \/>\n\t<meta name=\"twitter:data2\" content=\"2 minutos\" \/>\n<script type=\"application\/ld+json\" class=\"yoast-schema-graph\">{\"@context\":\"https:\\\/\\\/schema.org\",\"@graph\":[{\"@type\":\"Article\",\"@id\":\"https:\\\/\\\/centrourbano.com\\\/revista\\\/vivienda\\\/compra-vivienda-cayo-1\\\/#article\",\"isPartOf\":{\"@id\":\"https:\\\/\\\/centrourbano.com\\\/revista\\\/vivienda\\\/compra-vivienda-cayo-1\\\/\"},\"author\":{\"name\":\"G4A\",\"@id\":\"https:\\\/\\\/centrourbano.com\\\/revista\\\/#\\\/schema\\\/person\\\/370fa0ba2d8dd5bde3fdb8b62ad360aa\"},\"headline\":\"Compra de vivienda en segmentos bajos cay\u00f3 33%\",\"datePublished\":\"2019-11-08T00:48:24+00:00\",\"dateModified\":\"2019-11-08T00:53:54+00:00\",\"mainEntityOfPage\":{\"@id\":\"https:\\\/\\\/centrourbano.com\\\/revista\\\/vivienda\\\/compra-vivienda-cayo-1\\\/\"},\"wordCount\":346,\"commentCount\":0,\"publisher\":{\"@id\":\"https:\\\/\\\/centrourbano.com\\\/revista\\\/#organization\"},\"image\":{\"@id\":\"https:\\\/\\\/centrourbano.com\\\/revista\\\/vivienda\\\/compra-vivienda-cayo-1\\\/#primaryimage\"},\"thumbnailUrl\":\"https:\\\/\\\/centrourbano.com\\\/revista\\\/wp-content\\\/uploads\\\/Canadevi-Compra-Vivienda-Gonzalo-M\u00e9ndez.jpeg\",\"articleSection\":[\"Vivienda\"],\"inLanguage\":\"es\"},{\"@type\":\"WebPage\",\"@id\":\"https:\\\/\\\/centrourbano.com\\\/revista\\\/vivienda\\\/compra-vivienda-cayo-1\\\/\",\"url\":\"https:\\\/\\\/centrourbano.com\\\/revista\\\/vivienda\\\/compra-vivienda-cayo-1\\\/\",\"name\":\"Compra de vivienda en segmentos bajos cay\u00f3 33%\",\"isPartOf\":{\"@id\":\"https:\\\/\\\/centrourbano.com\\\/revista\\\/#website\"},\"primaryImageOfPage\":{\"@id\":\"https:\\\/\\\/centrourbano.com\\\/revista\\\/vivienda\\\/compra-vivienda-cayo-1\\\/#primaryimage\"},\"image\":{\"@id\":\"https:\\\/\\\/centrourbano.com\\\/revista\\\/vivienda\\\/compra-vivienda-cayo-1\\\/#primaryimage\"},\"thumbnailUrl\":\"https:\\\/\\\/centrourbano.com\\\/revista\\\/wp-content\\\/uploads\\\/Canadevi-Compra-Vivienda-Gonzalo-M\u00e9ndez.jpeg\",\"datePublished\":\"2019-11-08T00:48:24+00:00\",\"dateModified\":\"2019-11-08T00:53:54+00:00\",\"description\":\"La C\u00e1mara Nacional de la Industria de Desarrollo y Promoci\u00f3n de la Vivienda (Canaevi) dio a conocer que entre enero y septiembre de 2019, la...compra\",\"breadcrumb\":{\"@id\":\"https:\\\/\\\/centrourbano.com\\\/revista\\\/vivienda\\\/compra-vivienda-cayo-1\\\/#breadcrumb\"},\"inLanguage\":\"es\",\"potentialAction\":[{\"@type\":\"ReadAction\",\"target\":[\"https:\\\/\\\/centrourbano.com\\\/revista\\\/vivienda\\\/compra-vivienda-cayo-1\\\/\"]}]},{\"@type\":\"ImageObject\",\"inLanguage\":\"es\",\"@id\":\"https:\\\/\\\/centrourbano.com\\\/revista\\\/vivienda\\\/compra-vivienda-cayo-1\\\/#primaryimage\",\"url\":\"https:\\\/\\\/centrourbano.com\\\/revista\\\/wp-content\\\/uploads\\\/Canadevi-Compra-Vivienda-Gonzalo-M\u00e9ndez.jpeg\",\"contentUrl\":\"https:\\\/\\\/centrourbano.com\\\/revista\\\/wp-content\\\/uploads\\\/Canadevi-Compra-Vivienda-Gonzalo-M\u00e9ndez.jpeg\",\"width\":800,\"height\":483,\"caption\":\"Canadevi-Compra-Vivienda-Gonzalo M\u00e9ndez\"},{\"@type\":\"BreadcrumbList\",\"@id\":\"https:\\\/\\\/centrourbano.com\\\/revista\\\/vivienda\\\/compra-vivienda-cayo-1\\\/#breadcrumb\",\"itemListElement\":[{\"@type\":\"ListItem\",\"position\":1,\"name\":\"Portada\",\"item\":\"https:\\\/\\\/centrourbano.com\\\/revista\\\/\"},{\"@type\":\"ListItem\",\"position\":2,\"name\":\"Compra de vivienda en segmentos bajos cay\u00f3 33%\"}]},{\"@type\":\"WebSite\",\"@id\":\"https:\\\/\\\/centrourbano.com\\\/revista\\\/#website\",\"url\":\"https:\\\/\\\/centrourbano.com\\\/revista\\\/\",\"name\":\"Centro Urbano\",\"description\":\"Medio especializado en los sectores vivienda, inmobiliario, construcci\u00f3n, arquitectura y urbanismo.\",\"publisher\":{\"@id\":\"https:\\\/\\\/centrourbano.com\\\/revista\\\/#organization\"},\"potentialAction\":[{\"@type\":\"SearchAction\",\"target\":{\"@type\":\"EntryPoint\",\"urlTemplate\":\"https:\\\/\\\/centrourbano.com\\\/revista\\\/?s={search_term_string}\"},\"query-input\":{\"@type\":\"PropertyValueSpecification\",\"valueRequired\":true,\"valueName\":\"search_term_string\"}}],\"inLanguage\":\"es\"},{\"@type\":\"Organization\",\"@id\":\"https:\\\/\\\/centrourbano.com\\\/revista\\\/#organization\",\"name\":\"Centro Urbano\",\"url\":\"https:\\\/\\\/centrourbano.com\\\/revista\\\/\",\"logo\":{\"@type\":\"ImageObject\",\"inLanguage\":\"es\",\"@id\":\"https:\\\/\\\/centrourbano.com\\\/revista\\\/#\\\/schema\\\/logo\\\/image\\\/\",\"url\":\"https:\\\/\\\/centrourbano.com\\\/revista\\\/wp-content\\\/uploads\\\/web_CU_logo-1.png\",\"contentUrl\":\"https:\\\/\\\/centrourbano.com\\\/revista\\\/wp-content\\\/uploads\\\/web_CU_logo-1.png\",\"width\":350,\"height\":91,\"caption\":\"Centro Urbano\"},\"image\":{\"@id\":\"https:\\\/\\\/centrourbano.com\\\/revista\\\/#\\\/schema\\\/logo\\\/image\\\/\"},\"sameAs\":[\"https:\\\/\\\/www.facebook.com\\\/portalcentrourbano\",\"https:\\\/\\\/x.com\\\/CentroUrbano\",\"https:\\\/\\\/www.instagram.com\\\/centro_urbano\\\/\",\"https:\\\/\\\/www.linkedin.com\\\/company\\\/centro-urbano\\\/\",\"http:\\\/\\\/www.youtube.com\\\/user\\\/portalcentrourbano\"]},{\"@type\":\"Person\",\"@id\":\"https:\\\/\\\/centrourbano.com\\\/revista\\\/#\\\/schema\\\/person\\\/370fa0ba2d8dd5bde3fdb8b62ad360aa\",\"name\":\"G4A\",\"image\":{\"@type\":\"ImageObject\",\"inLanguage\":\"es\",\"@id\":\"https:\\\/\\\/secure.gravatar.com\\\/avatar\\\/932a97121b13d5de5bbd8193c6c83d3b92c9eda0f39623607d4280e7a5778d97?s=96&d=mm&r=g\",\"url\":\"https:\\\/\\\/secure.gravatar.com\\\/avatar\\\/932a97121b13d5de5bbd8193c6c83d3b92c9eda0f39623607d4280e7a5778d97?s=96&d=mm&r=g\",\"contentUrl\":\"https:\\\/\\\/secure.gravatar.com\\\/avatar\\\/932a97121b13d5de5bbd8193c6c83d3b92c9eda0f39623607d4280e7a5778d97?s=96&d=mm&r=g\",\"caption\":\"G4A\"},\"url\":\"https:\\\/\\\/centrourbano.com\\\/revista\\\/author\\\/admin-g4a\\\/\"}]}<\/script>\n<!-- \/ Yoast SEO plugin. -->","yoast_head_json":{"title":"Compra de vivienda en segmentos bajos cay\u00f3 33%","description":"La C\u00e1mara Nacional de la Industria de Desarrollo y Promoci\u00f3n de la Vivienda (Canaevi) dio a conocer que entre enero y septiembre de 2019, la...compra","robots":{"index":"index","follow":"follow","max-snippet":"max-snippet:-1","max-image-preview":"max-image-preview:large","max-video-preview":"max-video-preview:-1"},"canonical":"https:\/\/centrourbano.com\/revista\/vivienda\/compra-vivienda-cayo-1\/","og_locale":"es_ES","og_type":"article","og_title":"Compra de vivienda en segmentos bajos cay\u00f3 33%","og_description":"La C\u00e1mara Nacional de la Industria de Desarrollo y Promoci\u00f3n de la Vivienda (Canaevi) dio a conocer que entre enero y septiembre de 2019, la...compra","og_url":"https:\/\/centrourbano.com\/revista\/vivienda\/compra-vivienda-cayo-1\/","og_site_name":"Centro Urbano","article_publisher":"https:\/\/www.facebook.com\/portalcentrourbano","article_published_time":"2019-11-08T00:48:24+00:00","article_modified_time":"2019-11-08T00:53:54+00:00","og_image":[{"width":800,"height":483,"url":"https:\/\/centrourbano.com\/revista\/wp-content\/uploads\/Canadevi-Compra-Vivienda-Gonzalo-M\u00e9ndez.jpeg","type":"image\/jpeg"}],"author":"G4A","twitter_card":"summary_large_image","twitter_creator":"@CentroUrbano","twitter_site":"@CentroUrbano","twitter_misc":{"Escrito por":"G4A","Tiempo de lectura":"2 minutos"},"schema":{"@context":"https:\/\/schema.org","@graph":[{"@type":"Article","@id":"https:\/\/centrourbano.com\/revista\/vivienda\/compra-vivienda-cayo-1\/#article","isPartOf":{"@id":"https:\/\/centrourbano.com\/revista\/vivienda\/compra-vivienda-cayo-1\/"},"author":{"name":"G4A","@id":"https:\/\/centrourbano.com\/revista\/#\/schema\/person\/370fa0ba2d8dd5bde3fdb8b62ad360aa"},"headline":"Compra de vivienda en segmentos bajos cay\u00f3 33%","datePublished":"2019-11-08T00:48:24+00:00","dateModified":"2019-11-08T00:53:54+00:00","mainEntityOfPage":{"@id":"https:\/\/centrourbano.com\/revista\/vivienda\/compra-vivienda-cayo-1\/"},"wordCount":346,"commentCount":0,"publisher":{"@id":"https:\/\/centrourbano.com\/revista\/#organization"},"image":{"@id":"https:\/\/centrourbano.com\/revista\/vivienda\/compra-vivienda-cayo-1\/#primaryimage"},"thumbnailUrl":"https:\/\/centrourbano.com\/revista\/wp-content\/uploads\/Canadevi-Compra-Vivienda-Gonzalo-M\u00e9ndez.jpeg","articleSection":["Vivienda"],"inLanguage":"es"},{"@type":"WebPage","@id":"https:\/\/centrourbano.com\/revista\/vivienda\/compra-vivienda-cayo-1\/","url":"https:\/\/centrourbano.com\/revista\/vivienda\/compra-vivienda-cayo-1\/","name":"Compra de vivienda en segmentos bajos cay\u00f3 33%","isPartOf":{"@id":"https:\/\/centrourbano.com\/revista\/#website"},"primaryImageOfPage":{"@id":"https:\/\/centrourbano.com\/revista\/vivienda\/compra-vivienda-cayo-1\/#primaryimage"},"image":{"@id":"https:\/\/centrourbano.com\/revista\/vivienda\/compra-vivienda-cayo-1\/#primaryimage"},"thumbnailUrl":"https:\/\/centrourbano.com\/revista\/wp-content\/uploads\/Canadevi-Compra-Vivienda-Gonzalo-M\u00e9ndez.jpeg","datePublished":"2019-11-08T00:48:24+00:00","dateModified":"2019-11-08T00:53:54+00:00","description":"La C\u00e1mara Nacional de la Industria de Desarrollo y Promoci\u00f3n de la Vivienda (Canaevi) dio a conocer que entre enero y septiembre de 2019, la...compra","breadcrumb":{"@id":"https:\/\/centrourbano.com\/revista\/vivienda\/compra-vivienda-cayo-1\/#breadcrumb"},"inLanguage":"es","potentialAction":[{"@type":"ReadAction","target":["https:\/\/centrourbano.com\/revista\/vivienda\/compra-vivienda-cayo-1\/"]}]},{"@type":"ImageObject","inLanguage":"es","@id":"https:\/\/centrourbano.com\/revista\/vivienda\/compra-vivienda-cayo-1\/#primaryimage","url":"https:\/\/centrourbano.com\/revista\/wp-content\/uploads\/Canadevi-Compra-Vivienda-Gonzalo-M\u00e9ndez.jpeg","contentUrl":"https:\/\/centrourbano.com\/revista\/wp-content\/uploads\/Canadevi-Compra-Vivienda-Gonzalo-M\u00e9ndez.jpeg","width":800,"height":483,"caption":"Canadevi-Compra-Vivienda-Gonzalo M\u00e9ndez"},{"@type":"BreadcrumbList","@id":"https:\/\/centrourbano.com\/revista\/vivienda\/compra-vivienda-cayo-1\/#breadcrumb","itemListElement":[{"@type":"ListItem","position":1,"name":"Portada","item":"https:\/\/centrourbano.com\/revista\/"},{"@type":"ListItem","position":2,"name":"Compra de vivienda en segmentos bajos cay\u00f3 33%"}]},{"@type":"WebSite","@id":"https:\/\/centrourbano.com\/revista\/#website","url":"https:\/\/centrourbano.com\/revista\/","name":"Centro Urbano","description":"Medio especializado en los sectores vivienda, inmobiliario, construcci\u00f3n, arquitectura y urbanismo.","publisher":{"@id":"https:\/\/centrourbano.com\/revista\/#organization"},"potentialAction":[{"@type":"SearchAction","target":{"@type":"EntryPoint","urlTemplate":"https:\/\/centrourbano.com\/revista\/?s={search_term_string}"},"query-input":{"@type":"PropertyValueSpecification","valueRequired":true,"valueName":"search_term_string"}}],"inLanguage":"es"},{"@type":"Organization","@id":"https:\/\/centrourbano.com\/revista\/#organization","name":"Centro Urbano","url":"https:\/\/centrourbano.com\/revista\/","logo":{"@type":"ImageObject","inLanguage":"es","@id":"https:\/\/centrourbano.com\/revista\/#\/schema\/logo\/image\/","url":"https:\/\/centrourbano.com\/revista\/wp-content\/uploads\/web_CU_logo-1.png","contentUrl":"https:\/\/centrourbano.com\/revista\/wp-content\/uploads\/web_CU_logo-1.png","width":350,"height":91,"caption":"Centro Urbano"},"image":{"@id":"https:\/\/centrourbano.com\/revista\/#\/schema\/logo\/image\/"},"sameAs":["https:\/\/www.facebook.com\/portalcentrourbano","https:\/\/x.com\/CentroUrbano","https:\/\/www.instagram.com\/centro_urbano\/","https:\/\/www.linkedin.com\/company\/centro-urbano\/","http:\/\/www.youtube.com\/user\/portalcentrourbano"]},{"@type":"Person","@id":"https:\/\/centrourbano.com\/revista\/#\/schema\/person\/370fa0ba2d8dd5bde3fdb8b62ad360aa","name":"G4A","image":{"@type":"ImageObject","inLanguage":"es","@id":"https:\/\/secure.gravatar.com\/avatar\/932a97121b13d5de5bbd8193c6c83d3b92c9eda0f39623607d4280e7a5778d97?s=96&d=mm&r=g","url":"https:\/\/secure.gravatar.com\/avatar\/932a97121b13d5de5bbd8193c6c83d3b92c9eda0f39623607d4280e7a5778d97?s=96&d=mm&r=g","contentUrl":"https:\/\/secure.gravatar.com\/avatar\/932a97121b13d5de5bbd8193c6c83d3b92c9eda0f39623607d4280e7a5778d97?s=96&d=mm&r=g","caption":"G4A"},"url":"https:\/\/centrourbano.com\/revista\/author\/admin-g4a\/"}]}},"_links":{"self":[{"href":"https:\/\/centrourbano.com\/revista\/wp-json\/wp\/v2\/posts\/98663","targetHints":{"allow":["GET"]}}],"collection":[{"href":"https:\/\/centrourbano.com\/revista\/wp-json\/wp\/v2\/posts"}],"about":[{"href":"https:\/\/centrourbano.com\/revista\/wp-json\/wp\/v2\/types\/post"}],"author":[{"embeddable":true,"href":"https:\/\/centrourbano.com\/revista\/wp-json\/wp\/v2\/users\/77"}],"replies":[{"embeddable":true,"href":"https:\/\/centrourbano.com\/revista\/wp-json\/wp\/v2\/comments?post=98663"}],"version-history":[{"count":4,"href":"https:\/\/centrourbano.com\/revista\/wp-json\/wp\/v2\/posts\/98663\/revisions"}],"predecessor-version":[{"id":98669,"href":"https:\/\/centrourbano.com\/revista\/wp-json\/wp\/v2\/posts\/98663\/revisions\/98669"}],"wp:featuredmedia":[{"embeddable":true,"href":"https:\/\/centrourbano.com\/revista\/wp-json\/wp\/v2\/media\/98665"}],"wp:attachment":[{"href":"https:\/\/centrourbano.com\/revista\/wp-json\/wp\/v2\/media?parent=98663"}],"wp:term":[{"taxonomy":"category","embeddable":true,"href":"https:\/\/centrourbano.com\/revista\/wp-json\/wp\/v2\/categories?post=98663"},{"taxonomy":"post_tag","embeddable":true,"href":"https:\/\/centrourbano.com\/revista\/wp-json\/wp\/v2\/tags?post=98663"}],"curies":[{"name":"wp","href":"https:\/\/api.w.org\/{rel}","templated":true}]}}