{"id":9851,"date":"2014-08-19T12:50:49","date_gmt":"2014-08-19T17:50:49","guid":{"rendered":"http:\/\/centrourbano.com\/?p=9851"},"modified":"2014-09-08T17:11:24","modified_gmt":"2014-09-08T22:11:24","slug":"este-martes-en-vivienda-en-verde-javier-perez-almaraz","status":"publish","type":"post","link":"https:\/\/centrourbano.com\/revista\/actualidad\/este-martes-en-vivienda-en-verde-javier-perez-almaraz\/","title":{"rendered":"Este martes en Vivienda en Verde: Javier P\u00e9rez Almaraz"},"content":{"rendered":"<p>&nbsp;<\/p>\n<p><em>El presidente del Colegio Nacional del Notariado Mexicano hablar\u00e1 sobre la parte legal al adquirir una vivienda<\/em><\/p>\n<p>Este martes el arquitecto Horacio Urbano tendr\u00e1 como invitado en el programa Vivienda en Verde al presidente del Colegio Nacional del Notariado Mexicano, Javier P\u00e9rez Almaraz.<\/p>\n<p>En el programa, P\u00e9rez Almaraz hablar\u00e1 sobre la importancia de tener la certeza y seguridad que dan los notarios, ya muchas veces las personas se detienen porque no conocen el costo real y prefieren realizar un contrato privado, situaciones que se aclarar\u00e1n durante la pl\u00e1tica.<\/p>\n<p>La parte de la escrituraci\u00f3n es muy importante al momento de adquirir una vivienda, por lo que se deben tomar ciertas recomendaciones antes de hacerlo, el trabajo del notario es darle seguridad y confianza a todo el que realice este tipo de tr\u00e1mites.<\/p>\n<p>Existen muchas dudas y leyendas urbanas en cuanto a la escrituraci\u00f3n y los notarios p\u00fablicos; durante la entrevista, el presidente del Colegio Nacional del Notariado Mexicano aclarar\u00e1 muchas de ellas.<\/p>\n<p>Lo anterior con la finalidad de que el p\u00fablico conozca, se asesore y acerque con un notario para realizar sus tr\u00e1mites.<\/p>\n<p>Al final, se hablar\u00e1 de las funciones complementarias que puede realizar un notario p\u00fablico.<\/p>\n<p>El\u00a0programa comienza en punto de las 23:30 hrs. por Green TV a trav\u00e9s de los canales 410 de Cablevisi\u00f3n y 392 de Total Play; o si lo prefieres tambi\u00e9n puedes verlo desde el sitio de Internet www.greentv.com.mx<\/p>\n<p>&nbsp;<\/p>\n","protected":false},"excerpt":{"rendered":"<p>&nbsp; El presidente del Colegio Nacional del Notariado Mexicano hablar\u00e1 sobre la parte legal al adquirir una vivienda Este martes el arquitecto Horacio Urbano tendr\u00e1 como invitado en el programa Vivienda en Verde al presidente del Colegio Nacional del Notariado Mexicano, Javier P\u00e9rez Almaraz. En el programa, P\u00e9rez Almaraz hablar\u00e1 sobre la importancia de tener [&hellip;]<\/p>\n","protected":false},"author":1,"featured_media":0,"comment_status":"open","ping_status":"closed","sticky":false,"template":"","format":"standard","meta":{"om_disable_all_campaigns":false,"inline_featured_image":false,"_monsterinsights_skip_tracking":false,"_monsterinsights_sitenote_active":false,"_monsterinsights_sitenote_note":"","_monsterinsights_sitenote_category":0,"footnotes":""},"categories":[80],"tags":[2614,2612,204,2249,2613,60,150],"class_list":["post-9851","post","type-post","status-publish","format-standard","hentry","category-actualidad","tag-cablevision","tag-colegio-nacional-del-notariado-mexicano","tag-escrituras","tag-green-tv","tag-tramites-legales","tag-vivienda-2","tag-vivienda-en-verde-2"],"yoast_head":"<!-- This site is optimized with the Yoast SEO plugin v27.5 - https:\/\/yoast.com\/product\/yoast-seo-wordpress\/ -->\n<title>Este martes en Vivienda en Verde: Javier P\u00e9rez Almaraz -<\/title>\n<meta name=\"description\" content=\"&nbsp; El presidente del Colegio Nacional del Notariado Mexicano hablar\u00e1 sobre la parte legal al adquirir una vivienda Este martes el arquitecto Horacio\" \/>\n<meta name=\"robots\" content=\"index, follow, max-snippet:-1, max-image-preview:large, max-video-preview:-1\" \/>\n<link rel=\"canonical\" href=\"https:\/\/centrourbano.com\/revista\/actualidad\/este-martes-en-vivienda-en-verde-javier-perez-almaraz\/\" \/>\n<meta property=\"og:locale\" content=\"es_ES\" \/>\n<meta property=\"og:type\" content=\"article\" \/>\n<meta property=\"og:title\" content=\"Este martes en Vivienda en Verde: Javier P\u00e9rez Almaraz -\" \/>\n<meta property=\"og:description\" content=\"&nbsp; El presidente del Colegio Nacional del Notariado Mexicano hablar\u00e1 sobre la parte legal al adquirir una vivienda Este martes el arquitecto Horacio\" \/>\n<meta property=\"og:url\" content=\"https:\/\/centrourbano.com\/revista\/actualidad\/este-martes-en-vivienda-en-verde-javier-perez-almaraz\/\" \/>\n<meta property=\"og:site_name\" content=\"Centro Urbano\" \/>\n<meta property=\"article:publisher\" content=\"https:\/\/www.facebook.com\/portalcentrourbano\" \/>\n<meta property=\"article:published_time\" content=\"2014-08-19T17:50:49+00:00\" \/>\n<meta property=\"article:modified_time\" content=\"2014-09-08T22:11:24+00:00\" \/>\n<meta property=\"og:image\" content=\"https:\/\/centrourbano.com\/revista\/wp-content\/uploads\/CU-logo.png\" \/>\n\t<meta property=\"og:image:width\" content=\"350\" \/>\n\t<meta property=\"og:image:height\" content=\"91\" \/>\n\t<meta property=\"og:image:type\" content=\"image\/png\" \/>\n<meta name=\"author\" content=\"BlogCU 2022\" \/>\n<meta name=\"twitter:card\" content=\"summary_large_image\" \/>\n<meta name=\"twitter:creator\" content=\"@CentroUrbano\" \/>\n<meta name=\"twitter:site\" content=\"@CentroUrbano\" \/>\n<meta name=\"twitter:label1\" content=\"Escrito por\" \/>\n\t<meta name=\"twitter:data1\" content=\"BlogCU 2022\" \/>\n\t<meta name=\"twitter:label2\" content=\"Tiempo de lectura\" \/>\n\t<meta name=\"twitter:data2\" content=\"1 minuto\" \/>\n<script type=\"application\/ld+json\" class=\"yoast-schema-graph\">{\"@context\":\"https:\\\/\\\/schema.org\",\"@graph\":[{\"@type\":\"Article\",\"@id\":\"https:\\\/\\\/centrourbano.com\\\/revista\\\/actualidad\\\/este-martes-en-vivienda-en-verde-javier-perez-almaraz\\\/#article\",\"isPartOf\":{\"@id\":\"https:\\\/\\\/centrourbano.com\\\/revista\\\/actualidad\\\/este-martes-en-vivienda-en-verde-javier-perez-almaraz\\\/\"},\"author\":{\"name\":\"BlogCU 2022\",\"@id\":\"https:\\\/\\\/centrourbano.com\\\/revista\\\/#\\\/schema\\\/person\\\/fe5429a2f790d21ed026561f3309426b\"},\"headline\":\"Este martes en Vivienda en Verde: Javier P\u00e9rez Almaraz\",\"datePublished\":\"2014-08-19T17:50:49+00:00\",\"dateModified\":\"2014-09-08T22:11:24+00:00\",\"mainEntityOfPage\":{\"@id\":\"https:\\\/\\\/centrourbano.com\\\/revista\\\/actualidad\\\/este-martes-en-vivienda-en-verde-javier-perez-almaraz\\\/\"},\"wordCount\":260,\"commentCount\":0,\"publisher\":{\"@id\":\"https:\\\/\\\/centrourbano.com\\\/revista\\\/#organization\"},\"keywords\":[\"Cablevisi\u00f3n\",\"Colegio Nacional del Notariado mexicano\",\"Escrituras\",\"Green TV\",\"Tr\u00e1mites legales\",\"vivienda\",\"Vivienda en Verde\"],\"articleSection\":[\"Actualidad\"],\"inLanguage\":\"es\",\"potentialAction\":[{\"@type\":\"CommentAction\",\"name\":\"Comment\",\"target\":[\"https:\\\/\\\/centrourbano.com\\\/revista\\\/actualidad\\\/este-martes-en-vivienda-en-verde-javier-perez-almaraz\\\/#respond\"]}]},{\"@type\":\"WebPage\",\"@id\":\"https:\\\/\\\/centrourbano.com\\\/revista\\\/actualidad\\\/este-martes-en-vivienda-en-verde-javier-perez-almaraz\\\/\",\"url\":\"https:\\\/\\\/centrourbano.com\\\/revista\\\/actualidad\\\/este-martes-en-vivienda-en-verde-javier-perez-almaraz\\\/\",\"name\":\"Este martes en Vivienda en Verde: Javier P\u00e9rez Almaraz -\",\"isPartOf\":{\"@id\":\"https:\\\/\\\/centrourbano.com\\\/revista\\\/#website\"},\"datePublished\":\"2014-08-19T17:50:49+00:00\",\"dateModified\":\"2014-09-08T22:11:24+00:00\",\"description\":\"&nbsp; El presidente del Colegio Nacional del Notariado Mexicano hablar\u00e1 sobre la parte legal al adquirir una vivienda Este martes el arquitecto Horacio\",\"breadcrumb\":{\"@id\":\"https:\\\/\\\/centrourbano.com\\\/revista\\\/actualidad\\\/este-martes-en-vivienda-en-verde-javier-perez-almaraz\\\/#breadcrumb\"},\"inLanguage\":\"es\",\"potentialAction\":[{\"@type\":\"ReadAction\",\"target\":[\"https:\\\/\\\/centrourbano.com\\\/revista\\\/actualidad\\\/este-martes-en-vivienda-en-verde-javier-perez-almaraz\\\/\"]}]},{\"@type\":\"BreadcrumbList\",\"@id\":\"https:\\\/\\\/centrourbano.com\\\/revista\\\/actualidad\\\/este-martes-en-vivienda-en-verde-javier-perez-almaraz\\\/#breadcrumb\",\"itemListElement\":[{\"@type\":\"ListItem\",\"position\":1,\"name\":\"Portada\",\"item\":\"https:\\\/\\\/centrourbano.com\\\/revista\\\/\"},{\"@type\":\"ListItem\",\"position\":2,\"name\":\"Este martes en Vivienda en Verde: Javier P\u00e9rez Almaraz\"}]},{\"@type\":\"WebSite\",\"@id\":\"https:\\\/\\\/centrourbano.com\\\/revista\\\/#website\",\"url\":\"https:\\\/\\\/centrourbano.com\\\/revista\\\/\",\"name\":\"Centro Urbano\",\"description\":\"Medio especializado en los sectores vivienda, inmobiliario, construcci\u00f3n, arquitectura y urbanismo.\",\"publisher\":{\"@id\":\"https:\\\/\\\/centrourbano.com\\\/revista\\\/#organization\"},\"potentialAction\":[{\"@type\":\"SearchAction\",\"target\":{\"@type\":\"EntryPoint\",\"urlTemplate\":\"https:\\\/\\\/centrourbano.com\\\/revista\\\/?s={search_term_string}\"},\"query-input\":{\"@type\":\"PropertyValueSpecification\",\"valueRequired\":true,\"valueName\":\"search_term_string\"}}],\"inLanguage\":\"es\"},{\"@type\":\"Organization\",\"@id\":\"https:\\\/\\\/centrourbano.com\\\/revista\\\/#organization\",\"name\":\"Centro Urbano\",\"url\":\"https:\\\/\\\/centrourbano.com\\\/revista\\\/\",\"logo\":{\"@type\":\"ImageObject\",\"inLanguage\":\"es\",\"@id\":\"https:\\\/\\\/centrourbano.com\\\/revista\\\/#\\\/schema\\\/logo\\\/image\\\/\",\"url\":\"https:\\\/\\\/centrourbano.com\\\/revista\\\/wp-content\\\/uploads\\\/web_CU_logo-1.png\",\"contentUrl\":\"https:\\\/\\\/centrourbano.com\\\/revista\\\/wp-content\\\/uploads\\\/web_CU_logo-1.png\",\"width\":350,\"height\":91,\"caption\":\"Centro Urbano\"},\"image\":{\"@id\":\"https:\\\/\\\/centrourbano.com\\\/revista\\\/#\\\/schema\\\/logo\\\/image\\\/\"},\"sameAs\":[\"https:\\\/\\\/www.facebook.com\\\/portalcentrourbano\",\"https:\\\/\\\/x.com\\\/CentroUrbano\",\"https:\\\/\\\/www.instagram.com\\\/centro_urbano\\\/\",\"https:\\\/\\\/www.linkedin.com\\\/company\\\/centro-urbano\\\/\",\"http:\\\/\\\/www.youtube.com\\\/user\\\/portalcentrourbano\"]},{\"@type\":\"Person\",\"@id\":\"https:\\\/\\\/centrourbano.com\\\/revista\\\/#\\\/schema\\\/person\\\/fe5429a2f790d21ed026561f3309426b\",\"name\":\"BlogCU 2022\",\"image\":{\"@type\":\"ImageObject\",\"inLanguage\":\"es\",\"@id\":\"https:\\\/\\\/secure.gravatar.com\\\/avatar\\\/5ec2975f6d4b1643c723f08ef135c488131c64cba4524740d438f2e04dbeacdc?s=96&d=mm&r=g\",\"url\":\"https:\\\/\\\/secure.gravatar.com\\\/avatar\\\/5ec2975f6d4b1643c723f08ef135c488131c64cba4524740d438f2e04dbeacdc?s=96&d=mm&r=g\",\"contentUrl\":\"https:\\\/\\\/secure.gravatar.com\\\/avatar\\\/5ec2975f6d4b1643c723f08ef135c488131c64cba4524740d438f2e04dbeacdc?s=96&d=mm&r=g\",\"caption\":\"BlogCU 2022\"},\"url\":\"https:\\\/\\\/centrourbano.com\\\/revista\\\/author\\\/BlogCU 2022\\\/\"}]}<\/script>\n<!-- \/ Yoast SEO plugin. -->","yoast_head_json":{"title":"Este martes en Vivienda en Verde: Javier P\u00e9rez Almaraz -","description":"&nbsp; El presidente del Colegio Nacional del Notariado Mexicano hablar\u00e1 sobre la parte legal al adquirir una vivienda Este martes el arquitecto Horacio","robots":{"index":"index","follow":"follow","max-snippet":"max-snippet:-1","max-image-preview":"max-image-preview:large","max-video-preview":"max-video-preview:-1"},"canonical":"https:\/\/centrourbano.com\/revista\/actualidad\/este-martes-en-vivienda-en-verde-javier-perez-almaraz\/","og_locale":"es_ES","og_type":"article","og_title":"Este martes en Vivienda en Verde: Javier P\u00e9rez Almaraz -","og_description":"&nbsp; El presidente del Colegio Nacional del Notariado Mexicano hablar\u00e1 sobre la parte legal al adquirir una vivienda Este martes el arquitecto Horacio","og_url":"https:\/\/centrourbano.com\/revista\/actualidad\/este-martes-en-vivienda-en-verde-javier-perez-almaraz\/","og_site_name":"Centro Urbano","article_publisher":"https:\/\/www.facebook.com\/portalcentrourbano","article_published_time":"2014-08-19T17:50:49+00:00","article_modified_time":"2014-09-08T22:11:24+00:00","og_image":[{"width":350,"height":91,"url":"https:\/\/centrourbano.com\/revista\/wp-content\/uploads\/CU-logo.png","type":"image\/png"}],"author":"BlogCU 2022","twitter_card":"summary_large_image","twitter_creator":"@CentroUrbano","twitter_site":"@CentroUrbano","twitter_misc":{"Escrito por":"BlogCU 2022","Tiempo de lectura":"1 minuto"},"schema":{"@context":"https:\/\/schema.org","@graph":[{"@type":"Article","@id":"https:\/\/centrourbano.com\/revista\/actualidad\/este-martes-en-vivienda-en-verde-javier-perez-almaraz\/#article","isPartOf":{"@id":"https:\/\/centrourbano.com\/revista\/actualidad\/este-martes-en-vivienda-en-verde-javier-perez-almaraz\/"},"author":{"name":"BlogCU 2022","@id":"https:\/\/centrourbano.com\/revista\/#\/schema\/person\/fe5429a2f790d21ed026561f3309426b"},"headline":"Este martes en Vivienda en Verde: Javier P\u00e9rez Almaraz","datePublished":"2014-08-19T17:50:49+00:00","dateModified":"2014-09-08T22:11:24+00:00","mainEntityOfPage":{"@id":"https:\/\/centrourbano.com\/revista\/actualidad\/este-martes-en-vivienda-en-verde-javier-perez-almaraz\/"},"wordCount":260,"commentCount":0,"publisher":{"@id":"https:\/\/centrourbano.com\/revista\/#organization"},"keywords":["Cablevisi\u00f3n","Colegio Nacional del Notariado mexicano","Escrituras","Green TV","Tr\u00e1mites legales","vivienda","Vivienda en Verde"],"articleSection":["Actualidad"],"inLanguage":"es","potentialAction":[{"@type":"CommentAction","name":"Comment","target":["https:\/\/centrourbano.com\/revista\/actualidad\/este-martes-en-vivienda-en-verde-javier-perez-almaraz\/#respond"]}]},{"@type":"WebPage","@id":"https:\/\/centrourbano.com\/revista\/actualidad\/este-martes-en-vivienda-en-verde-javier-perez-almaraz\/","url":"https:\/\/centrourbano.com\/revista\/actualidad\/este-martes-en-vivienda-en-verde-javier-perez-almaraz\/","name":"Este martes en Vivienda en Verde: Javier P\u00e9rez Almaraz -","isPartOf":{"@id":"https:\/\/centrourbano.com\/revista\/#website"},"datePublished":"2014-08-19T17:50:49+00:00","dateModified":"2014-09-08T22:11:24+00:00","description":"&nbsp; El presidente del Colegio Nacional del Notariado Mexicano hablar\u00e1 sobre la parte legal al adquirir una vivienda Este martes el arquitecto Horacio","breadcrumb":{"@id":"https:\/\/centrourbano.com\/revista\/actualidad\/este-martes-en-vivienda-en-verde-javier-perez-almaraz\/#breadcrumb"},"inLanguage":"es","potentialAction":[{"@type":"ReadAction","target":["https:\/\/centrourbano.com\/revista\/actualidad\/este-martes-en-vivienda-en-verde-javier-perez-almaraz\/"]}]},{"@type":"BreadcrumbList","@id":"https:\/\/centrourbano.com\/revista\/actualidad\/este-martes-en-vivienda-en-verde-javier-perez-almaraz\/#breadcrumb","itemListElement":[{"@type":"ListItem","position":1,"name":"Portada","item":"https:\/\/centrourbano.com\/revista\/"},{"@type":"ListItem","position":2,"name":"Este martes en Vivienda en Verde: Javier P\u00e9rez Almaraz"}]},{"@type":"WebSite","@id":"https:\/\/centrourbano.com\/revista\/#website","url":"https:\/\/centrourbano.com\/revista\/","name":"Centro Urbano","description":"Medio especializado en los sectores vivienda, inmobiliario, construcci\u00f3n, arquitectura y urbanismo.","publisher":{"@id":"https:\/\/centrourbano.com\/revista\/#organization"},"potentialAction":[{"@type":"SearchAction","target":{"@type":"EntryPoint","urlTemplate":"https:\/\/centrourbano.com\/revista\/?s={search_term_string}"},"query-input":{"@type":"PropertyValueSpecification","valueRequired":true,"valueName":"search_term_string"}}],"inLanguage":"es"},{"@type":"Organization","@id":"https:\/\/centrourbano.com\/revista\/#organization","name":"Centro Urbano","url":"https:\/\/centrourbano.com\/revista\/","logo":{"@type":"ImageObject","inLanguage":"es","@id":"https:\/\/centrourbano.com\/revista\/#\/schema\/logo\/image\/","url":"https:\/\/centrourbano.com\/revista\/wp-content\/uploads\/web_CU_logo-1.png","contentUrl":"https:\/\/centrourbano.com\/revista\/wp-content\/uploads\/web_CU_logo-1.png","width":350,"height":91,"caption":"Centro Urbano"},"image":{"@id":"https:\/\/centrourbano.com\/revista\/#\/schema\/logo\/image\/"},"sameAs":["https:\/\/www.facebook.com\/portalcentrourbano","https:\/\/x.com\/CentroUrbano","https:\/\/www.instagram.com\/centro_urbano\/","https:\/\/www.linkedin.com\/company\/centro-urbano\/","http:\/\/www.youtube.com\/user\/portalcentrourbano"]},{"@type":"Person","@id":"https:\/\/centrourbano.com\/revista\/#\/schema\/person\/fe5429a2f790d21ed026561f3309426b","name":"BlogCU 2022","image":{"@type":"ImageObject","inLanguage":"es","@id":"https:\/\/secure.gravatar.com\/avatar\/5ec2975f6d4b1643c723f08ef135c488131c64cba4524740d438f2e04dbeacdc?s=96&d=mm&r=g","url":"https:\/\/secure.gravatar.com\/avatar\/5ec2975f6d4b1643c723f08ef135c488131c64cba4524740d438f2e04dbeacdc?s=96&d=mm&r=g","contentUrl":"https:\/\/secure.gravatar.com\/avatar\/5ec2975f6d4b1643c723f08ef135c488131c64cba4524740d438f2e04dbeacdc?s=96&d=mm&r=g","caption":"BlogCU 2022"},"url":"https:\/\/centrourbano.com\/revista\/author\/BlogCU 2022\/"}]}},"_links":{"self":[{"href":"https:\/\/centrourbano.com\/revista\/wp-json\/wp\/v2\/posts\/9851","targetHints":{"allow":["GET"]}}],"collection":[{"href":"https:\/\/centrourbano.com\/revista\/wp-json\/wp\/v2\/posts"}],"about":[{"href":"https:\/\/centrourbano.com\/revista\/wp-json\/wp\/v2\/types\/post"}],"author":[{"embeddable":true,"href":"https:\/\/centrourbano.com\/revista\/wp-json\/wp\/v2\/users\/1"}],"replies":[{"embeddable":true,"href":"https:\/\/centrourbano.com\/revista\/wp-json\/wp\/v2\/comments?post=9851"}],"version-history":[{"count":0,"href":"https:\/\/centrourbano.com\/revista\/wp-json\/wp\/v2\/posts\/9851\/revisions"}],"wp:attachment":[{"href":"https:\/\/centrourbano.com\/revista\/wp-json\/wp\/v2\/media?parent=9851"}],"wp:term":[{"taxonomy":"category","embeddable":true,"href":"https:\/\/centrourbano.com\/revista\/wp-json\/wp\/v2\/categories?post=9851"},{"taxonomy":"post_tag","embeddable":true,"href":"https:\/\/centrourbano.com\/revista\/wp-json\/wp\/v2\/tags?post=9851"}],"curies":[{"name":"wp","href":"https:\/\/api.w.org\/{rel}","templated":true}]}}