{"id":98413,"date":"2019-11-08T08:24:18","date_gmt":"2019-11-08T14:24:18","guid":{"rendered":"https:\/\/centrourbano.com\/?p=98413"},"modified":"2019-11-08T11:36:58","modified_gmt":"2019-11-08T17:36:58","slug":"cdmx-y-queretaro-trabajaran-en-la-conservacion-del-patrimonio-historico","status":"publish","type":"post","link":"https:\/\/centrourbano.com\/revista\/arquitectura-2\/cdmx-y-queretaro-trabajaran-en-la-conservacion-del-patrimonio-historico\/","title":{"rendered":"CDMX y Quer\u00e9taro trabajar\u00e1n en la conservaci\u00f3n del patrimonio hist\u00f3rico"},"content":{"rendered":"<p><em>Se firm\u00f3 un convenio de colaboraci\u00f3n para el intercambio de informaci\u00f3n y estrategias\u00a0que permitan trabajar en la conservaci\u00f3n y preservaci\u00f3n del patrimonio hist\u00f3rico<\/em><br \/>\n<!--more--><\/p>\n<p>A trav\u00e9s de la <strong>Autoridad del Centro Hist\u00f3rico,\u00a0<\/strong>el Instituto Municipal de Planeaci\u00f3n, la Ciudad de M\u00e9xico y el Municipio de Quer\u00e9taro, se firm\u00f3<strong>\u00a0un convenio de colaboraci\u00f3n para el intercambio de informaci\u00f3n y estrategias<\/strong> que permitan trabajar en la conservaci\u00f3n y preservaci\u00f3n del patrimonio hist\u00f3rico.<\/p>\n<p>Este acuerdo se enmarca en la iniciativa de la Ciudad de M\u00e9xico de tejer una red de Centros Hist\u00f3ricos con declaratoria patrimonial,\u00a0 que sirva para el trabajo colaborativo e intercambio de informaci\u00f3n, estrategias, acciones y herramientas, de manera permanente, para un mejor manejo y gesti\u00f3n de los cascos hist\u00f3ricos.<\/p>\n<p>El alcalde de Quer\u00e9taro se\u00f1al\u00f3 que, la integraci\u00f3n de Ciudades Patrimonio de la Humanidad es una acci\u00f3n encaminada a mantener siempre con vida los Centros Hist\u00f3ricos, y ver a estos, como <strong>s\u00edmbolos de identidad<\/strong>, de uni\u00f3n del pasado, presente y futuro, un <strong>centro de vida, espacio para la cultura<\/strong>, el encuentro y la convivencia y que ah\u00ed, con todo eso, es donde reside la importancia de su revitalizaci\u00f3n.<\/p>\n<p>El objetivo es avanzar en conjunto en la revitalizaci\u00f3n, conservaci\u00f3n y preservaci\u00f3n de los Centros Hist\u00f3ricos, el coraz\u00f3n de las ciudades. Adem\u00e1s, de esta manera se sientan las bases para la colaboraci\u00f3n en pro de la preservaci\u00f3n de Centros Hist\u00f3ricos con declaratoria de la UNESCO, <strong>garantizar el derecho a la memoria hist\u00f3rica<\/strong> e <strong>impulsar el cumplimiento de la Agenda 2030<\/strong> que marca el cumplimiento de los Objetivos de Desarrollo Sostenido.<\/p>\n<p>&nbsp;<\/p>\n","protected":false},"excerpt":{"rendered":"<p>Se firm\u00f3 un convenio de colaboraci\u00f3n para el intercambio de informaci\u00f3n y estrategias\u00a0que permitan trabajar en la conservaci\u00f3n y preservaci\u00f3n del patrimonio hist\u00f3rico<\/p>\n","protected":false},"author":75,"featured_media":98415,"comment_status":"open","ping_status":"closed","sticky":false,"template":"","format":"standard","meta":{"om_disable_all_campaigns":false,"inline_featured_image":false,"_monsterinsights_skip_tracking":false,"_monsterinsights_sitenote_active":false,"_monsterinsights_sitenote_note":"","_monsterinsights_sitenote_category":0,"footnotes":""},"categories":[81,82],"tags":[20,606,179,2043,15969,221],"class_list":["post-98413","post","type-post","status-publish","format-standard","has-post-thumbnail","hentry","category-arquitectura-2","category-urbanismo","tag-arquitectura","tag-cdmx","tag-centro-historico","tag-cultura","tag-preservacion","tag-queretaro"],"yoast_head":"<!-- This site is optimized with the Yoast SEO plugin v27.4 - https:\/\/yoast.com\/product\/yoast-seo-wordpress\/ -->\n<title>CDMX y Quer\u00e9taro trabajar\u00e1n en la conservaci\u00f3n del patrimonio hist\u00f3rico<\/title>\n<meta name=\"description\" content=\"Se firm\u00f3 un convenio para el intercambio de informaci\u00f3n y estrategias que permitan trabajar en la conservaci\u00f3n y preservaci\u00f3n del patrimonio hist\u00f3rico\" \/>\n<meta name=\"robots\" content=\"index, follow, max-snippet:-1, max-image-preview:large, max-video-preview:-1\" \/>\n<link rel=\"canonical\" href=\"https:\/\/centrourbano.com\/revista\/arquitectura-2\/cdmx-y-queretaro-trabajaran-en-la-conservacion-del-patrimonio-historico\/\" \/>\n<meta property=\"og:locale\" content=\"es_ES\" \/>\n<meta property=\"og:type\" content=\"article\" \/>\n<meta property=\"og:title\" content=\"CDMX y Quer\u00e9taro trabajar\u00e1n en la conservaci\u00f3n del patrimonio hist\u00f3rico\" \/>\n<meta property=\"og:description\" content=\"Se firm\u00f3 un convenio para el intercambio de informaci\u00f3n y estrategias que permitan trabajar en la conservaci\u00f3n y preservaci\u00f3n del patrimonio hist\u00f3rico\" \/>\n<meta property=\"og:url\" content=\"https:\/\/centrourbano.com\/revista\/arquitectura-2\/cdmx-y-queretaro-trabajaran-en-la-conservacion-del-patrimonio-historico\/\" \/>\n<meta property=\"og:site_name\" content=\"Centro Urbano\" \/>\n<meta property=\"article:publisher\" content=\"https:\/\/www.facebook.com\/portalcentrourbano\" \/>\n<meta property=\"article:published_time\" content=\"2019-11-08T14:24:18+00:00\" \/>\n<meta property=\"article:modified_time\" content=\"2019-11-08T17:36:58+00:00\" \/>\n<meta property=\"og:image\" content=\"https:\/\/centrourbano.com\/revista\/wp-content\/uploads\/cenartqro.jpg\" \/>\n\t<meta property=\"og:image:width\" content=\"1030\" \/>\n\t<meta property=\"og:image:height\" content=\"579\" \/>\n\t<meta property=\"og:image:type\" content=\"image\/jpeg\" \/>\n<meta name=\"author\" content=\"Antonio Garc\u00eda\" \/>\n<meta name=\"twitter:card\" content=\"summary_large_image\" \/>\n<meta name=\"twitter:creator\" content=\"@https:\/\/twitter.com\/TGarper\" \/>\n<meta name=\"twitter:site\" content=\"@CentroUrbano\" \/>\n<meta name=\"twitter:label1\" content=\"Escrito por\" \/>\n\t<meta name=\"twitter:data1\" content=\"Antonio Garc\u00eda\" \/>\n\t<meta name=\"twitter:label2\" content=\"Tiempo de lectura\" \/>\n\t<meta name=\"twitter:data2\" content=\"1 minuto\" \/>\n<script type=\"application\/ld+json\" class=\"yoast-schema-graph\">{\"@context\":\"https:\\\/\\\/schema.org\",\"@graph\":[{\"@type\":\"Article\",\"@id\":\"https:\\\/\\\/centrourbano.com\\\/revista\\\/arquitectura-2\\\/cdmx-y-queretaro-trabajaran-en-la-conservacion-del-patrimonio-historico\\\/#article\",\"isPartOf\":{\"@id\":\"https:\\\/\\\/centrourbano.com\\\/revista\\\/arquitectura-2\\\/cdmx-y-queretaro-trabajaran-en-la-conservacion-del-patrimonio-historico\\\/\"},\"author\":{\"name\":\"Antonio Garc\u00eda\",\"@id\":\"https:\\\/\\\/centrourbano.com\\\/revista\\\/#\\\/schema\\\/person\\\/d12ede3164a0881bab68f5868d5dfe8c\"},\"headline\":\"CDMX y Quer\u00e9taro trabajar\u00e1n en la conservaci\u00f3n del patrimonio hist\u00f3rico\",\"datePublished\":\"2019-11-08T14:24:18+00:00\",\"dateModified\":\"2019-11-08T17:36:58+00:00\",\"mainEntityOfPage\":{\"@id\":\"https:\\\/\\\/centrourbano.com\\\/revista\\\/arquitectura-2\\\/cdmx-y-queretaro-trabajaran-en-la-conservacion-del-patrimonio-historico\\\/\"},\"wordCount\":309,\"commentCount\":0,\"publisher\":{\"@id\":\"https:\\\/\\\/centrourbano.com\\\/revista\\\/#organization\"},\"image\":{\"@id\":\"https:\\\/\\\/centrourbano.com\\\/revista\\\/arquitectura-2\\\/cdmx-y-queretaro-trabajaran-en-la-conservacion-del-patrimonio-historico\\\/#primaryimage\"},\"thumbnailUrl\":\"https:\\\/\\\/centrourbano.com\\\/revista\\\/wp-content\\\/uploads\\\/cenartqro.jpg\",\"keywords\":[\"arquitectura\",\"CDMX\",\"Centro Hist\u00f3rico\",\"Cultura\",\"Preservaci\u00f3n\",\"Quer\u00e9taro\"],\"articleSection\":[\"Arquitectura\",\"Urbanismo\"],\"inLanguage\":\"es\",\"potentialAction\":[{\"@type\":\"CommentAction\",\"name\":\"Comment\",\"target\":[\"https:\\\/\\\/centrourbano.com\\\/revista\\\/arquitectura-2\\\/cdmx-y-queretaro-trabajaran-en-la-conservacion-del-patrimonio-historico\\\/#respond\"]}]},{\"@type\":\"WebPage\",\"@id\":\"https:\\\/\\\/centrourbano.com\\\/revista\\\/arquitectura-2\\\/cdmx-y-queretaro-trabajaran-en-la-conservacion-del-patrimonio-historico\\\/\",\"url\":\"https:\\\/\\\/centrourbano.com\\\/revista\\\/arquitectura-2\\\/cdmx-y-queretaro-trabajaran-en-la-conservacion-del-patrimonio-historico\\\/\",\"name\":\"CDMX y Quer\u00e9taro trabajar\u00e1n en la conservaci\u00f3n del patrimonio hist\u00f3rico\",\"isPartOf\":{\"@id\":\"https:\\\/\\\/centrourbano.com\\\/revista\\\/#website\"},\"primaryImageOfPage\":{\"@id\":\"https:\\\/\\\/centrourbano.com\\\/revista\\\/arquitectura-2\\\/cdmx-y-queretaro-trabajaran-en-la-conservacion-del-patrimonio-historico\\\/#primaryimage\"},\"image\":{\"@id\":\"https:\\\/\\\/centrourbano.com\\\/revista\\\/arquitectura-2\\\/cdmx-y-queretaro-trabajaran-en-la-conservacion-del-patrimonio-historico\\\/#primaryimage\"},\"thumbnailUrl\":\"https:\\\/\\\/centrourbano.com\\\/revista\\\/wp-content\\\/uploads\\\/cenartqro.jpg\",\"datePublished\":\"2019-11-08T14:24:18+00:00\",\"dateModified\":\"2019-11-08T17:36:58+00:00\",\"description\":\"Se firm\u00f3 un convenio para el intercambio de informaci\u00f3n y estrategias que permitan trabajar en la conservaci\u00f3n y preservaci\u00f3n del patrimonio hist\u00f3rico\",\"breadcrumb\":{\"@id\":\"https:\\\/\\\/centrourbano.com\\\/revista\\\/arquitectura-2\\\/cdmx-y-queretaro-trabajaran-en-la-conservacion-del-patrimonio-historico\\\/#breadcrumb\"},\"inLanguage\":\"es\",\"potentialAction\":[{\"@type\":\"ReadAction\",\"target\":[\"https:\\\/\\\/centrourbano.com\\\/revista\\\/arquitectura-2\\\/cdmx-y-queretaro-trabajaran-en-la-conservacion-del-patrimonio-historico\\\/\"]}]},{\"@type\":\"ImageObject\",\"inLanguage\":\"es\",\"@id\":\"https:\\\/\\\/centrourbano.com\\\/revista\\\/arquitectura-2\\\/cdmx-y-queretaro-trabajaran-en-la-conservacion-del-patrimonio-historico\\\/#primaryimage\",\"url\":\"https:\\\/\\\/centrourbano.com\\\/revista\\\/wp-content\\\/uploads\\\/cenartqro.jpg\",\"contentUrl\":\"https:\\\/\\\/centrourbano.com\\\/revista\\\/wp-content\\\/uploads\\\/cenartqro.jpg\",\"width\":1030,\"height\":579,\"caption\":\"Se firm\u00f3 un convenio para el intercambio de informaci\u00f3n y estrategias que permitan trabajar en la conservaci\u00f3n y preservaci\u00f3n del patrimonio hist\u00f3rico\"},{\"@type\":\"BreadcrumbList\",\"@id\":\"https:\\\/\\\/centrourbano.com\\\/revista\\\/arquitectura-2\\\/cdmx-y-queretaro-trabajaran-en-la-conservacion-del-patrimonio-historico\\\/#breadcrumb\",\"itemListElement\":[{\"@type\":\"ListItem\",\"position\":1,\"name\":\"Portada\",\"item\":\"https:\\\/\\\/centrourbano.com\\\/revista\\\/\"},{\"@type\":\"ListItem\",\"position\":2,\"name\":\"CDMX y Quer\u00e9taro trabajar\u00e1n en la conservaci\u00f3n del patrimonio hist\u00f3rico\"}]},{\"@type\":\"WebSite\",\"@id\":\"https:\\\/\\\/centrourbano.com\\\/revista\\\/#website\",\"url\":\"https:\\\/\\\/centrourbano.com\\\/revista\\\/\",\"name\":\"Centro Urbano\",\"description\":\"Medio especializado en los sectores vivienda, inmobiliario, construcci\u00f3n, arquitectura y urbanismo.\",\"publisher\":{\"@id\":\"https:\\\/\\\/centrourbano.com\\\/revista\\\/#organization\"},\"potentialAction\":[{\"@type\":\"SearchAction\",\"target\":{\"@type\":\"EntryPoint\",\"urlTemplate\":\"https:\\\/\\\/centrourbano.com\\\/revista\\\/?s={search_term_string}\"},\"query-input\":{\"@type\":\"PropertyValueSpecification\",\"valueRequired\":true,\"valueName\":\"search_term_string\"}}],\"inLanguage\":\"es\"},{\"@type\":\"Organization\",\"@id\":\"https:\\\/\\\/centrourbano.com\\\/revista\\\/#organization\",\"name\":\"Centro Urbano\",\"url\":\"https:\\\/\\\/centrourbano.com\\\/revista\\\/\",\"logo\":{\"@type\":\"ImageObject\",\"inLanguage\":\"es\",\"@id\":\"https:\\\/\\\/centrourbano.com\\\/revista\\\/#\\\/schema\\\/logo\\\/image\\\/\",\"url\":\"https:\\\/\\\/centrourbano.com\\\/revista\\\/wp-content\\\/uploads\\\/web_CU_logo-1.png\",\"contentUrl\":\"https:\\\/\\\/centrourbano.com\\\/revista\\\/wp-content\\\/uploads\\\/web_CU_logo-1.png\",\"width\":350,\"height\":91,\"caption\":\"Centro Urbano\"},\"image\":{\"@id\":\"https:\\\/\\\/centrourbano.com\\\/revista\\\/#\\\/schema\\\/logo\\\/image\\\/\"},\"sameAs\":[\"https:\\\/\\\/www.facebook.com\\\/portalcentrourbano\",\"https:\\\/\\\/x.com\\\/CentroUrbano\",\"https:\\\/\\\/www.instagram.com\\\/centro_urbano\\\/\",\"https:\\\/\\\/www.linkedin.com\\\/company\\\/centro-urbano\\\/\",\"http:\\\/\\\/www.youtube.com\\\/user\\\/portalcentrourbano\"]},{\"@type\":\"Person\",\"@id\":\"https:\\\/\\\/centrourbano.com\\\/revista\\\/#\\\/schema\\\/person\\\/d12ede3164a0881bab68f5868d5dfe8c\",\"name\":\"Antonio Garc\u00eda\",\"image\":{\"@type\":\"ImageObject\",\"inLanguage\":\"es\",\"@id\":\"https:\\\/\\\/secure.gravatar.com\\\/avatar\\\/68b7fcfc82d16a702310836698db1d823c3fb3b28e1f0938164455de47d96d82?s=96&d=mm&r=g\",\"url\":\"https:\\\/\\\/secure.gravatar.com\\\/avatar\\\/68b7fcfc82d16a702310836698db1d823c3fb3b28e1f0938164455de47d96d82?s=96&d=mm&r=g\",\"contentUrl\":\"https:\\\/\\\/secure.gravatar.com\\\/avatar\\\/68b7fcfc82d16a702310836698db1d823c3fb3b28e1f0938164455de47d96d82?s=96&d=mm&r=g\",\"caption\":\"Antonio Garc\u00eda\"},\"description\":\"Integrante del equipo editorial en Centro Urbano. Egresado de la carrera de Econom\u00eda (preespecialidad en Desarrollo Regional) en el IPN y de Matem\u00e1ticas Aplicadas y Computaci\u00f3n en la UNAM. Apasionado de los temas inherentes al desarrollo urbano-regional y estudios formales -e informales- sobre la ciudad y la econom\u00eda urbana.\",\"sameAs\":[\"https:\\\/\\\/www.instagram.com\\\/caminante_en_la_ciudad\\\/?hl=es-la\",\"https:\\\/\\\/x.com\\\/https:\\\/\\\/twitter.com\\\/TGarper\"],\"url\":\"https:\\\/\\\/centrourbano.com\\\/revista\\\/author\\\/antonio-garcia\\\/\"}]}<\/script>\n<!-- \/ Yoast SEO plugin. -->","yoast_head_json":{"title":"CDMX y Quer\u00e9taro trabajar\u00e1n en la conservaci\u00f3n del patrimonio hist\u00f3rico","description":"Se firm\u00f3 un convenio para el intercambio de informaci\u00f3n y estrategias que permitan trabajar en la conservaci\u00f3n y preservaci\u00f3n del patrimonio hist\u00f3rico","robots":{"index":"index","follow":"follow","max-snippet":"max-snippet:-1","max-image-preview":"max-image-preview:large","max-video-preview":"max-video-preview:-1"},"canonical":"https:\/\/centrourbano.com\/revista\/arquitectura-2\/cdmx-y-queretaro-trabajaran-en-la-conservacion-del-patrimonio-historico\/","og_locale":"es_ES","og_type":"article","og_title":"CDMX y Quer\u00e9taro trabajar\u00e1n en la conservaci\u00f3n del patrimonio hist\u00f3rico","og_description":"Se firm\u00f3 un convenio para el intercambio de informaci\u00f3n y estrategias que permitan trabajar en la conservaci\u00f3n y preservaci\u00f3n del patrimonio hist\u00f3rico","og_url":"https:\/\/centrourbano.com\/revista\/arquitectura-2\/cdmx-y-queretaro-trabajaran-en-la-conservacion-del-patrimonio-historico\/","og_site_name":"Centro Urbano","article_publisher":"https:\/\/www.facebook.com\/portalcentrourbano","article_published_time":"2019-11-08T14:24:18+00:00","article_modified_time":"2019-11-08T17:36:58+00:00","og_image":[{"width":1030,"height":579,"url":"https:\/\/centrourbano.com\/revista\/wp-content\/uploads\/cenartqro.jpg","type":"image\/jpeg"}],"author":"Antonio Garc\u00eda","twitter_card":"summary_large_image","twitter_creator":"@https:\/\/twitter.com\/TGarper","twitter_site":"@CentroUrbano","twitter_misc":{"Escrito por":"Antonio Garc\u00eda","Tiempo de lectura":"1 minuto"},"schema":{"@context":"https:\/\/schema.org","@graph":[{"@type":"Article","@id":"https:\/\/centrourbano.com\/revista\/arquitectura-2\/cdmx-y-queretaro-trabajaran-en-la-conservacion-del-patrimonio-historico\/#article","isPartOf":{"@id":"https:\/\/centrourbano.com\/revista\/arquitectura-2\/cdmx-y-queretaro-trabajaran-en-la-conservacion-del-patrimonio-historico\/"},"author":{"name":"Antonio Garc\u00eda","@id":"https:\/\/centrourbano.com\/revista\/#\/schema\/person\/d12ede3164a0881bab68f5868d5dfe8c"},"headline":"CDMX y Quer\u00e9taro trabajar\u00e1n en la conservaci\u00f3n del patrimonio hist\u00f3rico","datePublished":"2019-11-08T14:24:18+00:00","dateModified":"2019-11-08T17:36:58+00:00","mainEntityOfPage":{"@id":"https:\/\/centrourbano.com\/revista\/arquitectura-2\/cdmx-y-queretaro-trabajaran-en-la-conservacion-del-patrimonio-historico\/"},"wordCount":309,"commentCount":0,"publisher":{"@id":"https:\/\/centrourbano.com\/revista\/#organization"},"image":{"@id":"https:\/\/centrourbano.com\/revista\/arquitectura-2\/cdmx-y-queretaro-trabajaran-en-la-conservacion-del-patrimonio-historico\/#primaryimage"},"thumbnailUrl":"https:\/\/centrourbano.com\/revista\/wp-content\/uploads\/cenartqro.jpg","keywords":["arquitectura","CDMX","Centro Hist\u00f3rico","Cultura","Preservaci\u00f3n","Quer\u00e9taro"],"articleSection":["Arquitectura","Urbanismo"],"inLanguage":"es","potentialAction":[{"@type":"CommentAction","name":"Comment","target":["https:\/\/centrourbano.com\/revista\/arquitectura-2\/cdmx-y-queretaro-trabajaran-en-la-conservacion-del-patrimonio-historico\/#respond"]}]},{"@type":"WebPage","@id":"https:\/\/centrourbano.com\/revista\/arquitectura-2\/cdmx-y-queretaro-trabajaran-en-la-conservacion-del-patrimonio-historico\/","url":"https:\/\/centrourbano.com\/revista\/arquitectura-2\/cdmx-y-queretaro-trabajaran-en-la-conservacion-del-patrimonio-historico\/","name":"CDMX y Quer\u00e9taro trabajar\u00e1n en la conservaci\u00f3n del patrimonio hist\u00f3rico","isPartOf":{"@id":"https:\/\/centrourbano.com\/revista\/#website"},"primaryImageOfPage":{"@id":"https:\/\/centrourbano.com\/revista\/arquitectura-2\/cdmx-y-queretaro-trabajaran-en-la-conservacion-del-patrimonio-historico\/#primaryimage"},"image":{"@id":"https:\/\/centrourbano.com\/revista\/arquitectura-2\/cdmx-y-queretaro-trabajaran-en-la-conservacion-del-patrimonio-historico\/#primaryimage"},"thumbnailUrl":"https:\/\/centrourbano.com\/revista\/wp-content\/uploads\/cenartqro.jpg","datePublished":"2019-11-08T14:24:18+00:00","dateModified":"2019-11-08T17:36:58+00:00","description":"Se firm\u00f3 un convenio para el intercambio de informaci\u00f3n y estrategias que permitan trabajar en la conservaci\u00f3n y preservaci\u00f3n del patrimonio hist\u00f3rico","breadcrumb":{"@id":"https:\/\/centrourbano.com\/revista\/arquitectura-2\/cdmx-y-queretaro-trabajaran-en-la-conservacion-del-patrimonio-historico\/#breadcrumb"},"inLanguage":"es","potentialAction":[{"@type":"ReadAction","target":["https:\/\/centrourbano.com\/revista\/arquitectura-2\/cdmx-y-queretaro-trabajaran-en-la-conservacion-del-patrimonio-historico\/"]}]},{"@type":"ImageObject","inLanguage":"es","@id":"https:\/\/centrourbano.com\/revista\/arquitectura-2\/cdmx-y-queretaro-trabajaran-en-la-conservacion-del-patrimonio-historico\/#primaryimage","url":"https:\/\/centrourbano.com\/revista\/wp-content\/uploads\/cenartqro.jpg","contentUrl":"https:\/\/centrourbano.com\/revista\/wp-content\/uploads\/cenartqro.jpg","width":1030,"height":579,"caption":"Se firm\u00f3 un convenio para el intercambio de informaci\u00f3n y estrategias que permitan trabajar en la conservaci\u00f3n y preservaci\u00f3n del patrimonio hist\u00f3rico"},{"@type":"BreadcrumbList","@id":"https:\/\/centrourbano.com\/revista\/arquitectura-2\/cdmx-y-queretaro-trabajaran-en-la-conservacion-del-patrimonio-historico\/#breadcrumb","itemListElement":[{"@type":"ListItem","position":1,"name":"Portada","item":"https:\/\/centrourbano.com\/revista\/"},{"@type":"ListItem","position":2,"name":"CDMX y Quer\u00e9taro trabajar\u00e1n en la conservaci\u00f3n del patrimonio hist\u00f3rico"}]},{"@type":"WebSite","@id":"https:\/\/centrourbano.com\/revista\/#website","url":"https:\/\/centrourbano.com\/revista\/","name":"Centro Urbano","description":"Medio especializado en los sectores vivienda, inmobiliario, construcci\u00f3n, arquitectura y urbanismo.","publisher":{"@id":"https:\/\/centrourbano.com\/revista\/#organization"},"potentialAction":[{"@type":"SearchAction","target":{"@type":"EntryPoint","urlTemplate":"https:\/\/centrourbano.com\/revista\/?s={search_term_string}"},"query-input":{"@type":"PropertyValueSpecification","valueRequired":true,"valueName":"search_term_string"}}],"inLanguage":"es"},{"@type":"Organization","@id":"https:\/\/centrourbano.com\/revista\/#organization","name":"Centro Urbano","url":"https:\/\/centrourbano.com\/revista\/","logo":{"@type":"ImageObject","inLanguage":"es","@id":"https:\/\/centrourbano.com\/revista\/#\/schema\/logo\/image\/","url":"https:\/\/centrourbano.com\/revista\/wp-content\/uploads\/web_CU_logo-1.png","contentUrl":"https:\/\/centrourbano.com\/revista\/wp-content\/uploads\/web_CU_logo-1.png","width":350,"height":91,"caption":"Centro Urbano"},"image":{"@id":"https:\/\/centrourbano.com\/revista\/#\/schema\/logo\/image\/"},"sameAs":["https:\/\/www.facebook.com\/portalcentrourbano","https:\/\/x.com\/CentroUrbano","https:\/\/www.instagram.com\/centro_urbano\/","https:\/\/www.linkedin.com\/company\/centro-urbano\/","http:\/\/www.youtube.com\/user\/portalcentrourbano"]},{"@type":"Person","@id":"https:\/\/centrourbano.com\/revista\/#\/schema\/person\/d12ede3164a0881bab68f5868d5dfe8c","name":"Antonio Garc\u00eda","image":{"@type":"ImageObject","inLanguage":"es","@id":"https:\/\/secure.gravatar.com\/avatar\/68b7fcfc82d16a702310836698db1d823c3fb3b28e1f0938164455de47d96d82?s=96&d=mm&r=g","url":"https:\/\/secure.gravatar.com\/avatar\/68b7fcfc82d16a702310836698db1d823c3fb3b28e1f0938164455de47d96d82?s=96&d=mm&r=g","contentUrl":"https:\/\/secure.gravatar.com\/avatar\/68b7fcfc82d16a702310836698db1d823c3fb3b28e1f0938164455de47d96d82?s=96&d=mm&r=g","caption":"Antonio Garc\u00eda"},"description":"Integrante del equipo editorial en Centro Urbano. Egresado de la carrera de Econom\u00eda (preespecialidad en Desarrollo Regional) en el IPN y de Matem\u00e1ticas Aplicadas y Computaci\u00f3n en la UNAM. Apasionado de los temas inherentes al desarrollo urbano-regional y estudios formales -e informales- sobre la ciudad y la econom\u00eda urbana.","sameAs":["https:\/\/www.instagram.com\/caminante_en_la_ciudad\/?hl=es-la","https:\/\/x.com\/https:\/\/twitter.com\/TGarper"],"url":"https:\/\/centrourbano.com\/revista\/author\/antonio-garcia\/"}]}},"_links":{"self":[{"href":"https:\/\/centrourbano.com\/revista\/wp-json\/wp\/v2\/posts\/98413","targetHints":{"allow":["GET"]}}],"collection":[{"href":"https:\/\/centrourbano.com\/revista\/wp-json\/wp\/v2\/posts"}],"about":[{"href":"https:\/\/centrourbano.com\/revista\/wp-json\/wp\/v2\/types\/post"}],"author":[{"embeddable":true,"href":"https:\/\/centrourbano.com\/revista\/wp-json\/wp\/v2\/users\/75"}],"replies":[{"embeddable":true,"href":"https:\/\/centrourbano.com\/revista\/wp-json\/wp\/v2\/comments?post=98413"}],"version-history":[{"count":4,"href":"https:\/\/centrourbano.com\/revista\/wp-json\/wp\/v2\/posts\/98413\/revisions"}],"predecessor-version":[{"id":98688,"href":"https:\/\/centrourbano.com\/revista\/wp-json\/wp\/v2\/posts\/98413\/revisions\/98688"}],"wp:featuredmedia":[{"embeddable":true,"href":"https:\/\/centrourbano.com\/revista\/wp-json\/wp\/v2\/media\/98415"}],"wp:attachment":[{"href":"https:\/\/centrourbano.com\/revista\/wp-json\/wp\/v2\/media?parent=98413"}],"wp:term":[{"taxonomy":"category","embeddable":true,"href":"https:\/\/centrourbano.com\/revista\/wp-json\/wp\/v2\/categories?post=98413"},{"taxonomy":"post_tag","embeddable":true,"href":"https:\/\/centrourbano.com\/revista\/wp-json\/wp\/v2\/tags?post=98413"}],"curies":[{"name":"wp","href":"https:\/\/api.w.org\/{rel}","templated":true}]}}