{"id":9840,"date":"2014-08-19T12:03:02","date_gmt":"2014-08-19T17:03:02","guid":{"rendered":"http:\/\/centrourbano.com\/?p=9840"},"modified":"2014-08-19T12:03:02","modified_gmt":"2014-08-19T17:03:02","slug":"sedatu-invierte-en-michoacan-mas-de-14-millones-de-pesos-en-materia-de-ordenamiento-territorial","status":"publish","type":"post","link":"https:\/\/centrourbano.com\/revista\/saladeprensa\/sedatu-invierte-en-michoacan-mas-de-14-millones-de-pesos-en-materia-de-ordenamiento-territorial\/","title":{"rendered":"Sedatu Invierte en Michoac\u00e1n m\u00e1s de 14 millones de pesos en materia de ordenamiento territorial"},"content":{"rendered":"<p><br style=\"color: #222222;\" \/><em><span style=\"color: #222222;\">El Gobierno de la Rep\u00fablica, atrav\u00e9s de la Secretar\u00eda de Desarrollo Agrario, Territorial y Urbano (SEDATU),destinar\u00e1 m\u00e1s de 14 millones de pesos en los programas de Modernizaci\u00f3n,Registros P\u00fablicos y Catastros; de Ordenamiento Territorial y en la conformaci\u00f3n de los Atlas de Riesgo de Michoac\u00e1n.<\/span><\/em><br style=\"color: #222222;\" \/>\u00a0<!--more--><br style=\"color: #222222;\" \/><br style=\"color: #222222;\" \/><span style=\"color: #222222;\">Durante la firma de convenio para ejecutar dichos programas, el subsecretario de Ordenamiento Territorial, Gustavo C\u00e1rdenas Monroy, indic\u00f3 que se realiz\u00f3 una coinversi\u00f3n con los ayuntamientos y el gobierno del estado, a fin de contar con herramientas para atender a la sociedad en materia de prestaci\u00f3n de servicios p\u00fablicos en los tres \u00f3rdenes de gobierno.<\/span><br style=\"color: #222222;\" \/><br style=\"color: #222222;\" \/><br style=\"color: #222222;\" \/><span style=\"color: #222222;\">El funcionario de la SEDATU detall\u00f3 que en el programa de Modernizaci\u00f3n y Registros P\u00fablicos y Catastros,la federaci\u00f3n invertir\u00e1 8 millones 580 mil pesos; en el de Ordenamiento Territorial 2 millones 450 mil pesos y para la consolidaci\u00f3n de los Atlas de Riesgo se destinar\u00e1n 3 millones 845 mil, en total 14 millones 875 mil pesos.<\/span><br style=\"color: #222222;\" \/><br style=\"color: #222222;\" \/><br style=\"color: #222222;\" \/><span style=\"color: #222222;\">C\u00e1rdenas Monroy se\u00f1al\u00f3 que el gobierno del Presidente Enrique Pe\u00f1a Nieto cumple con la parte que le corresponde y ser\u00e1 con la participaci\u00f3n de la administraci\u00f3n estatal y de los municipios, c\u00f3mo se contar\u00e1 con los programas de Modernizaci\u00f3n, Registros P\u00fablicos y Catastros, yen el Ordenamiento Territorial, as\u00ed como los Atlas de Riesgo, al finalizar el presente a\u00f1o.<\/span><br style=\"color: #222222;\" \/><br style=\"color: #222222;\" \/><br style=\"color: #222222;\" \/><span style=\"color: #222222;\">Cabe se\u00f1alar, dijo, que por instrucci\u00f3n del titular del Ejecutivo Federal, Michoac\u00e1n es el primer estado donde se firma el convenio para la modernizaci\u00f3n de los catastros, y posteriormente se realizar\u00e1 este acuerdo con el resto de las entidades del pa\u00eds.<\/span><br style=\"color: #222222;\" \/><br style=\"color: #222222;\" \/><br style=\"color: #222222;\" \/><span style=\"color: #222222;\">Acompa\u00f1ado del gobernador de lestado, Salvador Jara Guerrero, el subsecretario de la SEDATU, adelant\u00f3 que en el tema de registros y catastros, el presupuesto de 2015 dar\u00e1 prioridad a proyectos innovadores para ejecutar los programas de la dependencia e incluso tendr\u00e1n preferencia las entidades que se vinculen con instituciones educativasde nivel superior para efectuar en tiempo r\u00e9cord los instrumentos de planeaci\u00f3n y operaci\u00f3n en las acciones relacionadas con el ordenamiento territorial.<\/span><br style=\"color: #222222;\" \/><br style=\"color: #222222;\" \/><br style=\"color: #222222;\" \/><br style=\"color: #222222;\" \/><br style=\"color: #222222;\" \/><br style=\"color: #222222;\" \/><span style=\"color: #222222;\">Tambi\u00e9n indic\u00f3 que respecto a los recursos destinados para la puesta en marcha de los programas antesmencionados, son adicionales a los 823 millones de pesos que a trav\u00e9s dediferentes programas ejercer\u00e1 la SEDATU en Michoac\u00e1n.<\/span><br style=\"color: #222222;\" \/><br style=\"color: #222222;\" \/><br style=\"color: #222222;\" \/><span style=\"color: #222222;\">Por su parte, el ejecutivo estatal subray\u00f3 que mediante la inversi\u00f3n compartida con el Gobierno de la Rep\u00fablica y los municipales, se concretar\u00e1n los Atlas de riesgo de los 113 municipios que conforman la entidad.<\/span><br style=\"color: #222222;\" \/><br style=\"color: #222222;\" \/><br style=\"color: #222222;\" \/><span style=\"color: #222222;\">Luego de convocar a las instituciones educativas de nivel superior de la entidad para participar en la elaboraci\u00f3n de los Atlas de Riesgo, Jara Guerrero puntualiz\u00f3 que en el estado ya se elaboraron 19 de estas herramientas a fin de que los asentamientos humanos no permanezcan en zonas de riesgo.<\/span><br style=\"color: #222222;\" \/><br style=\"color: #222222;\" \/><br style=\"color: #222222;\" \/><span style=\"color: #222222;\">Asistieron a la firma de convenio,entre otros, los secretarios estatales de Urbanismo y Medio Ambiente, Mauro Ram\u00f3n Ballesteros; de Finanzas, Oscar Ju\u00e1rez Davis; el delegado de la SEDATU,Jes\u00fas Ram\u00f3n Camacho Dom\u00ednguez y el presidente municipal de Hidalgo, Salvador Pe\u00f1a Ram\u00edrez.<\/span><br style=\"color: #222222;\" \/><\/p>\n","protected":false},"excerpt":{"rendered":"<p>El Gobierno de la Rep\u00fablica, atrav\u00e9s de la Secretar\u00eda de Desarrollo Agrario, Territorial y Urbano (SEDATU),destinar\u00e1 m\u00e1s de 14 millones de pesos en los programas de Modernizaci\u00f3n,Registros P\u00fablicos y Catastros; de Ordenamiento Territorial y en la conformaci\u00f3n de los Atlas de Riesgo de Michoac\u00e1n.\u00a0<\/p>\n","protected":false},"author":14,"featured_media":0,"comment_status":"open","ping_status":"closed","sticky":false,"template":"","format":"standard","meta":{"om_disable_all_campaigns":false,"inline_featured_image":false,"_monsterinsights_skip_tracking":false,"_monsterinsights_sitenote_active":false,"_monsterinsights_sitenote_note":"","_monsterinsights_sitenote_category":0,"footnotes":""},"categories":[7],"tags":[2583,995,552,2584,105],"class_list":["post-9840","post","type-post","status-publish","format-standard","hentry","category-saladeprensa","tag-atlas-de-riesgo","tag-michoacan","tag-ordenamiento-territorial","tag-registros-publicos","tag-sedatu"],"yoast_head":"<!-- This site is optimized with the Yoast SEO plugin v27.5 - https:\/\/yoast.com\/product\/yoast-seo-wordpress\/ -->\n<title>Sedatu Invierte en Michoac\u00e1n m\u00e1s de 14 millones de pesos en materia de ordenamiento territorial -<\/title>\n<meta name=\"description\" content=\"El Gobierno de la Rep\u00fablica, atrav\u00e9s de la Secretar\u00eda de Desarrollo Agrario, Territorial y Urbano (SEDATU),destinar\u00e1 m\u00e1s de 14 millones de pesos en los\" \/>\n<meta name=\"robots\" content=\"index, follow, max-snippet:-1, max-image-preview:large, max-video-preview:-1\" \/>\n<link rel=\"canonical\" href=\"https:\/\/centrourbano.com\/revista\/saladeprensa\/sedatu-invierte-en-michoacan-mas-de-14-millones-de-pesos-en-materia-de-ordenamiento-territorial\/\" \/>\n<meta property=\"og:locale\" content=\"es_ES\" \/>\n<meta property=\"og:type\" content=\"article\" \/>\n<meta property=\"og:title\" content=\"Sedatu Invierte en Michoac\u00e1n m\u00e1s de 14 millones de pesos en materia de ordenamiento territorial -\" \/>\n<meta property=\"og:description\" content=\"El Gobierno de la Rep\u00fablica, atrav\u00e9s de la Secretar\u00eda de Desarrollo Agrario, Territorial y Urbano (SEDATU),destinar\u00e1 m\u00e1s de 14 millones de pesos en los\" \/>\n<meta property=\"og:url\" content=\"https:\/\/centrourbano.com\/revista\/saladeprensa\/sedatu-invierte-en-michoacan-mas-de-14-millones-de-pesos-en-materia-de-ordenamiento-territorial\/\" \/>\n<meta property=\"og:site_name\" content=\"Centro Urbano\" \/>\n<meta property=\"article:publisher\" content=\"https:\/\/www.facebook.com\/portalcentrourbano\" \/>\n<meta property=\"article:published_time\" content=\"2014-08-19T17:03:02+00:00\" \/>\n<meta property=\"og:image\" content=\"https:\/\/centrourbano.com\/revista\/wp-content\/uploads\/CU-logo.png\" \/>\n\t<meta property=\"og:image:width\" content=\"350\" \/>\n\t<meta property=\"og:image:height\" content=\"91\" \/>\n\t<meta property=\"og:image:type\" content=\"image\/png\" \/>\n<meta name=\"author\" content=\"Redacci\u00f3n Centro Urbano\" \/>\n<meta name=\"twitter:card\" content=\"summary_large_image\" \/>\n<meta name=\"twitter:creator\" content=\"@CentroUrbano\" \/>\n<meta name=\"twitter:site\" content=\"@CentroUrbano\" \/>\n<meta name=\"twitter:label1\" content=\"Escrito por\" \/>\n\t<meta name=\"twitter:data1\" content=\"Redacci\u00f3n Centro Urbano\" \/>\n\t<meta name=\"twitter:label2\" content=\"Tiempo de lectura\" \/>\n\t<meta name=\"twitter:data2\" content=\"3 minutos\" \/>\n<script type=\"application\/ld+json\" class=\"yoast-schema-graph\">{\"@context\":\"https:\\\/\\\/schema.org\",\"@graph\":[{\"@type\":\"Article\",\"@id\":\"https:\\\/\\\/centrourbano.com\\\/revista\\\/saladeprensa\\\/sedatu-invierte-en-michoacan-mas-de-14-millones-de-pesos-en-materia-de-ordenamiento-territorial\\\/#article\",\"isPartOf\":{\"@id\":\"https:\\\/\\\/centrourbano.com\\\/revista\\\/saladeprensa\\\/sedatu-invierte-en-michoacan-mas-de-14-millones-de-pesos-en-materia-de-ordenamiento-territorial\\\/\"},\"author\":{\"name\":\"Redacci\u00f3n Centro Urbano\",\"@id\":\"https:\\\/\\\/centrourbano.com\\\/revista\\\/#\\\/schema\\\/person\\\/680e7c50f9d6e917e416c9efdc26f996\"},\"headline\":\"Sedatu Invierte en Michoac\u00e1n m\u00e1s de 14 millones de pesos en materia de ordenamiento territorial\",\"datePublished\":\"2014-08-19T17:03:02+00:00\",\"mainEntityOfPage\":{\"@id\":\"https:\\\/\\\/centrourbano.com\\\/revista\\\/saladeprensa\\\/sedatu-invierte-en-michoacan-mas-de-14-millones-de-pesos-en-materia-de-ordenamiento-territorial\\\/\"},\"wordCount\":543,\"commentCount\":0,\"publisher\":{\"@id\":\"https:\\\/\\\/centrourbano.com\\\/revista\\\/#organization\"},\"keywords\":[\"atlas de riesgo\",\"Michoac\u00e1n\",\"ordenamiento territorial\",\"Registros P\u00fablicos\",\"Sedatu\"],\"articleSection\":[\"Sala de Prensa\"],\"inLanguage\":\"es\",\"potentialAction\":[{\"@type\":\"CommentAction\",\"name\":\"Comment\",\"target\":[\"https:\\\/\\\/centrourbano.com\\\/revista\\\/saladeprensa\\\/sedatu-invierte-en-michoacan-mas-de-14-millones-de-pesos-en-materia-de-ordenamiento-territorial\\\/#respond\"]}]},{\"@type\":\"WebPage\",\"@id\":\"https:\\\/\\\/centrourbano.com\\\/revista\\\/saladeprensa\\\/sedatu-invierte-en-michoacan-mas-de-14-millones-de-pesos-en-materia-de-ordenamiento-territorial\\\/\",\"url\":\"https:\\\/\\\/centrourbano.com\\\/revista\\\/saladeprensa\\\/sedatu-invierte-en-michoacan-mas-de-14-millones-de-pesos-en-materia-de-ordenamiento-territorial\\\/\",\"name\":\"Sedatu Invierte en Michoac\u00e1n m\u00e1s de 14 millones de pesos en materia de ordenamiento territorial -\",\"isPartOf\":{\"@id\":\"https:\\\/\\\/centrourbano.com\\\/revista\\\/#website\"},\"datePublished\":\"2014-08-19T17:03:02+00:00\",\"description\":\"El Gobierno de la Rep\u00fablica, atrav\u00e9s de la Secretar\u00eda de Desarrollo Agrario, Territorial y Urbano (SEDATU),destinar\u00e1 m\u00e1s de 14 millones de pesos en los\",\"breadcrumb\":{\"@id\":\"https:\\\/\\\/centrourbano.com\\\/revista\\\/saladeprensa\\\/sedatu-invierte-en-michoacan-mas-de-14-millones-de-pesos-en-materia-de-ordenamiento-territorial\\\/#breadcrumb\"},\"inLanguage\":\"es\",\"potentialAction\":[{\"@type\":\"ReadAction\",\"target\":[\"https:\\\/\\\/centrourbano.com\\\/revista\\\/saladeprensa\\\/sedatu-invierte-en-michoacan-mas-de-14-millones-de-pesos-en-materia-de-ordenamiento-territorial\\\/\"]}]},{\"@type\":\"BreadcrumbList\",\"@id\":\"https:\\\/\\\/centrourbano.com\\\/revista\\\/saladeprensa\\\/sedatu-invierte-en-michoacan-mas-de-14-millones-de-pesos-en-materia-de-ordenamiento-territorial\\\/#breadcrumb\",\"itemListElement\":[{\"@type\":\"ListItem\",\"position\":1,\"name\":\"Portada\",\"item\":\"https:\\\/\\\/centrourbano.com\\\/revista\\\/\"},{\"@type\":\"ListItem\",\"position\":2,\"name\":\"Sedatu Invierte en Michoac\u00e1n m\u00e1s de 14 millones de pesos en materia de ordenamiento territorial\"}]},{\"@type\":\"WebSite\",\"@id\":\"https:\\\/\\\/centrourbano.com\\\/revista\\\/#website\",\"url\":\"https:\\\/\\\/centrourbano.com\\\/revista\\\/\",\"name\":\"Centro Urbano\",\"description\":\"Medio especializado en los sectores vivienda, inmobiliario, construcci\u00f3n, arquitectura y urbanismo.\",\"publisher\":{\"@id\":\"https:\\\/\\\/centrourbano.com\\\/revista\\\/#organization\"},\"potentialAction\":[{\"@type\":\"SearchAction\",\"target\":{\"@type\":\"EntryPoint\",\"urlTemplate\":\"https:\\\/\\\/centrourbano.com\\\/revista\\\/?s={search_term_string}\"},\"query-input\":{\"@type\":\"PropertyValueSpecification\",\"valueRequired\":true,\"valueName\":\"search_term_string\"}}],\"inLanguage\":\"es\"},{\"@type\":\"Organization\",\"@id\":\"https:\\\/\\\/centrourbano.com\\\/revista\\\/#organization\",\"name\":\"Centro Urbano\",\"url\":\"https:\\\/\\\/centrourbano.com\\\/revista\\\/\",\"logo\":{\"@type\":\"ImageObject\",\"inLanguage\":\"es\",\"@id\":\"https:\\\/\\\/centrourbano.com\\\/revista\\\/#\\\/schema\\\/logo\\\/image\\\/\",\"url\":\"https:\\\/\\\/centrourbano.com\\\/revista\\\/wp-content\\\/uploads\\\/web_CU_logo-1.png\",\"contentUrl\":\"https:\\\/\\\/centrourbano.com\\\/revista\\\/wp-content\\\/uploads\\\/web_CU_logo-1.png\",\"width\":350,\"height\":91,\"caption\":\"Centro Urbano\"},\"image\":{\"@id\":\"https:\\\/\\\/centrourbano.com\\\/revista\\\/#\\\/schema\\\/logo\\\/image\\\/\"},\"sameAs\":[\"https:\\\/\\\/www.facebook.com\\\/portalcentrourbano\",\"https:\\\/\\\/x.com\\\/CentroUrbano\",\"https:\\\/\\\/www.instagram.com\\\/centro_urbano\\\/\",\"https:\\\/\\\/www.linkedin.com\\\/company\\\/centro-urbano\\\/\",\"http:\\\/\\\/www.youtube.com\\\/user\\\/portalcentrourbano\"]},{\"@type\":\"Person\",\"@id\":\"https:\\\/\\\/centrourbano.com\\\/revista\\\/#\\\/schema\\\/person\\\/680e7c50f9d6e917e416c9efdc26f996\",\"name\":\"Redacci\u00f3n Centro Urbano\",\"image\":{\"@type\":\"ImageObject\",\"inLanguage\":\"es\",\"@id\":\"https:\\\/\\\/secure.gravatar.com\\\/avatar\\\/15a789f894398c0f311f3a7a2ee28032bbc0483098539da66b6a045aa810bf35?s=96&d=mm&r=g\",\"url\":\"https:\\\/\\\/secure.gravatar.com\\\/avatar\\\/15a789f894398c0f311f3a7a2ee28032bbc0483098539da66b6a045aa810bf35?s=96&d=mm&r=g\",\"contentUrl\":\"https:\\\/\\\/secure.gravatar.com\\\/avatar\\\/15a789f894398c0f311f3a7a2ee28032bbc0483098539da66b6a045aa810bf35?s=96&d=mm&r=g\",\"caption\":\"Redacci\u00f3n Centro Urbano\"},\"url\":\"https:\\\/\\\/centrourbano.com\\\/revista\\\/author\\\/editorial\\\/\"}]}<\/script>\n<!-- \/ Yoast SEO plugin. -->","yoast_head_json":{"title":"Sedatu Invierte en Michoac\u00e1n m\u00e1s de 14 millones de pesos en materia de ordenamiento territorial -","description":"El Gobierno de la Rep\u00fablica, atrav\u00e9s de la Secretar\u00eda de Desarrollo Agrario, Territorial y Urbano (SEDATU),destinar\u00e1 m\u00e1s de 14 millones de pesos en los","robots":{"index":"index","follow":"follow","max-snippet":"max-snippet:-1","max-image-preview":"max-image-preview:large","max-video-preview":"max-video-preview:-1"},"canonical":"https:\/\/centrourbano.com\/revista\/saladeprensa\/sedatu-invierte-en-michoacan-mas-de-14-millones-de-pesos-en-materia-de-ordenamiento-territorial\/","og_locale":"es_ES","og_type":"article","og_title":"Sedatu Invierte en Michoac\u00e1n m\u00e1s de 14 millones de pesos en materia de ordenamiento territorial -","og_description":"El Gobierno de la Rep\u00fablica, atrav\u00e9s de la Secretar\u00eda de Desarrollo Agrario, Territorial y Urbano (SEDATU),destinar\u00e1 m\u00e1s de 14 millones de pesos en los","og_url":"https:\/\/centrourbano.com\/revista\/saladeprensa\/sedatu-invierte-en-michoacan-mas-de-14-millones-de-pesos-en-materia-de-ordenamiento-territorial\/","og_site_name":"Centro Urbano","article_publisher":"https:\/\/www.facebook.com\/portalcentrourbano","article_published_time":"2014-08-19T17:03:02+00:00","og_image":[{"width":350,"height":91,"url":"https:\/\/centrourbano.com\/revista\/wp-content\/uploads\/CU-logo.png","type":"image\/png"}],"author":"Redacci\u00f3n Centro Urbano","twitter_card":"summary_large_image","twitter_creator":"@CentroUrbano","twitter_site":"@CentroUrbano","twitter_misc":{"Escrito por":"Redacci\u00f3n Centro Urbano","Tiempo de lectura":"3 minutos"},"schema":{"@context":"https:\/\/schema.org","@graph":[{"@type":"Article","@id":"https:\/\/centrourbano.com\/revista\/saladeprensa\/sedatu-invierte-en-michoacan-mas-de-14-millones-de-pesos-en-materia-de-ordenamiento-territorial\/#article","isPartOf":{"@id":"https:\/\/centrourbano.com\/revista\/saladeprensa\/sedatu-invierte-en-michoacan-mas-de-14-millones-de-pesos-en-materia-de-ordenamiento-territorial\/"},"author":{"name":"Redacci\u00f3n Centro Urbano","@id":"https:\/\/centrourbano.com\/revista\/#\/schema\/person\/680e7c50f9d6e917e416c9efdc26f996"},"headline":"Sedatu Invierte en Michoac\u00e1n m\u00e1s de 14 millones de pesos en materia de ordenamiento territorial","datePublished":"2014-08-19T17:03:02+00:00","mainEntityOfPage":{"@id":"https:\/\/centrourbano.com\/revista\/saladeprensa\/sedatu-invierte-en-michoacan-mas-de-14-millones-de-pesos-en-materia-de-ordenamiento-territorial\/"},"wordCount":543,"commentCount":0,"publisher":{"@id":"https:\/\/centrourbano.com\/revista\/#organization"},"keywords":["atlas de riesgo","Michoac\u00e1n","ordenamiento territorial","Registros P\u00fablicos","Sedatu"],"articleSection":["Sala de Prensa"],"inLanguage":"es","potentialAction":[{"@type":"CommentAction","name":"Comment","target":["https:\/\/centrourbano.com\/revista\/saladeprensa\/sedatu-invierte-en-michoacan-mas-de-14-millones-de-pesos-en-materia-de-ordenamiento-territorial\/#respond"]}]},{"@type":"WebPage","@id":"https:\/\/centrourbano.com\/revista\/saladeprensa\/sedatu-invierte-en-michoacan-mas-de-14-millones-de-pesos-en-materia-de-ordenamiento-territorial\/","url":"https:\/\/centrourbano.com\/revista\/saladeprensa\/sedatu-invierte-en-michoacan-mas-de-14-millones-de-pesos-en-materia-de-ordenamiento-territorial\/","name":"Sedatu Invierte en Michoac\u00e1n m\u00e1s de 14 millones de pesos en materia de ordenamiento territorial -","isPartOf":{"@id":"https:\/\/centrourbano.com\/revista\/#website"},"datePublished":"2014-08-19T17:03:02+00:00","description":"El Gobierno de la Rep\u00fablica, atrav\u00e9s de la Secretar\u00eda de Desarrollo Agrario, Territorial y Urbano (SEDATU),destinar\u00e1 m\u00e1s de 14 millones de pesos en los","breadcrumb":{"@id":"https:\/\/centrourbano.com\/revista\/saladeprensa\/sedatu-invierte-en-michoacan-mas-de-14-millones-de-pesos-en-materia-de-ordenamiento-territorial\/#breadcrumb"},"inLanguage":"es","potentialAction":[{"@type":"ReadAction","target":["https:\/\/centrourbano.com\/revista\/saladeprensa\/sedatu-invierte-en-michoacan-mas-de-14-millones-de-pesos-en-materia-de-ordenamiento-territorial\/"]}]},{"@type":"BreadcrumbList","@id":"https:\/\/centrourbano.com\/revista\/saladeprensa\/sedatu-invierte-en-michoacan-mas-de-14-millones-de-pesos-en-materia-de-ordenamiento-territorial\/#breadcrumb","itemListElement":[{"@type":"ListItem","position":1,"name":"Portada","item":"https:\/\/centrourbano.com\/revista\/"},{"@type":"ListItem","position":2,"name":"Sedatu Invierte en Michoac\u00e1n m\u00e1s de 14 millones de pesos en materia de ordenamiento territorial"}]},{"@type":"WebSite","@id":"https:\/\/centrourbano.com\/revista\/#website","url":"https:\/\/centrourbano.com\/revista\/","name":"Centro Urbano","description":"Medio especializado en los sectores vivienda, inmobiliario, construcci\u00f3n, arquitectura y urbanismo.","publisher":{"@id":"https:\/\/centrourbano.com\/revista\/#organization"},"potentialAction":[{"@type":"SearchAction","target":{"@type":"EntryPoint","urlTemplate":"https:\/\/centrourbano.com\/revista\/?s={search_term_string}"},"query-input":{"@type":"PropertyValueSpecification","valueRequired":true,"valueName":"search_term_string"}}],"inLanguage":"es"},{"@type":"Organization","@id":"https:\/\/centrourbano.com\/revista\/#organization","name":"Centro Urbano","url":"https:\/\/centrourbano.com\/revista\/","logo":{"@type":"ImageObject","inLanguage":"es","@id":"https:\/\/centrourbano.com\/revista\/#\/schema\/logo\/image\/","url":"https:\/\/centrourbano.com\/revista\/wp-content\/uploads\/web_CU_logo-1.png","contentUrl":"https:\/\/centrourbano.com\/revista\/wp-content\/uploads\/web_CU_logo-1.png","width":350,"height":91,"caption":"Centro Urbano"},"image":{"@id":"https:\/\/centrourbano.com\/revista\/#\/schema\/logo\/image\/"},"sameAs":["https:\/\/www.facebook.com\/portalcentrourbano","https:\/\/x.com\/CentroUrbano","https:\/\/www.instagram.com\/centro_urbano\/","https:\/\/www.linkedin.com\/company\/centro-urbano\/","http:\/\/www.youtube.com\/user\/portalcentrourbano"]},{"@type":"Person","@id":"https:\/\/centrourbano.com\/revista\/#\/schema\/person\/680e7c50f9d6e917e416c9efdc26f996","name":"Redacci\u00f3n Centro Urbano","image":{"@type":"ImageObject","inLanguage":"es","@id":"https:\/\/secure.gravatar.com\/avatar\/15a789f894398c0f311f3a7a2ee28032bbc0483098539da66b6a045aa810bf35?s=96&d=mm&r=g","url":"https:\/\/secure.gravatar.com\/avatar\/15a789f894398c0f311f3a7a2ee28032bbc0483098539da66b6a045aa810bf35?s=96&d=mm&r=g","contentUrl":"https:\/\/secure.gravatar.com\/avatar\/15a789f894398c0f311f3a7a2ee28032bbc0483098539da66b6a045aa810bf35?s=96&d=mm&r=g","caption":"Redacci\u00f3n Centro Urbano"},"url":"https:\/\/centrourbano.com\/revista\/author\/editorial\/"}]}},"_links":{"self":[{"href":"https:\/\/centrourbano.com\/revista\/wp-json\/wp\/v2\/posts\/9840","targetHints":{"allow":["GET"]}}],"collection":[{"href":"https:\/\/centrourbano.com\/revista\/wp-json\/wp\/v2\/posts"}],"about":[{"href":"https:\/\/centrourbano.com\/revista\/wp-json\/wp\/v2\/types\/post"}],"author":[{"embeddable":true,"href":"https:\/\/centrourbano.com\/revista\/wp-json\/wp\/v2\/users\/14"}],"replies":[{"embeddable":true,"href":"https:\/\/centrourbano.com\/revista\/wp-json\/wp\/v2\/comments?post=9840"}],"version-history":[{"count":0,"href":"https:\/\/centrourbano.com\/revista\/wp-json\/wp\/v2\/posts\/9840\/revisions"}],"wp:attachment":[{"href":"https:\/\/centrourbano.com\/revista\/wp-json\/wp\/v2\/media?parent=9840"}],"wp:term":[{"taxonomy":"category","embeddable":true,"href":"https:\/\/centrourbano.com\/revista\/wp-json\/wp\/v2\/categories?post=9840"},{"taxonomy":"post_tag","embeddable":true,"href":"https:\/\/centrourbano.com\/revista\/wp-json\/wp\/v2\/tags?post=9840"}],"curies":[{"name":"wp","href":"https:\/\/api.w.org\/{rel}","templated":true}]}}