{"id":9781,"date":"2014-08-18T09:00:30","date_gmt":"2014-08-18T14:00:30","guid":{"rendered":"http:\/\/centrourbano.com\/?p=9781"},"modified":"2014-08-18T16:39:12","modified_gmt":"2014-08-18T21:39:12","slug":"viviremos-sin-miedo-en-el-nuevo-omitlan-gracias-al-gobierno-de-la-republica-dicen-sus-habitantes","status":"publish","type":"post","link":"https:\/\/centrourbano.com\/revista\/saladeprensa\/viviremos-sin-miedo-en-el-nuevo-omitlan-gracias-al-gobierno-de-la-republica-dicen-sus-habitantes\/","title":{"rendered":"Viviremos sin miedo en el Nuevo Omitl\u00e1n, gracias al gobierno de la Rep\u00fablica, dicen sus habitantes"},"content":{"rendered":"<p>&nbsp;<\/p>\n<ul>\n<li><em>Pronto ser\u00e1n reubicados a sus nuevas casas de cemento y block con techos t\u00e9rmicos, para recomenzar su historia<\/em><\/li>\n<\/ul>\n<p><!--more--><\/p>\n<p>&nbsp;<\/p>\n<p>Los habitantes de Omitl\u00e1n, Guerrero, est\u00e1n a punto de dejar atr\u00e1s la pesadilla que vivieron el a\u00f1o pasado y comenzar una nueva historia personal, familiar y en comunidad, gracias a que pronto ser\u00e1n reubicados a El Nuevo Omitl\u00e1n, con casas firmes y seguras, edificadas por el Gobierno de la Rep\u00fablica, a trav\u00e9s de la Secretar\u00eda de Desarrollo Agrario, Territorial y Urbano (SEDATU).<\/p>\n<p>Debido a las intensas lluvias de septiembre de 2013 el R\u00edo Azul sepult\u00f3 casas completas en ese lugar. Sus moradores se confiaron, jam\u00e1s lo vieron tan bravo. Cuando escucharon que su entorno zumbaba, lo primero que buscaron fue salvar sus pertenencias, pero fue un error porque en minutos el agua les lleg\u00f3 a la cintura. Entonces comprendieron que hab\u00edan subestimado\u00a0a la naturaleza, que lo urgente era conservar la vida.<\/p>\n<p>La oscuridad de la noche solo se ilumin\u00f3 por los rayos, porque la energ\u00eda el\u00e9ctrica se interrumpi\u00f3 y a partir de ah\u00ed todo fue desesperaci\u00f3n, llanto y miedo. Con l\u00e1mparas de mano, iluminaban sus veredas para subir el cerro. Los j\u00f3venes ayudaron a los ancianos, seguidos por ni\u00f1os somnolientos y mujeres con sus peque\u00f1os en brazos. Mientras tanto el r\u00edo arrastraba todo y los derrumbes comenzaron.<\/p>\n<p>Noem\u00ed Loaeza, mujer de 31 a\u00f1os de edad, madre de tres hijos, dice que jam\u00e1s olvidar\u00e1 esa pesadilla: \u201cPens\u00e9 que all\u00ed quedaba, vi mi estufa flotar porque el agua entr\u00f3 por la cocina y no lo pod\u00eda creer. Buscaba mis papeles y corr\u00eda sin encontrarlos, mientras el agua sub\u00eda y sub\u00eda. Por las noches todav\u00eda despierto sobresaltada y creo que me estoy ahogando\u201d.<\/p>\n<p>Hoy, al pie de lo que ser\u00e1 su casa y su nuevo hogar, en El Nuevo Omitl\u00e1n, alejada del r\u00edo Noem\u00ed agrega con alegr\u00eda: \u201cVoy a recobrar el sue\u00f1o y quiero que mis hijos entiendan que vale m\u00e1s la vida que un ropero, que una cama\u201d.<\/p>\n<p>Si el r\u00edo que se desbord\u00f3 crece nuevamente, los habitantes del da\u00f1ado Omitl\u00e1n ya estar\u00e1n reubicados en una superficie segura de 12.5 hect\u00e1reas, sobre un peque\u00f1o valle, en El Nuevo Omitl\u00e1n.Esta gente podr\u00e1 cruzar el r\u00edo, en la panga, para cultivar sus tierras,y tienen la certeza de que sus viviendas ya no est\u00e1n al alcance de la destrucci\u00f3n.<\/p>\n<p>La Secretaria de Desarrollo Agrario, Territorial y Urbano, que encabeza Jorge Carlos Ram\u00edrez Mar\u00edn, construye 119 viviendas para los damnificados de Omitl\u00e1n. Se trata casas de dos rec\u00e1maras, sala comedor, cocina, ba\u00f1o.<\/p>\n<p>Al respecto, Agust\u00edn S\u00e1nchez Analco, con sus m\u00e1s de siete d\u00e9cadas de vida a cuestas, comenta con sus vecinos: \u00abLos pocos d\u00edas que me queden los voy a vivir sin temor al r\u00edo. Jam\u00e1s pens\u00e9 que el Gobierno Federal me diera algo, hoy tengo un techo seguro y aunque me da sentimiento dejar la tierra donde nac\u00ed, entiendo\u00a0 que la vida es primero\u00bb.<\/p>\n<p>La nueva comunidad contar\u00e1 con tres escuelas y un parque para pasear en familia, con un \u00e1rea de juegos para los ni\u00f1os. Y algo muy importante, comentan los lugare\u00f1os, es que las casas construidas por el Gobierno del Presidente Enrique Pe\u00f1a Nieto, est\u00e1n hechas con materiales que permiten tener una temperatura fresca en su interior, a pesar de que en el exterior la m\u00ednima sea de 35 grados cent\u00edgrados.<\/p>\n<p>Aristeo Hern\u00e1ndez, otro veterano de Omitl\u00e1n, dice que su tierra es sagrada y la cuidan, que as\u00ed como sirvi\u00f3 alguna vez para filmar la pel\u00edcula \u201cRambo ll\u201d, hoy se le debe proteger para que los campesinos vuelvan a la normalidad, porque ellos van a seguir labrando su parcela. Y expresa con satisfacci\u00f3n que el r\u00edo ser\u00e1 su fuerza de desarrollo, de crecimiento y de sustento, pero ahora las aguas lodosas no llegar\u00e1n a su casa. \u00abVamos a mirarlo de lejos\u00bb, concluye.<\/p>\n","protected":false},"excerpt":{"rendered":"<p>&nbsp; Pronto ser\u00e1n reubicados a sus nuevas casas de cemento y block con techos t\u00e9rmicos, para recomenzar su historia<\/p>\n","protected":false},"author":14,"featured_media":0,"comment_status":"open","ping_status":"closed","sticky":false,"template":"","format":"standard","meta":{"om_disable_all_campaigns":false,"inline_featured_image":false,"_monsterinsights_skip_tracking":false,"_monsterinsights_sitenote_active":false,"_monsterinsights_sitenote_note":"","_monsterinsights_sitenote_category":0,"footnotes":""},"categories":[7],"tags":[2565,2387,2022,105,60],"class_list":["post-9781","post","type-post","status-publish","format-standard","hentry","category-saladeprensa","tag-omitlan","tag-reconstruccion","tag-reconstruccion-de-guerrero","tag-sedatu","tag-vivienda-2"],"yoast_head":"<!-- This site is optimized with the Yoast SEO plugin v27.5 - https:\/\/yoast.com\/product\/yoast-seo-wordpress\/ -->\n<title>Viviremos sin miedo en el Nuevo Omitl\u00e1n, gracias al gobierno de la Rep\u00fablica, dicen sus habitantes  -<\/title>\n<meta name=\"description\" content=\"&nbsp; Pronto ser\u00e1n reubicados a sus nuevas casas de cemento y block con techos t\u00e9rmicos, para recomenzar su historia &nbsp; Los habitantes de Omitl\u00e1n,\" \/>\n<meta name=\"robots\" content=\"index, follow, max-snippet:-1, max-image-preview:large, max-video-preview:-1\" \/>\n<link rel=\"canonical\" href=\"https:\/\/centrourbano.com\/revista\/saladeprensa\/viviremos-sin-miedo-en-el-nuevo-omitlan-gracias-al-gobierno-de-la-republica-dicen-sus-habitantes\/\" \/>\n<meta property=\"og:locale\" content=\"es_ES\" \/>\n<meta property=\"og:type\" content=\"article\" \/>\n<meta property=\"og:title\" content=\"Viviremos sin miedo en el Nuevo Omitl\u00e1n, gracias al gobierno de la Rep\u00fablica, dicen sus habitantes  -\" \/>\n<meta property=\"og:description\" content=\"&nbsp; Pronto ser\u00e1n reubicados a sus nuevas casas de cemento y block con techos t\u00e9rmicos, para recomenzar su historia &nbsp; Los habitantes de Omitl\u00e1n,\" \/>\n<meta property=\"og:url\" content=\"https:\/\/centrourbano.com\/revista\/saladeprensa\/viviremos-sin-miedo-en-el-nuevo-omitlan-gracias-al-gobierno-de-la-republica-dicen-sus-habitantes\/\" \/>\n<meta property=\"og:site_name\" content=\"Centro Urbano\" \/>\n<meta property=\"article:publisher\" content=\"https:\/\/www.facebook.com\/portalcentrourbano\" \/>\n<meta property=\"article:published_time\" content=\"2014-08-18T14:00:30+00:00\" \/>\n<meta property=\"article:modified_time\" content=\"2014-08-18T21:39:12+00:00\" \/>\n<meta property=\"og:image\" content=\"https:\/\/centrourbano.com\/revista\/wp-content\/uploads\/CU-logo.png\" \/>\n\t<meta property=\"og:image:width\" content=\"350\" \/>\n\t<meta property=\"og:image:height\" content=\"91\" \/>\n\t<meta property=\"og:image:type\" content=\"image\/png\" \/>\n<meta name=\"author\" content=\"Redacci\u00f3n Centro Urbano\" \/>\n<meta name=\"twitter:card\" content=\"summary_large_image\" \/>\n<meta name=\"twitter:creator\" content=\"@CentroUrbano\" \/>\n<meta name=\"twitter:site\" content=\"@CentroUrbano\" \/>\n<meta name=\"twitter:label1\" content=\"Escrito por\" \/>\n\t<meta name=\"twitter:data1\" content=\"Redacci\u00f3n Centro Urbano\" \/>\n\t<meta name=\"twitter:label2\" content=\"Tiempo de lectura\" \/>\n\t<meta name=\"twitter:data2\" content=\"3 minutos\" \/>\n<script type=\"application\/ld+json\" class=\"yoast-schema-graph\">{\"@context\":\"https:\\\/\\\/schema.org\",\"@graph\":[{\"@type\":\"Article\",\"@id\":\"https:\\\/\\\/centrourbano.com\\\/revista\\\/saladeprensa\\\/viviremos-sin-miedo-en-el-nuevo-omitlan-gracias-al-gobierno-de-la-republica-dicen-sus-habitantes\\\/#article\",\"isPartOf\":{\"@id\":\"https:\\\/\\\/centrourbano.com\\\/revista\\\/saladeprensa\\\/viviremos-sin-miedo-en-el-nuevo-omitlan-gracias-al-gobierno-de-la-republica-dicen-sus-habitantes\\\/\"},\"author\":{\"name\":\"Redacci\u00f3n Centro Urbano\",\"@id\":\"https:\\\/\\\/centrourbano.com\\\/revista\\\/#\\\/schema\\\/person\\\/680e7c50f9d6e917e416c9efdc26f996\"},\"headline\":\"Viviremos sin miedo en el Nuevo Omitl\u00e1n, gracias al gobierno de la Rep\u00fablica, dicen sus habitantes\",\"datePublished\":\"2014-08-18T14:00:30+00:00\",\"dateModified\":\"2014-08-18T21:39:12+00:00\",\"mainEntityOfPage\":{\"@id\":\"https:\\\/\\\/centrourbano.com\\\/revista\\\/saladeprensa\\\/viviremos-sin-miedo-en-el-nuevo-omitlan-gracias-al-gobierno-de-la-republica-dicen-sus-habitantes\\\/\"},\"wordCount\":713,\"commentCount\":0,\"publisher\":{\"@id\":\"https:\\\/\\\/centrourbano.com\\\/revista\\\/#organization\"},\"keywords\":[\"Omitl\u00e1n\",\"reconstrucci\u00f3n\",\"Reconstrucci\u00f3n de Guerrero\",\"Sedatu\",\"vivienda\"],\"articleSection\":[\"Sala de Prensa\"],\"inLanguage\":\"es\",\"potentialAction\":[{\"@type\":\"CommentAction\",\"name\":\"Comment\",\"target\":[\"https:\\\/\\\/centrourbano.com\\\/revista\\\/saladeprensa\\\/viviremos-sin-miedo-en-el-nuevo-omitlan-gracias-al-gobierno-de-la-republica-dicen-sus-habitantes\\\/#respond\"]}]},{\"@type\":\"WebPage\",\"@id\":\"https:\\\/\\\/centrourbano.com\\\/revista\\\/saladeprensa\\\/viviremos-sin-miedo-en-el-nuevo-omitlan-gracias-al-gobierno-de-la-republica-dicen-sus-habitantes\\\/\",\"url\":\"https:\\\/\\\/centrourbano.com\\\/revista\\\/saladeprensa\\\/viviremos-sin-miedo-en-el-nuevo-omitlan-gracias-al-gobierno-de-la-republica-dicen-sus-habitantes\\\/\",\"name\":\"Viviremos sin miedo en el Nuevo Omitl\u00e1n, gracias al gobierno de la Rep\u00fablica, dicen sus habitantes -\",\"isPartOf\":{\"@id\":\"https:\\\/\\\/centrourbano.com\\\/revista\\\/#website\"},\"datePublished\":\"2014-08-18T14:00:30+00:00\",\"dateModified\":\"2014-08-18T21:39:12+00:00\",\"description\":\"&nbsp; Pronto ser\u00e1n reubicados a sus nuevas casas de cemento y block con techos t\u00e9rmicos, para recomenzar su historia &nbsp; Los habitantes de Omitl\u00e1n,\",\"breadcrumb\":{\"@id\":\"https:\\\/\\\/centrourbano.com\\\/revista\\\/saladeprensa\\\/viviremos-sin-miedo-en-el-nuevo-omitlan-gracias-al-gobierno-de-la-republica-dicen-sus-habitantes\\\/#breadcrumb\"},\"inLanguage\":\"es\",\"potentialAction\":[{\"@type\":\"ReadAction\",\"target\":[\"https:\\\/\\\/centrourbano.com\\\/revista\\\/saladeprensa\\\/viviremos-sin-miedo-en-el-nuevo-omitlan-gracias-al-gobierno-de-la-republica-dicen-sus-habitantes\\\/\"]}]},{\"@type\":\"BreadcrumbList\",\"@id\":\"https:\\\/\\\/centrourbano.com\\\/revista\\\/saladeprensa\\\/viviremos-sin-miedo-en-el-nuevo-omitlan-gracias-al-gobierno-de-la-republica-dicen-sus-habitantes\\\/#breadcrumb\",\"itemListElement\":[{\"@type\":\"ListItem\",\"position\":1,\"name\":\"Portada\",\"item\":\"https:\\\/\\\/centrourbano.com\\\/revista\\\/\"},{\"@type\":\"ListItem\",\"position\":2,\"name\":\"Viviremos sin miedo en el Nuevo Omitl\u00e1n, gracias al gobierno de la Rep\u00fablica, dicen sus habitantes\"}]},{\"@type\":\"WebSite\",\"@id\":\"https:\\\/\\\/centrourbano.com\\\/revista\\\/#website\",\"url\":\"https:\\\/\\\/centrourbano.com\\\/revista\\\/\",\"name\":\"Centro Urbano\",\"description\":\"Medio especializado en los sectores vivienda, inmobiliario, construcci\u00f3n, arquitectura y urbanismo.\",\"publisher\":{\"@id\":\"https:\\\/\\\/centrourbano.com\\\/revista\\\/#organization\"},\"potentialAction\":[{\"@type\":\"SearchAction\",\"target\":{\"@type\":\"EntryPoint\",\"urlTemplate\":\"https:\\\/\\\/centrourbano.com\\\/revista\\\/?s={search_term_string}\"},\"query-input\":{\"@type\":\"PropertyValueSpecification\",\"valueRequired\":true,\"valueName\":\"search_term_string\"}}],\"inLanguage\":\"es\"},{\"@type\":\"Organization\",\"@id\":\"https:\\\/\\\/centrourbano.com\\\/revista\\\/#organization\",\"name\":\"Centro Urbano\",\"url\":\"https:\\\/\\\/centrourbano.com\\\/revista\\\/\",\"logo\":{\"@type\":\"ImageObject\",\"inLanguage\":\"es\",\"@id\":\"https:\\\/\\\/centrourbano.com\\\/revista\\\/#\\\/schema\\\/logo\\\/image\\\/\",\"url\":\"https:\\\/\\\/centrourbano.com\\\/revista\\\/wp-content\\\/uploads\\\/web_CU_logo-1.png\",\"contentUrl\":\"https:\\\/\\\/centrourbano.com\\\/revista\\\/wp-content\\\/uploads\\\/web_CU_logo-1.png\",\"width\":350,\"height\":91,\"caption\":\"Centro Urbano\"},\"image\":{\"@id\":\"https:\\\/\\\/centrourbano.com\\\/revista\\\/#\\\/schema\\\/logo\\\/image\\\/\"},\"sameAs\":[\"https:\\\/\\\/www.facebook.com\\\/portalcentrourbano\",\"https:\\\/\\\/x.com\\\/CentroUrbano\",\"https:\\\/\\\/www.instagram.com\\\/centro_urbano\\\/\",\"https:\\\/\\\/www.linkedin.com\\\/company\\\/centro-urbano\\\/\",\"http:\\\/\\\/www.youtube.com\\\/user\\\/portalcentrourbano\"]},{\"@type\":\"Person\",\"@id\":\"https:\\\/\\\/centrourbano.com\\\/revista\\\/#\\\/schema\\\/person\\\/680e7c50f9d6e917e416c9efdc26f996\",\"name\":\"Redacci\u00f3n Centro Urbano\",\"image\":{\"@type\":\"ImageObject\",\"inLanguage\":\"es\",\"@id\":\"https:\\\/\\\/secure.gravatar.com\\\/avatar\\\/15a789f894398c0f311f3a7a2ee28032bbc0483098539da66b6a045aa810bf35?s=96&d=mm&r=g\",\"url\":\"https:\\\/\\\/secure.gravatar.com\\\/avatar\\\/15a789f894398c0f311f3a7a2ee28032bbc0483098539da66b6a045aa810bf35?s=96&d=mm&r=g\",\"contentUrl\":\"https:\\\/\\\/secure.gravatar.com\\\/avatar\\\/15a789f894398c0f311f3a7a2ee28032bbc0483098539da66b6a045aa810bf35?s=96&d=mm&r=g\",\"caption\":\"Redacci\u00f3n Centro Urbano\"},\"url\":\"https:\\\/\\\/centrourbano.com\\\/revista\\\/author\\\/editorial\\\/\"}]}<\/script>\n<!-- \/ Yoast SEO plugin. -->","yoast_head_json":{"title":"Viviremos sin miedo en el Nuevo Omitl\u00e1n, gracias al gobierno de la Rep\u00fablica, dicen sus habitantes  -","description":"&nbsp; Pronto ser\u00e1n reubicados a sus nuevas casas de cemento y block con techos t\u00e9rmicos, para recomenzar su historia &nbsp; Los habitantes de Omitl\u00e1n,","robots":{"index":"index","follow":"follow","max-snippet":"max-snippet:-1","max-image-preview":"max-image-preview:large","max-video-preview":"max-video-preview:-1"},"canonical":"https:\/\/centrourbano.com\/revista\/saladeprensa\/viviremos-sin-miedo-en-el-nuevo-omitlan-gracias-al-gobierno-de-la-republica-dicen-sus-habitantes\/","og_locale":"es_ES","og_type":"article","og_title":"Viviremos sin miedo en el Nuevo Omitl\u00e1n, gracias al gobierno de la Rep\u00fablica, dicen sus habitantes  -","og_description":"&nbsp; Pronto ser\u00e1n reubicados a sus nuevas casas de cemento y block con techos t\u00e9rmicos, para recomenzar su historia &nbsp; Los habitantes de Omitl\u00e1n,","og_url":"https:\/\/centrourbano.com\/revista\/saladeprensa\/viviremos-sin-miedo-en-el-nuevo-omitlan-gracias-al-gobierno-de-la-republica-dicen-sus-habitantes\/","og_site_name":"Centro Urbano","article_publisher":"https:\/\/www.facebook.com\/portalcentrourbano","article_published_time":"2014-08-18T14:00:30+00:00","article_modified_time":"2014-08-18T21:39:12+00:00","og_image":[{"width":350,"height":91,"url":"https:\/\/centrourbano.com\/revista\/wp-content\/uploads\/CU-logo.png","type":"image\/png"}],"author":"Redacci\u00f3n Centro Urbano","twitter_card":"summary_large_image","twitter_creator":"@CentroUrbano","twitter_site":"@CentroUrbano","twitter_misc":{"Escrito por":"Redacci\u00f3n Centro Urbano","Tiempo de lectura":"3 minutos"},"schema":{"@context":"https:\/\/schema.org","@graph":[{"@type":"Article","@id":"https:\/\/centrourbano.com\/revista\/saladeprensa\/viviremos-sin-miedo-en-el-nuevo-omitlan-gracias-al-gobierno-de-la-republica-dicen-sus-habitantes\/#article","isPartOf":{"@id":"https:\/\/centrourbano.com\/revista\/saladeprensa\/viviremos-sin-miedo-en-el-nuevo-omitlan-gracias-al-gobierno-de-la-republica-dicen-sus-habitantes\/"},"author":{"name":"Redacci\u00f3n Centro Urbano","@id":"https:\/\/centrourbano.com\/revista\/#\/schema\/person\/680e7c50f9d6e917e416c9efdc26f996"},"headline":"Viviremos sin miedo en el Nuevo Omitl\u00e1n, gracias al gobierno de la Rep\u00fablica, dicen sus habitantes","datePublished":"2014-08-18T14:00:30+00:00","dateModified":"2014-08-18T21:39:12+00:00","mainEntityOfPage":{"@id":"https:\/\/centrourbano.com\/revista\/saladeprensa\/viviremos-sin-miedo-en-el-nuevo-omitlan-gracias-al-gobierno-de-la-republica-dicen-sus-habitantes\/"},"wordCount":713,"commentCount":0,"publisher":{"@id":"https:\/\/centrourbano.com\/revista\/#organization"},"keywords":["Omitl\u00e1n","reconstrucci\u00f3n","Reconstrucci\u00f3n de Guerrero","Sedatu","vivienda"],"articleSection":["Sala de Prensa"],"inLanguage":"es","potentialAction":[{"@type":"CommentAction","name":"Comment","target":["https:\/\/centrourbano.com\/revista\/saladeprensa\/viviremos-sin-miedo-en-el-nuevo-omitlan-gracias-al-gobierno-de-la-republica-dicen-sus-habitantes\/#respond"]}]},{"@type":"WebPage","@id":"https:\/\/centrourbano.com\/revista\/saladeprensa\/viviremos-sin-miedo-en-el-nuevo-omitlan-gracias-al-gobierno-de-la-republica-dicen-sus-habitantes\/","url":"https:\/\/centrourbano.com\/revista\/saladeprensa\/viviremos-sin-miedo-en-el-nuevo-omitlan-gracias-al-gobierno-de-la-republica-dicen-sus-habitantes\/","name":"Viviremos sin miedo en el Nuevo Omitl\u00e1n, gracias al gobierno de la Rep\u00fablica, dicen sus habitantes -","isPartOf":{"@id":"https:\/\/centrourbano.com\/revista\/#website"},"datePublished":"2014-08-18T14:00:30+00:00","dateModified":"2014-08-18T21:39:12+00:00","description":"&nbsp; Pronto ser\u00e1n reubicados a sus nuevas casas de cemento y block con techos t\u00e9rmicos, para recomenzar su historia &nbsp; Los habitantes de Omitl\u00e1n,","breadcrumb":{"@id":"https:\/\/centrourbano.com\/revista\/saladeprensa\/viviremos-sin-miedo-en-el-nuevo-omitlan-gracias-al-gobierno-de-la-republica-dicen-sus-habitantes\/#breadcrumb"},"inLanguage":"es","potentialAction":[{"@type":"ReadAction","target":["https:\/\/centrourbano.com\/revista\/saladeprensa\/viviremos-sin-miedo-en-el-nuevo-omitlan-gracias-al-gobierno-de-la-republica-dicen-sus-habitantes\/"]}]},{"@type":"BreadcrumbList","@id":"https:\/\/centrourbano.com\/revista\/saladeprensa\/viviremos-sin-miedo-en-el-nuevo-omitlan-gracias-al-gobierno-de-la-republica-dicen-sus-habitantes\/#breadcrumb","itemListElement":[{"@type":"ListItem","position":1,"name":"Portada","item":"https:\/\/centrourbano.com\/revista\/"},{"@type":"ListItem","position":2,"name":"Viviremos sin miedo en el Nuevo Omitl\u00e1n, gracias al gobierno de la Rep\u00fablica, dicen sus habitantes"}]},{"@type":"WebSite","@id":"https:\/\/centrourbano.com\/revista\/#website","url":"https:\/\/centrourbano.com\/revista\/","name":"Centro Urbano","description":"Medio especializado en los sectores vivienda, inmobiliario, construcci\u00f3n, arquitectura y urbanismo.","publisher":{"@id":"https:\/\/centrourbano.com\/revista\/#organization"},"potentialAction":[{"@type":"SearchAction","target":{"@type":"EntryPoint","urlTemplate":"https:\/\/centrourbano.com\/revista\/?s={search_term_string}"},"query-input":{"@type":"PropertyValueSpecification","valueRequired":true,"valueName":"search_term_string"}}],"inLanguage":"es"},{"@type":"Organization","@id":"https:\/\/centrourbano.com\/revista\/#organization","name":"Centro Urbano","url":"https:\/\/centrourbano.com\/revista\/","logo":{"@type":"ImageObject","inLanguage":"es","@id":"https:\/\/centrourbano.com\/revista\/#\/schema\/logo\/image\/","url":"https:\/\/centrourbano.com\/revista\/wp-content\/uploads\/web_CU_logo-1.png","contentUrl":"https:\/\/centrourbano.com\/revista\/wp-content\/uploads\/web_CU_logo-1.png","width":350,"height":91,"caption":"Centro Urbano"},"image":{"@id":"https:\/\/centrourbano.com\/revista\/#\/schema\/logo\/image\/"},"sameAs":["https:\/\/www.facebook.com\/portalcentrourbano","https:\/\/x.com\/CentroUrbano","https:\/\/www.instagram.com\/centro_urbano\/","https:\/\/www.linkedin.com\/company\/centro-urbano\/","http:\/\/www.youtube.com\/user\/portalcentrourbano"]},{"@type":"Person","@id":"https:\/\/centrourbano.com\/revista\/#\/schema\/person\/680e7c50f9d6e917e416c9efdc26f996","name":"Redacci\u00f3n Centro Urbano","image":{"@type":"ImageObject","inLanguage":"es","@id":"https:\/\/secure.gravatar.com\/avatar\/15a789f894398c0f311f3a7a2ee28032bbc0483098539da66b6a045aa810bf35?s=96&d=mm&r=g","url":"https:\/\/secure.gravatar.com\/avatar\/15a789f894398c0f311f3a7a2ee28032bbc0483098539da66b6a045aa810bf35?s=96&d=mm&r=g","contentUrl":"https:\/\/secure.gravatar.com\/avatar\/15a789f894398c0f311f3a7a2ee28032bbc0483098539da66b6a045aa810bf35?s=96&d=mm&r=g","caption":"Redacci\u00f3n Centro Urbano"},"url":"https:\/\/centrourbano.com\/revista\/author\/editorial\/"}]}},"_links":{"self":[{"href":"https:\/\/centrourbano.com\/revista\/wp-json\/wp\/v2\/posts\/9781","targetHints":{"allow":["GET"]}}],"collection":[{"href":"https:\/\/centrourbano.com\/revista\/wp-json\/wp\/v2\/posts"}],"about":[{"href":"https:\/\/centrourbano.com\/revista\/wp-json\/wp\/v2\/types\/post"}],"author":[{"embeddable":true,"href":"https:\/\/centrourbano.com\/revista\/wp-json\/wp\/v2\/users\/14"}],"replies":[{"embeddable":true,"href":"https:\/\/centrourbano.com\/revista\/wp-json\/wp\/v2\/comments?post=9781"}],"version-history":[{"count":0,"href":"https:\/\/centrourbano.com\/revista\/wp-json\/wp\/v2\/posts\/9781\/revisions"}],"wp:attachment":[{"href":"https:\/\/centrourbano.com\/revista\/wp-json\/wp\/v2\/media?parent=9781"}],"wp:term":[{"taxonomy":"category","embeddable":true,"href":"https:\/\/centrourbano.com\/revista\/wp-json\/wp\/v2\/categories?post=9781"},{"taxonomy":"post_tag","embeddable":true,"href":"https:\/\/centrourbano.com\/revista\/wp-json\/wp\/v2\/tags?post=9781"}],"curies":[{"name":"wp","href":"https:\/\/api.w.org\/{rel}","templated":true}]}}