{"id":97624,"date":"2019-10-18T15:20:16","date_gmt":"2019-10-18T20:20:16","guid":{"rendered":"https:\/\/centrourbano.com\/?p=97624"},"modified":"2019-10-21T17:33:21","modified_gmt":"2019-10-21T22:33:21","slug":"norma-emergente-vivienda-cdmx","status":"publish","type":"post","link":"https:\/\/centrourbano.com\/revista\/vivienda\/norma-emergente-vivienda-cdmx\/","title":{"rendered":"Canadevi va por nueva Norma Emergente en CDMX"},"content":{"rendered":"<p><em>Los desarrolladores de vivienda se\u00f1alaron que la Norma Emergente lanzada en la pasada administraci\u00f3n no tuvo los resultados esperados <\/em><!--more--><\/p>\n<p>Con el objetivo de lograr las condiciones para desarrollar vivienda asequible en la Ciudad de M\u00e9xico, la <strong>C\u00e1mara Nacional de la Industria de Desarrollo y Promoci\u00f3n de la Vivienda delegaci\u00f3n Valle de M\u00e9xico<\/strong> (Canadevi VM) buscar\u00e1 que el gobierno capitalino relance la<strong> Norma Emergente de Vivienda para Trabajadores<\/strong>, un instrumento que vio la luz en la pasada administraci\u00f3n.<\/p>\n<p>De acuerdo con <strong>Lydia \u00c1lvarez Marina<\/strong>, presidenta de la Canadevi Valle de M\u00e9xico, los desarrolladores con presencia en esta regi\u00f3n del pa\u00eds no quitar\u00e1n el dedo del rengl\u00f3n y trabajar\u00e1n con las autoridades para contar con una norma eficaz. Y es que, se\u00f1al\u00f3, la lanzada en el gobierno de <strong>Miguel \u00c1ngel Mancera<\/strong> no tuvo los resultados esperados.<\/p>\n<p>[quote]\u201cEs un tema muy importante con el que vamos a insistir con la Jefa de Gobierno. La norma que tenemos no potencializ\u00f3 lo que dese\u00e1bamos. Vamos a corregirla y estamos trabajando en ello. Ah\u00ed necesitamos de la ayuda del Congreso y vamos a trabajar. Pero seguro vamos a tener una que ayude a detonar o bajar el precio de las viviendas\u201d, dijo.[\/quote]<\/p>\n<h4>Recuperar zonas abandonadas<\/h4>\n<p>Este objetivo, a decir de la presidenta de Canadevi VM, ser\u00eda un trabajo que se desarrollar\u00eda a la par de los <strong>Corredores de Regeneraci\u00f3n Urbana<\/strong> que present\u00f3 la Jefa de Gobierno, con los que se busca impulsar el desarrollo de vivienda asequible. A\u00f1adi\u00f3 que en la Ciudad hay muchas zonas que tienen potencial para la construcci\u00f3n de casas para trabajadores, pero hoy se encuentran en un grado alto de abandono e inseguridad<\/p>\n<p>\u201cHay muchas zonas que han estado <strong>abandonadas<\/strong>, en situaciones muy bien ubicadas. Piensen en la Bondojito, piensen en Tepito, piensen en toda la zona de San Cosme. Son zonas que tienen un nivel de abandono y de inseguridad terribles, pero cuentan con <strong>ubicaciones privilegiadas<\/strong>. Entonces realmente es detonar las zonas abandonadas de la ciudad y dejar de estar presionando aquellos lugares que han logrado un nivel de calidad de vida muy alto\u201d, indic\u00f3.<\/p>\n","protected":false},"excerpt":{"rendered":"<p>Los desarrolladores de vivienda se\u00f1alaron que la Norma Emergente lanzada en la pasada administraci\u00f3n no tuvo los resultados esperados<\/p>\n","protected":false},"author":47,"featured_media":97625,"comment_status":"open","ping_status":"closed","sticky":false,"template":"","format":"standard","meta":{"om_disable_all_campaigns":false,"inline_featured_image":false,"_monsterinsights_skip_tracking":false,"_monsterinsights_sitenote_active":false,"_monsterinsights_sitenote_note":"","_monsterinsights_sitenote_category":0,"footnotes":""},"categories":[12],"tags":[600,606,290,1493,16507,60],"class_list":["post-97624","post","type-post","status-publish","format-standard","has-post-thumbnail","hentry","category-vivienda","tag-canadevi-valle-de-mexico","tag-cdmx","tag-ciudad-de-mexico","tag-lydia-alvarez","tag-norma-emergente-de-vivienda-para-trabajadores","tag-vivienda-2"],"yoast_head":"<!-- This site is optimized with the Yoast SEO plugin v27.5 - https:\/\/yoast.com\/product\/yoast-seo-wordpress\/ -->\n<title>Canadevi buscar\u00e1 nueva Norma Emergente de Vivienda en CDMX<\/title>\n<meta name=\"description\" content=\"Con el objetivo de lograr las condiciones para desarrollar vivienda asequible en la Ciudad de M\u00e9xico, la Canadevi VM buscar\u00e1 que el gobierno capitalino...\" \/>\n<meta name=\"robots\" content=\"index, follow, max-snippet:-1, max-image-preview:large, max-video-preview:-1\" \/>\n<link rel=\"canonical\" href=\"https:\/\/centrourbano.com\/revista\/vivienda\/norma-emergente-vivienda-cdmx\/\" \/>\n<meta property=\"og:locale\" content=\"es_ES\" \/>\n<meta property=\"og:type\" content=\"article\" \/>\n<meta property=\"og:title\" content=\"Canadevi buscar\u00e1 nueva Norma Emergente de Vivienda en CDMX\" \/>\n<meta property=\"og:description\" content=\"Con el objetivo de lograr las condiciones para desarrollar vivienda asequible en la Ciudad de M\u00e9xico, la Canadevi VM buscar\u00e1 que el gobierno capitalino...\" \/>\n<meta property=\"og:url\" content=\"https:\/\/centrourbano.com\/revista\/vivienda\/norma-emergente-vivienda-cdmx\/\" \/>\n<meta property=\"og:site_name\" content=\"Centro Urbano\" \/>\n<meta property=\"article:publisher\" content=\"https:\/\/www.facebook.com\/portalcentrourbano\" \/>\n<meta property=\"article:published_time\" content=\"2019-10-18T20:20:16+00:00\" \/>\n<meta property=\"article:modified_time\" content=\"2019-10-21T22:33:21+00:00\" \/>\n<meta property=\"og:image\" content=\"https:\/\/centrourbano.com\/revista\/wp-content\/uploads\/Vivienda_social_CDMX-1.jpg\" \/>\n\t<meta property=\"og:image:width\" content=\"800\" \/>\n\t<meta property=\"og:image:height\" content=\"450\" \/>\n\t<meta property=\"og:image:type\" content=\"image\/jpeg\" \/>\n<meta name=\"author\" content=\"Edgar Rosas\" \/>\n<meta name=\"twitter:card\" content=\"summary_large_image\" \/>\n<meta name=\"twitter:creator\" content=\"@https:\/\/twitter.com\/ERosasCU?s=09\" \/>\n<meta name=\"twitter:site\" content=\"@CentroUrbano\" \/>\n<meta name=\"twitter:label1\" content=\"Escrito por\" \/>\n\t<meta name=\"twitter:data1\" content=\"Edgar Rosas\" \/>\n\t<meta name=\"twitter:label2\" content=\"Tiempo de lectura\" \/>\n\t<meta name=\"twitter:data2\" content=\"2 minutos\" \/>\n<script type=\"application\/ld+json\" class=\"yoast-schema-graph\">{\"@context\":\"https:\\\/\\\/schema.org\",\"@graph\":[{\"@type\":\"Article\",\"@id\":\"https:\\\/\\\/centrourbano.com\\\/revista\\\/vivienda\\\/norma-emergente-vivienda-cdmx\\\/#article\",\"isPartOf\":{\"@id\":\"https:\\\/\\\/centrourbano.com\\\/revista\\\/vivienda\\\/norma-emergente-vivienda-cdmx\\\/\"},\"author\":{\"name\":\"Edgar Rosas\",\"@id\":\"https:\\\/\\\/centrourbano.com\\\/revista\\\/#\\\/schema\\\/person\\\/ff3c00651ce5b1630479d2cd0c2e3ac0\"},\"headline\":\"Canadevi va por nueva Norma Emergente en CDMX\",\"datePublished\":\"2019-10-18T20:20:16+00:00\",\"dateModified\":\"2019-10-21T22:33:21+00:00\",\"mainEntityOfPage\":{\"@id\":\"https:\\\/\\\/centrourbano.com\\\/revista\\\/vivienda\\\/norma-emergente-vivienda-cdmx\\\/\"},\"wordCount\":375,\"commentCount\":0,\"publisher\":{\"@id\":\"https:\\\/\\\/centrourbano.com\\\/revista\\\/#organization\"},\"image\":{\"@id\":\"https:\\\/\\\/centrourbano.com\\\/revista\\\/vivienda\\\/norma-emergente-vivienda-cdmx\\\/#primaryimage\"},\"thumbnailUrl\":\"https:\\\/\\\/centrourbano.com\\\/revista\\\/wp-content\\\/uploads\\\/Vivienda_social_CDMX-1.jpg\",\"keywords\":[\"Canadevi Valle de M\u00e9xico\",\"CDMX\",\"ciudad de M\u00e9xico\",\"Lydia \u00c1lvarez\",\"Norma Emergente de Vivienda para Trabajadores\",\"vivienda\"],\"articleSection\":[\"Vivienda\"],\"inLanguage\":\"es\",\"potentialAction\":[{\"@type\":\"CommentAction\",\"name\":\"Comment\",\"target\":[\"https:\\\/\\\/centrourbano.com\\\/revista\\\/vivienda\\\/norma-emergente-vivienda-cdmx\\\/#respond\"]}]},{\"@type\":\"WebPage\",\"@id\":\"https:\\\/\\\/centrourbano.com\\\/revista\\\/vivienda\\\/norma-emergente-vivienda-cdmx\\\/\",\"url\":\"https:\\\/\\\/centrourbano.com\\\/revista\\\/vivienda\\\/norma-emergente-vivienda-cdmx\\\/\",\"name\":\"Canadevi buscar\u00e1 nueva Norma Emergente de Vivienda en CDMX\",\"isPartOf\":{\"@id\":\"https:\\\/\\\/centrourbano.com\\\/revista\\\/#website\"},\"primaryImageOfPage\":{\"@id\":\"https:\\\/\\\/centrourbano.com\\\/revista\\\/vivienda\\\/norma-emergente-vivienda-cdmx\\\/#primaryimage\"},\"image\":{\"@id\":\"https:\\\/\\\/centrourbano.com\\\/revista\\\/vivienda\\\/norma-emergente-vivienda-cdmx\\\/#primaryimage\"},\"thumbnailUrl\":\"https:\\\/\\\/centrourbano.com\\\/revista\\\/wp-content\\\/uploads\\\/Vivienda_social_CDMX-1.jpg\",\"datePublished\":\"2019-10-18T20:20:16+00:00\",\"dateModified\":\"2019-10-21T22:33:21+00:00\",\"description\":\"Con el objetivo de lograr las condiciones para desarrollar vivienda asequible en la Ciudad de M\u00e9xico, la Canadevi VM buscar\u00e1 que el gobierno capitalino...\",\"breadcrumb\":{\"@id\":\"https:\\\/\\\/centrourbano.com\\\/revista\\\/vivienda\\\/norma-emergente-vivienda-cdmx\\\/#breadcrumb\"},\"inLanguage\":\"es\",\"potentialAction\":[{\"@type\":\"ReadAction\",\"target\":[\"https:\\\/\\\/centrourbano.com\\\/revista\\\/vivienda\\\/norma-emergente-vivienda-cdmx\\\/\"]}]},{\"@type\":\"ImageObject\",\"inLanguage\":\"es\",\"@id\":\"https:\\\/\\\/centrourbano.com\\\/revista\\\/vivienda\\\/norma-emergente-vivienda-cdmx\\\/#primaryimage\",\"url\":\"https:\\\/\\\/centrourbano.com\\\/revista\\\/wp-content\\\/uploads\\\/Vivienda_social_CDMX-1.jpg\",\"contentUrl\":\"https:\\\/\\\/centrourbano.com\\\/revista\\\/wp-content\\\/uploads\\\/Vivienda_social_CDMX-1.jpg\",\"width\":800,\"height\":450},{\"@type\":\"BreadcrumbList\",\"@id\":\"https:\\\/\\\/centrourbano.com\\\/revista\\\/vivienda\\\/norma-emergente-vivienda-cdmx\\\/#breadcrumb\",\"itemListElement\":[{\"@type\":\"ListItem\",\"position\":1,\"name\":\"Portada\",\"item\":\"https:\\\/\\\/centrourbano.com\\\/revista\\\/\"},{\"@type\":\"ListItem\",\"position\":2,\"name\":\"Canadevi va por nueva Norma Emergente en CDMX\"}]},{\"@type\":\"WebSite\",\"@id\":\"https:\\\/\\\/centrourbano.com\\\/revista\\\/#website\",\"url\":\"https:\\\/\\\/centrourbano.com\\\/revista\\\/\",\"name\":\"Centro Urbano\",\"description\":\"Medio especializado en los sectores vivienda, inmobiliario, construcci\u00f3n, arquitectura y urbanismo.\",\"publisher\":{\"@id\":\"https:\\\/\\\/centrourbano.com\\\/revista\\\/#organization\"},\"potentialAction\":[{\"@type\":\"SearchAction\",\"target\":{\"@type\":\"EntryPoint\",\"urlTemplate\":\"https:\\\/\\\/centrourbano.com\\\/revista\\\/?s={search_term_string}\"},\"query-input\":{\"@type\":\"PropertyValueSpecification\",\"valueRequired\":true,\"valueName\":\"search_term_string\"}}],\"inLanguage\":\"es\"},{\"@type\":\"Organization\",\"@id\":\"https:\\\/\\\/centrourbano.com\\\/revista\\\/#organization\",\"name\":\"Centro Urbano\",\"url\":\"https:\\\/\\\/centrourbano.com\\\/revista\\\/\",\"logo\":{\"@type\":\"ImageObject\",\"inLanguage\":\"es\",\"@id\":\"https:\\\/\\\/centrourbano.com\\\/revista\\\/#\\\/schema\\\/logo\\\/image\\\/\",\"url\":\"https:\\\/\\\/centrourbano.com\\\/revista\\\/wp-content\\\/uploads\\\/web_CU_logo-1.png\",\"contentUrl\":\"https:\\\/\\\/centrourbano.com\\\/revista\\\/wp-content\\\/uploads\\\/web_CU_logo-1.png\",\"width\":350,\"height\":91,\"caption\":\"Centro Urbano\"},\"image\":{\"@id\":\"https:\\\/\\\/centrourbano.com\\\/revista\\\/#\\\/schema\\\/logo\\\/image\\\/\"},\"sameAs\":[\"https:\\\/\\\/www.facebook.com\\\/portalcentrourbano\",\"https:\\\/\\\/x.com\\\/CentroUrbano\",\"https:\\\/\\\/www.instagram.com\\\/centro_urbano\\\/\",\"https:\\\/\\\/www.linkedin.com\\\/company\\\/centro-urbano\\\/\",\"http:\\\/\\\/www.youtube.com\\\/user\\\/portalcentrourbano\"]},{\"@type\":\"Person\",\"@id\":\"https:\\\/\\\/centrourbano.com\\\/revista\\\/#\\\/schema\\\/person\\\/ff3c00651ce5b1630479d2cd0c2e3ac0\",\"name\":\"Edgar Rosas\",\"image\":{\"@type\":\"ImageObject\",\"inLanguage\":\"es\",\"@id\":\"https:\\\/\\\/secure.gravatar.com\\\/avatar\\\/94440c4283495211faa5300bf85e80061036b83fced868c3783aa1310b350d9c?s=96&d=mm&r=g\",\"url\":\"https:\\\/\\\/secure.gravatar.com\\\/avatar\\\/94440c4283495211faa5300bf85e80061036b83fced868c3783aa1310b350d9c?s=96&d=mm&r=g\",\"contentUrl\":\"https:\\\/\\\/secure.gravatar.com\\\/avatar\\\/94440c4283495211faa5300bf85e80061036b83fced868c3783aa1310b350d9c?s=96&d=mm&r=g\",\"caption\":\"Edgar Rosas\"},\"description\":\"Editor en Jefe de Centro Urbano. Egresado de la maestr\u00eda en Periodismo Pol\u00edtico de la Escuela de Periodismo Carlos Septi\u00e9n Garc\u00eda (EPCSG). Estudi\u00f3 la licenciatura en Comunicaci\u00f3n en la Universidad Mexicana. Amante de la cr\u00f3nica y el reportaje. Admirador de Vicente Le\u00f1ero y Miguel \u00c1ngel Granados Chapa.\",\"sameAs\":[\"https:\\\/\\\/x.com\\\/https:\\\/\\\/twitter.com\\\/ERosasCU?s=09\"],\"url\":\"https:\\\/\\\/centrourbano.com\\\/revista\\\/author\\\/edgar-rosas\\\/\"}]}<\/script>\n<!-- \/ Yoast SEO plugin. -->","yoast_head_json":{"title":"Canadevi buscar\u00e1 nueva Norma Emergente de Vivienda en CDMX","description":"Con el objetivo de lograr las condiciones para desarrollar vivienda asequible en la Ciudad de M\u00e9xico, la Canadevi VM buscar\u00e1 que el gobierno capitalino...","robots":{"index":"index","follow":"follow","max-snippet":"max-snippet:-1","max-image-preview":"max-image-preview:large","max-video-preview":"max-video-preview:-1"},"canonical":"https:\/\/centrourbano.com\/revista\/vivienda\/norma-emergente-vivienda-cdmx\/","og_locale":"es_ES","og_type":"article","og_title":"Canadevi buscar\u00e1 nueva Norma Emergente de Vivienda en CDMX","og_description":"Con el objetivo de lograr las condiciones para desarrollar vivienda asequible en la Ciudad de M\u00e9xico, la Canadevi VM buscar\u00e1 que el gobierno capitalino...","og_url":"https:\/\/centrourbano.com\/revista\/vivienda\/norma-emergente-vivienda-cdmx\/","og_site_name":"Centro Urbano","article_publisher":"https:\/\/www.facebook.com\/portalcentrourbano","article_published_time":"2019-10-18T20:20:16+00:00","article_modified_time":"2019-10-21T22:33:21+00:00","og_image":[{"width":800,"height":450,"url":"https:\/\/centrourbano.com\/revista\/wp-content\/uploads\/Vivienda_social_CDMX-1.jpg","type":"image\/jpeg"}],"author":"Edgar Rosas","twitter_card":"summary_large_image","twitter_creator":"@https:\/\/twitter.com\/ERosasCU?s=09","twitter_site":"@CentroUrbano","twitter_misc":{"Escrito por":"Edgar Rosas","Tiempo de lectura":"2 minutos"},"schema":{"@context":"https:\/\/schema.org","@graph":[{"@type":"Article","@id":"https:\/\/centrourbano.com\/revista\/vivienda\/norma-emergente-vivienda-cdmx\/#article","isPartOf":{"@id":"https:\/\/centrourbano.com\/revista\/vivienda\/norma-emergente-vivienda-cdmx\/"},"author":{"name":"Edgar Rosas","@id":"https:\/\/centrourbano.com\/revista\/#\/schema\/person\/ff3c00651ce5b1630479d2cd0c2e3ac0"},"headline":"Canadevi va por nueva Norma Emergente en CDMX","datePublished":"2019-10-18T20:20:16+00:00","dateModified":"2019-10-21T22:33:21+00:00","mainEntityOfPage":{"@id":"https:\/\/centrourbano.com\/revista\/vivienda\/norma-emergente-vivienda-cdmx\/"},"wordCount":375,"commentCount":0,"publisher":{"@id":"https:\/\/centrourbano.com\/revista\/#organization"},"image":{"@id":"https:\/\/centrourbano.com\/revista\/vivienda\/norma-emergente-vivienda-cdmx\/#primaryimage"},"thumbnailUrl":"https:\/\/centrourbano.com\/revista\/wp-content\/uploads\/Vivienda_social_CDMX-1.jpg","keywords":["Canadevi Valle de M\u00e9xico","CDMX","ciudad de M\u00e9xico","Lydia \u00c1lvarez","Norma Emergente de Vivienda para Trabajadores","vivienda"],"articleSection":["Vivienda"],"inLanguage":"es","potentialAction":[{"@type":"CommentAction","name":"Comment","target":["https:\/\/centrourbano.com\/revista\/vivienda\/norma-emergente-vivienda-cdmx\/#respond"]}]},{"@type":"WebPage","@id":"https:\/\/centrourbano.com\/revista\/vivienda\/norma-emergente-vivienda-cdmx\/","url":"https:\/\/centrourbano.com\/revista\/vivienda\/norma-emergente-vivienda-cdmx\/","name":"Canadevi buscar\u00e1 nueva Norma Emergente de Vivienda en CDMX","isPartOf":{"@id":"https:\/\/centrourbano.com\/revista\/#website"},"primaryImageOfPage":{"@id":"https:\/\/centrourbano.com\/revista\/vivienda\/norma-emergente-vivienda-cdmx\/#primaryimage"},"image":{"@id":"https:\/\/centrourbano.com\/revista\/vivienda\/norma-emergente-vivienda-cdmx\/#primaryimage"},"thumbnailUrl":"https:\/\/centrourbano.com\/revista\/wp-content\/uploads\/Vivienda_social_CDMX-1.jpg","datePublished":"2019-10-18T20:20:16+00:00","dateModified":"2019-10-21T22:33:21+00:00","description":"Con el objetivo de lograr las condiciones para desarrollar vivienda asequible en la Ciudad de M\u00e9xico, la Canadevi VM buscar\u00e1 que el gobierno capitalino...","breadcrumb":{"@id":"https:\/\/centrourbano.com\/revista\/vivienda\/norma-emergente-vivienda-cdmx\/#breadcrumb"},"inLanguage":"es","potentialAction":[{"@type":"ReadAction","target":["https:\/\/centrourbano.com\/revista\/vivienda\/norma-emergente-vivienda-cdmx\/"]}]},{"@type":"ImageObject","inLanguage":"es","@id":"https:\/\/centrourbano.com\/revista\/vivienda\/norma-emergente-vivienda-cdmx\/#primaryimage","url":"https:\/\/centrourbano.com\/revista\/wp-content\/uploads\/Vivienda_social_CDMX-1.jpg","contentUrl":"https:\/\/centrourbano.com\/revista\/wp-content\/uploads\/Vivienda_social_CDMX-1.jpg","width":800,"height":450},{"@type":"BreadcrumbList","@id":"https:\/\/centrourbano.com\/revista\/vivienda\/norma-emergente-vivienda-cdmx\/#breadcrumb","itemListElement":[{"@type":"ListItem","position":1,"name":"Portada","item":"https:\/\/centrourbano.com\/revista\/"},{"@type":"ListItem","position":2,"name":"Canadevi va por nueva Norma Emergente en CDMX"}]},{"@type":"WebSite","@id":"https:\/\/centrourbano.com\/revista\/#website","url":"https:\/\/centrourbano.com\/revista\/","name":"Centro Urbano","description":"Medio especializado en los sectores vivienda, inmobiliario, construcci\u00f3n, arquitectura y urbanismo.","publisher":{"@id":"https:\/\/centrourbano.com\/revista\/#organization"},"potentialAction":[{"@type":"SearchAction","target":{"@type":"EntryPoint","urlTemplate":"https:\/\/centrourbano.com\/revista\/?s={search_term_string}"},"query-input":{"@type":"PropertyValueSpecification","valueRequired":true,"valueName":"search_term_string"}}],"inLanguage":"es"},{"@type":"Organization","@id":"https:\/\/centrourbano.com\/revista\/#organization","name":"Centro Urbano","url":"https:\/\/centrourbano.com\/revista\/","logo":{"@type":"ImageObject","inLanguage":"es","@id":"https:\/\/centrourbano.com\/revista\/#\/schema\/logo\/image\/","url":"https:\/\/centrourbano.com\/revista\/wp-content\/uploads\/web_CU_logo-1.png","contentUrl":"https:\/\/centrourbano.com\/revista\/wp-content\/uploads\/web_CU_logo-1.png","width":350,"height":91,"caption":"Centro Urbano"},"image":{"@id":"https:\/\/centrourbano.com\/revista\/#\/schema\/logo\/image\/"},"sameAs":["https:\/\/www.facebook.com\/portalcentrourbano","https:\/\/x.com\/CentroUrbano","https:\/\/www.instagram.com\/centro_urbano\/","https:\/\/www.linkedin.com\/company\/centro-urbano\/","http:\/\/www.youtube.com\/user\/portalcentrourbano"]},{"@type":"Person","@id":"https:\/\/centrourbano.com\/revista\/#\/schema\/person\/ff3c00651ce5b1630479d2cd0c2e3ac0","name":"Edgar Rosas","image":{"@type":"ImageObject","inLanguage":"es","@id":"https:\/\/secure.gravatar.com\/avatar\/94440c4283495211faa5300bf85e80061036b83fced868c3783aa1310b350d9c?s=96&d=mm&r=g","url":"https:\/\/secure.gravatar.com\/avatar\/94440c4283495211faa5300bf85e80061036b83fced868c3783aa1310b350d9c?s=96&d=mm&r=g","contentUrl":"https:\/\/secure.gravatar.com\/avatar\/94440c4283495211faa5300bf85e80061036b83fced868c3783aa1310b350d9c?s=96&d=mm&r=g","caption":"Edgar Rosas"},"description":"Editor en Jefe de Centro Urbano. Egresado de la maestr\u00eda en Periodismo Pol\u00edtico de la Escuela de Periodismo Carlos Septi\u00e9n Garc\u00eda (EPCSG). Estudi\u00f3 la licenciatura en Comunicaci\u00f3n en la Universidad Mexicana. Amante de la cr\u00f3nica y el reportaje. Admirador de Vicente Le\u00f1ero y Miguel \u00c1ngel Granados Chapa.","sameAs":["https:\/\/x.com\/https:\/\/twitter.com\/ERosasCU?s=09"],"url":"https:\/\/centrourbano.com\/revista\/author\/edgar-rosas\/"}]}},"_links":{"self":[{"href":"https:\/\/centrourbano.com\/revista\/wp-json\/wp\/v2\/posts\/97624","targetHints":{"allow":["GET"]}}],"collection":[{"href":"https:\/\/centrourbano.com\/revista\/wp-json\/wp\/v2\/posts"}],"about":[{"href":"https:\/\/centrourbano.com\/revista\/wp-json\/wp\/v2\/types\/post"}],"author":[{"embeddable":true,"href":"https:\/\/centrourbano.com\/revista\/wp-json\/wp\/v2\/users\/47"}],"replies":[{"embeddable":true,"href":"https:\/\/centrourbano.com\/revista\/wp-json\/wp\/v2\/comments?post=97624"}],"version-history":[{"count":5,"href":"https:\/\/centrourbano.com\/revista\/wp-json\/wp\/v2\/posts\/97624\/revisions"}],"predecessor-version":[{"id":97698,"href":"https:\/\/centrourbano.com\/revista\/wp-json\/wp\/v2\/posts\/97624\/revisions\/97698"}],"wp:featuredmedia":[{"embeddable":true,"href":"https:\/\/centrourbano.com\/revista\/wp-json\/wp\/v2\/media\/97625"}],"wp:attachment":[{"href":"https:\/\/centrourbano.com\/revista\/wp-json\/wp\/v2\/media?parent=97624"}],"wp:term":[{"taxonomy":"category","embeddable":true,"href":"https:\/\/centrourbano.com\/revista\/wp-json\/wp\/v2\/categories?post=97624"},{"taxonomy":"post_tag","embeddable":true,"href":"https:\/\/centrourbano.com\/revista\/wp-json\/wp\/v2\/tags?post=97624"}],"curies":[{"name":"wp","href":"https:\/\/api.w.org\/{rel}","templated":true}]}}