{"id":9762,"date":"2014-08-18T09:00:20","date_gmt":"2014-08-18T14:00:20","guid":{"rendered":"http:\/\/centrourbano.com\/?p=9762"},"modified":"2014-08-17T23:44:53","modified_gmt":"2014-08-18T04:44:53","slug":"infonavit-y-fovissste-calientan-el-mercado","status":"publish","type":"post","link":"https:\/\/centrourbano.com\/revista\/opinion\/infonavit-y-fovissste-calientan-el-mercado\/","title":{"rendered":"Infonavit y Fovissste calientan el mercado"},"content":{"rendered":"<p><em>No\u2026 Los nuevos productos de Infonavit y Fovissste no son -todav\u00eda-, la tan comentada hipoteca intraurbana que habr\u00e1 de facilitar los objetivos de ordenamiento territorial que establecen las nuevas pol\u00edticas federales de vivienda<\/em><!--more--><\/p>\n<p>Pero s\u00ed son esquemas crediticios que al fin atienden las necesidades de ese segmento de poblaci\u00f3n eminentemente urbana, que se ubicaba como s\u00e1ndwich entre los bajos y los altos ingresos, con el componente adicional, de que le dan la posibilidad de aprovechar los cr\u00e9ditos Infonavit y Fovissste a que ten\u00edan derecho, pero hasta ahora no pod\u00edan aprovechar.<\/p>\n<p>Y es que las zonas urbanas propician la formaci\u00f3n de verdaderas clases medias, para las que los esquemas tradicionales de Infonavit y Fovissste no serv\u00edan porque solo pod\u00edan ser usados para adquirir viviendas con precios muy por debajo de las capacidades adquisitivas de estos grupos de poblaci\u00f3n.<\/p>\n<p>Y a esta incongruencia del monto de los cr\u00e9ditos hab\u00eda que agregar que los costos de las viviendas en las principales zonas urbanas del pa\u00eds se han incrementado, dando pie a que los topes para los montos m\u00e1ximos autorizados para los cr\u00e9ditos del Infonavit quedaban muy por debajo de los valores en que pod\u00edan encontrase las casas m\u00e1s baratas.<\/p>\n<p>Por supuesto, esto dejaba sin opciones a los derechohabientes urbanos de ingresos medios del Infonavit y el Fovissste, y dejaba un \u00fanico camino a los de bajos ingresos; aprovechar su cr\u00e9dito para adquirir una vivienda muy alejada de los centros urbanos, all\u00e1, donde los precios de las casas estaban acordes con su capacidad de ingresos.<\/p>\n<p>Por eso, cuando el presidente Enrique Pe\u00f1a Nieto anunci\u00f3 que el ordenamiento urbano ser\u00eda prioridad en su gobierno, se hizo evidente la necesidad de esquemas de cr\u00e9dito hipotecario que permitieran atender en forma eficiente las necesidades de las clases medias urbanas.<\/p>\n<p>Por eso cay\u00f3 tan bien la noticia de que el Infonavit, que dirige Alejandro Murat Hinojosa, casi duplicara el monto m\u00e1ximo de cr\u00e9dito del Instituto, dej\u00e1ndolo en 850 mil pesos, con los que estas clases medias derechohabientes del Instituto, ya tienen una verdadera opci\u00f3n de comprar una de esas tan promovidas viviendas intraurbanas.<\/p>\n<p>Solo unos d\u00edas despu\u00e9s, el Fovissste, de Jos\u00e9 Reyes Baeza, present\u00f3 a su vez un nuevo esquema de que beneficia del mismo modo a sus derechohabientes al incrementar su capacidad de pago de un cr\u00e9dito hipotecario -y en consecuencia el monto m\u00e1ximo del mismo- al tomar en cuenta sus compensaciones.<\/p>\n<p>Aspecto importante es que el nuevo producto del Fovissste no requiere ya que el solicitante tenga que participar en un sorteo, sino que s\u00f3lo deber\u00e1 cumplir con los requisitos establecidos para hacer efectivo su derecho a un cr\u00e9dito para vivienda.<\/p>\n<p>Y si ya de por s\u00ed estos cr\u00e9ditos son una muy buena noticia, lo son m\u00e1s al considerar la cereza del pastel\u2026 Estos nuevos esquemas de cr\u00e9dito son en pesos y ya no en salarios m\u00ednimos.<\/p>\n<p>Y bueno, en lo que yo considero otra buena noticia, aunque seguramente algunos no lo ver\u00e1n as\u00ed, estos esquemas consideran la posibilidad de someter al solicitante a la revisi\u00f3n de su historial crediticio, lo que evitar\u00eda el riesgo potencial de generar carteras con altos \u00edndices de riesgo de impago.<\/p>\n<p>Los nuevos productos de Infonavit y Fovissste se vienen a sumar a los esquemas con que en forma muy eficiente la banca comercial ya atend\u00eda estos segmentos, lo que seguramente propiciar\u00e1 una cerrada batalla en que quienes saldr\u00e1n beneficiados ser\u00e1n sus clientes.<\/p>\n<p>Y no\u2026 A\u00fan no es una hipoteca propiamente intraurbana, pero sin duda es un paso importante en ese sentido\u2026<\/p>\n<p>Eso s\u00ed, de nada sirven acciones como \u00e9stas si las autoridades locales (estados y sus municipios, as\u00ed como Distrito Federal y sus delegaciones) no hacen los ajustes regulatorios que permitan generar viviendas en sus comunidades\u2026 De poco servir\u00e1 que haya cr\u00e9ditos si lo que falta son casas y si esta escasez de casas se traduce en un incremento en los precios del inventario disponible.<\/p>\n<p>Los organismos financieros p\u00fablicos y privados est\u00e1n haciendo su trabajo para atender el reto habitacional intraurbano\u2026 \u00bfY los gobiernos locales?<\/p>\n<p>Ya saben; seguimos en contacto en twitter @horacio_urbano, y nos vemos ma\u00f1ana en la noche en Vivienda en Verde TV\u2026 Se transmite los martes a las 23:30 horas por Green TV, canales 410 de Cablevisi\u00f3n y 392 en Total Play.<\/p>\n","protected":false},"excerpt":{"rendered":"<p>No\u2026 Los nuevos productos de Infonavit y Fovissste no son -todav\u00eda-, la tan comentada hipoteca intraurbana que habr\u00e1 de facilitar los objetivos de ordenamiento territorial que establecen las nuevas pol\u00edticas federales de vivienda<\/p>\n","protected":false},"author":13,"featured_media":0,"comment_status":"open","ping_status":"closed","sticky":false,"template":"","format":"standard","meta":{"om_disable_all_campaigns":false,"inline_featured_image":false,"_monsterinsights_skip_tracking":false,"_monsterinsights_sitenote_active":false,"_monsterinsights_sitenote_note":"","_monsterinsights_sitenote_category":0,"footnotes":""},"categories":[241,5],"tags":[170],"class_list":["post-9762","post","type-post","status-publish","format-standard","hentry","category-blog-desde-la-casa","category-opinion","tag-horacio-urbano"],"yoast_head":"<!-- This site is optimized with the Yoast SEO plugin v27.5 - https:\/\/yoast.com\/product\/yoast-seo-wordpress\/ -->\n<title>Infonavit y Fovissste calientan el mercado -<\/title>\n<meta name=\"description\" content=\"No\u2026 Los nuevos productos de Infonavit y Fovissste no son -todav\u00eda-, la tan comentada hipoteca intraurbana que habr\u00e1 de facilitar los objetivos de\" \/>\n<meta name=\"robots\" content=\"index, follow, max-snippet:-1, max-image-preview:large, max-video-preview:-1\" \/>\n<link rel=\"canonical\" href=\"https:\/\/centrourbano.com\/revista\/opinion\/infonavit-y-fovissste-calientan-el-mercado\/\" \/>\n<meta property=\"og:locale\" content=\"es_ES\" \/>\n<meta property=\"og:type\" content=\"article\" \/>\n<meta property=\"og:title\" content=\"Infonavit y Fovissste calientan el mercado -\" \/>\n<meta property=\"og:description\" content=\"No\u2026 Los nuevos productos de Infonavit y Fovissste no son -todav\u00eda-, la tan comentada hipoteca intraurbana que habr\u00e1 de facilitar los objetivos de\" \/>\n<meta property=\"og:url\" content=\"https:\/\/centrourbano.com\/revista\/opinion\/infonavit-y-fovissste-calientan-el-mercado\/\" \/>\n<meta property=\"og:site_name\" content=\"Centro Urbano\" \/>\n<meta property=\"article:publisher\" content=\"https:\/\/www.facebook.com\/portalcentrourbano\" \/>\n<meta property=\"article:author\" content=\"https:\/\/www.facebook.com\/urbano.horacio\/\" \/>\n<meta property=\"article:published_time\" content=\"2014-08-18T14:00:20+00:00\" \/>\n<meta property=\"og:image\" content=\"https:\/\/centrourbano.com\/revista\/wp-content\/uploads\/CU-logo.png\" \/>\n\t<meta property=\"og:image:width\" content=\"350\" \/>\n\t<meta property=\"og:image:height\" content=\"91\" \/>\n\t<meta property=\"og:image:type\" content=\"image\/png\" \/>\n<meta name=\"author\" content=\"Horacio Urbano\" \/>\n<meta name=\"twitter:card\" content=\"summary_large_image\" \/>\n<meta name=\"twitter:creator\" content=\"@https:\/\/twitter.com\/horacio_urbano\" \/>\n<meta name=\"twitter:site\" content=\"@CentroUrbano\" \/>\n<meta name=\"twitter:label1\" content=\"Escrito por\" \/>\n\t<meta name=\"twitter:data1\" content=\"Horacio Urbano\" \/>\n\t<meta name=\"twitter:label2\" content=\"Tiempo de lectura\" \/>\n\t<meta name=\"twitter:data2\" content=\"4 minutos\" \/>\n<script type=\"application\/ld+json\" class=\"yoast-schema-graph\">{\"@context\":\"https:\\\/\\\/schema.org\",\"@graph\":[{\"@type\":\"Article\",\"@id\":\"https:\\\/\\\/centrourbano.com\\\/revista\\\/opinion\\\/infonavit-y-fovissste-calientan-el-mercado\\\/#article\",\"isPartOf\":{\"@id\":\"https:\\\/\\\/centrourbano.com\\\/revista\\\/opinion\\\/infonavit-y-fovissste-calientan-el-mercado\\\/\"},\"author\":{\"name\":\"Horacio Urbano\",\"@id\":\"https:\\\/\\\/centrourbano.com\\\/revista\\\/#\\\/schema\\\/person\\\/69755154fe97eeebe4fe9394cb318d28\"},\"headline\":\"Infonavit y Fovissste calientan el mercado\",\"datePublished\":\"2014-08-18T14:00:20+00:00\",\"mainEntityOfPage\":{\"@id\":\"https:\\\/\\\/centrourbano.com\\\/revista\\\/opinion\\\/infonavit-y-fovissste-calientan-el-mercado\\\/\"},\"wordCount\":756,\"commentCount\":0,\"publisher\":{\"@id\":\"https:\\\/\\\/centrourbano.com\\\/revista\\\/#organization\"},\"keywords\":[\"Horacio Urbano\"],\"articleSection\":[\"Desde la Casa\",\"Opini\u00f3n\"],\"inLanguage\":\"es\",\"potentialAction\":[{\"@type\":\"CommentAction\",\"name\":\"Comment\",\"target\":[\"https:\\\/\\\/centrourbano.com\\\/revista\\\/opinion\\\/infonavit-y-fovissste-calientan-el-mercado\\\/#respond\"]}]},{\"@type\":\"WebPage\",\"@id\":\"https:\\\/\\\/centrourbano.com\\\/revista\\\/opinion\\\/infonavit-y-fovissste-calientan-el-mercado\\\/\",\"url\":\"https:\\\/\\\/centrourbano.com\\\/revista\\\/opinion\\\/infonavit-y-fovissste-calientan-el-mercado\\\/\",\"name\":\"Infonavit y Fovissste calientan el mercado -\",\"isPartOf\":{\"@id\":\"https:\\\/\\\/centrourbano.com\\\/revista\\\/#website\"},\"datePublished\":\"2014-08-18T14:00:20+00:00\",\"description\":\"No\u2026 Los nuevos productos de Infonavit y Fovissste no son -todav\u00eda-, la tan comentada hipoteca intraurbana que habr\u00e1 de facilitar los objetivos de\",\"breadcrumb\":{\"@id\":\"https:\\\/\\\/centrourbano.com\\\/revista\\\/opinion\\\/infonavit-y-fovissste-calientan-el-mercado\\\/#breadcrumb\"},\"inLanguage\":\"es\",\"potentialAction\":[{\"@type\":\"ReadAction\",\"target\":[\"https:\\\/\\\/centrourbano.com\\\/revista\\\/opinion\\\/infonavit-y-fovissste-calientan-el-mercado\\\/\"]}]},{\"@type\":\"BreadcrumbList\",\"@id\":\"https:\\\/\\\/centrourbano.com\\\/revista\\\/opinion\\\/infonavit-y-fovissste-calientan-el-mercado\\\/#breadcrumb\",\"itemListElement\":[{\"@type\":\"ListItem\",\"position\":1,\"name\":\"Portada\",\"item\":\"https:\\\/\\\/centrourbano.com\\\/revista\\\/\"},{\"@type\":\"ListItem\",\"position\":2,\"name\":\"Infonavit y Fovissste calientan el mercado\"}]},{\"@type\":\"WebSite\",\"@id\":\"https:\\\/\\\/centrourbano.com\\\/revista\\\/#website\",\"url\":\"https:\\\/\\\/centrourbano.com\\\/revista\\\/\",\"name\":\"Centro Urbano\",\"description\":\"Medio especializado en los sectores vivienda, inmobiliario, construcci\u00f3n, arquitectura y urbanismo.\",\"publisher\":{\"@id\":\"https:\\\/\\\/centrourbano.com\\\/revista\\\/#organization\"},\"potentialAction\":[{\"@type\":\"SearchAction\",\"target\":{\"@type\":\"EntryPoint\",\"urlTemplate\":\"https:\\\/\\\/centrourbano.com\\\/revista\\\/?s={search_term_string}\"},\"query-input\":{\"@type\":\"PropertyValueSpecification\",\"valueRequired\":true,\"valueName\":\"search_term_string\"}}],\"inLanguage\":\"es\"},{\"@type\":\"Organization\",\"@id\":\"https:\\\/\\\/centrourbano.com\\\/revista\\\/#organization\",\"name\":\"Centro Urbano\",\"url\":\"https:\\\/\\\/centrourbano.com\\\/revista\\\/\",\"logo\":{\"@type\":\"ImageObject\",\"inLanguage\":\"es\",\"@id\":\"https:\\\/\\\/centrourbano.com\\\/revista\\\/#\\\/schema\\\/logo\\\/image\\\/\",\"url\":\"https:\\\/\\\/centrourbano.com\\\/revista\\\/wp-content\\\/uploads\\\/web_CU_logo-1.png\",\"contentUrl\":\"https:\\\/\\\/centrourbano.com\\\/revista\\\/wp-content\\\/uploads\\\/web_CU_logo-1.png\",\"width\":350,\"height\":91,\"caption\":\"Centro Urbano\"},\"image\":{\"@id\":\"https:\\\/\\\/centrourbano.com\\\/revista\\\/#\\\/schema\\\/logo\\\/image\\\/\"},\"sameAs\":[\"https:\\\/\\\/www.facebook.com\\\/portalcentrourbano\",\"https:\\\/\\\/x.com\\\/CentroUrbano\",\"https:\\\/\\\/www.instagram.com\\\/centro_urbano\\\/\",\"https:\\\/\\\/www.linkedin.com\\\/company\\\/centro-urbano\\\/\",\"http:\\\/\\\/www.youtube.com\\\/user\\\/portalcentrourbano\"]},{\"@type\":\"Person\",\"@id\":\"https:\\\/\\\/centrourbano.com\\\/revista\\\/#\\\/schema\\\/person\\\/69755154fe97eeebe4fe9394cb318d28\",\"name\":\"Horacio Urbano\",\"image\":{\"@type\":\"ImageObject\",\"inLanguage\":\"es\",\"@id\":\"https:\\\/\\\/secure.gravatar.com\\\/avatar\\\/bf4232bac122249113b7bcc4636a8d0432b9fa8bcce4243f1ed6c1ecb8fe915f?s=96&d=mm&r=g\",\"url\":\"https:\\\/\\\/secure.gravatar.com\\\/avatar\\\/bf4232bac122249113b7bcc4636a8d0432b9fa8bcce4243f1ed6c1ecb8fe915f?s=96&d=mm&r=g\",\"contentUrl\":\"https:\\\/\\\/secure.gravatar.com\\\/avatar\\\/bf4232bac122249113b7bcc4636a8d0432b9fa8bcce4243f1ed6c1ecb8fe915f?s=96&d=mm&r=g\",\"caption\":\"Horacio Urbano\"},\"description\":\"Horacio Urbano es arquitecto. Su experiencia profesional se ha desarrollado en los diferentes \u00e1mbitos que definen la industria de la vivienda. En 1999 inici\u00f3 un proyecto editorial dirigido a los sectores inmobiliario y construcci\u00f3n que a lo largo de los a\u00f1os se ha convertido en una poderosa plataforma multimedios y en una verdadera referencia para esta industria. Fundador, junto con la tambi\u00e9n arquitecta Roxana Fabris, de Grupo Centro Urbano, firma que impulsa y desarrolla una serie de esfuerzos de comunicaci\u00f3n relacionados con estos sectores. Como parte de su trabajo en M\u00e9xico y el extranjero, ha escrito o participado en una serie de libros especializados, es colaborador de diferentes medios impresos y electr\u00f3nicos, es activo conferencista y bajo diferentes modelos colabora tambi\u00e9n con diversas empresas e instituciones p\u00fablicas y privadas del sector.\",\"sameAs\":[\"http:\\\/\\\/horaciourbano.com\\\/home\\\/\",\"https:\\\/\\\/www.facebook.com\\\/urbano.horacio\\\/\",\"https:\\\/\\\/x.com\\\/https:\\\/\\\/twitter.com\\\/horacio_urbano\"],\"url\":\"https:\\\/\\\/centrourbano.com\\\/revista\\\/author\\\/horacio-urbano\\\/\"}]}<\/script>\n<!-- \/ Yoast SEO plugin. -->","yoast_head_json":{"title":"Infonavit y Fovissste calientan el mercado -","description":"No\u2026 Los nuevos productos de Infonavit y Fovissste no son -todav\u00eda-, la tan comentada hipoteca intraurbana que habr\u00e1 de facilitar los objetivos de","robots":{"index":"index","follow":"follow","max-snippet":"max-snippet:-1","max-image-preview":"max-image-preview:large","max-video-preview":"max-video-preview:-1"},"canonical":"https:\/\/centrourbano.com\/revista\/opinion\/infonavit-y-fovissste-calientan-el-mercado\/","og_locale":"es_ES","og_type":"article","og_title":"Infonavit y Fovissste calientan el mercado -","og_description":"No\u2026 Los nuevos productos de Infonavit y Fovissste no son -todav\u00eda-, la tan comentada hipoteca intraurbana que habr\u00e1 de facilitar los objetivos de","og_url":"https:\/\/centrourbano.com\/revista\/opinion\/infonavit-y-fovissste-calientan-el-mercado\/","og_site_name":"Centro Urbano","article_publisher":"https:\/\/www.facebook.com\/portalcentrourbano","article_author":"https:\/\/www.facebook.com\/urbano.horacio\/","article_published_time":"2014-08-18T14:00:20+00:00","og_image":[{"width":350,"height":91,"url":"https:\/\/centrourbano.com\/revista\/wp-content\/uploads\/CU-logo.png","type":"image\/png"}],"author":"Horacio Urbano","twitter_card":"summary_large_image","twitter_creator":"@https:\/\/twitter.com\/horacio_urbano","twitter_site":"@CentroUrbano","twitter_misc":{"Escrito por":"Horacio Urbano","Tiempo de lectura":"4 minutos"},"schema":{"@context":"https:\/\/schema.org","@graph":[{"@type":"Article","@id":"https:\/\/centrourbano.com\/revista\/opinion\/infonavit-y-fovissste-calientan-el-mercado\/#article","isPartOf":{"@id":"https:\/\/centrourbano.com\/revista\/opinion\/infonavit-y-fovissste-calientan-el-mercado\/"},"author":{"name":"Horacio Urbano","@id":"https:\/\/centrourbano.com\/revista\/#\/schema\/person\/69755154fe97eeebe4fe9394cb318d28"},"headline":"Infonavit y Fovissste calientan el mercado","datePublished":"2014-08-18T14:00:20+00:00","mainEntityOfPage":{"@id":"https:\/\/centrourbano.com\/revista\/opinion\/infonavit-y-fovissste-calientan-el-mercado\/"},"wordCount":756,"commentCount":0,"publisher":{"@id":"https:\/\/centrourbano.com\/revista\/#organization"},"keywords":["Horacio Urbano"],"articleSection":["Desde la Casa","Opini\u00f3n"],"inLanguage":"es","potentialAction":[{"@type":"CommentAction","name":"Comment","target":["https:\/\/centrourbano.com\/revista\/opinion\/infonavit-y-fovissste-calientan-el-mercado\/#respond"]}]},{"@type":"WebPage","@id":"https:\/\/centrourbano.com\/revista\/opinion\/infonavit-y-fovissste-calientan-el-mercado\/","url":"https:\/\/centrourbano.com\/revista\/opinion\/infonavit-y-fovissste-calientan-el-mercado\/","name":"Infonavit y Fovissste calientan el mercado -","isPartOf":{"@id":"https:\/\/centrourbano.com\/revista\/#website"},"datePublished":"2014-08-18T14:00:20+00:00","description":"No\u2026 Los nuevos productos de Infonavit y Fovissste no son -todav\u00eda-, la tan comentada hipoteca intraurbana que habr\u00e1 de facilitar los objetivos de","breadcrumb":{"@id":"https:\/\/centrourbano.com\/revista\/opinion\/infonavit-y-fovissste-calientan-el-mercado\/#breadcrumb"},"inLanguage":"es","potentialAction":[{"@type":"ReadAction","target":["https:\/\/centrourbano.com\/revista\/opinion\/infonavit-y-fovissste-calientan-el-mercado\/"]}]},{"@type":"BreadcrumbList","@id":"https:\/\/centrourbano.com\/revista\/opinion\/infonavit-y-fovissste-calientan-el-mercado\/#breadcrumb","itemListElement":[{"@type":"ListItem","position":1,"name":"Portada","item":"https:\/\/centrourbano.com\/revista\/"},{"@type":"ListItem","position":2,"name":"Infonavit y Fovissste calientan el mercado"}]},{"@type":"WebSite","@id":"https:\/\/centrourbano.com\/revista\/#website","url":"https:\/\/centrourbano.com\/revista\/","name":"Centro Urbano","description":"Medio especializado en los sectores vivienda, inmobiliario, construcci\u00f3n, arquitectura y urbanismo.","publisher":{"@id":"https:\/\/centrourbano.com\/revista\/#organization"},"potentialAction":[{"@type":"SearchAction","target":{"@type":"EntryPoint","urlTemplate":"https:\/\/centrourbano.com\/revista\/?s={search_term_string}"},"query-input":{"@type":"PropertyValueSpecification","valueRequired":true,"valueName":"search_term_string"}}],"inLanguage":"es"},{"@type":"Organization","@id":"https:\/\/centrourbano.com\/revista\/#organization","name":"Centro Urbano","url":"https:\/\/centrourbano.com\/revista\/","logo":{"@type":"ImageObject","inLanguage":"es","@id":"https:\/\/centrourbano.com\/revista\/#\/schema\/logo\/image\/","url":"https:\/\/centrourbano.com\/revista\/wp-content\/uploads\/web_CU_logo-1.png","contentUrl":"https:\/\/centrourbano.com\/revista\/wp-content\/uploads\/web_CU_logo-1.png","width":350,"height":91,"caption":"Centro Urbano"},"image":{"@id":"https:\/\/centrourbano.com\/revista\/#\/schema\/logo\/image\/"},"sameAs":["https:\/\/www.facebook.com\/portalcentrourbano","https:\/\/x.com\/CentroUrbano","https:\/\/www.instagram.com\/centro_urbano\/","https:\/\/www.linkedin.com\/company\/centro-urbano\/","http:\/\/www.youtube.com\/user\/portalcentrourbano"]},{"@type":"Person","@id":"https:\/\/centrourbano.com\/revista\/#\/schema\/person\/69755154fe97eeebe4fe9394cb318d28","name":"Horacio Urbano","image":{"@type":"ImageObject","inLanguage":"es","@id":"https:\/\/secure.gravatar.com\/avatar\/bf4232bac122249113b7bcc4636a8d0432b9fa8bcce4243f1ed6c1ecb8fe915f?s=96&d=mm&r=g","url":"https:\/\/secure.gravatar.com\/avatar\/bf4232bac122249113b7bcc4636a8d0432b9fa8bcce4243f1ed6c1ecb8fe915f?s=96&d=mm&r=g","contentUrl":"https:\/\/secure.gravatar.com\/avatar\/bf4232bac122249113b7bcc4636a8d0432b9fa8bcce4243f1ed6c1ecb8fe915f?s=96&d=mm&r=g","caption":"Horacio Urbano"},"description":"Horacio Urbano es arquitecto. Su experiencia profesional se ha desarrollado en los diferentes \u00e1mbitos que definen la industria de la vivienda. En 1999 inici\u00f3 un proyecto editorial dirigido a los sectores inmobiliario y construcci\u00f3n que a lo largo de los a\u00f1os se ha convertido en una poderosa plataforma multimedios y en una verdadera referencia para esta industria. Fundador, junto con la tambi\u00e9n arquitecta Roxana Fabris, de Grupo Centro Urbano, firma que impulsa y desarrolla una serie de esfuerzos de comunicaci\u00f3n relacionados con estos sectores. Como parte de su trabajo en M\u00e9xico y el extranjero, ha escrito o participado en una serie de libros especializados, es colaborador de diferentes medios impresos y electr\u00f3nicos, es activo conferencista y bajo diferentes modelos colabora tambi\u00e9n con diversas empresas e instituciones p\u00fablicas y privadas del sector.","sameAs":["http:\/\/horaciourbano.com\/home\/","https:\/\/www.facebook.com\/urbano.horacio\/","https:\/\/x.com\/https:\/\/twitter.com\/horacio_urbano"],"url":"https:\/\/centrourbano.com\/revista\/author\/horacio-urbano\/"}]}},"_links":{"self":[{"href":"https:\/\/centrourbano.com\/revista\/wp-json\/wp\/v2\/posts\/9762","targetHints":{"allow":["GET"]}}],"collection":[{"href":"https:\/\/centrourbano.com\/revista\/wp-json\/wp\/v2\/posts"}],"about":[{"href":"https:\/\/centrourbano.com\/revista\/wp-json\/wp\/v2\/types\/post"}],"author":[{"embeddable":true,"href":"https:\/\/centrourbano.com\/revista\/wp-json\/wp\/v2\/users\/13"}],"replies":[{"embeddable":true,"href":"https:\/\/centrourbano.com\/revista\/wp-json\/wp\/v2\/comments?post=9762"}],"version-history":[{"count":0,"href":"https:\/\/centrourbano.com\/revista\/wp-json\/wp\/v2\/posts\/9762\/revisions"}],"wp:attachment":[{"href":"https:\/\/centrourbano.com\/revista\/wp-json\/wp\/v2\/media?parent=9762"}],"wp:term":[{"taxonomy":"category","embeddable":true,"href":"https:\/\/centrourbano.com\/revista\/wp-json\/wp\/v2\/categories?post=9762"},{"taxonomy":"post_tag","embeddable":true,"href":"https:\/\/centrourbano.com\/revista\/wp-json\/wp\/v2\/tags?post=9762"}],"curies":[{"name":"wp","href":"https:\/\/api.w.org\/{rel}","templated":true}]}}