{"id":97449,"date":"2019-10-17T09:21:12","date_gmt":"2019-10-17T14:21:12","guid":{"rendered":"https:\/\/centrourbano.com\/?p=97449"},"modified":"2019-10-17T09:21:12","modified_gmt":"2019-10-17T14:21:12","slug":"gcdmx-cooperacion-francesa-proyectos","status":"publish","type":"post","link":"https:\/\/centrourbano.com\/revista\/urbanismo\/gcdmx-cooperacion-francesa-proyectos\/","title":{"rendered":"Busca GCDMX cooperaci\u00f3n francesa en proyectos capitalinos"},"content":{"rendered":"<p><em>La Jefa de Gobierno de la Ciudad de M\u00e9xico, Claudia Sheinbaum, expuso ante inversionistas franceses proyectos ambientales y de movilidad<\/em><!--more--><\/p>\n<p>En el marco del <strong>Seminario Franco-Mexicano sobre Ciudad Sustentable<\/strong>, <strong>Claudia Sheinbaum Pardo, Jefa de Gobierno de la Ciudad de M\u00e9xico<\/strong>, dio a conocer ante inversionistas franceses los <strong>proyectos capitalinos,<\/strong> principalmente relacionados con temas de<strong> movilidad, medio ambiente y turismo<\/strong>, con el fin de recibir propuestas de innovaci\u00f3n.<\/p>\n<p>\u201cHablamos de los siete puntos de nuestro programa ambiental y de cambio clim\u00e1tico. De nuestro proyecto de Vallejo, el impuso a la peque\u00f1a y la microempresa, el impulso del turismo, adem\u00e1s de algunos proyectos donde estamos interesados en inversi\u00f3n, pero tambi\u00e9n en soluciones relacionadas con agua y movilidad\u201d, explic\u00f3.<\/p>\n<p>Los empresarios franceses conocieron los ejes en que est\u00e1 basado el <strong>Programa Ambiental y de Cambio Clim\u00e1tico 2018-2024<\/strong> del Gobierno capitalino, en el que se plantea la reforestaci\u00f3n de 20 millones de \u00e1rboles, as\u00ed como la restauraci\u00f3n de los r\u00edos que quedan en la ciudad: el R\u00edo de los Remedios, el r\u00edo San Buenaventura y Canal Nacional.<\/p>\n<p>Con respecto al tema de la de<strong> sustentabilidad del agua,<\/strong> Sheinbaum expuso la situaci\u00f3n que la Ciudad de M\u00e9xico enfrenta desde hace tiempo, es decir, el hundimiento de la zona oriente de la Ciudad debido a la<strong> sobreexplotaci\u00f3n de los acu\u00edferos.<\/strong> Por esta raz\u00f3n, se buscan nuevos m\u00e9todos para traer agua a la ciudad, resolver el problema de fugas y mejorar la distribuci\u00f3n del l\u00edquido.<\/p>\n<p>En el tema de <strong>movilidad<\/strong>, la funcionaria destac\u00f3 el impulso que se le est\u00e1 dando al <strong>transporte p\u00fablico el\u00e9ctrico<\/strong> a trav\u00e9s de los trolebuses, e inform\u00f3 que se est\u00e1 explorando incluso la propuesta de trenes interurbanos.<\/p>\n<p>Finalmente, explic\u00f3 el tema de <strong>Ciudad Solar<\/strong>, donde se impulsa un modelo de <strong>energ\u00eda fotovoltaica<\/strong>, a trav\u00e9s del proyecto de granja solar en los techos de la Central de Abasto.<\/p>\n<p>La <strong>embajadora de Francia en M\u00e9xico, Anne Grillo,<\/strong> se\u00f1al\u00f3 que durante el Seminario se revisar\u00e1n los<strong> desaf\u00edos que comparten tanto la capital mexicana como la de Francia<\/strong>, para cumplir con las expectativas de sus habitantes en materia de acceso a <strong>servicios de calidad<\/strong>, de <strong>movilidad<\/strong> y de <strong>ciudades menos contaminadas y seguras<\/strong>, a trav\u00e9s de innovaciones tecnol\u00f3gicas y atendiendo desaf\u00edos en materia ecol\u00f3gica, de urbanizaci\u00f3n y seguridad.<\/p>\n<p>\u201cEste trabajo conjunto con la Ciudad de M\u00e9xico se ve facilitado por los h\u00e1bitos de trabajo comunes que tenemos, la presencia in situ de nuestras empresas, as\u00ed como todo lo que construimos con los mexicanos, nuestros laboratorios, programas conjuntos de capacitaciones, por ejemplo. Y creo que puedo decirlo, gracias a una amistad, respeto y confianza mutua que nos permite trabajar, cooperar en una diversidad de temas que van desde la cultura, la formaci\u00f3n, el medio ambiente hasta la seguridad y la ciudad sostenible\u201d, dijo.<\/p>\n","protected":false},"excerpt":{"rendered":"<p>La Jefa de Gobierno de la Ciudad de M\u00e9xico, Claudia Sheinbaum, expuso ante inversionistas franceses proyectos ambientales y de movilidad<\/p>\n","protected":false},"author":73,"featured_media":97453,"comment_status":"open","ping_status":"closed","sticky":false,"template":"","format":"standard","meta":{"om_disable_all_campaigns":false,"inline_featured_image":false,"_monsterinsights_skip_tracking":false,"_monsterinsights_sitenote_active":false,"_monsterinsights_sitenote_note":"","_monsterinsights_sitenote_category":0,"footnotes":""},"categories":[82],"tags":[16494,11286,67,587,487],"class_list":["post-97449","post","type-post","status-publish","format-standard","has-post-thumbnail","hentry","category-urbanismo","tag-embajada-de-francia-en-mexico","tag-gobierno-cdmx","tag-inversion","tag-medio-ambiente","tag-movilidad"],"yoast_head":"<!-- This site is optimized with the Yoast SEO plugin v27.4 - https:\/\/yoast.com\/product\/yoast-seo-wordpress\/ -->\n<title>Busca GCDMX cooperaci\u00f3n francesa en proyectos capitalinos<\/title>\n<meta name=\"description\" content=\"La Jefa de Gobierno de la Ciudad de M\u00e9xico, Claudia Sheinbaum, expuso ante inversionistas franceses proyectos ambientales y de movilidad\" \/>\n<meta name=\"robots\" content=\"index, follow, max-snippet:-1, max-image-preview:large, max-video-preview:-1\" \/>\n<link rel=\"canonical\" href=\"https:\/\/centrourbano.com\/revista\/urbanismo\/gcdmx-cooperacion-francesa-proyectos\/\" \/>\n<meta property=\"og:locale\" content=\"es_ES\" \/>\n<meta property=\"og:type\" content=\"article\" \/>\n<meta property=\"og:title\" content=\"Busca GCDMX cooperaci\u00f3n francesa en proyectos capitalinos\" \/>\n<meta property=\"og:description\" content=\"La Jefa de Gobierno de la Ciudad de M\u00e9xico, Claudia Sheinbaum, expuso ante inversionistas franceses proyectos ambientales y de movilidad\" \/>\n<meta property=\"og:url\" content=\"https:\/\/centrourbano.com\/revista\/urbanismo\/gcdmx-cooperacion-francesa-proyectos\/\" \/>\n<meta property=\"og:site_name\" content=\"Centro Urbano\" \/>\n<meta property=\"article:publisher\" content=\"https:\/\/www.facebook.com\/portalcentrourbano\" \/>\n<meta property=\"article:published_time\" content=\"2019-10-17T14:21:12+00:00\" \/>\n<meta property=\"og:image\" content=\"https:\/\/centrourbano.com\/revista\/wp-content\/uploads\/GCDMX-busca-cooperaci\u00f3n-francesa-en-proyectos-capitalinos.jpg\" \/>\n\t<meta property=\"og:image:width\" content=\"700\" \/>\n\t<meta property=\"og:image:height\" content=\"436\" \/>\n\t<meta property=\"og:image:type\" content=\"image\/jpeg\" \/>\n<meta name=\"author\" content=\"Fernanda Hern\u00e1ndez\" \/>\n<meta name=\"twitter:card\" content=\"summary_large_image\" \/>\n<meta name=\"twitter:creator\" content=\"@https:\/\/twitter.com\/Nannz_Hernandez\" \/>\n<meta name=\"twitter:site\" content=\"@CentroUrbano\" \/>\n<meta name=\"twitter:label1\" content=\"Escrito por\" \/>\n\t<meta name=\"twitter:data1\" content=\"Fernanda Hern\u00e1ndez\" \/>\n\t<meta name=\"twitter:label2\" content=\"Tiempo de lectura\" \/>\n\t<meta name=\"twitter:data2\" content=\"2 minutos\" \/>\n<script type=\"application\/ld+json\" class=\"yoast-schema-graph\">{\"@context\":\"https:\\\/\\\/schema.org\",\"@graph\":[{\"@type\":\"Article\",\"@id\":\"https:\\\/\\\/centrourbano.com\\\/revista\\\/urbanismo\\\/gcdmx-cooperacion-francesa-proyectos\\\/#article\",\"isPartOf\":{\"@id\":\"https:\\\/\\\/centrourbano.com\\\/revista\\\/urbanismo\\\/gcdmx-cooperacion-francesa-proyectos\\\/\"},\"author\":{\"name\":\"Fernanda Hern\u00e1ndez\",\"@id\":\"https:\\\/\\\/centrourbano.com\\\/revista\\\/#\\\/schema\\\/person\\\/b190b20bbbceb41ec72278c546fa8df3\"},\"headline\":\"Busca GCDMX cooperaci\u00f3n francesa en proyectos capitalinos\",\"datePublished\":\"2019-10-17T14:21:12+00:00\",\"mainEntityOfPage\":{\"@id\":\"https:\\\/\\\/centrourbano.com\\\/revista\\\/urbanismo\\\/gcdmx-cooperacion-francesa-proyectos\\\/\"},\"wordCount\":501,\"commentCount\":0,\"publisher\":{\"@id\":\"https:\\\/\\\/centrourbano.com\\\/revista\\\/#organization\"},\"image\":{\"@id\":\"https:\\\/\\\/centrourbano.com\\\/revista\\\/urbanismo\\\/gcdmx-cooperacion-francesa-proyectos\\\/#primaryimage\"},\"thumbnailUrl\":\"https:\\\/\\\/centrourbano.com\\\/revista\\\/wp-content\\\/uploads\\\/GCDMX-busca-cooperaci\u00f3n-francesa-en-proyectos-capitalinos.jpg\",\"keywords\":[\"Embajada de Francia en M\u00e9xico\",\"Gobierno CDMX\",\"inversi\u00f3n\",\"Medio ambiente\",\"movilidad\"],\"articleSection\":[\"Urbanismo\"],\"inLanguage\":\"es\",\"potentialAction\":[{\"@type\":\"CommentAction\",\"name\":\"Comment\",\"target\":[\"https:\\\/\\\/centrourbano.com\\\/revista\\\/urbanismo\\\/gcdmx-cooperacion-francesa-proyectos\\\/#respond\"]}]},{\"@type\":\"WebPage\",\"@id\":\"https:\\\/\\\/centrourbano.com\\\/revista\\\/urbanismo\\\/gcdmx-cooperacion-francesa-proyectos\\\/\",\"url\":\"https:\\\/\\\/centrourbano.com\\\/revista\\\/urbanismo\\\/gcdmx-cooperacion-francesa-proyectos\\\/\",\"name\":\"Busca GCDMX cooperaci\u00f3n francesa en proyectos capitalinos\",\"isPartOf\":{\"@id\":\"https:\\\/\\\/centrourbano.com\\\/revista\\\/#website\"},\"primaryImageOfPage\":{\"@id\":\"https:\\\/\\\/centrourbano.com\\\/revista\\\/urbanismo\\\/gcdmx-cooperacion-francesa-proyectos\\\/#primaryimage\"},\"image\":{\"@id\":\"https:\\\/\\\/centrourbano.com\\\/revista\\\/urbanismo\\\/gcdmx-cooperacion-francesa-proyectos\\\/#primaryimage\"},\"thumbnailUrl\":\"https:\\\/\\\/centrourbano.com\\\/revista\\\/wp-content\\\/uploads\\\/GCDMX-busca-cooperaci\u00f3n-francesa-en-proyectos-capitalinos.jpg\",\"datePublished\":\"2019-10-17T14:21:12+00:00\",\"description\":\"La Jefa de Gobierno de la Ciudad de M\u00e9xico, Claudia Sheinbaum, expuso ante inversionistas franceses proyectos ambientales y de movilidad\",\"breadcrumb\":{\"@id\":\"https:\\\/\\\/centrourbano.com\\\/revista\\\/urbanismo\\\/gcdmx-cooperacion-francesa-proyectos\\\/#breadcrumb\"},\"inLanguage\":\"es\",\"potentialAction\":[{\"@type\":\"ReadAction\",\"target\":[\"https:\\\/\\\/centrourbano.com\\\/revista\\\/urbanismo\\\/gcdmx-cooperacion-francesa-proyectos\\\/\"]}]},{\"@type\":\"ImageObject\",\"inLanguage\":\"es\",\"@id\":\"https:\\\/\\\/centrourbano.com\\\/revista\\\/urbanismo\\\/gcdmx-cooperacion-francesa-proyectos\\\/#primaryimage\",\"url\":\"https:\\\/\\\/centrourbano.com\\\/revista\\\/wp-content\\\/uploads\\\/GCDMX-busca-cooperaci\u00f3n-francesa-en-proyectos-capitalinos.jpg\",\"contentUrl\":\"https:\\\/\\\/centrourbano.com\\\/revista\\\/wp-content\\\/uploads\\\/GCDMX-busca-cooperaci\u00f3n-francesa-en-proyectos-capitalinos.jpg\",\"width\":700,\"height\":436,\"caption\":\"La Jefa de Gobierno de la Ciudad de M\u00e9xico, Claudia Sheinbaum, expuso ante inversionistas franceses proyectos ambientales y de movilidad\"},{\"@type\":\"BreadcrumbList\",\"@id\":\"https:\\\/\\\/centrourbano.com\\\/revista\\\/urbanismo\\\/gcdmx-cooperacion-francesa-proyectos\\\/#breadcrumb\",\"itemListElement\":[{\"@type\":\"ListItem\",\"position\":1,\"name\":\"Portada\",\"item\":\"https:\\\/\\\/centrourbano.com\\\/revista\\\/\"},{\"@type\":\"ListItem\",\"position\":2,\"name\":\"Busca GCDMX cooperaci\u00f3n francesa en proyectos capitalinos\"}]},{\"@type\":\"WebSite\",\"@id\":\"https:\\\/\\\/centrourbano.com\\\/revista\\\/#website\",\"url\":\"https:\\\/\\\/centrourbano.com\\\/revista\\\/\",\"name\":\"Centro Urbano\",\"description\":\"Medio especializado en los sectores vivienda, inmobiliario, construcci\u00f3n, arquitectura y urbanismo.\",\"publisher\":{\"@id\":\"https:\\\/\\\/centrourbano.com\\\/revista\\\/#organization\"},\"potentialAction\":[{\"@type\":\"SearchAction\",\"target\":{\"@type\":\"EntryPoint\",\"urlTemplate\":\"https:\\\/\\\/centrourbano.com\\\/revista\\\/?s={search_term_string}\"},\"query-input\":{\"@type\":\"PropertyValueSpecification\",\"valueRequired\":true,\"valueName\":\"search_term_string\"}}],\"inLanguage\":\"es\"},{\"@type\":\"Organization\",\"@id\":\"https:\\\/\\\/centrourbano.com\\\/revista\\\/#organization\",\"name\":\"Centro Urbano\",\"url\":\"https:\\\/\\\/centrourbano.com\\\/revista\\\/\",\"logo\":{\"@type\":\"ImageObject\",\"inLanguage\":\"es\",\"@id\":\"https:\\\/\\\/centrourbano.com\\\/revista\\\/#\\\/schema\\\/logo\\\/image\\\/\",\"url\":\"https:\\\/\\\/centrourbano.com\\\/revista\\\/wp-content\\\/uploads\\\/web_CU_logo-1.png\",\"contentUrl\":\"https:\\\/\\\/centrourbano.com\\\/revista\\\/wp-content\\\/uploads\\\/web_CU_logo-1.png\",\"width\":350,\"height\":91,\"caption\":\"Centro Urbano\"},\"image\":{\"@id\":\"https:\\\/\\\/centrourbano.com\\\/revista\\\/#\\\/schema\\\/logo\\\/image\\\/\"},\"sameAs\":[\"https:\\\/\\\/www.facebook.com\\\/portalcentrourbano\",\"https:\\\/\\\/x.com\\\/CentroUrbano\",\"https:\\\/\\\/www.instagram.com\\\/centro_urbano\\\/\",\"https:\\\/\\\/www.linkedin.com\\\/company\\\/centro-urbano\\\/\",\"http:\\\/\\\/www.youtube.com\\\/user\\\/portalcentrourbano\"]},{\"@type\":\"Person\",\"@id\":\"https:\\\/\\\/centrourbano.com\\\/revista\\\/#\\\/schema\\\/person\\\/b190b20bbbceb41ec72278c546fa8df3\",\"name\":\"Fernanda Hern\u00e1ndez\",\"image\":{\"@type\":\"ImageObject\",\"inLanguage\":\"es\",\"@id\":\"https:\\\/\\\/secure.gravatar.com\\\/avatar\\\/9471831fb0a24eae9d32d826a7cb8ef07c34a41520aca1a0ab1f5c0903ba49b9?s=96&d=mm&r=g\",\"url\":\"https:\\\/\\\/secure.gravatar.com\\\/avatar\\\/9471831fb0a24eae9d32d826a7cb8ef07c34a41520aca1a0ab1f5c0903ba49b9?s=96&d=mm&r=g\",\"contentUrl\":\"https:\\\/\\\/secure.gravatar.com\\\/avatar\\\/9471831fb0a24eae9d32d826a7cb8ef07c34a41520aca1a0ab1f5c0903ba49b9?s=96&d=mm&r=g\",\"caption\":\"Fernanda Hern\u00e1ndez\"},\"description\":\"Reportera y redactora en Centro Urbano. Soy egresada de la licenciatura en Ciencias de la Comunicaci\u00f3n de la Facultad de Ciencias Pol\u00edticas y Sociales (UNAM). Me interesa la cultura, el urbanismo y la arquitectura. Amante del mundo digital, el cine, la m\u00fasica, la lectura y la escritura.\",\"sameAs\":[\"https:\\\/\\\/x.com\\\/https:\\\/\\\/twitter.com\\\/Nannz_Hernandez\"],\"url\":\"https:\\\/\\\/centrourbano.com\\\/revista\\\/author\\\/fernanda-hernandez\\\/\"}]}<\/script>\n<!-- \/ Yoast SEO plugin. -->","yoast_head_json":{"title":"Busca GCDMX cooperaci\u00f3n francesa en proyectos capitalinos","description":"La Jefa de Gobierno de la Ciudad de M\u00e9xico, Claudia Sheinbaum, expuso ante inversionistas franceses proyectos ambientales y de movilidad","robots":{"index":"index","follow":"follow","max-snippet":"max-snippet:-1","max-image-preview":"max-image-preview:large","max-video-preview":"max-video-preview:-1"},"canonical":"https:\/\/centrourbano.com\/revista\/urbanismo\/gcdmx-cooperacion-francesa-proyectos\/","og_locale":"es_ES","og_type":"article","og_title":"Busca GCDMX cooperaci\u00f3n francesa en proyectos capitalinos","og_description":"La Jefa de Gobierno de la Ciudad de M\u00e9xico, Claudia Sheinbaum, expuso ante inversionistas franceses proyectos ambientales y de movilidad","og_url":"https:\/\/centrourbano.com\/revista\/urbanismo\/gcdmx-cooperacion-francesa-proyectos\/","og_site_name":"Centro Urbano","article_publisher":"https:\/\/www.facebook.com\/portalcentrourbano","article_published_time":"2019-10-17T14:21:12+00:00","og_image":[{"width":700,"height":436,"url":"https:\/\/centrourbano.com\/revista\/wp-content\/uploads\/GCDMX-busca-cooperaci\u00f3n-francesa-en-proyectos-capitalinos.jpg","type":"image\/jpeg"}],"author":"Fernanda Hern\u00e1ndez","twitter_card":"summary_large_image","twitter_creator":"@https:\/\/twitter.com\/Nannz_Hernandez","twitter_site":"@CentroUrbano","twitter_misc":{"Escrito por":"Fernanda Hern\u00e1ndez","Tiempo de lectura":"2 minutos"},"schema":{"@context":"https:\/\/schema.org","@graph":[{"@type":"Article","@id":"https:\/\/centrourbano.com\/revista\/urbanismo\/gcdmx-cooperacion-francesa-proyectos\/#article","isPartOf":{"@id":"https:\/\/centrourbano.com\/revista\/urbanismo\/gcdmx-cooperacion-francesa-proyectos\/"},"author":{"name":"Fernanda Hern\u00e1ndez","@id":"https:\/\/centrourbano.com\/revista\/#\/schema\/person\/b190b20bbbceb41ec72278c546fa8df3"},"headline":"Busca GCDMX cooperaci\u00f3n francesa en proyectos capitalinos","datePublished":"2019-10-17T14:21:12+00:00","mainEntityOfPage":{"@id":"https:\/\/centrourbano.com\/revista\/urbanismo\/gcdmx-cooperacion-francesa-proyectos\/"},"wordCount":501,"commentCount":0,"publisher":{"@id":"https:\/\/centrourbano.com\/revista\/#organization"},"image":{"@id":"https:\/\/centrourbano.com\/revista\/urbanismo\/gcdmx-cooperacion-francesa-proyectos\/#primaryimage"},"thumbnailUrl":"https:\/\/centrourbano.com\/revista\/wp-content\/uploads\/GCDMX-busca-cooperaci\u00f3n-francesa-en-proyectos-capitalinos.jpg","keywords":["Embajada de Francia en M\u00e9xico","Gobierno CDMX","inversi\u00f3n","Medio ambiente","movilidad"],"articleSection":["Urbanismo"],"inLanguage":"es","potentialAction":[{"@type":"CommentAction","name":"Comment","target":["https:\/\/centrourbano.com\/revista\/urbanismo\/gcdmx-cooperacion-francesa-proyectos\/#respond"]}]},{"@type":"WebPage","@id":"https:\/\/centrourbano.com\/revista\/urbanismo\/gcdmx-cooperacion-francesa-proyectos\/","url":"https:\/\/centrourbano.com\/revista\/urbanismo\/gcdmx-cooperacion-francesa-proyectos\/","name":"Busca GCDMX cooperaci\u00f3n francesa en proyectos capitalinos","isPartOf":{"@id":"https:\/\/centrourbano.com\/revista\/#website"},"primaryImageOfPage":{"@id":"https:\/\/centrourbano.com\/revista\/urbanismo\/gcdmx-cooperacion-francesa-proyectos\/#primaryimage"},"image":{"@id":"https:\/\/centrourbano.com\/revista\/urbanismo\/gcdmx-cooperacion-francesa-proyectos\/#primaryimage"},"thumbnailUrl":"https:\/\/centrourbano.com\/revista\/wp-content\/uploads\/GCDMX-busca-cooperaci\u00f3n-francesa-en-proyectos-capitalinos.jpg","datePublished":"2019-10-17T14:21:12+00:00","description":"La Jefa de Gobierno de la Ciudad de M\u00e9xico, Claudia Sheinbaum, expuso ante inversionistas franceses proyectos ambientales y de movilidad","breadcrumb":{"@id":"https:\/\/centrourbano.com\/revista\/urbanismo\/gcdmx-cooperacion-francesa-proyectos\/#breadcrumb"},"inLanguage":"es","potentialAction":[{"@type":"ReadAction","target":["https:\/\/centrourbano.com\/revista\/urbanismo\/gcdmx-cooperacion-francesa-proyectos\/"]}]},{"@type":"ImageObject","inLanguage":"es","@id":"https:\/\/centrourbano.com\/revista\/urbanismo\/gcdmx-cooperacion-francesa-proyectos\/#primaryimage","url":"https:\/\/centrourbano.com\/revista\/wp-content\/uploads\/GCDMX-busca-cooperaci\u00f3n-francesa-en-proyectos-capitalinos.jpg","contentUrl":"https:\/\/centrourbano.com\/revista\/wp-content\/uploads\/GCDMX-busca-cooperaci\u00f3n-francesa-en-proyectos-capitalinos.jpg","width":700,"height":436,"caption":"La Jefa de Gobierno de la Ciudad de M\u00e9xico, Claudia Sheinbaum, expuso ante inversionistas franceses proyectos ambientales y de movilidad"},{"@type":"BreadcrumbList","@id":"https:\/\/centrourbano.com\/revista\/urbanismo\/gcdmx-cooperacion-francesa-proyectos\/#breadcrumb","itemListElement":[{"@type":"ListItem","position":1,"name":"Portada","item":"https:\/\/centrourbano.com\/revista\/"},{"@type":"ListItem","position":2,"name":"Busca GCDMX cooperaci\u00f3n francesa en proyectos capitalinos"}]},{"@type":"WebSite","@id":"https:\/\/centrourbano.com\/revista\/#website","url":"https:\/\/centrourbano.com\/revista\/","name":"Centro Urbano","description":"Medio especializado en los sectores vivienda, inmobiliario, construcci\u00f3n, arquitectura y urbanismo.","publisher":{"@id":"https:\/\/centrourbano.com\/revista\/#organization"},"potentialAction":[{"@type":"SearchAction","target":{"@type":"EntryPoint","urlTemplate":"https:\/\/centrourbano.com\/revista\/?s={search_term_string}"},"query-input":{"@type":"PropertyValueSpecification","valueRequired":true,"valueName":"search_term_string"}}],"inLanguage":"es"},{"@type":"Organization","@id":"https:\/\/centrourbano.com\/revista\/#organization","name":"Centro Urbano","url":"https:\/\/centrourbano.com\/revista\/","logo":{"@type":"ImageObject","inLanguage":"es","@id":"https:\/\/centrourbano.com\/revista\/#\/schema\/logo\/image\/","url":"https:\/\/centrourbano.com\/revista\/wp-content\/uploads\/web_CU_logo-1.png","contentUrl":"https:\/\/centrourbano.com\/revista\/wp-content\/uploads\/web_CU_logo-1.png","width":350,"height":91,"caption":"Centro Urbano"},"image":{"@id":"https:\/\/centrourbano.com\/revista\/#\/schema\/logo\/image\/"},"sameAs":["https:\/\/www.facebook.com\/portalcentrourbano","https:\/\/x.com\/CentroUrbano","https:\/\/www.instagram.com\/centro_urbano\/","https:\/\/www.linkedin.com\/company\/centro-urbano\/","http:\/\/www.youtube.com\/user\/portalcentrourbano"]},{"@type":"Person","@id":"https:\/\/centrourbano.com\/revista\/#\/schema\/person\/b190b20bbbceb41ec72278c546fa8df3","name":"Fernanda Hern\u00e1ndez","image":{"@type":"ImageObject","inLanguage":"es","@id":"https:\/\/secure.gravatar.com\/avatar\/9471831fb0a24eae9d32d826a7cb8ef07c34a41520aca1a0ab1f5c0903ba49b9?s=96&d=mm&r=g","url":"https:\/\/secure.gravatar.com\/avatar\/9471831fb0a24eae9d32d826a7cb8ef07c34a41520aca1a0ab1f5c0903ba49b9?s=96&d=mm&r=g","contentUrl":"https:\/\/secure.gravatar.com\/avatar\/9471831fb0a24eae9d32d826a7cb8ef07c34a41520aca1a0ab1f5c0903ba49b9?s=96&d=mm&r=g","caption":"Fernanda Hern\u00e1ndez"},"description":"Reportera y redactora en Centro Urbano. Soy egresada de la licenciatura en Ciencias de la Comunicaci\u00f3n de la Facultad de Ciencias Pol\u00edticas y Sociales (UNAM). Me interesa la cultura, el urbanismo y la arquitectura. Amante del mundo digital, el cine, la m\u00fasica, la lectura y la escritura.","sameAs":["https:\/\/x.com\/https:\/\/twitter.com\/Nannz_Hernandez"],"url":"https:\/\/centrourbano.com\/revista\/author\/fernanda-hernandez\/"}]}},"_links":{"self":[{"href":"https:\/\/centrourbano.com\/revista\/wp-json\/wp\/v2\/posts\/97449","targetHints":{"allow":["GET"]}}],"collection":[{"href":"https:\/\/centrourbano.com\/revista\/wp-json\/wp\/v2\/posts"}],"about":[{"href":"https:\/\/centrourbano.com\/revista\/wp-json\/wp\/v2\/types\/post"}],"author":[{"embeddable":true,"href":"https:\/\/centrourbano.com\/revista\/wp-json\/wp\/v2\/users\/73"}],"replies":[{"embeddable":true,"href":"https:\/\/centrourbano.com\/revista\/wp-json\/wp\/v2\/comments?post=97449"}],"version-history":[{"count":1,"href":"https:\/\/centrourbano.com\/revista\/wp-json\/wp\/v2\/posts\/97449\/revisions"}],"predecessor-version":[{"id":97456,"href":"https:\/\/centrourbano.com\/revista\/wp-json\/wp\/v2\/posts\/97449\/revisions\/97456"}],"wp:featuredmedia":[{"embeddable":true,"href":"https:\/\/centrourbano.com\/revista\/wp-json\/wp\/v2\/media\/97453"}],"wp:attachment":[{"href":"https:\/\/centrourbano.com\/revista\/wp-json\/wp\/v2\/media?parent=97449"}],"wp:term":[{"taxonomy":"category","embeddable":true,"href":"https:\/\/centrourbano.com\/revista\/wp-json\/wp\/v2\/categories?post=97449"},{"taxonomy":"post_tag","embeddable":true,"href":"https:\/\/centrourbano.com\/revista\/wp-json\/wp\/v2\/tags?post=97449"}],"curies":[{"name":"wp","href":"https:\/\/api.w.org\/{rel}","templated":true}]}}