{"id":97440,"date":"2019-10-16T15:21:01","date_gmt":"2019-10-16T20:21:01","guid":{"rendered":"https:\/\/centrourbano.com\/?p=97440"},"modified":"2019-10-16T15:21:01","modified_gmt":"2019-10-16T20:21:01","slug":"arquitectura-estacion-tren-maya","status":"publish","type":"post","link":"https:\/\/centrourbano.com\/revista\/arquitectura-2\/arquitectura-estacion-tren-maya\/","title":{"rendered":"Firmas compiten por arquitectura de estaci\u00f3n de Tren Maya en Tabasco"},"content":{"rendered":"<p><em>El fallo de la adjudicaci\u00f3n de la arquitectura de la estaci\u00f3n<\/em> <em>del Tren Maya en Tenosique, Tabasco, se realizar\u00e1 el pr\u00f3ximo 18 de octubre a las 17:00 horas<\/em><!--more--><\/p>\n<p>El pasado 4 de octubre, el <strong>Fondo Nacional de Fomento al Turismo (Fonatur)<\/strong> envi\u00f3 una invitaci\u00f3n restringida a cuatro firmas para participar por la adjudicaci\u00f3n de la realizaci\u00f3n de la <strong>arquitectura de la estaci\u00f3n del Tren Maya<\/strong> que se ubicar\u00e1 en <strong>Tenosique, Tabasco.<\/strong><\/p>\n<p>Cabe mencionar que todos los procesos para adjudicar los contratos de los proyectos arquitect\u00f3nicos han sido por <strong>invitaci\u00f3n restringida<\/strong> a cuando menos tres empresas, medida criticada por organizaciones de competitividad y transparencia por no ser abierta a cualquier participante.<\/p>\n<p>Para la estaci\u00f3n de <strong>Tenosique<\/strong> compiten las empresas <strong>AZ Dise\u00f1o Integral<\/strong>, que plante\u00f3 la oferta econ\u00f3mica m\u00e1s baja, con 1 mill\u00f3n 779,353.40 pesos; <strong>Cerna Edificaci\u00f3n y Asesor\u00eda<\/strong> con una propuesta por 1 mill\u00f3n 807,454.61 pesos; <strong>Croesa Construcciones y Servicios<\/strong> con 1 mill\u00f3n 799,249.96 pesos; y <strong>Merodio Construcciones<\/strong>, que hizo la oferta m\u00e1s alta con 1 mill\u00f3n 844,855.79 pesos.<\/p>\n<p>El <strong>Fonatur<\/strong>, organismo encargado del proyecto del <strong>Tren Maya,<\/strong> inform\u00f3 que el<strong> fallo de la adjudicaci\u00f3n<\/strong> del anteproyecto arquitect\u00f3nico de la estaci\u00f3n Tenosique <strong>se realizar\u00e1 el pr\u00f3ximo viernes 18 de octubre a las 17: horas<\/strong>, y los servicios tendr\u00e1n un plazo de ejecuci\u00f3n de 70 d\u00edas naturales, con inicio el 23 de octubre y terminaci\u00f3n el 31 de diciembre de 2019.<\/p>\n<p>En d\u00edas recientes se anunci\u00f3 que la firma <strong>DAFDF Arquitectura y Urbanismo<\/strong> se adjudic\u00f3 el contrato para realizar la arquitectura de la e<strong>staci\u00f3n y plaza central del Tren Maya en Palenque, Chiapas<\/strong>. La empresa <strong>Ecolog\u00eda y Acci\u00f3n Urbana<\/strong> se adjudic\u00f3 el plan maestro del polo de desarrollo del proyecto ferroviario en dicha estaci\u00f3n.<\/p>\n<p>De igual manera, el pasado 11 de octubre se enviaron invitaciones restringidas para el <strong>Proyecto Conceptual de Regeneraci\u00f3n Urbana para el Polo de Desarrollo del Tren Maya<\/strong> en el Municipio de <strong>Esc\u00e1rcega, Campeche<\/strong>, cuya presentaci\u00f3n y apertura de propuestas est\u00e1 calendarizada para el 21 de octubre a las 10:00 horas y el fallo, el 25 de octubre a las 17:00 horas.<\/p>\n","protected":false},"excerpt":{"rendered":"<p>El fallo de la adjudicaci\u00f3n de la arquitectura de la estaci\u00f3n del Tren Maya en Tenosique, Tabasco, se realizar\u00e1 el pr\u00f3ximo 18 de octubre a las 17:00 horas<\/p>\n","protected":false},"author":73,"featured_media":97445,"comment_status":"open","ping_status":"closed","sticky":false,"template":"","format":"standard","meta":{"om_disable_all_campaigns":false,"inline_featured_image":false,"_monsterinsights_skip_tracking":false,"_monsterinsights_sitenote_active":false,"_monsterinsights_sitenote_note":"","_monsterinsights_sitenote_category":0,"footnotes":""},"categories":[81],"tags":[16492,20,994,762,14281],"class_list":["post-97440","post","type-post","status-publish","format-standard","has-post-thumbnail","hentry","category-arquitectura-2","tag-adjudicacion","tag-arquitectura","tag-fonatur","tag-tabasco","tag-tren-maya"],"yoast_head":"<!-- This site is optimized with the Yoast SEO plugin v27.4 - https:\/\/yoast.com\/product\/yoast-seo-wordpress\/ -->\n<title>Firmas compiten por arquitectura de estaci\u00f3n de Tren Maya en Tabasco<\/title>\n<meta name=\"description\" content=\"El fallo de la adjudicaci\u00f3n de la arquitectura de la estaci\u00f3n del Tren Maya en Tenosique, Tabasco, se realizar\u00e1 el pr\u00f3ximo 18 de octubre a las 17:00 horas\" \/>\n<meta name=\"robots\" content=\"index, follow, max-snippet:-1, max-image-preview:large, max-video-preview:-1\" \/>\n<link rel=\"canonical\" href=\"https:\/\/centrourbano.com\/revista\/arquitectura-2\/arquitectura-estacion-tren-maya\/\" \/>\n<meta property=\"og:locale\" content=\"es_ES\" \/>\n<meta property=\"og:type\" content=\"article\" \/>\n<meta property=\"og:title\" content=\"Firmas compiten por arquitectura de estaci\u00f3n de Tren Maya en Tabasco\" \/>\n<meta property=\"og:description\" content=\"El fallo de la adjudicaci\u00f3n de la arquitectura de la estaci\u00f3n del Tren Maya en Tenosique, Tabasco, se realizar\u00e1 el pr\u00f3ximo 18 de octubre a las 17:00 horas\" \/>\n<meta property=\"og:url\" content=\"https:\/\/centrourbano.com\/revista\/arquitectura-2\/arquitectura-estacion-tren-maya\/\" \/>\n<meta property=\"og:site_name\" content=\"Centro Urbano\" \/>\n<meta property=\"article:publisher\" content=\"https:\/\/www.facebook.com\/portalcentrourbano\" \/>\n<meta property=\"article:published_time\" content=\"2019-10-16T20:21:01+00:00\" \/>\n<meta property=\"og:image\" content=\"https:\/\/centrourbano.com\/revista\/wp-content\/uploads\/Firmas-compiten-por-arquitectura-de-estaci\u00f3n-de-Tren-Maya-en-Tabasco.jpg\" \/>\n\t<meta property=\"og:image:width\" content=\"702\" \/>\n\t<meta property=\"og:image:height\" content=\"440\" \/>\n\t<meta property=\"og:image:type\" content=\"image\/jpeg\" \/>\n<meta name=\"author\" content=\"Fernanda Hern\u00e1ndez\" \/>\n<meta name=\"twitter:card\" content=\"summary_large_image\" \/>\n<meta name=\"twitter:creator\" content=\"@https:\/\/twitter.com\/Nannz_Hernandez\" \/>\n<meta name=\"twitter:site\" content=\"@CentroUrbano\" \/>\n<meta name=\"twitter:label1\" content=\"Escrito por\" \/>\n\t<meta name=\"twitter:data1\" content=\"Fernanda Hern\u00e1ndez\" \/>\n\t<meta name=\"twitter:label2\" content=\"Tiempo de lectura\" \/>\n\t<meta name=\"twitter:data2\" content=\"2 minutos\" \/>\n<script type=\"application\/ld+json\" class=\"yoast-schema-graph\">{\"@context\":\"https:\\\/\\\/schema.org\",\"@graph\":[{\"@type\":\"Article\",\"@id\":\"https:\\\/\\\/centrourbano.com\\\/revista\\\/arquitectura-2\\\/arquitectura-estacion-tren-maya\\\/#article\",\"isPartOf\":{\"@id\":\"https:\\\/\\\/centrourbano.com\\\/revista\\\/arquitectura-2\\\/arquitectura-estacion-tren-maya\\\/\"},\"author\":{\"name\":\"Fernanda Hern\u00e1ndez\",\"@id\":\"https:\\\/\\\/centrourbano.com\\\/revista\\\/#\\\/schema\\\/person\\\/b190b20bbbceb41ec72278c546fa8df3\"},\"headline\":\"Firmas compiten por arquitectura de estaci\u00f3n de Tren Maya en Tabasco\",\"datePublished\":\"2019-10-16T20:21:01+00:00\",\"mainEntityOfPage\":{\"@id\":\"https:\\\/\\\/centrourbano.com\\\/revista\\\/arquitectura-2\\\/arquitectura-estacion-tren-maya\\\/\"},\"wordCount\":369,\"commentCount\":0,\"publisher\":{\"@id\":\"https:\\\/\\\/centrourbano.com\\\/revista\\\/#organization\"},\"image\":{\"@id\":\"https:\\\/\\\/centrourbano.com\\\/revista\\\/arquitectura-2\\\/arquitectura-estacion-tren-maya\\\/#primaryimage\"},\"thumbnailUrl\":\"https:\\\/\\\/centrourbano.com\\\/revista\\\/wp-content\\\/uploads\\\/Firmas-compiten-por-arquitectura-de-estaci\u00f3n-de-Tren-Maya-en-Tabasco.jpg\",\"keywords\":[\"Adjudicaci\u00f3n\",\"arquitectura\",\"Fonatur\",\"Tabasco\",\"Tren Maya\"],\"articleSection\":[\"Arquitectura\"],\"inLanguage\":\"es\",\"potentialAction\":[{\"@type\":\"CommentAction\",\"name\":\"Comment\",\"target\":[\"https:\\\/\\\/centrourbano.com\\\/revista\\\/arquitectura-2\\\/arquitectura-estacion-tren-maya\\\/#respond\"]}]},{\"@type\":\"WebPage\",\"@id\":\"https:\\\/\\\/centrourbano.com\\\/revista\\\/arquitectura-2\\\/arquitectura-estacion-tren-maya\\\/\",\"url\":\"https:\\\/\\\/centrourbano.com\\\/revista\\\/arquitectura-2\\\/arquitectura-estacion-tren-maya\\\/\",\"name\":\"Firmas compiten por arquitectura de estaci\u00f3n de Tren Maya en Tabasco\",\"isPartOf\":{\"@id\":\"https:\\\/\\\/centrourbano.com\\\/revista\\\/#website\"},\"primaryImageOfPage\":{\"@id\":\"https:\\\/\\\/centrourbano.com\\\/revista\\\/arquitectura-2\\\/arquitectura-estacion-tren-maya\\\/#primaryimage\"},\"image\":{\"@id\":\"https:\\\/\\\/centrourbano.com\\\/revista\\\/arquitectura-2\\\/arquitectura-estacion-tren-maya\\\/#primaryimage\"},\"thumbnailUrl\":\"https:\\\/\\\/centrourbano.com\\\/revista\\\/wp-content\\\/uploads\\\/Firmas-compiten-por-arquitectura-de-estaci\u00f3n-de-Tren-Maya-en-Tabasco.jpg\",\"datePublished\":\"2019-10-16T20:21:01+00:00\",\"description\":\"El fallo de la adjudicaci\u00f3n de la arquitectura de la estaci\u00f3n del Tren Maya en Tenosique, Tabasco, se realizar\u00e1 el pr\u00f3ximo 18 de octubre a las 17:00 horas\",\"breadcrumb\":{\"@id\":\"https:\\\/\\\/centrourbano.com\\\/revista\\\/arquitectura-2\\\/arquitectura-estacion-tren-maya\\\/#breadcrumb\"},\"inLanguage\":\"es\",\"potentialAction\":[{\"@type\":\"ReadAction\",\"target\":[\"https:\\\/\\\/centrourbano.com\\\/revista\\\/arquitectura-2\\\/arquitectura-estacion-tren-maya\\\/\"]}]},{\"@type\":\"ImageObject\",\"inLanguage\":\"es\",\"@id\":\"https:\\\/\\\/centrourbano.com\\\/revista\\\/arquitectura-2\\\/arquitectura-estacion-tren-maya\\\/#primaryimage\",\"url\":\"https:\\\/\\\/centrourbano.com\\\/revista\\\/wp-content\\\/uploads\\\/Firmas-compiten-por-arquitectura-de-estaci\u00f3n-de-Tren-Maya-en-Tabasco.jpg\",\"contentUrl\":\"https:\\\/\\\/centrourbano.com\\\/revista\\\/wp-content\\\/uploads\\\/Firmas-compiten-por-arquitectura-de-estaci\u00f3n-de-Tren-Maya-en-Tabasco.jpg\",\"width\":702,\"height\":440,\"caption\":\"El fallo de la adjudicaci\u00f3n de la arquitectura de la estaci\u00f3n del Tren Maya en Tenosique, Tabasco, se realizar\u00e1 el pr\u00f3ximo 18 de octubre a las 17:00 horas\"},{\"@type\":\"BreadcrumbList\",\"@id\":\"https:\\\/\\\/centrourbano.com\\\/revista\\\/arquitectura-2\\\/arquitectura-estacion-tren-maya\\\/#breadcrumb\",\"itemListElement\":[{\"@type\":\"ListItem\",\"position\":1,\"name\":\"Portada\",\"item\":\"https:\\\/\\\/centrourbano.com\\\/revista\\\/\"},{\"@type\":\"ListItem\",\"position\":2,\"name\":\"Firmas compiten por arquitectura de estaci\u00f3n de Tren Maya en Tabasco\"}]},{\"@type\":\"WebSite\",\"@id\":\"https:\\\/\\\/centrourbano.com\\\/revista\\\/#website\",\"url\":\"https:\\\/\\\/centrourbano.com\\\/revista\\\/\",\"name\":\"Centro Urbano\",\"description\":\"Medio especializado en los sectores vivienda, inmobiliario, construcci\u00f3n, arquitectura y urbanismo.\",\"publisher\":{\"@id\":\"https:\\\/\\\/centrourbano.com\\\/revista\\\/#organization\"},\"potentialAction\":[{\"@type\":\"SearchAction\",\"target\":{\"@type\":\"EntryPoint\",\"urlTemplate\":\"https:\\\/\\\/centrourbano.com\\\/revista\\\/?s={search_term_string}\"},\"query-input\":{\"@type\":\"PropertyValueSpecification\",\"valueRequired\":true,\"valueName\":\"search_term_string\"}}],\"inLanguage\":\"es\"},{\"@type\":\"Organization\",\"@id\":\"https:\\\/\\\/centrourbano.com\\\/revista\\\/#organization\",\"name\":\"Centro Urbano\",\"url\":\"https:\\\/\\\/centrourbano.com\\\/revista\\\/\",\"logo\":{\"@type\":\"ImageObject\",\"inLanguage\":\"es\",\"@id\":\"https:\\\/\\\/centrourbano.com\\\/revista\\\/#\\\/schema\\\/logo\\\/image\\\/\",\"url\":\"https:\\\/\\\/centrourbano.com\\\/revista\\\/wp-content\\\/uploads\\\/web_CU_logo-1.png\",\"contentUrl\":\"https:\\\/\\\/centrourbano.com\\\/revista\\\/wp-content\\\/uploads\\\/web_CU_logo-1.png\",\"width\":350,\"height\":91,\"caption\":\"Centro Urbano\"},\"image\":{\"@id\":\"https:\\\/\\\/centrourbano.com\\\/revista\\\/#\\\/schema\\\/logo\\\/image\\\/\"},\"sameAs\":[\"https:\\\/\\\/www.facebook.com\\\/portalcentrourbano\",\"https:\\\/\\\/x.com\\\/CentroUrbano\",\"https:\\\/\\\/www.instagram.com\\\/centro_urbano\\\/\",\"https:\\\/\\\/www.linkedin.com\\\/company\\\/centro-urbano\\\/\",\"http:\\\/\\\/www.youtube.com\\\/user\\\/portalcentrourbano\"]},{\"@type\":\"Person\",\"@id\":\"https:\\\/\\\/centrourbano.com\\\/revista\\\/#\\\/schema\\\/person\\\/b190b20bbbceb41ec72278c546fa8df3\",\"name\":\"Fernanda Hern\u00e1ndez\",\"image\":{\"@type\":\"ImageObject\",\"inLanguage\":\"es\",\"@id\":\"https:\\\/\\\/secure.gravatar.com\\\/avatar\\\/9471831fb0a24eae9d32d826a7cb8ef07c34a41520aca1a0ab1f5c0903ba49b9?s=96&d=mm&r=g\",\"url\":\"https:\\\/\\\/secure.gravatar.com\\\/avatar\\\/9471831fb0a24eae9d32d826a7cb8ef07c34a41520aca1a0ab1f5c0903ba49b9?s=96&d=mm&r=g\",\"contentUrl\":\"https:\\\/\\\/secure.gravatar.com\\\/avatar\\\/9471831fb0a24eae9d32d826a7cb8ef07c34a41520aca1a0ab1f5c0903ba49b9?s=96&d=mm&r=g\",\"caption\":\"Fernanda Hern\u00e1ndez\"},\"description\":\"Reportera y redactora en Centro Urbano. Soy egresada de la licenciatura en Ciencias de la Comunicaci\u00f3n de la Facultad de Ciencias Pol\u00edticas y Sociales (UNAM). Me interesa la cultura, el urbanismo y la arquitectura. Amante del mundo digital, el cine, la m\u00fasica, la lectura y la escritura.\",\"sameAs\":[\"https:\\\/\\\/x.com\\\/https:\\\/\\\/twitter.com\\\/Nannz_Hernandez\"],\"url\":\"https:\\\/\\\/centrourbano.com\\\/revista\\\/author\\\/fernanda-hernandez\\\/\"}]}<\/script>\n<!-- \/ Yoast SEO plugin. -->","yoast_head_json":{"title":"Firmas compiten por arquitectura de estaci\u00f3n de Tren Maya en Tabasco","description":"El fallo de la adjudicaci\u00f3n de la arquitectura de la estaci\u00f3n del Tren Maya en Tenosique, Tabasco, se realizar\u00e1 el pr\u00f3ximo 18 de octubre a las 17:00 horas","robots":{"index":"index","follow":"follow","max-snippet":"max-snippet:-1","max-image-preview":"max-image-preview:large","max-video-preview":"max-video-preview:-1"},"canonical":"https:\/\/centrourbano.com\/revista\/arquitectura-2\/arquitectura-estacion-tren-maya\/","og_locale":"es_ES","og_type":"article","og_title":"Firmas compiten por arquitectura de estaci\u00f3n de Tren Maya en Tabasco","og_description":"El fallo de la adjudicaci\u00f3n de la arquitectura de la estaci\u00f3n del Tren Maya en Tenosique, Tabasco, se realizar\u00e1 el pr\u00f3ximo 18 de octubre a las 17:00 horas","og_url":"https:\/\/centrourbano.com\/revista\/arquitectura-2\/arquitectura-estacion-tren-maya\/","og_site_name":"Centro Urbano","article_publisher":"https:\/\/www.facebook.com\/portalcentrourbano","article_published_time":"2019-10-16T20:21:01+00:00","og_image":[{"width":702,"height":440,"url":"https:\/\/centrourbano.com\/revista\/wp-content\/uploads\/Firmas-compiten-por-arquitectura-de-estaci\u00f3n-de-Tren-Maya-en-Tabasco.jpg","type":"image\/jpeg"}],"author":"Fernanda Hern\u00e1ndez","twitter_card":"summary_large_image","twitter_creator":"@https:\/\/twitter.com\/Nannz_Hernandez","twitter_site":"@CentroUrbano","twitter_misc":{"Escrito por":"Fernanda Hern\u00e1ndez","Tiempo de lectura":"2 minutos"},"schema":{"@context":"https:\/\/schema.org","@graph":[{"@type":"Article","@id":"https:\/\/centrourbano.com\/revista\/arquitectura-2\/arquitectura-estacion-tren-maya\/#article","isPartOf":{"@id":"https:\/\/centrourbano.com\/revista\/arquitectura-2\/arquitectura-estacion-tren-maya\/"},"author":{"name":"Fernanda Hern\u00e1ndez","@id":"https:\/\/centrourbano.com\/revista\/#\/schema\/person\/b190b20bbbceb41ec72278c546fa8df3"},"headline":"Firmas compiten por arquitectura de estaci\u00f3n de Tren Maya en Tabasco","datePublished":"2019-10-16T20:21:01+00:00","mainEntityOfPage":{"@id":"https:\/\/centrourbano.com\/revista\/arquitectura-2\/arquitectura-estacion-tren-maya\/"},"wordCount":369,"commentCount":0,"publisher":{"@id":"https:\/\/centrourbano.com\/revista\/#organization"},"image":{"@id":"https:\/\/centrourbano.com\/revista\/arquitectura-2\/arquitectura-estacion-tren-maya\/#primaryimage"},"thumbnailUrl":"https:\/\/centrourbano.com\/revista\/wp-content\/uploads\/Firmas-compiten-por-arquitectura-de-estaci\u00f3n-de-Tren-Maya-en-Tabasco.jpg","keywords":["Adjudicaci\u00f3n","arquitectura","Fonatur","Tabasco","Tren Maya"],"articleSection":["Arquitectura"],"inLanguage":"es","potentialAction":[{"@type":"CommentAction","name":"Comment","target":["https:\/\/centrourbano.com\/revista\/arquitectura-2\/arquitectura-estacion-tren-maya\/#respond"]}]},{"@type":"WebPage","@id":"https:\/\/centrourbano.com\/revista\/arquitectura-2\/arquitectura-estacion-tren-maya\/","url":"https:\/\/centrourbano.com\/revista\/arquitectura-2\/arquitectura-estacion-tren-maya\/","name":"Firmas compiten por arquitectura de estaci\u00f3n de Tren Maya en Tabasco","isPartOf":{"@id":"https:\/\/centrourbano.com\/revista\/#website"},"primaryImageOfPage":{"@id":"https:\/\/centrourbano.com\/revista\/arquitectura-2\/arquitectura-estacion-tren-maya\/#primaryimage"},"image":{"@id":"https:\/\/centrourbano.com\/revista\/arquitectura-2\/arquitectura-estacion-tren-maya\/#primaryimage"},"thumbnailUrl":"https:\/\/centrourbano.com\/revista\/wp-content\/uploads\/Firmas-compiten-por-arquitectura-de-estaci\u00f3n-de-Tren-Maya-en-Tabasco.jpg","datePublished":"2019-10-16T20:21:01+00:00","description":"El fallo de la adjudicaci\u00f3n de la arquitectura de la estaci\u00f3n del Tren Maya en Tenosique, Tabasco, se realizar\u00e1 el pr\u00f3ximo 18 de octubre a las 17:00 horas","breadcrumb":{"@id":"https:\/\/centrourbano.com\/revista\/arquitectura-2\/arquitectura-estacion-tren-maya\/#breadcrumb"},"inLanguage":"es","potentialAction":[{"@type":"ReadAction","target":["https:\/\/centrourbano.com\/revista\/arquitectura-2\/arquitectura-estacion-tren-maya\/"]}]},{"@type":"ImageObject","inLanguage":"es","@id":"https:\/\/centrourbano.com\/revista\/arquitectura-2\/arquitectura-estacion-tren-maya\/#primaryimage","url":"https:\/\/centrourbano.com\/revista\/wp-content\/uploads\/Firmas-compiten-por-arquitectura-de-estaci\u00f3n-de-Tren-Maya-en-Tabasco.jpg","contentUrl":"https:\/\/centrourbano.com\/revista\/wp-content\/uploads\/Firmas-compiten-por-arquitectura-de-estaci\u00f3n-de-Tren-Maya-en-Tabasco.jpg","width":702,"height":440,"caption":"El fallo de la adjudicaci\u00f3n de la arquitectura de la estaci\u00f3n del Tren Maya en Tenosique, Tabasco, se realizar\u00e1 el pr\u00f3ximo 18 de octubre a las 17:00 horas"},{"@type":"BreadcrumbList","@id":"https:\/\/centrourbano.com\/revista\/arquitectura-2\/arquitectura-estacion-tren-maya\/#breadcrumb","itemListElement":[{"@type":"ListItem","position":1,"name":"Portada","item":"https:\/\/centrourbano.com\/revista\/"},{"@type":"ListItem","position":2,"name":"Firmas compiten por arquitectura de estaci\u00f3n de Tren Maya en Tabasco"}]},{"@type":"WebSite","@id":"https:\/\/centrourbano.com\/revista\/#website","url":"https:\/\/centrourbano.com\/revista\/","name":"Centro Urbano","description":"Medio especializado en los sectores vivienda, inmobiliario, construcci\u00f3n, arquitectura y urbanismo.","publisher":{"@id":"https:\/\/centrourbano.com\/revista\/#organization"},"potentialAction":[{"@type":"SearchAction","target":{"@type":"EntryPoint","urlTemplate":"https:\/\/centrourbano.com\/revista\/?s={search_term_string}"},"query-input":{"@type":"PropertyValueSpecification","valueRequired":true,"valueName":"search_term_string"}}],"inLanguage":"es"},{"@type":"Organization","@id":"https:\/\/centrourbano.com\/revista\/#organization","name":"Centro Urbano","url":"https:\/\/centrourbano.com\/revista\/","logo":{"@type":"ImageObject","inLanguage":"es","@id":"https:\/\/centrourbano.com\/revista\/#\/schema\/logo\/image\/","url":"https:\/\/centrourbano.com\/revista\/wp-content\/uploads\/web_CU_logo-1.png","contentUrl":"https:\/\/centrourbano.com\/revista\/wp-content\/uploads\/web_CU_logo-1.png","width":350,"height":91,"caption":"Centro Urbano"},"image":{"@id":"https:\/\/centrourbano.com\/revista\/#\/schema\/logo\/image\/"},"sameAs":["https:\/\/www.facebook.com\/portalcentrourbano","https:\/\/x.com\/CentroUrbano","https:\/\/www.instagram.com\/centro_urbano\/","https:\/\/www.linkedin.com\/company\/centro-urbano\/","http:\/\/www.youtube.com\/user\/portalcentrourbano"]},{"@type":"Person","@id":"https:\/\/centrourbano.com\/revista\/#\/schema\/person\/b190b20bbbceb41ec72278c546fa8df3","name":"Fernanda Hern\u00e1ndez","image":{"@type":"ImageObject","inLanguage":"es","@id":"https:\/\/secure.gravatar.com\/avatar\/9471831fb0a24eae9d32d826a7cb8ef07c34a41520aca1a0ab1f5c0903ba49b9?s=96&d=mm&r=g","url":"https:\/\/secure.gravatar.com\/avatar\/9471831fb0a24eae9d32d826a7cb8ef07c34a41520aca1a0ab1f5c0903ba49b9?s=96&d=mm&r=g","contentUrl":"https:\/\/secure.gravatar.com\/avatar\/9471831fb0a24eae9d32d826a7cb8ef07c34a41520aca1a0ab1f5c0903ba49b9?s=96&d=mm&r=g","caption":"Fernanda Hern\u00e1ndez"},"description":"Reportera y redactora en Centro Urbano. Soy egresada de la licenciatura en Ciencias de la Comunicaci\u00f3n de la Facultad de Ciencias Pol\u00edticas y Sociales (UNAM). Me interesa la cultura, el urbanismo y la arquitectura. Amante del mundo digital, el cine, la m\u00fasica, la lectura y la escritura.","sameAs":["https:\/\/x.com\/https:\/\/twitter.com\/Nannz_Hernandez"],"url":"https:\/\/centrourbano.com\/revista\/author\/fernanda-hernandez\/"}]}},"_links":{"self":[{"href":"https:\/\/centrourbano.com\/revista\/wp-json\/wp\/v2\/posts\/97440","targetHints":{"allow":["GET"]}}],"collection":[{"href":"https:\/\/centrourbano.com\/revista\/wp-json\/wp\/v2\/posts"}],"about":[{"href":"https:\/\/centrourbano.com\/revista\/wp-json\/wp\/v2\/types\/post"}],"author":[{"embeddable":true,"href":"https:\/\/centrourbano.com\/revista\/wp-json\/wp\/v2\/users\/73"}],"replies":[{"embeddable":true,"href":"https:\/\/centrourbano.com\/revista\/wp-json\/wp\/v2\/comments?post=97440"}],"version-history":[{"count":1,"href":"https:\/\/centrourbano.com\/revista\/wp-json\/wp\/v2\/posts\/97440\/revisions"}],"predecessor-version":[{"id":97447,"href":"https:\/\/centrourbano.com\/revista\/wp-json\/wp\/v2\/posts\/97440\/revisions\/97447"}],"wp:featuredmedia":[{"embeddable":true,"href":"https:\/\/centrourbano.com\/revista\/wp-json\/wp\/v2\/media\/97445"}],"wp:attachment":[{"href":"https:\/\/centrourbano.com\/revista\/wp-json\/wp\/v2\/media?parent=97440"}],"wp:term":[{"taxonomy":"category","embeddable":true,"href":"https:\/\/centrourbano.com\/revista\/wp-json\/wp\/v2\/categories?post=97440"},{"taxonomy":"post_tag","embeddable":true,"href":"https:\/\/centrourbano.com\/revista\/wp-json\/wp\/v2\/tags?post=97440"}],"curies":[{"name":"wp","href":"https:\/\/api.w.org\/{rel}","templated":true}]}}