{"id":97425,"date":"2019-10-16T11:52:37","date_gmt":"2019-10-16T16:52:37","guid":{"rendered":"https:\/\/centrourbano.com\/?p=97425"},"modified":"2019-10-16T14:16:51","modified_gmt":"2019-10-16T19:16:51","slug":"notarios-infonavit-convenio","status":"publish","type":"post","link":"https:\/\/centrourbano.com\/revista\/vivienda\/notarios-infonavit-convenio\/","title":{"rendered":"Notarios e Infonavit renuevan convenio de trabajo"},"content":{"rendered":"<p><em>Ambos organismos se comprometieron a trabajar para, entre otras cosas, atender la regularizaci\u00f3n de los derechohabientes afectados por los juicios masivos<\/em><!--more--><\/p>\n<p>El <strong>Instituto del Fondo Nacional de la Vivienda para los Trabajadores<\/strong> (Infonavit) y el <strong>Colegio Nacional del Notariado Mexicano<\/strong> firmaron un convenio de colaboraci\u00f3n. Con este documento, ambos institutos refrendan el compromiso de trabajar de manera coordinada para, entre otras cosas, mejorar el servicio al derechohabiente y atender el rezago en materia de escrituraci\u00f3n.<\/p>\n<p>Durante el acto, <strong>Carlos Mart\u00ednez<\/strong>, director general del Infonavit, hizo un llamado a los fedatarios del pa\u00eds para sumarse a lo que llam\u00f3 \u201cun <strong>Nuevo Comienzo del Infonavit<\/strong>\u201d. Y es que, dijo, en el camino de recuperar la esencia social del Instituto, los notarios juegan un papel muy importante.<\/p>\n<p>En este sentido, Carlos Mart\u00ednez pidi\u00f3 a los fedatarios sumarse en tres puntos espec\u00edficos para acompa\u00f1ar \u201ceste nuevo comienzo para el organismo\u201d. Entre los puntos se destaca, el coadyuvar con el Instituto para la <strong>regularizaci\u00f3n y escrituraci\u00f3n<\/strong> de al menos 77,000 cr\u00e9ditos de personas afectadas por los llamados \u201c<strong>juicios masivos<\/strong>\u201d; atender el abatimiento del <strong>rezago de escrituras de cr\u00e9ditos<\/strong> otorgados entre 1972 y 2007; as\u00ed como fortalecer y <strong>aumentar la eficiencia<\/strong> en los servicios que los notarios otorgan al Instituto.<\/p>\n<h4>El Convenio<\/h4>\n<p>Es preciso se\u00f1alar que la firma de este documento<a href=\"https:\/\/centrourbano.com\/2017\/08\/22\/infonavit-notarios-modernizaran-proceso-escrituracion\/\" target=\"_blank\" rel=\"noopener noreferrer\"><strong> renueva el convenio<\/strong><\/a> firmado en 2017. De manera especifica, con este nuevo pacto, el objetivo ser\u00e1 mejorar las condiciones de <strong>accesibilidad<\/strong>, <strong>conveniencia<\/strong>, <strong>costo<\/strong> y <strong>calidad<\/strong> de los servicios notariales en favor de la derechohabiencia.<\/p>\n<p>Cabe destacar que, con este convenio, el Infonavit y el Colegio de Notarios acordaron abrir la posibilidad para que cualquier fedatario, sin la necesidad que est\u00e9 inscrito en el Colegio, pueda participar y ofrecer sus servicios al Instituto. De igual forma, con el convenio se establecer\u00e1n <strong>tarifas m\u00e1ximas<\/strong> para los servicios notariales y el CNNM asumir\u00e1 el compromiso de apoyar al Infonavit para facilitar los tr\u00e1mites de escrituraci\u00f3n.<\/p>\n","protected":false},"excerpt":{"rendered":"<p>Ambos organismos se comprometieron a trabajar para, entre otras cosas, atender la regularizaci\u00f3n de los derechohabientes afectados por los juicios masivos<\/p>\n","protected":false},"author":47,"featured_media":97426,"comment_status":"open","ping_status":"closed","sticky":false,"template":"","format":"standard","meta":{"om_disable_all_campaigns":false,"inline_featured_image":false,"_monsterinsights_skip_tracking":false,"_monsterinsights_sitenote_active":false,"_monsterinsights_sitenote_note":"","_monsterinsights_sitenote_category":0,"footnotes":""},"categories":[12],"tags":[2612,2798,530,100,16486],"class_list":["post-97425","post","type-post","status-publish","format-standard","has-post-thumbnail","hentry","category-vivienda","tag-colegio-nacional-del-notariado-mexicano","tag-convenio","tag-escrituracion","tag-infonavit","tag-servicio"],"yoast_head":"<!-- This site is optimized with the Yoast SEO plugin v27.4 - https:\/\/yoast.com\/product\/yoast-seo-wordpress\/ -->\n<title>Notarios e Infonavit renuevan relaci\u00f3n de trabajo con firma de convenio<\/title>\n<meta name=\"description\" content=\"El Instituto del Fondo Nacional de la Vivienda para los Trabajadores (Infonavit) y el Colegio Nacional del Notariado Mexicano firmaron un convenio...\" \/>\n<meta name=\"robots\" content=\"index, follow, max-snippet:-1, max-image-preview:large, max-video-preview:-1\" \/>\n<link rel=\"canonical\" href=\"https:\/\/centrourbano.com\/revista\/vivienda\/notarios-infonavit-convenio\/\" \/>\n<meta property=\"og:locale\" content=\"es_ES\" \/>\n<meta property=\"og:type\" content=\"article\" \/>\n<meta property=\"og:title\" content=\"Notarios e Infonavit renuevan relaci\u00f3n de trabajo con firma de convenio\" \/>\n<meta property=\"og:description\" content=\"El Instituto del Fondo Nacional de la Vivienda para los Trabajadores (Infonavit) y el Colegio Nacional del Notariado Mexicano firmaron un convenio...\" \/>\n<meta property=\"og:url\" content=\"https:\/\/centrourbano.com\/revista\/vivienda\/notarios-infonavit-convenio\/\" \/>\n<meta property=\"og:site_name\" content=\"Centro Urbano\" \/>\n<meta property=\"article:publisher\" content=\"https:\/\/www.facebook.com\/portalcentrourbano\" \/>\n<meta property=\"article:published_time\" content=\"2019-10-16T16:52:37+00:00\" \/>\n<meta property=\"article:modified_time\" content=\"2019-10-16T19:16:51+00:00\" \/>\n<meta property=\"og:image\" content=\"https:\/\/centrourbano.com\/revista\/wp-content\/uploads\/Convenio-Infonavit_CNNM-e1571244733788.jpeg\" \/>\n\t<meta property=\"og:image:width\" content=\"800\" \/>\n\t<meta property=\"og:image:height\" content=\"533\" \/>\n\t<meta property=\"og:image:type\" content=\"image\/jpeg\" \/>\n<meta name=\"author\" content=\"Edgar Rosas\" \/>\n<meta name=\"twitter:card\" content=\"summary_large_image\" \/>\n<meta name=\"twitter:creator\" content=\"@https:\/\/twitter.com\/ERosasCU?s=09\" \/>\n<meta name=\"twitter:site\" content=\"@CentroUrbano\" \/>\n<meta name=\"twitter:label1\" content=\"Escrito por\" \/>\n\t<meta name=\"twitter:data1\" content=\"Edgar Rosas\" \/>\n\t<meta name=\"twitter:label2\" content=\"Tiempo de lectura\" \/>\n\t<meta name=\"twitter:data2\" content=\"2 minutos\" \/>\n<script type=\"application\/ld+json\" class=\"yoast-schema-graph\">{\"@context\":\"https:\\\/\\\/schema.org\",\"@graph\":[{\"@type\":\"Article\",\"@id\":\"https:\\\/\\\/centrourbano.com\\\/revista\\\/vivienda\\\/notarios-infonavit-convenio\\\/#article\",\"isPartOf\":{\"@id\":\"https:\\\/\\\/centrourbano.com\\\/revista\\\/vivienda\\\/notarios-infonavit-convenio\\\/\"},\"author\":{\"name\":\"Edgar Rosas\",\"@id\":\"https:\\\/\\\/centrourbano.com\\\/revista\\\/#\\\/schema\\\/person\\\/ff3c00651ce5b1630479d2cd0c2e3ac0\"},\"headline\":\"Notarios e Infonavit renuevan convenio de trabajo\",\"datePublished\":\"2019-10-16T16:52:37+00:00\",\"dateModified\":\"2019-10-16T19:16:51+00:00\",\"mainEntityOfPage\":{\"@id\":\"https:\\\/\\\/centrourbano.com\\\/revista\\\/vivienda\\\/notarios-infonavit-convenio\\\/\"},\"wordCount\":337,\"commentCount\":0,\"publisher\":{\"@id\":\"https:\\\/\\\/centrourbano.com\\\/revista\\\/#organization\"},\"image\":{\"@id\":\"https:\\\/\\\/centrourbano.com\\\/revista\\\/vivienda\\\/notarios-infonavit-convenio\\\/#primaryimage\"},\"thumbnailUrl\":\"https:\\\/\\\/centrourbano.com\\\/revista\\\/wp-content\\\/uploads\\\/Convenio-Infonavit_CNNM-e1571244733788.jpeg\",\"keywords\":[\"Colegio Nacional del Notariado mexicano\",\"Convenio\",\"Escrituraci\u00f3n\",\"Infonavit\",\"servicio\"],\"articleSection\":[\"Vivienda\"],\"inLanguage\":\"es\",\"potentialAction\":[{\"@type\":\"CommentAction\",\"name\":\"Comment\",\"target\":[\"https:\\\/\\\/centrourbano.com\\\/revista\\\/vivienda\\\/notarios-infonavit-convenio\\\/#respond\"]}]},{\"@type\":\"WebPage\",\"@id\":\"https:\\\/\\\/centrourbano.com\\\/revista\\\/vivienda\\\/notarios-infonavit-convenio\\\/\",\"url\":\"https:\\\/\\\/centrourbano.com\\\/revista\\\/vivienda\\\/notarios-infonavit-convenio\\\/\",\"name\":\"Notarios e Infonavit renuevan relaci\u00f3n de trabajo con firma de convenio\",\"isPartOf\":{\"@id\":\"https:\\\/\\\/centrourbano.com\\\/revista\\\/#website\"},\"primaryImageOfPage\":{\"@id\":\"https:\\\/\\\/centrourbano.com\\\/revista\\\/vivienda\\\/notarios-infonavit-convenio\\\/#primaryimage\"},\"image\":{\"@id\":\"https:\\\/\\\/centrourbano.com\\\/revista\\\/vivienda\\\/notarios-infonavit-convenio\\\/#primaryimage\"},\"thumbnailUrl\":\"https:\\\/\\\/centrourbano.com\\\/revista\\\/wp-content\\\/uploads\\\/Convenio-Infonavit_CNNM-e1571244733788.jpeg\",\"datePublished\":\"2019-10-16T16:52:37+00:00\",\"dateModified\":\"2019-10-16T19:16:51+00:00\",\"description\":\"El Instituto del Fondo Nacional de la Vivienda para los Trabajadores (Infonavit) y el Colegio Nacional del Notariado Mexicano firmaron un convenio...\",\"breadcrumb\":{\"@id\":\"https:\\\/\\\/centrourbano.com\\\/revista\\\/vivienda\\\/notarios-infonavit-convenio\\\/#breadcrumb\"},\"inLanguage\":\"es\",\"potentialAction\":[{\"@type\":\"ReadAction\",\"target\":[\"https:\\\/\\\/centrourbano.com\\\/revista\\\/vivienda\\\/notarios-infonavit-convenio\\\/\"]}]},{\"@type\":\"ImageObject\",\"inLanguage\":\"es\",\"@id\":\"https:\\\/\\\/centrourbano.com\\\/revista\\\/vivienda\\\/notarios-infonavit-convenio\\\/#primaryimage\",\"url\":\"https:\\\/\\\/centrourbano.com\\\/revista\\\/wp-content\\\/uploads\\\/Convenio-Infonavit_CNNM-e1571244733788.jpeg\",\"contentUrl\":\"https:\\\/\\\/centrourbano.com\\\/revista\\\/wp-content\\\/uploads\\\/Convenio-Infonavit_CNNM-e1571244733788.jpeg\",\"width\":800,\"height\":533},{\"@type\":\"BreadcrumbList\",\"@id\":\"https:\\\/\\\/centrourbano.com\\\/revista\\\/vivienda\\\/notarios-infonavit-convenio\\\/#breadcrumb\",\"itemListElement\":[{\"@type\":\"ListItem\",\"position\":1,\"name\":\"Portada\",\"item\":\"https:\\\/\\\/centrourbano.com\\\/revista\\\/\"},{\"@type\":\"ListItem\",\"position\":2,\"name\":\"Notarios e Infonavit renuevan convenio de trabajo\"}]},{\"@type\":\"WebSite\",\"@id\":\"https:\\\/\\\/centrourbano.com\\\/revista\\\/#website\",\"url\":\"https:\\\/\\\/centrourbano.com\\\/revista\\\/\",\"name\":\"Centro Urbano\",\"description\":\"Medio especializado en los sectores vivienda, inmobiliario, construcci\u00f3n, arquitectura y urbanismo.\",\"publisher\":{\"@id\":\"https:\\\/\\\/centrourbano.com\\\/revista\\\/#organization\"},\"potentialAction\":[{\"@type\":\"SearchAction\",\"target\":{\"@type\":\"EntryPoint\",\"urlTemplate\":\"https:\\\/\\\/centrourbano.com\\\/revista\\\/?s={search_term_string}\"},\"query-input\":{\"@type\":\"PropertyValueSpecification\",\"valueRequired\":true,\"valueName\":\"search_term_string\"}}],\"inLanguage\":\"es\"},{\"@type\":\"Organization\",\"@id\":\"https:\\\/\\\/centrourbano.com\\\/revista\\\/#organization\",\"name\":\"Centro Urbano\",\"url\":\"https:\\\/\\\/centrourbano.com\\\/revista\\\/\",\"logo\":{\"@type\":\"ImageObject\",\"inLanguage\":\"es\",\"@id\":\"https:\\\/\\\/centrourbano.com\\\/revista\\\/#\\\/schema\\\/logo\\\/image\\\/\",\"url\":\"https:\\\/\\\/centrourbano.com\\\/revista\\\/wp-content\\\/uploads\\\/web_CU_logo-1.png\",\"contentUrl\":\"https:\\\/\\\/centrourbano.com\\\/revista\\\/wp-content\\\/uploads\\\/web_CU_logo-1.png\",\"width\":350,\"height\":91,\"caption\":\"Centro Urbano\"},\"image\":{\"@id\":\"https:\\\/\\\/centrourbano.com\\\/revista\\\/#\\\/schema\\\/logo\\\/image\\\/\"},\"sameAs\":[\"https:\\\/\\\/www.facebook.com\\\/portalcentrourbano\",\"https:\\\/\\\/x.com\\\/CentroUrbano\",\"https:\\\/\\\/www.instagram.com\\\/centro_urbano\\\/\",\"https:\\\/\\\/www.linkedin.com\\\/company\\\/centro-urbano\\\/\",\"http:\\\/\\\/www.youtube.com\\\/user\\\/portalcentrourbano\"]},{\"@type\":\"Person\",\"@id\":\"https:\\\/\\\/centrourbano.com\\\/revista\\\/#\\\/schema\\\/person\\\/ff3c00651ce5b1630479d2cd0c2e3ac0\",\"name\":\"Edgar Rosas\",\"image\":{\"@type\":\"ImageObject\",\"inLanguage\":\"es\",\"@id\":\"https:\\\/\\\/secure.gravatar.com\\\/avatar\\\/94440c4283495211faa5300bf85e80061036b83fced868c3783aa1310b350d9c?s=96&d=mm&r=g\",\"url\":\"https:\\\/\\\/secure.gravatar.com\\\/avatar\\\/94440c4283495211faa5300bf85e80061036b83fced868c3783aa1310b350d9c?s=96&d=mm&r=g\",\"contentUrl\":\"https:\\\/\\\/secure.gravatar.com\\\/avatar\\\/94440c4283495211faa5300bf85e80061036b83fced868c3783aa1310b350d9c?s=96&d=mm&r=g\",\"caption\":\"Edgar Rosas\"},\"description\":\"Editor en Jefe de Centro Urbano. Egresado de la maestr\u00eda en Periodismo Pol\u00edtico de la Escuela de Periodismo Carlos Septi\u00e9n Garc\u00eda (EPCSG). Estudi\u00f3 la licenciatura en Comunicaci\u00f3n en la Universidad Mexicana. Amante de la cr\u00f3nica y el reportaje. Admirador de Vicente Le\u00f1ero y Miguel \u00c1ngel Granados Chapa.\",\"sameAs\":[\"https:\\\/\\\/x.com\\\/https:\\\/\\\/twitter.com\\\/ERosasCU?s=09\"],\"url\":\"https:\\\/\\\/centrourbano.com\\\/revista\\\/author\\\/edgar-rosas\\\/\"}]}<\/script>\n<!-- \/ Yoast SEO plugin. -->","yoast_head_json":{"title":"Notarios e Infonavit renuevan relaci\u00f3n de trabajo con firma de convenio","description":"El Instituto del Fondo Nacional de la Vivienda para los Trabajadores (Infonavit) y el Colegio Nacional del Notariado Mexicano firmaron un convenio...","robots":{"index":"index","follow":"follow","max-snippet":"max-snippet:-1","max-image-preview":"max-image-preview:large","max-video-preview":"max-video-preview:-1"},"canonical":"https:\/\/centrourbano.com\/revista\/vivienda\/notarios-infonavit-convenio\/","og_locale":"es_ES","og_type":"article","og_title":"Notarios e Infonavit renuevan relaci\u00f3n de trabajo con firma de convenio","og_description":"El Instituto del Fondo Nacional de la Vivienda para los Trabajadores (Infonavit) y el Colegio Nacional del Notariado Mexicano firmaron un convenio...","og_url":"https:\/\/centrourbano.com\/revista\/vivienda\/notarios-infonavit-convenio\/","og_site_name":"Centro Urbano","article_publisher":"https:\/\/www.facebook.com\/portalcentrourbano","article_published_time":"2019-10-16T16:52:37+00:00","article_modified_time":"2019-10-16T19:16:51+00:00","og_image":[{"width":800,"height":533,"url":"https:\/\/centrourbano.com\/revista\/wp-content\/uploads\/Convenio-Infonavit_CNNM-e1571244733788.jpeg","type":"image\/jpeg"}],"author":"Edgar Rosas","twitter_card":"summary_large_image","twitter_creator":"@https:\/\/twitter.com\/ERosasCU?s=09","twitter_site":"@CentroUrbano","twitter_misc":{"Escrito por":"Edgar Rosas","Tiempo de lectura":"2 minutos"},"schema":{"@context":"https:\/\/schema.org","@graph":[{"@type":"Article","@id":"https:\/\/centrourbano.com\/revista\/vivienda\/notarios-infonavit-convenio\/#article","isPartOf":{"@id":"https:\/\/centrourbano.com\/revista\/vivienda\/notarios-infonavit-convenio\/"},"author":{"name":"Edgar Rosas","@id":"https:\/\/centrourbano.com\/revista\/#\/schema\/person\/ff3c00651ce5b1630479d2cd0c2e3ac0"},"headline":"Notarios e Infonavit renuevan convenio de trabajo","datePublished":"2019-10-16T16:52:37+00:00","dateModified":"2019-10-16T19:16:51+00:00","mainEntityOfPage":{"@id":"https:\/\/centrourbano.com\/revista\/vivienda\/notarios-infonavit-convenio\/"},"wordCount":337,"commentCount":0,"publisher":{"@id":"https:\/\/centrourbano.com\/revista\/#organization"},"image":{"@id":"https:\/\/centrourbano.com\/revista\/vivienda\/notarios-infonavit-convenio\/#primaryimage"},"thumbnailUrl":"https:\/\/centrourbano.com\/revista\/wp-content\/uploads\/Convenio-Infonavit_CNNM-e1571244733788.jpeg","keywords":["Colegio Nacional del Notariado mexicano","Convenio","Escrituraci\u00f3n","Infonavit","servicio"],"articleSection":["Vivienda"],"inLanguage":"es","potentialAction":[{"@type":"CommentAction","name":"Comment","target":["https:\/\/centrourbano.com\/revista\/vivienda\/notarios-infonavit-convenio\/#respond"]}]},{"@type":"WebPage","@id":"https:\/\/centrourbano.com\/revista\/vivienda\/notarios-infonavit-convenio\/","url":"https:\/\/centrourbano.com\/revista\/vivienda\/notarios-infonavit-convenio\/","name":"Notarios e Infonavit renuevan relaci\u00f3n de trabajo con firma de convenio","isPartOf":{"@id":"https:\/\/centrourbano.com\/revista\/#website"},"primaryImageOfPage":{"@id":"https:\/\/centrourbano.com\/revista\/vivienda\/notarios-infonavit-convenio\/#primaryimage"},"image":{"@id":"https:\/\/centrourbano.com\/revista\/vivienda\/notarios-infonavit-convenio\/#primaryimage"},"thumbnailUrl":"https:\/\/centrourbano.com\/revista\/wp-content\/uploads\/Convenio-Infonavit_CNNM-e1571244733788.jpeg","datePublished":"2019-10-16T16:52:37+00:00","dateModified":"2019-10-16T19:16:51+00:00","description":"El Instituto del Fondo Nacional de la Vivienda para los Trabajadores (Infonavit) y el Colegio Nacional del Notariado Mexicano firmaron un convenio...","breadcrumb":{"@id":"https:\/\/centrourbano.com\/revista\/vivienda\/notarios-infonavit-convenio\/#breadcrumb"},"inLanguage":"es","potentialAction":[{"@type":"ReadAction","target":["https:\/\/centrourbano.com\/revista\/vivienda\/notarios-infonavit-convenio\/"]}]},{"@type":"ImageObject","inLanguage":"es","@id":"https:\/\/centrourbano.com\/revista\/vivienda\/notarios-infonavit-convenio\/#primaryimage","url":"https:\/\/centrourbano.com\/revista\/wp-content\/uploads\/Convenio-Infonavit_CNNM-e1571244733788.jpeg","contentUrl":"https:\/\/centrourbano.com\/revista\/wp-content\/uploads\/Convenio-Infonavit_CNNM-e1571244733788.jpeg","width":800,"height":533},{"@type":"BreadcrumbList","@id":"https:\/\/centrourbano.com\/revista\/vivienda\/notarios-infonavit-convenio\/#breadcrumb","itemListElement":[{"@type":"ListItem","position":1,"name":"Portada","item":"https:\/\/centrourbano.com\/revista\/"},{"@type":"ListItem","position":2,"name":"Notarios e Infonavit renuevan convenio de trabajo"}]},{"@type":"WebSite","@id":"https:\/\/centrourbano.com\/revista\/#website","url":"https:\/\/centrourbano.com\/revista\/","name":"Centro Urbano","description":"Medio especializado en los sectores vivienda, inmobiliario, construcci\u00f3n, arquitectura y urbanismo.","publisher":{"@id":"https:\/\/centrourbano.com\/revista\/#organization"},"potentialAction":[{"@type":"SearchAction","target":{"@type":"EntryPoint","urlTemplate":"https:\/\/centrourbano.com\/revista\/?s={search_term_string}"},"query-input":{"@type":"PropertyValueSpecification","valueRequired":true,"valueName":"search_term_string"}}],"inLanguage":"es"},{"@type":"Organization","@id":"https:\/\/centrourbano.com\/revista\/#organization","name":"Centro Urbano","url":"https:\/\/centrourbano.com\/revista\/","logo":{"@type":"ImageObject","inLanguage":"es","@id":"https:\/\/centrourbano.com\/revista\/#\/schema\/logo\/image\/","url":"https:\/\/centrourbano.com\/revista\/wp-content\/uploads\/web_CU_logo-1.png","contentUrl":"https:\/\/centrourbano.com\/revista\/wp-content\/uploads\/web_CU_logo-1.png","width":350,"height":91,"caption":"Centro Urbano"},"image":{"@id":"https:\/\/centrourbano.com\/revista\/#\/schema\/logo\/image\/"},"sameAs":["https:\/\/www.facebook.com\/portalcentrourbano","https:\/\/x.com\/CentroUrbano","https:\/\/www.instagram.com\/centro_urbano\/","https:\/\/www.linkedin.com\/company\/centro-urbano\/","http:\/\/www.youtube.com\/user\/portalcentrourbano"]},{"@type":"Person","@id":"https:\/\/centrourbano.com\/revista\/#\/schema\/person\/ff3c00651ce5b1630479d2cd0c2e3ac0","name":"Edgar Rosas","image":{"@type":"ImageObject","inLanguage":"es","@id":"https:\/\/secure.gravatar.com\/avatar\/94440c4283495211faa5300bf85e80061036b83fced868c3783aa1310b350d9c?s=96&d=mm&r=g","url":"https:\/\/secure.gravatar.com\/avatar\/94440c4283495211faa5300bf85e80061036b83fced868c3783aa1310b350d9c?s=96&d=mm&r=g","contentUrl":"https:\/\/secure.gravatar.com\/avatar\/94440c4283495211faa5300bf85e80061036b83fced868c3783aa1310b350d9c?s=96&d=mm&r=g","caption":"Edgar Rosas"},"description":"Editor en Jefe de Centro Urbano. Egresado de la maestr\u00eda en Periodismo Pol\u00edtico de la Escuela de Periodismo Carlos Septi\u00e9n Garc\u00eda (EPCSG). Estudi\u00f3 la licenciatura en Comunicaci\u00f3n en la Universidad Mexicana. Amante de la cr\u00f3nica y el reportaje. Admirador de Vicente Le\u00f1ero y Miguel \u00c1ngel Granados Chapa.","sameAs":["https:\/\/x.com\/https:\/\/twitter.com\/ERosasCU?s=09"],"url":"https:\/\/centrourbano.com\/revista\/author\/edgar-rosas\/"}]}},"_links":{"self":[{"href":"https:\/\/centrourbano.com\/revista\/wp-json\/wp\/v2\/posts\/97425","targetHints":{"allow":["GET"]}}],"collection":[{"href":"https:\/\/centrourbano.com\/revista\/wp-json\/wp\/v2\/posts"}],"about":[{"href":"https:\/\/centrourbano.com\/revista\/wp-json\/wp\/v2\/types\/post"}],"author":[{"embeddable":true,"href":"https:\/\/centrourbano.com\/revista\/wp-json\/wp\/v2\/users\/47"}],"replies":[{"embeddable":true,"href":"https:\/\/centrourbano.com\/revista\/wp-json\/wp\/v2\/comments?post=97425"}],"version-history":[{"count":3,"href":"https:\/\/centrourbano.com\/revista\/wp-json\/wp\/v2\/posts\/97425\/revisions"}],"predecessor-version":[{"id":97435,"href":"https:\/\/centrourbano.com\/revista\/wp-json\/wp\/v2\/posts\/97425\/revisions\/97435"}],"wp:featuredmedia":[{"embeddable":true,"href":"https:\/\/centrourbano.com\/revista\/wp-json\/wp\/v2\/media\/97426"}],"wp:attachment":[{"href":"https:\/\/centrourbano.com\/revista\/wp-json\/wp\/v2\/media?parent=97425"}],"wp:term":[{"taxonomy":"category","embeddable":true,"href":"https:\/\/centrourbano.com\/revista\/wp-json\/wp\/v2\/categories?post=97425"},{"taxonomy":"post_tag","embeddable":true,"href":"https:\/\/centrourbano.com\/revista\/wp-json\/wp\/v2\/tags?post=97425"}],"curies":[{"name":"wp","href":"https:\/\/api.w.org\/{rel}","templated":true}]}}