{"id":97269,"date":"2019-10-14T08:50:55","date_gmt":"2019-10-14T13:50:55","guid":{"rendered":"https:\/\/centrourbano.com\/?p=97269"},"modified":"2019-10-14T09:52:29","modified_gmt":"2019-10-14T14:52:29","slug":"vivienda-usada-caida-produccion","status":"publish","type":"post","link":"https:\/\/centrourbano.com\/revista\/vivienda\/vivienda-usada-caida-produccion\/","title":{"rendered":"Vivienda usada, soluci\u00f3n ante ca\u00edda de producci\u00f3n"},"content":{"rendered":"<p><em>En el pa\u00eds, las transacciones de vivienda usada podr\u00edan multiplicarse para resolver las problem\u00e1ticas actuales que presenta el sector de la producci\u00f3n<\/em><!--more--><\/p>\n<p>Actualmente, <strong>el mercado inmobiliario de vivienda del pa\u00eds atraviesa una situaci\u00f3n complicada<\/strong>, en la que factores internos y externos han ido desacelerando la <strong>producci\u00f3n de viviendas nuevas<\/strong>, lo que se estima en una <strong>ca\u00edda del 16.2%<\/strong> en el primer semestre del 2019, frente al mismo periodo del 2018. Sin embargo, <strong>las necesidades de vivienda de las familias mexicanas no desaparecen.<\/strong><\/p>\n<p>En este sentido, <strong>la vivienda usada puede convertirse en una alternativa para resolver las dificultades del mercado inmobiliario<\/strong>, ya que las ventajas que ofrece la posicionan como una opci\u00f3n viable tanto para inversionistas como para aquellos que buscan adquirir un patrimonio.<\/p>\n<p>\u201cNormalmente se toma especial atenci\u00f3n a lo que sucede con el mercado de la vivienda nueva, pero se ha desaprovechado las posibilidades que existen en la vivienda usada, un rubro que podr\u00eda impulsarse mucho m\u00e1s, y que cuenta con las caracter\u00edsticas necesarias para inyectar dinamismo a la industria\u201d, coment\u00f3<strong> Javier Romero, CEO del portal inmobiliario Hausy.mx.<\/strong><\/p>\n<p>Especialistas del sector afirman que <strong>por cada vivienda nueva que se adquiere en el pa\u00eds, hay de tres a cinco transacciones de vivienda usada<\/strong>, lo cual podr\u00eda multiplicarse al resolver las problem\u00e1ticas actuales que presenta este sector, como la <strong>falta de informaci\u00f3n fidedigna de las caracter\u00edsticas de la propiedad.<\/strong><\/p>\n<p>\u201cCuando la vivienda ya tiene muchos a\u00f1os es muy com\u00fan que no existan los planos originales. Esto dificulta tener certeza de las dimensiones y caracter\u00edsticas de la propiedad que se est\u00e1 queriendo vender, y a su vez los compradores desconf\u00edan de las descripciones que existen en los anuncios\u201d, se\u00f1al\u00f3 <strong>Romero<\/strong>.<\/p>\n<p>Otra problem\u00e1tica que presenta el sector de la <strong>vivienda usada<\/strong> es la <strong>falta de actualizaci\u00f3n de documentos legales,<\/strong> principalmente por parte de los propietarios.<\/p>\n<p>\u201cHay problemas con el cambio de propietario. Si una persona hereda o recibe una propiedad, muchas veces no realiza el debido proceso para poner los papeles a su nombre, y al momento de querer vender nuevamente la vivienda, resulta que hay un tema legal que hay que resolver primero. Lo cual se traduce en un gasto de dinero y de tiempo\u201d, explic\u00f3 el <strong>CEO de Hausy.mx.<\/strong><\/p>\n<p>Lo cierto es que<strong> la vivienda usada ofrece beneficios importantes para el comprador<\/strong>, como ubicaciones c\u00e9ntricas que hoy ser\u00eda dif\u00edcil encontrar en un desarrollo nuevo, espacios m\u00e1s amplios que la construcci\u00f3n moderna, precios m\u00e1s econ\u00f3micos, y la oportunidad de mudarse de manera inmediata.<\/p>\n<p>\u201cEn <strong>Hausy.mx<\/strong> vemos que la gente que busca vivienda usada lo hace para tener acceso a una vivienda mejor ubicada o del tama\u00f1o adecuado a sus necesidades actuales, sin embargo, esta intenci\u00f3n puede convertirse en un dolor de cabeza si no tienen la informaci\u00f3n adecuada para tomar sus decisiones, por eso el proceso tradicional de compra es tan largo\u201d, agreg\u00f3 <strong>Javier Romero.<\/strong><\/p>\n<p>En ese sentido, las <strong><em>PropTech<\/em><\/strong>, es decir, las <em>startups<\/em> inmobiliarias que funcionan con base en las tecnolog\u00edas, podr\u00edan <strong>potencializar lo que hace falta para el sector<\/strong>, al utilizar inteligencia de datos para determinar recursos, gustos y necesidades del cliente y, de esta manera, ofrecerle viviendas que encajen con su estilo de vida, recortando el tiempo de b\u00fasqueda hasta en un 70%. Adem\u00e1s de ofrecer asesora al usuario en todo el proceso de compra, desde temas legales y financieros, hasta estructurales.<\/p>\n","protected":false},"excerpt":{"rendered":"<p>En el pa\u00eds, las transacciones de vivienda usada podr\u00edan multiplicarse para resolver las problem\u00e1ticas actuales que presenta el sector de la producci\u00f3n<\/p>\n","protected":false},"author":73,"featured_media":97270,"comment_status":"open","ping_status":"closed","sticky":false,"template":"","format":"standard","meta":{"om_disable_all_campaigns":false,"inline_featured_image":false,"_monsterinsights_skip_tracking":false,"_monsterinsights_sitenote_active":false,"_monsterinsights_sitenote_note":"","_monsterinsights_sitenote_category":0,"footnotes":""},"categories":[12],"tags":[16475,686,615,288],"class_list":["post-97269","post","type-post","status-publish","format-standard","has-post-thumbnail","hentry","category-vivienda","tag-caida-de-la-produccion-inmobiliaria","tag-sector-inmobiliario","tag-vivienda-nueva","tag-vivienda-usada"],"yoast_head":"<!-- This site is optimized with the Yoast SEO plugin v27.4 - https:\/\/yoast.com\/product\/yoast-seo-wordpress\/ -->\n<title>Vivienda usada, soluci\u00f3n ante ca\u00edda de producci\u00f3n inmobiliaria<\/title>\n<meta name=\"description\" content=\"En el pa\u00eds, las transacciones de vivienda usada podr\u00edan multiplicarse para resolver las problem\u00e1ticas actuales que presenta el sector de la producci\u00f3n\" \/>\n<meta name=\"robots\" content=\"index, follow, max-snippet:-1, max-image-preview:large, max-video-preview:-1\" \/>\n<link rel=\"canonical\" href=\"https:\/\/centrourbano.com\/revista\/vivienda\/vivienda-usada-caida-produccion\/\" \/>\n<meta property=\"og:locale\" content=\"es_ES\" \/>\n<meta property=\"og:type\" content=\"article\" \/>\n<meta property=\"og:title\" content=\"Vivienda usada, soluci\u00f3n ante ca\u00edda de producci\u00f3n inmobiliaria\" \/>\n<meta property=\"og:description\" content=\"En el pa\u00eds, las transacciones de vivienda usada podr\u00edan multiplicarse para resolver las problem\u00e1ticas actuales que presenta el sector de la producci\u00f3n\" \/>\n<meta property=\"og:url\" content=\"https:\/\/centrourbano.com\/revista\/vivienda\/vivienda-usada-caida-produccion\/\" \/>\n<meta property=\"og:site_name\" content=\"Centro Urbano\" \/>\n<meta property=\"article:publisher\" content=\"https:\/\/www.facebook.com\/portalcentrourbano\" \/>\n<meta property=\"article:published_time\" content=\"2019-10-14T13:50:55+00:00\" \/>\n<meta property=\"article:modified_time\" content=\"2019-10-14T14:52:29+00:00\" \/>\n<meta property=\"og:image\" content=\"https:\/\/centrourbano.com\/revista\/wp-content\/uploads\/Vivienda-usada-soluci\u00f3n-ante-ca\u00edda-de-producci\u00f3n-inmobiliaria.jpg\" \/>\n\t<meta property=\"og:image:width\" content=\"600\" \/>\n\t<meta property=\"og:image:height\" content=\"338\" \/>\n\t<meta property=\"og:image:type\" content=\"image\/jpeg\" \/>\n<meta name=\"author\" content=\"Fernanda Hern\u00e1ndez\" \/>\n<meta name=\"twitter:card\" content=\"summary_large_image\" \/>\n<meta name=\"twitter:creator\" content=\"@https:\/\/twitter.com\/Nannz_Hernandez\" \/>\n<meta name=\"twitter:site\" content=\"@CentroUrbano\" \/>\n<meta name=\"twitter:label1\" content=\"Escrito por\" \/>\n\t<meta name=\"twitter:data1\" content=\"Fernanda Hern\u00e1ndez\" \/>\n\t<meta name=\"twitter:label2\" content=\"Tiempo de lectura\" \/>\n\t<meta name=\"twitter:data2\" content=\"3 minutos\" \/>\n<script type=\"application\/ld+json\" class=\"yoast-schema-graph\">{\"@context\":\"https:\\\/\\\/schema.org\",\"@graph\":[{\"@type\":\"Article\",\"@id\":\"https:\\\/\\\/centrourbano.com\\\/revista\\\/vivienda\\\/vivienda-usada-caida-produccion\\\/#article\",\"isPartOf\":{\"@id\":\"https:\\\/\\\/centrourbano.com\\\/revista\\\/vivienda\\\/vivienda-usada-caida-produccion\\\/\"},\"author\":{\"name\":\"Fernanda Hern\u00e1ndez\",\"@id\":\"https:\\\/\\\/centrourbano.com\\\/revista\\\/#\\\/schema\\\/person\\\/b190b20bbbceb41ec72278c546fa8df3\"},\"headline\":\"Vivienda usada, soluci\u00f3n ante ca\u00edda de producci\u00f3n\",\"datePublished\":\"2019-10-14T13:50:55+00:00\",\"dateModified\":\"2019-10-14T14:52:29+00:00\",\"mainEntityOfPage\":{\"@id\":\"https:\\\/\\\/centrourbano.com\\\/revista\\\/vivienda\\\/vivienda-usada-caida-produccion\\\/\"},\"wordCount\":601,\"commentCount\":0,\"publisher\":{\"@id\":\"https:\\\/\\\/centrourbano.com\\\/revista\\\/#organization\"},\"image\":{\"@id\":\"https:\\\/\\\/centrourbano.com\\\/revista\\\/vivienda\\\/vivienda-usada-caida-produccion\\\/#primaryimage\"},\"thumbnailUrl\":\"https:\\\/\\\/centrourbano.com\\\/revista\\\/wp-content\\\/uploads\\\/Vivienda-usada-soluci\u00f3n-ante-ca\u00edda-de-producci\u00f3n-inmobiliaria.jpg\",\"keywords\":[\"Ca\u00edda de la Producci\u00f3n Inmobiliaria\",\"sector inmobiliario\",\"Vivienda nueva\",\"Vivienda usada\"],\"articleSection\":[\"Vivienda\"],\"inLanguage\":\"es\",\"potentialAction\":[{\"@type\":\"CommentAction\",\"name\":\"Comment\",\"target\":[\"https:\\\/\\\/centrourbano.com\\\/revista\\\/vivienda\\\/vivienda-usada-caida-produccion\\\/#respond\"]}]},{\"@type\":\"WebPage\",\"@id\":\"https:\\\/\\\/centrourbano.com\\\/revista\\\/vivienda\\\/vivienda-usada-caida-produccion\\\/\",\"url\":\"https:\\\/\\\/centrourbano.com\\\/revista\\\/vivienda\\\/vivienda-usada-caida-produccion\\\/\",\"name\":\"Vivienda usada, soluci\u00f3n ante ca\u00edda de producci\u00f3n inmobiliaria\",\"isPartOf\":{\"@id\":\"https:\\\/\\\/centrourbano.com\\\/revista\\\/#website\"},\"primaryImageOfPage\":{\"@id\":\"https:\\\/\\\/centrourbano.com\\\/revista\\\/vivienda\\\/vivienda-usada-caida-produccion\\\/#primaryimage\"},\"image\":{\"@id\":\"https:\\\/\\\/centrourbano.com\\\/revista\\\/vivienda\\\/vivienda-usada-caida-produccion\\\/#primaryimage\"},\"thumbnailUrl\":\"https:\\\/\\\/centrourbano.com\\\/revista\\\/wp-content\\\/uploads\\\/Vivienda-usada-soluci\u00f3n-ante-ca\u00edda-de-producci\u00f3n-inmobiliaria.jpg\",\"datePublished\":\"2019-10-14T13:50:55+00:00\",\"dateModified\":\"2019-10-14T14:52:29+00:00\",\"description\":\"En el pa\u00eds, las transacciones de vivienda usada podr\u00edan multiplicarse para resolver las problem\u00e1ticas actuales que presenta el sector de la producci\u00f3n\",\"breadcrumb\":{\"@id\":\"https:\\\/\\\/centrourbano.com\\\/revista\\\/vivienda\\\/vivienda-usada-caida-produccion\\\/#breadcrumb\"},\"inLanguage\":\"es\",\"potentialAction\":[{\"@type\":\"ReadAction\",\"target\":[\"https:\\\/\\\/centrourbano.com\\\/revista\\\/vivienda\\\/vivienda-usada-caida-produccion\\\/\"]}]},{\"@type\":\"ImageObject\",\"inLanguage\":\"es\",\"@id\":\"https:\\\/\\\/centrourbano.com\\\/revista\\\/vivienda\\\/vivienda-usada-caida-produccion\\\/#primaryimage\",\"url\":\"https:\\\/\\\/centrourbano.com\\\/revista\\\/wp-content\\\/uploads\\\/Vivienda-usada-soluci\u00f3n-ante-ca\u00edda-de-producci\u00f3n-inmobiliaria.jpg\",\"contentUrl\":\"https:\\\/\\\/centrourbano.com\\\/revista\\\/wp-content\\\/uploads\\\/Vivienda-usada-soluci\u00f3n-ante-ca\u00edda-de-producci\u00f3n-inmobiliaria.jpg\",\"width\":600,\"height\":338,\"caption\":\"En el pa\u00eds, las transacciones de vivienda usada podr\u00edan multiplicarse para resolver las problem\u00e1ticas actuales que presenta el sector de la producci\u00f3n\"},{\"@type\":\"BreadcrumbList\",\"@id\":\"https:\\\/\\\/centrourbano.com\\\/revista\\\/vivienda\\\/vivienda-usada-caida-produccion\\\/#breadcrumb\",\"itemListElement\":[{\"@type\":\"ListItem\",\"position\":1,\"name\":\"Portada\",\"item\":\"https:\\\/\\\/centrourbano.com\\\/revista\\\/\"},{\"@type\":\"ListItem\",\"position\":2,\"name\":\"Vivienda usada, soluci\u00f3n ante ca\u00edda de producci\u00f3n\"}]},{\"@type\":\"WebSite\",\"@id\":\"https:\\\/\\\/centrourbano.com\\\/revista\\\/#website\",\"url\":\"https:\\\/\\\/centrourbano.com\\\/revista\\\/\",\"name\":\"Centro Urbano\",\"description\":\"Medio especializado en los sectores vivienda, inmobiliario, construcci\u00f3n, arquitectura y urbanismo.\",\"publisher\":{\"@id\":\"https:\\\/\\\/centrourbano.com\\\/revista\\\/#organization\"},\"potentialAction\":[{\"@type\":\"SearchAction\",\"target\":{\"@type\":\"EntryPoint\",\"urlTemplate\":\"https:\\\/\\\/centrourbano.com\\\/revista\\\/?s={search_term_string}\"},\"query-input\":{\"@type\":\"PropertyValueSpecification\",\"valueRequired\":true,\"valueName\":\"search_term_string\"}}],\"inLanguage\":\"es\"},{\"@type\":\"Organization\",\"@id\":\"https:\\\/\\\/centrourbano.com\\\/revista\\\/#organization\",\"name\":\"Centro Urbano\",\"url\":\"https:\\\/\\\/centrourbano.com\\\/revista\\\/\",\"logo\":{\"@type\":\"ImageObject\",\"inLanguage\":\"es\",\"@id\":\"https:\\\/\\\/centrourbano.com\\\/revista\\\/#\\\/schema\\\/logo\\\/image\\\/\",\"url\":\"https:\\\/\\\/centrourbano.com\\\/revista\\\/wp-content\\\/uploads\\\/web_CU_logo-1.png\",\"contentUrl\":\"https:\\\/\\\/centrourbano.com\\\/revista\\\/wp-content\\\/uploads\\\/web_CU_logo-1.png\",\"width\":350,\"height\":91,\"caption\":\"Centro Urbano\"},\"image\":{\"@id\":\"https:\\\/\\\/centrourbano.com\\\/revista\\\/#\\\/schema\\\/logo\\\/image\\\/\"},\"sameAs\":[\"https:\\\/\\\/www.facebook.com\\\/portalcentrourbano\",\"https:\\\/\\\/x.com\\\/CentroUrbano\",\"https:\\\/\\\/www.instagram.com\\\/centro_urbano\\\/\",\"https:\\\/\\\/www.linkedin.com\\\/company\\\/centro-urbano\\\/\",\"http:\\\/\\\/www.youtube.com\\\/user\\\/portalcentrourbano\"]},{\"@type\":\"Person\",\"@id\":\"https:\\\/\\\/centrourbano.com\\\/revista\\\/#\\\/schema\\\/person\\\/b190b20bbbceb41ec72278c546fa8df3\",\"name\":\"Fernanda Hern\u00e1ndez\",\"image\":{\"@type\":\"ImageObject\",\"inLanguage\":\"es\",\"@id\":\"https:\\\/\\\/secure.gravatar.com\\\/avatar\\\/9471831fb0a24eae9d32d826a7cb8ef07c34a41520aca1a0ab1f5c0903ba49b9?s=96&d=mm&r=g\",\"url\":\"https:\\\/\\\/secure.gravatar.com\\\/avatar\\\/9471831fb0a24eae9d32d826a7cb8ef07c34a41520aca1a0ab1f5c0903ba49b9?s=96&d=mm&r=g\",\"contentUrl\":\"https:\\\/\\\/secure.gravatar.com\\\/avatar\\\/9471831fb0a24eae9d32d826a7cb8ef07c34a41520aca1a0ab1f5c0903ba49b9?s=96&d=mm&r=g\",\"caption\":\"Fernanda Hern\u00e1ndez\"},\"description\":\"Reportera y redactora en Centro Urbano. Soy egresada de la licenciatura en Ciencias de la Comunicaci\u00f3n de la Facultad de Ciencias Pol\u00edticas y Sociales (UNAM). Me interesa la cultura, el urbanismo y la arquitectura. Amante del mundo digital, el cine, la m\u00fasica, la lectura y la escritura.\",\"sameAs\":[\"https:\\\/\\\/x.com\\\/https:\\\/\\\/twitter.com\\\/Nannz_Hernandez\"],\"url\":\"https:\\\/\\\/centrourbano.com\\\/revista\\\/author\\\/fernanda-hernandez\\\/\"}]}<\/script>\n<!-- \/ Yoast SEO plugin. -->","yoast_head_json":{"title":"Vivienda usada, soluci\u00f3n ante ca\u00edda de producci\u00f3n inmobiliaria","description":"En el pa\u00eds, las transacciones de vivienda usada podr\u00edan multiplicarse para resolver las problem\u00e1ticas actuales que presenta el sector de la producci\u00f3n","robots":{"index":"index","follow":"follow","max-snippet":"max-snippet:-1","max-image-preview":"max-image-preview:large","max-video-preview":"max-video-preview:-1"},"canonical":"https:\/\/centrourbano.com\/revista\/vivienda\/vivienda-usada-caida-produccion\/","og_locale":"es_ES","og_type":"article","og_title":"Vivienda usada, soluci\u00f3n ante ca\u00edda de producci\u00f3n inmobiliaria","og_description":"En el pa\u00eds, las transacciones de vivienda usada podr\u00edan multiplicarse para resolver las problem\u00e1ticas actuales que presenta el sector de la producci\u00f3n","og_url":"https:\/\/centrourbano.com\/revista\/vivienda\/vivienda-usada-caida-produccion\/","og_site_name":"Centro Urbano","article_publisher":"https:\/\/www.facebook.com\/portalcentrourbano","article_published_time":"2019-10-14T13:50:55+00:00","article_modified_time":"2019-10-14T14:52:29+00:00","og_image":[{"width":600,"height":338,"url":"https:\/\/centrourbano.com\/revista\/wp-content\/uploads\/Vivienda-usada-soluci\u00f3n-ante-ca\u00edda-de-producci\u00f3n-inmobiliaria.jpg","type":"image\/jpeg"}],"author":"Fernanda Hern\u00e1ndez","twitter_card":"summary_large_image","twitter_creator":"@https:\/\/twitter.com\/Nannz_Hernandez","twitter_site":"@CentroUrbano","twitter_misc":{"Escrito por":"Fernanda Hern\u00e1ndez","Tiempo de lectura":"3 minutos"},"schema":{"@context":"https:\/\/schema.org","@graph":[{"@type":"Article","@id":"https:\/\/centrourbano.com\/revista\/vivienda\/vivienda-usada-caida-produccion\/#article","isPartOf":{"@id":"https:\/\/centrourbano.com\/revista\/vivienda\/vivienda-usada-caida-produccion\/"},"author":{"name":"Fernanda Hern\u00e1ndez","@id":"https:\/\/centrourbano.com\/revista\/#\/schema\/person\/b190b20bbbceb41ec72278c546fa8df3"},"headline":"Vivienda usada, soluci\u00f3n ante ca\u00edda de producci\u00f3n","datePublished":"2019-10-14T13:50:55+00:00","dateModified":"2019-10-14T14:52:29+00:00","mainEntityOfPage":{"@id":"https:\/\/centrourbano.com\/revista\/vivienda\/vivienda-usada-caida-produccion\/"},"wordCount":601,"commentCount":0,"publisher":{"@id":"https:\/\/centrourbano.com\/revista\/#organization"},"image":{"@id":"https:\/\/centrourbano.com\/revista\/vivienda\/vivienda-usada-caida-produccion\/#primaryimage"},"thumbnailUrl":"https:\/\/centrourbano.com\/revista\/wp-content\/uploads\/Vivienda-usada-soluci\u00f3n-ante-ca\u00edda-de-producci\u00f3n-inmobiliaria.jpg","keywords":["Ca\u00edda de la Producci\u00f3n Inmobiliaria","sector inmobiliario","Vivienda nueva","Vivienda usada"],"articleSection":["Vivienda"],"inLanguage":"es","potentialAction":[{"@type":"CommentAction","name":"Comment","target":["https:\/\/centrourbano.com\/revista\/vivienda\/vivienda-usada-caida-produccion\/#respond"]}]},{"@type":"WebPage","@id":"https:\/\/centrourbano.com\/revista\/vivienda\/vivienda-usada-caida-produccion\/","url":"https:\/\/centrourbano.com\/revista\/vivienda\/vivienda-usada-caida-produccion\/","name":"Vivienda usada, soluci\u00f3n ante ca\u00edda de producci\u00f3n inmobiliaria","isPartOf":{"@id":"https:\/\/centrourbano.com\/revista\/#website"},"primaryImageOfPage":{"@id":"https:\/\/centrourbano.com\/revista\/vivienda\/vivienda-usada-caida-produccion\/#primaryimage"},"image":{"@id":"https:\/\/centrourbano.com\/revista\/vivienda\/vivienda-usada-caida-produccion\/#primaryimage"},"thumbnailUrl":"https:\/\/centrourbano.com\/revista\/wp-content\/uploads\/Vivienda-usada-soluci\u00f3n-ante-ca\u00edda-de-producci\u00f3n-inmobiliaria.jpg","datePublished":"2019-10-14T13:50:55+00:00","dateModified":"2019-10-14T14:52:29+00:00","description":"En el pa\u00eds, las transacciones de vivienda usada podr\u00edan multiplicarse para resolver las problem\u00e1ticas actuales que presenta el sector de la producci\u00f3n","breadcrumb":{"@id":"https:\/\/centrourbano.com\/revista\/vivienda\/vivienda-usada-caida-produccion\/#breadcrumb"},"inLanguage":"es","potentialAction":[{"@type":"ReadAction","target":["https:\/\/centrourbano.com\/revista\/vivienda\/vivienda-usada-caida-produccion\/"]}]},{"@type":"ImageObject","inLanguage":"es","@id":"https:\/\/centrourbano.com\/revista\/vivienda\/vivienda-usada-caida-produccion\/#primaryimage","url":"https:\/\/centrourbano.com\/revista\/wp-content\/uploads\/Vivienda-usada-soluci\u00f3n-ante-ca\u00edda-de-producci\u00f3n-inmobiliaria.jpg","contentUrl":"https:\/\/centrourbano.com\/revista\/wp-content\/uploads\/Vivienda-usada-soluci\u00f3n-ante-ca\u00edda-de-producci\u00f3n-inmobiliaria.jpg","width":600,"height":338,"caption":"En el pa\u00eds, las transacciones de vivienda usada podr\u00edan multiplicarse para resolver las problem\u00e1ticas actuales que presenta el sector de la producci\u00f3n"},{"@type":"BreadcrumbList","@id":"https:\/\/centrourbano.com\/revista\/vivienda\/vivienda-usada-caida-produccion\/#breadcrumb","itemListElement":[{"@type":"ListItem","position":1,"name":"Portada","item":"https:\/\/centrourbano.com\/revista\/"},{"@type":"ListItem","position":2,"name":"Vivienda usada, soluci\u00f3n ante ca\u00edda de producci\u00f3n"}]},{"@type":"WebSite","@id":"https:\/\/centrourbano.com\/revista\/#website","url":"https:\/\/centrourbano.com\/revista\/","name":"Centro Urbano","description":"Medio especializado en los sectores vivienda, inmobiliario, construcci\u00f3n, arquitectura y urbanismo.","publisher":{"@id":"https:\/\/centrourbano.com\/revista\/#organization"},"potentialAction":[{"@type":"SearchAction","target":{"@type":"EntryPoint","urlTemplate":"https:\/\/centrourbano.com\/revista\/?s={search_term_string}"},"query-input":{"@type":"PropertyValueSpecification","valueRequired":true,"valueName":"search_term_string"}}],"inLanguage":"es"},{"@type":"Organization","@id":"https:\/\/centrourbano.com\/revista\/#organization","name":"Centro Urbano","url":"https:\/\/centrourbano.com\/revista\/","logo":{"@type":"ImageObject","inLanguage":"es","@id":"https:\/\/centrourbano.com\/revista\/#\/schema\/logo\/image\/","url":"https:\/\/centrourbano.com\/revista\/wp-content\/uploads\/web_CU_logo-1.png","contentUrl":"https:\/\/centrourbano.com\/revista\/wp-content\/uploads\/web_CU_logo-1.png","width":350,"height":91,"caption":"Centro Urbano"},"image":{"@id":"https:\/\/centrourbano.com\/revista\/#\/schema\/logo\/image\/"},"sameAs":["https:\/\/www.facebook.com\/portalcentrourbano","https:\/\/x.com\/CentroUrbano","https:\/\/www.instagram.com\/centro_urbano\/","https:\/\/www.linkedin.com\/company\/centro-urbano\/","http:\/\/www.youtube.com\/user\/portalcentrourbano"]},{"@type":"Person","@id":"https:\/\/centrourbano.com\/revista\/#\/schema\/person\/b190b20bbbceb41ec72278c546fa8df3","name":"Fernanda Hern\u00e1ndez","image":{"@type":"ImageObject","inLanguage":"es","@id":"https:\/\/secure.gravatar.com\/avatar\/9471831fb0a24eae9d32d826a7cb8ef07c34a41520aca1a0ab1f5c0903ba49b9?s=96&d=mm&r=g","url":"https:\/\/secure.gravatar.com\/avatar\/9471831fb0a24eae9d32d826a7cb8ef07c34a41520aca1a0ab1f5c0903ba49b9?s=96&d=mm&r=g","contentUrl":"https:\/\/secure.gravatar.com\/avatar\/9471831fb0a24eae9d32d826a7cb8ef07c34a41520aca1a0ab1f5c0903ba49b9?s=96&d=mm&r=g","caption":"Fernanda Hern\u00e1ndez"},"description":"Reportera y redactora en Centro Urbano. Soy egresada de la licenciatura en Ciencias de la Comunicaci\u00f3n de la Facultad de Ciencias Pol\u00edticas y Sociales (UNAM). Me interesa la cultura, el urbanismo y la arquitectura. Amante del mundo digital, el cine, la m\u00fasica, la lectura y la escritura.","sameAs":["https:\/\/x.com\/https:\/\/twitter.com\/Nannz_Hernandez"],"url":"https:\/\/centrourbano.com\/revista\/author\/fernanda-hernandez\/"}]}},"_links":{"self":[{"href":"https:\/\/centrourbano.com\/revista\/wp-json\/wp\/v2\/posts\/97269","targetHints":{"allow":["GET"]}}],"collection":[{"href":"https:\/\/centrourbano.com\/revista\/wp-json\/wp\/v2\/posts"}],"about":[{"href":"https:\/\/centrourbano.com\/revista\/wp-json\/wp\/v2\/types\/post"}],"author":[{"embeddable":true,"href":"https:\/\/centrourbano.com\/revista\/wp-json\/wp\/v2\/users\/73"}],"replies":[{"embeddable":true,"href":"https:\/\/centrourbano.com\/revista\/wp-json\/wp\/v2\/comments?post=97269"}],"version-history":[{"count":2,"href":"https:\/\/centrourbano.com\/revista\/wp-json\/wp\/v2\/posts\/97269\/revisions"}],"predecessor-version":[{"id":97312,"href":"https:\/\/centrourbano.com\/revista\/wp-json\/wp\/v2\/posts\/97269\/revisions\/97312"}],"wp:featuredmedia":[{"embeddable":true,"href":"https:\/\/centrourbano.com\/revista\/wp-json\/wp\/v2\/media\/97270"}],"wp:attachment":[{"href":"https:\/\/centrourbano.com\/revista\/wp-json\/wp\/v2\/media?parent=97269"}],"wp:term":[{"taxonomy":"category","embeddable":true,"href":"https:\/\/centrourbano.com\/revista\/wp-json\/wp\/v2\/categories?post=97269"},{"taxonomy":"post_tag","embeddable":true,"href":"https:\/\/centrourbano.com\/revista\/wp-json\/wp\/v2\/tags?post=97269"}],"curies":[{"name":"wp","href":"https:\/\/api.w.org\/{rel}","templated":true}]}}