{"id":97108,"date":"2019-10-08T18:48:39","date_gmt":"2019-10-08T23:48:39","guid":{"rendered":"https:\/\/centrourbano.com\/?p=97108"},"modified":"2019-10-08T18:48:39","modified_gmt":"2019-10-08T23:48:39","slug":"subsidio-ahorro-previo-sedatu","status":"publish","type":"post","link":"https:\/\/centrourbano.com\/revista\/vivienda\/subsidio-ahorro-previo-sedatu\/","title":{"rendered":"Subsidio y ahorro previo, la f\u00f3rmula que analiza Sedatu para atender a no afiliados"},"content":{"rendered":"<p><em>La Secretar\u00eda ya trabaja en esquemas que permitan ampliar los mecanismos de atenci\u00f3n a las familias <\/em><!--more--><\/p>\n<p>En aras de ampliar los esquemas de atenci\u00f3n y llegar a quienes no han sido tradicionalmente atendidos, la <strong>Secretar\u00eda de Desarrollo Agrario, Territorial y Urbano<\/strong> (Sedatu) ha entablado relaci\u00f3n con los diversos actores de la industria. En este marco, la dependencia trabaja muy de cerca con entidades como la <strong>Sociedad Hipotecaria Federal<\/strong> (SHF), para detonar diversos esquemas y acciones, como, por ejemplo, bajar la tasa de <strong>inter\u00e9s<\/strong> en financiamiento e impulsar un modelo que parta del ahorro previo de las familias y el complemento del <strong>subsidio<\/strong> para poder facilitar el acceso al cr\u00e9dito.<\/p>\n<p>As\u00ed lo se\u00f1al\u00f3 <strong>Carina Arvizu<\/strong>, subsecretaria de Desarrollo Urbano y Vivienda de Sedatu, quien destac\u00f3 que la dependencia que representa ya explora diversos mecanismos para llegar a todos los sectores de la poblaci\u00f3n.<\/p>\n<p>En entrevista con <strong>Centro Urbano<\/strong>, la funcionaria subray\u00f3 que, en el universo de atenci\u00f3n, es necesario poner \u00e9nfasis en los segmentos de la poblaci\u00f3n no afiliada, as\u00ed como aquellos que se mueven en la econom\u00eda mixta o informal.<\/p>\n<p>[quote]\u201cEstamos explorando distintas formas para poder atender a esta poblaci\u00f3n (no afiliada e informal), que hist\u00f3ricamente no ha sido atendida, y que hoy por hoy no son sujetos de cr\u00e9dito. Estamos trabajando con todas las entidades del sector, con Sociedad Hipotecaria Federal (SHF), para poder, por un lado, explorar la posibilidad de reducir las tasas de inter\u00e9s, que esto beneficiar\u00eda a toda la industria. Y por el otro, ver de qu\u00e9 manera se podr\u00edan entregar cr\u00e9ditos, y de qu\u00e9 forma se solventa el tema de las garant\u00edas\u201d, indic\u00f3.[\/quote]<\/p>\n<p>La Subsecretaria se\u00f1al\u00f3 que uno de los retos hacia adelante tiene que ver con innovar en las formas de atenci\u00f3n a las familias y dise\u00f1ar mecanismos que se adapten a su contexto. En este sentido, dijo, ser\u00e1 importante reconocer que las familias que trabajan en la informalidad registran un ingreso, y que, a partir de ah\u00ed, se pueden construir esquemas.<\/p>\n<p>Al respecto, explic\u00f3, se detonar\u00eda la figura del subsidio para impulsar un esquema que tome como base el ahorro previo de las familias y el apoyo del gobierno para que puedan acceder al cr\u00e9dito.<\/p>\n<p>\u201cEstas personas, al final muchas de ellas, aunque no est\u00e1n dentro del marco de un empleo formal, de cualquier manera, tienen una capacidad de gasto, un ingreso. Yo creo que lo interesante es poder entender estos esquemas en donde hay una aportaci\u00f3n por parte de las familias, otra parte de subsidio, y otra que es el cr\u00e9dito\u201d, indic\u00f3.<\/p>\n","protected":false},"excerpt":{"rendered":"<p>La Secretar\u00eda ya trabaja en esquemas que permitan ampliar los mecanismos de atenci\u00f3n a las familias<\/p>\n","protected":false},"author":47,"featured_media":97109,"comment_status":"open","ping_status":"closed","sticky":false,"template":"","format":"standard","meta":{"om_disable_all_campaigns":false,"inline_featured_image":false,"_monsterinsights_skip_tracking":false,"_monsterinsights_sitenote_active":false,"_monsterinsights_sitenote_note":"","_monsterinsights_sitenote_category":0,"footnotes":""},"categories":[13,12],"tags":[16453,16421,9133,105,3166,60],"class_list":["post-97108","post","type-post","status-publish","format-standard","has-post-thumbnail","hentry","category-entrevistas","category-vivienda","tag-ahorro-previo","tag-carina-arvizu","tag-no-afiliados","tag-sedatu","tag-subsidio","tag-vivienda-2"],"yoast_head":"<!-- This site is optimized with the Yoast SEO plugin v27.5 - https:\/\/yoast.com\/product\/yoast-seo-wordpress\/ -->\n<title>Subsidio y ahorro previo, la f\u00f3rmula que analiza Sedatu para no afiliados<\/title>\n<meta name=\"description\" content=\"En aras de ampliar los esquemas de atenci\u00f3n y llegar a quienes no han sido tradicionalmente atendidos, la Sedatu ha entablado relaci\u00f3n con los diversos...\" \/>\n<meta name=\"robots\" content=\"index, follow, max-snippet:-1, max-image-preview:large, max-video-preview:-1\" \/>\n<link rel=\"canonical\" href=\"https:\/\/centrourbano.com\/revista\/vivienda\/subsidio-ahorro-previo-sedatu\/\" \/>\n<meta property=\"og:locale\" content=\"es_ES\" \/>\n<meta property=\"og:type\" content=\"article\" \/>\n<meta property=\"og:title\" content=\"Subsidio y ahorro previo, la f\u00f3rmula que analiza Sedatu para no afiliados\" \/>\n<meta property=\"og:description\" content=\"En aras de ampliar los esquemas de atenci\u00f3n y llegar a quienes no han sido tradicionalmente atendidos, la Sedatu ha entablado relaci\u00f3n con los diversos...\" \/>\n<meta property=\"og:url\" content=\"https:\/\/centrourbano.com\/revista\/vivienda\/subsidio-ahorro-previo-sedatu\/\" \/>\n<meta property=\"og:site_name\" content=\"Centro Urbano\" \/>\n<meta property=\"article:publisher\" content=\"https:\/\/www.facebook.com\/portalcentrourbano\" \/>\n<meta property=\"article:published_time\" content=\"2019-10-08T23:48:39+00:00\" \/>\n<meta property=\"og:image\" content=\"https:\/\/centrourbano.com\/revista\/wp-content\/uploads\/Ahorro_Vivienda.jpg\" \/>\n\t<meta property=\"og:image:width\" content=\"800\" \/>\n\t<meta property=\"og:image:height\" content=\"533\" \/>\n\t<meta property=\"og:image:type\" content=\"image\/jpeg\" \/>\n<meta name=\"author\" content=\"Edgar Rosas\" \/>\n<meta name=\"twitter:card\" content=\"summary_large_image\" \/>\n<meta name=\"twitter:creator\" content=\"@https:\/\/twitter.com\/ERosasCU?s=09\" \/>\n<meta name=\"twitter:site\" content=\"@CentroUrbano\" \/>\n<meta name=\"twitter:label1\" content=\"Escrito por\" \/>\n\t<meta name=\"twitter:data1\" content=\"Edgar Rosas\" \/>\n\t<meta name=\"twitter:label2\" content=\"Tiempo de lectura\" \/>\n\t<meta name=\"twitter:data2\" content=\"2 minutos\" \/>\n<script type=\"application\/ld+json\" class=\"yoast-schema-graph\">{\"@context\":\"https:\\\/\\\/schema.org\",\"@graph\":[{\"@type\":\"Article\",\"@id\":\"https:\\\/\\\/centrourbano.com\\\/revista\\\/vivienda\\\/subsidio-ahorro-previo-sedatu\\\/#article\",\"isPartOf\":{\"@id\":\"https:\\\/\\\/centrourbano.com\\\/revista\\\/vivienda\\\/subsidio-ahorro-previo-sedatu\\\/\"},\"author\":{\"name\":\"Edgar Rosas\",\"@id\":\"https:\\\/\\\/centrourbano.com\\\/revista\\\/#\\\/schema\\\/person\\\/ff3c00651ce5b1630479d2cd0c2e3ac0\"},\"headline\":\"Subsidio y ahorro previo, la f\u00f3rmula que analiza Sedatu para atender a no afiliados\",\"datePublished\":\"2019-10-08T23:48:39+00:00\",\"mainEntityOfPage\":{\"@id\":\"https:\\\/\\\/centrourbano.com\\\/revista\\\/vivienda\\\/subsidio-ahorro-previo-sedatu\\\/\"},\"wordCount\":465,\"commentCount\":0,\"publisher\":{\"@id\":\"https:\\\/\\\/centrourbano.com\\\/revista\\\/#organization\"},\"image\":{\"@id\":\"https:\\\/\\\/centrourbano.com\\\/revista\\\/vivienda\\\/subsidio-ahorro-previo-sedatu\\\/#primaryimage\"},\"thumbnailUrl\":\"https:\\\/\\\/centrourbano.com\\\/revista\\\/wp-content\\\/uploads\\\/Ahorro_Vivienda.jpg\",\"keywords\":[\"Ahorro previo\",\"Carina Arvizu\",\"no afiliados\",\"Sedatu\",\"subsidio\",\"vivienda\"],\"articleSection\":[\"Entrevistas\",\"Vivienda\"],\"inLanguage\":\"es\",\"potentialAction\":[{\"@type\":\"CommentAction\",\"name\":\"Comment\",\"target\":[\"https:\\\/\\\/centrourbano.com\\\/revista\\\/vivienda\\\/subsidio-ahorro-previo-sedatu\\\/#respond\"]}]},{\"@type\":\"WebPage\",\"@id\":\"https:\\\/\\\/centrourbano.com\\\/revista\\\/vivienda\\\/subsidio-ahorro-previo-sedatu\\\/\",\"url\":\"https:\\\/\\\/centrourbano.com\\\/revista\\\/vivienda\\\/subsidio-ahorro-previo-sedatu\\\/\",\"name\":\"Subsidio y ahorro previo, la f\u00f3rmula que analiza Sedatu para no afiliados\",\"isPartOf\":{\"@id\":\"https:\\\/\\\/centrourbano.com\\\/revista\\\/#website\"},\"primaryImageOfPage\":{\"@id\":\"https:\\\/\\\/centrourbano.com\\\/revista\\\/vivienda\\\/subsidio-ahorro-previo-sedatu\\\/#primaryimage\"},\"image\":{\"@id\":\"https:\\\/\\\/centrourbano.com\\\/revista\\\/vivienda\\\/subsidio-ahorro-previo-sedatu\\\/#primaryimage\"},\"thumbnailUrl\":\"https:\\\/\\\/centrourbano.com\\\/revista\\\/wp-content\\\/uploads\\\/Ahorro_Vivienda.jpg\",\"datePublished\":\"2019-10-08T23:48:39+00:00\",\"description\":\"En aras de ampliar los esquemas de atenci\u00f3n y llegar a quienes no han sido tradicionalmente atendidos, la Sedatu ha entablado relaci\u00f3n con los diversos...\",\"breadcrumb\":{\"@id\":\"https:\\\/\\\/centrourbano.com\\\/revista\\\/vivienda\\\/subsidio-ahorro-previo-sedatu\\\/#breadcrumb\"},\"inLanguage\":\"es\",\"potentialAction\":[{\"@type\":\"ReadAction\",\"target\":[\"https:\\\/\\\/centrourbano.com\\\/revista\\\/vivienda\\\/subsidio-ahorro-previo-sedatu\\\/\"]}]},{\"@type\":\"ImageObject\",\"inLanguage\":\"es\",\"@id\":\"https:\\\/\\\/centrourbano.com\\\/revista\\\/vivienda\\\/subsidio-ahorro-previo-sedatu\\\/#primaryimage\",\"url\":\"https:\\\/\\\/centrourbano.com\\\/revista\\\/wp-content\\\/uploads\\\/Ahorro_Vivienda.jpg\",\"contentUrl\":\"https:\\\/\\\/centrourbano.com\\\/revista\\\/wp-content\\\/uploads\\\/Ahorro_Vivienda.jpg\",\"width\":800,\"height\":533},{\"@type\":\"BreadcrumbList\",\"@id\":\"https:\\\/\\\/centrourbano.com\\\/revista\\\/vivienda\\\/subsidio-ahorro-previo-sedatu\\\/#breadcrumb\",\"itemListElement\":[{\"@type\":\"ListItem\",\"position\":1,\"name\":\"Portada\",\"item\":\"https:\\\/\\\/centrourbano.com\\\/revista\\\/\"},{\"@type\":\"ListItem\",\"position\":2,\"name\":\"Subsidio y ahorro previo, la f\u00f3rmula que analiza Sedatu para atender a no afiliados\"}]},{\"@type\":\"WebSite\",\"@id\":\"https:\\\/\\\/centrourbano.com\\\/revista\\\/#website\",\"url\":\"https:\\\/\\\/centrourbano.com\\\/revista\\\/\",\"name\":\"Centro Urbano\",\"description\":\"Medio especializado en los sectores vivienda, inmobiliario, construcci\u00f3n, arquitectura y urbanismo.\",\"publisher\":{\"@id\":\"https:\\\/\\\/centrourbano.com\\\/revista\\\/#organization\"},\"potentialAction\":[{\"@type\":\"SearchAction\",\"target\":{\"@type\":\"EntryPoint\",\"urlTemplate\":\"https:\\\/\\\/centrourbano.com\\\/revista\\\/?s={search_term_string}\"},\"query-input\":{\"@type\":\"PropertyValueSpecification\",\"valueRequired\":true,\"valueName\":\"search_term_string\"}}],\"inLanguage\":\"es\"},{\"@type\":\"Organization\",\"@id\":\"https:\\\/\\\/centrourbano.com\\\/revista\\\/#organization\",\"name\":\"Centro Urbano\",\"url\":\"https:\\\/\\\/centrourbano.com\\\/revista\\\/\",\"logo\":{\"@type\":\"ImageObject\",\"inLanguage\":\"es\",\"@id\":\"https:\\\/\\\/centrourbano.com\\\/revista\\\/#\\\/schema\\\/logo\\\/image\\\/\",\"url\":\"https:\\\/\\\/centrourbano.com\\\/revista\\\/wp-content\\\/uploads\\\/web_CU_logo-1.png\",\"contentUrl\":\"https:\\\/\\\/centrourbano.com\\\/revista\\\/wp-content\\\/uploads\\\/web_CU_logo-1.png\",\"width\":350,\"height\":91,\"caption\":\"Centro Urbano\"},\"image\":{\"@id\":\"https:\\\/\\\/centrourbano.com\\\/revista\\\/#\\\/schema\\\/logo\\\/image\\\/\"},\"sameAs\":[\"https:\\\/\\\/www.facebook.com\\\/portalcentrourbano\",\"https:\\\/\\\/x.com\\\/CentroUrbano\",\"https:\\\/\\\/www.instagram.com\\\/centro_urbano\\\/\",\"https:\\\/\\\/www.linkedin.com\\\/company\\\/centro-urbano\\\/\",\"http:\\\/\\\/www.youtube.com\\\/user\\\/portalcentrourbano\"]},{\"@type\":\"Person\",\"@id\":\"https:\\\/\\\/centrourbano.com\\\/revista\\\/#\\\/schema\\\/person\\\/ff3c00651ce5b1630479d2cd0c2e3ac0\",\"name\":\"Edgar Rosas\",\"image\":{\"@type\":\"ImageObject\",\"inLanguage\":\"es\",\"@id\":\"https:\\\/\\\/secure.gravatar.com\\\/avatar\\\/94440c4283495211faa5300bf85e80061036b83fced868c3783aa1310b350d9c?s=96&d=mm&r=g\",\"url\":\"https:\\\/\\\/secure.gravatar.com\\\/avatar\\\/94440c4283495211faa5300bf85e80061036b83fced868c3783aa1310b350d9c?s=96&d=mm&r=g\",\"contentUrl\":\"https:\\\/\\\/secure.gravatar.com\\\/avatar\\\/94440c4283495211faa5300bf85e80061036b83fced868c3783aa1310b350d9c?s=96&d=mm&r=g\",\"caption\":\"Edgar Rosas\"},\"description\":\"Editor en Jefe de Centro Urbano. Egresado de la maestr\u00eda en Periodismo Pol\u00edtico de la Escuela de Periodismo Carlos Septi\u00e9n Garc\u00eda (EPCSG). Estudi\u00f3 la licenciatura en Comunicaci\u00f3n en la Universidad Mexicana. Amante de la cr\u00f3nica y el reportaje. Admirador de Vicente Le\u00f1ero y Miguel \u00c1ngel Granados Chapa.\",\"sameAs\":[\"https:\\\/\\\/x.com\\\/https:\\\/\\\/twitter.com\\\/ERosasCU?s=09\"],\"url\":\"https:\\\/\\\/centrourbano.com\\\/revista\\\/author\\\/edgar-rosas\\\/\"}]}<\/script>\n<!-- \/ Yoast SEO plugin. -->","yoast_head_json":{"title":"Subsidio y ahorro previo, la f\u00f3rmula que analiza Sedatu para no afiliados","description":"En aras de ampliar los esquemas de atenci\u00f3n y llegar a quienes no han sido tradicionalmente atendidos, la Sedatu ha entablado relaci\u00f3n con los diversos...","robots":{"index":"index","follow":"follow","max-snippet":"max-snippet:-1","max-image-preview":"max-image-preview:large","max-video-preview":"max-video-preview:-1"},"canonical":"https:\/\/centrourbano.com\/revista\/vivienda\/subsidio-ahorro-previo-sedatu\/","og_locale":"es_ES","og_type":"article","og_title":"Subsidio y ahorro previo, la f\u00f3rmula que analiza Sedatu para no afiliados","og_description":"En aras de ampliar los esquemas de atenci\u00f3n y llegar a quienes no han sido tradicionalmente atendidos, la Sedatu ha entablado relaci\u00f3n con los diversos...","og_url":"https:\/\/centrourbano.com\/revista\/vivienda\/subsidio-ahorro-previo-sedatu\/","og_site_name":"Centro Urbano","article_publisher":"https:\/\/www.facebook.com\/portalcentrourbano","article_published_time":"2019-10-08T23:48:39+00:00","og_image":[{"width":800,"height":533,"url":"https:\/\/centrourbano.com\/revista\/wp-content\/uploads\/Ahorro_Vivienda.jpg","type":"image\/jpeg"}],"author":"Edgar Rosas","twitter_card":"summary_large_image","twitter_creator":"@https:\/\/twitter.com\/ERosasCU?s=09","twitter_site":"@CentroUrbano","twitter_misc":{"Escrito por":"Edgar Rosas","Tiempo de lectura":"2 minutos"},"schema":{"@context":"https:\/\/schema.org","@graph":[{"@type":"Article","@id":"https:\/\/centrourbano.com\/revista\/vivienda\/subsidio-ahorro-previo-sedatu\/#article","isPartOf":{"@id":"https:\/\/centrourbano.com\/revista\/vivienda\/subsidio-ahorro-previo-sedatu\/"},"author":{"name":"Edgar Rosas","@id":"https:\/\/centrourbano.com\/revista\/#\/schema\/person\/ff3c00651ce5b1630479d2cd0c2e3ac0"},"headline":"Subsidio y ahorro previo, la f\u00f3rmula que analiza Sedatu para atender a no afiliados","datePublished":"2019-10-08T23:48:39+00:00","mainEntityOfPage":{"@id":"https:\/\/centrourbano.com\/revista\/vivienda\/subsidio-ahorro-previo-sedatu\/"},"wordCount":465,"commentCount":0,"publisher":{"@id":"https:\/\/centrourbano.com\/revista\/#organization"},"image":{"@id":"https:\/\/centrourbano.com\/revista\/vivienda\/subsidio-ahorro-previo-sedatu\/#primaryimage"},"thumbnailUrl":"https:\/\/centrourbano.com\/revista\/wp-content\/uploads\/Ahorro_Vivienda.jpg","keywords":["Ahorro previo","Carina Arvizu","no afiliados","Sedatu","subsidio","vivienda"],"articleSection":["Entrevistas","Vivienda"],"inLanguage":"es","potentialAction":[{"@type":"CommentAction","name":"Comment","target":["https:\/\/centrourbano.com\/revista\/vivienda\/subsidio-ahorro-previo-sedatu\/#respond"]}]},{"@type":"WebPage","@id":"https:\/\/centrourbano.com\/revista\/vivienda\/subsidio-ahorro-previo-sedatu\/","url":"https:\/\/centrourbano.com\/revista\/vivienda\/subsidio-ahorro-previo-sedatu\/","name":"Subsidio y ahorro previo, la f\u00f3rmula que analiza Sedatu para no afiliados","isPartOf":{"@id":"https:\/\/centrourbano.com\/revista\/#website"},"primaryImageOfPage":{"@id":"https:\/\/centrourbano.com\/revista\/vivienda\/subsidio-ahorro-previo-sedatu\/#primaryimage"},"image":{"@id":"https:\/\/centrourbano.com\/revista\/vivienda\/subsidio-ahorro-previo-sedatu\/#primaryimage"},"thumbnailUrl":"https:\/\/centrourbano.com\/revista\/wp-content\/uploads\/Ahorro_Vivienda.jpg","datePublished":"2019-10-08T23:48:39+00:00","description":"En aras de ampliar los esquemas de atenci\u00f3n y llegar a quienes no han sido tradicionalmente atendidos, la Sedatu ha entablado relaci\u00f3n con los diversos...","breadcrumb":{"@id":"https:\/\/centrourbano.com\/revista\/vivienda\/subsidio-ahorro-previo-sedatu\/#breadcrumb"},"inLanguage":"es","potentialAction":[{"@type":"ReadAction","target":["https:\/\/centrourbano.com\/revista\/vivienda\/subsidio-ahorro-previo-sedatu\/"]}]},{"@type":"ImageObject","inLanguage":"es","@id":"https:\/\/centrourbano.com\/revista\/vivienda\/subsidio-ahorro-previo-sedatu\/#primaryimage","url":"https:\/\/centrourbano.com\/revista\/wp-content\/uploads\/Ahorro_Vivienda.jpg","contentUrl":"https:\/\/centrourbano.com\/revista\/wp-content\/uploads\/Ahorro_Vivienda.jpg","width":800,"height":533},{"@type":"BreadcrumbList","@id":"https:\/\/centrourbano.com\/revista\/vivienda\/subsidio-ahorro-previo-sedatu\/#breadcrumb","itemListElement":[{"@type":"ListItem","position":1,"name":"Portada","item":"https:\/\/centrourbano.com\/revista\/"},{"@type":"ListItem","position":2,"name":"Subsidio y ahorro previo, la f\u00f3rmula que analiza Sedatu para atender a no afiliados"}]},{"@type":"WebSite","@id":"https:\/\/centrourbano.com\/revista\/#website","url":"https:\/\/centrourbano.com\/revista\/","name":"Centro Urbano","description":"Medio especializado en los sectores vivienda, inmobiliario, construcci\u00f3n, arquitectura y urbanismo.","publisher":{"@id":"https:\/\/centrourbano.com\/revista\/#organization"},"potentialAction":[{"@type":"SearchAction","target":{"@type":"EntryPoint","urlTemplate":"https:\/\/centrourbano.com\/revista\/?s={search_term_string}"},"query-input":{"@type":"PropertyValueSpecification","valueRequired":true,"valueName":"search_term_string"}}],"inLanguage":"es"},{"@type":"Organization","@id":"https:\/\/centrourbano.com\/revista\/#organization","name":"Centro Urbano","url":"https:\/\/centrourbano.com\/revista\/","logo":{"@type":"ImageObject","inLanguage":"es","@id":"https:\/\/centrourbano.com\/revista\/#\/schema\/logo\/image\/","url":"https:\/\/centrourbano.com\/revista\/wp-content\/uploads\/web_CU_logo-1.png","contentUrl":"https:\/\/centrourbano.com\/revista\/wp-content\/uploads\/web_CU_logo-1.png","width":350,"height":91,"caption":"Centro Urbano"},"image":{"@id":"https:\/\/centrourbano.com\/revista\/#\/schema\/logo\/image\/"},"sameAs":["https:\/\/www.facebook.com\/portalcentrourbano","https:\/\/x.com\/CentroUrbano","https:\/\/www.instagram.com\/centro_urbano\/","https:\/\/www.linkedin.com\/company\/centro-urbano\/","http:\/\/www.youtube.com\/user\/portalcentrourbano"]},{"@type":"Person","@id":"https:\/\/centrourbano.com\/revista\/#\/schema\/person\/ff3c00651ce5b1630479d2cd0c2e3ac0","name":"Edgar Rosas","image":{"@type":"ImageObject","inLanguage":"es","@id":"https:\/\/secure.gravatar.com\/avatar\/94440c4283495211faa5300bf85e80061036b83fced868c3783aa1310b350d9c?s=96&d=mm&r=g","url":"https:\/\/secure.gravatar.com\/avatar\/94440c4283495211faa5300bf85e80061036b83fced868c3783aa1310b350d9c?s=96&d=mm&r=g","contentUrl":"https:\/\/secure.gravatar.com\/avatar\/94440c4283495211faa5300bf85e80061036b83fced868c3783aa1310b350d9c?s=96&d=mm&r=g","caption":"Edgar Rosas"},"description":"Editor en Jefe de Centro Urbano. Egresado de la maestr\u00eda en Periodismo Pol\u00edtico de la Escuela de Periodismo Carlos Septi\u00e9n Garc\u00eda (EPCSG). Estudi\u00f3 la licenciatura en Comunicaci\u00f3n en la Universidad Mexicana. Amante de la cr\u00f3nica y el reportaje. Admirador de Vicente Le\u00f1ero y Miguel \u00c1ngel Granados Chapa.","sameAs":["https:\/\/x.com\/https:\/\/twitter.com\/ERosasCU?s=09"],"url":"https:\/\/centrourbano.com\/revista\/author\/edgar-rosas\/"}]}},"_links":{"self":[{"href":"https:\/\/centrourbano.com\/revista\/wp-json\/wp\/v2\/posts\/97108","targetHints":{"allow":["GET"]}}],"collection":[{"href":"https:\/\/centrourbano.com\/revista\/wp-json\/wp\/v2\/posts"}],"about":[{"href":"https:\/\/centrourbano.com\/revista\/wp-json\/wp\/v2\/types\/post"}],"author":[{"embeddable":true,"href":"https:\/\/centrourbano.com\/revista\/wp-json\/wp\/v2\/users\/47"}],"replies":[{"embeddable":true,"href":"https:\/\/centrourbano.com\/revista\/wp-json\/wp\/v2\/comments?post=97108"}],"version-history":[{"count":1,"href":"https:\/\/centrourbano.com\/revista\/wp-json\/wp\/v2\/posts\/97108\/revisions"}],"predecessor-version":[{"id":97110,"href":"https:\/\/centrourbano.com\/revista\/wp-json\/wp\/v2\/posts\/97108\/revisions\/97110"}],"wp:featuredmedia":[{"embeddable":true,"href":"https:\/\/centrourbano.com\/revista\/wp-json\/wp\/v2\/media\/97109"}],"wp:attachment":[{"href":"https:\/\/centrourbano.com\/revista\/wp-json\/wp\/v2\/media?parent=97108"}],"wp:term":[{"taxonomy":"category","embeddable":true,"href":"https:\/\/centrourbano.com\/revista\/wp-json\/wp\/v2\/categories?post=97108"},{"taxonomy":"post_tag","embeddable":true,"href":"https:\/\/centrourbano.com\/revista\/wp-json\/wp\/v2\/tags?post=97108"}],"curies":[{"name":"wp","href":"https:\/\/api.w.org\/{rel}","templated":true}]}}