{"id":97034,"date":"2019-10-07T19:04:26","date_gmt":"2019-10-08T00:04:26","guid":{"rendered":"https:\/\/centrourbano.com\/?p=97034"},"modified":"2019-10-07T19:05:37","modified_gmt":"2019-10-08T00:05:37","slug":"asentamientos-irregulares-sedatu","status":"publish","type":"post","link":"https:\/\/centrourbano.com\/revista\/vivienda\/asentamientos-irregulares-sedatu\/","title":{"rendered":"350,000 personas habitan asentamientos irregulares: Sedatu"},"content":{"rendered":"<p><em>En el marco del D\u00eda Mundial del H\u00e1bitat, Rom\u00e1n Meyer Falc\u00f3n, titular de Sedatu, se\u00f1al\u00f3 que el reto es innovar en materia de pol\u00edtica p\u00fablica para construir espacios habitables, equitativos, seguros y sostenibles <\/em><!--more--><\/p>\n<p>El <strong>modelo expansivo de las urbes<\/strong>, observado en las \u00faltimas tres d\u00e9cadas, ha tra\u00eddo como consecuencia la proliferaci\u00f3n de <strong>asentamientos irregulares<\/strong>. Y a la fecha, se calcula que tan s\u00f3lo en las zonas metropolitanas existen <strong>7.5 millones<\/strong> de predios irregulares, en los que habitan <strong>350,000 personas<\/strong> en condiciones precarias.<\/p>\n<p>As\u00ed lo se\u00f1al\u00f3 <a href=\"https:\/\/twitter.com\/MeyerFalcon\" target=\"_blank\" rel=\"noopener noreferrer\">Rom\u00e1n Meyer Falc\u00f3n<\/a>, titular de la<strong> Secretar\u00eda de Desarrollo Agrario, Territorial y Urbano<\/strong> (Sedatu), quien destac\u00f3 que los asentamientos irregulares son la muestra de la <strong>incapacidad<\/strong> que ha existido en las autoridades para impulsar una planificaci\u00f3n y aprovechar de mejor manera el suelo.<\/p>\n<p>Durante su participaci\u00f3n en la ceremonia por el D\u00eda Mundial del H\u00e1bitat, el funcionario federal se\u00f1al\u00f3 que, de cara a los retos de las ciudades, resulta trascendental evaluar el modelo de desarrollo que se ha implementado y que se heredar\u00e1 a las futuras generaciones.<\/p>\n<p>[quote]\u201cEl proceso de urbanizaci\u00f3n de los \u00faltimos 30 a\u00f1os se ha caracterizado por ser un modelo de r\u00e1pida expansi\u00f3n, llegando a triplicar el crecimiento urbano sobre el crecimiento de la poblaci\u00f3n.<\/p>\n<p>\u201cUna consecuencia de esto son los mal llamados asentamientos irregulares, estos territorios que no ofrecen condiciones \u00f3ptimas para el desarrollo de las familias y que sin embargo se han convertido en la \u00fanica opci\u00f3n para millones de personas en todo el mundo; adem\u00e1s de generar altos costos de dotaci\u00f3n de los servicios han puesto en evidencia la escasa capacidad de las autoridades para planear de mejor forma el uso ocupaci\u00f3n y aprovechamiento del territorio\u201d, apunt\u00f3.[\/quote]<\/p>\n<p>El Secretario destac\u00f3 que los asentamientos irregulares son tambi\u00e9n una muestra de las <strong>fallas de la pol\u00edtica p\u00fablica<\/strong> para integrar a los que menos ganan al mercado formal del suelo. Esto, dijo, se traduce en las desigualdades que se observan en las urbes mexicanas.<\/p>\n<p>\u201cLa innovaci\u00f3n a la que nos invita el lema de este a\u00f1o es tambi\u00e9n proponer y cambiar la forma en c\u00f3mo se han venido haciendo las cosas; es situar a las <strong>personas como sujetos de derechos<\/strong> y a transformar la forma en c\u00f3mo se ha gestionado los entornos para mejorar la calidad de vida de millones de mexicanos.<\/p>\n<p>\u201cLa Sedatu se ha planteado el modelo de impulsar <strong>un h\u00e1bitat m\u00e1s humano asequible y sostenible<\/strong>; un h\u00e1bitat que nos permita construir los espacios en los que podamos vivir seguros y en condiciones de igualdad esos espacios de los que hablo no pueden ser posibles sin innovar las pol\u00edticas p\u00fablicas por eso necesitamos atender las necesidades de la poblaci\u00f3n con mayores niveles de rezago a los que hist\u00f3ricamente se les ha negado un derecho a la vida es prioritario que la innovaci\u00f3n y la tecnolog\u00eda sean puestas al servicio de las personas y de las comunidades en seguimiento a la<\/p>\n","protected":false},"excerpt":{"rendered":"<p>En el marco del D\u00eda Mundial del H\u00e1bitat, Rom\u00e1n Meyer Falc\u00f3n, titular de Sedatu, se\u00f1al\u00f3 que el reto es innovar en materia de pol\u00edtica p\u00fablica para construir espacios habitables, equitativos, seguros y sostenibles<\/p>\n","protected":false},"author":47,"featured_media":97035,"comment_status":"open","ping_status":"closed","sticky":false,"template":"","format":"standard","meta":{"om_disable_all_campaigns":false,"inline_featured_image":false,"_monsterinsights_skip_tracking":false,"_monsterinsights_sitenote_active":false,"_monsterinsights_sitenote_note":"","_monsterinsights_sitenote_category":0,"footnotes":""},"categories":[82,12],"tags":[166,8615,2653,13493,105],"class_list":["post-97034","post","type-post","status-publish","format-standard","has-post-thumbnail","hentry","category-urbanismo","category-vivienda","tag-asentamientos-irregulares","tag-dia-mundial-del-habitat","tag-onu-habitat","tag-roman-meyer-falcon","tag-sedatu"],"yoast_head":"<!-- This site is optimized with the Yoast SEO plugin v27.4 - https:\/\/yoast.com\/product\/yoast-seo-wordpress\/ -->\n<title>350,000 personas habitan asentamientos irregulares: Sedatu<\/title>\n<meta name=\"description\" content=\"El modelo expansivo de las urbes, observado en las \u00faltimas tres d\u00e9cadas, ha tra\u00eddo como consecuencia la proliferaci\u00f3n de asentamientos irregulares.\" \/>\n<meta name=\"robots\" content=\"index, follow, max-snippet:-1, max-image-preview:large, max-video-preview:-1\" \/>\n<link rel=\"canonical\" href=\"https:\/\/centrourbano.com\/revista\/vivienda\/asentamientos-irregulares-sedatu\/\" \/>\n<meta property=\"og:locale\" content=\"es_ES\" \/>\n<meta property=\"og:type\" content=\"article\" \/>\n<meta property=\"og:title\" content=\"350,000 personas habitan asentamientos irregulares: Sedatu\" \/>\n<meta property=\"og:description\" content=\"El modelo expansivo de las urbes, observado en las \u00faltimas tres d\u00e9cadas, ha tra\u00eddo como consecuencia la proliferaci\u00f3n de asentamientos irregulares.\" \/>\n<meta property=\"og:url\" content=\"https:\/\/centrourbano.com\/revista\/vivienda\/asentamientos-irregulares-sedatu\/\" \/>\n<meta property=\"og:site_name\" content=\"Centro Urbano\" \/>\n<meta property=\"article:publisher\" content=\"https:\/\/www.facebook.com\/portalcentrourbano\" \/>\n<meta property=\"article:published_time\" content=\"2019-10-08T00:04:26+00:00\" \/>\n<meta property=\"article:modified_time\" content=\"2019-10-08T00:05:37+00:00\" \/>\n<meta property=\"og:image\" content=\"https:\/\/centrourbano.com\/revista\/wp-content\/uploads\/Rom\u00e1n-Meyer_D\u00eda-Mundial-del-H\u00e1bitat-e1570492928569.jpg\" \/>\n\t<meta property=\"og:image:width\" content=\"800\" \/>\n\t<meta property=\"og:image:height\" content=\"569\" \/>\n\t<meta property=\"og:image:type\" content=\"image\/jpeg\" \/>\n<meta name=\"author\" content=\"Edgar Rosas\" \/>\n<meta name=\"twitter:card\" content=\"summary_large_image\" \/>\n<meta name=\"twitter:creator\" content=\"@https:\/\/twitter.com\/ERosasCU?s=09\" \/>\n<meta name=\"twitter:site\" content=\"@CentroUrbano\" \/>\n<meta name=\"twitter:label1\" content=\"Escrito por\" \/>\n\t<meta name=\"twitter:data1\" content=\"Edgar Rosas\" \/>\n\t<meta name=\"twitter:label2\" content=\"Tiempo de lectura\" \/>\n\t<meta name=\"twitter:data2\" content=\"3 minutos\" \/>\n<script type=\"application\/ld+json\" class=\"yoast-schema-graph\">{\"@context\":\"https:\\\/\\\/schema.org\",\"@graph\":[{\"@type\":\"Article\",\"@id\":\"https:\\\/\\\/centrourbano.com\\\/revista\\\/vivienda\\\/asentamientos-irregulares-sedatu\\\/#article\",\"isPartOf\":{\"@id\":\"https:\\\/\\\/centrourbano.com\\\/revista\\\/vivienda\\\/asentamientos-irregulares-sedatu\\\/\"},\"author\":{\"name\":\"Edgar Rosas\",\"@id\":\"https:\\\/\\\/centrourbano.com\\\/revista\\\/#\\\/schema\\\/person\\\/ff3c00651ce5b1630479d2cd0c2e3ac0\"},\"headline\":\"350,000 personas habitan asentamientos irregulares: Sedatu\",\"datePublished\":\"2019-10-08T00:04:26+00:00\",\"dateModified\":\"2019-10-08T00:05:37+00:00\",\"mainEntityOfPage\":{\"@id\":\"https:\\\/\\\/centrourbano.com\\\/revista\\\/vivienda\\\/asentamientos-irregulares-sedatu\\\/\"},\"wordCount\":530,\"commentCount\":0,\"publisher\":{\"@id\":\"https:\\\/\\\/centrourbano.com\\\/revista\\\/#organization\"},\"image\":{\"@id\":\"https:\\\/\\\/centrourbano.com\\\/revista\\\/vivienda\\\/asentamientos-irregulares-sedatu\\\/#primaryimage\"},\"thumbnailUrl\":\"https:\\\/\\\/centrourbano.com\\\/revista\\\/wp-content\\\/uploads\\\/Rom\u00e1n-Meyer_D\u00eda-Mundial-del-H\u00e1bitat-e1570492928569.jpg\",\"keywords\":[\"Asentamientos irregulares\",\"D\u00eda Mundial del Habitat\",\"ONU-Habitat\",\"Rom\u00e1n Meyer Falc\u00f3n\",\"Sedatu\"],\"articleSection\":[\"Urbanismo\",\"Vivienda\"],\"inLanguage\":\"es\",\"potentialAction\":[{\"@type\":\"CommentAction\",\"name\":\"Comment\",\"target\":[\"https:\\\/\\\/centrourbano.com\\\/revista\\\/vivienda\\\/asentamientos-irregulares-sedatu\\\/#respond\"]}]},{\"@type\":\"WebPage\",\"@id\":\"https:\\\/\\\/centrourbano.com\\\/revista\\\/vivienda\\\/asentamientos-irregulares-sedatu\\\/\",\"url\":\"https:\\\/\\\/centrourbano.com\\\/revista\\\/vivienda\\\/asentamientos-irregulares-sedatu\\\/\",\"name\":\"350,000 personas habitan asentamientos irregulares: Sedatu\",\"isPartOf\":{\"@id\":\"https:\\\/\\\/centrourbano.com\\\/revista\\\/#website\"},\"primaryImageOfPage\":{\"@id\":\"https:\\\/\\\/centrourbano.com\\\/revista\\\/vivienda\\\/asentamientos-irregulares-sedatu\\\/#primaryimage\"},\"image\":{\"@id\":\"https:\\\/\\\/centrourbano.com\\\/revista\\\/vivienda\\\/asentamientos-irregulares-sedatu\\\/#primaryimage\"},\"thumbnailUrl\":\"https:\\\/\\\/centrourbano.com\\\/revista\\\/wp-content\\\/uploads\\\/Rom\u00e1n-Meyer_D\u00eda-Mundial-del-H\u00e1bitat-e1570492928569.jpg\",\"datePublished\":\"2019-10-08T00:04:26+00:00\",\"dateModified\":\"2019-10-08T00:05:37+00:00\",\"description\":\"El modelo expansivo de las urbes, observado en las \u00faltimas tres d\u00e9cadas, ha tra\u00eddo como consecuencia la proliferaci\u00f3n de asentamientos irregulares.\",\"breadcrumb\":{\"@id\":\"https:\\\/\\\/centrourbano.com\\\/revista\\\/vivienda\\\/asentamientos-irregulares-sedatu\\\/#breadcrumb\"},\"inLanguage\":\"es\",\"potentialAction\":[{\"@type\":\"ReadAction\",\"target\":[\"https:\\\/\\\/centrourbano.com\\\/revista\\\/vivienda\\\/asentamientos-irregulares-sedatu\\\/\"]}]},{\"@type\":\"ImageObject\",\"inLanguage\":\"es\",\"@id\":\"https:\\\/\\\/centrourbano.com\\\/revista\\\/vivienda\\\/asentamientos-irregulares-sedatu\\\/#primaryimage\",\"url\":\"https:\\\/\\\/centrourbano.com\\\/revista\\\/wp-content\\\/uploads\\\/Rom\u00e1n-Meyer_D\u00eda-Mundial-del-H\u00e1bitat-e1570492928569.jpg\",\"contentUrl\":\"https:\\\/\\\/centrourbano.com\\\/revista\\\/wp-content\\\/uploads\\\/Rom\u00e1n-Meyer_D\u00eda-Mundial-del-H\u00e1bitat-e1570492928569.jpg\",\"width\":800,\"height\":569,\"caption\":\"350,000 personas habitan asentamientos irregulares: Sedatu\"},{\"@type\":\"BreadcrumbList\",\"@id\":\"https:\\\/\\\/centrourbano.com\\\/revista\\\/vivienda\\\/asentamientos-irregulares-sedatu\\\/#breadcrumb\",\"itemListElement\":[{\"@type\":\"ListItem\",\"position\":1,\"name\":\"Portada\",\"item\":\"https:\\\/\\\/centrourbano.com\\\/revista\\\/\"},{\"@type\":\"ListItem\",\"position\":2,\"name\":\"350,000 personas habitan asentamientos irregulares: Sedatu\"}]},{\"@type\":\"WebSite\",\"@id\":\"https:\\\/\\\/centrourbano.com\\\/revista\\\/#website\",\"url\":\"https:\\\/\\\/centrourbano.com\\\/revista\\\/\",\"name\":\"Centro Urbano\",\"description\":\"Medio especializado en los sectores vivienda, inmobiliario, construcci\u00f3n, arquitectura y urbanismo.\",\"publisher\":{\"@id\":\"https:\\\/\\\/centrourbano.com\\\/revista\\\/#organization\"},\"potentialAction\":[{\"@type\":\"SearchAction\",\"target\":{\"@type\":\"EntryPoint\",\"urlTemplate\":\"https:\\\/\\\/centrourbano.com\\\/revista\\\/?s={search_term_string}\"},\"query-input\":{\"@type\":\"PropertyValueSpecification\",\"valueRequired\":true,\"valueName\":\"search_term_string\"}}],\"inLanguage\":\"es\"},{\"@type\":\"Organization\",\"@id\":\"https:\\\/\\\/centrourbano.com\\\/revista\\\/#organization\",\"name\":\"Centro Urbano\",\"url\":\"https:\\\/\\\/centrourbano.com\\\/revista\\\/\",\"logo\":{\"@type\":\"ImageObject\",\"inLanguage\":\"es\",\"@id\":\"https:\\\/\\\/centrourbano.com\\\/revista\\\/#\\\/schema\\\/logo\\\/image\\\/\",\"url\":\"https:\\\/\\\/centrourbano.com\\\/revista\\\/wp-content\\\/uploads\\\/web_CU_logo-1.png\",\"contentUrl\":\"https:\\\/\\\/centrourbano.com\\\/revista\\\/wp-content\\\/uploads\\\/web_CU_logo-1.png\",\"width\":350,\"height\":91,\"caption\":\"Centro Urbano\"},\"image\":{\"@id\":\"https:\\\/\\\/centrourbano.com\\\/revista\\\/#\\\/schema\\\/logo\\\/image\\\/\"},\"sameAs\":[\"https:\\\/\\\/www.facebook.com\\\/portalcentrourbano\",\"https:\\\/\\\/x.com\\\/CentroUrbano\",\"https:\\\/\\\/www.instagram.com\\\/centro_urbano\\\/\",\"https:\\\/\\\/www.linkedin.com\\\/company\\\/centro-urbano\\\/\",\"http:\\\/\\\/www.youtube.com\\\/user\\\/portalcentrourbano\"]},{\"@type\":\"Person\",\"@id\":\"https:\\\/\\\/centrourbano.com\\\/revista\\\/#\\\/schema\\\/person\\\/ff3c00651ce5b1630479d2cd0c2e3ac0\",\"name\":\"Edgar Rosas\",\"image\":{\"@type\":\"ImageObject\",\"inLanguage\":\"es\",\"@id\":\"https:\\\/\\\/secure.gravatar.com\\\/avatar\\\/94440c4283495211faa5300bf85e80061036b83fced868c3783aa1310b350d9c?s=96&d=mm&r=g\",\"url\":\"https:\\\/\\\/secure.gravatar.com\\\/avatar\\\/94440c4283495211faa5300bf85e80061036b83fced868c3783aa1310b350d9c?s=96&d=mm&r=g\",\"contentUrl\":\"https:\\\/\\\/secure.gravatar.com\\\/avatar\\\/94440c4283495211faa5300bf85e80061036b83fced868c3783aa1310b350d9c?s=96&d=mm&r=g\",\"caption\":\"Edgar Rosas\"},\"description\":\"Editor en Jefe de Centro Urbano. Egresado de la maestr\u00eda en Periodismo Pol\u00edtico de la Escuela de Periodismo Carlos Septi\u00e9n Garc\u00eda (EPCSG). Estudi\u00f3 la licenciatura en Comunicaci\u00f3n en la Universidad Mexicana. Amante de la cr\u00f3nica y el reportaje. Admirador de Vicente Le\u00f1ero y Miguel \u00c1ngel Granados Chapa.\",\"sameAs\":[\"https:\\\/\\\/x.com\\\/https:\\\/\\\/twitter.com\\\/ERosasCU?s=09\"],\"url\":\"https:\\\/\\\/centrourbano.com\\\/revista\\\/author\\\/edgar-rosas\\\/\"}]}<\/script>\n<!-- \/ Yoast SEO plugin. -->","yoast_head_json":{"title":"350,000 personas habitan asentamientos irregulares: Sedatu","description":"El modelo expansivo de las urbes, observado en las \u00faltimas tres d\u00e9cadas, ha tra\u00eddo como consecuencia la proliferaci\u00f3n de asentamientos irregulares.","robots":{"index":"index","follow":"follow","max-snippet":"max-snippet:-1","max-image-preview":"max-image-preview:large","max-video-preview":"max-video-preview:-1"},"canonical":"https:\/\/centrourbano.com\/revista\/vivienda\/asentamientos-irregulares-sedatu\/","og_locale":"es_ES","og_type":"article","og_title":"350,000 personas habitan asentamientos irregulares: Sedatu","og_description":"El modelo expansivo de las urbes, observado en las \u00faltimas tres d\u00e9cadas, ha tra\u00eddo como consecuencia la proliferaci\u00f3n de asentamientos irregulares.","og_url":"https:\/\/centrourbano.com\/revista\/vivienda\/asentamientos-irregulares-sedatu\/","og_site_name":"Centro Urbano","article_publisher":"https:\/\/www.facebook.com\/portalcentrourbano","article_published_time":"2019-10-08T00:04:26+00:00","article_modified_time":"2019-10-08T00:05:37+00:00","og_image":[{"width":800,"height":569,"url":"https:\/\/centrourbano.com\/revista\/wp-content\/uploads\/Rom\u00e1n-Meyer_D\u00eda-Mundial-del-H\u00e1bitat-e1570492928569.jpg","type":"image\/jpeg"}],"author":"Edgar Rosas","twitter_card":"summary_large_image","twitter_creator":"@https:\/\/twitter.com\/ERosasCU?s=09","twitter_site":"@CentroUrbano","twitter_misc":{"Escrito por":"Edgar Rosas","Tiempo de lectura":"3 minutos"},"schema":{"@context":"https:\/\/schema.org","@graph":[{"@type":"Article","@id":"https:\/\/centrourbano.com\/revista\/vivienda\/asentamientos-irregulares-sedatu\/#article","isPartOf":{"@id":"https:\/\/centrourbano.com\/revista\/vivienda\/asentamientos-irregulares-sedatu\/"},"author":{"name":"Edgar Rosas","@id":"https:\/\/centrourbano.com\/revista\/#\/schema\/person\/ff3c00651ce5b1630479d2cd0c2e3ac0"},"headline":"350,000 personas habitan asentamientos irregulares: Sedatu","datePublished":"2019-10-08T00:04:26+00:00","dateModified":"2019-10-08T00:05:37+00:00","mainEntityOfPage":{"@id":"https:\/\/centrourbano.com\/revista\/vivienda\/asentamientos-irregulares-sedatu\/"},"wordCount":530,"commentCount":0,"publisher":{"@id":"https:\/\/centrourbano.com\/revista\/#organization"},"image":{"@id":"https:\/\/centrourbano.com\/revista\/vivienda\/asentamientos-irregulares-sedatu\/#primaryimage"},"thumbnailUrl":"https:\/\/centrourbano.com\/revista\/wp-content\/uploads\/Rom\u00e1n-Meyer_D\u00eda-Mundial-del-H\u00e1bitat-e1570492928569.jpg","keywords":["Asentamientos irregulares","D\u00eda Mundial del Habitat","ONU-Habitat","Rom\u00e1n Meyer Falc\u00f3n","Sedatu"],"articleSection":["Urbanismo","Vivienda"],"inLanguage":"es","potentialAction":[{"@type":"CommentAction","name":"Comment","target":["https:\/\/centrourbano.com\/revista\/vivienda\/asentamientos-irregulares-sedatu\/#respond"]}]},{"@type":"WebPage","@id":"https:\/\/centrourbano.com\/revista\/vivienda\/asentamientos-irregulares-sedatu\/","url":"https:\/\/centrourbano.com\/revista\/vivienda\/asentamientos-irregulares-sedatu\/","name":"350,000 personas habitan asentamientos irregulares: Sedatu","isPartOf":{"@id":"https:\/\/centrourbano.com\/revista\/#website"},"primaryImageOfPage":{"@id":"https:\/\/centrourbano.com\/revista\/vivienda\/asentamientos-irregulares-sedatu\/#primaryimage"},"image":{"@id":"https:\/\/centrourbano.com\/revista\/vivienda\/asentamientos-irregulares-sedatu\/#primaryimage"},"thumbnailUrl":"https:\/\/centrourbano.com\/revista\/wp-content\/uploads\/Rom\u00e1n-Meyer_D\u00eda-Mundial-del-H\u00e1bitat-e1570492928569.jpg","datePublished":"2019-10-08T00:04:26+00:00","dateModified":"2019-10-08T00:05:37+00:00","description":"El modelo expansivo de las urbes, observado en las \u00faltimas tres d\u00e9cadas, ha tra\u00eddo como consecuencia la proliferaci\u00f3n de asentamientos irregulares.","breadcrumb":{"@id":"https:\/\/centrourbano.com\/revista\/vivienda\/asentamientos-irregulares-sedatu\/#breadcrumb"},"inLanguage":"es","potentialAction":[{"@type":"ReadAction","target":["https:\/\/centrourbano.com\/revista\/vivienda\/asentamientos-irregulares-sedatu\/"]}]},{"@type":"ImageObject","inLanguage":"es","@id":"https:\/\/centrourbano.com\/revista\/vivienda\/asentamientos-irregulares-sedatu\/#primaryimage","url":"https:\/\/centrourbano.com\/revista\/wp-content\/uploads\/Rom\u00e1n-Meyer_D\u00eda-Mundial-del-H\u00e1bitat-e1570492928569.jpg","contentUrl":"https:\/\/centrourbano.com\/revista\/wp-content\/uploads\/Rom\u00e1n-Meyer_D\u00eda-Mundial-del-H\u00e1bitat-e1570492928569.jpg","width":800,"height":569,"caption":"350,000 personas habitan asentamientos irregulares: Sedatu"},{"@type":"BreadcrumbList","@id":"https:\/\/centrourbano.com\/revista\/vivienda\/asentamientos-irregulares-sedatu\/#breadcrumb","itemListElement":[{"@type":"ListItem","position":1,"name":"Portada","item":"https:\/\/centrourbano.com\/revista\/"},{"@type":"ListItem","position":2,"name":"350,000 personas habitan asentamientos irregulares: Sedatu"}]},{"@type":"WebSite","@id":"https:\/\/centrourbano.com\/revista\/#website","url":"https:\/\/centrourbano.com\/revista\/","name":"Centro Urbano","description":"Medio especializado en los sectores vivienda, inmobiliario, construcci\u00f3n, arquitectura y urbanismo.","publisher":{"@id":"https:\/\/centrourbano.com\/revista\/#organization"},"potentialAction":[{"@type":"SearchAction","target":{"@type":"EntryPoint","urlTemplate":"https:\/\/centrourbano.com\/revista\/?s={search_term_string}"},"query-input":{"@type":"PropertyValueSpecification","valueRequired":true,"valueName":"search_term_string"}}],"inLanguage":"es"},{"@type":"Organization","@id":"https:\/\/centrourbano.com\/revista\/#organization","name":"Centro Urbano","url":"https:\/\/centrourbano.com\/revista\/","logo":{"@type":"ImageObject","inLanguage":"es","@id":"https:\/\/centrourbano.com\/revista\/#\/schema\/logo\/image\/","url":"https:\/\/centrourbano.com\/revista\/wp-content\/uploads\/web_CU_logo-1.png","contentUrl":"https:\/\/centrourbano.com\/revista\/wp-content\/uploads\/web_CU_logo-1.png","width":350,"height":91,"caption":"Centro Urbano"},"image":{"@id":"https:\/\/centrourbano.com\/revista\/#\/schema\/logo\/image\/"},"sameAs":["https:\/\/www.facebook.com\/portalcentrourbano","https:\/\/x.com\/CentroUrbano","https:\/\/www.instagram.com\/centro_urbano\/","https:\/\/www.linkedin.com\/company\/centro-urbano\/","http:\/\/www.youtube.com\/user\/portalcentrourbano"]},{"@type":"Person","@id":"https:\/\/centrourbano.com\/revista\/#\/schema\/person\/ff3c00651ce5b1630479d2cd0c2e3ac0","name":"Edgar Rosas","image":{"@type":"ImageObject","inLanguage":"es","@id":"https:\/\/secure.gravatar.com\/avatar\/94440c4283495211faa5300bf85e80061036b83fced868c3783aa1310b350d9c?s=96&d=mm&r=g","url":"https:\/\/secure.gravatar.com\/avatar\/94440c4283495211faa5300bf85e80061036b83fced868c3783aa1310b350d9c?s=96&d=mm&r=g","contentUrl":"https:\/\/secure.gravatar.com\/avatar\/94440c4283495211faa5300bf85e80061036b83fced868c3783aa1310b350d9c?s=96&d=mm&r=g","caption":"Edgar Rosas"},"description":"Editor en Jefe de Centro Urbano. Egresado de la maestr\u00eda en Periodismo Pol\u00edtico de la Escuela de Periodismo Carlos Septi\u00e9n Garc\u00eda (EPCSG). Estudi\u00f3 la licenciatura en Comunicaci\u00f3n en la Universidad Mexicana. Amante de la cr\u00f3nica y el reportaje. Admirador de Vicente Le\u00f1ero y Miguel \u00c1ngel Granados Chapa.","sameAs":["https:\/\/x.com\/https:\/\/twitter.com\/ERosasCU?s=09"],"url":"https:\/\/centrourbano.com\/revista\/author\/edgar-rosas\/"}]}},"_links":{"self":[{"href":"https:\/\/centrourbano.com\/revista\/wp-json\/wp\/v2\/posts\/97034","targetHints":{"allow":["GET"]}}],"collection":[{"href":"https:\/\/centrourbano.com\/revista\/wp-json\/wp\/v2\/posts"}],"about":[{"href":"https:\/\/centrourbano.com\/revista\/wp-json\/wp\/v2\/types\/post"}],"author":[{"embeddable":true,"href":"https:\/\/centrourbano.com\/revista\/wp-json\/wp\/v2\/users\/47"}],"replies":[{"embeddable":true,"href":"https:\/\/centrourbano.com\/revista\/wp-json\/wp\/v2\/comments?post=97034"}],"version-history":[{"count":2,"href":"https:\/\/centrourbano.com\/revista\/wp-json\/wp\/v2\/posts\/97034\/revisions"}],"predecessor-version":[{"id":97038,"href":"https:\/\/centrourbano.com\/revista\/wp-json\/wp\/v2\/posts\/97034\/revisions\/97038"}],"wp:featuredmedia":[{"embeddable":true,"href":"https:\/\/centrourbano.com\/revista\/wp-json\/wp\/v2\/media\/97035"}],"wp:attachment":[{"href":"https:\/\/centrourbano.com\/revista\/wp-json\/wp\/v2\/media?parent=97034"}],"wp:term":[{"taxonomy":"category","embeddable":true,"href":"https:\/\/centrourbano.com\/revista\/wp-json\/wp\/v2\/categories?post=97034"},{"taxonomy":"post_tag","embeddable":true,"href":"https:\/\/centrourbano.com\/revista\/wp-json\/wp\/v2\/tags?post=97034"}],"curies":[{"name":"wp","href":"https:\/\/api.w.org\/{rel}","templated":true}]}}