{"id":97018,"date":"2019-10-07T14:23:15","date_gmt":"2019-10-07T19:23:15","guid":{"rendered":"https:\/\/centrourbano.com\/?p=97018"},"modified":"2019-10-07T18:54:25","modified_gmt":"2019-10-07T23:54:25","slug":"infonavit-impuestos-desarrolladores-1","status":"publish","type":"post","link":"https:\/\/centrourbano.com\/revista\/vivienda\/infonavit-impuestos-desarrolladores-1\/","title":{"rendered":"Critica Mart\u00ednez condonaci\u00f3n de impuestos a desarrolladores"},"content":{"rendered":"<p><em>El director general del Infonavit destac\u00f3 que en M\u00e9xico hay un \u201cnuevo comienzo\u201d en materia de vivienda y desarrollo urbano <\/em><!--more--><\/p>\n<p>En el marco de la ceremonia por el <strong>D\u00eda Mundial del H\u00e1bitat<\/strong>, <a href=\"https:\/\/twitter.com\/carlosmartinezv\" target=\"_blank\" rel=\"noopener noreferrer\">Carlos Mart\u00ednez<\/a>, director general del Infonavit, expres\u00f3 su rechazo a las <strong>condonaciones fiscales<\/strong> que la administraci\u00f3n anterior realiz\u00f3 a desarrolladoras de vivienda por 7,000 millones de pesos. Este hecho, dijo el directivo, demuestra \u201cla magnitud del contubernio del gobierno con los grandes desarrolladores\u201d.<\/p>\n<p>En su mensaje ante funcionarios del gobierno federal, y con la presencia de Maimunah Mohd Sharif, Directora ejecutiva de ONU H\u00e1bitat, el Director del Infonavit se\u00f1al\u00f3 que este contubernio entre el gobierno y desarrollados \u201crepresent\u00f3 la claudicaci\u00f3n del Estado mexicano en la conducci\u00f3n de la <strong>Pol\u00edtica Nacional de Vivienda<\/strong>\u201d, lo que devino en \u201cun desastre en el desarrollo urbano\u201d.<\/p>\n<p>[quote]\u201cA ese monto ascienden las condonaciones fiscales que Homex y Corporaci\u00f3n Geo y sus filiales recibieron entre 2007 y 2015. De esa magnitud era el contubernio del gobierno con los grandes desarrolladores, e implic\u00f3 la claudicaci\u00f3n del Estado mexicano en la conducci\u00f3n de la Pol\u00edtica Nacional de Vivienda.<\/p>\n<p>\u201cUna din\u00e1mica que culmin\u00f3 en un desastre en el desarrollo urbano y el manejo de desechos s\u00f3lidos en nuestras ciudades\u201d.[\/quote]<\/p>\n<p>Carlos Mart\u00ednez asegur\u00f3 que la entrada del nuevo gobierno represent\u00f3 \u201c<strong>un nuevo comienzo<\/strong>\u201d en materia de vivienda y desarrollo urbano. En este, indic\u00f3, hay un nuevo trato con empresarios, en donde el Estado tiene como prioritaria recuperar la rector\u00eda en materia de tierra y vivienda.<\/p>\n<p>\u201cLes comparto tres principios que, en mi opini\u00f3n, son la base de este acuerdo y de este Nuevo Comienzo: 1. El Estado est\u00e1 al servicio del pueblo y de la demanda de vivienda; 2. El programa nacional de vivienda que dicta la Sedatu es la \u00fanica fuente normativa que regir\u00e1 la pol\u00edtica de otorgamiento de cr\u00e9ditos por parte de las instituciones de Estado; y 3.- El Programa Nacional de Vivienda tendr\u00e1 como objetivo principal el fomento de la vivienda adecuada.<\/p>\n<p>\u201cPara que nunca m\u00e1s el Estado mexicano condone 350 millones de d\u00f3lares en impuestos a empresas que desarrollan vivienda, mucho menos si es vivienda de mala calidad, lejana a los centros urbanos y de trabajo y sin una adecuaci\u00f3n cultural apropiada\u201d.<\/p>\n<blockquote class=\"twitter-tweet\">\n<p dir=\"ltr\" lang=\"es\">7,000 mdp fue la condonaci\u00f3n de impuestos del gobierno anterior a algunas desarrolladoras, de esa magnitud fue el tama\u00f1o del contubernio en administraciones pasadas:<a href=\"https:\/\/twitter.com\/carlosmartinezv?ref_src=twsrc%5Etfw\">@carlosmartinezv<\/a>, director general del <a href=\"https:\/\/twitter.com\/Infonavit?ref_src=twsrc%5Etfw\">@Infonavit<\/a>.<a href=\"https:\/\/twitter.com\/hashtag\/CoberturaCU?src=hash&amp;ref_src=twsrc%5Etfw\">#CoberturaCU<\/a> <a href=\"https:\/\/t.co\/hBYBUPj9vX\">pic.twitter.com\/hBYBUPj9vX<\/a><\/p>\n<p>\u2014 Centro Urbano (@CentroUrbano) <a href=\"https:\/\/twitter.com\/CentroUrbano\/status\/1181240606611296257?ref_src=twsrc%5Etfw\">October 7, 2019<\/a><\/p><\/blockquote>\n<p><a href=\"http:\/\/blockquote%20class=twitter-tweetp%20lang=es%20dir=ltr7,000%20mdp%20fue%20la%20condonaci\u00f3n%20de%20impuestos%20del%20gobierno%20anterior%20a%20algunas%20desarrolladoras,%20de%20esa%20magnitud%20fue%20el%20tama\u00f1o%20del%20contubernio%20en%20administraciones%20pasadas:a%20href=https:\/\/twitter.com\/carlosmartinezv?ref_src=twsrc%5Etfw@carlosmartinezv\/a,%20director%20general%20del%20a%20href=https:\/\/twitter.com\/Infonavit?ref_src=twsrc%5Etfw@Infonavit\/a.a%20href=https:\/\/twitter.com\/hashtag\/CoberturaCU?src=hash&amp;ref_src=twsrc%5Etfw#CoberturaCU\/a%20a%20href=https:\/\/t.co\/hBYBUPj9vXpic.twitter.com\/hBYBUPj9vX\/a\/p\u2014%20Centro%20Urbano%20(@CentroUrbano)%20a%20href=https:\/\/twitter.com\/CentroUrbano\/status\/1181240606611296257?ref_src=twsrc%5EtfwOctober%207,%202019\/a\/blockquote%20script%20async%20src=https:\/\/platform.twitter.com\/widgets.js%20charset=utf-8\/script\"><script async src=\"https:\/\/platform.twitter.com\/widgets.js\" charset=\"utf-8\"><\/script><\/a><\/p>\n","protected":false},"excerpt":{"rendered":"<p>El director general del Infonavit destac\u00f3 que en M\u00e9xico hay un \u201cnuevo comienzo\u201d en materia de vivienda y desarrollo urbano<\/p>\n","protected":false},"author":77,"featured_media":97019,"comment_status":"open","ping_status":"closed","sticky":false,"template":"","format":"standard","meta":{"inline_featured_image":false,"footnotes":""},"categories":[12],"tags":[14572,8615,100,2653],"class_list":["post-97018","post","type-post","status-publish","format-standard","has-post-thumbnail","hentry","category-vivienda","tag-carlos-martinez","tag-dia-mundial-del-habitat","tag-infonavit","tag-onu-habitat"],"yoast_head":"<!-- This site is optimized with the Yoast SEO plugin v28.4 - https:\/\/yoast.com\/product\/yoast-seo-wordpress\/ -->\n<title>Critica Mart\u00ednez condonaci\u00f3n de impuestos a desarrolladores<\/title>\n<meta name=\"description\" content=\"En el marco de la ceremonia por el D\u00eda Mundial del H\u00e1bitat, Carlos Mart\u00ednez, director general del Infonavit, expres\u00f3 su rechazo a las condonaciones...\" \/>\n<meta name=\"robots\" content=\"index, follow, max-snippet:-1, max-image-preview:large, max-video-preview:-1\" \/>\n<link rel=\"canonical\" href=\"https:\/\/centrourbano.com\/revista\/vivienda\/infonavit-impuestos-desarrolladores-1\/\" \/>\n<meta property=\"og:locale\" content=\"es_ES\" \/>\n<meta property=\"og:type\" content=\"article\" \/>\n<meta property=\"og:title\" content=\"Critica Mart\u00ednez condonaci\u00f3n de impuestos a desarrolladores\" \/>\n<meta property=\"og:description\" content=\"En el marco de la ceremonia por el D\u00eda Mundial del H\u00e1bitat, Carlos Mart\u00ednez, director general del Infonavit, expres\u00f3 su rechazo a las condonaciones...\" \/>\n<meta property=\"og:url\" content=\"https:\/\/centrourbano.com\/revista\/vivienda\/infonavit-impuestos-desarrolladores-1\/\" \/>\n<meta property=\"og:site_name\" content=\"Centro Urbano\" \/>\n<meta property=\"article:publisher\" content=\"https:\/\/www.facebook.com\/portalcentrourbano\" \/>\n<meta property=\"article:published_time\" content=\"2019-10-07T19:23:15+00:00\" \/>\n<meta property=\"article:modified_time\" content=\"2019-10-07T23:54:25+00:00\" \/>\n<meta property=\"og:image\" content=\"https:\/\/centrourbano.com\/revista\/wp-content\/uploads\/Carlos-Mart\u00ednez_D\u00eda-Mundial-del-H\u00e1bitat-e1570475987772.jpg\" \/>\n\t<meta property=\"og:image:width\" content=\"800\" \/>\n\t<meta property=\"og:image:height\" content=\"533\" \/>\n\t<meta property=\"og:image:type\" content=\"image\/jpeg\" \/>\n<meta name=\"author\" content=\"G4A\" \/>\n<meta name=\"twitter:card\" content=\"summary_large_image\" \/>\n<meta name=\"twitter:creator\" content=\"@CentroUrbano\" \/>\n<meta name=\"twitter:site\" content=\"@CentroUrbano\" \/>\n<meta name=\"twitter:label1\" content=\"Escrito por\" \/>\n\t<meta name=\"twitter:data1\" content=\"G4A\" \/>\n\t<meta name=\"twitter:label2\" content=\"Tiempo de lectura\" \/>\n\t<meta name=\"twitter:data2\" content=\"2 minutos\" \/>\n<script type=\"application\/ld+json\" class=\"yoast-schema-graph\">{\"@context\":\"https:\\\/\\\/schema.org\",\"@graph\":[{\"@type\":\"Article\",\"@id\":\"https:\\\/\\\/centrourbano.com\\\/revista\\\/vivienda\\\/infonavit-impuestos-desarrolladores-1\\\/#article\",\"isPartOf\":{\"@id\":\"https:\\\/\\\/centrourbano.com\\\/revista\\\/vivienda\\\/infonavit-impuestos-desarrolladores-1\\\/\"},\"author\":{\"name\":\"G4A\",\"@id\":\"https:\\\/\\\/centrourbano.com\\\/revista\\\/#\\\/schema\\\/person\\\/370fa0ba2d8dd5bde3fdb8b62ad360aa\"},\"headline\":\"Critica Mart\u00ednez condonaci\u00f3n de impuestos a desarrolladores\",\"datePublished\":\"2019-10-07T19:23:15+00:00\",\"dateModified\":\"2019-10-07T23:54:25+00:00\",\"mainEntityOfPage\":{\"@id\":\"https:\\\/\\\/centrourbano.com\\\/revista\\\/vivienda\\\/infonavit-impuestos-desarrolladores-1\\\/\"},\"wordCount\":437,\"commentCount\":0,\"publisher\":{\"@id\":\"https:\\\/\\\/centrourbano.com\\\/revista\\\/#organization\"},\"image\":{\"@id\":\"https:\\\/\\\/centrourbano.com\\\/revista\\\/vivienda\\\/infonavit-impuestos-desarrolladores-1\\\/#primaryimage\"},\"thumbnailUrl\":\"https:\\\/\\\/centrourbano.com\\\/revista\\\/wp-content\\\/uploads\\\/Carlos-Mart\u00ednez_D\u00eda-Mundial-del-H\u00e1bitat-e1570475987772.jpg\",\"keywords\":[\"Carlos Mart\u00ednez\",\"D\u00eda Mundial del Habitat\",\"Infonavit\",\"ONU-Habitat\"],\"articleSection\":[\"Vivienda\"],\"inLanguage\":\"es\"},{\"@type\":\"WebPage\",\"@id\":\"https:\\\/\\\/centrourbano.com\\\/revista\\\/vivienda\\\/infonavit-impuestos-desarrolladores-1\\\/\",\"url\":\"https:\\\/\\\/centrourbano.com\\\/revista\\\/vivienda\\\/infonavit-impuestos-desarrolladores-1\\\/\",\"name\":\"Critica Mart\u00ednez condonaci\u00f3n de impuestos a desarrolladores\",\"isPartOf\":{\"@id\":\"https:\\\/\\\/centrourbano.com\\\/revista\\\/#website\"},\"primaryImageOfPage\":{\"@id\":\"https:\\\/\\\/centrourbano.com\\\/revista\\\/vivienda\\\/infonavit-impuestos-desarrolladores-1\\\/#primaryimage\"},\"image\":{\"@id\":\"https:\\\/\\\/centrourbano.com\\\/revista\\\/vivienda\\\/infonavit-impuestos-desarrolladores-1\\\/#primaryimage\"},\"thumbnailUrl\":\"https:\\\/\\\/centrourbano.com\\\/revista\\\/wp-content\\\/uploads\\\/Carlos-Mart\u00ednez_D\u00eda-Mundial-del-H\u00e1bitat-e1570475987772.jpg\",\"datePublished\":\"2019-10-07T19:23:15+00:00\",\"dateModified\":\"2019-10-07T23:54:25+00:00\",\"description\":\"En el marco de la ceremonia por el D\u00eda Mundial del H\u00e1bitat, Carlos Mart\u00ednez, director general del Infonavit, expres\u00f3 su rechazo a las condonaciones...\",\"breadcrumb\":{\"@id\":\"https:\\\/\\\/centrourbano.com\\\/revista\\\/vivienda\\\/infonavit-impuestos-desarrolladores-1\\\/#breadcrumb\"},\"inLanguage\":\"es\",\"potentialAction\":[{\"@type\":\"ReadAction\",\"target\":[\"https:\\\/\\\/centrourbano.com\\\/revista\\\/vivienda\\\/infonavit-impuestos-desarrolladores-1\\\/\"]}]},{\"@type\":\"ImageObject\",\"inLanguage\":\"es\",\"@id\":\"https:\\\/\\\/centrourbano.com\\\/revista\\\/vivienda\\\/infonavit-impuestos-desarrolladores-1\\\/#primaryimage\",\"url\":\"https:\\\/\\\/centrourbano.com\\\/revista\\\/wp-content\\\/uploads\\\/Carlos-Mart\u00ednez_D\u00eda-Mundial-del-H\u00e1bitat-e1570475987772.jpg\",\"contentUrl\":\"https:\\\/\\\/centrourbano.com\\\/revista\\\/wp-content\\\/uploads\\\/Carlos-Mart\u00ednez_D\u00eda-Mundial-del-H\u00e1bitat-e1570475987772.jpg\",\"width\":800,\"height\":533,\"caption\":\"Cr\u00edtica Mart\u00ednez condonaci\u00f3n de impuestos a desarrolladores\"},{\"@type\":\"BreadcrumbList\",\"@id\":\"https:\\\/\\\/centrourbano.com\\\/revista\\\/vivienda\\\/infonavit-impuestos-desarrolladores-1\\\/#breadcrumb\",\"itemListElement\":[{\"@type\":\"ListItem\",\"position\":1,\"name\":\"Portada\",\"item\":\"https:\\\/\\\/centrourbano.com\\\/revista\\\/\"},{\"@type\":\"ListItem\",\"position\":2,\"name\":\"Critica Mart\u00ednez condonaci\u00f3n de impuestos a desarrolladores\"}]},{\"@type\":\"WebSite\",\"@id\":\"https:\\\/\\\/centrourbano.com\\\/revista\\\/#website\",\"url\":\"https:\\\/\\\/centrourbano.com\\\/revista\\\/\",\"name\":\"Centro Urbano\",\"description\":\"Medio especializado en los sectores vivienda, inmobiliario, construcci\u00f3n, arquitectura y urbanismo.\",\"publisher\":{\"@id\":\"https:\\\/\\\/centrourbano.com\\\/revista\\\/#organization\"},\"potentialAction\":[{\"@type\":\"SearchAction\",\"target\":{\"@type\":\"EntryPoint\",\"urlTemplate\":\"https:\\\/\\\/centrourbano.com\\\/revista\\\/?s={search_term_string}\"},\"query-input\":{\"@type\":\"PropertyValueSpecification\",\"valueRequired\":true,\"valueName\":\"search_term_string\"}}],\"inLanguage\":\"es\"},{\"@type\":\"Organization\",\"@id\":\"https:\\\/\\\/centrourbano.com\\\/revista\\\/#organization\",\"name\":\"Centro Urbano\",\"url\":\"https:\\\/\\\/centrourbano.com\\\/revista\\\/\",\"logo\":{\"@type\":\"ImageObject\",\"inLanguage\":\"es\",\"@id\":\"https:\\\/\\\/centrourbano.com\\\/revista\\\/#\\\/schema\\\/logo\\\/image\\\/\",\"url\":\"https:\\\/\\\/centrourbano.com\\\/revista\\\/wp-content\\\/uploads\\\/web_CU_logo-1.png\",\"contentUrl\":\"https:\\\/\\\/centrourbano.com\\\/revista\\\/wp-content\\\/uploads\\\/web_CU_logo-1.png\",\"width\":350,\"height\":91,\"caption\":\"Centro Urbano\"},\"image\":{\"@id\":\"https:\\\/\\\/centrourbano.com\\\/revista\\\/#\\\/schema\\\/logo\\\/image\\\/\"},\"sameAs\":[\"https:\\\/\\\/www.facebook.com\\\/portalcentrourbano\",\"https:\\\/\\\/x.com\\\/CentroUrbano\",\"https:\\\/\\\/www.instagram.com\\\/centro_urbano\\\/\",\"https:\\\/\\\/www.linkedin.com\\\/company\\\/centro-urbano\\\/\",\"http:\\\/\\\/www.youtube.com\\\/user\\\/portalcentrourbano\"]},{\"@type\":\"Person\",\"@id\":\"https:\\\/\\\/centrourbano.com\\\/revista\\\/#\\\/schema\\\/person\\\/370fa0ba2d8dd5bde3fdb8b62ad360aa\",\"name\":\"G4A\",\"image\":{\"@type\":\"ImageObject\",\"inLanguage\":\"es\",\"@id\":\"https:\\\/\\\/secure.gravatar.com\\\/avatar\\\/932a97121b13d5de5bbd8193c6c83d3b92c9eda0f39623607d4280e7a5778d97?s=96&d=mm&r=g\",\"url\":\"https:\\\/\\\/secure.gravatar.com\\\/avatar\\\/932a97121b13d5de5bbd8193c6c83d3b92c9eda0f39623607d4280e7a5778d97?s=96&d=mm&r=g\",\"contentUrl\":\"https:\\\/\\\/secure.gravatar.com\\\/avatar\\\/932a97121b13d5de5bbd8193c6c83d3b92c9eda0f39623607d4280e7a5778d97?s=96&d=mm&r=g\",\"caption\":\"G4A\"},\"url\":\"https:\\\/\\\/centrourbano.com\\\/revista\\\/author\\\/admin-g4a\\\/\"}]}<\/script>\n<!-- \/ Yoast SEO plugin. -->","yoast_head_json":{"title":"Critica Mart\u00ednez condonaci\u00f3n de impuestos a desarrolladores","description":"En el marco de la ceremonia por el D\u00eda Mundial del H\u00e1bitat, Carlos Mart\u00ednez, director general del Infonavit, expres\u00f3 su rechazo a las condonaciones...","robots":{"index":"index","follow":"follow","max-snippet":"max-snippet:-1","max-image-preview":"max-image-preview:large","max-video-preview":"max-video-preview:-1"},"canonical":"https:\/\/centrourbano.com\/revista\/vivienda\/infonavit-impuestos-desarrolladores-1\/","og_locale":"es_ES","og_type":"article","og_title":"Critica Mart\u00ednez condonaci\u00f3n de impuestos a desarrolladores","og_description":"En el marco de la ceremonia por el D\u00eda Mundial del H\u00e1bitat, Carlos Mart\u00ednez, director general del Infonavit, expres\u00f3 su rechazo a las condonaciones...","og_url":"https:\/\/centrourbano.com\/revista\/vivienda\/infonavit-impuestos-desarrolladores-1\/","og_site_name":"Centro Urbano","article_publisher":"https:\/\/www.facebook.com\/portalcentrourbano","article_published_time":"2019-10-07T19:23:15+00:00","article_modified_time":"2019-10-07T23:54:25+00:00","og_image":[{"width":800,"height":533,"url":"https:\/\/centrourbano.com\/revista\/wp-content\/uploads\/Carlos-Mart\u00ednez_D\u00eda-Mundial-del-H\u00e1bitat-e1570475987772.jpg","type":"image\/jpeg"}],"author":"G4A","twitter_card":"summary_large_image","twitter_creator":"@CentroUrbano","twitter_site":"@CentroUrbano","twitter_misc":{"Escrito por":"G4A","Tiempo de lectura":"2 minutos"},"schema":{"@context":"https:\/\/schema.org","@graph":[{"@type":"Article","@id":"https:\/\/centrourbano.com\/revista\/vivienda\/infonavit-impuestos-desarrolladores-1\/#article","isPartOf":{"@id":"https:\/\/centrourbano.com\/revista\/vivienda\/infonavit-impuestos-desarrolladores-1\/"},"author":{"name":"G4A","@id":"https:\/\/centrourbano.com\/revista\/#\/schema\/person\/370fa0ba2d8dd5bde3fdb8b62ad360aa"},"headline":"Critica Mart\u00ednez condonaci\u00f3n de impuestos a desarrolladores","datePublished":"2019-10-07T19:23:15+00:00","dateModified":"2019-10-07T23:54:25+00:00","mainEntityOfPage":{"@id":"https:\/\/centrourbano.com\/revista\/vivienda\/infonavit-impuestos-desarrolladores-1\/"},"wordCount":437,"commentCount":0,"publisher":{"@id":"https:\/\/centrourbano.com\/revista\/#organization"},"image":{"@id":"https:\/\/centrourbano.com\/revista\/vivienda\/infonavit-impuestos-desarrolladores-1\/#primaryimage"},"thumbnailUrl":"https:\/\/centrourbano.com\/revista\/wp-content\/uploads\/Carlos-Mart\u00ednez_D\u00eda-Mundial-del-H\u00e1bitat-e1570475987772.jpg","keywords":["Carlos Mart\u00ednez","D\u00eda Mundial del Habitat","Infonavit","ONU-Habitat"],"articleSection":["Vivienda"],"inLanguage":"es"},{"@type":"WebPage","@id":"https:\/\/centrourbano.com\/revista\/vivienda\/infonavit-impuestos-desarrolladores-1\/","url":"https:\/\/centrourbano.com\/revista\/vivienda\/infonavit-impuestos-desarrolladores-1\/","name":"Critica Mart\u00ednez condonaci\u00f3n de impuestos a desarrolladores","isPartOf":{"@id":"https:\/\/centrourbano.com\/revista\/#website"},"primaryImageOfPage":{"@id":"https:\/\/centrourbano.com\/revista\/vivienda\/infonavit-impuestos-desarrolladores-1\/#primaryimage"},"image":{"@id":"https:\/\/centrourbano.com\/revista\/vivienda\/infonavit-impuestos-desarrolladores-1\/#primaryimage"},"thumbnailUrl":"https:\/\/centrourbano.com\/revista\/wp-content\/uploads\/Carlos-Mart\u00ednez_D\u00eda-Mundial-del-H\u00e1bitat-e1570475987772.jpg","datePublished":"2019-10-07T19:23:15+00:00","dateModified":"2019-10-07T23:54:25+00:00","description":"En el marco de la ceremonia por el D\u00eda Mundial del H\u00e1bitat, Carlos Mart\u00ednez, director general del Infonavit, expres\u00f3 su rechazo a las condonaciones...","breadcrumb":{"@id":"https:\/\/centrourbano.com\/revista\/vivienda\/infonavit-impuestos-desarrolladores-1\/#breadcrumb"},"inLanguage":"es","potentialAction":[{"@type":"ReadAction","target":["https:\/\/centrourbano.com\/revista\/vivienda\/infonavit-impuestos-desarrolladores-1\/"]}]},{"@type":"ImageObject","inLanguage":"es","@id":"https:\/\/centrourbano.com\/revista\/vivienda\/infonavit-impuestos-desarrolladores-1\/#primaryimage","url":"https:\/\/centrourbano.com\/revista\/wp-content\/uploads\/Carlos-Mart\u00ednez_D\u00eda-Mundial-del-H\u00e1bitat-e1570475987772.jpg","contentUrl":"https:\/\/centrourbano.com\/revista\/wp-content\/uploads\/Carlos-Mart\u00ednez_D\u00eda-Mundial-del-H\u00e1bitat-e1570475987772.jpg","width":800,"height":533,"caption":"Cr\u00edtica Mart\u00ednez condonaci\u00f3n de impuestos a desarrolladores"},{"@type":"BreadcrumbList","@id":"https:\/\/centrourbano.com\/revista\/vivienda\/infonavit-impuestos-desarrolladores-1\/#breadcrumb","itemListElement":[{"@type":"ListItem","position":1,"name":"Portada","item":"https:\/\/centrourbano.com\/revista\/"},{"@type":"ListItem","position":2,"name":"Critica Mart\u00ednez condonaci\u00f3n de impuestos a desarrolladores"}]},{"@type":"WebSite","@id":"https:\/\/centrourbano.com\/revista\/#website","url":"https:\/\/centrourbano.com\/revista\/","name":"Centro Urbano","description":"Medio especializado en los sectores vivienda, inmobiliario, construcci\u00f3n, arquitectura y urbanismo.","publisher":{"@id":"https:\/\/centrourbano.com\/revista\/#organization"},"potentialAction":[{"@type":"SearchAction","target":{"@type":"EntryPoint","urlTemplate":"https:\/\/centrourbano.com\/revista\/?s={search_term_string}"},"query-input":{"@type":"PropertyValueSpecification","valueRequired":true,"valueName":"search_term_string"}}],"inLanguage":"es"},{"@type":"Organization","@id":"https:\/\/centrourbano.com\/revista\/#organization","name":"Centro Urbano","url":"https:\/\/centrourbano.com\/revista\/","logo":{"@type":"ImageObject","inLanguage":"es","@id":"https:\/\/centrourbano.com\/revista\/#\/schema\/logo\/image\/","url":"https:\/\/centrourbano.com\/revista\/wp-content\/uploads\/web_CU_logo-1.png","contentUrl":"https:\/\/centrourbano.com\/revista\/wp-content\/uploads\/web_CU_logo-1.png","width":350,"height":91,"caption":"Centro Urbano"},"image":{"@id":"https:\/\/centrourbano.com\/revista\/#\/schema\/logo\/image\/"},"sameAs":["https:\/\/www.facebook.com\/portalcentrourbano","https:\/\/x.com\/CentroUrbano","https:\/\/www.instagram.com\/centro_urbano\/","https:\/\/www.linkedin.com\/company\/centro-urbano\/","http:\/\/www.youtube.com\/user\/portalcentrourbano"]},{"@type":"Person","@id":"https:\/\/centrourbano.com\/revista\/#\/schema\/person\/370fa0ba2d8dd5bde3fdb8b62ad360aa","name":"G4A","image":{"@type":"ImageObject","inLanguage":"es","@id":"https:\/\/secure.gravatar.com\/avatar\/932a97121b13d5de5bbd8193c6c83d3b92c9eda0f39623607d4280e7a5778d97?s=96&d=mm&r=g","url":"https:\/\/secure.gravatar.com\/avatar\/932a97121b13d5de5bbd8193c6c83d3b92c9eda0f39623607d4280e7a5778d97?s=96&d=mm&r=g","contentUrl":"https:\/\/secure.gravatar.com\/avatar\/932a97121b13d5de5bbd8193c6c83d3b92c9eda0f39623607d4280e7a5778d97?s=96&d=mm&r=g","caption":"G4A"},"url":"https:\/\/centrourbano.com\/revista\/author\/admin-g4a\/"}]}},"_links":{"self":[{"href":"https:\/\/centrourbano.com\/revista\/wp-json\/wp\/v2\/posts\/97018","targetHints":{"allow":["GET"]}}],"collection":[{"href":"https:\/\/centrourbano.com\/revista\/wp-json\/wp\/v2\/posts"}],"about":[{"href":"https:\/\/centrourbano.com\/revista\/wp-json\/wp\/v2\/types\/post"}],"author":[{"embeddable":true,"href":"https:\/\/centrourbano.com\/revista\/wp-json\/wp\/v2\/users\/77"}],"replies":[{"embeddable":true,"href":"https:\/\/centrourbano.com\/revista\/wp-json\/wp\/v2\/comments?post=97018"}],"version-history":[{"count":3,"href":"https:\/\/centrourbano.com\/revista\/wp-json\/wp\/v2\/posts\/97018\/revisions"}],"predecessor-version":[{"id":97033,"href":"https:\/\/centrourbano.com\/revista\/wp-json\/wp\/v2\/posts\/97018\/revisions\/97033"}],"wp:featuredmedia":[{"embeddable":true,"href":"https:\/\/centrourbano.com\/revista\/wp-json\/wp\/v2\/media\/97019"}],"wp:attachment":[{"href":"https:\/\/centrourbano.com\/revista\/wp-json\/wp\/v2\/media?parent=97018"}],"wp:term":[{"taxonomy":"category","embeddable":true,"href":"https:\/\/centrourbano.com\/revista\/wp-json\/wp\/v2\/categories?post=97018"},{"taxonomy":"post_tag","embeddable":true,"href":"https:\/\/centrourbano.com\/revista\/wp-json\/wp\/v2\/tags?post=97018"}],"curies":[{"name":"wp","href":"https:\/\/api.w.org\/{rel}","templated":true}]}}