{"id":96998,"date":"2019-10-07T11:39:24","date_gmt":"2019-10-07T16:39:24","guid":{"rendered":"https:\/\/centrourbano.com\/?p=96998"},"modified":"2019-10-07T11:39:24","modified_gmt":"2019-10-07T16:39:24","slug":"dia-mundial-del-habitat-2019","status":"publish","type":"post","link":"https:\/\/centrourbano.com\/revista\/urbanismo\/dia-mundial-del-habitat-2019\/","title":{"rendered":"D\u00eda Mundial del H\u00e1bitat 2019, por la gesti\u00f3n adecuada de los residuos"},"content":{"rendered":"<p><em>Las<\/em> <em>sesiones, plenarias y actividades del D\u00eda Mundial del H\u00e1bitat 2019 se llevan a cabo en el Museo Nacional de Antropolog\u00eda de la Ciudad de M\u00e9xico<\/em><!--more--><\/p>\n<p>Hoy, <strong>lunes 7 de octubre de 2019<\/strong>, se conmemora el <strong>D\u00eda Mundial del H\u00e1bitat,<\/strong> designado por la <strong>Organizaci\u00f3n de las Naciones Unidas (ONU)<\/strong> para celebrarse el primer lunes de octubre de cada a\u00f1o, con el prop\u00f3sito de promover la <strong>reflexi\u00f3n sobre el estado de los pueblos y ciudades del mundo<\/strong>, sobre el derecho universal a una<strong> vivienda adecuada<\/strong> y sobre la responsabilidad que tienen todos los seres humanos de moldear el <strong>futuro de las zonas donde habitan.<\/strong><\/p>\n<p>Cada a\u00f1o, las celebraciones del <strong>D\u00eda Mundial del H\u00e1bitat<\/strong> se realizan en torno a un tema principal, para centrar la atenci\u00f3n mundial en contribuciones clave que las ciudades, pueblos y comunidades hacen a la <strong>urbanizaci\u00f3n sostenible<\/strong>, como una forma de garantizar una mejor calidad de vida para todos. En esta ocasi\u00f3n, el tema es \u2018<strong>Tecnolog\u00edas de vanguardia como herramientas innovadoras para transformar los residuos en riqueza y prosperidad\u2019<\/strong>, es decir, las formas en que las nuevas tecnolog\u00edas pueden transformar los desechos de una amenaza a una oportunidad real.<\/p>\n<p>\u201cCada a\u00f1o, nuestros hogares, oficinas, mercados, tiendas y f\u00e1bricas producen miles de millones de toneladas de residuos, que contaminan nuestro aire, suelo y agua exterminando la vida marina, contribuyendo al cambio clim\u00e1tico y amenazando la salud de nuestro planeta y su poblaci\u00f3n. En este <strong>D\u00eda Mundial del H\u00e1bitat 2019<\/strong>, nos estamos enfocando a abordar el desaf\u00edo de los deshechos en nuestras ciudades, pueblos y comunidades de manera positiva\u201d, explic\u00f3 <strong>Maimunah Mohd Sharif, Directora Ejecutiva de ONU-Habitat,<\/strong> el programa de las Naciones Unidas para los asentamientos humanos.<\/p>\n<p><strong>Maimunah Sharif<\/strong> se\u00f1al\u00f3 que, para reducir el impacto negativo de los residuos, es necesario aportar innovaci\u00f3n al sector de la gesti\u00f3n de los mismos y cambiar la forma en que se generan.<\/p>\n<p>En este sentido, las <strong>tecnolog\u00edas innovadoras<\/strong> pueden transformar la amenaza de los desechos por una oportunidad real, por ejemplo; <strong>nuevos materiales<\/strong> como pl\u00e1sticos biodegradables y materiales reciclados pueden reemplazar a los materiales actuales para una variedad de aplicaciones; el <strong>an\u00e1lisis del <em>Big Data<\/em><\/strong> proporciona informaci\u00f3n y conocimiento, contribuyendo a una mejor comprensi\u00f3n de los flujos de residuos; y la <strong>nanotecnolog\u00eda<\/strong>, que podr\u00eda ayudar a reutilizar las aguas residuales en pa\u00edses con escasez de agua.<\/p>\n<p>\u201cTodos debemos comenzar reduciendo nuestros desechos, reutilizando nuestros recursos existentes y reciclando tanto como podamos del resto\u201d, apunt\u00f3 la Directora de <strong>ONU-Habitat.<\/strong><\/p>\n<p>Este d\u00eda, las sesiones, plenarias y otras actividades del <strong>D\u00eda Mundial del H\u00e1bitat 2019<\/strong> se llevan a cabo en el <strong>Museo Nacional de Antropolog\u00eda de la Ciudad de M\u00e9xico,<\/strong> y, adem\u00e1s, habr\u00e1 actividades en otros pa\u00edses del mundo, como Camer\u00fan, Kenya y Canad\u00e1.<\/p>\n<p>Con esta celebraci\u00f3n inicia un mes de actividades, conferencias y talleres que propician el di\u00e1logo y la reflexi\u00f3n en torno al desarrollo urbano sostenible, ciclo conocido como <strong>Octubre Urbano<\/strong>, organizado por <strong>ONU-Habitat.<\/strong><\/p>\n<p><iframe loading=\"lazy\" title=\"D\u00eda Mundial del H\u00e1bitat. #OctubreUrbano\" width=\"500\" height=\"281\" src=\"https:\/\/www.youtube.com\/embed\/zIA5uiz96F8?start=82&#038;feature=oembed\" frameborder=\"0\" allow=\"accelerometer; autoplay; clipboard-write; encrypted-media; gyroscope; picture-in-picture; web-share\" referrerpolicy=\"strict-origin-when-cross-origin\" allowfullscreen><\/iframe><\/p>\n","protected":false},"excerpt":{"rendered":"<p>Las sesiones, plenarias y actividades del D\u00eda Mundial del H\u00e1bitat 2019 se llevan a cabo en el Museo Nacional de Antropolog\u00eda de la Ciudad de M\u00e9xico<\/p>\n","protected":false},"author":73,"featured_media":96696,"comment_status":"open","ping_status":"closed","sticky":false,"template":"","format":"standard","meta":{"om_disable_all_campaigns":false,"inline_featured_image":false,"_monsterinsights_skip_tracking":false,"_monsterinsights_sitenote_active":false,"_monsterinsights_sitenote_note":"","_monsterinsights_sitenote_category":0,"footnotes":""},"categories":[10585,82],"tags":[8615,16399,724,6627,2653],"class_list":["post-96998","post","type-post","status-publish","format-standard","has-post-thumbnail","hentry","category-eventos","category-urbanismo","tag-dia-mundial-del-habitat","tag-gestion-de-residuos","tag-museo-nacional-de-antropologia","tag-octubre-urbano","tag-onu-habitat"],"yoast_head":"<!-- This site is optimized with the Yoast SEO plugin v27.4 - https:\/\/yoast.com\/product\/yoast-seo-wordpress\/ -->\n<title>D\u00eda Mundial del H\u00e1bitat 2019, por la gesti\u00f3n adecuada de los residuos<\/title>\n<meta name=\"description\" content=\"Las sesiones, plenarias y actividades del D\u00eda Mundial del H\u00e1bitat 2019 se llevan a cabo en el Museo Nacional de Antropolog\u00eda de la Ciudad de M\u00e9xico\" \/>\n<meta name=\"robots\" content=\"index, follow, max-snippet:-1, max-image-preview:large, max-video-preview:-1\" \/>\n<link rel=\"canonical\" href=\"https:\/\/centrourbano.com\/revista\/urbanismo\/dia-mundial-del-habitat-2019\/\" \/>\n<meta property=\"og:locale\" content=\"es_ES\" \/>\n<meta property=\"og:type\" content=\"article\" \/>\n<meta property=\"og:title\" content=\"D\u00eda Mundial del H\u00e1bitat 2019, por la gesti\u00f3n adecuada de los residuos\" \/>\n<meta property=\"og:description\" content=\"Las sesiones, plenarias y actividades del D\u00eda Mundial del H\u00e1bitat 2019 se llevan a cabo en el Museo Nacional de Antropolog\u00eda de la Ciudad de M\u00e9xico\" \/>\n<meta property=\"og:url\" content=\"https:\/\/centrourbano.com\/revista\/urbanismo\/dia-mundial-del-habitat-2019\/\" \/>\n<meta property=\"og:site_name\" content=\"Centro Urbano\" \/>\n<meta property=\"article:publisher\" content=\"https:\/\/www.facebook.com\/portalcentrourbano\" \/>\n<meta property=\"article:published_time\" content=\"2019-10-07T16:39:24+00:00\" \/>\n<meta property=\"og:image\" content=\"https:\/\/centrourbano.com\/revista\/wp-content\/uploads\/Tecnolog\u00edas-para-transformar-residuos-tema-del-D\u00eda-Mundial-del-H\u00e1bitat.jpg\" \/>\n\t<meta property=\"og:image:width\" content=\"752\" \/>\n\t<meta property=\"og:image:height\" content=\"431\" \/>\n\t<meta property=\"og:image:type\" content=\"image\/jpeg\" \/>\n<meta name=\"author\" content=\"Fernanda Hern\u00e1ndez\" \/>\n<meta name=\"twitter:card\" content=\"summary_large_image\" \/>\n<meta name=\"twitter:creator\" content=\"@https:\/\/twitter.com\/Nannz_Hernandez\" \/>\n<meta name=\"twitter:site\" content=\"@CentroUrbano\" \/>\n<meta name=\"twitter:label1\" content=\"Escrito por\" \/>\n\t<meta name=\"twitter:data1\" content=\"Fernanda Hern\u00e1ndez\" \/>\n\t<meta name=\"twitter:label2\" content=\"Tiempo de lectura\" \/>\n\t<meta name=\"twitter:data2\" content=\"3 minutos\" \/>\n<script type=\"application\/ld+json\" class=\"yoast-schema-graph\">{\"@context\":\"https:\\\/\\\/schema.org\",\"@graph\":[{\"@type\":\"Article\",\"@id\":\"https:\\\/\\\/centrourbano.com\\\/revista\\\/urbanismo\\\/dia-mundial-del-habitat-2019\\\/#article\",\"isPartOf\":{\"@id\":\"https:\\\/\\\/centrourbano.com\\\/revista\\\/urbanismo\\\/dia-mundial-del-habitat-2019\\\/\"},\"author\":{\"name\":\"Fernanda Hern\u00e1ndez\",\"@id\":\"https:\\\/\\\/centrourbano.com\\\/revista\\\/#\\\/schema\\\/person\\\/b190b20bbbceb41ec72278c546fa8df3\"},\"headline\":\"D\u00eda Mundial del H\u00e1bitat 2019, por la gesti\u00f3n adecuada de los residuos\",\"datePublished\":\"2019-10-07T16:39:24+00:00\",\"mainEntityOfPage\":{\"@id\":\"https:\\\/\\\/centrourbano.com\\\/revista\\\/urbanismo\\\/dia-mundial-del-habitat-2019\\\/\"},\"wordCount\":548,\"commentCount\":0,\"publisher\":{\"@id\":\"https:\\\/\\\/centrourbano.com\\\/revista\\\/#organization\"},\"image\":{\"@id\":\"https:\\\/\\\/centrourbano.com\\\/revista\\\/urbanismo\\\/dia-mundial-del-habitat-2019\\\/#primaryimage\"},\"thumbnailUrl\":\"https:\\\/\\\/centrourbano.com\\\/revista\\\/wp-content\\\/uploads\\\/Tecnolog\u00edas-para-transformar-residuos-tema-del-D\u00eda-Mundial-del-H\u00e1bitat.jpg\",\"keywords\":[\"D\u00eda Mundial del Habitat\",\"Gesti\u00f3n de Residuos\",\"Museo Nacional de Antropolog\u00eda\",\"Octubre Urbano\",\"ONU-Habitat\"],\"articleSection\":[\"Eventos\",\"Urbanismo\"],\"inLanguage\":\"es\",\"potentialAction\":[{\"@type\":\"CommentAction\",\"name\":\"Comment\",\"target\":[\"https:\\\/\\\/centrourbano.com\\\/revista\\\/urbanismo\\\/dia-mundial-del-habitat-2019\\\/#respond\"]}]},{\"@type\":\"WebPage\",\"@id\":\"https:\\\/\\\/centrourbano.com\\\/revista\\\/urbanismo\\\/dia-mundial-del-habitat-2019\\\/\",\"url\":\"https:\\\/\\\/centrourbano.com\\\/revista\\\/urbanismo\\\/dia-mundial-del-habitat-2019\\\/\",\"name\":\"D\u00eda Mundial del H\u00e1bitat 2019, por la gesti\u00f3n adecuada de los residuos\",\"isPartOf\":{\"@id\":\"https:\\\/\\\/centrourbano.com\\\/revista\\\/#website\"},\"primaryImageOfPage\":{\"@id\":\"https:\\\/\\\/centrourbano.com\\\/revista\\\/urbanismo\\\/dia-mundial-del-habitat-2019\\\/#primaryimage\"},\"image\":{\"@id\":\"https:\\\/\\\/centrourbano.com\\\/revista\\\/urbanismo\\\/dia-mundial-del-habitat-2019\\\/#primaryimage\"},\"thumbnailUrl\":\"https:\\\/\\\/centrourbano.com\\\/revista\\\/wp-content\\\/uploads\\\/Tecnolog\u00edas-para-transformar-residuos-tema-del-D\u00eda-Mundial-del-H\u00e1bitat.jpg\",\"datePublished\":\"2019-10-07T16:39:24+00:00\",\"description\":\"Las sesiones, plenarias y actividades del D\u00eda Mundial del H\u00e1bitat 2019 se llevan a cabo en el Museo Nacional de Antropolog\u00eda de la Ciudad de M\u00e9xico\",\"breadcrumb\":{\"@id\":\"https:\\\/\\\/centrourbano.com\\\/revista\\\/urbanismo\\\/dia-mundial-del-habitat-2019\\\/#breadcrumb\"},\"inLanguage\":\"es\",\"potentialAction\":[{\"@type\":\"ReadAction\",\"target\":[\"https:\\\/\\\/centrourbano.com\\\/revista\\\/urbanismo\\\/dia-mundial-del-habitat-2019\\\/\"]}]},{\"@type\":\"ImageObject\",\"inLanguage\":\"es\",\"@id\":\"https:\\\/\\\/centrourbano.com\\\/revista\\\/urbanismo\\\/dia-mundial-del-habitat-2019\\\/#primaryimage\",\"url\":\"https:\\\/\\\/centrourbano.com\\\/revista\\\/wp-content\\\/uploads\\\/Tecnolog\u00edas-para-transformar-residuos-tema-del-D\u00eda-Mundial-del-H\u00e1bitat.jpg\",\"contentUrl\":\"https:\\\/\\\/centrourbano.com\\\/revista\\\/wp-content\\\/uploads\\\/Tecnolog\u00edas-para-transformar-residuos-tema-del-D\u00eda-Mundial-del-H\u00e1bitat.jpg\",\"width\":752,\"height\":431,\"caption\":\"Las sesiones, plenarias y actividades del D\u00eda Mundial del H\u00e1bitat 2019 se llevan a cabo en el Museo Nacional de Antropolog\u00eda de la Ciudad de M\u00e9xico\"},{\"@type\":\"BreadcrumbList\",\"@id\":\"https:\\\/\\\/centrourbano.com\\\/revista\\\/urbanismo\\\/dia-mundial-del-habitat-2019\\\/#breadcrumb\",\"itemListElement\":[{\"@type\":\"ListItem\",\"position\":1,\"name\":\"Portada\",\"item\":\"https:\\\/\\\/centrourbano.com\\\/revista\\\/\"},{\"@type\":\"ListItem\",\"position\":2,\"name\":\"D\u00eda Mundial del H\u00e1bitat 2019, por la gesti\u00f3n adecuada de los residuos\"}]},{\"@type\":\"WebSite\",\"@id\":\"https:\\\/\\\/centrourbano.com\\\/revista\\\/#website\",\"url\":\"https:\\\/\\\/centrourbano.com\\\/revista\\\/\",\"name\":\"Centro Urbano\",\"description\":\"Medio especializado en los sectores vivienda, inmobiliario, construcci\u00f3n, arquitectura y urbanismo.\",\"publisher\":{\"@id\":\"https:\\\/\\\/centrourbano.com\\\/revista\\\/#organization\"},\"potentialAction\":[{\"@type\":\"SearchAction\",\"target\":{\"@type\":\"EntryPoint\",\"urlTemplate\":\"https:\\\/\\\/centrourbano.com\\\/revista\\\/?s={search_term_string}\"},\"query-input\":{\"@type\":\"PropertyValueSpecification\",\"valueRequired\":true,\"valueName\":\"search_term_string\"}}],\"inLanguage\":\"es\"},{\"@type\":\"Organization\",\"@id\":\"https:\\\/\\\/centrourbano.com\\\/revista\\\/#organization\",\"name\":\"Centro Urbano\",\"url\":\"https:\\\/\\\/centrourbano.com\\\/revista\\\/\",\"logo\":{\"@type\":\"ImageObject\",\"inLanguage\":\"es\",\"@id\":\"https:\\\/\\\/centrourbano.com\\\/revista\\\/#\\\/schema\\\/logo\\\/image\\\/\",\"url\":\"https:\\\/\\\/centrourbano.com\\\/revista\\\/wp-content\\\/uploads\\\/web_CU_logo-1.png\",\"contentUrl\":\"https:\\\/\\\/centrourbano.com\\\/revista\\\/wp-content\\\/uploads\\\/web_CU_logo-1.png\",\"width\":350,\"height\":91,\"caption\":\"Centro Urbano\"},\"image\":{\"@id\":\"https:\\\/\\\/centrourbano.com\\\/revista\\\/#\\\/schema\\\/logo\\\/image\\\/\"},\"sameAs\":[\"https:\\\/\\\/www.facebook.com\\\/portalcentrourbano\",\"https:\\\/\\\/x.com\\\/CentroUrbano\",\"https:\\\/\\\/www.instagram.com\\\/centro_urbano\\\/\",\"https:\\\/\\\/www.linkedin.com\\\/company\\\/centro-urbano\\\/\",\"http:\\\/\\\/www.youtube.com\\\/user\\\/portalcentrourbano\"]},{\"@type\":\"Person\",\"@id\":\"https:\\\/\\\/centrourbano.com\\\/revista\\\/#\\\/schema\\\/person\\\/b190b20bbbceb41ec72278c546fa8df3\",\"name\":\"Fernanda Hern\u00e1ndez\",\"image\":{\"@type\":\"ImageObject\",\"inLanguage\":\"es\",\"@id\":\"https:\\\/\\\/secure.gravatar.com\\\/avatar\\\/9471831fb0a24eae9d32d826a7cb8ef07c34a41520aca1a0ab1f5c0903ba49b9?s=96&d=mm&r=g\",\"url\":\"https:\\\/\\\/secure.gravatar.com\\\/avatar\\\/9471831fb0a24eae9d32d826a7cb8ef07c34a41520aca1a0ab1f5c0903ba49b9?s=96&d=mm&r=g\",\"contentUrl\":\"https:\\\/\\\/secure.gravatar.com\\\/avatar\\\/9471831fb0a24eae9d32d826a7cb8ef07c34a41520aca1a0ab1f5c0903ba49b9?s=96&d=mm&r=g\",\"caption\":\"Fernanda Hern\u00e1ndez\"},\"description\":\"Reportera y redactora en Centro Urbano. Soy egresada de la licenciatura en Ciencias de la Comunicaci\u00f3n de la Facultad de Ciencias Pol\u00edticas y Sociales (UNAM). Me interesa la cultura, el urbanismo y la arquitectura. Amante del mundo digital, el cine, la m\u00fasica, la lectura y la escritura.\",\"sameAs\":[\"https:\\\/\\\/x.com\\\/https:\\\/\\\/twitter.com\\\/Nannz_Hernandez\"],\"url\":\"https:\\\/\\\/centrourbano.com\\\/revista\\\/author\\\/fernanda-hernandez\\\/\"}]}<\/script>\n<!-- \/ Yoast SEO plugin. -->","yoast_head_json":{"title":"D\u00eda Mundial del H\u00e1bitat 2019, por la gesti\u00f3n adecuada de los residuos","description":"Las sesiones, plenarias y actividades del D\u00eda Mundial del H\u00e1bitat 2019 se llevan a cabo en el Museo Nacional de Antropolog\u00eda de la Ciudad de M\u00e9xico","robots":{"index":"index","follow":"follow","max-snippet":"max-snippet:-1","max-image-preview":"max-image-preview:large","max-video-preview":"max-video-preview:-1"},"canonical":"https:\/\/centrourbano.com\/revista\/urbanismo\/dia-mundial-del-habitat-2019\/","og_locale":"es_ES","og_type":"article","og_title":"D\u00eda Mundial del H\u00e1bitat 2019, por la gesti\u00f3n adecuada de los residuos","og_description":"Las sesiones, plenarias y actividades del D\u00eda Mundial del H\u00e1bitat 2019 se llevan a cabo en el Museo Nacional de Antropolog\u00eda de la Ciudad de M\u00e9xico","og_url":"https:\/\/centrourbano.com\/revista\/urbanismo\/dia-mundial-del-habitat-2019\/","og_site_name":"Centro Urbano","article_publisher":"https:\/\/www.facebook.com\/portalcentrourbano","article_published_time":"2019-10-07T16:39:24+00:00","og_image":[{"width":752,"height":431,"url":"https:\/\/centrourbano.com\/revista\/wp-content\/uploads\/Tecnolog\u00edas-para-transformar-residuos-tema-del-D\u00eda-Mundial-del-H\u00e1bitat.jpg","type":"image\/jpeg"}],"author":"Fernanda Hern\u00e1ndez","twitter_card":"summary_large_image","twitter_creator":"@https:\/\/twitter.com\/Nannz_Hernandez","twitter_site":"@CentroUrbano","twitter_misc":{"Escrito por":"Fernanda Hern\u00e1ndez","Tiempo de lectura":"3 minutos"},"schema":{"@context":"https:\/\/schema.org","@graph":[{"@type":"Article","@id":"https:\/\/centrourbano.com\/revista\/urbanismo\/dia-mundial-del-habitat-2019\/#article","isPartOf":{"@id":"https:\/\/centrourbano.com\/revista\/urbanismo\/dia-mundial-del-habitat-2019\/"},"author":{"name":"Fernanda Hern\u00e1ndez","@id":"https:\/\/centrourbano.com\/revista\/#\/schema\/person\/b190b20bbbceb41ec72278c546fa8df3"},"headline":"D\u00eda Mundial del H\u00e1bitat 2019, por la gesti\u00f3n adecuada de los residuos","datePublished":"2019-10-07T16:39:24+00:00","mainEntityOfPage":{"@id":"https:\/\/centrourbano.com\/revista\/urbanismo\/dia-mundial-del-habitat-2019\/"},"wordCount":548,"commentCount":0,"publisher":{"@id":"https:\/\/centrourbano.com\/revista\/#organization"},"image":{"@id":"https:\/\/centrourbano.com\/revista\/urbanismo\/dia-mundial-del-habitat-2019\/#primaryimage"},"thumbnailUrl":"https:\/\/centrourbano.com\/revista\/wp-content\/uploads\/Tecnolog\u00edas-para-transformar-residuos-tema-del-D\u00eda-Mundial-del-H\u00e1bitat.jpg","keywords":["D\u00eda Mundial del Habitat","Gesti\u00f3n de Residuos","Museo Nacional de Antropolog\u00eda","Octubre Urbano","ONU-Habitat"],"articleSection":["Eventos","Urbanismo"],"inLanguage":"es","potentialAction":[{"@type":"CommentAction","name":"Comment","target":["https:\/\/centrourbano.com\/revista\/urbanismo\/dia-mundial-del-habitat-2019\/#respond"]}]},{"@type":"WebPage","@id":"https:\/\/centrourbano.com\/revista\/urbanismo\/dia-mundial-del-habitat-2019\/","url":"https:\/\/centrourbano.com\/revista\/urbanismo\/dia-mundial-del-habitat-2019\/","name":"D\u00eda Mundial del H\u00e1bitat 2019, por la gesti\u00f3n adecuada de los residuos","isPartOf":{"@id":"https:\/\/centrourbano.com\/revista\/#website"},"primaryImageOfPage":{"@id":"https:\/\/centrourbano.com\/revista\/urbanismo\/dia-mundial-del-habitat-2019\/#primaryimage"},"image":{"@id":"https:\/\/centrourbano.com\/revista\/urbanismo\/dia-mundial-del-habitat-2019\/#primaryimage"},"thumbnailUrl":"https:\/\/centrourbano.com\/revista\/wp-content\/uploads\/Tecnolog\u00edas-para-transformar-residuos-tema-del-D\u00eda-Mundial-del-H\u00e1bitat.jpg","datePublished":"2019-10-07T16:39:24+00:00","description":"Las sesiones, plenarias y actividades del D\u00eda Mundial del H\u00e1bitat 2019 se llevan a cabo en el Museo Nacional de Antropolog\u00eda de la Ciudad de M\u00e9xico","breadcrumb":{"@id":"https:\/\/centrourbano.com\/revista\/urbanismo\/dia-mundial-del-habitat-2019\/#breadcrumb"},"inLanguage":"es","potentialAction":[{"@type":"ReadAction","target":["https:\/\/centrourbano.com\/revista\/urbanismo\/dia-mundial-del-habitat-2019\/"]}]},{"@type":"ImageObject","inLanguage":"es","@id":"https:\/\/centrourbano.com\/revista\/urbanismo\/dia-mundial-del-habitat-2019\/#primaryimage","url":"https:\/\/centrourbano.com\/revista\/wp-content\/uploads\/Tecnolog\u00edas-para-transformar-residuos-tema-del-D\u00eda-Mundial-del-H\u00e1bitat.jpg","contentUrl":"https:\/\/centrourbano.com\/revista\/wp-content\/uploads\/Tecnolog\u00edas-para-transformar-residuos-tema-del-D\u00eda-Mundial-del-H\u00e1bitat.jpg","width":752,"height":431,"caption":"Las sesiones, plenarias y actividades del D\u00eda Mundial del H\u00e1bitat 2019 se llevan a cabo en el Museo Nacional de Antropolog\u00eda de la Ciudad de M\u00e9xico"},{"@type":"BreadcrumbList","@id":"https:\/\/centrourbano.com\/revista\/urbanismo\/dia-mundial-del-habitat-2019\/#breadcrumb","itemListElement":[{"@type":"ListItem","position":1,"name":"Portada","item":"https:\/\/centrourbano.com\/revista\/"},{"@type":"ListItem","position":2,"name":"D\u00eda Mundial del H\u00e1bitat 2019, por la gesti\u00f3n adecuada de los residuos"}]},{"@type":"WebSite","@id":"https:\/\/centrourbano.com\/revista\/#website","url":"https:\/\/centrourbano.com\/revista\/","name":"Centro Urbano","description":"Medio especializado en los sectores vivienda, inmobiliario, construcci\u00f3n, arquitectura y urbanismo.","publisher":{"@id":"https:\/\/centrourbano.com\/revista\/#organization"},"potentialAction":[{"@type":"SearchAction","target":{"@type":"EntryPoint","urlTemplate":"https:\/\/centrourbano.com\/revista\/?s={search_term_string}"},"query-input":{"@type":"PropertyValueSpecification","valueRequired":true,"valueName":"search_term_string"}}],"inLanguage":"es"},{"@type":"Organization","@id":"https:\/\/centrourbano.com\/revista\/#organization","name":"Centro Urbano","url":"https:\/\/centrourbano.com\/revista\/","logo":{"@type":"ImageObject","inLanguage":"es","@id":"https:\/\/centrourbano.com\/revista\/#\/schema\/logo\/image\/","url":"https:\/\/centrourbano.com\/revista\/wp-content\/uploads\/web_CU_logo-1.png","contentUrl":"https:\/\/centrourbano.com\/revista\/wp-content\/uploads\/web_CU_logo-1.png","width":350,"height":91,"caption":"Centro Urbano"},"image":{"@id":"https:\/\/centrourbano.com\/revista\/#\/schema\/logo\/image\/"},"sameAs":["https:\/\/www.facebook.com\/portalcentrourbano","https:\/\/x.com\/CentroUrbano","https:\/\/www.instagram.com\/centro_urbano\/","https:\/\/www.linkedin.com\/company\/centro-urbano\/","http:\/\/www.youtube.com\/user\/portalcentrourbano"]},{"@type":"Person","@id":"https:\/\/centrourbano.com\/revista\/#\/schema\/person\/b190b20bbbceb41ec72278c546fa8df3","name":"Fernanda Hern\u00e1ndez","image":{"@type":"ImageObject","inLanguage":"es","@id":"https:\/\/secure.gravatar.com\/avatar\/9471831fb0a24eae9d32d826a7cb8ef07c34a41520aca1a0ab1f5c0903ba49b9?s=96&d=mm&r=g","url":"https:\/\/secure.gravatar.com\/avatar\/9471831fb0a24eae9d32d826a7cb8ef07c34a41520aca1a0ab1f5c0903ba49b9?s=96&d=mm&r=g","contentUrl":"https:\/\/secure.gravatar.com\/avatar\/9471831fb0a24eae9d32d826a7cb8ef07c34a41520aca1a0ab1f5c0903ba49b9?s=96&d=mm&r=g","caption":"Fernanda Hern\u00e1ndez"},"description":"Reportera y redactora en Centro Urbano. Soy egresada de la licenciatura en Ciencias de la Comunicaci\u00f3n de la Facultad de Ciencias Pol\u00edticas y Sociales (UNAM). Me interesa la cultura, el urbanismo y la arquitectura. Amante del mundo digital, el cine, la m\u00fasica, la lectura y la escritura.","sameAs":["https:\/\/x.com\/https:\/\/twitter.com\/Nannz_Hernandez"],"url":"https:\/\/centrourbano.com\/revista\/author\/fernanda-hernandez\/"}]}},"_links":{"self":[{"href":"https:\/\/centrourbano.com\/revista\/wp-json\/wp\/v2\/posts\/96998","targetHints":{"allow":["GET"]}}],"collection":[{"href":"https:\/\/centrourbano.com\/revista\/wp-json\/wp\/v2\/posts"}],"about":[{"href":"https:\/\/centrourbano.com\/revista\/wp-json\/wp\/v2\/types\/post"}],"author":[{"embeddable":true,"href":"https:\/\/centrourbano.com\/revista\/wp-json\/wp\/v2\/users\/73"}],"replies":[{"embeddable":true,"href":"https:\/\/centrourbano.com\/revista\/wp-json\/wp\/v2\/comments?post=96998"}],"version-history":[{"count":1,"href":"https:\/\/centrourbano.com\/revista\/wp-json\/wp\/v2\/posts\/96998\/revisions"}],"predecessor-version":[{"id":97001,"href":"https:\/\/centrourbano.com\/revista\/wp-json\/wp\/v2\/posts\/96998\/revisions\/97001"}],"wp:featuredmedia":[{"embeddable":true,"href":"https:\/\/centrourbano.com\/revista\/wp-json\/wp\/v2\/media\/96696"}],"wp:attachment":[{"href":"https:\/\/centrourbano.com\/revista\/wp-json\/wp\/v2\/media?parent=96998"}],"wp:term":[{"taxonomy":"category","embeddable":true,"href":"https:\/\/centrourbano.com\/revista\/wp-json\/wp\/v2\/categories?post=96998"},{"taxonomy":"post_tag","embeddable":true,"href":"https:\/\/centrourbano.com\/revista\/wp-json\/wp\/v2\/tags?post=96998"}],"curies":[{"name":"wp","href":"https:\/\/api.w.org\/{rel}","templated":true}]}}