{"id":96888,"date":"2019-10-03T15:22:04","date_gmt":"2019-10-03T20:22:04","guid":{"rendered":"https:\/\/centrourbano.com\/?p=96888"},"modified":"2019-10-03T16:30:12","modified_gmt":"2019-10-03T21:30:12","slug":"necesita-invi-doble-presupuesto-para-atender-demanda","status":"publish","type":"post","link":"https:\/\/centrourbano.com\/revista\/vivienda\/necesita-invi-doble-presupuesto-para-atender-demanda\/","title":{"rendered":"Necesita INVI doble presupuesto para atender demanda"},"content":{"rendered":"<p><em>La Seduvi plantea avanzar en otros mecanismos de financiamiento a la vivienda como es la recuperaci\u00f3n del cr\u00e9dito<\/em><!--more--><\/p>\n<p>La reestructura interna y fortalecimiento del <strong>Instituto de Vivienda<\/strong> (Invi) de la Ciudad de M\u00e9xico necesita el doble de recursos asignados para\u00a0el pr\u00f3ximo a\u00f1o, ya que la prioridad de la actual administraci\u00f3n es el tema de la reconstrucci\u00f3n para lo que resta de 2019 y todo 2020.<\/p>\n<p>En entrevista, <strong>Ileana Villalobos<\/strong>, secretaria de Desarrollo Urbano y Vivienda (Seduvi) de la capital, explic\u00f3 que ante este escenario, lo que se busca es incrementar la capacidad del instituto para atender la gran demanda de vivienda que hay en la ciudad.<\/p>\n<p>\u00abEn este a\u00f1o, lamentablemente el Instituto no va a contar con los suficientes recursos para trabajar sobre ese tema porque estamos b\u00e1sicamente trabajando en la reconstrucci\u00f3n, que\u00a0tiene asignados m\u00e1s de 3,000 millones de pesos, para este a\u00f1o y el siguiente; en el INVI estamos un poco m\u00e1s de <strong>1,000 mdp<\/strong> (&#8230;)<\/p>\n<p>\u00abEsperamos que crezca al doble el pr\u00f3ximo a\u00f1o, sin embargo ah\u00ed la jefa de gobierno ah\u00ed ha sido muy clara: la prioridad es la <strong>reconstrucci\u00f3n<\/strong> y eso nos va a llevar todav\u00eda lo que queda de este a\u00f1o y el pr\u00f3ximo\u00bb, destac\u00f3.<\/p>\n<p>En ese sentido, la titular de la Seduvi explic\u00f3 que adem\u00e1s de lograr mayor financiamiento para el INVI, el instituto requiere una atenci\u00f3n m\u00e1s eficiente hacia los beneficiarios y combatir graves problemas como el\u00a0uso <strong>clientelar<\/strong> que se la he dado a este organismo por algunas organizaciones civiles.<\/p>\n<p>\u00abEso ha estado muy marginado, no ha habido atenci\u00f3n para esta bolsa (de vivienda) y en su lugar ha ocurrido esto que se le da la atenci\u00f3n a trav\u00e9s de diversas organizaciones.<\/p>\n<p>\u00abSe volvi\u00f3 un manejo clientelar, hasta con pr\u00e1cticas de corrupci\u00f3n en algunos casos para favorecer ciertos tipos de vivienda cuando el Instituto no debiera estar financiando modelos que son inadecuados y lo \u00fanico que ha hecho es lastimar los beneficios de la organizaci\u00f3n social, adem\u00e1s de encarecer la vivienda de inter\u00e9s social\u00bb, enfatiz\u00f3.<\/p>\n<p>La funcionaria reconoci\u00f3 que actualmente el Invi opera \u00aben n\u00fameros rojos\u00bb, incluyendo la recuperaci\u00f3n de la cartera vencida del instituto, por lo que asegur\u00f3 el principal esfuerzo deber\u00e1 ser dar seguridad al acreditado y buscar otras alternativas.<\/p>\n<p>\u00abNosotros s\u00ed pensamos plantear una propuesta un poco m\u00e1s s\u00f3lida en t\u00e9rminos de presupuesto, pero insisto la prioridad es la reconstrucci\u00f3n y lo que menos hay son recursos, por eso tenemos que avanzar en otros mecanismos de financiamiento a la vivienda como es la recuperaci\u00f3n del cr\u00e9dito\u00bb, concluy\u00f3.<\/p>\n","protected":false},"excerpt":{"rendered":"<p>La Seduvi plantea avanzar en otros mecanismos de financiamiento a la vivienda como es la recuperaci\u00f3n del cr\u00e9dito<\/p>\n","protected":false},"author":69,"featured_media":50724,"comment_status":"open","ping_status":"closed","sticky":false,"template":"","format":"standard","meta":{"om_disable_all_campaigns":false,"inline_featured_image":false,"_monsterinsights_skip_tracking":false,"_monsterinsights_sitenote_active":false,"_monsterinsights_sitenote_note":"","_monsterinsights_sitenote_category":0,"footnotes":""},"categories":[13,12],"tags":[13974,1450,126,553],"class_list":["post-96888","post","type-post","status-publish","format-standard","has-post-thumbnail","hentry","category-entrevistas","category-vivienda","tag-ileana-villalobos","tag-invi","tag-seduvi","tag-vivienda-social"],"yoast_head":"<!-- This site is optimized with the Yoast SEO plugin v27.4 - https:\/\/yoast.com\/product\/yoast-seo-wordpress\/ -->\n<title>Necesita INVI doble presupuesto para atender demanda<\/title>\n<meta name=\"description\" content=\"La Seduvi plantea avanzar en otros mecanismos de financiamiento a la vivienda como es la recuperaci\u00f3n del cr\u00e9dito\" \/>\n<meta name=\"robots\" content=\"index, follow, max-snippet:-1, max-image-preview:large, max-video-preview:-1\" \/>\n<link rel=\"canonical\" href=\"https:\/\/centrourbano.com\/revista\/vivienda\/necesita-invi-doble-presupuesto-para-atender-demanda\/\" \/>\n<meta property=\"og:locale\" content=\"es_ES\" \/>\n<meta property=\"og:type\" content=\"article\" \/>\n<meta property=\"og:title\" content=\"Necesita INVI doble presupuesto para atender demanda\" \/>\n<meta property=\"og:description\" content=\"La Seduvi plantea avanzar en otros mecanismos de financiamiento a la vivienda como es la recuperaci\u00f3n del cr\u00e9dito\" \/>\n<meta property=\"og:url\" content=\"https:\/\/centrourbano.com\/revista\/vivienda\/necesita-invi-doble-presupuesto-para-atender-demanda\/\" \/>\n<meta property=\"og:site_name\" content=\"Centro Urbano\" \/>\n<meta property=\"article:publisher\" content=\"https:\/\/www.facebook.com\/portalcentrourbano\" \/>\n<meta property=\"article:published_time\" content=\"2019-10-03T20:22:04+00:00\" \/>\n<meta property=\"article:modified_time\" content=\"2019-10-03T21:30:12+00:00\" \/>\n<meta property=\"og:image\" content=\"https:\/\/centrourbano.com\/revista\/wp-content\/uploads\/invi-cdmx.jpg\" \/>\n\t<meta property=\"og:image:width\" content=\"615\" \/>\n\t<meta property=\"og:image:height\" content=\"400\" \/>\n\t<meta property=\"og:image:type\" content=\"image\/jpeg\" \/>\n<meta name=\"author\" content=\"Fernando Navarrete\" \/>\n<meta name=\"twitter:card\" content=\"summary_large_image\" \/>\n<meta name=\"twitter:creator\" content=\"@CentroUrbano\" \/>\n<meta name=\"twitter:site\" content=\"@CentroUrbano\" \/>\n<meta name=\"twitter:label1\" content=\"Escrito por\" \/>\n\t<meta name=\"twitter:data1\" content=\"Fernando Navarrete\" \/>\n\t<meta name=\"twitter:label2\" content=\"Tiempo de lectura\" \/>\n\t<meta name=\"twitter:data2\" content=\"2 minutos\" \/>\n<script type=\"application\/ld+json\" class=\"yoast-schema-graph\">{\"@context\":\"https:\\\/\\\/schema.org\",\"@graph\":[{\"@type\":\"Article\",\"@id\":\"https:\\\/\\\/centrourbano.com\\\/revista\\\/vivienda\\\/necesita-invi-doble-presupuesto-para-atender-demanda\\\/#article\",\"isPartOf\":{\"@id\":\"https:\\\/\\\/centrourbano.com\\\/revista\\\/vivienda\\\/necesita-invi-doble-presupuesto-para-atender-demanda\\\/\"},\"author\":{\"name\":\"Fernando Navarrete\",\"@id\":\"https:\\\/\\\/centrourbano.com\\\/revista\\\/#\\\/schema\\\/person\\\/515c32d01ece40d20a7ed3fdf34051af\"},\"headline\":\"Necesita INVI doble presupuesto para atender demanda\",\"datePublished\":\"2019-10-03T20:22:04+00:00\",\"dateModified\":\"2019-10-03T21:30:12+00:00\",\"mainEntityOfPage\":{\"@id\":\"https:\\\/\\\/centrourbano.com\\\/revista\\\/vivienda\\\/necesita-invi-doble-presupuesto-para-atender-demanda\\\/\"},\"wordCount\":459,\"commentCount\":0,\"publisher\":{\"@id\":\"https:\\\/\\\/centrourbano.com\\\/revista\\\/#organization\"},\"image\":{\"@id\":\"https:\\\/\\\/centrourbano.com\\\/revista\\\/vivienda\\\/necesita-invi-doble-presupuesto-para-atender-demanda\\\/#primaryimage\"},\"thumbnailUrl\":\"https:\\\/\\\/centrourbano.com\\\/revista\\\/wp-content\\\/uploads\\\/invi-cdmx.jpg\",\"keywords\":[\"Ileana Villalobos\",\"Invi\",\"Seduvi\",\"Vivienda social\"],\"articleSection\":[\"Entrevistas\",\"Vivienda\"],\"inLanguage\":\"es\",\"potentialAction\":[{\"@type\":\"CommentAction\",\"name\":\"Comment\",\"target\":[\"https:\\\/\\\/centrourbano.com\\\/revista\\\/vivienda\\\/necesita-invi-doble-presupuesto-para-atender-demanda\\\/#respond\"]}]},{\"@type\":\"WebPage\",\"@id\":\"https:\\\/\\\/centrourbano.com\\\/revista\\\/vivienda\\\/necesita-invi-doble-presupuesto-para-atender-demanda\\\/\",\"url\":\"https:\\\/\\\/centrourbano.com\\\/revista\\\/vivienda\\\/necesita-invi-doble-presupuesto-para-atender-demanda\\\/\",\"name\":\"Necesita INVI doble presupuesto para atender demanda\",\"isPartOf\":{\"@id\":\"https:\\\/\\\/centrourbano.com\\\/revista\\\/#website\"},\"primaryImageOfPage\":{\"@id\":\"https:\\\/\\\/centrourbano.com\\\/revista\\\/vivienda\\\/necesita-invi-doble-presupuesto-para-atender-demanda\\\/#primaryimage\"},\"image\":{\"@id\":\"https:\\\/\\\/centrourbano.com\\\/revista\\\/vivienda\\\/necesita-invi-doble-presupuesto-para-atender-demanda\\\/#primaryimage\"},\"thumbnailUrl\":\"https:\\\/\\\/centrourbano.com\\\/revista\\\/wp-content\\\/uploads\\\/invi-cdmx.jpg\",\"datePublished\":\"2019-10-03T20:22:04+00:00\",\"dateModified\":\"2019-10-03T21:30:12+00:00\",\"description\":\"La Seduvi plantea avanzar en otros mecanismos de financiamiento a la vivienda como es la recuperaci\u00f3n del cr\u00e9dito\",\"breadcrumb\":{\"@id\":\"https:\\\/\\\/centrourbano.com\\\/revista\\\/vivienda\\\/necesita-invi-doble-presupuesto-para-atender-demanda\\\/#breadcrumb\"},\"inLanguage\":\"es\",\"potentialAction\":[{\"@type\":\"ReadAction\",\"target\":[\"https:\\\/\\\/centrourbano.com\\\/revista\\\/vivienda\\\/necesita-invi-doble-presupuesto-para-atender-demanda\\\/\"]}]},{\"@type\":\"ImageObject\",\"inLanguage\":\"es\",\"@id\":\"https:\\\/\\\/centrourbano.com\\\/revista\\\/vivienda\\\/necesita-invi-doble-presupuesto-para-atender-demanda\\\/#primaryimage\",\"url\":\"https:\\\/\\\/centrourbano.com\\\/revista\\\/wp-content\\\/uploads\\\/invi-cdmx.jpg\",\"contentUrl\":\"https:\\\/\\\/centrourbano.com\\\/revista\\\/wp-content\\\/uploads\\\/invi-cdmx.jpg\",\"width\":615,\"height\":400},{\"@type\":\"BreadcrumbList\",\"@id\":\"https:\\\/\\\/centrourbano.com\\\/revista\\\/vivienda\\\/necesita-invi-doble-presupuesto-para-atender-demanda\\\/#breadcrumb\",\"itemListElement\":[{\"@type\":\"ListItem\",\"position\":1,\"name\":\"Portada\",\"item\":\"https:\\\/\\\/centrourbano.com\\\/revista\\\/\"},{\"@type\":\"ListItem\",\"position\":2,\"name\":\"Necesita INVI doble presupuesto para atender demanda\"}]},{\"@type\":\"WebSite\",\"@id\":\"https:\\\/\\\/centrourbano.com\\\/revista\\\/#website\",\"url\":\"https:\\\/\\\/centrourbano.com\\\/revista\\\/\",\"name\":\"Centro Urbano\",\"description\":\"Medio especializado en los sectores vivienda, inmobiliario, construcci\u00f3n, arquitectura y urbanismo.\",\"publisher\":{\"@id\":\"https:\\\/\\\/centrourbano.com\\\/revista\\\/#organization\"},\"potentialAction\":[{\"@type\":\"SearchAction\",\"target\":{\"@type\":\"EntryPoint\",\"urlTemplate\":\"https:\\\/\\\/centrourbano.com\\\/revista\\\/?s={search_term_string}\"},\"query-input\":{\"@type\":\"PropertyValueSpecification\",\"valueRequired\":true,\"valueName\":\"search_term_string\"}}],\"inLanguage\":\"es\"},{\"@type\":\"Organization\",\"@id\":\"https:\\\/\\\/centrourbano.com\\\/revista\\\/#organization\",\"name\":\"Centro Urbano\",\"url\":\"https:\\\/\\\/centrourbano.com\\\/revista\\\/\",\"logo\":{\"@type\":\"ImageObject\",\"inLanguage\":\"es\",\"@id\":\"https:\\\/\\\/centrourbano.com\\\/revista\\\/#\\\/schema\\\/logo\\\/image\\\/\",\"url\":\"https:\\\/\\\/centrourbano.com\\\/revista\\\/wp-content\\\/uploads\\\/web_CU_logo-1.png\",\"contentUrl\":\"https:\\\/\\\/centrourbano.com\\\/revista\\\/wp-content\\\/uploads\\\/web_CU_logo-1.png\",\"width\":350,\"height\":91,\"caption\":\"Centro Urbano\"},\"image\":{\"@id\":\"https:\\\/\\\/centrourbano.com\\\/revista\\\/#\\\/schema\\\/logo\\\/image\\\/\"},\"sameAs\":[\"https:\\\/\\\/www.facebook.com\\\/portalcentrourbano\",\"https:\\\/\\\/x.com\\\/CentroUrbano\",\"https:\\\/\\\/www.instagram.com\\\/centro_urbano\\\/\",\"https:\\\/\\\/www.linkedin.com\\\/company\\\/centro-urbano\\\/\",\"http:\\\/\\\/www.youtube.com\\\/user\\\/portalcentrourbano\"]},{\"@type\":\"Person\",\"@id\":\"https:\\\/\\\/centrourbano.com\\\/revista\\\/#\\\/schema\\\/person\\\/515c32d01ece40d20a7ed3fdf34051af\",\"name\":\"Fernando Navarrete\",\"image\":{\"@type\":\"ImageObject\",\"inLanguage\":\"es\",\"@id\":\"https:\\\/\\\/secure.gravatar.com\\\/avatar\\\/f4dd6927a99e72698473e350e20ec8a38bd48cb668e15b03d04e8e537da41ad0?s=96&d=mm&r=g\",\"url\":\"https:\\\/\\\/secure.gravatar.com\\\/avatar\\\/f4dd6927a99e72698473e350e20ec8a38bd48cb668e15b03d04e8e537da41ad0?s=96&d=mm&r=g\",\"contentUrl\":\"https:\\\/\\\/secure.gravatar.com\\\/avatar\\\/f4dd6927a99e72698473e350e20ec8a38bd48cb668e15b03d04e8e537da41ad0?s=96&d=mm&r=g\",\"caption\":\"Fernando Navarrete\"},\"description\":\"Reportero de negocios, inmobiliario, construcci\u00f3n e industria. Me interesa la econom\u00eda, pol\u00edtica, historia y antropolog\u00eda. Estudi\u00e9 en la Facultad de Ciencias Pol\u00edticas y Sociales de la UNAM. Tengo experiencia en el sector p\u00fablico, la industria del acero, ingenier\u00eda civil, IT y corporativos; soy un nost\u00e1lgico nacionalista contempor\u00e1neo que cree en la grandeza de su pa\u00eds. Asiduo lector de Juan Rulfo, Jos\u00e9 Revueltas y J. R. R Tolkien.\",\"url\":\"https:\\\/\\\/centrourbano.com\\\/revista\\\/author\\\/fernando-navarrete\\\/\"}]}<\/script>\n<!-- \/ Yoast SEO plugin. -->","yoast_head_json":{"title":"Necesita INVI doble presupuesto para atender demanda","description":"La Seduvi plantea avanzar en otros mecanismos de financiamiento a la vivienda como es la recuperaci\u00f3n del cr\u00e9dito","robots":{"index":"index","follow":"follow","max-snippet":"max-snippet:-1","max-image-preview":"max-image-preview:large","max-video-preview":"max-video-preview:-1"},"canonical":"https:\/\/centrourbano.com\/revista\/vivienda\/necesita-invi-doble-presupuesto-para-atender-demanda\/","og_locale":"es_ES","og_type":"article","og_title":"Necesita INVI doble presupuesto para atender demanda","og_description":"La Seduvi plantea avanzar en otros mecanismos de financiamiento a la vivienda como es la recuperaci\u00f3n del cr\u00e9dito","og_url":"https:\/\/centrourbano.com\/revista\/vivienda\/necesita-invi-doble-presupuesto-para-atender-demanda\/","og_site_name":"Centro Urbano","article_publisher":"https:\/\/www.facebook.com\/portalcentrourbano","article_published_time":"2019-10-03T20:22:04+00:00","article_modified_time":"2019-10-03T21:30:12+00:00","og_image":[{"width":615,"height":400,"url":"https:\/\/centrourbano.com\/revista\/wp-content\/uploads\/invi-cdmx.jpg","type":"image\/jpeg"}],"author":"Fernando Navarrete","twitter_card":"summary_large_image","twitter_creator":"@CentroUrbano","twitter_site":"@CentroUrbano","twitter_misc":{"Escrito por":"Fernando Navarrete","Tiempo de lectura":"2 minutos"},"schema":{"@context":"https:\/\/schema.org","@graph":[{"@type":"Article","@id":"https:\/\/centrourbano.com\/revista\/vivienda\/necesita-invi-doble-presupuesto-para-atender-demanda\/#article","isPartOf":{"@id":"https:\/\/centrourbano.com\/revista\/vivienda\/necesita-invi-doble-presupuesto-para-atender-demanda\/"},"author":{"name":"Fernando Navarrete","@id":"https:\/\/centrourbano.com\/revista\/#\/schema\/person\/515c32d01ece40d20a7ed3fdf34051af"},"headline":"Necesita INVI doble presupuesto para atender demanda","datePublished":"2019-10-03T20:22:04+00:00","dateModified":"2019-10-03T21:30:12+00:00","mainEntityOfPage":{"@id":"https:\/\/centrourbano.com\/revista\/vivienda\/necesita-invi-doble-presupuesto-para-atender-demanda\/"},"wordCount":459,"commentCount":0,"publisher":{"@id":"https:\/\/centrourbano.com\/revista\/#organization"},"image":{"@id":"https:\/\/centrourbano.com\/revista\/vivienda\/necesita-invi-doble-presupuesto-para-atender-demanda\/#primaryimage"},"thumbnailUrl":"https:\/\/centrourbano.com\/revista\/wp-content\/uploads\/invi-cdmx.jpg","keywords":["Ileana Villalobos","Invi","Seduvi","Vivienda social"],"articleSection":["Entrevistas","Vivienda"],"inLanguage":"es","potentialAction":[{"@type":"CommentAction","name":"Comment","target":["https:\/\/centrourbano.com\/revista\/vivienda\/necesita-invi-doble-presupuesto-para-atender-demanda\/#respond"]}]},{"@type":"WebPage","@id":"https:\/\/centrourbano.com\/revista\/vivienda\/necesita-invi-doble-presupuesto-para-atender-demanda\/","url":"https:\/\/centrourbano.com\/revista\/vivienda\/necesita-invi-doble-presupuesto-para-atender-demanda\/","name":"Necesita INVI doble presupuesto para atender demanda","isPartOf":{"@id":"https:\/\/centrourbano.com\/revista\/#website"},"primaryImageOfPage":{"@id":"https:\/\/centrourbano.com\/revista\/vivienda\/necesita-invi-doble-presupuesto-para-atender-demanda\/#primaryimage"},"image":{"@id":"https:\/\/centrourbano.com\/revista\/vivienda\/necesita-invi-doble-presupuesto-para-atender-demanda\/#primaryimage"},"thumbnailUrl":"https:\/\/centrourbano.com\/revista\/wp-content\/uploads\/invi-cdmx.jpg","datePublished":"2019-10-03T20:22:04+00:00","dateModified":"2019-10-03T21:30:12+00:00","description":"La Seduvi plantea avanzar en otros mecanismos de financiamiento a la vivienda como es la recuperaci\u00f3n del cr\u00e9dito","breadcrumb":{"@id":"https:\/\/centrourbano.com\/revista\/vivienda\/necesita-invi-doble-presupuesto-para-atender-demanda\/#breadcrumb"},"inLanguage":"es","potentialAction":[{"@type":"ReadAction","target":["https:\/\/centrourbano.com\/revista\/vivienda\/necesita-invi-doble-presupuesto-para-atender-demanda\/"]}]},{"@type":"ImageObject","inLanguage":"es","@id":"https:\/\/centrourbano.com\/revista\/vivienda\/necesita-invi-doble-presupuesto-para-atender-demanda\/#primaryimage","url":"https:\/\/centrourbano.com\/revista\/wp-content\/uploads\/invi-cdmx.jpg","contentUrl":"https:\/\/centrourbano.com\/revista\/wp-content\/uploads\/invi-cdmx.jpg","width":615,"height":400},{"@type":"BreadcrumbList","@id":"https:\/\/centrourbano.com\/revista\/vivienda\/necesita-invi-doble-presupuesto-para-atender-demanda\/#breadcrumb","itemListElement":[{"@type":"ListItem","position":1,"name":"Portada","item":"https:\/\/centrourbano.com\/revista\/"},{"@type":"ListItem","position":2,"name":"Necesita INVI doble presupuesto para atender demanda"}]},{"@type":"WebSite","@id":"https:\/\/centrourbano.com\/revista\/#website","url":"https:\/\/centrourbano.com\/revista\/","name":"Centro Urbano","description":"Medio especializado en los sectores vivienda, inmobiliario, construcci\u00f3n, arquitectura y urbanismo.","publisher":{"@id":"https:\/\/centrourbano.com\/revista\/#organization"},"potentialAction":[{"@type":"SearchAction","target":{"@type":"EntryPoint","urlTemplate":"https:\/\/centrourbano.com\/revista\/?s={search_term_string}"},"query-input":{"@type":"PropertyValueSpecification","valueRequired":true,"valueName":"search_term_string"}}],"inLanguage":"es"},{"@type":"Organization","@id":"https:\/\/centrourbano.com\/revista\/#organization","name":"Centro Urbano","url":"https:\/\/centrourbano.com\/revista\/","logo":{"@type":"ImageObject","inLanguage":"es","@id":"https:\/\/centrourbano.com\/revista\/#\/schema\/logo\/image\/","url":"https:\/\/centrourbano.com\/revista\/wp-content\/uploads\/web_CU_logo-1.png","contentUrl":"https:\/\/centrourbano.com\/revista\/wp-content\/uploads\/web_CU_logo-1.png","width":350,"height":91,"caption":"Centro Urbano"},"image":{"@id":"https:\/\/centrourbano.com\/revista\/#\/schema\/logo\/image\/"},"sameAs":["https:\/\/www.facebook.com\/portalcentrourbano","https:\/\/x.com\/CentroUrbano","https:\/\/www.instagram.com\/centro_urbano\/","https:\/\/www.linkedin.com\/company\/centro-urbano\/","http:\/\/www.youtube.com\/user\/portalcentrourbano"]},{"@type":"Person","@id":"https:\/\/centrourbano.com\/revista\/#\/schema\/person\/515c32d01ece40d20a7ed3fdf34051af","name":"Fernando Navarrete","image":{"@type":"ImageObject","inLanguage":"es","@id":"https:\/\/secure.gravatar.com\/avatar\/f4dd6927a99e72698473e350e20ec8a38bd48cb668e15b03d04e8e537da41ad0?s=96&d=mm&r=g","url":"https:\/\/secure.gravatar.com\/avatar\/f4dd6927a99e72698473e350e20ec8a38bd48cb668e15b03d04e8e537da41ad0?s=96&d=mm&r=g","contentUrl":"https:\/\/secure.gravatar.com\/avatar\/f4dd6927a99e72698473e350e20ec8a38bd48cb668e15b03d04e8e537da41ad0?s=96&d=mm&r=g","caption":"Fernando Navarrete"},"description":"Reportero de negocios, inmobiliario, construcci\u00f3n e industria. Me interesa la econom\u00eda, pol\u00edtica, historia y antropolog\u00eda. Estudi\u00e9 en la Facultad de Ciencias Pol\u00edticas y Sociales de la UNAM. Tengo experiencia en el sector p\u00fablico, la industria del acero, ingenier\u00eda civil, IT y corporativos; soy un nost\u00e1lgico nacionalista contempor\u00e1neo que cree en la grandeza de su pa\u00eds. Asiduo lector de Juan Rulfo, Jos\u00e9 Revueltas y J. R. R Tolkien.","url":"https:\/\/centrourbano.com\/revista\/author\/fernando-navarrete\/"}]}},"_links":{"self":[{"href":"https:\/\/centrourbano.com\/revista\/wp-json\/wp\/v2\/posts\/96888","targetHints":{"allow":["GET"]}}],"collection":[{"href":"https:\/\/centrourbano.com\/revista\/wp-json\/wp\/v2\/posts"}],"about":[{"href":"https:\/\/centrourbano.com\/revista\/wp-json\/wp\/v2\/types\/post"}],"author":[{"embeddable":true,"href":"https:\/\/centrourbano.com\/revista\/wp-json\/wp\/v2\/users\/69"}],"replies":[{"embeddable":true,"href":"https:\/\/centrourbano.com\/revista\/wp-json\/wp\/v2\/comments?post=96888"}],"version-history":[{"count":3,"href":"https:\/\/centrourbano.com\/revista\/wp-json\/wp\/v2\/posts\/96888\/revisions"}],"predecessor-version":[{"id":96891,"href":"https:\/\/centrourbano.com\/revista\/wp-json\/wp\/v2\/posts\/96888\/revisions\/96891"}],"wp:featuredmedia":[{"embeddable":true,"href":"https:\/\/centrourbano.com\/revista\/wp-json\/wp\/v2\/media\/50724"}],"wp:attachment":[{"href":"https:\/\/centrourbano.com\/revista\/wp-json\/wp\/v2\/media?parent=96888"}],"wp:term":[{"taxonomy":"category","embeddable":true,"href":"https:\/\/centrourbano.com\/revista\/wp-json\/wp\/v2\/categories?post=96888"},{"taxonomy":"post_tag","embeddable":true,"href":"https:\/\/centrourbano.com\/revista\/wp-json\/wp\/v2\/tags?post=96888"}],"curies":[{"name":"wp","href":"https:\/\/api.w.org\/{rel}","templated":true}]}}