{"id":96871,"date":"2019-10-04T09:03:16","date_gmt":"2019-10-04T14:03:16","guid":{"rendered":"https:\/\/centrourbano.com\/?p=96871"},"modified":"2019-10-04T10:17:10","modified_gmt":"2019-10-04T15:17:10","slug":"gobierno-del-edomex-y-cmic-trabajan-para-impulsar-desarrollo-de-la-entidad","status":"publish","type":"post","link":"https:\/\/centrourbano.com\/revista\/construccion\/gobierno-del-edomex-y-cmic-trabajan-para-impulsar-desarrollo-de-la-entidad\/","title":{"rendered":"Gobierno del Edomex y CMIC trabajan para impulsar desarrollo de la entidad"},"content":{"rendered":"<p><em>Rafael D\u00edaz indic\u00f3 que los recursos que se destinan a la obra p\u00fablica son utilizados de forma eficiente y se reconocen las necesidades de cada comunidad<\/em><\/p>\n<p><!--more--><\/p>\n<p>A fin de impulsar el desarrollo social y econ\u00f3mico del <strong>Estado de M\u00e9xico<\/strong>, el gobierno de la entidad, a trav\u00e9s de la <strong>Secretar\u00eda de Obra P\u00fablica<\/strong>\u00a0<strong>del estado<\/strong> y la <strong>C\u00e1mara Mexicana de la Industria de la Construcci\u00f3n (CMIC)<\/strong>, coincidieron en trabajar de forma coordinada para\u00a0promover los proyectos mexiquenses de obra p\u00fablica.<\/p>\n<p>Durante una reuni\u00f3n con los constructores mexiquenses, <strong>Rafael D\u00edaz Leal Barrueta<\/strong>, secretario de Obra P\u00fablica del Estado de M\u00e9xico, coment\u00f3 que el ideal de austeridad que el <strong>Gobierno de la Rep\u00fablica<\/strong> y del gobernador <strong>Alfredo Del Mazo<\/strong> ha representado un gran reto para hacer un uso eficiente de los recursos p\u00fablicos disponibles.<\/p>\n<p><strong>Rafael D\u00edaz<\/strong> indic\u00f3 que los recursos que se destinan a la obra p\u00fablica son utilizados de forma eficiente, hecho que se logra a partir de reconocer, de manera cercana, las necesidades sociales y econ\u00f3micas de cada comunidad, por ello se lleva a cabo una planeaci\u00f3n \u00f3ptima que garantice proyectos con calidad y beneficio social.<\/p>\n<p>Asimismo, afirm\u00f3 que de no ser por el compromiso de los constructores mexiquenses, este esquema no ser\u00eda posible.<\/p>\n<p>Por su parte, los constructores encabezados por <strong>Mario Vallejo Vald\u00e9s<\/strong>, presidente de la <strong>CMIC Estado de M\u00e9xico<\/strong>, destacaron la iniciativa del gobierno estatal para mantener una comunicaci\u00f3n continua y buscar nuevas oportunidades de crecimiento dentro de la industria.<\/p>\n<p>Cabe mencionar que el secretario de Obra P\u00fablica reiter\u00f3 que existen proyectos en marcha en temas como agua potable, alumbrado p\u00fablico y electrificaci\u00f3n, y otros m\u00e1s que dar\u00e1n inicio el a\u00f1o pr\u00f3ximo.<\/p>\n<p>&nbsp;<\/p>\n","protected":false},"excerpt":{"rendered":"<p>Rafael D\u00edaz indic\u00f3 que los recursos que se destinan a la obra p\u00fablica son utilizados de forma eficiente y se reconocen las necesidades de cada comunidad<\/p>\n","protected":false},"author":74,"featured_media":96874,"comment_status":"open","ping_status":"closed","sticky":false,"template":"","format":"standard","meta":{"om_disable_all_campaigns":false,"inline_featured_image":false,"_monsterinsights_skip_tracking":false,"_monsterinsights_sitenote_active":false,"_monsterinsights_sitenote_note":"","_monsterinsights_sitenote_category":0,"footnotes":""},"categories":[14],"tags":[11543,83,589,8293,16435,11968],"class_list":["post-96871","post","type-post","status-publish","format-standard","has-post-thumbnail","hentry","category-construccion","tag-alfredo-del-mazo","tag-cmic","tag-edomex","tag-obra-publica","tag-rafael-diaz","tag-secretaria-de-obra-publica"],"yoast_head":"<!-- This site is optimized with the Yoast SEO plugin v27.5 - https:\/\/yoast.com\/product\/yoast-seo-wordpress\/ -->\n<title>Gobierno Edomex y CMIC trabajan para impulsar desarrollo de la entidad<\/title>\n<meta name=\"description\" content=\"Rafael D\u00edaz indic\u00f3 que los recursos que se destinan a la obra p\u00fablica son utilizados de forma eficiente y se reconocen las necesidades de cada comunidad\" \/>\n<meta name=\"robots\" content=\"index, follow, max-snippet:-1, max-image-preview:large, max-video-preview:-1\" \/>\n<link rel=\"canonical\" href=\"https:\/\/centrourbano.com\/revista\/construccion\/gobierno-del-edomex-y-cmic-trabajan-para-impulsar-desarrollo-de-la-entidad\/\" \/>\n<meta property=\"og:locale\" content=\"es_ES\" \/>\n<meta property=\"og:type\" content=\"article\" \/>\n<meta property=\"og:title\" content=\"Gobierno Edomex y CMIC trabajan para impulsar desarrollo de la entidad\" \/>\n<meta property=\"og:description\" content=\"Rafael D\u00edaz indic\u00f3 que los recursos que se destinan a la obra p\u00fablica son utilizados de forma eficiente y se reconocen las necesidades de cada comunidad\" \/>\n<meta property=\"og:url\" content=\"https:\/\/centrourbano.com\/revista\/construccion\/gobierno-del-edomex-y-cmic-trabajan-para-impulsar-desarrollo-de-la-entidad\/\" \/>\n<meta property=\"og:site_name\" content=\"Centro Urbano\" \/>\n<meta property=\"article:publisher\" content=\"https:\/\/www.facebook.com\/portalcentrourbano\" \/>\n<meta property=\"article:published_time\" content=\"2019-10-04T14:03:16+00:00\" \/>\n<meta property=\"article:modified_time\" content=\"2019-10-04T15:17:10+00:00\" \/>\n<meta property=\"og:image\" content=\"https:\/\/centrourbano.com\/revista\/wp-content\/uploads\/edomex-cmic-2.jpg\" \/>\n\t<meta property=\"og:image:width\" content=\"1024\" \/>\n\t<meta property=\"og:image:height\" content=\"683\" \/>\n\t<meta property=\"og:image:type\" content=\"image\/jpeg\" \/>\n<meta name=\"author\" content=\"Sheila Navarro\" \/>\n<meta name=\"twitter:card\" content=\"summary_large_image\" \/>\n<meta name=\"twitter:creator\" content=\"@CentroUrbano\" \/>\n<meta name=\"twitter:site\" content=\"@CentroUrbano\" \/>\n<meta name=\"twitter:label1\" content=\"Escrito por\" \/>\n\t<meta name=\"twitter:data1\" content=\"Sheila Navarro\" \/>\n\t<meta name=\"twitter:label2\" content=\"Tiempo de lectura\" \/>\n\t<meta name=\"twitter:data2\" content=\"2 minutos\" \/>\n<script type=\"application\/ld+json\" class=\"yoast-schema-graph\">{\"@context\":\"https:\\\/\\\/schema.org\",\"@graph\":[{\"@type\":\"Article\",\"@id\":\"https:\\\/\\\/centrourbano.com\\\/revista\\\/construccion\\\/gobierno-del-edomex-y-cmic-trabajan-para-impulsar-desarrollo-de-la-entidad\\\/#article\",\"isPartOf\":{\"@id\":\"https:\\\/\\\/centrourbano.com\\\/revista\\\/construccion\\\/gobierno-del-edomex-y-cmic-trabajan-para-impulsar-desarrollo-de-la-entidad\\\/\"},\"author\":{\"name\":\"Sheila Navarro\",\"@id\":\"https:\\\/\\\/centrourbano.com\\\/revista\\\/#\\\/schema\\\/person\\\/a10d46c5a349f56a0c72e807d8381b4d\"},\"headline\":\"Gobierno del Edomex y CMIC trabajan para impulsar desarrollo de la entidad\",\"datePublished\":\"2019-10-04T14:03:16+00:00\",\"dateModified\":\"2019-10-04T15:17:10+00:00\",\"mainEntityOfPage\":{\"@id\":\"https:\\\/\\\/centrourbano.com\\\/revista\\\/construccion\\\/gobierno-del-edomex-y-cmic-trabajan-para-impulsar-desarrollo-de-la-entidad\\\/\"},\"wordCount\":317,\"commentCount\":0,\"publisher\":{\"@id\":\"https:\\\/\\\/centrourbano.com\\\/revista\\\/#organization\"},\"image\":{\"@id\":\"https:\\\/\\\/centrourbano.com\\\/revista\\\/construccion\\\/gobierno-del-edomex-y-cmic-trabajan-para-impulsar-desarrollo-de-la-entidad\\\/#primaryimage\"},\"thumbnailUrl\":\"https:\\\/\\\/centrourbano.com\\\/revista\\\/wp-content\\\/uploads\\\/edomex-cmic-2.jpg\",\"keywords\":[\"Alfredo Del Mazo\",\"CMIC\",\"Edomex\",\"Obra P\u00fablica\",\"Rafael D\u00edaz\",\"Secretaria de Obra P\u00fablica\"],\"articleSection\":[\"Construcci\u00f3n\"],\"inLanguage\":\"es\",\"potentialAction\":[{\"@type\":\"CommentAction\",\"name\":\"Comment\",\"target\":[\"https:\\\/\\\/centrourbano.com\\\/revista\\\/construccion\\\/gobierno-del-edomex-y-cmic-trabajan-para-impulsar-desarrollo-de-la-entidad\\\/#respond\"]}]},{\"@type\":\"WebPage\",\"@id\":\"https:\\\/\\\/centrourbano.com\\\/revista\\\/construccion\\\/gobierno-del-edomex-y-cmic-trabajan-para-impulsar-desarrollo-de-la-entidad\\\/\",\"url\":\"https:\\\/\\\/centrourbano.com\\\/revista\\\/construccion\\\/gobierno-del-edomex-y-cmic-trabajan-para-impulsar-desarrollo-de-la-entidad\\\/\",\"name\":\"Gobierno Edomex y CMIC trabajan para impulsar desarrollo de la entidad\",\"isPartOf\":{\"@id\":\"https:\\\/\\\/centrourbano.com\\\/revista\\\/#website\"},\"primaryImageOfPage\":{\"@id\":\"https:\\\/\\\/centrourbano.com\\\/revista\\\/construccion\\\/gobierno-del-edomex-y-cmic-trabajan-para-impulsar-desarrollo-de-la-entidad\\\/#primaryimage\"},\"image\":{\"@id\":\"https:\\\/\\\/centrourbano.com\\\/revista\\\/construccion\\\/gobierno-del-edomex-y-cmic-trabajan-para-impulsar-desarrollo-de-la-entidad\\\/#primaryimage\"},\"thumbnailUrl\":\"https:\\\/\\\/centrourbano.com\\\/revista\\\/wp-content\\\/uploads\\\/edomex-cmic-2.jpg\",\"datePublished\":\"2019-10-04T14:03:16+00:00\",\"dateModified\":\"2019-10-04T15:17:10+00:00\",\"description\":\"Rafael D\u00edaz indic\u00f3 que los recursos que se destinan a la obra p\u00fablica son utilizados de forma eficiente y se reconocen las necesidades de cada comunidad\",\"breadcrumb\":{\"@id\":\"https:\\\/\\\/centrourbano.com\\\/revista\\\/construccion\\\/gobierno-del-edomex-y-cmic-trabajan-para-impulsar-desarrollo-de-la-entidad\\\/#breadcrumb\"},\"inLanguage\":\"es\",\"potentialAction\":[{\"@type\":\"ReadAction\",\"target\":[\"https:\\\/\\\/centrourbano.com\\\/revista\\\/construccion\\\/gobierno-del-edomex-y-cmic-trabajan-para-impulsar-desarrollo-de-la-entidad\\\/\"]}]},{\"@type\":\"ImageObject\",\"inLanguage\":\"es\",\"@id\":\"https:\\\/\\\/centrourbano.com\\\/revista\\\/construccion\\\/gobierno-del-edomex-y-cmic-trabajan-para-impulsar-desarrollo-de-la-entidad\\\/#primaryimage\",\"url\":\"https:\\\/\\\/centrourbano.com\\\/revista\\\/wp-content\\\/uploads\\\/edomex-cmic-2.jpg\",\"contentUrl\":\"https:\\\/\\\/centrourbano.com\\\/revista\\\/wp-content\\\/uploads\\\/edomex-cmic-2.jpg\",\"width\":1024,\"height\":683,\"caption\":\"Rafael D\u00edaz indic\u00f3 que los recursos que se destinan a la obra p\u00fablica son utilizados de forma eficiente y se reconocen las necesidades de cada comunidad\"},{\"@type\":\"BreadcrumbList\",\"@id\":\"https:\\\/\\\/centrourbano.com\\\/revista\\\/construccion\\\/gobierno-del-edomex-y-cmic-trabajan-para-impulsar-desarrollo-de-la-entidad\\\/#breadcrumb\",\"itemListElement\":[{\"@type\":\"ListItem\",\"position\":1,\"name\":\"Portada\",\"item\":\"https:\\\/\\\/centrourbano.com\\\/revista\\\/\"},{\"@type\":\"ListItem\",\"position\":2,\"name\":\"Gobierno del Edomex y CMIC trabajan para impulsar desarrollo de la entidad\"}]},{\"@type\":\"WebSite\",\"@id\":\"https:\\\/\\\/centrourbano.com\\\/revista\\\/#website\",\"url\":\"https:\\\/\\\/centrourbano.com\\\/revista\\\/\",\"name\":\"Centro Urbano\",\"description\":\"Medio especializado en los sectores vivienda, inmobiliario, construcci\u00f3n, arquitectura y urbanismo.\",\"publisher\":{\"@id\":\"https:\\\/\\\/centrourbano.com\\\/revista\\\/#organization\"},\"potentialAction\":[{\"@type\":\"SearchAction\",\"target\":{\"@type\":\"EntryPoint\",\"urlTemplate\":\"https:\\\/\\\/centrourbano.com\\\/revista\\\/?s={search_term_string}\"},\"query-input\":{\"@type\":\"PropertyValueSpecification\",\"valueRequired\":true,\"valueName\":\"search_term_string\"}}],\"inLanguage\":\"es\"},{\"@type\":\"Organization\",\"@id\":\"https:\\\/\\\/centrourbano.com\\\/revista\\\/#organization\",\"name\":\"Centro Urbano\",\"url\":\"https:\\\/\\\/centrourbano.com\\\/revista\\\/\",\"logo\":{\"@type\":\"ImageObject\",\"inLanguage\":\"es\",\"@id\":\"https:\\\/\\\/centrourbano.com\\\/revista\\\/#\\\/schema\\\/logo\\\/image\\\/\",\"url\":\"https:\\\/\\\/centrourbano.com\\\/revista\\\/wp-content\\\/uploads\\\/web_CU_logo-1.png\",\"contentUrl\":\"https:\\\/\\\/centrourbano.com\\\/revista\\\/wp-content\\\/uploads\\\/web_CU_logo-1.png\",\"width\":350,\"height\":91,\"caption\":\"Centro Urbano\"},\"image\":{\"@id\":\"https:\\\/\\\/centrourbano.com\\\/revista\\\/#\\\/schema\\\/logo\\\/image\\\/\"},\"sameAs\":[\"https:\\\/\\\/www.facebook.com\\\/portalcentrourbano\",\"https:\\\/\\\/x.com\\\/CentroUrbano\",\"https:\\\/\\\/www.instagram.com\\\/centro_urbano\\\/\",\"https:\\\/\\\/www.linkedin.com\\\/company\\\/centro-urbano\\\/\",\"http:\\\/\\\/www.youtube.com\\\/user\\\/portalcentrourbano\"]},{\"@type\":\"Person\",\"@id\":\"https:\\\/\\\/centrourbano.com\\\/revista\\\/#\\\/schema\\\/person\\\/a10d46c5a349f56a0c72e807d8381b4d\",\"name\":\"Sheila Navarro\",\"image\":{\"@type\":\"ImageObject\",\"inLanguage\":\"es\",\"@id\":\"https:\\\/\\\/secure.gravatar.com\\\/avatar\\\/7a41d8055617de289b6a5a0f177e7f23d2825723c0a35aa6db6e65305c27b2e4?s=96&d=mm&r=g\",\"url\":\"https:\\\/\\\/secure.gravatar.com\\\/avatar\\\/7a41d8055617de289b6a5a0f177e7f23d2825723c0a35aa6db6e65305c27b2e4?s=96&d=mm&r=g\",\"contentUrl\":\"https:\\\/\\\/secure.gravatar.com\\\/avatar\\\/7a41d8055617de289b6a5a0f177e7f23d2825723c0a35aa6db6e65305c27b2e4?s=96&d=mm&r=g\",\"caption\":\"Sheila Navarro\"},\"url\":\"https:\\\/\\\/centrourbano.com\\\/revista\\\/author\\\/sheila-navarro\\\/\"}]}<\/script>\n<!-- \/ Yoast SEO plugin. -->","yoast_head_json":{"title":"Gobierno Edomex y CMIC trabajan para impulsar desarrollo de la entidad","description":"Rafael D\u00edaz indic\u00f3 que los recursos que se destinan a la obra p\u00fablica son utilizados de forma eficiente y se reconocen las necesidades de cada comunidad","robots":{"index":"index","follow":"follow","max-snippet":"max-snippet:-1","max-image-preview":"max-image-preview:large","max-video-preview":"max-video-preview:-1"},"canonical":"https:\/\/centrourbano.com\/revista\/construccion\/gobierno-del-edomex-y-cmic-trabajan-para-impulsar-desarrollo-de-la-entidad\/","og_locale":"es_ES","og_type":"article","og_title":"Gobierno Edomex y CMIC trabajan para impulsar desarrollo de la entidad","og_description":"Rafael D\u00edaz indic\u00f3 que los recursos que se destinan a la obra p\u00fablica son utilizados de forma eficiente y se reconocen las necesidades de cada comunidad","og_url":"https:\/\/centrourbano.com\/revista\/construccion\/gobierno-del-edomex-y-cmic-trabajan-para-impulsar-desarrollo-de-la-entidad\/","og_site_name":"Centro Urbano","article_publisher":"https:\/\/www.facebook.com\/portalcentrourbano","article_published_time":"2019-10-04T14:03:16+00:00","article_modified_time":"2019-10-04T15:17:10+00:00","og_image":[{"width":1024,"height":683,"url":"https:\/\/centrourbano.com\/revista\/wp-content\/uploads\/edomex-cmic-2.jpg","type":"image\/jpeg"}],"author":"Sheila Navarro","twitter_card":"summary_large_image","twitter_creator":"@CentroUrbano","twitter_site":"@CentroUrbano","twitter_misc":{"Escrito por":"Sheila Navarro","Tiempo de lectura":"2 minutos"},"schema":{"@context":"https:\/\/schema.org","@graph":[{"@type":"Article","@id":"https:\/\/centrourbano.com\/revista\/construccion\/gobierno-del-edomex-y-cmic-trabajan-para-impulsar-desarrollo-de-la-entidad\/#article","isPartOf":{"@id":"https:\/\/centrourbano.com\/revista\/construccion\/gobierno-del-edomex-y-cmic-trabajan-para-impulsar-desarrollo-de-la-entidad\/"},"author":{"name":"Sheila Navarro","@id":"https:\/\/centrourbano.com\/revista\/#\/schema\/person\/a10d46c5a349f56a0c72e807d8381b4d"},"headline":"Gobierno del Edomex y CMIC trabajan para impulsar desarrollo de la entidad","datePublished":"2019-10-04T14:03:16+00:00","dateModified":"2019-10-04T15:17:10+00:00","mainEntityOfPage":{"@id":"https:\/\/centrourbano.com\/revista\/construccion\/gobierno-del-edomex-y-cmic-trabajan-para-impulsar-desarrollo-de-la-entidad\/"},"wordCount":317,"commentCount":0,"publisher":{"@id":"https:\/\/centrourbano.com\/revista\/#organization"},"image":{"@id":"https:\/\/centrourbano.com\/revista\/construccion\/gobierno-del-edomex-y-cmic-trabajan-para-impulsar-desarrollo-de-la-entidad\/#primaryimage"},"thumbnailUrl":"https:\/\/centrourbano.com\/revista\/wp-content\/uploads\/edomex-cmic-2.jpg","keywords":["Alfredo Del Mazo","CMIC","Edomex","Obra P\u00fablica","Rafael D\u00edaz","Secretaria de Obra P\u00fablica"],"articleSection":["Construcci\u00f3n"],"inLanguage":"es","potentialAction":[{"@type":"CommentAction","name":"Comment","target":["https:\/\/centrourbano.com\/revista\/construccion\/gobierno-del-edomex-y-cmic-trabajan-para-impulsar-desarrollo-de-la-entidad\/#respond"]}]},{"@type":"WebPage","@id":"https:\/\/centrourbano.com\/revista\/construccion\/gobierno-del-edomex-y-cmic-trabajan-para-impulsar-desarrollo-de-la-entidad\/","url":"https:\/\/centrourbano.com\/revista\/construccion\/gobierno-del-edomex-y-cmic-trabajan-para-impulsar-desarrollo-de-la-entidad\/","name":"Gobierno Edomex y CMIC trabajan para impulsar desarrollo de la entidad","isPartOf":{"@id":"https:\/\/centrourbano.com\/revista\/#website"},"primaryImageOfPage":{"@id":"https:\/\/centrourbano.com\/revista\/construccion\/gobierno-del-edomex-y-cmic-trabajan-para-impulsar-desarrollo-de-la-entidad\/#primaryimage"},"image":{"@id":"https:\/\/centrourbano.com\/revista\/construccion\/gobierno-del-edomex-y-cmic-trabajan-para-impulsar-desarrollo-de-la-entidad\/#primaryimage"},"thumbnailUrl":"https:\/\/centrourbano.com\/revista\/wp-content\/uploads\/edomex-cmic-2.jpg","datePublished":"2019-10-04T14:03:16+00:00","dateModified":"2019-10-04T15:17:10+00:00","description":"Rafael D\u00edaz indic\u00f3 que los recursos que se destinan a la obra p\u00fablica son utilizados de forma eficiente y se reconocen las necesidades de cada comunidad","breadcrumb":{"@id":"https:\/\/centrourbano.com\/revista\/construccion\/gobierno-del-edomex-y-cmic-trabajan-para-impulsar-desarrollo-de-la-entidad\/#breadcrumb"},"inLanguage":"es","potentialAction":[{"@type":"ReadAction","target":["https:\/\/centrourbano.com\/revista\/construccion\/gobierno-del-edomex-y-cmic-trabajan-para-impulsar-desarrollo-de-la-entidad\/"]}]},{"@type":"ImageObject","inLanguage":"es","@id":"https:\/\/centrourbano.com\/revista\/construccion\/gobierno-del-edomex-y-cmic-trabajan-para-impulsar-desarrollo-de-la-entidad\/#primaryimage","url":"https:\/\/centrourbano.com\/revista\/wp-content\/uploads\/edomex-cmic-2.jpg","contentUrl":"https:\/\/centrourbano.com\/revista\/wp-content\/uploads\/edomex-cmic-2.jpg","width":1024,"height":683,"caption":"Rafael D\u00edaz indic\u00f3 que los recursos que se destinan a la obra p\u00fablica son utilizados de forma eficiente y se reconocen las necesidades de cada comunidad"},{"@type":"BreadcrumbList","@id":"https:\/\/centrourbano.com\/revista\/construccion\/gobierno-del-edomex-y-cmic-trabajan-para-impulsar-desarrollo-de-la-entidad\/#breadcrumb","itemListElement":[{"@type":"ListItem","position":1,"name":"Portada","item":"https:\/\/centrourbano.com\/revista\/"},{"@type":"ListItem","position":2,"name":"Gobierno del Edomex y CMIC trabajan para impulsar desarrollo de la entidad"}]},{"@type":"WebSite","@id":"https:\/\/centrourbano.com\/revista\/#website","url":"https:\/\/centrourbano.com\/revista\/","name":"Centro Urbano","description":"Medio especializado en los sectores vivienda, inmobiliario, construcci\u00f3n, arquitectura y urbanismo.","publisher":{"@id":"https:\/\/centrourbano.com\/revista\/#organization"},"potentialAction":[{"@type":"SearchAction","target":{"@type":"EntryPoint","urlTemplate":"https:\/\/centrourbano.com\/revista\/?s={search_term_string}"},"query-input":{"@type":"PropertyValueSpecification","valueRequired":true,"valueName":"search_term_string"}}],"inLanguage":"es"},{"@type":"Organization","@id":"https:\/\/centrourbano.com\/revista\/#organization","name":"Centro Urbano","url":"https:\/\/centrourbano.com\/revista\/","logo":{"@type":"ImageObject","inLanguage":"es","@id":"https:\/\/centrourbano.com\/revista\/#\/schema\/logo\/image\/","url":"https:\/\/centrourbano.com\/revista\/wp-content\/uploads\/web_CU_logo-1.png","contentUrl":"https:\/\/centrourbano.com\/revista\/wp-content\/uploads\/web_CU_logo-1.png","width":350,"height":91,"caption":"Centro Urbano"},"image":{"@id":"https:\/\/centrourbano.com\/revista\/#\/schema\/logo\/image\/"},"sameAs":["https:\/\/www.facebook.com\/portalcentrourbano","https:\/\/x.com\/CentroUrbano","https:\/\/www.instagram.com\/centro_urbano\/","https:\/\/www.linkedin.com\/company\/centro-urbano\/","http:\/\/www.youtube.com\/user\/portalcentrourbano"]},{"@type":"Person","@id":"https:\/\/centrourbano.com\/revista\/#\/schema\/person\/a10d46c5a349f56a0c72e807d8381b4d","name":"Sheila Navarro","image":{"@type":"ImageObject","inLanguage":"es","@id":"https:\/\/secure.gravatar.com\/avatar\/7a41d8055617de289b6a5a0f177e7f23d2825723c0a35aa6db6e65305c27b2e4?s=96&d=mm&r=g","url":"https:\/\/secure.gravatar.com\/avatar\/7a41d8055617de289b6a5a0f177e7f23d2825723c0a35aa6db6e65305c27b2e4?s=96&d=mm&r=g","contentUrl":"https:\/\/secure.gravatar.com\/avatar\/7a41d8055617de289b6a5a0f177e7f23d2825723c0a35aa6db6e65305c27b2e4?s=96&d=mm&r=g","caption":"Sheila Navarro"},"url":"https:\/\/centrourbano.com\/revista\/author\/sheila-navarro\/"}]}},"_links":{"self":[{"href":"https:\/\/centrourbano.com\/revista\/wp-json\/wp\/v2\/posts\/96871","targetHints":{"allow":["GET"]}}],"collection":[{"href":"https:\/\/centrourbano.com\/revista\/wp-json\/wp\/v2\/posts"}],"about":[{"href":"https:\/\/centrourbano.com\/revista\/wp-json\/wp\/v2\/types\/post"}],"author":[{"embeddable":true,"href":"https:\/\/centrourbano.com\/revista\/wp-json\/wp\/v2\/users\/74"}],"replies":[{"embeddable":true,"href":"https:\/\/centrourbano.com\/revista\/wp-json\/wp\/v2\/comments?post=96871"}],"version-history":[{"count":3,"href":"https:\/\/centrourbano.com\/revista\/wp-json\/wp\/v2\/posts\/96871\/revisions"}],"predecessor-version":[{"id":96914,"href":"https:\/\/centrourbano.com\/revista\/wp-json\/wp\/v2\/posts\/96871\/revisions\/96914"}],"wp:featuredmedia":[{"embeddable":true,"href":"https:\/\/centrourbano.com\/revista\/wp-json\/wp\/v2\/media\/96874"}],"wp:attachment":[{"href":"https:\/\/centrourbano.com\/revista\/wp-json\/wp\/v2\/media?parent=96871"}],"wp:term":[{"taxonomy":"category","embeddable":true,"href":"https:\/\/centrourbano.com\/revista\/wp-json\/wp\/v2\/categories?post=96871"},{"taxonomy":"post_tag","embeddable":true,"href":"https:\/\/centrourbano.com\/revista\/wp-json\/wp\/v2\/tags?post=96871"}],"curies":[{"name":"wp","href":"https:\/\/api.w.org\/{rel}","templated":true}]}}