{"id":96483,"date":"2019-09-24T10:39:09","date_gmt":"2019-09-24T15:39:09","guid":{"rendered":"https:\/\/centrourbano.com\/?p=96483"},"modified":"2019-09-24T18:47:52","modified_gmt":"2019-09-24T23:47:52","slug":"sistema-nacional-de-refinacion-aumenta-20-su-capacidad-de-produccion","status":"publish","type":"post","link":"https:\/\/centrourbano.com\/revista\/construccion\/sistema-nacional-de-refinacion-aumenta-20-su-capacidad-de-produccion\/","title":{"rendered":"Sistema Nacional de Refinaci\u00f3n aumenta 20% su capacidad de producci\u00f3n"},"content":{"rendered":"<p><em>En 2018 se registraron 507,000 barriles por d\u00eda, en contraste con esta semana que se han registrado 814,000 barriles de procesamiento<\/em><\/p>\n<p><!--more--><\/p>\n<p>Durante la conferencia matutina, la secretaria <strong>Roc\u00edo Nahle Garc\u00eda<\/strong> inform\u00f3 que la capacidad de procesamiento del <strong>Sistema Nacional de Refinaci\u00f3n (SNR)<\/strong> ha aumentado un 20% de 2018 a la fecha. Es decir, se han registrado hasta la semana en curso, 814,000 barriles por d\u00eda de procesamiento, cuando anteriormente se registraban 507,000 barriles por d\u00eda.<\/p>\n<p>Nahle destac\u00f3 que este avance se ha logrado a partir del plan emergente que se implement\u00f3 en las seis refiner\u00edas que integran el <strong>Sistema Nacional de Refinaci\u00f3n (SNR)<\/strong>, para el cu\u00e1l,\u00a0<strong>Petr\u00f3leos Mexicanos (Pemex)<\/strong>\u00a0invierte 12,500 millones de pesos para la compra de refacciones y equipo, mismo que se ha gestionado desde la administraci\u00f3n directa.<\/p>\n<p>Cabe destacar que los trabajos de mantenimiento y rehabilitaci\u00f3n los realizan t\u00e9cnicos, profesionistas y obreros de <strong>Pemex<\/strong>. Adem\u00e1s, el plan establecido es para rehabilitar el sistema en conjunto y no refiner\u00eda por refiner\u00eda.<\/p>\n<p>De acuerdo con <strong>Roc\u00edo Nahle,<\/strong>\u00a0en diciembre se espera una carga de 900,000 barriles por d\u00eda, mientras que para 2020 iniciar\u00e1 la segunda etapa de la rehabilitaci\u00f3n.<\/p>\n","protected":false},"excerpt":{"rendered":"<p>En 2018 se registraron 507,000 barriles por d\u00eda, en contraste con esta semana que se han registrado 814,000 barriles de procesamiento<\/p>\n","protected":false},"author":74,"featured_media":96484,"comment_status":"open","ping_status":"closed","sticky":false,"template":"","format":"standard","meta":{"om_disable_all_campaigns":false,"inline_featured_image":false,"_monsterinsights_skip_tracking":false,"_monsterinsights_sitenote_active":false,"_monsterinsights_sitenote_note":"","_monsterinsights_sitenote_category":0,"footnotes":""},"categories":[14],"tags":[71,16342,4470,16378],"class_list":["post-96483","post","type-post","status-publish","format-standard","has-post-thumbnail","hentry","category-construccion","tag-pemex","tag-rocio-nahle","tag-secretaria-de-energia","tag-sistema-nacional-de-refinacion"],"yoast_head":"<!-- This site is optimized with the Yoast SEO plugin v27.4 - https:\/\/yoast.com\/product\/yoast-seo-wordpress\/ -->\n<title>Sistema Nacional de Refinaci\u00f3n aumenta 20% su capacidad de producci\u00f3n<\/title>\n<meta name=\"description\" content=\"En 2018 se registraron 507 mil barriles por d\u00eda, en contraste con esta semana que se han registrado 814 mil barriles de procesamiento.\" \/>\n<meta name=\"robots\" content=\"index, follow, max-snippet:-1, max-image-preview:large, max-video-preview:-1\" \/>\n<link rel=\"canonical\" href=\"https:\/\/centrourbano.com\/revista\/construccion\/sistema-nacional-de-refinacion-aumenta-20-su-capacidad-de-produccion\/\" \/>\n<meta property=\"og:locale\" content=\"es_ES\" \/>\n<meta property=\"og:type\" content=\"article\" \/>\n<meta property=\"og:title\" content=\"Sistema Nacional de Refinaci\u00f3n aumenta 20% su capacidad de producci\u00f3n\" \/>\n<meta property=\"og:description\" content=\"En 2018 se registraron 507 mil barriles por d\u00eda, en contraste con esta semana que se han registrado 814 mil barriles de procesamiento.\" \/>\n<meta property=\"og:url\" content=\"https:\/\/centrourbano.com\/revista\/construccion\/sistema-nacional-de-refinacion-aumenta-20-su-capacidad-de-produccion\/\" \/>\n<meta property=\"og:site_name\" content=\"Centro Urbano\" \/>\n<meta property=\"article:publisher\" content=\"https:\/\/www.facebook.com\/portalcentrourbano\" \/>\n<meta property=\"article:published_time\" content=\"2019-09-24T15:39:09+00:00\" \/>\n<meta property=\"article:modified_time\" content=\"2019-09-24T23:47:52+00:00\" \/>\n<meta property=\"og:image\" content=\"https:\/\/centrourbano.com\/revista\/wp-content\/uploads\/ROCIO-NAHLE.jpeg\" \/>\n\t<meta property=\"og:image:width\" content=\"385\" \/>\n\t<meta property=\"og:image:height\" content=\"227\" \/>\n\t<meta property=\"og:image:type\" content=\"image\/jpeg\" \/>\n<meta name=\"author\" content=\"Sheila Navarro\" \/>\n<meta name=\"twitter:card\" content=\"summary_large_image\" \/>\n<meta name=\"twitter:creator\" content=\"@CentroUrbano\" \/>\n<meta name=\"twitter:site\" content=\"@CentroUrbano\" \/>\n<meta name=\"twitter:label1\" content=\"Escrito por\" \/>\n\t<meta name=\"twitter:data1\" content=\"Sheila Navarro\" \/>\n\t<meta name=\"twitter:label2\" content=\"Tiempo de lectura\" \/>\n\t<meta name=\"twitter:data2\" content=\"1 minuto\" \/>\n<script type=\"application\/ld+json\" class=\"yoast-schema-graph\">{\"@context\":\"https:\\\/\\\/schema.org\",\"@graph\":[{\"@type\":\"Article\",\"@id\":\"https:\\\/\\\/centrourbano.com\\\/revista\\\/construccion\\\/sistema-nacional-de-refinacion-aumenta-20-su-capacidad-de-produccion\\\/#article\",\"isPartOf\":{\"@id\":\"https:\\\/\\\/centrourbano.com\\\/revista\\\/construccion\\\/sistema-nacional-de-refinacion-aumenta-20-su-capacidad-de-produccion\\\/\"},\"author\":{\"name\":\"Sheila Navarro\",\"@id\":\"https:\\\/\\\/centrourbano.com\\\/revista\\\/#\\\/schema\\\/person\\\/a10d46c5a349f56a0c72e807d8381b4d\"},\"headline\":\"Sistema Nacional de Refinaci\u00f3n aumenta 20% su capacidad de producci\u00f3n\",\"datePublished\":\"2019-09-24T15:39:09+00:00\",\"dateModified\":\"2019-09-24T23:47:52+00:00\",\"mainEntityOfPage\":{\"@id\":\"https:\\\/\\\/centrourbano.com\\\/revista\\\/construccion\\\/sistema-nacional-de-refinacion-aumenta-20-su-capacidad-de-produccion\\\/\"},\"wordCount\":210,\"commentCount\":0,\"publisher\":{\"@id\":\"https:\\\/\\\/centrourbano.com\\\/revista\\\/#organization\"},\"image\":{\"@id\":\"https:\\\/\\\/centrourbano.com\\\/revista\\\/construccion\\\/sistema-nacional-de-refinacion-aumenta-20-su-capacidad-de-produccion\\\/#primaryimage\"},\"thumbnailUrl\":\"https:\\\/\\\/centrourbano.com\\\/revista\\\/wp-content\\\/uploads\\\/ROCIO-NAHLE.jpeg\",\"keywords\":[\"Pemex\",\"Roc\u00edo Nahle\",\"Secretar\u00eda de Energ\u00eda\",\"Sistema Nacional de Refinaci\u00f3n\"],\"articleSection\":[\"Construcci\u00f3n\"],\"inLanguage\":\"es\",\"potentialAction\":[{\"@type\":\"CommentAction\",\"name\":\"Comment\",\"target\":[\"https:\\\/\\\/centrourbano.com\\\/revista\\\/construccion\\\/sistema-nacional-de-refinacion-aumenta-20-su-capacidad-de-produccion\\\/#respond\"]}]},{\"@type\":\"WebPage\",\"@id\":\"https:\\\/\\\/centrourbano.com\\\/revista\\\/construccion\\\/sistema-nacional-de-refinacion-aumenta-20-su-capacidad-de-produccion\\\/\",\"url\":\"https:\\\/\\\/centrourbano.com\\\/revista\\\/construccion\\\/sistema-nacional-de-refinacion-aumenta-20-su-capacidad-de-produccion\\\/\",\"name\":\"Sistema Nacional de Refinaci\u00f3n aumenta 20% su capacidad de producci\u00f3n\",\"isPartOf\":{\"@id\":\"https:\\\/\\\/centrourbano.com\\\/revista\\\/#website\"},\"primaryImageOfPage\":{\"@id\":\"https:\\\/\\\/centrourbano.com\\\/revista\\\/construccion\\\/sistema-nacional-de-refinacion-aumenta-20-su-capacidad-de-produccion\\\/#primaryimage\"},\"image\":{\"@id\":\"https:\\\/\\\/centrourbano.com\\\/revista\\\/construccion\\\/sistema-nacional-de-refinacion-aumenta-20-su-capacidad-de-produccion\\\/#primaryimage\"},\"thumbnailUrl\":\"https:\\\/\\\/centrourbano.com\\\/revista\\\/wp-content\\\/uploads\\\/ROCIO-NAHLE.jpeg\",\"datePublished\":\"2019-09-24T15:39:09+00:00\",\"dateModified\":\"2019-09-24T23:47:52+00:00\",\"description\":\"En 2018 se registraron 507 mil barriles por d\u00eda, en contraste con esta semana que se han registrado 814 mil barriles de procesamiento.\",\"breadcrumb\":{\"@id\":\"https:\\\/\\\/centrourbano.com\\\/revista\\\/construccion\\\/sistema-nacional-de-refinacion-aumenta-20-su-capacidad-de-produccion\\\/#breadcrumb\"},\"inLanguage\":\"es\",\"potentialAction\":[{\"@type\":\"ReadAction\",\"target\":[\"https:\\\/\\\/centrourbano.com\\\/revista\\\/construccion\\\/sistema-nacional-de-refinacion-aumenta-20-su-capacidad-de-produccion\\\/\"]}]},{\"@type\":\"ImageObject\",\"inLanguage\":\"es\",\"@id\":\"https:\\\/\\\/centrourbano.com\\\/revista\\\/construccion\\\/sistema-nacional-de-refinacion-aumenta-20-su-capacidad-de-produccion\\\/#primaryimage\",\"url\":\"https:\\\/\\\/centrourbano.com\\\/revista\\\/wp-content\\\/uploads\\\/ROCIO-NAHLE.jpeg\",\"contentUrl\":\"https:\\\/\\\/centrourbano.com\\\/revista\\\/wp-content\\\/uploads\\\/ROCIO-NAHLE.jpeg\",\"width\":385,\"height\":227,\"caption\":\"En 2018 se registraron 507 mil barriles por d\u00eda, en contraste con esta semana que se han registrado 814 mil barriles de procesamiento.\"},{\"@type\":\"BreadcrumbList\",\"@id\":\"https:\\\/\\\/centrourbano.com\\\/revista\\\/construccion\\\/sistema-nacional-de-refinacion-aumenta-20-su-capacidad-de-produccion\\\/#breadcrumb\",\"itemListElement\":[{\"@type\":\"ListItem\",\"position\":1,\"name\":\"Portada\",\"item\":\"https:\\\/\\\/centrourbano.com\\\/revista\\\/\"},{\"@type\":\"ListItem\",\"position\":2,\"name\":\"Sistema Nacional de Refinaci\u00f3n aumenta 20% su capacidad de producci\u00f3n\"}]},{\"@type\":\"WebSite\",\"@id\":\"https:\\\/\\\/centrourbano.com\\\/revista\\\/#website\",\"url\":\"https:\\\/\\\/centrourbano.com\\\/revista\\\/\",\"name\":\"Centro Urbano\",\"description\":\"Medio especializado en los sectores vivienda, inmobiliario, construcci\u00f3n, arquitectura y urbanismo.\",\"publisher\":{\"@id\":\"https:\\\/\\\/centrourbano.com\\\/revista\\\/#organization\"},\"potentialAction\":[{\"@type\":\"SearchAction\",\"target\":{\"@type\":\"EntryPoint\",\"urlTemplate\":\"https:\\\/\\\/centrourbano.com\\\/revista\\\/?s={search_term_string}\"},\"query-input\":{\"@type\":\"PropertyValueSpecification\",\"valueRequired\":true,\"valueName\":\"search_term_string\"}}],\"inLanguage\":\"es\"},{\"@type\":\"Organization\",\"@id\":\"https:\\\/\\\/centrourbano.com\\\/revista\\\/#organization\",\"name\":\"Centro Urbano\",\"url\":\"https:\\\/\\\/centrourbano.com\\\/revista\\\/\",\"logo\":{\"@type\":\"ImageObject\",\"inLanguage\":\"es\",\"@id\":\"https:\\\/\\\/centrourbano.com\\\/revista\\\/#\\\/schema\\\/logo\\\/image\\\/\",\"url\":\"https:\\\/\\\/centrourbano.com\\\/revista\\\/wp-content\\\/uploads\\\/web_CU_logo-1.png\",\"contentUrl\":\"https:\\\/\\\/centrourbano.com\\\/revista\\\/wp-content\\\/uploads\\\/web_CU_logo-1.png\",\"width\":350,\"height\":91,\"caption\":\"Centro Urbano\"},\"image\":{\"@id\":\"https:\\\/\\\/centrourbano.com\\\/revista\\\/#\\\/schema\\\/logo\\\/image\\\/\"},\"sameAs\":[\"https:\\\/\\\/www.facebook.com\\\/portalcentrourbano\",\"https:\\\/\\\/x.com\\\/CentroUrbano\",\"https:\\\/\\\/www.instagram.com\\\/centro_urbano\\\/\",\"https:\\\/\\\/www.linkedin.com\\\/company\\\/centro-urbano\\\/\",\"http:\\\/\\\/www.youtube.com\\\/user\\\/portalcentrourbano\"]},{\"@type\":\"Person\",\"@id\":\"https:\\\/\\\/centrourbano.com\\\/revista\\\/#\\\/schema\\\/person\\\/a10d46c5a349f56a0c72e807d8381b4d\",\"name\":\"Sheila Navarro\",\"image\":{\"@type\":\"ImageObject\",\"inLanguage\":\"es\",\"@id\":\"https:\\\/\\\/secure.gravatar.com\\\/avatar\\\/7a41d8055617de289b6a5a0f177e7f23d2825723c0a35aa6db6e65305c27b2e4?s=96&d=mm&r=g\",\"url\":\"https:\\\/\\\/secure.gravatar.com\\\/avatar\\\/7a41d8055617de289b6a5a0f177e7f23d2825723c0a35aa6db6e65305c27b2e4?s=96&d=mm&r=g\",\"contentUrl\":\"https:\\\/\\\/secure.gravatar.com\\\/avatar\\\/7a41d8055617de289b6a5a0f177e7f23d2825723c0a35aa6db6e65305c27b2e4?s=96&d=mm&r=g\",\"caption\":\"Sheila Navarro\"},\"url\":\"https:\\\/\\\/centrourbano.com\\\/revista\\\/author\\\/sheila-navarro\\\/\"}]}<\/script>\n<!-- \/ Yoast SEO plugin. -->","yoast_head_json":{"title":"Sistema Nacional de Refinaci\u00f3n aumenta 20% su capacidad de producci\u00f3n","description":"En 2018 se registraron 507 mil barriles por d\u00eda, en contraste con esta semana que se han registrado 814 mil barriles de procesamiento.","robots":{"index":"index","follow":"follow","max-snippet":"max-snippet:-1","max-image-preview":"max-image-preview:large","max-video-preview":"max-video-preview:-1"},"canonical":"https:\/\/centrourbano.com\/revista\/construccion\/sistema-nacional-de-refinacion-aumenta-20-su-capacidad-de-produccion\/","og_locale":"es_ES","og_type":"article","og_title":"Sistema Nacional de Refinaci\u00f3n aumenta 20% su capacidad de producci\u00f3n","og_description":"En 2018 se registraron 507 mil barriles por d\u00eda, en contraste con esta semana que se han registrado 814 mil barriles de procesamiento.","og_url":"https:\/\/centrourbano.com\/revista\/construccion\/sistema-nacional-de-refinacion-aumenta-20-su-capacidad-de-produccion\/","og_site_name":"Centro Urbano","article_publisher":"https:\/\/www.facebook.com\/portalcentrourbano","article_published_time":"2019-09-24T15:39:09+00:00","article_modified_time":"2019-09-24T23:47:52+00:00","og_image":[{"width":385,"height":227,"url":"https:\/\/centrourbano.com\/revista\/wp-content\/uploads\/ROCIO-NAHLE.jpeg","type":"image\/jpeg"}],"author":"Sheila Navarro","twitter_card":"summary_large_image","twitter_creator":"@CentroUrbano","twitter_site":"@CentroUrbano","twitter_misc":{"Escrito por":"Sheila Navarro","Tiempo de lectura":"1 minuto"},"schema":{"@context":"https:\/\/schema.org","@graph":[{"@type":"Article","@id":"https:\/\/centrourbano.com\/revista\/construccion\/sistema-nacional-de-refinacion-aumenta-20-su-capacidad-de-produccion\/#article","isPartOf":{"@id":"https:\/\/centrourbano.com\/revista\/construccion\/sistema-nacional-de-refinacion-aumenta-20-su-capacidad-de-produccion\/"},"author":{"name":"Sheila Navarro","@id":"https:\/\/centrourbano.com\/revista\/#\/schema\/person\/a10d46c5a349f56a0c72e807d8381b4d"},"headline":"Sistema Nacional de Refinaci\u00f3n aumenta 20% su capacidad de producci\u00f3n","datePublished":"2019-09-24T15:39:09+00:00","dateModified":"2019-09-24T23:47:52+00:00","mainEntityOfPage":{"@id":"https:\/\/centrourbano.com\/revista\/construccion\/sistema-nacional-de-refinacion-aumenta-20-su-capacidad-de-produccion\/"},"wordCount":210,"commentCount":0,"publisher":{"@id":"https:\/\/centrourbano.com\/revista\/#organization"},"image":{"@id":"https:\/\/centrourbano.com\/revista\/construccion\/sistema-nacional-de-refinacion-aumenta-20-su-capacidad-de-produccion\/#primaryimage"},"thumbnailUrl":"https:\/\/centrourbano.com\/revista\/wp-content\/uploads\/ROCIO-NAHLE.jpeg","keywords":["Pemex","Roc\u00edo Nahle","Secretar\u00eda de Energ\u00eda","Sistema Nacional de Refinaci\u00f3n"],"articleSection":["Construcci\u00f3n"],"inLanguage":"es","potentialAction":[{"@type":"CommentAction","name":"Comment","target":["https:\/\/centrourbano.com\/revista\/construccion\/sistema-nacional-de-refinacion-aumenta-20-su-capacidad-de-produccion\/#respond"]}]},{"@type":"WebPage","@id":"https:\/\/centrourbano.com\/revista\/construccion\/sistema-nacional-de-refinacion-aumenta-20-su-capacidad-de-produccion\/","url":"https:\/\/centrourbano.com\/revista\/construccion\/sistema-nacional-de-refinacion-aumenta-20-su-capacidad-de-produccion\/","name":"Sistema Nacional de Refinaci\u00f3n aumenta 20% su capacidad de producci\u00f3n","isPartOf":{"@id":"https:\/\/centrourbano.com\/revista\/#website"},"primaryImageOfPage":{"@id":"https:\/\/centrourbano.com\/revista\/construccion\/sistema-nacional-de-refinacion-aumenta-20-su-capacidad-de-produccion\/#primaryimage"},"image":{"@id":"https:\/\/centrourbano.com\/revista\/construccion\/sistema-nacional-de-refinacion-aumenta-20-su-capacidad-de-produccion\/#primaryimage"},"thumbnailUrl":"https:\/\/centrourbano.com\/revista\/wp-content\/uploads\/ROCIO-NAHLE.jpeg","datePublished":"2019-09-24T15:39:09+00:00","dateModified":"2019-09-24T23:47:52+00:00","description":"En 2018 se registraron 507 mil barriles por d\u00eda, en contraste con esta semana que se han registrado 814 mil barriles de procesamiento.","breadcrumb":{"@id":"https:\/\/centrourbano.com\/revista\/construccion\/sistema-nacional-de-refinacion-aumenta-20-su-capacidad-de-produccion\/#breadcrumb"},"inLanguage":"es","potentialAction":[{"@type":"ReadAction","target":["https:\/\/centrourbano.com\/revista\/construccion\/sistema-nacional-de-refinacion-aumenta-20-su-capacidad-de-produccion\/"]}]},{"@type":"ImageObject","inLanguage":"es","@id":"https:\/\/centrourbano.com\/revista\/construccion\/sistema-nacional-de-refinacion-aumenta-20-su-capacidad-de-produccion\/#primaryimage","url":"https:\/\/centrourbano.com\/revista\/wp-content\/uploads\/ROCIO-NAHLE.jpeg","contentUrl":"https:\/\/centrourbano.com\/revista\/wp-content\/uploads\/ROCIO-NAHLE.jpeg","width":385,"height":227,"caption":"En 2018 se registraron 507 mil barriles por d\u00eda, en contraste con esta semana que se han registrado 814 mil barriles de procesamiento."},{"@type":"BreadcrumbList","@id":"https:\/\/centrourbano.com\/revista\/construccion\/sistema-nacional-de-refinacion-aumenta-20-su-capacidad-de-produccion\/#breadcrumb","itemListElement":[{"@type":"ListItem","position":1,"name":"Portada","item":"https:\/\/centrourbano.com\/revista\/"},{"@type":"ListItem","position":2,"name":"Sistema Nacional de Refinaci\u00f3n aumenta 20% su capacidad de producci\u00f3n"}]},{"@type":"WebSite","@id":"https:\/\/centrourbano.com\/revista\/#website","url":"https:\/\/centrourbano.com\/revista\/","name":"Centro Urbano","description":"Medio especializado en los sectores vivienda, inmobiliario, construcci\u00f3n, arquitectura y urbanismo.","publisher":{"@id":"https:\/\/centrourbano.com\/revista\/#organization"},"potentialAction":[{"@type":"SearchAction","target":{"@type":"EntryPoint","urlTemplate":"https:\/\/centrourbano.com\/revista\/?s={search_term_string}"},"query-input":{"@type":"PropertyValueSpecification","valueRequired":true,"valueName":"search_term_string"}}],"inLanguage":"es"},{"@type":"Organization","@id":"https:\/\/centrourbano.com\/revista\/#organization","name":"Centro Urbano","url":"https:\/\/centrourbano.com\/revista\/","logo":{"@type":"ImageObject","inLanguage":"es","@id":"https:\/\/centrourbano.com\/revista\/#\/schema\/logo\/image\/","url":"https:\/\/centrourbano.com\/revista\/wp-content\/uploads\/web_CU_logo-1.png","contentUrl":"https:\/\/centrourbano.com\/revista\/wp-content\/uploads\/web_CU_logo-1.png","width":350,"height":91,"caption":"Centro Urbano"},"image":{"@id":"https:\/\/centrourbano.com\/revista\/#\/schema\/logo\/image\/"},"sameAs":["https:\/\/www.facebook.com\/portalcentrourbano","https:\/\/x.com\/CentroUrbano","https:\/\/www.instagram.com\/centro_urbano\/","https:\/\/www.linkedin.com\/company\/centro-urbano\/","http:\/\/www.youtube.com\/user\/portalcentrourbano"]},{"@type":"Person","@id":"https:\/\/centrourbano.com\/revista\/#\/schema\/person\/a10d46c5a349f56a0c72e807d8381b4d","name":"Sheila Navarro","image":{"@type":"ImageObject","inLanguage":"es","@id":"https:\/\/secure.gravatar.com\/avatar\/7a41d8055617de289b6a5a0f177e7f23d2825723c0a35aa6db6e65305c27b2e4?s=96&d=mm&r=g","url":"https:\/\/secure.gravatar.com\/avatar\/7a41d8055617de289b6a5a0f177e7f23d2825723c0a35aa6db6e65305c27b2e4?s=96&d=mm&r=g","contentUrl":"https:\/\/secure.gravatar.com\/avatar\/7a41d8055617de289b6a5a0f177e7f23d2825723c0a35aa6db6e65305c27b2e4?s=96&d=mm&r=g","caption":"Sheila Navarro"},"url":"https:\/\/centrourbano.com\/revista\/author\/sheila-navarro\/"}]}},"_links":{"self":[{"href":"https:\/\/centrourbano.com\/revista\/wp-json\/wp\/v2\/posts\/96483","targetHints":{"allow":["GET"]}}],"collection":[{"href":"https:\/\/centrourbano.com\/revista\/wp-json\/wp\/v2\/posts"}],"about":[{"href":"https:\/\/centrourbano.com\/revista\/wp-json\/wp\/v2\/types\/post"}],"author":[{"embeddable":true,"href":"https:\/\/centrourbano.com\/revista\/wp-json\/wp\/v2\/users\/74"}],"replies":[{"embeddable":true,"href":"https:\/\/centrourbano.com\/revista\/wp-json\/wp\/v2\/comments?post=96483"}],"version-history":[{"count":3,"href":"https:\/\/centrourbano.com\/revista\/wp-json\/wp\/v2\/posts\/96483\/revisions"}],"predecessor-version":[{"id":96547,"href":"https:\/\/centrourbano.com\/revista\/wp-json\/wp\/v2\/posts\/96483\/revisions\/96547"}],"wp:featuredmedia":[{"embeddable":true,"href":"https:\/\/centrourbano.com\/revista\/wp-json\/wp\/v2\/media\/96484"}],"wp:attachment":[{"href":"https:\/\/centrourbano.com\/revista\/wp-json\/wp\/v2\/media?parent=96483"}],"wp:term":[{"taxonomy":"category","embeddable":true,"href":"https:\/\/centrourbano.com\/revista\/wp-json\/wp\/v2\/categories?post=96483"},{"taxonomy":"post_tag","embeddable":true,"href":"https:\/\/centrourbano.com\/revista\/wp-json\/wp\/v2\/tags?post=96483"}],"curies":[{"name":"wp","href":"https:\/\/api.w.org\/{rel}","templated":true}]}}