{"id":96062,"date":"2019-09-13T17:27:59","date_gmt":"2019-09-13T22:27:59","guid":{"rendered":"https:\/\/centrourbano.com\/?p=96062"},"modified":"2019-09-13T17:37:25","modified_gmt":"2019-09-13T22:37:25","slug":"sector-hipotecario-18-septiembre","status":"publish","type":"post","link":"https:\/\/centrourbano.com\/revista\/vivienda\/sector-hipotecario-18-septiembre\/","title":{"rendered":"Sector hipotecario se reunir\u00e1 el 18 de septiembre en CDMX"},"content":{"rendered":"<p><em>Los principales actores de la industria se reunir\u00e1n para intercambiar opiniones y dilucidar el panorama que viene para el sector <\/em><!--more--><\/p>\n<p>En aras de analizar los retos y oportunidades para el sector hipotecario, la <strong>Asociaci\u00f3n de Bancos de M\u00e9xico\u00a0<\/strong>(ABM) realizar\u00e1 este mi\u00e9rcoles 18 de septiembre la edici\u00f3n 2019 del Simposio de Financiamiento a la Vivienda, evento que contempla la participaci\u00f3n de autoridades y los principales actores del sector.<\/p>\n<p>En esta su quinta edici\u00f3n, el Simposio tendr\u00e1 como eje central el tema de la<strong> \u201cInnovaci\u00f3n y experiencia, impulsores del sector vivienda\u201d<\/strong> y contar\u00e1 con la participaci\u00f3n de las autoridades federales, encargados de los Organismo Nacionales de Vivienda, as\u00ed como desarrolladores y parte de la cadena de valor del sector de la vivienda e hipotecario.<\/p>\n<p>Este a\u00f1o, el programa contempla la participaci\u00f3n de <strong>ponentes internacionales<\/strong>, como el caso de <strong>Santos\u00a0<\/strong><b>Gonz\u00e1lez<\/b>, presidente de la Asociaci\u00f3n Hipotecaria Espa\u00f1ola, quien compartir\u00e1 la experiencia del sector luego de la crisis vivida en este pa\u00eds europeo.<br \/>\nAunado a lo anterior, al evento asistir\u00e1 <strong>Rich Napier<\/strong>, jefe global de la divisi\u00f3n de hipotecas de HSBC. En su ponencia, el especialista abordar\u00e1 la tendencia mundial en materia de hipotecas.<\/p>\n<p>De igual forma, en el Simposio, la ABM reunir\u00e1, entre otros, a las autoridades federales de vivienda, como el titular de la Secretar\u00eda de Desarrollo agrario, Territorial y Urbano (Sedatu), <strong>Rom\u00e1n Meyer Falc\u00f3n<\/strong>, as\u00ed como representantes de la Secretar\u00eda de Hacienda y Cr\u00e9dito P\u00fablico (SHCP); tambi\u00e9n se contempla la participaci\u00f3n tanto del director general del Infonavit, <strong>Carlos Mart\u00ednez<\/strong>; de<strong> Agust\u00edn Rodr\u00edguez<\/strong>, vocal ejecutivo de Fovissste; como del titular de Sociedad Hipotecaria Federal (SHF), <strong>Jorge Mendoza<\/strong>.<\/p>\n","protected":false},"excerpt":{"rendered":"<p>Los principales actores de la industria se reunir\u00e1n para intercambiar opiniones y dilucidar el panorama que viene para el sector<\/p>\n","protected":false},"author":77,"featured_media":96063,"comment_status":"open","ping_status":"closed","sticky":false,"template":"","format":"standard","meta":{"inline_featured_image":false,"footnotes":""},"categories":[12],"tags":[1876,6569,10900,9285,60],"class_list":["post-96062","post","type-post","status-publish","format-standard","has-post-thumbnail","hentry","category-vivienda","tag-abm","tag-asociacion-de-bancos-de-mexico","tag-comite-de-credito-hipotecario","tag-sector-hipotecario","tag-vivienda-2"],"yoast_head":"<!-- This site is optimized with the Yoast SEO plugin v28.4 - https:\/\/yoast.com\/product\/yoast-seo-wordpress\/ -->\n<title>Sector hipotecario se reunir\u00e1 el 18 de septiembre en la CDMX<\/title>\n<meta name=\"description\" content=\"En aras de analizar los retos y oportunidades para el sector hipotecario, la Asociaci\u00f3n de Bancos de M\u00e9xico realizar\u00e1 este mi\u00e9rcoles...\" \/>\n<meta name=\"robots\" content=\"index, follow, max-snippet:-1, max-image-preview:large, max-video-preview:-1\" \/>\n<link rel=\"canonical\" href=\"https:\/\/centrourbano.com\/revista\/vivienda\/sector-hipotecario-18-septiembre\/\" \/>\n<meta property=\"og:locale\" content=\"es_ES\" \/>\n<meta property=\"og:type\" content=\"article\" \/>\n<meta property=\"og:title\" content=\"Sector hipotecario se reunir\u00e1 el 18 de septiembre en la CDMX\" \/>\n<meta property=\"og:description\" content=\"En aras de analizar los retos y oportunidades para el sector hipotecario, la Asociaci\u00f3n de Bancos de M\u00e9xico realizar\u00e1 este mi\u00e9rcoles...\" \/>\n<meta property=\"og:url\" content=\"https:\/\/centrourbano.com\/revista\/vivienda\/sector-hipotecario-18-septiembre\/\" \/>\n<meta property=\"og:site_name\" content=\"Centro Urbano\" \/>\n<meta property=\"article:publisher\" content=\"https:\/\/www.facebook.com\/portalcentrourbano\" \/>\n<meta property=\"article:published_time\" content=\"2019-09-13T22:27:59+00:00\" \/>\n<meta property=\"article:modified_time\" content=\"2019-09-13T22:37:25+00:00\" \/>\n<meta property=\"og:image\" content=\"https:\/\/centrourbano.com\/revista\/wp-content\/uploads\/Simposio_Vivienda_ABM_2019_8.jpeg\" \/>\n\t<meta property=\"og:image:width\" content=\"800\" \/>\n\t<meta property=\"og:image:height\" content=\"450\" \/>\n\t<meta property=\"og:image:type\" content=\"image\/jpeg\" \/>\n<meta name=\"author\" content=\"G4A\" \/>\n<meta name=\"twitter:card\" content=\"summary_large_image\" \/>\n<meta name=\"twitter:creator\" content=\"@CentroUrbano\" \/>\n<meta name=\"twitter:site\" content=\"@CentroUrbano\" \/>\n<meta name=\"twitter:label1\" content=\"Escrito por\" \/>\n\t<meta name=\"twitter:data1\" content=\"G4A\" \/>\n\t<meta name=\"twitter:label2\" content=\"Tiempo de lectura\" \/>\n\t<meta name=\"twitter:data2\" content=\"1 minuto\" \/>\n<script type=\"application\/ld+json\" class=\"yoast-schema-graph\">{\"@context\":\"https:\\\/\\\/schema.org\",\"@graph\":[{\"@type\":\"Article\",\"@id\":\"https:\\\/\\\/centrourbano.com\\\/revista\\\/vivienda\\\/sector-hipotecario-18-septiembre\\\/#article\",\"isPartOf\":{\"@id\":\"https:\\\/\\\/centrourbano.com\\\/revista\\\/vivienda\\\/sector-hipotecario-18-septiembre\\\/\"},\"author\":{\"name\":\"G4A\",\"@id\":\"https:\\\/\\\/centrourbano.com\\\/revista\\\/#\\\/schema\\\/person\\\/370fa0ba2d8dd5bde3fdb8b62ad360aa\"},\"headline\":\"Sector hipotecario se reunir\u00e1 el 18 de septiembre en CDMX\",\"datePublished\":\"2019-09-13T22:27:59+00:00\",\"dateModified\":\"2019-09-13T22:37:25+00:00\",\"mainEntityOfPage\":{\"@id\":\"https:\\\/\\\/centrourbano.com\\\/revista\\\/vivienda\\\/sector-hipotecario-18-septiembre\\\/\"},\"wordCount\":300,\"commentCount\":0,\"publisher\":{\"@id\":\"https:\\\/\\\/centrourbano.com\\\/revista\\\/#organization\"},\"image\":{\"@id\":\"https:\\\/\\\/centrourbano.com\\\/revista\\\/vivienda\\\/sector-hipotecario-18-septiembre\\\/#primaryimage\"},\"thumbnailUrl\":\"https:\\\/\\\/centrourbano.com\\\/revista\\\/wp-content\\\/uploads\\\/Simposio_Vivienda_ABM_2019_8.jpeg\",\"keywords\":[\"ABM\",\"Asociaci\u00f3n de Bancos de M\u00e9xico\",\"Comit\u00e9 de Cr\u00e9dito Hipotecario\",\"Sector hipotecario\",\"vivienda\"],\"articleSection\":[\"Vivienda\"],\"inLanguage\":\"es\"},{\"@type\":\"WebPage\",\"@id\":\"https:\\\/\\\/centrourbano.com\\\/revista\\\/vivienda\\\/sector-hipotecario-18-septiembre\\\/\",\"url\":\"https:\\\/\\\/centrourbano.com\\\/revista\\\/vivienda\\\/sector-hipotecario-18-septiembre\\\/\",\"name\":\"Sector hipotecario se reunir\u00e1 el 18 de septiembre en la CDMX\",\"isPartOf\":{\"@id\":\"https:\\\/\\\/centrourbano.com\\\/revista\\\/#website\"},\"primaryImageOfPage\":{\"@id\":\"https:\\\/\\\/centrourbano.com\\\/revista\\\/vivienda\\\/sector-hipotecario-18-septiembre\\\/#primaryimage\"},\"image\":{\"@id\":\"https:\\\/\\\/centrourbano.com\\\/revista\\\/vivienda\\\/sector-hipotecario-18-septiembre\\\/#primaryimage\"},\"thumbnailUrl\":\"https:\\\/\\\/centrourbano.com\\\/revista\\\/wp-content\\\/uploads\\\/Simposio_Vivienda_ABM_2019_8.jpeg\",\"datePublished\":\"2019-09-13T22:27:59+00:00\",\"dateModified\":\"2019-09-13T22:37:25+00:00\",\"description\":\"En aras de analizar los retos y oportunidades para el sector hipotecario, la Asociaci\u00f3n de Bancos de M\u00e9xico realizar\u00e1 este mi\u00e9rcoles...\",\"breadcrumb\":{\"@id\":\"https:\\\/\\\/centrourbano.com\\\/revista\\\/vivienda\\\/sector-hipotecario-18-septiembre\\\/#breadcrumb\"},\"inLanguage\":\"es\",\"potentialAction\":[{\"@type\":\"ReadAction\",\"target\":[\"https:\\\/\\\/centrourbano.com\\\/revista\\\/vivienda\\\/sector-hipotecario-18-septiembre\\\/\"]}]},{\"@type\":\"ImageObject\",\"inLanguage\":\"es\",\"@id\":\"https:\\\/\\\/centrourbano.com\\\/revista\\\/vivienda\\\/sector-hipotecario-18-septiembre\\\/#primaryimage\",\"url\":\"https:\\\/\\\/centrourbano.com\\\/revista\\\/wp-content\\\/uploads\\\/Simposio_Vivienda_ABM_2019_8.jpeg\",\"contentUrl\":\"https:\\\/\\\/centrourbano.com\\\/revista\\\/wp-content\\\/uploads\\\/Simposio_Vivienda_ABM_2019_8.jpeg\",\"width\":800,\"height\":450,\"caption\":\"Los principales actores de la industria se reunir\u00e1n para intercambiar opiniones y dilucidar el panorama que viene para el sector\"},{\"@type\":\"BreadcrumbList\",\"@id\":\"https:\\\/\\\/centrourbano.com\\\/revista\\\/vivienda\\\/sector-hipotecario-18-septiembre\\\/#breadcrumb\",\"itemListElement\":[{\"@type\":\"ListItem\",\"position\":1,\"name\":\"Portada\",\"item\":\"https:\\\/\\\/centrourbano.com\\\/revista\\\/\"},{\"@type\":\"ListItem\",\"position\":2,\"name\":\"Sector hipotecario se reunir\u00e1 el 18 de septiembre en CDMX\"}]},{\"@type\":\"WebSite\",\"@id\":\"https:\\\/\\\/centrourbano.com\\\/revista\\\/#website\",\"url\":\"https:\\\/\\\/centrourbano.com\\\/revista\\\/\",\"name\":\"Centro Urbano\",\"description\":\"Medio especializado en los sectores vivienda, inmobiliario, construcci\u00f3n, arquitectura y urbanismo.\",\"publisher\":{\"@id\":\"https:\\\/\\\/centrourbano.com\\\/revista\\\/#organization\"},\"potentialAction\":[{\"@type\":\"SearchAction\",\"target\":{\"@type\":\"EntryPoint\",\"urlTemplate\":\"https:\\\/\\\/centrourbano.com\\\/revista\\\/?s={search_term_string}\"},\"query-input\":{\"@type\":\"PropertyValueSpecification\",\"valueRequired\":true,\"valueName\":\"search_term_string\"}}],\"inLanguage\":\"es\"},{\"@type\":\"Organization\",\"@id\":\"https:\\\/\\\/centrourbano.com\\\/revista\\\/#organization\",\"name\":\"Centro Urbano\",\"url\":\"https:\\\/\\\/centrourbano.com\\\/revista\\\/\",\"logo\":{\"@type\":\"ImageObject\",\"inLanguage\":\"es\",\"@id\":\"https:\\\/\\\/centrourbano.com\\\/revista\\\/#\\\/schema\\\/logo\\\/image\\\/\",\"url\":\"https:\\\/\\\/centrourbano.com\\\/revista\\\/wp-content\\\/uploads\\\/web_CU_logo-1.png\",\"contentUrl\":\"https:\\\/\\\/centrourbano.com\\\/revista\\\/wp-content\\\/uploads\\\/web_CU_logo-1.png\",\"width\":350,\"height\":91,\"caption\":\"Centro Urbano\"},\"image\":{\"@id\":\"https:\\\/\\\/centrourbano.com\\\/revista\\\/#\\\/schema\\\/logo\\\/image\\\/\"},\"sameAs\":[\"https:\\\/\\\/www.facebook.com\\\/portalcentrourbano\",\"https:\\\/\\\/x.com\\\/CentroUrbano\",\"https:\\\/\\\/www.instagram.com\\\/centro_urbano\\\/\",\"https:\\\/\\\/www.linkedin.com\\\/company\\\/centro-urbano\\\/\",\"http:\\\/\\\/www.youtube.com\\\/user\\\/portalcentrourbano\"]},{\"@type\":\"Person\",\"@id\":\"https:\\\/\\\/centrourbano.com\\\/revista\\\/#\\\/schema\\\/person\\\/370fa0ba2d8dd5bde3fdb8b62ad360aa\",\"name\":\"G4A\",\"image\":{\"@type\":\"ImageObject\",\"inLanguage\":\"es\",\"@id\":\"https:\\\/\\\/secure.gravatar.com\\\/avatar\\\/932a97121b13d5de5bbd8193c6c83d3b92c9eda0f39623607d4280e7a5778d97?s=96&d=mm&r=g\",\"url\":\"https:\\\/\\\/secure.gravatar.com\\\/avatar\\\/932a97121b13d5de5bbd8193c6c83d3b92c9eda0f39623607d4280e7a5778d97?s=96&d=mm&r=g\",\"contentUrl\":\"https:\\\/\\\/secure.gravatar.com\\\/avatar\\\/932a97121b13d5de5bbd8193c6c83d3b92c9eda0f39623607d4280e7a5778d97?s=96&d=mm&r=g\",\"caption\":\"G4A\"},\"url\":\"https:\\\/\\\/centrourbano.com\\\/revista\\\/author\\\/admin-g4a\\\/\"}]}<\/script>\n<!-- \/ Yoast SEO plugin. -->","yoast_head_json":{"title":"Sector hipotecario se reunir\u00e1 el 18 de septiembre en la CDMX","description":"En aras de analizar los retos y oportunidades para el sector hipotecario, la Asociaci\u00f3n de Bancos de M\u00e9xico realizar\u00e1 este mi\u00e9rcoles...","robots":{"index":"index","follow":"follow","max-snippet":"max-snippet:-1","max-image-preview":"max-image-preview:large","max-video-preview":"max-video-preview:-1"},"canonical":"https:\/\/centrourbano.com\/revista\/vivienda\/sector-hipotecario-18-septiembre\/","og_locale":"es_ES","og_type":"article","og_title":"Sector hipotecario se reunir\u00e1 el 18 de septiembre en la CDMX","og_description":"En aras de analizar los retos y oportunidades para el sector hipotecario, la Asociaci\u00f3n de Bancos de M\u00e9xico realizar\u00e1 este mi\u00e9rcoles...","og_url":"https:\/\/centrourbano.com\/revista\/vivienda\/sector-hipotecario-18-septiembre\/","og_site_name":"Centro Urbano","article_publisher":"https:\/\/www.facebook.com\/portalcentrourbano","article_published_time":"2019-09-13T22:27:59+00:00","article_modified_time":"2019-09-13T22:37:25+00:00","og_image":[{"width":800,"height":450,"url":"https:\/\/centrourbano.com\/revista\/wp-content\/uploads\/Simposio_Vivienda_ABM_2019_8.jpeg","type":"image\/jpeg"}],"author":"G4A","twitter_card":"summary_large_image","twitter_creator":"@CentroUrbano","twitter_site":"@CentroUrbano","twitter_misc":{"Escrito por":"G4A","Tiempo de lectura":"1 minuto"},"schema":{"@context":"https:\/\/schema.org","@graph":[{"@type":"Article","@id":"https:\/\/centrourbano.com\/revista\/vivienda\/sector-hipotecario-18-septiembre\/#article","isPartOf":{"@id":"https:\/\/centrourbano.com\/revista\/vivienda\/sector-hipotecario-18-septiembre\/"},"author":{"name":"G4A","@id":"https:\/\/centrourbano.com\/revista\/#\/schema\/person\/370fa0ba2d8dd5bde3fdb8b62ad360aa"},"headline":"Sector hipotecario se reunir\u00e1 el 18 de septiembre en CDMX","datePublished":"2019-09-13T22:27:59+00:00","dateModified":"2019-09-13T22:37:25+00:00","mainEntityOfPage":{"@id":"https:\/\/centrourbano.com\/revista\/vivienda\/sector-hipotecario-18-septiembre\/"},"wordCount":300,"commentCount":0,"publisher":{"@id":"https:\/\/centrourbano.com\/revista\/#organization"},"image":{"@id":"https:\/\/centrourbano.com\/revista\/vivienda\/sector-hipotecario-18-septiembre\/#primaryimage"},"thumbnailUrl":"https:\/\/centrourbano.com\/revista\/wp-content\/uploads\/Simposio_Vivienda_ABM_2019_8.jpeg","keywords":["ABM","Asociaci\u00f3n de Bancos de M\u00e9xico","Comit\u00e9 de Cr\u00e9dito Hipotecario","Sector hipotecario","vivienda"],"articleSection":["Vivienda"],"inLanguage":"es"},{"@type":"WebPage","@id":"https:\/\/centrourbano.com\/revista\/vivienda\/sector-hipotecario-18-septiembre\/","url":"https:\/\/centrourbano.com\/revista\/vivienda\/sector-hipotecario-18-septiembre\/","name":"Sector hipotecario se reunir\u00e1 el 18 de septiembre en la CDMX","isPartOf":{"@id":"https:\/\/centrourbano.com\/revista\/#website"},"primaryImageOfPage":{"@id":"https:\/\/centrourbano.com\/revista\/vivienda\/sector-hipotecario-18-septiembre\/#primaryimage"},"image":{"@id":"https:\/\/centrourbano.com\/revista\/vivienda\/sector-hipotecario-18-septiembre\/#primaryimage"},"thumbnailUrl":"https:\/\/centrourbano.com\/revista\/wp-content\/uploads\/Simposio_Vivienda_ABM_2019_8.jpeg","datePublished":"2019-09-13T22:27:59+00:00","dateModified":"2019-09-13T22:37:25+00:00","description":"En aras de analizar los retos y oportunidades para el sector hipotecario, la Asociaci\u00f3n de Bancos de M\u00e9xico realizar\u00e1 este mi\u00e9rcoles...","breadcrumb":{"@id":"https:\/\/centrourbano.com\/revista\/vivienda\/sector-hipotecario-18-septiembre\/#breadcrumb"},"inLanguage":"es","potentialAction":[{"@type":"ReadAction","target":["https:\/\/centrourbano.com\/revista\/vivienda\/sector-hipotecario-18-septiembre\/"]}]},{"@type":"ImageObject","inLanguage":"es","@id":"https:\/\/centrourbano.com\/revista\/vivienda\/sector-hipotecario-18-septiembre\/#primaryimage","url":"https:\/\/centrourbano.com\/revista\/wp-content\/uploads\/Simposio_Vivienda_ABM_2019_8.jpeg","contentUrl":"https:\/\/centrourbano.com\/revista\/wp-content\/uploads\/Simposio_Vivienda_ABM_2019_8.jpeg","width":800,"height":450,"caption":"Los principales actores de la industria se reunir\u00e1n para intercambiar opiniones y dilucidar el panorama que viene para el sector"},{"@type":"BreadcrumbList","@id":"https:\/\/centrourbano.com\/revista\/vivienda\/sector-hipotecario-18-septiembre\/#breadcrumb","itemListElement":[{"@type":"ListItem","position":1,"name":"Portada","item":"https:\/\/centrourbano.com\/revista\/"},{"@type":"ListItem","position":2,"name":"Sector hipotecario se reunir\u00e1 el 18 de septiembre en CDMX"}]},{"@type":"WebSite","@id":"https:\/\/centrourbano.com\/revista\/#website","url":"https:\/\/centrourbano.com\/revista\/","name":"Centro Urbano","description":"Medio especializado en los sectores vivienda, inmobiliario, construcci\u00f3n, arquitectura y urbanismo.","publisher":{"@id":"https:\/\/centrourbano.com\/revista\/#organization"},"potentialAction":[{"@type":"SearchAction","target":{"@type":"EntryPoint","urlTemplate":"https:\/\/centrourbano.com\/revista\/?s={search_term_string}"},"query-input":{"@type":"PropertyValueSpecification","valueRequired":true,"valueName":"search_term_string"}}],"inLanguage":"es"},{"@type":"Organization","@id":"https:\/\/centrourbano.com\/revista\/#organization","name":"Centro Urbano","url":"https:\/\/centrourbano.com\/revista\/","logo":{"@type":"ImageObject","inLanguage":"es","@id":"https:\/\/centrourbano.com\/revista\/#\/schema\/logo\/image\/","url":"https:\/\/centrourbano.com\/revista\/wp-content\/uploads\/web_CU_logo-1.png","contentUrl":"https:\/\/centrourbano.com\/revista\/wp-content\/uploads\/web_CU_logo-1.png","width":350,"height":91,"caption":"Centro Urbano"},"image":{"@id":"https:\/\/centrourbano.com\/revista\/#\/schema\/logo\/image\/"},"sameAs":["https:\/\/www.facebook.com\/portalcentrourbano","https:\/\/x.com\/CentroUrbano","https:\/\/www.instagram.com\/centro_urbano\/","https:\/\/www.linkedin.com\/company\/centro-urbano\/","http:\/\/www.youtube.com\/user\/portalcentrourbano"]},{"@type":"Person","@id":"https:\/\/centrourbano.com\/revista\/#\/schema\/person\/370fa0ba2d8dd5bde3fdb8b62ad360aa","name":"G4A","image":{"@type":"ImageObject","inLanguage":"es","@id":"https:\/\/secure.gravatar.com\/avatar\/932a97121b13d5de5bbd8193c6c83d3b92c9eda0f39623607d4280e7a5778d97?s=96&d=mm&r=g","url":"https:\/\/secure.gravatar.com\/avatar\/932a97121b13d5de5bbd8193c6c83d3b92c9eda0f39623607d4280e7a5778d97?s=96&d=mm&r=g","contentUrl":"https:\/\/secure.gravatar.com\/avatar\/932a97121b13d5de5bbd8193c6c83d3b92c9eda0f39623607d4280e7a5778d97?s=96&d=mm&r=g","caption":"G4A"},"url":"https:\/\/centrourbano.com\/revista\/author\/admin-g4a\/"}]}},"_links":{"self":[{"href":"https:\/\/centrourbano.com\/revista\/wp-json\/wp\/v2\/posts\/96062","targetHints":{"allow":["GET"]}}],"collection":[{"href":"https:\/\/centrourbano.com\/revista\/wp-json\/wp\/v2\/posts"}],"about":[{"href":"https:\/\/centrourbano.com\/revista\/wp-json\/wp\/v2\/types\/post"}],"author":[{"embeddable":true,"href":"https:\/\/centrourbano.com\/revista\/wp-json\/wp\/v2\/users\/77"}],"replies":[{"embeddable":true,"href":"https:\/\/centrourbano.com\/revista\/wp-json\/wp\/v2\/comments?post=96062"}],"version-history":[{"count":2,"href":"https:\/\/centrourbano.com\/revista\/wp-json\/wp\/v2\/posts\/96062\/revisions"}],"predecessor-version":[{"id":96065,"href":"https:\/\/centrourbano.com\/revista\/wp-json\/wp\/v2\/posts\/96062\/revisions\/96065"}],"wp:featuredmedia":[{"embeddable":true,"href":"https:\/\/centrourbano.com\/revista\/wp-json\/wp\/v2\/media\/96063"}],"wp:attachment":[{"href":"https:\/\/centrourbano.com\/revista\/wp-json\/wp\/v2\/media?parent=96062"}],"wp:term":[{"taxonomy":"category","embeddable":true,"href":"https:\/\/centrourbano.com\/revista\/wp-json\/wp\/v2\/categories?post=96062"},{"taxonomy":"post_tag","embeddable":true,"href":"https:\/\/centrourbano.com\/revista\/wp-json\/wp\/v2\/tags?post=96062"}],"curies":[{"name":"wp","href":"https:\/\/api.w.org\/{rel}","templated":true}]}}