{"id":96000,"date":"2019-09-12T16:36:13","date_gmt":"2019-09-12T21:36:13","guid":{"rendered":"https:\/\/centrourbano.com\/?p=96000"},"modified":"2019-09-12T17:57:19","modified_gmt":"2019-09-12T22:57:19","slug":"para-el-infonavit-los-trabajadores-son-lo-primero","status":"publish","type":"post","link":"https:\/\/centrourbano.com\/revista\/opinion\/para-el-infonavit-los-trabajadores-son-lo-primero\/","title":{"rendered":"Para el Infonavit, los trabajadores son lo primero"},"content":{"rendered":"<p><strong>Por Rodrigo Guti\u00e9rrez Porter Villegas<\/strong><!--more--><\/p>\n<p>Tras varios meses al frente de la <strong>Subdirecci\u00f3n General de Cr\u00e9dito del Infonavit<\/strong> me queda claro que el Instituto no puede esperar para atender las necesidades de los trabajadores de M\u00e9xico.<\/p>\n<p>Los cambios po\u00edticos, econ\u00f3micos y sociales que ha M\u00e9xico ha experimentado a lo largo de las \u00faltimas d\u00e9cadas han representado diversos retos para los trabajadores que integran la planta productiva del pa\u00eds, tanto en la manera como desempe\u00f1an sus actividades profesionales como en la forma en que est\u00e1n organizados en su estructura familiar.<\/p>\n<p>En este sentido, en la Subdirecci\u00f3n General de Cr\u00e9dito del Infonavit decidimos adoptar un comportamiento din\u00e1mico, siempre con el trabajador mexicano al centro de nuestra toma de decisiones, retando las f\u00f3rmulas preestablecidas que no generaban una profundidad en el cambio, y de esta forma resolver las necesidades que plantea la nueva realidad de nuestro pa\u00eds.<\/p>\n<p>En los \u00faltimos seis meses definimos tres ejes de acci\u00f3n para el actuar diario de la Subdirecci\u00f3n General de Cr\u00e9dito: 1) <em>proximidad<\/em> con nuestros afiliados; 2) <em>eficiencia<\/em> en las decisiones y operaci\u00f3n, y 3) <em>transparencia<\/em> en todas nuestras actividades.<\/p>\n<p>Atendiendo a los dos primeros ejes, el 3 de julio de este a\u00f1o incrementamos los montos de cr\u00e9dito para quienes ganan hasta 7 mil pesos con base en el aumento al salario m\u00ednimo de 2019 (16%). En esa proporci\u00f3n aumenta el monto de financiamiento para los trabajadores de menor salario, y ese porcentaje va disminuyendo en la medida que se acercan a los 2.8 UMA de salario mensual (aproximadamente $7,200 de pesos).<\/p>\n<p>Como ejemplo, aquellos trabajadores que perciban en su ingreso mensual 1 UMA ($2,568) han visto incrementado su monto m\u00e1ximo de cr\u00e9dito de 231 mil pesos a 269 mil pesos, que sumando su ahorro en la Subcuenta de Vivienda quiere decir que ahora les alcanza para una casa de hasta 300 mil pesos.<\/p>\n<p>Cabe se\u00f1alar que la implementaci\u00f3n de esta medida coincidi\u00f3 con el menor monto de subsidio para la adquisici\u00f3n de vivienda que se destin\u00f3 en el Presupuesto de Egresos de la Federaci\u00f3n en 2019, con lo cual se ha otorgado certeza al sector de la construcci\u00f3n sobre la capacidad de compra de los trabajadores que menos ganan. As\u00ed lo muestran los primeros resultados positivos en el <strong>Registro \u00danico de Vivienda<\/strong> (RUV) con registro de vivienda nueva en el mes de agosto.<\/p>\n<p>Sobre el tercer eje, y como una directriz primordial de nuestro Director General, <strong>Carlos Mart\u00ednez Vel\u00e1zquez<\/strong>, estamos trabajando con los diferentes sectores para establecer par\u00e1metros que nos permitan asegurar los niveles de calidad de la vivienda que nuestros derechohabientes adquieren, de forma que sea adecuada para ellos como habitantes y para el resto de los trabajadores participantes del fondo como garant\u00eda de los cr\u00e9ditos colocados.<\/p>\n<p>Como menciono l\u00edneas arriba, hemos tomado estas\u00a0 acciones poniendo a los trabajadores en el centro de las decisiones del Instituto; y en este sentido, hemos identificado otra oportunidad al reconocer las nuevas formas de organizaci\u00f3n de los hogares en M\u00e9xico, en donde encontramos que la familia tradicional es un concepto que tambi\u00e9n ha experimentado cambios, que no hab\u00edan sido considerados en el Infonavit.<\/p>\n<p>Lo anterior nos llev\u00f3 a dise\u00f1ar un esquema que les permitir\u00e1 a los trabajadores de M\u00e9xico, organizados en una forma distinta de hogar a la tradicional, sumar sus capacidades de compra para la adquisici\u00f3n de una vivienda. Es decir, evolucionamos del cr\u00e9dito individual o conyugal, al cr\u00e9dito entre familiares o corresidenciales, mediante un cr\u00e9dito solidario. Este cambio fortalecer\u00e1 el derecho a elegir de nuestros derechohabientes para decidir con qui\u00e9n ejercen su cr\u00e9dito Infonavit, lo que incrementar\u00e1 su capacidad de compra para adquirir un inmueble que cuente con los servicios necesarios para alcanzar una mejor calidad de vida.<\/p>\n<p>Para inicios de 2020 veremos que el padre y un hijo, la madre y su hija, o dos hermanos podr\u00e1n sumar su monto m\u00e1ximo de cr\u00e9dito para adquirir un patrimonio, mismo caso para las parejas en uni\u00f3n libre de diferente o mismo sexo.<\/p>\n<p>Identificar este dinamismo nos ha servido para establecer una estrategia de opciones de financiamiento que, en una primera etapa, empareje al Infonavit con las necesidades de los trabajadores y, en una segunda, nos permita innovar en opciones de financiamiento para necesidades m\u00e1s complejas de nuestros afiliados, las cuales est\u00e1n en periodo de evaluaci\u00f3n.<\/p>\n<p>Para retarnos a\u00fan m\u00e1s, en la Subdirecci\u00f3n General de Cr\u00e9dito hemos firmado dos convenios que nos permitir\u00e1n alcanzar nuestros objetivos en el corto plazo: uno con el\u00a0Fovissste y otro con la Asociaci\u00f3n de Bancos de M\u00e9xico (ABM).<\/p>\n<p>Con el primero, en el primer semestre del siguiente a\u00f1o estaremos implementando el cr\u00e9dito individual Infonavit-Fovissste, que permitir\u00e1 a los afiliados a ambas instituciones obtener un cr\u00e9dito hipotecario de cada organismo y hacer uso de ambas subcuentas de vivienda, lo que se ver\u00e1 reflejado en residencias de m\u00e1s valor y mejor ubicadas.<\/p>\n<p>Con la ABM estamos trabajando en el dise\u00f1o de nuevas opciones de financiamiento y, en breve, comenzaremos un programa piloto para originar cr\u00e9ditos Cofinavit desde los centros hipotecarios de los bancos que participan en este esquema. Esto permitir\u00e1 tener una ventanilla \u00fanica de atenci\u00f3n, disminuyendo los tiempos de tr\u00e1mite para la obtenci\u00f3n de esta opci\u00f3n de financiamiento y, de resultar exitoso, comenzaremos con las otras opciones que tiene el Infonavit, como el propio cr\u00e9dito Tradicional.<\/p>\n<p>As\u00ed es como hemos comenzado a dinamizar a la Subdirecci\u00f3n General de Cr\u00e9dito de la hipotecaria social m\u00e1s grande de Latinoam\u00e9rica, teniendo muy claro que los trabajadores afiliados al Infonavit, due\u00f1os de este fondo, siempre deben ser y estar el centro de las decisiones que tomamos cada d\u00eda, y su bienestar contribuye al pa\u00eds que todos aspiramos y merecemos.<\/p>\n<p><!--more--><\/p>\n<p style=\"text-align: right;\"><strong>Rodrigo Guti\u00e9rrez Porter Villegas<\/strong><\/p>\n<p style=\"text-align: right;\"><strong>Subdirector General de Cr\u00e9dito del Infonavit<\/strong><\/p>\n","protected":false},"excerpt":{"rendered":"<p>Por Rodrigo Guti\u00e9rrez Porter Villegas<\/p>\n","protected":false},"author":14,"featured_media":96007,"comment_status":"open","ping_status":"closed","sticky":false,"template":"","format":"standard","meta":{"om_disable_all_campaigns":false,"inline_featured_image":false,"_monsterinsights_skip_tracking":false,"_monsterinsights_sitenote_active":false,"_monsterinsights_sitenote_note":"","_monsterinsights_sitenote_category":0,"footnotes":""},"categories":[242,5],"tags":[1876,15115,155,100,1508,16326,60],"class_list":["post-96000","post","type-post","status-publish","format-standard","has-post-thumbnail","hentry","category-blog-de-invitado","category-opinion","tag-abm","tag-carlos-martinez-velazquez","tag-fovissste","tag-infonavit","tag-registro-unico-de-vivienda","tag-rodrigo-gutierrez-porter-villegas","tag-vivienda-2"],"yoast_head":"<!-- This site is optimized with the Yoast SEO plugin v27.4 - https:\/\/yoast.com\/product\/yoast-seo-wordpress\/ -->\n<title>En l\u00ednea con el dinamismo de los trabajadores de M\u00e9xico y sus familias<\/title>\n<meta name=\"description\" content=\"Por Rodrigo Guti\u00e9rrez Porter Villegas Tras varios meses al frente de la Subdirecci\u00f3n General de Cr\u00e9dito del Infonavit me queda claro que el Instituto no\" \/>\n<meta name=\"robots\" content=\"index, follow, max-snippet:-1, max-image-preview:large, max-video-preview:-1\" \/>\n<link rel=\"canonical\" href=\"https:\/\/centrourbano.com\/revista\/opinion\/para-el-infonavit-los-trabajadores-son-lo-primero\/\" \/>\n<meta property=\"og:locale\" content=\"es_ES\" \/>\n<meta property=\"og:type\" content=\"article\" \/>\n<meta property=\"og:title\" content=\"En l\u00ednea con el dinamismo de los trabajadores de M\u00e9xico y sus familias\" \/>\n<meta property=\"og:description\" content=\"Por Rodrigo Guti\u00e9rrez Porter Villegas Tras varios meses al frente de la Subdirecci\u00f3n General de Cr\u00e9dito del Infonavit me queda claro que el Instituto no\" \/>\n<meta property=\"og:url\" content=\"https:\/\/centrourbano.com\/revista\/opinion\/para-el-infonavit-los-trabajadores-son-lo-primero\/\" \/>\n<meta property=\"og:site_name\" content=\"Centro Urbano\" \/>\n<meta property=\"article:publisher\" content=\"https:\/\/www.facebook.com\/portalcentrourbano\" \/>\n<meta property=\"article:published_time\" content=\"2019-09-12T21:36:13+00:00\" \/>\n<meta property=\"article:modified_time\" content=\"2019-09-12T22:57:19+00:00\" \/>\n<meta property=\"og:image\" content=\"https:\/\/centrourbano.com\/revista\/wp-content\/uploads\/Anuvac-3-e1568324552781.jpg\" \/>\n\t<meta property=\"og:image:width\" content=\"624\" \/>\n\t<meta property=\"og:image:height\" content=\"439\" \/>\n\t<meta property=\"og:image:type\" content=\"image\/jpeg\" \/>\n<meta name=\"author\" content=\"Redacci\u00f3n Centro Urbano\" \/>\n<meta name=\"twitter:card\" content=\"summary_large_image\" \/>\n<meta name=\"twitter:creator\" content=\"@CentroUrbano\" \/>\n<meta name=\"twitter:site\" content=\"@CentroUrbano\" \/>\n<meta name=\"twitter:label1\" content=\"Escrito por\" \/>\n\t<meta name=\"twitter:data1\" content=\"Redacci\u00f3n Centro Urbano\" \/>\n\t<meta name=\"twitter:label2\" content=\"Tiempo de lectura\" \/>\n\t<meta name=\"twitter:data2\" content=\"5 minutos\" \/>\n<script type=\"application\/ld+json\" class=\"yoast-schema-graph\">{\"@context\":\"https:\\\/\\\/schema.org\",\"@graph\":[{\"@type\":\"Article\",\"@id\":\"https:\\\/\\\/centrourbano.com\\\/revista\\\/opinion\\\/para-el-infonavit-los-trabajadores-son-lo-primero\\\/#article\",\"isPartOf\":{\"@id\":\"https:\\\/\\\/centrourbano.com\\\/revista\\\/opinion\\\/para-el-infonavit-los-trabajadores-son-lo-primero\\\/\"},\"author\":{\"name\":\"Redacci\u00f3n Centro Urbano\",\"@id\":\"https:\\\/\\\/centrourbano.com\\\/revista\\\/#\\\/schema\\\/person\\\/680e7c50f9d6e917e416c9efdc26f996\"},\"headline\":\"Para el Infonavit, los trabajadores son lo primero\",\"datePublished\":\"2019-09-12T21:36:13+00:00\",\"dateModified\":\"2019-09-12T22:57:19+00:00\",\"mainEntityOfPage\":{\"@id\":\"https:\\\/\\\/centrourbano.com\\\/revista\\\/opinion\\\/para-el-infonavit-los-trabajadores-son-lo-primero\\\/\"},\"wordCount\":1017,\"commentCount\":0,\"publisher\":{\"@id\":\"https:\\\/\\\/centrourbano.com\\\/revista\\\/#organization\"},\"image\":{\"@id\":\"https:\\\/\\\/centrourbano.com\\\/revista\\\/opinion\\\/para-el-infonavit-los-trabajadores-son-lo-primero\\\/#primaryimage\"},\"thumbnailUrl\":\"https:\\\/\\\/centrourbano.com\\\/revista\\\/wp-content\\\/uploads\\\/Anuvac-3-e1568324552781.jpg\",\"keywords\":[\"ABM\",\"Carlos Mart\u00ednez Vel\u00e1zquez\",\"Fovissste\",\"Infonavit\",\"Registro \u00danico de Vivienda\",\"Rodrigo Guti\u00e9rrez Porter Villegas\",\"vivienda\"],\"articleSection\":[\"En la opini\u00f3n de\",\"Opini\u00f3n\"],\"inLanguage\":\"es\",\"potentialAction\":[{\"@type\":\"CommentAction\",\"name\":\"Comment\",\"target\":[\"https:\\\/\\\/centrourbano.com\\\/revista\\\/opinion\\\/para-el-infonavit-los-trabajadores-son-lo-primero\\\/#respond\"]}]},{\"@type\":\"WebPage\",\"@id\":\"https:\\\/\\\/centrourbano.com\\\/revista\\\/opinion\\\/para-el-infonavit-los-trabajadores-son-lo-primero\\\/\",\"url\":\"https:\\\/\\\/centrourbano.com\\\/revista\\\/opinion\\\/para-el-infonavit-los-trabajadores-son-lo-primero\\\/\",\"name\":\"En l\u00ednea con el dinamismo de los trabajadores de M\u00e9xico y sus familias\",\"isPartOf\":{\"@id\":\"https:\\\/\\\/centrourbano.com\\\/revista\\\/#website\"},\"primaryImageOfPage\":{\"@id\":\"https:\\\/\\\/centrourbano.com\\\/revista\\\/opinion\\\/para-el-infonavit-los-trabajadores-son-lo-primero\\\/#primaryimage\"},\"image\":{\"@id\":\"https:\\\/\\\/centrourbano.com\\\/revista\\\/opinion\\\/para-el-infonavit-los-trabajadores-son-lo-primero\\\/#primaryimage\"},\"thumbnailUrl\":\"https:\\\/\\\/centrourbano.com\\\/revista\\\/wp-content\\\/uploads\\\/Anuvac-3-e1568324552781.jpg\",\"datePublished\":\"2019-09-12T21:36:13+00:00\",\"dateModified\":\"2019-09-12T22:57:19+00:00\",\"description\":\"Por Rodrigo Guti\u00e9rrez Porter Villegas Tras varios meses al frente de la Subdirecci\u00f3n General de Cr\u00e9dito del Infonavit me queda claro que el Instituto no\",\"breadcrumb\":{\"@id\":\"https:\\\/\\\/centrourbano.com\\\/revista\\\/opinion\\\/para-el-infonavit-los-trabajadores-son-lo-primero\\\/#breadcrumb\"},\"inLanguage\":\"es\",\"potentialAction\":[{\"@type\":\"ReadAction\",\"target\":[\"https:\\\/\\\/centrourbano.com\\\/revista\\\/opinion\\\/para-el-infonavit-los-trabajadores-son-lo-primero\\\/\"]}]},{\"@type\":\"ImageObject\",\"inLanguage\":\"es\",\"@id\":\"https:\\\/\\\/centrourbano.com\\\/revista\\\/opinion\\\/para-el-infonavit-los-trabajadores-son-lo-primero\\\/#primaryimage\",\"url\":\"https:\\\/\\\/centrourbano.com\\\/revista\\\/wp-content\\\/uploads\\\/Anuvac-3-e1568324552781.jpg\",\"contentUrl\":\"https:\\\/\\\/centrourbano.com\\\/revista\\\/wp-content\\\/uploads\\\/Anuvac-3-e1568324552781.jpg\",\"width\":624,\"height\":439,\"caption\":\"Rodrigo Guti\u00e9rrez Porter Villegas\"},{\"@type\":\"BreadcrumbList\",\"@id\":\"https:\\\/\\\/centrourbano.com\\\/revista\\\/opinion\\\/para-el-infonavit-los-trabajadores-son-lo-primero\\\/#breadcrumb\",\"itemListElement\":[{\"@type\":\"ListItem\",\"position\":1,\"name\":\"Portada\",\"item\":\"https:\\\/\\\/centrourbano.com\\\/revista\\\/\"},{\"@type\":\"ListItem\",\"position\":2,\"name\":\"Para el Infonavit, los trabajadores son lo primero\"}]},{\"@type\":\"WebSite\",\"@id\":\"https:\\\/\\\/centrourbano.com\\\/revista\\\/#website\",\"url\":\"https:\\\/\\\/centrourbano.com\\\/revista\\\/\",\"name\":\"Centro Urbano\",\"description\":\"Medio especializado en los sectores vivienda, inmobiliario, construcci\u00f3n, arquitectura y urbanismo.\",\"publisher\":{\"@id\":\"https:\\\/\\\/centrourbano.com\\\/revista\\\/#organization\"},\"potentialAction\":[{\"@type\":\"SearchAction\",\"target\":{\"@type\":\"EntryPoint\",\"urlTemplate\":\"https:\\\/\\\/centrourbano.com\\\/revista\\\/?s={search_term_string}\"},\"query-input\":{\"@type\":\"PropertyValueSpecification\",\"valueRequired\":true,\"valueName\":\"search_term_string\"}}],\"inLanguage\":\"es\"},{\"@type\":\"Organization\",\"@id\":\"https:\\\/\\\/centrourbano.com\\\/revista\\\/#organization\",\"name\":\"Centro Urbano\",\"url\":\"https:\\\/\\\/centrourbano.com\\\/revista\\\/\",\"logo\":{\"@type\":\"ImageObject\",\"inLanguage\":\"es\",\"@id\":\"https:\\\/\\\/centrourbano.com\\\/revista\\\/#\\\/schema\\\/logo\\\/image\\\/\",\"url\":\"https:\\\/\\\/centrourbano.com\\\/revista\\\/wp-content\\\/uploads\\\/web_CU_logo-1.png\",\"contentUrl\":\"https:\\\/\\\/centrourbano.com\\\/revista\\\/wp-content\\\/uploads\\\/web_CU_logo-1.png\",\"width\":350,\"height\":91,\"caption\":\"Centro Urbano\"},\"image\":{\"@id\":\"https:\\\/\\\/centrourbano.com\\\/revista\\\/#\\\/schema\\\/logo\\\/image\\\/\"},\"sameAs\":[\"https:\\\/\\\/www.facebook.com\\\/portalcentrourbano\",\"https:\\\/\\\/x.com\\\/CentroUrbano\",\"https:\\\/\\\/www.instagram.com\\\/centro_urbano\\\/\",\"https:\\\/\\\/www.linkedin.com\\\/company\\\/centro-urbano\\\/\",\"http:\\\/\\\/www.youtube.com\\\/user\\\/portalcentrourbano\"]},{\"@type\":\"Person\",\"@id\":\"https:\\\/\\\/centrourbano.com\\\/revista\\\/#\\\/schema\\\/person\\\/680e7c50f9d6e917e416c9efdc26f996\",\"name\":\"Redacci\u00f3n Centro Urbano\",\"image\":{\"@type\":\"ImageObject\",\"inLanguage\":\"es\",\"@id\":\"https:\\\/\\\/secure.gravatar.com\\\/avatar\\\/15a789f894398c0f311f3a7a2ee28032bbc0483098539da66b6a045aa810bf35?s=96&d=mm&r=g\",\"url\":\"https:\\\/\\\/secure.gravatar.com\\\/avatar\\\/15a789f894398c0f311f3a7a2ee28032bbc0483098539da66b6a045aa810bf35?s=96&d=mm&r=g\",\"contentUrl\":\"https:\\\/\\\/secure.gravatar.com\\\/avatar\\\/15a789f894398c0f311f3a7a2ee28032bbc0483098539da66b6a045aa810bf35?s=96&d=mm&r=g\",\"caption\":\"Redacci\u00f3n Centro Urbano\"},\"url\":\"https:\\\/\\\/centrourbano.com\\\/revista\\\/author\\\/editorial\\\/\"}]}<\/script>\n<!-- \/ Yoast SEO plugin. -->","yoast_head_json":{"title":"En l\u00ednea con el dinamismo de los trabajadores de M\u00e9xico y sus familias","description":"Por Rodrigo Guti\u00e9rrez Porter Villegas Tras varios meses al frente de la Subdirecci\u00f3n General de Cr\u00e9dito del Infonavit me queda claro que el Instituto no","robots":{"index":"index","follow":"follow","max-snippet":"max-snippet:-1","max-image-preview":"max-image-preview:large","max-video-preview":"max-video-preview:-1"},"canonical":"https:\/\/centrourbano.com\/revista\/opinion\/para-el-infonavit-los-trabajadores-son-lo-primero\/","og_locale":"es_ES","og_type":"article","og_title":"En l\u00ednea con el dinamismo de los trabajadores de M\u00e9xico y sus familias","og_description":"Por Rodrigo Guti\u00e9rrez Porter Villegas Tras varios meses al frente de la Subdirecci\u00f3n General de Cr\u00e9dito del Infonavit me queda claro que el Instituto no","og_url":"https:\/\/centrourbano.com\/revista\/opinion\/para-el-infonavit-los-trabajadores-son-lo-primero\/","og_site_name":"Centro Urbano","article_publisher":"https:\/\/www.facebook.com\/portalcentrourbano","article_published_time":"2019-09-12T21:36:13+00:00","article_modified_time":"2019-09-12T22:57:19+00:00","og_image":[{"width":624,"height":439,"url":"https:\/\/centrourbano.com\/revista\/wp-content\/uploads\/Anuvac-3-e1568324552781.jpg","type":"image\/jpeg"}],"author":"Redacci\u00f3n Centro Urbano","twitter_card":"summary_large_image","twitter_creator":"@CentroUrbano","twitter_site":"@CentroUrbano","twitter_misc":{"Escrito por":"Redacci\u00f3n Centro Urbano","Tiempo de lectura":"5 minutos"},"schema":{"@context":"https:\/\/schema.org","@graph":[{"@type":"Article","@id":"https:\/\/centrourbano.com\/revista\/opinion\/para-el-infonavit-los-trabajadores-son-lo-primero\/#article","isPartOf":{"@id":"https:\/\/centrourbano.com\/revista\/opinion\/para-el-infonavit-los-trabajadores-son-lo-primero\/"},"author":{"name":"Redacci\u00f3n Centro Urbano","@id":"https:\/\/centrourbano.com\/revista\/#\/schema\/person\/680e7c50f9d6e917e416c9efdc26f996"},"headline":"Para el Infonavit, los trabajadores son lo primero","datePublished":"2019-09-12T21:36:13+00:00","dateModified":"2019-09-12T22:57:19+00:00","mainEntityOfPage":{"@id":"https:\/\/centrourbano.com\/revista\/opinion\/para-el-infonavit-los-trabajadores-son-lo-primero\/"},"wordCount":1017,"commentCount":0,"publisher":{"@id":"https:\/\/centrourbano.com\/revista\/#organization"},"image":{"@id":"https:\/\/centrourbano.com\/revista\/opinion\/para-el-infonavit-los-trabajadores-son-lo-primero\/#primaryimage"},"thumbnailUrl":"https:\/\/centrourbano.com\/revista\/wp-content\/uploads\/Anuvac-3-e1568324552781.jpg","keywords":["ABM","Carlos Mart\u00ednez Vel\u00e1zquez","Fovissste","Infonavit","Registro \u00danico de Vivienda","Rodrigo Guti\u00e9rrez Porter Villegas","vivienda"],"articleSection":["En la opini\u00f3n de","Opini\u00f3n"],"inLanguage":"es","potentialAction":[{"@type":"CommentAction","name":"Comment","target":["https:\/\/centrourbano.com\/revista\/opinion\/para-el-infonavit-los-trabajadores-son-lo-primero\/#respond"]}]},{"@type":"WebPage","@id":"https:\/\/centrourbano.com\/revista\/opinion\/para-el-infonavit-los-trabajadores-son-lo-primero\/","url":"https:\/\/centrourbano.com\/revista\/opinion\/para-el-infonavit-los-trabajadores-son-lo-primero\/","name":"En l\u00ednea con el dinamismo de los trabajadores de M\u00e9xico y sus familias","isPartOf":{"@id":"https:\/\/centrourbano.com\/revista\/#website"},"primaryImageOfPage":{"@id":"https:\/\/centrourbano.com\/revista\/opinion\/para-el-infonavit-los-trabajadores-son-lo-primero\/#primaryimage"},"image":{"@id":"https:\/\/centrourbano.com\/revista\/opinion\/para-el-infonavit-los-trabajadores-son-lo-primero\/#primaryimage"},"thumbnailUrl":"https:\/\/centrourbano.com\/revista\/wp-content\/uploads\/Anuvac-3-e1568324552781.jpg","datePublished":"2019-09-12T21:36:13+00:00","dateModified":"2019-09-12T22:57:19+00:00","description":"Por Rodrigo Guti\u00e9rrez Porter Villegas Tras varios meses al frente de la Subdirecci\u00f3n General de Cr\u00e9dito del Infonavit me queda claro que el Instituto no","breadcrumb":{"@id":"https:\/\/centrourbano.com\/revista\/opinion\/para-el-infonavit-los-trabajadores-son-lo-primero\/#breadcrumb"},"inLanguage":"es","potentialAction":[{"@type":"ReadAction","target":["https:\/\/centrourbano.com\/revista\/opinion\/para-el-infonavit-los-trabajadores-son-lo-primero\/"]}]},{"@type":"ImageObject","inLanguage":"es","@id":"https:\/\/centrourbano.com\/revista\/opinion\/para-el-infonavit-los-trabajadores-son-lo-primero\/#primaryimage","url":"https:\/\/centrourbano.com\/revista\/wp-content\/uploads\/Anuvac-3-e1568324552781.jpg","contentUrl":"https:\/\/centrourbano.com\/revista\/wp-content\/uploads\/Anuvac-3-e1568324552781.jpg","width":624,"height":439,"caption":"Rodrigo Guti\u00e9rrez Porter Villegas"},{"@type":"BreadcrumbList","@id":"https:\/\/centrourbano.com\/revista\/opinion\/para-el-infonavit-los-trabajadores-son-lo-primero\/#breadcrumb","itemListElement":[{"@type":"ListItem","position":1,"name":"Portada","item":"https:\/\/centrourbano.com\/revista\/"},{"@type":"ListItem","position":2,"name":"Para el Infonavit, los trabajadores son lo primero"}]},{"@type":"WebSite","@id":"https:\/\/centrourbano.com\/revista\/#website","url":"https:\/\/centrourbano.com\/revista\/","name":"Centro Urbano","description":"Medio especializado en los sectores vivienda, inmobiliario, construcci\u00f3n, arquitectura y urbanismo.","publisher":{"@id":"https:\/\/centrourbano.com\/revista\/#organization"},"potentialAction":[{"@type":"SearchAction","target":{"@type":"EntryPoint","urlTemplate":"https:\/\/centrourbano.com\/revista\/?s={search_term_string}"},"query-input":{"@type":"PropertyValueSpecification","valueRequired":true,"valueName":"search_term_string"}}],"inLanguage":"es"},{"@type":"Organization","@id":"https:\/\/centrourbano.com\/revista\/#organization","name":"Centro Urbano","url":"https:\/\/centrourbano.com\/revista\/","logo":{"@type":"ImageObject","inLanguage":"es","@id":"https:\/\/centrourbano.com\/revista\/#\/schema\/logo\/image\/","url":"https:\/\/centrourbano.com\/revista\/wp-content\/uploads\/web_CU_logo-1.png","contentUrl":"https:\/\/centrourbano.com\/revista\/wp-content\/uploads\/web_CU_logo-1.png","width":350,"height":91,"caption":"Centro Urbano"},"image":{"@id":"https:\/\/centrourbano.com\/revista\/#\/schema\/logo\/image\/"},"sameAs":["https:\/\/www.facebook.com\/portalcentrourbano","https:\/\/x.com\/CentroUrbano","https:\/\/www.instagram.com\/centro_urbano\/","https:\/\/www.linkedin.com\/company\/centro-urbano\/","http:\/\/www.youtube.com\/user\/portalcentrourbano"]},{"@type":"Person","@id":"https:\/\/centrourbano.com\/revista\/#\/schema\/person\/680e7c50f9d6e917e416c9efdc26f996","name":"Redacci\u00f3n Centro Urbano","image":{"@type":"ImageObject","inLanguage":"es","@id":"https:\/\/secure.gravatar.com\/avatar\/15a789f894398c0f311f3a7a2ee28032bbc0483098539da66b6a045aa810bf35?s=96&d=mm&r=g","url":"https:\/\/secure.gravatar.com\/avatar\/15a789f894398c0f311f3a7a2ee28032bbc0483098539da66b6a045aa810bf35?s=96&d=mm&r=g","contentUrl":"https:\/\/secure.gravatar.com\/avatar\/15a789f894398c0f311f3a7a2ee28032bbc0483098539da66b6a045aa810bf35?s=96&d=mm&r=g","caption":"Redacci\u00f3n Centro Urbano"},"url":"https:\/\/centrourbano.com\/revista\/author\/editorial\/"}]}},"_links":{"self":[{"href":"https:\/\/centrourbano.com\/revista\/wp-json\/wp\/v2\/posts\/96000","targetHints":{"allow":["GET"]}}],"collection":[{"href":"https:\/\/centrourbano.com\/revista\/wp-json\/wp\/v2\/posts"}],"about":[{"href":"https:\/\/centrourbano.com\/revista\/wp-json\/wp\/v2\/types\/post"}],"author":[{"embeddable":true,"href":"https:\/\/centrourbano.com\/revista\/wp-json\/wp\/v2\/users\/14"}],"replies":[{"embeddable":true,"href":"https:\/\/centrourbano.com\/revista\/wp-json\/wp\/v2\/comments?post=96000"}],"version-history":[{"count":4,"href":"https:\/\/centrourbano.com\/revista\/wp-json\/wp\/v2\/posts\/96000\/revisions"}],"predecessor-version":[{"id":96013,"href":"https:\/\/centrourbano.com\/revista\/wp-json\/wp\/v2\/posts\/96000\/revisions\/96013"}],"wp:featuredmedia":[{"embeddable":true,"href":"https:\/\/centrourbano.com\/revista\/wp-json\/wp\/v2\/media\/96007"}],"wp:attachment":[{"href":"https:\/\/centrourbano.com\/revista\/wp-json\/wp\/v2\/media?parent=96000"}],"wp:term":[{"taxonomy":"category","embeddable":true,"href":"https:\/\/centrourbano.com\/revista\/wp-json\/wp\/v2\/categories?post=96000"},{"taxonomy":"post_tag","embeddable":true,"href":"https:\/\/centrourbano.com\/revista\/wp-json\/wp\/v2\/tags?post=96000"}],"curies":[{"name":"wp","href":"https:\/\/api.w.org\/{rel}","templated":true}]}}