{"id":95932,"date":"2019-09-12T08:05:55","date_gmt":"2019-09-12T13:05:55","guid":{"rendered":"https:\/\/centrourbano.com\/?p=95932"},"modified":"2019-09-12T00:25:04","modified_gmt":"2019-09-12T05:25:04","slug":"el-imp-cumple-54-anos-de-apoyar-a-la-industria-energetica-del-pais","status":"publish","type":"post","link":"https:\/\/centrourbano.com\/revista\/construccion\/el-imp-cumple-54-anos-de-apoyar-a-la-industria-energetica-del-pais\/","title":{"rendered":"El IMP cumple 54 a\u00f1os de apoyar a la industria energ\u00e9tica del pa\u00eds"},"content":{"rendered":"<p><em>Durante la celebraci\u00f3n, se reconoce la importante labor del IMP para la independencia tecnol\u00f3gica y el fomento a la soberan\u00eda<\/em><\/p>\n<p><!--more--><\/p>\n<p>En el marco conmemorativo del \u00a054 aniversario del<strong> Instituto Mexicano del Petrol\u00e9o (IMP)<\/strong>, se destac\u00f3 el gran apoyo\u00a0que este organismo\u00a0ha demostrado para lograr el crecimiento y desarrollo de la industria\u00a0energ\u00e9tica nacional.<\/p>\n<p>Asimismo,\u00a0se resalt\u00f3 la importancia que ha tenido la labor del IMP para la permanencia de <strong>Petr\u00f3leos Mexicanos (Pemex)<\/strong>\u00a0y de otras empresas privadas. En tal sentido,\u00a0<strong>Roc\u00edo Nahle Garc\u00eda<\/strong>, titular de la <strong>Secretar\u00eda de Energ\u00eda<\/strong>\u00a0hizo \u00e9nfasis en\u00a0la nueva pol\u00edtica energ\u00e9tica determinada por el presidente <strong>Andr\u00e9s Manuel L\u00f3pez Obrador<\/strong>, la cual se enfoca en la construcci\u00f3n y producci\u00f3n.<\/p>\n<p>Al respecto, el ingeniero y director de <b>Pemex<\/b>,\u00a0<strong>Octavio Romero Oropeza,<\/strong> afirm\u00f3 la importancia de superar las crisis que ha vivido la organizaci\u00f3n en los \u00faltimos a\u00f1os, puesto que el impacto ha afectado las finanzas y actividades tanto del IMP como de la misma instituci\u00f3n.<\/p>\n<p>Destac\u00f3 tambi\u00e9n el apoyo que ha brindado el\u00a0organismo para la realizaci\u00f3n de los proyectos primordiales del gobierno en turno, as\u00ed como la rehabilitaci\u00f3n de las 6 refiner\u00edas y la construcci\u00f3n de una nueva: <strong>Dos Bocas,\u00a0<\/strong>que contar\u00e1 con la capacidad para <strong>340,000 barriles<\/strong> y con la que se obtendr\u00e1 autosuficiencia de combustible.<\/p>\n<p>No pas\u00f3 por alto el rol del instituto para fomentar la soberan\u00eda a trav\u00e9s de\u00a0 la independencia tecnol\u00f3gica que genera.\u00a0 En ese sentido, el ingeniero y titular de la organizaci\u00f3n se\u00f1al\u00f3 que el IMP fue creado para Pemex y que hoy ante esta nueva pol\u00edtica refrenda este car\u00e1cter. \u201cAhora tenemos un IMP diversificado que sigue siendo soporte y la mejor opci\u00f3n para la aportaci\u00f3n de ciencia y tecnolog\u00eda para la industria\u201d, concluy\u00f3.<\/p>\n","protected":false},"excerpt":{"rendered":"<p>Durante la celebraci\u00f3n, se reconoce la importante labor del IMP para la independencia tecnol\u00f3gica y el fomento a la soberan\u00eda<\/p>\n","protected":false},"author":74,"featured_media":95935,"comment_status":"open","ping_status":"closed","sticky":false,"template":"","format":"standard","meta":{"om_disable_all_campaigns":false,"inline_featured_image":false,"_monsterinsights_skip_tracking":false,"_monsterinsights_sitenote_active":false,"_monsterinsights_sitenote_note":"","_monsterinsights_sitenote_category":0,"footnotes":""},"categories":[14],"tags":[22,1448,71,14015],"class_list":["post-95932","post","type-post","status-publish","format-standard","has-post-thumbnail","hentry","category-construccion","tag-construccion-2","tag-imp","tag-pemex","tag-refinerias"],"yoast_head":"<!-- This site is optimized with the Yoast SEO plugin v27.4 - https:\/\/yoast.com\/product\/yoast-seo-wordpress\/ -->\n<title>El IMP cumple 54 a\u00f1os de apoyar a la industria energ\u00e9tica del pa\u00eds<\/title>\n<meta name=\"description\" content=\"Durante la celebraci\u00f3n, se reconoce la importante labor del IMP para la independencia tecnol\u00f3gica y el fomento a la soberan\u00eda\" \/>\n<meta name=\"robots\" content=\"index, follow, max-snippet:-1, max-image-preview:large, max-video-preview:-1\" \/>\n<link rel=\"canonical\" href=\"https:\/\/centrourbano.com\/revista\/construccion\/el-imp-cumple-54-anos-de-apoyar-a-la-industria-energetica-del-pais\/\" \/>\n<meta property=\"og:locale\" content=\"es_ES\" \/>\n<meta property=\"og:type\" content=\"article\" \/>\n<meta property=\"og:title\" content=\"El IMP cumple 54 a\u00f1os de apoyar a la industria energ\u00e9tica del pa\u00eds\" \/>\n<meta property=\"og:description\" content=\"Durante la celebraci\u00f3n, se reconoce la importante labor del IMP para la independencia tecnol\u00f3gica y el fomento a la soberan\u00eda\" \/>\n<meta property=\"og:url\" content=\"https:\/\/centrourbano.com\/revista\/construccion\/el-imp-cumple-54-anos-de-apoyar-a-la-industria-energetica-del-pais\/\" \/>\n<meta property=\"og:site_name\" content=\"Centro Urbano\" \/>\n<meta property=\"article:publisher\" content=\"https:\/\/www.facebook.com\/portalcentrourbano\" \/>\n<meta property=\"article:published_time\" content=\"2019-09-12T13:05:55+00:00\" \/>\n<meta property=\"og:image\" content=\"https:\/\/centrourbano.com\/revista\/wp-content\/uploads\/IMP-BIEN.jpg\" \/>\n\t<meta property=\"og:image:width\" content=\"750\" \/>\n\t<meta property=\"og:image:height\" content=\"392\" \/>\n\t<meta property=\"og:image:type\" content=\"image\/jpeg\" \/>\n<meta name=\"author\" content=\"Sheila Navarro\" \/>\n<meta name=\"twitter:card\" content=\"summary_large_image\" \/>\n<meta name=\"twitter:creator\" content=\"@CentroUrbano\" \/>\n<meta name=\"twitter:site\" content=\"@CentroUrbano\" \/>\n<meta name=\"twitter:label1\" content=\"Escrito por\" \/>\n\t<meta name=\"twitter:data1\" content=\"Sheila Navarro\" \/>\n\t<meta name=\"twitter:label2\" content=\"Tiempo de lectura\" \/>\n\t<meta name=\"twitter:data2\" content=\"2 minutos\" \/>\n<script type=\"application\/ld+json\" class=\"yoast-schema-graph\">{\"@context\":\"https:\\\/\\\/schema.org\",\"@graph\":[{\"@type\":\"Article\",\"@id\":\"https:\\\/\\\/centrourbano.com\\\/revista\\\/construccion\\\/el-imp-cumple-54-anos-de-apoyar-a-la-industria-energetica-del-pais\\\/#article\",\"isPartOf\":{\"@id\":\"https:\\\/\\\/centrourbano.com\\\/revista\\\/construccion\\\/el-imp-cumple-54-anos-de-apoyar-a-la-industria-energetica-del-pais\\\/\"},\"author\":{\"name\":\"Sheila Navarro\",\"@id\":\"https:\\\/\\\/centrourbano.com\\\/revista\\\/#\\\/schema\\\/person\\\/a10d46c5a349f56a0c72e807d8381b4d\"},\"headline\":\"El IMP cumple 54 a\u00f1os de apoyar a la industria energ\u00e9tica del pa\u00eds\",\"datePublished\":\"2019-09-12T13:05:55+00:00\",\"mainEntityOfPage\":{\"@id\":\"https:\\\/\\\/centrourbano.com\\\/revista\\\/construccion\\\/el-imp-cumple-54-anos-de-apoyar-a-la-industria-energetica-del-pais\\\/\"},\"wordCount\":330,\"commentCount\":0,\"publisher\":{\"@id\":\"https:\\\/\\\/centrourbano.com\\\/revista\\\/#organization\"},\"image\":{\"@id\":\"https:\\\/\\\/centrourbano.com\\\/revista\\\/construccion\\\/el-imp-cumple-54-anos-de-apoyar-a-la-industria-energetica-del-pais\\\/#primaryimage\"},\"thumbnailUrl\":\"https:\\\/\\\/centrourbano.com\\\/revista\\\/wp-content\\\/uploads\\\/IMP-BIEN.jpg\",\"keywords\":[\"construcci\u00f3n\",\"IMP\",\"Pemex\",\"Refiner\u00edas\"],\"articleSection\":[\"Construcci\u00f3n\"],\"inLanguage\":\"es\",\"potentialAction\":[{\"@type\":\"CommentAction\",\"name\":\"Comment\",\"target\":[\"https:\\\/\\\/centrourbano.com\\\/revista\\\/construccion\\\/el-imp-cumple-54-anos-de-apoyar-a-la-industria-energetica-del-pais\\\/#respond\"]}]},{\"@type\":\"WebPage\",\"@id\":\"https:\\\/\\\/centrourbano.com\\\/revista\\\/construccion\\\/el-imp-cumple-54-anos-de-apoyar-a-la-industria-energetica-del-pais\\\/\",\"url\":\"https:\\\/\\\/centrourbano.com\\\/revista\\\/construccion\\\/el-imp-cumple-54-anos-de-apoyar-a-la-industria-energetica-del-pais\\\/\",\"name\":\"El IMP cumple 54 a\u00f1os de apoyar a la industria energ\u00e9tica del pa\u00eds\",\"isPartOf\":{\"@id\":\"https:\\\/\\\/centrourbano.com\\\/revista\\\/#website\"},\"primaryImageOfPage\":{\"@id\":\"https:\\\/\\\/centrourbano.com\\\/revista\\\/construccion\\\/el-imp-cumple-54-anos-de-apoyar-a-la-industria-energetica-del-pais\\\/#primaryimage\"},\"image\":{\"@id\":\"https:\\\/\\\/centrourbano.com\\\/revista\\\/construccion\\\/el-imp-cumple-54-anos-de-apoyar-a-la-industria-energetica-del-pais\\\/#primaryimage\"},\"thumbnailUrl\":\"https:\\\/\\\/centrourbano.com\\\/revista\\\/wp-content\\\/uploads\\\/IMP-BIEN.jpg\",\"datePublished\":\"2019-09-12T13:05:55+00:00\",\"description\":\"Durante la celebraci\u00f3n, se reconoce la importante labor del IMP para la independencia tecnol\u00f3gica y el fomento a la soberan\u00eda\",\"breadcrumb\":{\"@id\":\"https:\\\/\\\/centrourbano.com\\\/revista\\\/construccion\\\/el-imp-cumple-54-anos-de-apoyar-a-la-industria-energetica-del-pais\\\/#breadcrumb\"},\"inLanguage\":\"es\",\"potentialAction\":[{\"@type\":\"ReadAction\",\"target\":[\"https:\\\/\\\/centrourbano.com\\\/revista\\\/construccion\\\/el-imp-cumple-54-anos-de-apoyar-a-la-industria-energetica-del-pais\\\/\"]}]},{\"@type\":\"ImageObject\",\"inLanguage\":\"es\",\"@id\":\"https:\\\/\\\/centrourbano.com\\\/revista\\\/construccion\\\/el-imp-cumple-54-anos-de-apoyar-a-la-industria-energetica-del-pais\\\/#primaryimage\",\"url\":\"https:\\\/\\\/centrourbano.com\\\/revista\\\/wp-content\\\/uploads\\\/IMP-BIEN.jpg\",\"contentUrl\":\"https:\\\/\\\/centrourbano.com\\\/revista\\\/wp-content\\\/uploads\\\/IMP-BIEN.jpg\",\"width\":750,\"height\":392,\"caption\":\"Durante la celebraci\u00f3n, se reconoce la importante labor del IMP para la independencia tecnol\u00f3gica y el fomento a la soberan\u00eda\"},{\"@type\":\"BreadcrumbList\",\"@id\":\"https:\\\/\\\/centrourbano.com\\\/revista\\\/construccion\\\/el-imp-cumple-54-anos-de-apoyar-a-la-industria-energetica-del-pais\\\/#breadcrumb\",\"itemListElement\":[{\"@type\":\"ListItem\",\"position\":1,\"name\":\"Portada\",\"item\":\"https:\\\/\\\/centrourbano.com\\\/revista\\\/\"},{\"@type\":\"ListItem\",\"position\":2,\"name\":\"El IMP cumple 54 a\u00f1os de apoyar a la industria energ\u00e9tica del pa\u00eds\"}]},{\"@type\":\"WebSite\",\"@id\":\"https:\\\/\\\/centrourbano.com\\\/revista\\\/#website\",\"url\":\"https:\\\/\\\/centrourbano.com\\\/revista\\\/\",\"name\":\"Centro Urbano\",\"description\":\"Medio especializado en los sectores vivienda, inmobiliario, construcci\u00f3n, arquitectura y urbanismo.\",\"publisher\":{\"@id\":\"https:\\\/\\\/centrourbano.com\\\/revista\\\/#organization\"},\"potentialAction\":[{\"@type\":\"SearchAction\",\"target\":{\"@type\":\"EntryPoint\",\"urlTemplate\":\"https:\\\/\\\/centrourbano.com\\\/revista\\\/?s={search_term_string}\"},\"query-input\":{\"@type\":\"PropertyValueSpecification\",\"valueRequired\":true,\"valueName\":\"search_term_string\"}}],\"inLanguage\":\"es\"},{\"@type\":\"Organization\",\"@id\":\"https:\\\/\\\/centrourbano.com\\\/revista\\\/#organization\",\"name\":\"Centro Urbano\",\"url\":\"https:\\\/\\\/centrourbano.com\\\/revista\\\/\",\"logo\":{\"@type\":\"ImageObject\",\"inLanguage\":\"es\",\"@id\":\"https:\\\/\\\/centrourbano.com\\\/revista\\\/#\\\/schema\\\/logo\\\/image\\\/\",\"url\":\"https:\\\/\\\/centrourbano.com\\\/revista\\\/wp-content\\\/uploads\\\/web_CU_logo-1.png\",\"contentUrl\":\"https:\\\/\\\/centrourbano.com\\\/revista\\\/wp-content\\\/uploads\\\/web_CU_logo-1.png\",\"width\":350,\"height\":91,\"caption\":\"Centro Urbano\"},\"image\":{\"@id\":\"https:\\\/\\\/centrourbano.com\\\/revista\\\/#\\\/schema\\\/logo\\\/image\\\/\"},\"sameAs\":[\"https:\\\/\\\/www.facebook.com\\\/portalcentrourbano\",\"https:\\\/\\\/x.com\\\/CentroUrbano\",\"https:\\\/\\\/www.instagram.com\\\/centro_urbano\\\/\",\"https:\\\/\\\/www.linkedin.com\\\/company\\\/centro-urbano\\\/\",\"http:\\\/\\\/www.youtube.com\\\/user\\\/portalcentrourbano\"]},{\"@type\":\"Person\",\"@id\":\"https:\\\/\\\/centrourbano.com\\\/revista\\\/#\\\/schema\\\/person\\\/a10d46c5a349f56a0c72e807d8381b4d\",\"name\":\"Sheila Navarro\",\"image\":{\"@type\":\"ImageObject\",\"inLanguage\":\"es\",\"@id\":\"https:\\\/\\\/secure.gravatar.com\\\/avatar\\\/7a41d8055617de289b6a5a0f177e7f23d2825723c0a35aa6db6e65305c27b2e4?s=96&d=mm&r=g\",\"url\":\"https:\\\/\\\/secure.gravatar.com\\\/avatar\\\/7a41d8055617de289b6a5a0f177e7f23d2825723c0a35aa6db6e65305c27b2e4?s=96&d=mm&r=g\",\"contentUrl\":\"https:\\\/\\\/secure.gravatar.com\\\/avatar\\\/7a41d8055617de289b6a5a0f177e7f23d2825723c0a35aa6db6e65305c27b2e4?s=96&d=mm&r=g\",\"caption\":\"Sheila Navarro\"},\"url\":\"https:\\\/\\\/centrourbano.com\\\/revista\\\/author\\\/sheila-navarro\\\/\"}]}<\/script>\n<!-- \/ Yoast SEO plugin. -->","yoast_head_json":{"title":"El IMP cumple 54 a\u00f1os de apoyar a la industria energ\u00e9tica del pa\u00eds","description":"Durante la celebraci\u00f3n, se reconoce la importante labor del IMP para la independencia tecnol\u00f3gica y el fomento a la soberan\u00eda","robots":{"index":"index","follow":"follow","max-snippet":"max-snippet:-1","max-image-preview":"max-image-preview:large","max-video-preview":"max-video-preview:-1"},"canonical":"https:\/\/centrourbano.com\/revista\/construccion\/el-imp-cumple-54-anos-de-apoyar-a-la-industria-energetica-del-pais\/","og_locale":"es_ES","og_type":"article","og_title":"El IMP cumple 54 a\u00f1os de apoyar a la industria energ\u00e9tica del pa\u00eds","og_description":"Durante la celebraci\u00f3n, se reconoce la importante labor del IMP para la independencia tecnol\u00f3gica y el fomento a la soberan\u00eda","og_url":"https:\/\/centrourbano.com\/revista\/construccion\/el-imp-cumple-54-anos-de-apoyar-a-la-industria-energetica-del-pais\/","og_site_name":"Centro Urbano","article_publisher":"https:\/\/www.facebook.com\/portalcentrourbano","article_published_time":"2019-09-12T13:05:55+00:00","og_image":[{"width":750,"height":392,"url":"https:\/\/centrourbano.com\/revista\/wp-content\/uploads\/IMP-BIEN.jpg","type":"image\/jpeg"}],"author":"Sheila Navarro","twitter_card":"summary_large_image","twitter_creator":"@CentroUrbano","twitter_site":"@CentroUrbano","twitter_misc":{"Escrito por":"Sheila Navarro","Tiempo de lectura":"2 minutos"},"schema":{"@context":"https:\/\/schema.org","@graph":[{"@type":"Article","@id":"https:\/\/centrourbano.com\/revista\/construccion\/el-imp-cumple-54-anos-de-apoyar-a-la-industria-energetica-del-pais\/#article","isPartOf":{"@id":"https:\/\/centrourbano.com\/revista\/construccion\/el-imp-cumple-54-anos-de-apoyar-a-la-industria-energetica-del-pais\/"},"author":{"name":"Sheila Navarro","@id":"https:\/\/centrourbano.com\/revista\/#\/schema\/person\/a10d46c5a349f56a0c72e807d8381b4d"},"headline":"El IMP cumple 54 a\u00f1os de apoyar a la industria energ\u00e9tica del pa\u00eds","datePublished":"2019-09-12T13:05:55+00:00","mainEntityOfPage":{"@id":"https:\/\/centrourbano.com\/revista\/construccion\/el-imp-cumple-54-anos-de-apoyar-a-la-industria-energetica-del-pais\/"},"wordCount":330,"commentCount":0,"publisher":{"@id":"https:\/\/centrourbano.com\/revista\/#organization"},"image":{"@id":"https:\/\/centrourbano.com\/revista\/construccion\/el-imp-cumple-54-anos-de-apoyar-a-la-industria-energetica-del-pais\/#primaryimage"},"thumbnailUrl":"https:\/\/centrourbano.com\/revista\/wp-content\/uploads\/IMP-BIEN.jpg","keywords":["construcci\u00f3n","IMP","Pemex","Refiner\u00edas"],"articleSection":["Construcci\u00f3n"],"inLanguage":"es","potentialAction":[{"@type":"CommentAction","name":"Comment","target":["https:\/\/centrourbano.com\/revista\/construccion\/el-imp-cumple-54-anos-de-apoyar-a-la-industria-energetica-del-pais\/#respond"]}]},{"@type":"WebPage","@id":"https:\/\/centrourbano.com\/revista\/construccion\/el-imp-cumple-54-anos-de-apoyar-a-la-industria-energetica-del-pais\/","url":"https:\/\/centrourbano.com\/revista\/construccion\/el-imp-cumple-54-anos-de-apoyar-a-la-industria-energetica-del-pais\/","name":"El IMP cumple 54 a\u00f1os de apoyar a la industria energ\u00e9tica del pa\u00eds","isPartOf":{"@id":"https:\/\/centrourbano.com\/revista\/#website"},"primaryImageOfPage":{"@id":"https:\/\/centrourbano.com\/revista\/construccion\/el-imp-cumple-54-anos-de-apoyar-a-la-industria-energetica-del-pais\/#primaryimage"},"image":{"@id":"https:\/\/centrourbano.com\/revista\/construccion\/el-imp-cumple-54-anos-de-apoyar-a-la-industria-energetica-del-pais\/#primaryimage"},"thumbnailUrl":"https:\/\/centrourbano.com\/revista\/wp-content\/uploads\/IMP-BIEN.jpg","datePublished":"2019-09-12T13:05:55+00:00","description":"Durante la celebraci\u00f3n, se reconoce la importante labor del IMP para la independencia tecnol\u00f3gica y el fomento a la soberan\u00eda","breadcrumb":{"@id":"https:\/\/centrourbano.com\/revista\/construccion\/el-imp-cumple-54-anos-de-apoyar-a-la-industria-energetica-del-pais\/#breadcrumb"},"inLanguage":"es","potentialAction":[{"@type":"ReadAction","target":["https:\/\/centrourbano.com\/revista\/construccion\/el-imp-cumple-54-anos-de-apoyar-a-la-industria-energetica-del-pais\/"]}]},{"@type":"ImageObject","inLanguage":"es","@id":"https:\/\/centrourbano.com\/revista\/construccion\/el-imp-cumple-54-anos-de-apoyar-a-la-industria-energetica-del-pais\/#primaryimage","url":"https:\/\/centrourbano.com\/revista\/wp-content\/uploads\/IMP-BIEN.jpg","contentUrl":"https:\/\/centrourbano.com\/revista\/wp-content\/uploads\/IMP-BIEN.jpg","width":750,"height":392,"caption":"Durante la celebraci\u00f3n, se reconoce la importante labor del IMP para la independencia tecnol\u00f3gica y el fomento a la soberan\u00eda"},{"@type":"BreadcrumbList","@id":"https:\/\/centrourbano.com\/revista\/construccion\/el-imp-cumple-54-anos-de-apoyar-a-la-industria-energetica-del-pais\/#breadcrumb","itemListElement":[{"@type":"ListItem","position":1,"name":"Portada","item":"https:\/\/centrourbano.com\/revista\/"},{"@type":"ListItem","position":2,"name":"El IMP cumple 54 a\u00f1os de apoyar a la industria energ\u00e9tica del pa\u00eds"}]},{"@type":"WebSite","@id":"https:\/\/centrourbano.com\/revista\/#website","url":"https:\/\/centrourbano.com\/revista\/","name":"Centro Urbano","description":"Medio especializado en los sectores vivienda, inmobiliario, construcci\u00f3n, arquitectura y urbanismo.","publisher":{"@id":"https:\/\/centrourbano.com\/revista\/#organization"},"potentialAction":[{"@type":"SearchAction","target":{"@type":"EntryPoint","urlTemplate":"https:\/\/centrourbano.com\/revista\/?s={search_term_string}"},"query-input":{"@type":"PropertyValueSpecification","valueRequired":true,"valueName":"search_term_string"}}],"inLanguage":"es"},{"@type":"Organization","@id":"https:\/\/centrourbano.com\/revista\/#organization","name":"Centro Urbano","url":"https:\/\/centrourbano.com\/revista\/","logo":{"@type":"ImageObject","inLanguage":"es","@id":"https:\/\/centrourbano.com\/revista\/#\/schema\/logo\/image\/","url":"https:\/\/centrourbano.com\/revista\/wp-content\/uploads\/web_CU_logo-1.png","contentUrl":"https:\/\/centrourbano.com\/revista\/wp-content\/uploads\/web_CU_logo-1.png","width":350,"height":91,"caption":"Centro Urbano"},"image":{"@id":"https:\/\/centrourbano.com\/revista\/#\/schema\/logo\/image\/"},"sameAs":["https:\/\/www.facebook.com\/portalcentrourbano","https:\/\/x.com\/CentroUrbano","https:\/\/www.instagram.com\/centro_urbano\/","https:\/\/www.linkedin.com\/company\/centro-urbano\/","http:\/\/www.youtube.com\/user\/portalcentrourbano"]},{"@type":"Person","@id":"https:\/\/centrourbano.com\/revista\/#\/schema\/person\/a10d46c5a349f56a0c72e807d8381b4d","name":"Sheila Navarro","image":{"@type":"ImageObject","inLanguage":"es","@id":"https:\/\/secure.gravatar.com\/avatar\/7a41d8055617de289b6a5a0f177e7f23d2825723c0a35aa6db6e65305c27b2e4?s=96&d=mm&r=g","url":"https:\/\/secure.gravatar.com\/avatar\/7a41d8055617de289b6a5a0f177e7f23d2825723c0a35aa6db6e65305c27b2e4?s=96&d=mm&r=g","contentUrl":"https:\/\/secure.gravatar.com\/avatar\/7a41d8055617de289b6a5a0f177e7f23d2825723c0a35aa6db6e65305c27b2e4?s=96&d=mm&r=g","caption":"Sheila Navarro"},"url":"https:\/\/centrourbano.com\/revista\/author\/sheila-navarro\/"}]}},"_links":{"self":[{"href":"https:\/\/centrourbano.com\/revista\/wp-json\/wp\/v2\/posts\/95932","targetHints":{"allow":["GET"]}}],"collection":[{"href":"https:\/\/centrourbano.com\/revista\/wp-json\/wp\/v2\/posts"}],"about":[{"href":"https:\/\/centrourbano.com\/revista\/wp-json\/wp\/v2\/types\/post"}],"author":[{"embeddable":true,"href":"https:\/\/centrourbano.com\/revista\/wp-json\/wp\/v2\/users\/74"}],"replies":[{"embeddable":true,"href":"https:\/\/centrourbano.com\/revista\/wp-json\/wp\/v2\/comments?post=95932"}],"version-history":[{"count":3,"href":"https:\/\/centrourbano.com\/revista\/wp-json\/wp\/v2\/posts\/95932\/revisions"}],"predecessor-version":[{"id":95969,"href":"https:\/\/centrourbano.com\/revista\/wp-json\/wp\/v2\/posts\/95932\/revisions\/95969"}],"wp:featuredmedia":[{"embeddable":true,"href":"https:\/\/centrourbano.com\/revista\/wp-json\/wp\/v2\/media\/95935"}],"wp:attachment":[{"href":"https:\/\/centrourbano.com\/revista\/wp-json\/wp\/v2\/media?parent=95932"}],"wp:term":[{"taxonomy":"category","embeddable":true,"href":"https:\/\/centrourbano.com\/revista\/wp-json\/wp\/v2\/categories?post=95932"},{"taxonomy":"post_tag","embeddable":true,"href":"https:\/\/centrourbano.com\/revista\/wp-json\/wp\/v2\/tags?post=95932"}],"curies":[{"name":"wp","href":"https:\/\/api.w.org\/{rel}","templated":true}]}}