{"id":95915,"date":"2019-09-11T10:00:59","date_gmt":"2019-09-11T15:00:59","guid":{"rendered":"https:\/\/centrourbano.com\/?p=95915"},"modified":"2019-09-11T14:09:38","modified_gmt":"2019-09-11T19:09:38","slug":"repoblar-vivienda-guadalajara","status":"publish","type":"post","link":"https:\/\/centrourbano.com\/revista\/vivienda\/repoblar-vivienda-guadalajara\/","title":{"rendered":"\u25b6\ufe0fVideo | Impulsar\u00e1n vivienda econ\u00f3mica en Guadalajara"},"content":{"rendered":"<p><iframe loading=\"lazy\" title=\"Emprenden proyecto para repoblar Guadalajara\" width=\"500\" height=\"281\" src=\"https:\/\/www.youtube.com\/embed\/PM7yYECO-gg?feature=oembed\" frameborder=\"0\" allow=\"accelerometer; autoplay; clipboard-write; encrypted-media; gyroscope; picture-in-picture; web-share\" referrerpolicy=\"strict-origin-when-cross-origin\" allowfullscreen><\/iframe><\/p>\n<p><strong>Otilia Pedroza<\/strong>, directora general del <a href=\"https:\/\/twitter.com\/IMUVI_GDL\" target=\"_blank\" rel=\"noopener noreferrer\">Instituto Municipal de la Vivienda de Guadalajara,<\/a> explic\u00f3 que el<strong> programa Rehabitar la Ciudad<\/strong> tiene como objetivo impulsar el repoblamiento del municipio, ya que la demarcaci\u00f3n se ha visto inmersa en un proceso de expulsi\u00f3n al no poder generar la oferta de vivienda suficiente.<\/p>\n","protected":false},"excerpt":{"rendered":"<p>Otilia Pedroza, directora general del Instituto Municipal de la Vivienda de Guadalajara, explic\u00f3 que el programa Rehabitar la Ciudad tiene como objetivo impulsar el repoblamiento del municipio, ya que la demarcaci\u00f3n se ha visto inmersa en un proceso de expulsi\u00f3n al no poder generar la oferta de vivienda suficiente.<\/p>\n","protected":false},"author":47,"featured_media":95927,"comment_status":"open","ping_status":"closed","sticky":false,"template":"","format":"video","meta":{"om_disable_all_campaigns":false,"inline_featured_image":false,"_monsterinsights_skip_tracking":false,"_monsterinsights_sitenote_active":false,"_monsterinsights_sitenote_note":"","_monsterinsights_sitenote_category":0,"footnotes":""},"categories":[13,12],"tags":[13043,120,14545,16315,16314,60],"class_list":["post-95915","post","type-post","status-publish","format-video","has-post-thumbnail","hentry","category-entrevistas","category-vivienda","tag-centrourbanoradio","tag-guadalajara","tag-imuvi","tag-instituto-municipal-de-la-vivienda-de-guadalajara","tag-otilia-pedroza","tag-vivienda-2","post_format-post-format-video"],"yoast_head":"<!-- This site is optimized with the Yoast SEO plugin v27.5 - https:\/\/yoast.com\/product\/yoast-seo-wordpress\/ -->\n<title>Imuvi impulsar\u00e1 vivienda econ\u00f3mica en Guadalajara<\/title>\n<meta name=\"description\" content=\"Otilia Pedroza, directora general del Instituto Municipal de la Vivienda de Guadalajara, explic\u00f3 que el programa Rehabitar la Ciudad quiere repoblar\" \/>\n<meta name=\"robots\" content=\"index, follow, max-snippet:-1, max-image-preview:large, max-video-preview:-1\" \/>\n<link rel=\"canonical\" href=\"https:\/\/centrourbano.com\/revista\/vivienda\/repoblar-vivienda-guadalajara\/\" \/>\n<meta property=\"og:locale\" content=\"es_ES\" \/>\n<meta property=\"og:type\" content=\"article\" \/>\n<meta property=\"og:title\" content=\"Imuvi impulsar\u00e1 vivienda econ\u00f3mica en Guadalajara\" \/>\n<meta property=\"og:description\" content=\"Otilia Pedroza, directora general del Instituto Municipal de la Vivienda de Guadalajara, explic\u00f3 que el programa Rehabitar la Ciudad quiere repoblar\" \/>\n<meta property=\"og:url\" content=\"https:\/\/centrourbano.com\/revista\/vivienda\/repoblar-vivienda-guadalajara\/\" \/>\n<meta property=\"og:site_name\" content=\"Centro Urbano\" \/>\n<meta property=\"article:publisher\" content=\"https:\/\/www.facebook.com\/portalcentrourbano\" \/>\n<meta property=\"article:published_time\" content=\"2019-09-11T15:00:59+00:00\" \/>\n<meta property=\"article:modified_time\" content=\"2019-09-11T19:09:38+00:00\" \/>\n<meta property=\"og:image\" content=\"https:\/\/centrourbano.com\/revista\/wp-content\/uploads\/Entrevista1-2.jpg\" \/>\n\t<meta property=\"og:image:width\" content=\"2667\" \/>\n\t<meta property=\"og:image:height\" content=\"1500\" \/>\n\t<meta property=\"og:image:type\" content=\"image\/jpeg\" \/>\n<meta name=\"author\" content=\"Edgar Rosas\" \/>\n<meta name=\"twitter:card\" content=\"summary_large_image\" \/>\n<meta name=\"twitter:creator\" content=\"@https:\/\/twitter.com\/ERosasCU?s=09\" \/>\n<meta name=\"twitter:site\" content=\"@CentroUrbano\" \/>\n<meta name=\"twitter:label1\" content=\"Escrito por\" \/>\n\t<meta name=\"twitter:data1\" content=\"Edgar Rosas\" \/>\n<script type=\"application\/ld+json\" class=\"yoast-schema-graph\">{\"@context\":\"https:\\\/\\\/schema.org\",\"@graph\":[{\"@type\":\"Article\",\"@id\":\"https:\\\/\\\/centrourbano.com\\\/revista\\\/vivienda\\\/repoblar-vivienda-guadalajara\\\/#article\",\"isPartOf\":{\"@id\":\"https:\\\/\\\/centrourbano.com\\\/revista\\\/vivienda\\\/repoblar-vivienda-guadalajara\\\/\"},\"author\":{\"name\":\"Edgar Rosas\",\"@id\":\"https:\\\/\\\/centrourbano.com\\\/revista\\\/#\\\/schema\\\/person\\\/131fd76fa17f4ca2c25c65a74d97c6b6\"},\"headline\":\"\u25b6\ufe0fVideo | Impulsar\u00e1n vivienda econ\u00f3mica en Guadalajara\",\"datePublished\":\"2019-09-11T15:00:59+00:00\",\"dateModified\":\"2019-09-11T19:09:38+00:00\",\"mainEntityOfPage\":{\"@id\":\"https:\\\/\\\/centrourbano.com\\\/revista\\\/vivienda\\\/repoblar-vivienda-guadalajara\\\/\"},\"wordCount\":64,\"commentCount\":0,\"publisher\":{\"@id\":\"https:\\\/\\\/centrourbano.com\\\/revista\\\/#organization\"},\"image\":{\"@id\":\"https:\\\/\\\/centrourbano.com\\\/revista\\\/vivienda\\\/repoblar-vivienda-guadalajara\\\/#primaryimage\"},\"thumbnailUrl\":\"https:\\\/\\\/centrourbano.com\\\/revista\\\/wp-content\\\/uploads\\\/Entrevista1-2.jpg\",\"keywords\":[\"#CentroUrbanoRADIO\",\"Guadalajara\",\"Imuvi\",\"Instituto Municipal de la Vivienda de Guadalajara\",\"Otilia Pedroza\",\"vivienda\"],\"articleSection\":[\"Entrevistas\",\"Vivienda\"],\"inLanguage\":\"es\",\"potentialAction\":[{\"@type\":\"CommentAction\",\"name\":\"Comment\",\"target\":[\"https:\\\/\\\/centrourbano.com\\\/revista\\\/vivienda\\\/repoblar-vivienda-guadalajara\\\/#respond\"]}]},{\"@type\":\"WebPage\",\"@id\":\"https:\\\/\\\/centrourbano.com\\\/revista\\\/vivienda\\\/repoblar-vivienda-guadalajara\\\/\",\"url\":\"https:\\\/\\\/centrourbano.com\\\/revista\\\/vivienda\\\/repoblar-vivienda-guadalajara\\\/\",\"name\":\"Imuvi impulsar\u00e1 vivienda econ\u00f3mica en Guadalajara\",\"isPartOf\":{\"@id\":\"https:\\\/\\\/centrourbano.com\\\/revista\\\/#website\"},\"primaryImageOfPage\":{\"@id\":\"https:\\\/\\\/centrourbano.com\\\/revista\\\/vivienda\\\/repoblar-vivienda-guadalajara\\\/#primaryimage\"},\"image\":{\"@id\":\"https:\\\/\\\/centrourbano.com\\\/revista\\\/vivienda\\\/repoblar-vivienda-guadalajara\\\/#primaryimage\"},\"thumbnailUrl\":\"https:\\\/\\\/centrourbano.com\\\/revista\\\/wp-content\\\/uploads\\\/Entrevista1-2.jpg\",\"datePublished\":\"2019-09-11T15:00:59+00:00\",\"dateModified\":\"2019-09-11T19:09:38+00:00\",\"description\":\"Otilia Pedroza, directora general del Instituto Municipal de la Vivienda de Guadalajara, explic\u00f3 que el programa Rehabitar la Ciudad quiere repoblar\",\"breadcrumb\":{\"@id\":\"https:\\\/\\\/centrourbano.com\\\/revista\\\/vivienda\\\/repoblar-vivienda-guadalajara\\\/#breadcrumb\"},\"inLanguage\":\"es\",\"potentialAction\":[{\"@type\":\"ReadAction\",\"target\":[\"https:\\\/\\\/centrourbano.com\\\/revista\\\/vivienda\\\/repoblar-vivienda-guadalajara\\\/\"]}]},{\"@type\":\"ImageObject\",\"inLanguage\":\"es\",\"@id\":\"https:\\\/\\\/centrourbano.com\\\/revista\\\/vivienda\\\/repoblar-vivienda-guadalajara\\\/#primaryimage\",\"url\":\"https:\\\/\\\/centrourbano.com\\\/revista\\\/wp-content\\\/uploads\\\/Entrevista1-2.jpg\",\"contentUrl\":\"https:\\\/\\\/centrourbano.com\\\/revista\\\/wp-content\\\/uploads\\\/Entrevista1-2.jpg\",\"width\":2667,\"height\":1500,\"caption\":\"Otilia Pedroza, directora general del Instituto Municipal de la Vivienda de Guadalajara, explic\u00f3 que el programa Rehabitar la Ciudad tiene como objetivo impulsar el repoblamiento del municipio de esta entidad, ya que la demarcaci\u00f3n se ha visto inmersa en un proceso de expulsi\u00f3n al no poder generar la oferta de vivienda suficiente.\"},{\"@type\":\"BreadcrumbList\",\"@id\":\"https:\\\/\\\/centrourbano.com\\\/revista\\\/vivienda\\\/repoblar-vivienda-guadalajara\\\/#breadcrumb\",\"itemListElement\":[{\"@type\":\"ListItem\",\"position\":1,\"name\":\"Portada\",\"item\":\"https:\\\/\\\/centrourbano.com\\\/revista\\\/\"},{\"@type\":\"ListItem\",\"position\":2,\"name\":\"\u25b6\ufe0fVideo | Impulsar\u00e1n vivienda econ\u00f3mica en Guadalajara\"}]},{\"@type\":\"WebSite\",\"@id\":\"https:\\\/\\\/centrourbano.com\\\/revista\\\/#website\",\"url\":\"https:\\\/\\\/centrourbano.com\\\/revista\\\/\",\"name\":\"Centro Urbano\",\"description\":\"Medio especializado en los sectores vivienda, inmobiliario, construcci\u00f3n, arquitectura y urbanismo.\",\"publisher\":{\"@id\":\"https:\\\/\\\/centrourbano.com\\\/revista\\\/#organization\"},\"potentialAction\":[{\"@type\":\"SearchAction\",\"target\":{\"@type\":\"EntryPoint\",\"urlTemplate\":\"https:\\\/\\\/centrourbano.com\\\/revista\\\/?s={search_term_string}\"},\"query-input\":{\"@type\":\"PropertyValueSpecification\",\"valueRequired\":true,\"valueName\":\"search_term_string\"}}],\"inLanguage\":\"es\"},{\"@type\":\"Organization\",\"@id\":\"https:\\\/\\\/centrourbano.com\\\/revista\\\/#organization\",\"name\":\"Centro Urbano\",\"url\":\"https:\\\/\\\/centrourbano.com\\\/revista\\\/\",\"logo\":{\"@type\":\"ImageObject\",\"inLanguage\":\"es\",\"@id\":\"https:\\\/\\\/centrourbano.com\\\/revista\\\/#\\\/schema\\\/logo\\\/image\\\/\",\"url\":\"https:\\\/\\\/centrourbano.com\\\/revista\\\/wp-content\\\/uploads\\\/web_CU_logo-1.png\",\"contentUrl\":\"https:\\\/\\\/centrourbano.com\\\/revista\\\/wp-content\\\/uploads\\\/web_CU_logo-1.png\",\"width\":350,\"height\":91,\"caption\":\"Centro Urbano\"},\"image\":{\"@id\":\"https:\\\/\\\/centrourbano.com\\\/revista\\\/#\\\/schema\\\/logo\\\/image\\\/\"},\"sameAs\":[\"https:\\\/\\\/www.facebook.com\\\/portalcentrourbano\",\"https:\\\/\\\/x.com\\\/CentroUrbano\",\"https:\\\/\\\/www.instagram.com\\\/centro_urbano\\\/\",\"https:\\\/\\\/www.linkedin.com\\\/company\\\/centro-urbano\\\/\",\"http:\\\/\\\/www.youtube.com\\\/user\\\/portalcentrourbano\"]},{\"@type\":\"Person\",\"@id\":\"https:\\\/\\\/centrourbano.com\\\/revista\\\/#\\\/schema\\\/person\\\/131fd76fa17f4ca2c25c65a74d97c6b6\",\"name\":\"Edgar Rosas\",\"image\":{\"@type\":\"ImageObject\",\"inLanguage\":\"es\",\"@id\":\"https:\\\/\\\/secure.gravatar.com\\\/avatar\\\/94440c4283495211faa5300bf85e80061036b83fced868c3783aa1310b350d9c?s=96&d=mm&r=g\",\"url\":\"https:\\\/\\\/secure.gravatar.com\\\/avatar\\\/94440c4283495211faa5300bf85e80061036b83fced868c3783aa1310b350d9c?s=96&d=mm&r=g\",\"contentUrl\":\"https:\\\/\\\/secure.gravatar.com\\\/avatar\\\/94440c4283495211faa5300bf85e80061036b83fced868c3783aa1310b350d9c?s=96&d=mm&r=g\",\"caption\":\"Edgar Rosas\"},\"description\":\"Editor en Jefe de Centro Urbano. Egresado de la maestr\u00eda en Periodismo Pol\u00edtico de la Escuela de Periodismo Carlos Septi\u00e9n Garc\u00eda (EPCSG). Estudi\u00f3 la licenciatura en Comunicaci\u00f3n en la Universidad Mexicana. Amante de la cr\u00f3nica y el reportaje. Admirador de Vicente Le\u00f1ero y Miguel \u00c1ngel Granados Chapa.\",\"sameAs\":[\"https:\\\/\\\/x.com\\\/https:\\\/\\\/twitter.com\\\/ERosasCU?s=09\"],\"url\":\"https:\\\/\\\/centrourbano.com\\\/revista\\\/author\\\/edgar-rosas\\\/\"}]}<\/script>\n<!-- \/ Yoast SEO plugin. -->","yoast_head_json":{"title":"Imuvi impulsar\u00e1 vivienda econ\u00f3mica en Guadalajara","description":"Otilia Pedroza, directora general del Instituto Municipal de la Vivienda de Guadalajara, explic\u00f3 que el programa Rehabitar la Ciudad quiere repoblar","robots":{"index":"index","follow":"follow","max-snippet":"max-snippet:-1","max-image-preview":"max-image-preview:large","max-video-preview":"max-video-preview:-1"},"canonical":"https:\/\/centrourbano.com\/revista\/vivienda\/repoblar-vivienda-guadalajara\/","og_locale":"es_ES","og_type":"article","og_title":"Imuvi impulsar\u00e1 vivienda econ\u00f3mica en Guadalajara","og_description":"Otilia Pedroza, directora general del Instituto Municipal de la Vivienda de Guadalajara, explic\u00f3 que el programa Rehabitar la Ciudad quiere repoblar","og_url":"https:\/\/centrourbano.com\/revista\/vivienda\/repoblar-vivienda-guadalajara\/","og_site_name":"Centro Urbano","article_publisher":"https:\/\/www.facebook.com\/portalcentrourbano","article_published_time":"2019-09-11T15:00:59+00:00","article_modified_time":"2019-09-11T19:09:38+00:00","og_image":[{"width":2667,"height":1500,"url":"https:\/\/centrourbano.com\/revista\/wp-content\/uploads\/Entrevista1-2.jpg","type":"image\/jpeg"}],"author":"Edgar Rosas","twitter_card":"summary_large_image","twitter_creator":"@https:\/\/twitter.com\/ERosasCU?s=09","twitter_site":"@CentroUrbano","twitter_misc":{"Escrito por":"Edgar Rosas"},"schema":{"@context":"https:\/\/schema.org","@graph":[{"@type":"Article","@id":"https:\/\/centrourbano.com\/revista\/vivienda\/repoblar-vivienda-guadalajara\/#article","isPartOf":{"@id":"https:\/\/centrourbano.com\/revista\/vivienda\/repoblar-vivienda-guadalajara\/"},"author":{"name":"Edgar Rosas","@id":"https:\/\/centrourbano.com\/revista\/#\/schema\/person\/131fd76fa17f4ca2c25c65a74d97c6b6"},"headline":"\u25b6\ufe0fVideo | Impulsar\u00e1n vivienda econ\u00f3mica en Guadalajara","datePublished":"2019-09-11T15:00:59+00:00","dateModified":"2019-09-11T19:09:38+00:00","mainEntityOfPage":{"@id":"https:\/\/centrourbano.com\/revista\/vivienda\/repoblar-vivienda-guadalajara\/"},"wordCount":64,"commentCount":0,"publisher":{"@id":"https:\/\/centrourbano.com\/revista\/#organization"},"image":{"@id":"https:\/\/centrourbano.com\/revista\/vivienda\/repoblar-vivienda-guadalajara\/#primaryimage"},"thumbnailUrl":"https:\/\/centrourbano.com\/revista\/wp-content\/uploads\/Entrevista1-2.jpg","keywords":["#CentroUrbanoRADIO","Guadalajara","Imuvi","Instituto Municipal de la Vivienda de Guadalajara","Otilia Pedroza","vivienda"],"articleSection":["Entrevistas","Vivienda"],"inLanguage":"es","potentialAction":[{"@type":"CommentAction","name":"Comment","target":["https:\/\/centrourbano.com\/revista\/vivienda\/repoblar-vivienda-guadalajara\/#respond"]}]},{"@type":"WebPage","@id":"https:\/\/centrourbano.com\/revista\/vivienda\/repoblar-vivienda-guadalajara\/","url":"https:\/\/centrourbano.com\/revista\/vivienda\/repoblar-vivienda-guadalajara\/","name":"Imuvi impulsar\u00e1 vivienda econ\u00f3mica en Guadalajara","isPartOf":{"@id":"https:\/\/centrourbano.com\/revista\/#website"},"primaryImageOfPage":{"@id":"https:\/\/centrourbano.com\/revista\/vivienda\/repoblar-vivienda-guadalajara\/#primaryimage"},"image":{"@id":"https:\/\/centrourbano.com\/revista\/vivienda\/repoblar-vivienda-guadalajara\/#primaryimage"},"thumbnailUrl":"https:\/\/centrourbano.com\/revista\/wp-content\/uploads\/Entrevista1-2.jpg","datePublished":"2019-09-11T15:00:59+00:00","dateModified":"2019-09-11T19:09:38+00:00","description":"Otilia Pedroza, directora general del Instituto Municipal de la Vivienda de Guadalajara, explic\u00f3 que el programa Rehabitar la Ciudad quiere repoblar","breadcrumb":{"@id":"https:\/\/centrourbano.com\/revista\/vivienda\/repoblar-vivienda-guadalajara\/#breadcrumb"},"inLanguage":"es","potentialAction":[{"@type":"ReadAction","target":["https:\/\/centrourbano.com\/revista\/vivienda\/repoblar-vivienda-guadalajara\/"]}]},{"@type":"ImageObject","inLanguage":"es","@id":"https:\/\/centrourbano.com\/revista\/vivienda\/repoblar-vivienda-guadalajara\/#primaryimage","url":"https:\/\/centrourbano.com\/revista\/wp-content\/uploads\/Entrevista1-2.jpg","contentUrl":"https:\/\/centrourbano.com\/revista\/wp-content\/uploads\/Entrevista1-2.jpg","width":2667,"height":1500,"caption":"Otilia Pedroza, directora general del Instituto Municipal de la Vivienda de Guadalajara, explic\u00f3 que el programa Rehabitar la Ciudad tiene como objetivo impulsar el repoblamiento del municipio de esta entidad, ya que la demarcaci\u00f3n se ha visto inmersa en un proceso de expulsi\u00f3n al no poder generar la oferta de vivienda suficiente."},{"@type":"BreadcrumbList","@id":"https:\/\/centrourbano.com\/revista\/vivienda\/repoblar-vivienda-guadalajara\/#breadcrumb","itemListElement":[{"@type":"ListItem","position":1,"name":"Portada","item":"https:\/\/centrourbano.com\/revista\/"},{"@type":"ListItem","position":2,"name":"\u25b6\ufe0fVideo | Impulsar\u00e1n vivienda econ\u00f3mica en Guadalajara"}]},{"@type":"WebSite","@id":"https:\/\/centrourbano.com\/revista\/#website","url":"https:\/\/centrourbano.com\/revista\/","name":"Centro Urbano","description":"Medio especializado en los sectores vivienda, inmobiliario, construcci\u00f3n, arquitectura y urbanismo.","publisher":{"@id":"https:\/\/centrourbano.com\/revista\/#organization"},"potentialAction":[{"@type":"SearchAction","target":{"@type":"EntryPoint","urlTemplate":"https:\/\/centrourbano.com\/revista\/?s={search_term_string}"},"query-input":{"@type":"PropertyValueSpecification","valueRequired":true,"valueName":"search_term_string"}}],"inLanguage":"es"},{"@type":"Organization","@id":"https:\/\/centrourbano.com\/revista\/#organization","name":"Centro Urbano","url":"https:\/\/centrourbano.com\/revista\/","logo":{"@type":"ImageObject","inLanguage":"es","@id":"https:\/\/centrourbano.com\/revista\/#\/schema\/logo\/image\/","url":"https:\/\/centrourbano.com\/revista\/wp-content\/uploads\/web_CU_logo-1.png","contentUrl":"https:\/\/centrourbano.com\/revista\/wp-content\/uploads\/web_CU_logo-1.png","width":350,"height":91,"caption":"Centro Urbano"},"image":{"@id":"https:\/\/centrourbano.com\/revista\/#\/schema\/logo\/image\/"},"sameAs":["https:\/\/www.facebook.com\/portalcentrourbano","https:\/\/x.com\/CentroUrbano","https:\/\/www.instagram.com\/centro_urbano\/","https:\/\/www.linkedin.com\/company\/centro-urbano\/","http:\/\/www.youtube.com\/user\/portalcentrourbano"]},{"@type":"Person","@id":"https:\/\/centrourbano.com\/revista\/#\/schema\/person\/131fd76fa17f4ca2c25c65a74d97c6b6","name":"Edgar Rosas","image":{"@type":"ImageObject","inLanguage":"es","@id":"https:\/\/secure.gravatar.com\/avatar\/94440c4283495211faa5300bf85e80061036b83fced868c3783aa1310b350d9c?s=96&d=mm&r=g","url":"https:\/\/secure.gravatar.com\/avatar\/94440c4283495211faa5300bf85e80061036b83fced868c3783aa1310b350d9c?s=96&d=mm&r=g","contentUrl":"https:\/\/secure.gravatar.com\/avatar\/94440c4283495211faa5300bf85e80061036b83fced868c3783aa1310b350d9c?s=96&d=mm&r=g","caption":"Edgar Rosas"},"description":"Editor en Jefe de Centro Urbano. Egresado de la maestr\u00eda en Periodismo Pol\u00edtico de la Escuela de Periodismo Carlos Septi\u00e9n Garc\u00eda (EPCSG). Estudi\u00f3 la licenciatura en Comunicaci\u00f3n en la Universidad Mexicana. Amante de la cr\u00f3nica y el reportaje. Admirador de Vicente Le\u00f1ero y Miguel \u00c1ngel Granados Chapa.","sameAs":["https:\/\/x.com\/https:\/\/twitter.com\/ERosasCU?s=09"],"url":"https:\/\/centrourbano.com\/revista\/author\/edgar-rosas\/"}]}},"_links":{"self":[{"href":"https:\/\/centrourbano.com\/revista\/wp-json\/wp\/v2\/posts\/95915","targetHints":{"allow":["GET"]}}],"collection":[{"href":"https:\/\/centrourbano.com\/revista\/wp-json\/wp\/v2\/posts"}],"about":[{"href":"https:\/\/centrourbano.com\/revista\/wp-json\/wp\/v2\/types\/post"}],"author":[{"embeddable":true,"href":"https:\/\/centrourbano.com\/revista\/wp-json\/wp\/v2\/users\/47"}],"replies":[{"embeddable":true,"href":"https:\/\/centrourbano.com\/revista\/wp-json\/wp\/v2\/comments?post=95915"}],"version-history":[{"count":4,"href":"https:\/\/centrourbano.com\/revista\/wp-json\/wp\/v2\/posts\/95915\/revisions"}],"predecessor-version":[{"id":95938,"href":"https:\/\/centrourbano.com\/revista\/wp-json\/wp\/v2\/posts\/95915\/revisions\/95938"}],"wp:featuredmedia":[{"embeddable":true,"href":"https:\/\/centrourbano.com\/revista\/wp-json\/wp\/v2\/media\/95927"}],"wp:attachment":[{"href":"https:\/\/centrourbano.com\/revista\/wp-json\/wp\/v2\/media?parent=95915"}],"wp:term":[{"taxonomy":"category","embeddable":true,"href":"https:\/\/centrourbano.com\/revista\/wp-json\/wp\/v2\/categories?post=95915"},{"taxonomy":"post_tag","embeddable":true,"href":"https:\/\/centrourbano.com\/revista\/wp-json\/wp\/v2\/tags?post=95915"}],"curies":[{"name":"wp","href":"https:\/\/api.w.org\/{rel}","templated":true}]}}