{"id":95590,"date":"2019-09-03T14:56:32","date_gmt":"2019-09-03T19:56:32","guid":{"rendered":"https:\/\/centrourbano.com\/?p=95590"},"modified":"2019-09-03T14:56:32","modified_gmt":"2019-09-03T19:56:32","slug":"reto-verde-llega-a-san-jeronimo-para-sembrar-6000-plantas-en-camellon","status":"publish","type":"post","link":"https:\/\/centrourbano.com\/revista\/urbanismo\/reto-verde-llega-a-san-jeronimo-para-sembrar-6000-plantas-en-camellon\/","title":{"rendered":"Reto Verde llega a San Jer\u00f3nimo para sembrar 6,000 plantas en camell\u00f3n"},"content":{"rendered":"<p><em>Este 31 de agosto, la Sedema, diputados locales y federales, y vecinos de la zona de San Jer\u00f3nimo, plantaron 2, 040 plantas. La meta es sembrar 6,000<\/em><!--more--><\/p>\n<p>El pasado s\u00e1bado 31 de agosto, la <strong>Secretar\u00eda del Medio Ambiente (Sedema)<\/strong> de la Ciudad de M\u00e9xico realiz\u00f3 otra jornada del <strong>Reto Verde<\/strong> en <strong>San Jer\u00f3nimo<\/strong>, donde, con apoyo de vecinos y diputados locales y federales, <strong>transformaron un camell\u00f3n de 1,500 m\u00b2<\/strong>, que va de la avenida de las Fuentes a la avenida Paseo del Pedregal en la alcald\u00eda \u00c1lvaro Obreg\u00f3n, <strong>en un jard\u00edn de polinizadores.<\/strong><\/p>\n<p>En total, <strong>fueron sembradas 2,040 plantas<\/strong>: 400 de romero, 680 de lantana morada, 600 de abelia y 360 de lantana camara; y <strong>la meta es sembrar 6,000<\/strong> especies en dicho camell\u00f3n.<\/p>\n<p>Al respecto, <strong>Gustavo Ju\u00e1rez, representante de la Asociaci\u00f3n de Colonos<\/strong>, destac\u00f3: \u00abEstamos debajo de los cables de alta tensi\u00f3n que corren de la ciudad universitaria hacia el perif\u00e9rico, de tal forma que a trav\u00e9s de la Asociaci\u00f3n de Colonos de las calles de Iglesia, avenida San Jer\u00f3nimo, R\u00edo Magdalena, Fraternidad, Canoa y la Otra Banda, hemos realizado una serie de gestiones ante autoridades locales y federales para lograr la plantaci\u00f3n de un gran n\u00famero de especies y que hoy aprendimos son especies polinizadoras\u00bb.<\/p>\n<p>Los vecinos de <strong>San Jer\u00f3nimo<\/strong> se comprometieron a cuidar y preservar este espacio verde, as\u00ed como otros jardines que se ubican en Paseo del Pedregal y Boulevard de la Luz.<\/p>\n<p>\u00abNo solamente se trata de lograr el beneficio en cuanto a la imagen urbana, que en este momento ya se ha logrado, sino a que haya un \u00e1rea permeable para que en \u00e9poca de lluvias podamos tener infiltraci\u00f3n de agua al subsuelo y por la informaci\u00f3n que hemos recibido de la secretaria del Medio Ambiente vamos a transmitir a nuestros vecinos y colonos para que en sus jardines pueda haber una transformaci\u00f3n del pasto que tenemos sembrado por \u00e1reas de especies polinizadoras\u00bb, se\u00f1al\u00f3 <strong>Gustavo Ju\u00e1rez.<\/strong><\/p>\n<p>Por su parte, <strong>Alejandro Tagle, miembro de la Asociaci\u00f3n de Colonos<\/strong>, expres\u00f3: \u00abEsto no habr\u00eda sido posible sin el trabajo conjunto de las autoridades involucradas y los vecinos. Es muy importante que todos los vecinos se involucren un poco m\u00e1s con sus mismas comunidades porque estos proyectos no funcionan si no trabajamos todos juntos\u00bb.<\/p>\n<a href=\"https:\/\/centrourbano.com\/revista\/wp-content\/uploads\/5d6c066d64cf6676261548.jpg\"><img loading=\"lazy\" decoding=\"async\" class=\" wp-image-95592 aligncenter\" src=\"https:\/\/centrourbano.com\/revista\/wp-content\/uploads\/5d6c066d64cf6676261548.jpg\" alt=\"\" width=\"602\" height=\"401\" srcset=\"https:\/\/centrourbano.com\/revista\/wp-content\/uploads\/5d6c066d64cf6676261548.jpg 1280w, https:\/\/centrourbano.com\/revista\/wp-content\/uploads\/5d6c066d64cf6676261548-300x200.jpg 300w, https:\/\/centrourbano.com\/revista\/wp-content\/uploads\/5d6c066d64cf6676261548-768x512.jpg 768w, https:\/\/centrourbano.com\/revista\/wp-content\/uploads\/5d6c066d64cf6676261548-1024x682.jpg 1024w\" sizes=\"auto, (max-width: 602px) 100vw, 602px\" \/><\/a>\n","protected":false},"excerpt":{"rendered":"<p>Este 31 de agosto, la Sedema, diputados locales y federales, y vecinos de la zona de San Jer\u00f3nimo, plantaron 2, 040 plantas. La meta es sembrar 6,000<\/p>\n","protected":false},"author":73,"featured_media":95591,"comment_status":"open","ping_status":"closed","sticky":false,"template":"","format":"standard","meta":{"om_disable_all_campaigns":false,"inline_featured_image":false,"_monsterinsights_skip_tracking":false,"_monsterinsights_sitenote_active":false,"_monsterinsights_sitenote_note":"","_monsterinsights_sitenote_category":0,"footnotes":""},"categories":[82],"tags":[16273,16274,15835,4080,167],"class_list":["post-95590","post","type-post","status-publish","format-standard","has-post-thumbnail","hentry","category-urbanismo","tag-jardin-de-polinizadores","tag-reforestacion-urbana","tag-reto-verde","tag-san-jeronimo","tag-sedema"],"yoast_head":"<!-- This site is optimized with the Yoast SEO plugin v27.4 - https:\/\/yoast.com\/product\/yoast-seo-wordpress\/ -->\n<title>Reto Verde llega a San Jer\u00f3nimo para sembrar 6,000 plantas en camell\u00f3n<\/title>\n<meta name=\"description\" content=\"Este 31 de agosto, la Sedema, diputados locales y federales, y vecinos de la zona de San Jer\u00f3nimo, plantaron 2, 040 plantas. La meta es sembrar 6,000\" \/>\n<meta name=\"robots\" content=\"index, follow, max-snippet:-1, max-image-preview:large, max-video-preview:-1\" \/>\n<link rel=\"canonical\" href=\"https:\/\/centrourbano.com\/revista\/urbanismo\/reto-verde-llega-a-san-jeronimo-para-sembrar-6000-plantas-en-camellon\/\" \/>\n<meta property=\"og:locale\" content=\"es_ES\" \/>\n<meta property=\"og:type\" content=\"article\" \/>\n<meta property=\"og:title\" content=\"Reto Verde llega a San Jer\u00f3nimo para sembrar 6,000 plantas en camell\u00f3n\" \/>\n<meta property=\"og:description\" content=\"Este 31 de agosto, la Sedema, diputados locales y federales, y vecinos de la zona de San Jer\u00f3nimo, plantaron 2, 040 plantas. La meta es sembrar 6,000\" \/>\n<meta property=\"og:url\" content=\"https:\/\/centrourbano.com\/revista\/urbanismo\/reto-verde-llega-a-san-jeronimo-para-sembrar-6000-plantas-en-camellon\/\" \/>\n<meta property=\"og:site_name\" content=\"Centro Urbano\" \/>\n<meta property=\"article:publisher\" content=\"https:\/\/www.facebook.com\/portalcentrourbano\" \/>\n<meta property=\"article:published_time\" content=\"2019-09-03T19:56:32+00:00\" \/>\n<meta property=\"og:image\" content=\"https:\/\/centrourbano.com\/revista\/wp-content\/uploads\/Reto-Verde-llega-a-San-Jer\u00f3nimo-siembran-6000-plantas-en-camell\u00f3n.jpg\" \/>\n\t<meta property=\"og:image:width\" content=\"748\" \/>\n\t<meta property=\"og:image:height\" content=\"499\" \/>\n\t<meta property=\"og:image:type\" content=\"image\/jpeg\" \/>\n<meta name=\"author\" content=\"Fernanda Hern\u00e1ndez\" \/>\n<meta name=\"twitter:card\" content=\"summary_large_image\" \/>\n<meta name=\"twitter:creator\" content=\"@https:\/\/twitter.com\/Nannz_Hernandez\" \/>\n<meta name=\"twitter:site\" content=\"@CentroUrbano\" \/>\n<meta name=\"twitter:label1\" content=\"Escrito por\" \/>\n\t<meta name=\"twitter:data1\" content=\"Fernanda Hern\u00e1ndez\" \/>\n\t<meta name=\"twitter:label2\" content=\"Tiempo de lectura\" \/>\n\t<meta name=\"twitter:data2\" content=\"2 minutos\" \/>\n<script type=\"application\/ld+json\" class=\"yoast-schema-graph\">{\"@context\":\"https:\\\/\\\/schema.org\",\"@graph\":[{\"@type\":\"Article\",\"@id\":\"https:\\\/\\\/centrourbano.com\\\/revista\\\/urbanismo\\\/reto-verde-llega-a-san-jeronimo-para-sembrar-6000-plantas-en-camellon\\\/#article\",\"isPartOf\":{\"@id\":\"https:\\\/\\\/centrourbano.com\\\/revista\\\/urbanismo\\\/reto-verde-llega-a-san-jeronimo-para-sembrar-6000-plantas-en-camellon\\\/\"},\"author\":{\"name\":\"Fernanda Hern\u00e1ndez\",\"@id\":\"https:\\\/\\\/centrourbano.com\\\/revista\\\/#\\\/schema\\\/person\\\/b190b20bbbceb41ec72278c546fa8df3\"},\"headline\":\"Reto Verde llega a San Jer\u00f3nimo para sembrar 6,000 plantas en camell\u00f3n\",\"datePublished\":\"2019-09-03T19:56:32+00:00\",\"mainEntityOfPage\":{\"@id\":\"https:\\\/\\\/centrourbano.com\\\/revista\\\/urbanismo\\\/reto-verde-llega-a-san-jeronimo-para-sembrar-6000-plantas-en-camellon\\\/\"},\"wordCount\":406,\"commentCount\":0,\"publisher\":{\"@id\":\"https:\\\/\\\/centrourbano.com\\\/revista\\\/#organization\"},\"image\":{\"@id\":\"https:\\\/\\\/centrourbano.com\\\/revista\\\/urbanismo\\\/reto-verde-llega-a-san-jeronimo-para-sembrar-6000-plantas-en-camellon\\\/#primaryimage\"},\"thumbnailUrl\":\"https:\\\/\\\/centrourbano.com\\\/revista\\\/wp-content\\\/uploads\\\/Reto-Verde-llega-a-San-Jer\u00f3nimo-siembran-6000-plantas-en-camell\u00f3n.jpg\",\"keywords\":[\"Jard\u00edn de Polinizadores\",\"Reforestaci\u00f3n Urbana\",\"Reto Verde\",\"San Jer\u00f3nimo\",\"Sedema\"],\"articleSection\":[\"Urbanismo\"],\"inLanguage\":\"es\",\"potentialAction\":[{\"@type\":\"CommentAction\",\"name\":\"Comment\",\"target\":[\"https:\\\/\\\/centrourbano.com\\\/revista\\\/urbanismo\\\/reto-verde-llega-a-san-jeronimo-para-sembrar-6000-plantas-en-camellon\\\/#respond\"]}]},{\"@type\":\"WebPage\",\"@id\":\"https:\\\/\\\/centrourbano.com\\\/revista\\\/urbanismo\\\/reto-verde-llega-a-san-jeronimo-para-sembrar-6000-plantas-en-camellon\\\/\",\"url\":\"https:\\\/\\\/centrourbano.com\\\/revista\\\/urbanismo\\\/reto-verde-llega-a-san-jeronimo-para-sembrar-6000-plantas-en-camellon\\\/\",\"name\":\"Reto Verde llega a San Jer\u00f3nimo para sembrar 6,000 plantas en camell\u00f3n\",\"isPartOf\":{\"@id\":\"https:\\\/\\\/centrourbano.com\\\/revista\\\/#website\"},\"primaryImageOfPage\":{\"@id\":\"https:\\\/\\\/centrourbano.com\\\/revista\\\/urbanismo\\\/reto-verde-llega-a-san-jeronimo-para-sembrar-6000-plantas-en-camellon\\\/#primaryimage\"},\"image\":{\"@id\":\"https:\\\/\\\/centrourbano.com\\\/revista\\\/urbanismo\\\/reto-verde-llega-a-san-jeronimo-para-sembrar-6000-plantas-en-camellon\\\/#primaryimage\"},\"thumbnailUrl\":\"https:\\\/\\\/centrourbano.com\\\/revista\\\/wp-content\\\/uploads\\\/Reto-Verde-llega-a-San-Jer\u00f3nimo-siembran-6000-plantas-en-camell\u00f3n.jpg\",\"datePublished\":\"2019-09-03T19:56:32+00:00\",\"description\":\"Este 31 de agosto, la Sedema, diputados locales y federales, y vecinos de la zona de San Jer\u00f3nimo, plantaron 2, 040 plantas. La meta es sembrar 6,000\",\"breadcrumb\":{\"@id\":\"https:\\\/\\\/centrourbano.com\\\/revista\\\/urbanismo\\\/reto-verde-llega-a-san-jeronimo-para-sembrar-6000-plantas-en-camellon\\\/#breadcrumb\"},\"inLanguage\":\"es\",\"potentialAction\":[{\"@type\":\"ReadAction\",\"target\":[\"https:\\\/\\\/centrourbano.com\\\/revista\\\/urbanismo\\\/reto-verde-llega-a-san-jeronimo-para-sembrar-6000-plantas-en-camellon\\\/\"]}]},{\"@type\":\"ImageObject\",\"inLanguage\":\"es\",\"@id\":\"https:\\\/\\\/centrourbano.com\\\/revista\\\/urbanismo\\\/reto-verde-llega-a-san-jeronimo-para-sembrar-6000-plantas-en-camellon\\\/#primaryimage\",\"url\":\"https:\\\/\\\/centrourbano.com\\\/revista\\\/wp-content\\\/uploads\\\/Reto-Verde-llega-a-San-Jer\u00f3nimo-siembran-6000-plantas-en-camell\u00f3n.jpg\",\"contentUrl\":\"https:\\\/\\\/centrourbano.com\\\/revista\\\/wp-content\\\/uploads\\\/Reto-Verde-llega-a-San-Jer\u00f3nimo-siembran-6000-plantas-en-camell\u00f3n.jpg\",\"width\":748,\"height\":499,\"caption\":\"Este 31 de agosto, la Sedema, diputados locales y federales, y vecinos de la zona de San Jer\u00f3nimo, plantaron 2, 040 plantas. La meta es sembrar 6,000\"},{\"@type\":\"BreadcrumbList\",\"@id\":\"https:\\\/\\\/centrourbano.com\\\/revista\\\/urbanismo\\\/reto-verde-llega-a-san-jeronimo-para-sembrar-6000-plantas-en-camellon\\\/#breadcrumb\",\"itemListElement\":[{\"@type\":\"ListItem\",\"position\":1,\"name\":\"Portada\",\"item\":\"https:\\\/\\\/centrourbano.com\\\/revista\\\/\"},{\"@type\":\"ListItem\",\"position\":2,\"name\":\"Reto Verde llega a San Jer\u00f3nimo para sembrar 6,000 plantas en camell\u00f3n\"}]},{\"@type\":\"WebSite\",\"@id\":\"https:\\\/\\\/centrourbano.com\\\/revista\\\/#website\",\"url\":\"https:\\\/\\\/centrourbano.com\\\/revista\\\/\",\"name\":\"Centro Urbano\",\"description\":\"Medio especializado en los sectores vivienda, inmobiliario, construcci\u00f3n, arquitectura y urbanismo.\",\"publisher\":{\"@id\":\"https:\\\/\\\/centrourbano.com\\\/revista\\\/#organization\"},\"potentialAction\":[{\"@type\":\"SearchAction\",\"target\":{\"@type\":\"EntryPoint\",\"urlTemplate\":\"https:\\\/\\\/centrourbano.com\\\/revista\\\/?s={search_term_string}\"},\"query-input\":{\"@type\":\"PropertyValueSpecification\",\"valueRequired\":true,\"valueName\":\"search_term_string\"}}],\"inLanguage\":\"es\"},{\"@type\":\"Organization\",\"@id\":\"https:\\\/\\\/centrourbano.com\\\/revista\\\/#organization\",\"name\":\"Centro Urbano\",\"url\":\"https:\\\/\\\/centrourbano.com\\\/revista\\\/\",\"logo\":{\"@type\":\"ImageObject\",\"inLanguage\":\"es\",\"@id\":\"https:\\\/\\\/centrourbano.com\\\/revista\\\/#\\\/schema\\\/logo\\\/image\\\/\",\"url\":\"https:\\\/\\\/centrourbano.com\\\/revista\\\/wp-content\\\/uploads\\\/web_CU_logo-1.png\",\"contentUrl\":\"https:\\\/\\\/centrourbano.com\\\/revista\\\/wp-content\\\/uploads\\\/web_CU_logo-1.png\",\"width\":350,\"height\":91,\"caption\":\"Centro Urbano\"},\"image\":{\"@id\":\"https:\\\/\\\/centrourbano.com\\\/revista\\\/#\\\/schema\\\/logo\\\/image\\\/\"},\"sameAs\":[\"https:\\\/\\\/www.facebook.com\\\/portalcentrourbano\",\"https:\\\/\\\/x.com\\\/CentroUrbano\",\"https:\\\/\\\/www.instagram.com\\\/centro_urbano\\\/\",\"https:\\\/\\\/www.linkedin.com\\\/company\\\/centro-urbano\\\/\",\"http:\\\/\\\/www.youtube.com\\\/user\\\/portalcentrourbano\"]},{\"@type\":\"Person\",\"@id\":\"https:\\\/\\\/centrourbano.com\\\/revista\\\/#\\\/schema\\\/person\\\/b190b20bbbceb41ec72278c546fa8df3\",\"name\":\"Fernanda Hern\u00e1ndez\",\"image\":{\"@type\":\"ImageObject\",\"inLanguage\":\"es\",\"@id\":\"https:\\\/\\\/secure.gravatar.com\\\/avatar\\\/9471831fb0a24eae9d32d826a7cb8ef07c34a41520aca1a0ab1f5c0903ba49b9?s=96&d=mm&r=g\",\"url\":\"https:\\\/\\\/secure.gravatar.com\\\/avatar\\\/9471831fb0a24eae9d32d826a7cb8ef07c34a41520aca1a0ab1f5c0903ba49b9?s=96&d=mm&r=g\",\"contentUrl\":\"https:\\\/\\\/secure.gravatar.com\\\/avatar\\\/9471831fb0a24eae9d32d826a7cb8ef07c34a41520aca1a0ab1f5c0903ba49b9?s=96&d=mm&r=g\",\"caption\":\"Fernanda Hern\u00e1ndez\"},\"description\":\"Reportera y redactora en Centro Urbano. Soy egresada de la licenciatura en Ciencias de la Comunicaci\u00f3n de la Facultad de Ciencias Pol\u00edticas y Sociales (UNAM). Me interesa la cultura, el urbanismo y la arquitectura. Amante del mundo digital, el cine, la m\u00fasica, la lectura y la escritura.\",\"sameAs\":[\"https:\\\/\\\/x.com\\\/https:\\\/\\\/twitter.com\\\/Nannz_Hernandez\"],\"url\":\"https:\\\/\\\/centrourbano.com\\\/revista\\\/author\\\/fernanda-hernandez\\\/\"}]}<\/script>\n<!-- \/ Yoast SEO plugin. -->","yoast_head_json":{"title":"Reto Verde llega a San Jer\u00f3nimo para sembrar 6,000 plantas en camell\u00f3n","description":"Este 31 de agosto, la Sedema, diputados locales y federales, y vecinos de la zona de San Jer\u00f3nimo, plantaron 2, 040 plantas. La meta es sembrar 6,000","robots":{"index":"index","follow":"follow","max-snippet":"max-snippet:-1","max-image-preview":"max-image-preview:large","max-video-preview":"max-video-preview:-1"},"canonical":"https:\/\/centrourbano.com\/revista\/urbanismo\/reto-verde-llega-a-san-jeronimo-para-sembrar-6000-plantas-en-camellon\/","og_locale":"es_ES","og_type":"article","og_title":"Reto Verde llega a San Jer\u00f3nimo para sembrar 6,000 plantas en camell\u00f3n","og_description":"Este 31 de agosto, la Sedema, diputados locales y federales, y vecinos de la zona de San Jer\u00f3nimo, plantaron 2, 040 plantas. La meta es sembrar 6,000","og_url":"https:\/\/centrourbano.com\/revista\/urbanismo\/reto-verde-llega-a-san-jeronimo-para-sembrar-6000-plantas-en-camellon\/","og_site_name":"Centro Urbano","article_publisher":"https:\/\/www.facebook.com\/portalcentrourbano","article_published_time":"2019-09-03T19:56:32+00:00","og_image":[{"width":748,"height":499,"url":"https:\/\/centrourbano.com\/revista\/wp-content\/uploads\/Reto-Verde-llega-a-San-Jer\u00f3nimo-siembran-6000-plantas-en-camell\u00f3n.jpg","type":"image\/jpeg"}],"author":"Fernanda Hern\u00e1ndez","twitter_card":"summary_large_image","twitter_creator":"@https:\/\/twitter.com\/Nannz_Hernandez","twitter_site":"@CentroUrbano","twitter_misc":{"Escrito por":"Fernanda Hern\u00e1ndez","Tiempo de lectura":"2 minutos"},"schema":{"@context":"https:\/\/schema.org","@graph":[{"@type":"Article","@id":"https:\/\/centrourbano.com\/revista\/urbanismo\/reto-verde-llega-a-san-jeronimo-para-sembrar-6000-plantas-en-camellon\/#article","isPartOf":{"@id":"https:\/\/centrourbano.com\/revista\/urbanismo\/reto-verde-llega-a-san-jeronimo-para-sembrar-6000-plantas-en-camellon\/"},"author":{"name":"Fernanda Hern\u00e1ndez","@id":"https:\/\/centrourbano.com\/revista\/#\/schema\/person\/b190b20bbbceb41ec72278c546fa8df3"},"headline":"Reto Verde llega a San Jer\u00f3nimo para sembrar 6,000 plantas en camell\u00f3n","datePublished":"2019-09-03T19:56:32+00:00","mainEntityOfPage":{"@id":"https:\/\/centrourbano.com\/revista\/urbanismo\/reto-verde-llega-a-san-jeronimo-para-sembrar-6000-plantas-en-camellon\/"},"wordCount":406,"commentCount":0,"publisher":{"@id":"https:\/\/centrourbano.com\/revista\/#organization"},"image":{"@id":"https:\/\/centrourbano.com\/revista\/urbanismo\/reto-verde-llega-a-san-jeronimo-para-sembrar-6000-plantas-en-camellon\/#primaryimage"},"thumbnailUrl":"https:\/\/centrourbano.com\/revista\/wp-content\/uploads\/Reto-Verde-llega-a-San-Jer\u00f3nimo-siembran-6000-plantas-en-camell\u00f3n.jpg","keywords":["Jard\u00edn de Polinizadores","Reforestaci\u00f3n Urbana","Reto Verde","San Jer\u00f3nimo","Sedema"],"articleSection":["Urbanismo"],"inLanguage":"es","potentialAction":[{"@type":"CommentAction","name":"Comment","target":["https:\/\/centrourbano.com\/revista\/urbanismo\/reto-verde-llega-a-san-jeronimo-para-sembrar-6000-plantas-en-camellon\/#respond"]}]},{"@type":"WebPage","@id":"https:\/\/centrourbano.com\/revista\/urbanismo\/reto-verde-llega-a-san-jeronimo-para-sembrar-6000-plantas-en-camellon\/","url":"https:\/\/centrourbano.com\/revista\/urbanismo\/reto-verde-llega-a-san-jeronimo-para-sembrar-6000-plantas-en-camellon\/","name":"Reto Verde llega a San Jer\u00f3nimo para sembrar 6,000 plantas en camell\u00f3n","isPartOf":{"@id":"https:\/\/centrourbano.com\/revista\/#website"},"primaryImageOfPage":{"@id":"https:\/\/centrourbano.com\/revista\/urbanismo\/reto-verde-llega-a-san-jeronimo-para-sembrar-6000-plantas-en-camellon\/#primaryimage"},"image":{"@id":"https:\/\/centrourbano.com\/revista\/urbanismo\/reto-verde-llega-a-san-jeronimo-para-sembrar-6000-plantas-en-camellon\/#primaryimage"},"thumbnailUrl":"https:\/\/centrourbano.com\/revista\/wp-content\/uploads\/Reto-Verde-llega-a-San-Jer\u00f3nimo-siembran-6000-plantas-en-camell\u00f3n.jpg","datePublished":"2019-09-03T19:56:32+00:00","description":"Este 31 de agosto, la Sedema, diputados locales y federales, y vecinos de la zona de San Jer\u00f3nimo, plantaron 2, 040 plantas. La meta es sembrar 6,000","breadcrumb":{"@id":"https:\/\/centrourbano.com\/revista\/urbanismo\/reto-verde-llega-a-san-jeronimo-para-sembrar-6000-plantas-en-camellon\/#breadcrumb"},"inLanguage":"es","potentialAction":[{"@type":"ReadAction","target":["https:\/\/centrourbano.com\/revista\/urbanismo\/reto-verde-llega-a-san-jeronimo-para-sembrar-6000-plantas-en-camellon\/"]}]},{"@type":"ImageObject","inLanguage":"es","@id":"https:\/\/centrourbano.com\/revista\/urbanismo\/reto-verde-llega-a-san-jeronimo-para-sembrar-6000-plantas-en-camellon\/#primaryimage","url":"https:\/\/centrourbano.com\/revista\/wp-content\/uploads\/Reto-Verde-llega-a-San-Jer\u00f3nimo-siembran-6000-plantas-en-camell\u00f3n.jpg","contentUrl":"https:\/\/centrourbano.com\/revista\/wp-content\/uploads\/Reto-Verde-llega-a-San-Jer\u00f3nimo-siembran-6000-plantas-en-camell\u00f3n.jpg","width":748,"height":499,"caption":"Este 31 de agosto, la Sedema, diputados locales y federales, y vecinos de la zona de San Jer\u00f3nimo, plantaron 2, 040 plantas. La meta es sembrar 6,000"},{"@type":"BreadcrumbList","@id":"https:\/\/centrourbano.com\/revista\/urbanismo\/reto-verde-llega-a-san-jeronimo-para-sembrar-6000-plantas-en-camellon\/#breadcrumb","itemListElement":[{"@type":"ListItem","position":1,"name":"Portada","item":"https:\/\/centrourbano.com\/revista\/"},{"@type":"ListItem","position":2,"name":"Reto Verde llega a San Jer\u00f3nimo para sembrar 6,000 plantas en camell\u00f3n"}]},{"@type":"WebSite","@id":"https:\/\/centrourbano.com\/revista\/#website","url":"https:\/\/centrourbano.com\/revista\/","name":"Centro Urbano","description":"Medio especializado en los sectores vivienda, inmobiliario, construcci\u00f3n, arquitectura y urbanismo.","publisher":{"@id":"https:\/\/centrourbano.com\/revista\/#organization"},"potentialAction":[{"@type":"SearchAction","target":{"@type":"EntryPoint","urlTemplate":"https:\/\/centrourbano.com\/revista\/?s={search_term_string}"},"query-input":{"@type":"PropertyValueSpecification","valueRequired":true,"valueName":"search_term_string"}}],"inLanguage":"es"},{"@type":"Organization","@id":"https:\/\/centrourbano.com\/revista\/#organization","name":"Centro Urbano","url":"https:\/\/centrourbano.com\/revista\/","logo":{"@type":"ImageObject","inLanguage":"es","@id":"https:\/\/centrourbano.com\/revista\/#\/schema\/logo\/image\/","url":"https:\/\/centrourbano.com\/revista\/wp-content\/uploads\/web_CU_logo-1.png","contentUrl":"https:\/\/centrourbano.com\/revista\/wp-content\/uploads\/web_CU_logo-1.png","width":350,"height":91,"caption":"Centro Urbano"},"image":{"@id":"https:\/\/centrourbano.com\/revista\/#\/schema\/logo\/image\/"},"sameAs":["https:\/\/www.facebook.com\/portalcentrourbano","https:\/\/x.com\/CentroUrbano","https:\/\/www.instagram.com\/centro_urbano\/","https:\/\/www.linkedin.com\/company\/centro-urbano\/","http:\/\/www.youtube.com\/user\/portalcentrourbano"]},{"@type":"Person","@id":"https:\/\/centrourbano.com\/revista\/#\/schema\/person\/b190b20bbbceb41ec72278c546fa8df3","name":"Fernanda Hern\u00e1ndez","image":{"@type":"ImageObject","inLanguage":"es","@id":"https:\/\/secure.gravatar.com\/avatar\/9471831fb0a24eae9d32d826a7cb8ef07c34a41520aca1a0ab1f5c0903ba49b9?s=96&d=mm&r=g","url":"https:\/\/secure.gravatar.com\/avatar\/9471831fb0a24eae9d32d826a7cb8ef07c34a41520aca1a0ab1f5c0903ba49b9?s=96&d=mm&r=g","contentUrl":"https:\/\/secure.gravatar.com\/avatar\/9471831fb0a24eae9d32d826a7cb8ef07c34a41520aca1a0ab1f5c0903ba49b9?s=96&d=mm&r=g","caption":"Fernanda Hern\u00e1ndez"},"description":"Reportera y redactora en Centro Urbano. Soy egresada de la licenciatura en Ciencias de la Comunicaci\u00f3n de la Facultad de Ciencias Pol\u00edticas y Sociales (UNAM). Me interesa la cultura, el urbanismo y la arquitectura. Amante del mundo digital, el cine, la m\u00fasica, la lectura y la escritura.","sameAs":["https:\/\/x.com\/https:\/\/twitter.com\/Nannz_Hernandez"],"url":"https:\/\/centrourbano.com\/revista\/author\/fernanda-hernandez\/"}]}},"_links":{"self":[{"href":"https:\/\/centrourbano.com\/revista\/wp-json\/wp\/v2\/posts\/95590","targetHints":{"allow":["GET"]}}],"collection":[{"href":"https:\/\/centrourbano.com\/revista\/wp-json\/wp\/v2\/posts"}],"about":[{"href":"https:\/\/centrourbano.com\/revista\/wp-json\/wp\/v2\/types\/post"}],"author":[{"embeddable":true,"href":"https:\/\/centrourbano.com\/revista\/wp-json\/wp\/v2\/users\/73"}],"replies":[{"embeddable":true,"href":"https:\/\/centrourbano.com\/revista\/wp-json\/wp\/v2\/comments?post=95590"}],"version-history":[{"count":2,"href":"https:\/\/centrourbano.com\/revista\/wp-json\/wp\/v2\/posts\/95590\/revisions"}],"predecessor-version":[{"id":95628,"href":"https:\/\/centrourbano.com\/revista\/wp-json\/wp\/v2\/posts\/95590\/revisions\/95628"}],"wp:featuredmedia":[{"embeddable":true,"href":"https:\/\/centrourbano.com\/revista\/wp-json\/wp\/v2\/media\/95591"}],"wp:attachment":[{"href":"https:\/\/centrourbano.com\/revista\/wp-json\/wp\/v2\/media?parent=95590"}],"wp:term":[{"taxonomy":"category","embeddable":true,"href":"https:\/\/centrourbano.com\/revista\/wp-json\/wp\/v2\/categories?post=95590"},{"taxonomy":"post_tag","embeddable":true,"href":"https:\/\/centrourbano.com\/revista\/wp-json\/wp\/v2\/tags?post=95590"}],"curies":[{"name":"wp","href":"https:\/\/api.w.org\/{rel}","templated":true}]}}