{"id":9542,"date":"2014-08-11T11:38:17","date_gmt":"2014-08-11T16:38:17","guid":{"rendered":"http:\/\/centrourbano.com\/?p=9542"},"modified":"2014-08-11T11:38:17","modified_gmt":"2014-08-11T16:38:17","slug":"el-df-y-bogota-firman-convenio-en-materia-de-movilidad","status":"publish","type":"post","link":"https:\/\/centrourbano.com\/revista\/urbanismo\/el-df-y-bogota-firman-convenio-en-materia-de-movilidad\/","title":{"rendered":"El DF y Bogot\u00e1 firman convenio en materia de movilidad"},"content":{"rendered":"<p>&nbsp;<\/p>\n<p><em>Se adquiri\u00f3 el compromiso de trabajar en conjunto para beneficio de ambas ciudades<\/em><!--more--><\/p>\n<p>Tras haber participado en la Cumbre de Ciudades L\u00edderes en Movilidad Sustentable en Am\u00e9rica Latina y con el compromiso de establecer las prioridades y temas estrat\u00e9gicos como miembros de la Red de ciudades Suramericanas (Redcisur), el jefe de Gobierno, Miguel \u00c1ngel Mancera, se reuni\u00f3 con el Alcalde de Bogot\u00e1, Colombia, Gustavo Petro, para firmar un convenio en materia de transporte, movilidad, vialidad, desarrollo urbano, medio ambiente, salud y relaciones internacionales.<\/p>\n<p>En la firma del convenio, realizada en el Palacio Municipal de Lima Per\u00fa, y durante la gira de trabajo del jefe de Gobierno capitalino, qued\u00f3 suscrito que los gobiernos de ambas entidades, se comprometen a establecer planes dirigidos a promover la cooperaci\u00f3n t\u00e9cnica, operativa, el intercambio de informaci\u00f3n, as\u00ed como las experiencias entre ambos Gobiernos locales.<\/p>\n<p>Tambi\u00e9n se llev\u00f3 a cabo la ratificaci\u00f3n del Convenio de Hermanamiento entre la ciudad de M\u00e9xico y Quito, Ecuador. Tanto Mancera como Mauricio Rodas, alcalde de Quito, se comprometieron a identificar los mecanismos que permitan reforzar los espacios de colaboraci\u00f3n entra ambas ciudades, mediante la firma de un convenio de cooperaci\u00f3n t\u00e9cnica en noviembre pr\u00f3ximo.<\/p>\n<p>&nbsp;<\/p>\n","protected":false},"excerpt":{"rendered":"<p>&nbsp; Se adquiri\u00f3 el compromiso de trabajar en conjunto para beneficio de ambas ciudades<\/p>\n","protected":false},"author":77,"featured_media":0,"comment_status":"open","ping_status":"closed","sticky":false,"template":"","format":"standard","meta":{"inline_featured_image":false,"footnotes":""},"categories":[82],"tags":[2160,606,146,232,2465,2464,587,487,2463,967,39,959],"class_list":["post-9542","post","type-post","status-publish","format-standard","hentry","category-urbanismo","tag-bogota","tag-cdmx","tag-desarrollo-urbano","tag-df","tag-gustavo-petro","tag-mauricio-rodas","tag-medio-ambiente","tag-movilidad","tag-quito","tag-salud","tag-transporte","tag-vialidad"],"yoast_head":"<!-- This site is optimized with the Yoast SEO plugin v28.4 - https:\/\/yoast.com\/product\/yoast-seo-wordpress\/ -->\n<title>El DF y Bogot\u00e1 firman convenio en materia de movilidad -<\/title>\n<meta name=\"description\" content=\"&nbsp; Se adquiri\u00f3 el compromiso de trabajar en conjunto para beneficio de ambas ciudades Tras haber participado en la Cumbre de Ciudades L\u00edderes en\" \/>\n<meta name=\"robots\" content=\"index, follow, max-snippet:-1, max-image-preview:large, max-video-preview:-1\" \/>\n<link rel=\"canonical\" href=\"https:\/\/centrourbano.com\/revista\/urbanismo\/el-df-y-bogota-firman-convenio-en-materia-de-movilidad\/\" \/>\n<meta property=\"og:locale\" content=\"es_ES\" \/>\n<meta property=\"og:type\" content=\"article\" \/>\n<meta property=\"og:title\" content=\"El DF y Bogot\u00e1 firman convenio en materia de movilidad -\" \/>\n<meta property=\"og:description\" content=\"&nbsp; Se adquiri\u00f3 el compromiso de trabajar en conjunto para beneficio de ambas ciudades Tras haber participado en la Cumbre de Ciudades L\u00edderes en\" \/>\n<meta property=\"og:url\" content=\"https:\/\/centrourbano.com\/revista\/urbanismo\/el-df-y-bogota-firman-convenio-en-materia-de-movilidad\/\" \/>\n<meta property=\"og:site_name\" content=\"Centro Urbano\" \/>\n<meta property=\"article:publisher\" content=\"https:\/\/www.facebook.com\/portalcentrourbano\" \/>\n<meta property=\"article:published_time\" content=\"2014-08-11T16:38:17+00:00\" \/>\n<meta property=\"og:image\" content=\"https:\/\/centrourbano.com\/revista\/wp-content\/uploads\/CU-logo.png\" \/>\n\t<meta property=\"og:image:width\" content=\"350\" \/>\n\t<meta property=\"og:image:height\" content=\"91\" \/>\n\t<meta property=\"og:image:type\" content=\"image\/png\" \/>\n<meta name=\"author\" content=\"G4A\" \/>\n<meta name=\"twitter:card\" content=\"summary_large_image\" \/>\n<meta name=\"twitter:creator\" content=\"@CentroUrbano\" \/>\n<meta name=\"twitter:site\" content=\"@CentroUrbano\" \/>\n<meta name=\"twitter:label1\" content=\"Escrito por\" \/>\n\t<meta name=\"twitter:data1\" content=\"G4A\" \/>\n\t<meta name=\"twitter:label2\" content=\"Tiempo de lectura\" \/>\n\t<meta name=\"twitter:data2\" content=\"1 minuto\" \/>\n<script type=\"application\/ld+json\" class=\"yoast-schema-graph\">{\"@context\":\"https:\\\/\\\/schema.org\",\"@graph\":[{\"@type\":\"Article\",\"@id\":\"https:\\\/\\\/centrourbano.com\\\/revista\\\/urbanismo\\\/el-df-y-bogota-firman-convenio-en-materia-de-movilidad\\\/#article\",\"isPartOf\":{\"@id\":\"https:\\\/\\\/centrourbano.com\\\/revista\\\/urbanismo\\\/el-df-y-bogota-firman-convenio-en-materia-de-movilidad\\\/\"},\"author\":{\"name\":\"G4A\",\"@id\":\"https:\\\/\\\/centrourbano.com\\\/revista\\\/#\\\/schema\\\/person\\\/370fa0ba2d8dd5bde3fdb8b62ad360aa\"},\"headline\":\"El DF y Bogot\u00e1 firman convenio en materia de movilidad\",\"datePublished\":\"2014-08-11T16:38:17+00:00\",\"mainEntityOfPage\":{\"@id\":\"https:\\\/\\\/centrourbano.com\\\/revista\\\/urbanismo\\\/el-df-y-bogota-firman-convenio-en-materia-de-movilidad\\\/\"},\"wordCount\":219,\"commentCount\":0,\"publisher\":{\"@id\":\"https:\\\/\\\/centrourbano.com\\\/revista\\\/#organization\"},\"keywords\":[\"Bogot\u00e1\",\"CDMX\",\"Desarrollo urbano\",\"DF\",\"Gustavo Petro\",\"Mauricio Rodas\",\"Medio ambiente\",\"movilidad\",\"Quito\",\"salud\",\"transporte\",\"Vialidad\"],\"articleSection\":[\"Urbanismo\"],\"inLanguage\":\"es\"},{\"@type\":\"WebPage\",\"@id\":\"https:\\\/\\\/centrourbano.com\\\/revista\\\/urbanismo\\\/el-df-y-bogota-firman-convenio-en-materia-de-movilidad\\\/\",\"url\":\"https:\\\/\\\/centrourbano.com\\\/revista\\\/urbanismo\\\/el-df-y-bogota-firman-convenio-en-materia-de-movilidad\\\/\",\"name\":\"El DF y Bogot\u00e1 firman convenio en materia de movilidad -\",\"isPartOf\":{\"@id\":\"https:\\\/\\\/centrourbano.com\\\/revista\\\/#website\"},\"datePublished\":\"2014-08-11T16:38:17+00:00\",\"description\":\"&nbsp; Se adquiri\u00f3 el compromiso de trabajar en conjunto para beneficio de ambas ciudades Tras haber participado en la Cumbre de Ciudades L\u00edderes en\",\"breadcrumb\":{\"@id\":\"https:\\\/\\\/centrourbano.com\\\/revista\\\/urbanismo\\\/el-df-y-bogota-firman-convenio-en-materia-de-movilidad\\\/#breadcrumb\"},\"inLanguage\":\"es\",\"potentialAction\":[{\"@type\":\"ReadAction\",\"target\":[\"https:\\\/\\\/centrourbano.com\\\/revista\\\/urbanismo\\\/el-df-y-bogota-firman-convenio-en-materia-de-movilidad\\\/\"]}]},{\"@type\":\"BreadcrumbList\",\"@id\":\"https:\\\/\\\/centrourbano.com\\\/revista\\\/urbanismo\\\/el-df-y-bogota-firman-convenio-en-materia-de-movilidad\\\/#breadcrumb\",\"itemListElement\":[{\"@type\":\"ListItem\",\"position\":1,\"name\":\"Portada\",\"item\":\"https:\\\/\\\/centrourbano.com\\\/revista\\\/\"},{\"@type\":\"ListItem\",\"position\":2,\"name\":\"El DF y Bogot\u00e1 firman convenio en materia de movilidad\"}]},{\"@type\":\"WebSite\",\"@id\":\"https:\\\/\\\/centrourbano.com\\\/revista\\\/#website\",\"url\":\"https:\\\/\\\/centrourbano.com\\\/revista\\\/\",\"name\":\"Centro Urbano\",\"description\":\"Medio especializado en los sectores vivienda, inmobiliario, construcci\u00f3n, arquitectura y urbanismo.\",\"publisher\":{\"@id\":\"https:\\\/\\\/centrourbano.com\\\/revista\\\/#organization\"},\"potentialAction\":[{\"@type\":\"SearchAction\",\"target\":{\"@type\":\"EntryPoint\",\"urlTemplate\":\"https:\\\/\\\/centrourbano.com\\\/revista\\\/?s={search_term_string}\"},\"query-input\":{\"@type\":\"PropertyValueSpecification\",\"valueRequired\":true,\"valueName\":\"search_term_string\"}}],\"inLanguage\":\"es\"},{\"@type\":\"Organization\",\"@id\":\"https:\\\/\\\/centrourbano.com\\\/revista\\\/#organization\",\"name\":\"Centro Urbano\",\"url\":\"https:\\\/\\\/centrourbano.com\\\/revista\\\/\",\"logo\":{\"@type\":\"ImageObject\",\"inLanguage\":\"es\",\"@id\":\"https:\\\/\\\/centrourbano.com\\\/revista\\\/#\\\/schema\\\/logo\\\/image\\\/\",\"url\":\"https:\\\/\\\/centrourbano.com\\\/revista\\\/wp-content\\\/uploads\\\/web_CU_logo-1.png\",\"contentUrl\":\"https:\\\/\\\/centrourbano.com\\\/revista\\\/wp-content\\\/uploads\\\/web_CU_logo-1.png\",\"width\":350,\"height\":91,\"caption\":\"Centro Urbano\"},\"image\":{\"@id\":\"https:\\\/\\\/centrourbano.com\\\/revista\\\/#\\\/schema\\\/logo\\\/image\\\/\"},\"sameAs\":[\"https:\\\/\\\/www.facebook.com\\\/portalcentrourbano\",\"https:\\\/\\\/x.com\\\/CentroUrbano\",\"https:\\\/\\\/www.instagram.com\\\/centro_urbano\\\/\",\"https:\\\/\\\/www.linkedin.com\\\/company\\\/centro-urbano\\\/\",\"http:\\\/\\\/www.youtube.com\\\/user\\\/portalcentrourbano\"]},{\"@type\":\"Person\",\"@id\":\"https:\\\/\\\/centrourbano.com\\\/revista\\\/#\\\/schema\\\/person\\\/370fa0ba2d8dd5bde3fdb8b62ad360aa\",\"name\":\"G4A\",\"image\":{\"@type\":\"ImageObject\",\"inLanguage\":\"es\",\"@id\":\"https:\\\/\\\/secure.gravatar.com\\\/avatar\\\/932a97121b13d5de5bbd8193c6c83d3b92c9eda0f39623607d4280e7a5778d97?s=96&d=mm&r=g\",\"url\":\"https:\\\/\\\/secure.gravatar.com\\\/avatar\\\/932a97121b13d5de5bbd8193c6c83d3b92c9eda0f39623607d4280e7a5778d97?s=96&d=mm&r=g\",\"contentUrl\":\"https:\\\/\\\/secure.gravatar.com\\\/avatar\\\/932a97121b13d5de5bbd8193c6c83d3b92c9eda0f39623607d4280e7a5778d97?s=96&d=mm&r=g\",\"caption\":\"G4A\"},\"url\":\"https:\\\/\\\/centrourbano.com\\\/revista\\\/author\\\/admin-g4a\\\/\"}]}<\/script>\n<!-- \/ Yoast SEO plugin. -->","yoast_head_json":{"title":"El DF y Bogot\u00e1 firman convenio en materia de movilidad -","description":"&nbsp; Se adquiri\u00f3 el compromiso de trabajar en conjunto para beneficio de ambas ciudades Tras haber participado en la Cumbre de Ciudades L\u00edderes en","robots":{"index":"index","follow":"follow","max-snippet":"max-snippet:-1","max-image-preview":"max-image-preview:large","max-video-preview":"max-video-preview:-1"},"canonical":"https:\/\/centrourbano.com\/revista\/urbanismo\/el-df-y-bogota-firman-convenio-en-materia-de-movilidad\/","og_locale":"es_ES","og_type":"article","og_title":"El DF y Bogot\u00e1 firman convenio en materia de movilidad -","og_description":"&nbsp; Se adquiri\u00f3 el compromiso de trabajar en conjunto para beneficio de ambas ciudades Tras haber participado en la Cumbre de Ciudades L\u00edderes en","og_url":"https:\/\/centrourbano.com\/revista\/urbanismo\/el-df-y-bogota-firman-convenio-en-materia-de-movilidad\/","og_site_name":"Centro Urbano","article_publisher":"https:\/\/www.facebook.com\/portalcentrourbano","article_published_time":"2014-08-11T16:38:17+00:00","og_image":[{"width":350,"height":91,"url":"https:\/\/centrourbano.com\/revista\/wp-content\/uploads\/CU-logo.png","type":"image\/png"}],"author":"G4A","twitter_card":"summary_large_image","twitter_creator":"@CentroUrbano","twitter_site":"@CentroUrbano","twitter_misc":{"Escrito por":"G4A","Tiempo de lectura":"1 minuto"},"schema":{"@context":"https:\/\/schema.org","@graph":[{"@type":"Article","@id":"https:\/\/centrourbano.com\/revista\/urbanismo\/el-df-y-bogota-firman-convenio-en-materia-de-movilidad\/#article","isPartOf":{"@id":"https:\/\/centrourbano.com\/revista\/urbanismo\/el-df-y-bogota-firman-convenio-en-materia-de-movilidad\/"},"author":{"name":"G4A","@id":"https:\/\/centrourbano.com\/revista\/#\/schema\/person\/370fa0ba2d8dd5bde3fdb8b62ad360aa"},"headline":"El DF y Bogot\u00e1 firman convenio en materia de movilidad","datePublished":"2014-08-11T16:38:17+00:00","mainEntityOfPage":{"@id":"https:\/\/centrourbano.com\/revista\/urbanismo\/el-df-y-bogota-firman-convenio-en-materia-de-movilidad\/"},"wordCount":219,"commentCount":0,"publisher":{"@id":"https:\/\/centrourbano.com\/revista\/#organization"},"keywords":["Bogot\u00e1","CDMX","Desarrollo urbano","DF","Gustavo Petro","Mauricio Rodas","Medio ambiente","movilidad","Quito","salud","transporte","Vialidad"],"articleSection":["Urbanismo"],"inLanguage":"es"},{"@type":"WebPage","@id":"https:\/\/centrourbano.com\/revista\/urbanismo\/el-df-y-bogota-firman-convenio-en-materia-de-movilidad\/","url":"https:\/\/centrourbano.com\/revista\/urbanismo\/el-df-y-bogota-firman-convenio-en-materia-de-movilidad\/","name":"El DF y Bogot\u00e1 firman convenio en materia de movilidad -","isPartOf":{"@id":"https:\/\/centrourbano.com\/revista\/#website"},"datePublished":"2014-08-11T16:38:17+00:00","description":"&nbsp; Se adquiri\u00f3 el compromiso de trabajar en conjunto para beneficio de ambas ciudades Tras haber participado en la Cumbre de Ciudades L\u00edderes en","breadcrumb":{"@id":"https:\/\/centrourbano.com\/revista\/urbanismo\/el-df-y-bogota-firman-convenio-en-materia-de-movilidad\/#breadcrumb"},"inLanguage":"es","potentialAction":[{"@type":"ReadAction","target":["https:\/\/centrourbano.com\/revista\/urbanismo\/el-df-y-bogota-firman-convenio-en-materia-de-movilidad\/"]}]},{"@type":"BreadcrumbList","@id":"https:\/\/centrourbano.com\/revista\/urbanismo\/el-df-y-bogota-firman-convenio-en-materia-de-movilidad\/#breadcrumb","itemListElement":[{"@type":"ListItem","position":1,"name":"Portada","item":"https:\/\/centrourbano.com\/revista\/"},{"@type":"ListItem","position":2,"name":"El DF y Bogot\u00e1 firman convenio en materia de movilidad"}]},{"@type":"WebSite","@id":"https:\/\/centrourbano.com\/revista\/#website","url":"https:\/\/centrourbano.com\/revista\/","name":"Centro Urbano","description":"Medio especializado en los sectores vivienda, inmobiliario, construcci\u00f3n, arquitectura y urbanismo.","publisher":{"@id":"https:\/\/centrourbano.com\/revista\/#organization"},"potentialAction":[{"@type":"SearchAction","target":{"@type":"EntryPoint","urlTemplate":"https:\/\/centrourbano.com\/revista\/?s={search_term_string}"},"query-input":{"@type":"PropertyValueSpecification","valueRequired":true,"valueName":"search_term_string"}}],"inLanguage":"es"},{"@type":"Organization","@id":"https:\/\/centrourbano.com\/revista\/#organization","name":"Centro Urbano","url":"https:\/\/centrourbano.com\/revista\/","logo":{"@type":"ImageObject","inLanguage":"es","@id":"https:\/\/centrourbano.com\/revista\/#\/schema\/logo\/image\/","url":"https:\/\/centrourbano.com\/revista\/wp-content\/uploads\/web_CU_logo-1.png","contentUrl":"https:\/\/centrourbano.com\/revista\/wp-content\/uploads\/web_CU_logo-1.png","width":350,"height":91,"caption":"Centro Urbano"},"image":{"@id":"https:\/\/centrourbano.com\/revista\/#\/schema\/logo\/image\/"},"sameAs":["https:\/\/www.facebook.com\/portalcentrourbano","https:\/\/x.com\/CentroUrbano","https:\/\/www.instagram.com\/centro_urbano\/","https:\/\/www.linkedin.com\/company\/centro-urbano\/","http:\/\/www.youtube.com\/user\/portalcentrourbano"]},{"@type":"Person","@id":"https:\/\/centrourbano.com\/revista\/#\/schema\/person\/370fa0ba2d8dd5bde3fdb8b62ad360aa","name":"G4A","image":{"@type":"ImageObject","inLanguage":"es","@id":"https:\/\/secure.gravatar.com\/avatar\/932a97121b13d5de5bbd8193c6c83d3b92c9eda0f39623607d4280e7a5778d97?s=96&d=mm&r=g","url":"https:\/\/secure.gravatar.com\/avatar\/932a97121b13d5de5bbd8193c6c83d3b92c9eda0f39623607d4280e7a5778d97?s=96&d=mm&r=g","contentUrl":"https:\/\/secure.gravatar.com\/avatar\/932a97121b13d5de5bbd8193c6c83d3b92c9eda0f39623607d4280e7a5778d97?s=96&d=mm&r=g","caption":"G4A"},"url":"https:\/\/centrourbano.com\/revista\/author\/admin-g4a\/"}]}},"_links":{"self":[{"href":"https:\/\/centrourbano.com\/revista\/wp-json\/wp\/v2\/posts\/9542","targetHints":{"allow":["GET"]}}],"collection":[{"href":"https:\/\/centrourbano.com\/revista\/wp-json\/wp\/v2\/posts"}],"about":[{"href":"https:\/\/centrourbano.com\/revista\/wp-json\/wp\/v2\/types\/post"}],"author":[{"embeddable":true,"href":"https:\/\/centrourbano.com\/revista\/wp-json\/wp\/v2\/users\/77"}],"replies":[{"embeddable":true,"href":"https:\/\/centrourbano.com\/revista\/wp-json\/wp\/v2\/comments?post=9542"}],"version-history":[{"count":0,"href":"https:\/\/centrourbano.com\/revista\/wp-json\/wp\/v2\/posts\/9542\/revisions"}],"wp:attachment":[{"href":"https:\/\/centrourbano.com\/revista\/wp-json\/wp\/v2\/media?parent=9542"}],"wp:term":[{"taxonomy":"category","embeddable":true,"href":"https:\/\/centrourbano.com\/revista\/wp-json\/wp\/v2\/categories?post=9542"},{"taxonomy":"post_tag","embeddable":true,"href":"https:\/\/centrourbano.com\/revista\/wp-json\/wp\/v2\/tags?post=9542"}],"curies":[{"name":"wp","href":"https:\/\/api.w.org\/{rel}","templated":true}]}}