{"id":95308,"date":"2019-08-23T14:40:24","date_gmt":"2019-08-23T19:40:24","guid":{"rendered":"https:\/\/centrourbano.com\/?p=95308"},"modified":"2019-08-26T15:06:32","modified_gmt":"2019-08-26T20:06:32","slug":"san-luis-la-ciudad-color-rosa","status":"publish","type":"post","link":"https:\/\/centrourbano.com\/revista\/opinion\/blog-desde-centro-urbano\/san-luis-la-ciudad-color-rosa\/","title":{"rendered":"San Luis, la ciudad color rosa"},"content":{"rendered":"<p><em>El estado me sorprendi\u00f3 por la riqueza de su gastronom\u00eda, artesan\u00edas, tradiciones y costumbres, as\u00ed como su espectacular arquitectura. \u00a0<\/em><!--more--><\/p>\n<p>Viajar siempre es un aventura sin importar el destino. A la mayor\u00eda de las personas nos gusta conocer nuevos lugares, aunque no se pueda hacer frecuentemente, ya sea por tiempo o presupuesto.<\/p>\n<p>Por lo que aproveche un fin de semana para escaparme a <strong>San Luis Potos\u00ed<\/strong>, y salir de mi rutina. He de confesar que el estado me sorprendi\u00f3 por la riqueza de su gastronom\u00eda, artesan\u00edas, tradiciones y costumbres, as\u00ed como su espectacular arquitectura.<\/p>\n<p>El primer lugar que visit\u00e9 fue el <strong>Museo del Ferrocarril Jes\u00fas Garc\u00eda Corona (FFGC),<\/strong> est\u00e9 lugar abre sus puertas del 12 de agosto de 2019, por lo que se encuentra celebrando 10 a\u00f1os de resaltar la tradici\u00f3n hist\u00f3rica de lo que anteriormente fue la Antigua Estaci\u00f3n del Ferrocarril.<\/p>\n<a href=\"https:\/\/centrourbano.com\/revista\/wp-content\/uploads\/IMG-8883.jpg\"><img loading=\"lazy\" decoding=\"async\" class=\"size-medium wp-image-95310 alignleft\" src=\"https:\/\/centrourbano.com\/revista\/wp-content\/uploads\/IMG-8883-300x225.jpg\" alt=\"\" width=\"300\" height=\"225\" srcset=\"https:\/\/centrourbano.com\/revista\/wp-content\/uploads\/IMG-8883-300x225.jpg 300w, https:\/\/centrourbano.com\/revista\/wp-content\/uploads\/IMG-8883-768x576.jpg 768w, https:\/\/centrourbano.com\/revista\/wp-content\/uploads\/IMG-8883-1024x768.jpg 1024w, https:\/\/centrourbano.com\/revista\/wp-content\/uploads\/IMG-8883-100x75.jpg 100w, https:\/\/centrourbano.com\/revista\/wp-content\/uploads\/IMG-8883.jpg 1280w\" sizes=\"auto, (max-width: 300px) 100vw, 300px\" \/><\/a>\n<p>El patio trasero de esta antigua estaci\u00f3n resguarda los andenes donde los pasajeros sol\u00edan abordar el tren. Actualmente podemos observar los vagones de cada una de las clases por las que era posible viajar a cuatro destinos: Monterrey, Guadalajara, M\u00e9xico y Tampico.<\/p>\n<p>La arquitectura <strong>Art de Co<\/strong> de este edificio nos transporta a la d\u00e9cada de los 40\u00b4s, ya que en su interior est\u00e1n plasmados dos murales con la evoluci\u00f3n del ferrocarril, cuando viajar era una aventura que no todos podr\u00edan experimentar.<\/p>\n<p>Al caminar unas cuadras, con exactitud unas 4 cuadras, se encuentra la <strong>Plaza del Carmen<\/strong>, uno de los lugares m\u00e1s tradicionales de la Ciudad Potosina; ah\u00ed disfrut\u00e9 de peque\u00f1os espect\u00e1culos de mimos, payasos y m\u00fasicos.<\/p>\n<p>Es una explanada adornada con arboles, bancas, una fuente central de bronce en forma de concha ovalada sostenida por varios peces, y una escultura llamada llamada <strong>Monumento al Padre<\/strong>. Est\u00e1 rodeada por el <strong>Templo del Carmen<\/strong>, el <strong>Museo del Virreinato<\/strong>, el <strong>Teatro de la Paz<\/strong> y el <strong>Museo Nacional de la M\u00e1scara<\/strong>.<a href=\"https:\/\/centrourbano.com\/revista\/wp-content\/uploads\/templodelcarmen.jpg\"><img loading=\"lazy\" decoding=\"async\" class=\" wp-image-95311 alignright\" src=\"https:\/\/centrourbano.com\/revista\/wp-content\/uploads\/templodelcarmen-300x225.jpg\" alt=\"\" width=\"324\" height=\"243\" srcset=\"https:\/\/centrourbano.com\/revista\/wp-content\/uploads\/templodelcarmen-300x225.jpg 300w, https:\/\/centrourbano.com\/revista\/wp-content\/uploads\/templodelcarmen-768x576.jpg 768w, https:\/\/centrourbano.com\/revista\/wp-content\/uploads\/templodelcarmen-100x75.jpg 100w, https:\/\/centrourbano.com\/revista\/wp-content\/uploads\/templodelcarmen.jpg 800w\" sizes=\"auto, (max-width: 324px) 100vw, 324px\" \/><\/a><\/p>\n<p><strong>Dato Curioso\u2026<\/strong>Durante la Semana Santa se convierte en un centro de gran a atracci\u00f3n, ya que es aqu\u00ed donde se realiza la m\u00edstica Procesi\u00f3n del Silencio. Adem\u00e1s, su dise\u00f1o estuvo a cargo de los arquitectos Cossio, Algara y Garfias.<\/p>\n<p>Despu\u00e9s, avance por un callej\u00f3n muy estrecho, el cu\u00e1l me llevo a la plaza central de la capital, mejor conocida como <strong>Plaza de Armas<\/strong>. A su alrededor se encuentra la <strong>Catedral Metropolitana<\/strong>, el <strong>Palacio Municipal y de Gobierno<\/strong>, as\u00ed como el <strong>edificio del Congreso Legislativo<\/strong> y varios establecimientos comerciales.<\/p>\n<p>En el centro de la plaza se levanta un Kiosco octagonal de pesada y fr\u00eda piedra de cantera rosa que fue inaugurado en 1948.<\/p>\n<p><strong><a href=\"https:\/\/centrourbano.com\/revista\/wp-content\/uploads\/479B33CA-7B27-4FBF-93BB-BBCF8E7E90A8.jpg\"><img loading=\"lazy\" decoding=\"async\" class=\"size-medium wp-image-95313 alignleft\" src=\"https:\/\/centrourbano.com\/revista\/wp-content\/uploads\/479B33CA-7B27-4FBF-93BB-BBCF8E7E90A8-241x300.jpg\" alt=\"\" width=\"241\" height=\"300\" srcset=\"https:\/\/centrourbano.com\/revista\/wp-content\/uploads\/479B33CA-7B27-4FBF-93BB-BBCF8E7E90A8-241x300.jpg 241w, https:\/\/centrourbano.com\/revista\/wp-content\/uploads\/479B33CA-7B27-4FBF-93BB-BBCF8E7E90A8-768x957.jpg 768w, https:\/\/centrourbano.com\/revista\/wp-content\/uploads\/479B33CA-7B27-4FBF-93BB-BBCF8E7E90A8-822x1024.jpg 822w, https:\/\/centrourbano.com\/revista\/wp-content\/uploads\/479B33CA-7B27-4FBF-93BB-BBCF8E7E90A8.jpg 1440w\" sizes=\"auto, (max-width: 241px) 100vw, 241px\" \/><\/a><\/strong><\/p>\n<p>&nbsp;<\/p>\n<p><strong>Dato Curioso\u2026<\/strong> El friso ostenta los nombres de grandes m\u00fasicos mexicanos: Miguel Lerdo de Tejada, Alfonso Esparza Oteo, Genaro Godina, Ignacio Fern\u00e1ndez Esper\u00f3n, Guty C\u00e1rdenas, Mario Talavera, Juli\u00e1n Carrillo y Manuel M. Ponce.<\/p>\n<p>De ah\u00ed, como buen tur\u00edstica que desconoce, se me ocurri\u00f3 tomar el Tranv\u00eda Tur\u00edstico San Luis Rey para dar un tour por el centro hist\u00f3rico y acercarme a los museos m\u00e1s emblem\u00e1ticos del estado.<\/p>\n<p>Les dejo otro <strong>Dato Curioso\u2026 <\/strong>La cantera potosina es un legado de \u00e9pocas pasadas. San Luis Potos\u00ed es una ciudad construida esencialmente con cantera, material de piedra color rosa, por ello se reconoce como la <strong>Ciudad Rosa<\/strong>.<\/p>\n<p><strong>\u00a0<\/strong><\/p>\n","protected":false},"excerpt":{"rendered":"<p>El estado me sorprendi\u00f3 por la riqueza de su gastronom\u00eda, artesan\u00edas, tradiciones y costumbres, as\u00ed como su espectacular arquitectura. \u00a0<\/p>\n","protected":false},"author":55,"featured_media":95318,"comment_status":"open","ping_status":"closed","sticky":false,"template":"","format":"standard","meta":{"om_disable_all_campaigns":false,"inline_featured_image":false,"_monsterinsights_skip_tracking":false,"_monsterinsights_sitenote_active":false,"_monsterinsights_sitenote_note":"","_monsterinsights_sitenote_category":0,"footnotes":""},"categories":[240],"tags":[16230,16229,16231,1012],"class_list":["post-95308","post","type-post","status-publish","format-standard","has-post-thumbnail","hentry","category-blog-desde-centro-urbano","tag-art-de-co","tag-ciudad-rosa","tag-conociendo-mexico","tag-san-luis-potosi"],"yoast_head":"<!-- This site is optimized with the Yoast SEO plugin v27.4 - https:\/\/yoast.com\/product\/yoast-seo-wordpress\/ -->\n<title>San Luis, la ciudad color rosa<\/title>\n<meta name=\"description\" content=\"San Luis, la ciudad color rosa, me sorprendi\u00f3 por la riqueza de su gastronom\u00eda, artesan\u00edas, tradiciones y costumbres, as\u00ed como su espectacular arquitectura.\" \/>\n<meta name=\"robots\" content=\"index, follow, max-snippet:-1, max-image-preview:large, max-video-preview:-1\" \/>\n<link rel=\"canonical\" href=\"https:\/\/centrourbano.com\/revista\/opinion\/blog-desde-centro-urbano\/san-luis-la-ciudad-color-rosa\/\" \/>\n<meta property=\"og:locale\" content=\"es_ES\" \/>\n<meta property=\"og:type\" content=\"article\" \/>\n<meta property=\"og:title\" content=\"San Luis, la ciudad color rosa\" \/>\n<meta property=\"og:description\" content=\"San Luis, la ciudad color rosa, me sorprendi\u00f3 por la riqueza de su gastronom\u00eda, artesan\u00edas, tradiciones y costumbres, as\u00ed como su espectacular arquitectura.\" \/>\n<meta property=\"og:url\" content=\"https:\/\/centrourbano.com\/revista\/opinion\/blog-desde-centro-urbano\/san-luis-la-ciudad-color-rosa\/\" \/>\n<meta property=\"og:site_name\" content=\"Centro Urbano\" \/>\n<meta property=\"article:publisher\" content=\"https:\/\/www.facebook.com\/portalcentrourbano\" \/>\n<meta property=\"article:published_time\" content=\"2019-08-23T19:40:24+00:00\" \/>\n<meta property=\"article:modified_time\" content=\"2019-08-26T20:06:32+00:00\" \/>\n<meta property=\"og:image\" content=\"https:\/\/centrourbano.com\/revista\/wp-content\/uploads\/57A04226-3C9E-4D8A-9963-10782C3EB991-e1566849737967.jpg\" \/>\n\t<meta property=\"og:image:width\" content=\"700\" \/>\n\t<meta property=\"og:image:height\" content=\"844\" \/>\n\t<meta property=\"og:image:type\" content=\"image\/jpeg\" \/>\n<meta name=\"author\" content=\"Pilar Urbina\" \/>\n<meta name=\"twitter:card\" content=\"summary_large_image\" \/>\n<meta name=\"twitter:creator\" content=\"@CentroUrbano\" \/>\n<meta name=\"twitter:site\" content=\"@CentroUrbano\" \/>\n<meta name=\"twitter:label1\" content=\"Escrito por\" \/>\n\t<meta name=\"twitter:data1\" content=\"Pilar Urbina\" \/>\n\t<meta name=\"twitter:label2\" content=\"Tiempo de lectura\" \/>\n\t<meta name=\"twitter:data2\" content=\"3 minutos\" \/>\n<script type=\"application\/ld+json\" class=\"yoast-schema-graph\">{\"@context\":\"https:\\\/\\\/schema.org\",\"@graph\":[{\"@type\":\"Article\",\"@id\":\"https:\\\/\\\/centrourbano.com\\\/revista\\\/opinion\\\/blog-desde-centro-urbano\\\/san-luis-la-ciudad-color-rosa\\\/#article\",\"isPartOf\":{\"@id\":\"https:\\\/\\\/centrourbano.com\\\/revista\\\/opinion\\\/blog-desde-centro-urbano\\\/san-luis-la-ciudad-color-rosa\\\/\"},\"author\":{\"name\":\"Pilar Urbina\",\"@id\":\"https:\\\/\\\/centrourbano.com\\\/revista\\\/#\\\/schema\\\/person\\\/c74fb1aee294d1ca1c8d3df64a0e386a\"},\"headline\":\"San Luis, la ciudad color rosa\",\"datePublished\":\"2019-08-23T19:40:24+00:00\",\"dateModified\":\"2019-08-26T20:06:32+00:00\",\"mainEntityOfPage\":{\"@id\":\"https:\\\/\\\/centrourbano.com\\\/revista\\\/opinion\\\/blog-desde-centro-urbano\\\/san-luis-la-ciudad-color-rosa\\\/\"},\"wordCount\":572,\"commentCount\":0,\"publisher\":{\"@id\":\"https:\\\/\\\/centrourbano.com\\\/revista\\\/#organization\"},\"image\":{\"@id\":\"https:\\\/\\\/centrourbano.com\\\/revista\\\/opinion\\\/blog-desde-centro-urbano\\\/san-luis-la-ciudad-color-rosa\\\/#primaryimage\"},\"thumbnailUrl\":\"https:\\\/\\\/centrourbano.com\\\/revista\\\/wp-content\\\/uploads\\\/57A04226-3C9E-4D8A-9963-10782C3EB991-e1566849737967.jpg\",\"keywords\":[\"Art de Co\",\"Ciudad Rosa\",\"Conociendo M\u00e9xico\",\"San Luis Potos\u00ed\"],\"articleSection\":[\"Desde Centro Urbano\"],\"inLanguage\":\"es\",\"potentialAction\":[{\"@type\":\"CommentAction\",\"name\":\"Comment\",\"target\":[\"https:\\\/\\\/centrourbano.com\\\/revista\\\/opinion\\\/blog-desde-centro-urbano\\\/san-luis-la-ciudad-color-rosa\\\/#respond\"]}]},{\"@type\":\"WebPage\",\"@id\":\"https:\\\/\\\/centrourbano.com\\\/revista\\\/opinion\\\/blog-desde-centro-urbano\\\/san-luis-la-ciudad-color-rosa\\\/\",\"url\":\"https:\\\/\\\/centrourbano.com\\\/revista\\\/opinion\\\/blog-desde-centro-urbano\\\/san-luis-la-ciudad-color-rosa\\\/\",\"name\":\"San Luis, la ciudad color rosa\",\"isPartOf\":{\"@id\":\"https:\\\/\\\/centrourbano.com\\\/revista\\\/#website\"},\"primaryImageOfPage\":{\"@id\":\"https:\\\/\\\/centrourbano.com\\\/revista\\\/opinion\\\/blog-desde-centro-urbano\\\/san-luis-la-ciudad-color-rosa\\\/#primaryimage\"},\"image\":{\"@id\":\"https:\\\/\\\/centrourbano.com\\\/revista\\\/opinion\\\/blog-desde-centro-urbano\\\/san-luis-la-ciudad-color-rosa\\\/#primaryimage\"},\"thumbnailUrl\":\"https:\\\/\\\/centrourbano.com\\\/revista\\\/wp-content\\\/uploads\\\/57A04226-3C9E-4D8A-9963-10782C3EB991-e1566849737967.jpg\",\"datePublished\":\"2019-08-23T19:40:24+00:00\",\"dateModified\":\"2019-08-26T20:06:32+00:00\",\"description\":\"San Luis, la ciudad color rosa, me sorprendi\u00f3 por la riqueza de su gastronom\u00eda, artesan\u00edas, tradiciones y costumbres, as\u00ed como su espectacular arquitectura.\",\"breadcrumb\":{\"@id\":\"https:\\\/\\\/centrourbano.com\\\/revista\\\/opinion\\\/blog-desde-centro-urbano\\\/san-luis-la-ciudad-color-rosa\\\/#breadcrumb\"},\"inLanguage\":\"es\",\"potentialAction\":[{\"@type\":\"ReadAction\",\"target\":[\"https:\\\/\\\/centrourbano.com\\\/revista\\\/opinion\\\/blog-desde-centro-urbano\\\/san-luis-la-ciudad-color-rosa\\\/\"]}]},{\"@type\":\"ImageObject\",\"inLanguage\":\"es\",\"@id\":\"https:\\\/\\\/centrourbano.com\\\/revista\\\/opinion\\\/blog-desde-centro-urbano\\\/san-luis-la-ciudad-color-rosa\\\/#primaryimage\",\"url\":\"https:\\\/\\\/centrourbano.com\\\/revista\\\/wp-content\\\/uploads\\\/57A04226-3C9E-4D8A-9963-10782C3EB991-e1566849737967.jpg\",\"contentUrl\":\"https:\\\/\\\/centrourbano.com\\\/revista\\\/wp-content\\\/uploads\\\/57A04226-3C9E-4D8A-9963-10782C3EB991-e1566849737967.jpg\",\"width\":700,\"height\":844,\"caption\":\"San Luis, la ciudad color rosa, me sorprendi\u00f3 por la riqueza de su gastronom\u00eda, artesan\u00edas, tradiciones y costumbres, as\u00ed como su espectacular arquitectura.\"},{\"@type\":\"BreadcrumbList\",\"@id\":\"https:\\\/\\\/centrourbano.com\\\/revista\\\/opinion\\\/blog-desde-centro-urbano\\\/san-luis-la-ciudad-color-rosa\\\/#breadcrumb\",\"itemListElement\":[{\"@type\":\"ListItem\",\"position\":1,\"name\":\"Portada\",\"item\":\"https:\\\/\\\/centrourbano.com\\\/revista\\\/\"},{\"@type\":\"ListItem\",\"position\":2,\"name\":\"San Luis, la ciudad color rosa\"}]},{\"@type\":\"WebSite\",\"@id\":\"https:\\\/\\\/centrourbano.com\\\/revista\\\/#website\",\"url\":\"https:\\\/\\\/centrourbano.com\\\/revista\\\/\",\"name\":\"Centro Urbano\",\"description\":\"Medio especializado en los sectores vivienda, inmobiliario, construcci\u00f3n, arquitectura y urbanismo.\",\"publisher\":{\"@id\":\"https:\\\/\\\/centrourbano.com\\\/revista\\\/#organization\"},\"potentialAction\":[{\"@type\":\"SearchAction\",\"target\":{\"@type\":\"EntryPoint\",\"urlTemplate\":\"https:\\\/\\\/centrourbano.com\\\/revista\\\/?s={search_term_string}\"},\"query-input\":{\"@type\":\"PropertyValueSpecification\",\"valueRequired\":true,\"valueName\":\"search_term_string\"}}],\"inLanguage\":\"es\"},{\"@type\":\"Organization\",\"@id\":\"https:\\\/\\\/centrourbano.com\\\/revista\\\/#organization\",\"name\":\"Centro Urbano\",\"url\":\"https:\\\/\\\/centrourbano.com\\\/revista\\\/\",\"logo\":{\"@type\":\"ImageObject\",\"inLanguage\":\"es\",\"@id\":\"https:\\\/\\\/centrourbano.com\\\/revista\\\/#\\\/schema\\\/logo\\\/image\\\/\",\"url\":\"https:\\\/\\\/centrourbano.com\\\/revista\\\/wp-content\\\/uploads\\\/web_CU_logo-1.png\",\"contentUrl\":\"https:\\\/\\\/centrourbano.com\\\/revista\\\/wp-content\\\/uploads\\\/web_CU_logo-1.png\",\"width\":350,\"height\":91,\"caption\":\"Centro Urbano\"},\"image\":{\"@id\":\"https:\\\/\\\/centrourbano.com\\\/revista\\\/#\\\/schema\\\/logo\\\/image\\\/\"},\"sameAs\":[\"https:\\\/\\\/www.facebook.com\\\/portalcentrourbano\",\"https:\\\/\\\/x.com\\\/CentroUrbano\",\"https:\\\/\\\/www.instagram.com\\\/centro_urbano\\\/\",\"https:\\\/\\\/www.linkedin.com\\\/company\\\/centro-urbano\\\/\",\"http:\\\/\\\/www.youtube.com\\\/user\\\/portalcentrourbano\"]},{\"@type\":\"Person\",\"@id\":\"https:\\\/\\\/centrourbano.com\\\/revista\\\/#\\\/schema\\\/person\\\/c74fb1aee294d1ca1c8d3df64a0e386a\",\"name\":\"Pilar Urbina\",\"image\":{\"@type\":\"ImageObject\",\"inLanguage\":\"es\",\"@id\":\"https:\\\/\\\/secure.gravatar.com\\\/avatar\\\/356446b781c64d33955f76658d43a95602a6f48ea723c4132fb8c10357375c5d?s=96&d=mm&r=g\",\"url\":\"https:\\\/\\\/secure.gravatar.com\\\/avatar\\\/356446b781c64d33955f76658d43a95602a6f48ea723c4132fb8c10357375c5d?s=96&d=mm&r=g\",\"contentUrl\":\"https:\\\/\\\/secure.gravatar.com\\\/avatar\\\/356446b781c64d33955f76658d43a95602a6f48ea723c4132fb8c10357375c5d?s=96&d=mm&r=g\",\"caption\":\"Pilar Urbina\"},\"url\":\"https:\\\/\\\/centrourbano.com\\\/revista\\\/author\\\/pilar-urbina\\\/\"}]}<\/script>\n<!-- \/ Yoast SEO plugin. -->","yoast_head_json":{"title":"San Luis, la ciudad color rosa","description":"San Luis, la ciudad color rosa, me sorprendi\u00f3 por la riqueza de su gastronom\u00eda, artesan\u00edas, tradiciones y costumbres, as\u00ed como su espectacular arquitectura.","robots":{"index":"index","follow":"follow","max-snippet":"max-snippet:-1","max-image-preview":"max-image-preview:large","max-video-preview":"max-video-preview:-1"},"canonical":"https:\/\/centrourbano.com\/revista\/opinion\/blog-desde-centro-urbano\/san-luis-la-ciudad-color-rosa\/","og_locale":"es_ES","og_type":"article","og_title":"San Luis, la ciudad color rosa","og_description":"San Luis, la ciudad color rosa, me sorprendi\u00f3 por la riqueza de su gastronom\u00eda, artesan\u00edas, tradiciones y costumbres, as\u00ed como su espectacular arquitectura.","og_url":"https:\/\/centrourbano.com\/revista\/opinion\/blog-desde-centro-urbano\/san-luis-la-ciudad-color-rosa\/","og_site_name":"Centro Urbano","article_publisher":"https:\/\/www.facebook.com\/portalcentrourbano","article_published_time":"2019-08-23T19:40:24+00:00","article_modified_time":"2019-08-26T20:06:32+00:00","og_image":[{"width":700,"height":844,"url":"https:\/\/centrourbano.com\/revista\/wp-content\/uploads\/57A04226-3C9E-4D8A-9963-10782C3EB991-e1566849737967.jpg","type":"image\/jpeg"}],"author":"Pilar Urbina","twitter_card":"summary_large_image","twitter_creator":"@CentroUrbano","twitter_site":"@CentroUrbano","twitter_misc":{"Escrito por":"Pilar Urbina","Tiempo de lectura":"3 minutos"},"schema":{"@context":"https:\/\/schema.org","@graph":[{"@type":"Article","@id":"https:\/\/centrourbano.com\/revista\/opinion\/blog-desde-centro-urbano\/san-luis-la-ciudad-color-rosa\/#article","isPartOf":{"@id":"https:\/\/centrourbano.com\/revista\/opinion\/blog-desde-centro-urbano\/san-luis-la-ciudad-color-rosa\/"},"author":{"name":"Pilar Urbina","@id":"https:\/\/centrourbano.com\/revista\/#\/schema\/person\/c74fb1aee294d1ca1c8d3df64a0e386a"},"headline":"San Luis, la ciudad color rosa","datePublished":"2019-08-23T19:40:24+00:00","dateModified":"2019-08-26T20:06:32+00:00","mainEntityOfPage":{"@id":"https:\/\/centrourbano.com\/revista\/opinion\/blog-desde-centro-urbano\/san-luis-la-ciudad-color-rosa\/"},"wordCount":572,"commentCount":0,"publisher":{"@id":"https:\/\/centrourbano.com\/revista\/#organization"},"image":{"@id":"https:\/\/centrourbano.com\/revista\/opinion\/blog-desde-centro-urbano\/san-luis-la-ciudad-color-rosa\/#primaryimage"},"thumbnailUrl":"https:\/\/centrourbano.com\/revista\/wp-content\/uploads\/57A04226-3C9E-4D8A-9963-10782C3EB991-e1566849737967.jpg","keywords":["Art de Co","Ciudad Rosa","Conociendo M\u00e9xico","San Luis Potos\u00ed"],"articleSection":["Desde Centro Urbano"],"inLanguage":"es","potentialAction":[{"@type":"CommentAction","name":"Comment","target":["https:\/\/centrourbano.com\/revista\/opinion\/blog-desde-centro-urbano\/san-luis-la-ciudad-color-rosa\/#respond"]}]},{"@type":"WebPage","@id":"https:\/\/centrourbano.com\/revista\/opinion\/blog-desde-centro-urbano\/san-luis-la-ciudad-color-rosa\/","url":"https:\/\/centrourbano.com\/revista\/opinion\/blog-desde-centro-urbano\/san-luis-la-ciudad-color-rosa\/","name":"San Luis, la ciudad color rosa","isPartOf":{"@id":"https:\/\/centrourbano.com\/revista\/#website"},"primaryImageOfPage":{"@id":"https:\/\/centrourbano.com\/revista\/opinion\/blog-desde-centro-urbano\/san-luis-la-ciudad-color-rosa\/#primaryimage"},"image":{"@id":"https:\/\/centrourbano.com\/revista\/opinion\/blog-desde-centro-urbano\/san-luis-la-ciudad-color-rosa\/#primaryimage"},"thumbnailUrl":"https:\/\/centrourbano.com\/revista\/wp-content\/uploads\/57A04226-3C9E-4D8A-9963-10782C3EB991-e1566849737967.jpg","datePublished":"2019-08-23T19:40:24+00:00","dateModified":"2019-08-26T20:06:32+00:00","description":"San Luis, la ciudad color rosa, me sorprendi\u00f3 por la riqueza de su gastronom\u00eda, artesan\u00edas, tradiciones y costumbres, as\u00ed como su espectacular arquitectura.","breadcrumb":{"@id":"https:\/\/centrourbano.com\/revista\/opinion\/blog-desde-centro-urbano\/san-luis-la-ciudad-color-rosa\/#breadcrumb"},"inLanguage":"es","potentialAction":[{"@type":"ReadAction","target":["https:\/\/centrourbano.com\/revista\/opinion\/blog-desde-centro-urbano\/san-luis-la-ciudad-color-rosa\/"]}]},{"@type":"ImageObject","inLanguage":"es","@id":"https:\/\/centrourbano.com\/revista\/opinion\/blog-desde-centro-urbano\/san-luis-la-ciudad-color-rosa\/#primaryimage","url":"https:\/\/centrourbano.com\/revista\/wp-content\/uploads\/57A04226-3C9E-4D8A-9963-10782C3EB991-e1566849737967.jpg","contentUrl":"https:\/\/centrourbano.com\/revista\/wp-content\/uploads\/57A04226-3C9E-4D8A-9963-10782C3EB991-e1566849737967.jpg","width":700,"height":844,"caption":"San Luis, la ciudad color rosa, me sorprendi\u00f3 por la riqueza de su gastronom\u00eda, artesan\u00edas, tradiciones y costumbres, as\u00ed como su espectacular arquitectura."},{"@type":"BreadcrumbList","@id":"https:\/\/centrourbano.com\/revista\/opinion\/blog-desde-centro-urbano\/san-luis-la-ciudad-color-rosa\/#breadcrumb","itemListElement":[{"@type":"ListItem","position":1,"name":"Portada","item":"https:\/\/centrourbano.com\/revista\/"},{"@type":"ListItem","position":2,"name":"San Luis, la ciudad color rosa"}]},{"@type":"WebSite","@id":"https:\/\/centrourbano.com\/revista\/#website","url":"https:\/\/centrourbano.com\/revista\/","name":"Centro Urbano","description":"Medio especializado en los sectores vivienda, inmobiliario, construcci\u00f3n, arquitectura y urbanismo.","publisher":{"@id":"https:\/\/centrourbano.com\/revista\/#organization"},"potentialAction":[{"@type":"SearchAction","target":{"@type":"EntryPoint","urlTemplate":"https:\/\/centrourbano.com\/revista\/?s={search_term_string}"},"query-input":{"@type":"PropertyValueSpecification","valueRequired":true,"valueName":"search_term_string"}}],"inLanguage":"es"},{"@type":"Organization","@id":"https:\/\/centrourbano.com\/revista\/#organization","name":"Centro Urbano","url":"https:\/\/centrourbano.com\/revista\/","logo":{"@type":"ImageObject","inLanguage":"es","@id":"https:\/\/centrourbano.com\/revista\/#\/schema\/logo\/image\/","url":"https:\/\/centrourbano.com\/revista\/wp-content\/uploads\/web_CU_logo-1.png","contentUrl":"https:\/\/centrourbano.com\/revista\/wp-content\/uploads\/web_CU_logo-1.png","width":350,"height":91,"caption":"Centro Urbano"},"image":{"@id":"https:\/\/centrourbano.com\/revista\/#\/schema\/logo\/image\/"},"sameAs":["https:\/\/www.facebook.com\/portalcentrourbano","https:\/\/x.com\/CentroUrbano","https:\/\/www.instagram.com\/centro_urbano\/","https:\/\/www.linkedin.com\/company\/centro-urbano\/","http:\/\/www.youtube.com\/user\/portalcentrourbano"]},{"@type":"Person","@id":"https:\/\/centrourbano.com\/revista\/#\/schema\/person\/c74fb1aee294d1ca1c8d3df64a0e386a","name":"Pilar Urbina","image":{"@type":"ImageObject","inLanguage":"es","@id":"https:\/\/secure.gravatar.com\/avatar\/356446b781c64d33955f76658d43a95602a6f48ea723c4132fb8c10357375c5d?s=96&d=mm&r=g","url":"https:\/\/secure.gravatar.com\/avatar\/356446b781c64d33955f76658d43a95602a6f48ea723c4132fb8c10357375c5d?s=96&d=mm&r=g","contentUrl":"https:\/\/secure.gravatar.com\/avatar\/356446b781c64d33955f76658d43a95602a6f48ea723c4132fb8c10357375c5d?s=96&d=mm&r=g","caption":"Pilar Urbina"},"url":"https:\/\/centrourbano.com\/revista\/author\/pilar-urbina\/"}]}},"_links":{"self":[{"href":"https:\/\/centrourbano.com\/revista\/wp-json\/wp\/v2\/posts\/95308","targetHints":{"allow":["GET"]}}],"collection":[{"href":"https:\/\/centrourbano.com\/revista\/wp-json\/wp\/v2\/posts"}],"about":[{"href":"https:\/\/centrourbano.com\/revista\/wp-json\/wp\/v2\/types\/post"}],"author":[{"embeddable":true,"href":"https:\/\/centrourbano.com\/revista\/wp-json\/wp\/v2\/users\/55"}],"replies":[{"embeddable":true,"href":"https:\/\/centrourbano.com\/revista\/wp-json\/wp\/v2\/comments?post=95308"}],"version-history":[{"count":3,"href":"https:\/\/centrourbano.com\/revista\/wp-json\/wp\/v2\/posts\/95308\/revisions"}],"predecessor-version":[{"id":95321,"href":"https:\/\/centrourbano.com\/revista\/wp-json\/wp\/v2\/posts\/95308\/revisions\/95321"}],"wp:featuredmedia":[{"embeddable":true,"href":"https:\/\/centrourbano.com\/revista\/wp-json\/wp\/v2\/media\/95318"}],"wp:attachment":[{"href":"https:\/\/centrourbano.com\/revista\/wp-json\/wp\/v2\/media?parent=95308"}],"wp:term":[{"taxonomy":"category","embeddable":true,"href":"https:\/\/centrourbano.com\/revista\/wp-json\/wp\/v2\/categories?post=95308"},{"taxonomy":"post_tag","embeddable":true,"href":"https:\/\/centrourbano.com\/revista\/wp-json\/wp\/v2\/tags?post=95308"}],"curies":[{"name":"wp","href":"https:\/\/api.w.org\/{rel}","templated":true}]}}