{"id":95112,"date":"2019-08-20T18:59:28","date_gmt":"2019-08-20T23:59:28","guid":{"rendered":"https:\/\/centrourbano.com\/?p=95112"},"modified":"2019-08-20T19:04:05","modified_gmt":"2019-08-21T00:04:05","slug":"infonavit-nuevos-esquemas-reestructura","status":"publish","type":"post","link":"https:\/\/centrourbano.com\/revista\/vivienda\/infonavit-nuevos-esquemas-reestructura\/","title":{"rendered":"Lanzar\u00e1 Infonavit 5 nuevos esquemas de reestructura"},"content":{"rendered":"<p><em>La intenci\u00f3n del organismo es ofrecer oportunidades para que los trabajadores en mora puedan ponerse al corriente y no perder su vivienda <\/em><!--more--><\/p>\n<p>Para septiembre, el <strong>Instituto del Fondo Nacional de la Vivienda para los Trabajadores<\/strong> (Infonavit) pondr\u00e1 en marcha <strong>cinco nuevos esquemas<\/strong> de reestructura, los cuales, ayudar\u00e1n a los derechohabientes a ponerse al corriente con el pago de su cr\u00e9dito.<\/p>\n<p>As\u00ed lo inform\u00f3 el director general del Infonavit, <strong>Carlos Mart\u00ednez<\/strong>, quien se\u00f1al\u00f3 que la actual administraci\u00f3n busca dar un giro en el tema de la cobranza, y ofrecer esquemas que permitan al trabajador que caiga en mora, ponerse al corriente y evitar as\u00ed <strong>perder su casa<\/strong>. Se\u00f1al\u00f3 que la intenci\u00f3n es poner a la mediaci\u00f3n al centro.<\/p>\n<p>El directivo destac\u00f3 que ente los instrumentos que se anunciar\u00e1n en pr\u00f3ximas fechas se encuentra el ofrecer a los derechohabientes el poder liquidar la vivienda a precio de aval\u00fao, o el esquema de pago al 75 por ciento del costo de aval\u00fao.<\/p>\n<p>[quote]\u201cVamos a hacer un anuncio espec\u00edfico, y obviamente ser\u00e1 el foco de la comunicaci\u00f3n. Pero una de las que te puedo adelantar que ya se hac\u00eda y que no s\u00e9 por qu\u00e9 se cancel\u00f3 dentro del instituto es la liquidaci\u00f3n a precio aval\u00fao; o sea, simplemente se ve cu\u00e1nto se ha pagado y cu\u00e1nto es el aval\u00fao actual de la casa y si ya acabaste de pagar, ya se liquida el cr\u00e9dito.<\/p>\n<p>\u201cLa otra es el pago al 75 por ciento (\u2026 ) esas dos son muy f\u00e1ciles de entender, es liquidar a valor de aval\u00fao, y ah\u00ed se ve cu\u00e1nto se ha pagado y cu\u00e1nto vale la casa y se liquida el cr\u00e9dito. Y la otra son liquidaciones al 75 por ciento tomando como referencia tambi\u00e9n el aval\u00fao\u201d, dijo.[\/quote]<\/p>\n<p>El Director General insisti\u00f3 que la meta es poder dar facilidades a los trabajadores con intenci\u00f3n de pago y as\u00ed cambiar el modelo que hab\u00eda empleado el organismo. Y es que, asegur\u00f3, el Infonavit se hab\u00eda convertido en un organismo que no otorgaba ning\u00fan tipo de posibilidad al trabajador en mora.<\/p>\n<p>\u201cLa realidad es que nos encontramos que el Infonavit ten\u00eda una maquinaria, donde casi a la primera que dejaras de pagar te mandaban a judicial, eso ya no; o sea, desde que llegamos ya no hemos hecho ning\u00fan tipo de procesos masivos (\u2026)<\/p>\n<p>\u201cY, sobre todo, lo que estamos buscando es que la mediaci\u00f3n sea el centro de todo el proceso. Entonces la idea es que el trabajador se acoja a un programa de mediaci\u00f3n, que va a iniciar en septiembre\u201d, indic\u00f3.<\/p>\n<p>Cabe se\u00f1alar que, en junio pasado, dentro de la carta que el <strong>Consejo de Administraci\u00f3n<\/strong> envi\u00f3 al <strong>Presidente L\u00f3pez Obrador<\/strong>, se detallaron siete nuevos esquemas de cobranza, con el que se busca ampliar las opciones para que los trabajadores se pusieran al corriente.<\/p>\n<p>Entre estos se mencionaban:<\/p>\n<p>\u2022 Fondo de protecci\u00f3n de pago.<br \/>\n\u2022 Estudios socioecon\u00f3micos.<br \/>\n\u2022 Dictamen de capacidad de pago.<br \/>\n\u2022 Borr\u00f3n y cuenta nueva.<br \/>\n\u2022 Descuento por liquidaci\u00f3n anticipada.<br \/>\n\u2022 Liquidaci\u00f3n al 75% del valor aval\u00fao.<br \/>\n\u2022 Daci\u00f3n en pago.<\/p>\n","protected":false},"excerpt":{"rendered":"<p>La intenci\u00f3n del organismo es ofrecer oportunidades para que los trabajadores en mora puedan ponerse al corriente y no perder su vivienda<\/p>\n","protected":false},"author":77,"featured_media":95113,"comment_status":"open","ping_status":"closed","sticky":false,"template":"","format":"standard","meta":{"inline_featured_image":false,"footnotes":""},"categories":[12],"tags":[14572,100,15837,1790,60],"class_list":["post-95112","post","type-post","status-publish","format-standard","has-post-thumbnail","hentry","category-vivienda","tag-carlos-martinez","tag-infonavit","tag-mora","tag-reestructura","tag-vivienda-2"],"yoast_head":"<!-- This site is optimized with the Yoast SEO plugin v28.4 - https:\/\/yoast.com\/product\/yoast-seo-wordpress\/ -->\n<title>Lanzar\u00e1 Infonavit 5 nuevos esquemas de reestructura<\/title>\n<meta name=\"description\" content=\"Para septiembre, el Instituto del Fondo Nacional de la Vivienda para los Trabajadores (Infonavit) pondr\u00e1 en marcha cinco nuevos...\" \/>\n<meta name=\"robots\" content=\"index, follow, max-snippet:-1, max-image-preview:large, max-video-preview:-1\" \/>\n<link rel=\"canonical\" href=\"https:\/\/centrourbano.com\/revista\/vivienda\/infonavit-nuevos-esquemas-reestructura\/\" \/>\n<meta property=\"og:locale\" content=\"es_ES\" \/>\n<meta property=\"og:type\" content=\"article\" \/>\n<meta property=\"og:title\" content=\"Lanzar\u00e1 Infonavit 5 nuevos esquemas de reestructura\" \/>\n<meta property=\"og:description\" content=\"Para septiembre, el Instituto del Fondo Nacional de la Vivienda para los Trabajadores (Infonavit) pondr\u00e1 en marcha cinco nuevos...\" \/>\n<meta property=\"og:url\" content=\"https:\/\/centrourbano.com\/revista\/vivienda\/infonavit-nuevos-esquemas-reestructura\/\" \/>\n<meta property=\"og:site_name\" content=\"Centro Urbano\" \/>\n<meta property=\"article:publisher\" content=\"https:\/\/www.facebook.com\/portalcentrourbano\" \/>\n<meta property=\"article:published_time\" content=\"2019-08-20T23:59:28+00:00\" \/>\n<meta property=\"article:modified_time\" content=\"2019-08-21T00:04:05+00:00\" \/>\n<meta property=\"og:image\" content=\"https:\/\/centrourbano.com\/revista\/wp-content\/uploads\/Carlos-Mart\u00ednez_Infonavit_5-5.jpg\" \/>\n\t<meta property=\"og:image:width\" content=\"800\" \/>\n\t<meta property=\"og:image:height\" content=\"533\" \/>\n\t<meta property=\"og:image:type\" content=\"image\/jpeg\" \/>\n<meta name=\"author\" content=\"G4A\" \/>\n<meta name=\"twitter:card\" content=\"summary_large_image\" \/>\n<meta name=\"twitter:creator\" content=\"@CentroUrbano\" \/>\n<meta name=\"twitter:site\" content=\"@CentroUrbano\" \/>\n<meta name=\"twitter:label1\" content=\"Escrito por\" \/>\n\t<meta name=\"twitter:data1\" content=\"G4A\" \/>\n\t<meta name=\"twitter:label2\" content=\"Tiempo de lectura\" \/>\n\t<meta name=\"twitter:data2\" content=\"3 minutos\" \/>\n<script type=\"application\/ld+json\" class=\"yoast-schema-graph\">{\"@context\":\"https:\\\/\\\/schema.org\",\"@graph\":[{\"@type\":\"Article\",\"@id\":\"https:\\\/\\\/centrourbano.com\\\/revista\\\/vivienda\\\/infonavit-nuevos-esquemas-reestructura\\\/#article\",\"isPartOf\":{\"@id\":\"https:\\\/\\\/centrourbano.com\\\/revista\\\/vivienda\\\/infonavit-nuevos-esquemas-reestructura\\\/\"},\"author\":{\"name\":\"G4A\",\"@id\":\"https:\\\/\\\/centrourbano.com\\\/revista\\\/#\\\/schema\\\/person\\\/370fa0ba2d8dd5bde3fdb8b62ad360aa\"},\"headline\":\"Lanzar\u00e1 Infonavit 5 nuevos esquemas de reestructura\",\"datePublished\":\"2019-08-20T23:59:28+00:00\",\"dateModified\":\"2019-08-21T00:04:05+00:00\",\"mainEntityOfPage\":{\"@id\":\"https:\\\/\\\/centrourbano.com\\\/revista\\\/vivienda\\\/infonavit-nuevos-esquemas-reestructura\\\/\"},\"wordCount\":546,\"commentCount\":0,\"publisher\":{\"@id\":\"https:\\\/\\\/centrourbano.com\\\/revista\\\/#organization\"},\"image\":{\"@id\":\"https:\\\/\\\/centrourbano.com\\\/revista\\\/vivienda\\\/infonavit-nuevos-esquemas-reestructura\\\/#primaryimage\"},\"thumbnailUrl\":\"https:\\\/\\\/centrourbano.com\\\/revista\\\/wp-content\\\/uploads\\\/Carlos-Mart\u00ednez_Infonavit_5-5.jpg\",\"keywords\":[\"Carlos Mart\u00ednez\",\"Infonavit\",\"mora\",\"reestructura\",\"vivienda\"],\"articleSection\":[\"Vivienda\"],\"inLanguage\":\"es\"},{\"@type\":\"WebPage\",\"@id\":\"https:\\\/\\\/centrourbano.com\\\/revista\\\/vivienda\\\/infonavit-nuevos-esquemas-reestructura\\\/\",\"url\":\"https:\\\/\\\/centrourbano.com\\\/revista\\\/vivienda\\\/infonavit-nuevos-esquemas-reestructura\\\/\",\"name\":\"Lanzar\u00e1 Infonavit 5 nuevos esquemas de reestructura\",\"isPartOf\":{\"@id\":\"https:\\\/\\\/centrourbano.com\\\/revista\\\/#website\"},\"primaryImageOfPage\":{\"@id\":\"https:\\\/\\\/centrourbano.com\\\/revista\\\/vivienda\\\/infonavit-nuevos-esquemas-reestructura\\\/#primaryimage\"},\"image\":{\"@id\":\"https:\\\/\\\/centrourbano.com\\\/revista\\\/vivienda\\\/infonavit-nuevos-esquemas-reestructura\\\/#primaryimage\"},\"thumbnailUrl\":\"https:\\\/\\\/centrourbano.com\\\/revista\\\/wp-content\\\/uploads\\\/Carlos-Mart\u00ednez_Infonavit_5-5.jpg\",\"datePublished\":\"2019-08-20T23:59:28+00:00\",\"dateModified\":\"2019-08-21T00:04:05+00:00\",\"description\":\"Para septiembre, el Instituto del Fondo Nacional de la Vivienda para los Trabajadores (Infonavit) pondr\u00e1 en marcha cinco nuevos...\",\"breadcrumb\":{\"@id\":\"https:\\\/\\\/centrourbano.com\\\/revista\\\/vivienda\\\/infonavit-nuevos-esquemas-reestructura\\\/#breadcrumb\"},\"inLanguage\":\"es\",\"potentialAction\":[{\"@type\":\"ReadAction\",\"target\":[\"https:\\\/\\\/centrourbano.com\\\/revista\\\/vivienda\\\/infonavit-nuevos-esquemas-reestructura\\\/\"]}]},{\"@type\":\"ImageObject\",\"inLanguage\":\"es\",\"@id\":\"https:\\\/\\\/centrourbano.com\\\/revista\\\/vivienda\\\/infonavit-nuevos-esquemas-reestructura\\\/#primaryimage\",\"url\":\"https:\\\/\\\/centrourbano.com\\\/revista\\\/wp-content\\\/uploads\\\/Carlos-Mart\u00ednez_Infonavit_5-5.jpg\",\"contentUrl\":\"https:\\\/\\\/centrourbano.com\\\/revista\\\/wp-content\\\/uploads\\\/Carlos-Mart\u00ednez_Infonavit_5-5.jpg\",\"width\":800,\"height\":533,\"caption\":\"La intenci\u00f3n del organismo es ofrecer oportunidades para que los trabajadores en mora puedan ponerse al corriente y no perder su vivienda\"},{\"@type\":\"BreadcrumbList\",\"@id\":\"https:\\\/\\\/centrourbano.com\\\/revista\\\/vivienda\\\/infonavit-nuevos-esquemas-reestructura\\\/#breadcrumb\",\"itemListElement\":[{\"@type\":\"ListItem\",\"position\":1,\"name\":\"Portada\",\"item\":\"https:\\\/\\\/centrourbano.com\\\/revista\\\/\"},{\"@type\":\"ListItem\",\"position\":2,\"name\":\"Lanzar\u00e1 Infonavit 5 nuevos esquemas de reestructura\"}]},{\"@type\":\"WebSite\",\"@id\":\"https:\\\/\\\/centrourbano.com\\\/revista\\\/#website\",\"url\":\"https:\\\/\\\/centrourbano.com\\\/revista\\\/\",\"name\":\"Centro Urbano\",\"description\":\"Medio especializado en los sectores vivienda, inmobiliario, construcci\u00f3n, arquitectura y urbanismo.\",\"publisher\":{\"@id\":\"https:\\\/\\\/centrourbano.com\\\/revista\\\/#organization\"},\"potentialAction\":[{\"@type\":\"SearchAction\",\"target\":{\"@type\":\"EntryPoint\",\"urlTemplate\":\"https:\\\/\\\/centrourbano.com\\\/revista\\\/?s={search_term_string}\"},\"query-input\":{\"@type\":\"PropertyValueSpecification\",\"valueRequired\":true,\"valueName\":\"search_term_string\"}}],\"inLanguage\":\"es\"},{\"@type\":\"Organization\",\"@id\":\"https:\\\/\\\/centrourbano.com\\\/revista\\\/#organization\",\"name\":\"Centro Urbano\",\"url\":\"https:\\\/\\\/centrourbano.com\\\/revista\\\/\",\"logo\":{\"@type\":\"ImageObject\",\"inLanguage\":\"es\",\"@id\":\"https:\\\/\\\/centrourbano.com\\\/revista\\\/#\\\/schema\\\/logo\\\/image\\\/\",\"url\":\"https:\\\/\\\/centrourbano.com\\\/revista\\\/wp-content\\\/uploads\\\/web_CU_logo-1.png\",\"contentUrl\":\"https:\\\/\\\/centrourbano.com\\\/revista\\\/wp-content\\\/uploads\\\/web_CU_logo-1.png\",\"width\":350,\"height\":91,\"caption\":\"Centro Urbano\"},\"image\":{\"@id\":\"https:\\\/\\\/centrourbano.com\\\/revista\\\/#\\\/schema\\\/logo\\\/image\\\/\"},\"sameAs\":[\"https:\\\/\\\/www.facebook.com\\\/portalcentrourbano\",\"https:\\\/\\\/x.com\\\/CentroUrbano\",\"https:\\\/\\\/www.instagram.com\\\/centro_urbano\\\/\",\"https:\\\/\\\/www.linkedin.com\\\/company\\\/centro-urbano\\\/\",\"http:\\\/\\\/www.youtube.com\\\/user\\\/portalcentrourbano\"]},{\"@type\":\"Person\",\"@id\":\"https:\\\/\\\/centrourbano.com\\\/revista\\\/#\\\/schema\\\/person\\\/370fa0ba2d8dd5bde3fdb8b62ad360aa\",\"name\":\"G4A\",\"image\":{\"@type\":\"ImageObject\",\"inLanguage\":\"es\",\"@id\":\"https:\\\/\\\/secure.gravatar.com\\\/avatar\\\/932a97121b13d5de5bbd8193c6c83d3b92c9eda0f39623607d4280e7a5778d97?s=96&d=mm&r=g\",\"url\":\"https:\\\/\\\/secure.gravatar.com\\\/avatar\\\/932a97121b13d5de5bbd8193c6c83d3b92c9eda0f39623607d4280e7a5778d97?s=96&d=mm&r=g\",\"contentUrl\":\"https:\\\/\\\/secure.gravatar.com\\\/avatar\\\/932a97121b13d5de5bbd8193c6c83d3b92c9eda0f39623607d4280e7a5778d97?s=96&d=mm&r=g\",\"caption\":\"G4A\"},\"url\":\"https:\\\/\\\/centrourbano.com\\\/revista\\\/author\\\/admin-g4a\\\/\"}]}<\/script>\n<!-- \/ Yoast SEO plugin. -->","yoast_head_json":{"title":"Lanzar\u00e1 Infonavit 5 nuevos esquemas de reestructura","description":"Para septiembre, el Instituto del Fondo Nacional de la Vivienda para los Trabajadores (Infonavit) pondr\u00e1 en marcha cinco nuevos...","robots":{"index":"index","follow":"follow","max-snippet":"max-snippet:-1","max-image-preview":"max-image-preview:large","max-video-preview":"max-video-preview:-1"},"canonical":"https:\/\/centrourbano.com\/revista\/vivienda\/infonavit-nuevos-esquemas-reestructura\/","og_locale":"es_ES","og_type":"article","og_title":"Lanzar\u00e1 Infonavit 5 nuevos esquemas de reestructura","og_description":"Para septiembre, el Instituto del Fondo Nacional de la Vivienda para los Trabajadores (Infonavit) pondr\u00e1 en marcha cinco nuevos...","og_url":"https:\/\/centrourbano.com\/revista\/vivienda\/infonavit-nuevos-esquemas-reestructura\/","og_site_name":"Centro Urbano","article_publisher":"https:\/\/www.facebook.com\/portalcentrourbano","article_published_time":"2019-08-20T23:59:28+00:00","article_modified_time":"2019-08-21T00:04:05+00:00","og_image":[{"width":800,"height":533,"url":"https:\/\/centrourbano.com\/revista\/wp-content\/uploads\/Carlos-Mart\u00ednez_Infonavit_5-5.jpg","type":"image\/jpeg"}],"author":"G4A","twitter_card":"summary_large_image","twitter_creator":"@CentroUrbano","twitter_site":"@CentroUrbano","twitter_misc":{"Escrito por":"G4A","Tiempo de lectura":"3 minutos"},"schema":{"@context":"https:\/\/schema.org","@graph":[{"@type":"Article","@id":"https:\/\/centrourbano.com\/revista\/vivienda\/infonavit-nuevos-esquemas-reestructura\/#article","isPartOf":{"@id":"https:\/\/centrourbano.com\/revista\/vivienda\/infonavit-nuevos-esquemas-reestructura\/"},"author":{"name":"G4A","@id":"https:\/\/centrourbano.com\/revista\/#\/schema\/person\/370fa0ba2d8dd5bde3fdb8b62ad360aa"},"headline":"Lanzar\u00e1 Infonavit 5 nuevos esquemas de reestructura","datePublished":"2019-08-20T23:59:28+00:00","dateModified":"2019-08-21T00:04:05+00:00","mainEntityOfPage":{"@id":"https:\/\/centrourbano.com\/revista\/vivienda\/infonavit-nuevos-esquemas-reestructura\/"},"wordCount":546,"commentCount":0,"publisher":{"@id":"https:\/\/centrourbano.com\/revista\/#organization"},"image":{"@id":"https:\/\/centrourbano.com\/revista\/vivienda\/infonavit-nuevos-esquemas-reestructura\/#primaryimage"},"thumbnailUrl":"https:\/\/centrourbano.com\/revista\/wp-content\/uploads\/Carlos-Mart\u00ednez_Infonavit_5-5.jpg","keywords":["Carlos Mart\u00ednez","Infonavit","mora","reestructura","vivienda"],"articleSection":["Vivienda"],"inLanguage":"es"},{"@type":"WebPage","@id":"https:\/\/centrourbano.com\/revista\/vivienda\/infonavit-nuevos-esquemas-reestructura\/","url":"https:\/\/centrourbano.com\/revista\/vivienda\/infonavit-nuevos-esquemas-reestructura\/","name":"Lanzar\u00e1 Infonavit 5 nuevos esquemas de reestructura","isPartOf":{"@id":"https:\/\/centrourbano.com\/revista\/#website"},"primaryImageOfPage":{"@id":"https:\/\/centrourbano.com\/revista\/vivienda\/infonavit-nuevos-esquemas-reestructura\/#primaryimage"},"image":{"@id":"https:\/\/centrourbano.com\/revista\/vivienda\/infonavit-nuevos-esquemas-reestructura\/#primaryimage"},"thumbnailUrl":"https:\/\/centrourbano.com\/revista\/wp-content\/uploads\/Carlos-Mart\u00ednez_Infonavit_5-5.jpg","datePublished":"2019-08-20T23:59:28+00:00","dateModified":"2019-08-21T00:04:05+00:00","description":"Para septiembre, el Instituto del Fondo Nacional de la Vivienda para los Trabajadores (Infonavit) pondr\u00e1 en marcha cinco nuevos...","breadcrumb":{"@id":"https:\/\/centrourbano.com\/revista\/vivienda\/infonavit-nuevos-esquemas-reestructura\/#breadcrumb"},"inLanguage":"es","potentialAction":[{"@type":"ReadAction","target":["https:\/\/centrourbano.com\/revista\/vivienda\/infonavit-nuevos-esquemas-reestructura\/"]}]},{"@type":"ImageObject","inLanguage":"es","@id":"https:\/\/centrourbano.com\/revista\/vivienda\/infonavit-nuevos-esquemas-reestructura\/#primaryimage","url":"https:\/\/centrourbano.com\/revista\/wp-content\/uploads\/Carlos-Mart\u00ednez_Infonavit_5-5.jpg","contentUrl":"https:\/\/centrourbano.com\/revista\/wp-content\/uploads\/Carlos-Mart\u00ednez_Infonavit_5-5.jpg","width":800,"height":533,"caption":"La intenci\u00f3n del organismo es ofrecer oportunidades para que los trabajadores en mora puedan ponerse al corriente y no perder su vivienda"},{"@type":"BreadcrumbList","@id":"https:\/\/centrourbano.com\/revista\/vivienda\/infonavit-nuevos-esquemas-reestructura\/#breadcrumb","itemListElement":[{"@type":"ListItem","position":1,"name":"Portada","item":"https:\/\/centrourbano.com\/revista\/"},{"@type":"ListItem","position":2,"name":"Lanzar\u00e1 Infonavit 5 nuevos esquemas de reestructura"}]},{"@type":"WebSite","@id":"https:\/\/centrourbano.com\/revista\/#website","url":"https:\/\/centrourbano.com\/revista\/","name":"Centro Urbano","description":"Medio especializado en los sectores vivienda, inmobiliario, construcci\u00f3n, arquitectura y urbanismo.","publisher":{"@id":"https:\/\/centrourbano.com\/revista\/#organization"},"potentialAction":[{"@type":"SearchAction","target":{"@type":"EntryPoint","urlTemplate":"https:\/\/centrourbano.com\/revista\/?s={search_term_string}"},"query-input":{"@type":"PropertyValueSpecification","valueRequired":true,"valueName":"search_term_string"}}],"inLanguage":"es"},{"@type":"Organization","@id":"https:\/\/centrourbano.com\/revista\/#organization","name":"Centro Urbano","url":"https:\/\/centrourbano.com\/revista\/","logo":{"@type":"ImageObject","inLanguage":"es","@id":"https:\/\/centrourbano.com\/revista\/#\/schema\/logo\/image\/","url":"https:\/\/centrourbano.com\/revista\/wp-content\/uploads\/web_CU_logo-1.png","contentUrl":"https:\/\/centrourbano.com\/revista\/wp-content\/uploads\/web_CU_logo-1.png","width":350,"height":91,"caption":"Centro Urbano"},"image":{"@id":"https:\/\/centrourbano.com\/revista\/#\/schema\/logo\/image\/"},"sameAs":["https:\/\/www.facebook.com\/portalcentrourbano","https:\/\/x.com\/CentroUrbano","https:\/\/www.instagram.com\/centro_urbano\/","https:\/\/www.linkedin.com\/company\/centro-urbano\/","http:\/\/www.youtube.com\/user\/portalcentrourbano"]},{"@type":"Person","@id":"https:\/\/centrourbano.com\/revista\/#\/schema\/person\/370fa0ba2d8dd5bde3fdb8b62ad360aa","name":"G4A","image":{"@type":"ImageObject","inLanguage":"es","@id":"https:\/\/secure.gravatar.com\/avatar\/932a97121b13d5de5bbd8193c6c83d3b92c9eda0f39623607d4280e7a5778d97?s=96&d=mm&r=g","url":"https:\/\/secure.gravatar.com\/avatar\/932a97121b13d5de5bbd8193c6c83d3b92c9eda0f39623607d4280e7a5778d97?s=96&d=mm&r=g","contentUrl":"https:\/\/secure.gravatar.com\/avatar\/932a97121b13d5de5bbd8193c6c83d3b92c9eda0f39623607d4280e7a5778d97?s=96&d=mm&r=g","caption":"G4A"},"url":"https:\/\/centrourbano.com\/revista\/author\/admin-g4a\/"}]}},"_links":{"self":[{"href":"https:\/\/centrourbano.com\/revista\/wp-json\/wp\/v2\/posts\/95112","targetHints":{"allow":["GET"]}}],"collection":[{"href":"https:\/\/centrourbano.com\/revista\/wp-json\/wp\/v2\/posts"}],"about":[{"href":"https:\/\/centrourbano.com\/revista\/wp-json\/wp\/v2\/types\/post"}],"author":[{"embeddable":true,"href":"https:\/\/centrourbano.com\/revista\/wp-json\/wp\/v2\/users\/77"}],"replies":[{"embeddable":true,"href":"https:\/\/centrourbano.com\/revista\/wp-json\/wp\/v2\/comments?post=95112"}],"version-history":[{"count":3,"href":"https:\/\/centrourbano.com\/revista\/wp-json\/wp\/v2\/posts\/95112\/revisions"}],"predecessor-version":[{"id":95116,"href":"https:\/\/centrourbano.com\/revista\/wp-json\/wp\/v2\/posts\/95112\/revisions\/95116"}],"wp:featuredmedia":[{"embeddable":true,"href":"https:\/\/centrourbano.com\/revista\/wp-json\/wp\/v2\/media\/95113"}],"wp:attachment":[{"href":"https:\/\/centrourbano.com\/revista\/wp-json\/wp\/v2\/media?parent=95112"}],"wp:term":[{"taxonomy":"category","embeddable":true,"href":"https:\/\/centrourbano.com\/revista\/wp-json\/wp\/v2\/categories?post=95112"},{"taxonomy":"post_tag","embeddable":true,"href":"https:\/\/centrourbano.com\/revista\/wp-json\/wp\/v2\/tags?post=95112"}],"curies":[{"name":"wp","href":"https:\/\/api.w.org\/{rel}","templated":true}]}}