{"id":94939,"date":"2019-08-14T12:10:59","date_gmt":"2019-08-14T17:10:59","guid":{"rendered":"https:\/\/centrourbano.com\/?p=94939"},"modified":"2019-08-23T12:00:57","modified_gmt":"2019-08-23T17:00:57","slug":"municipios-reto-desarrollo-urbano","status":"publish","type":"post","link":"https:\/\/centrourbano.com\/revista\/vivienda\/municipios-reto-desarrollo-urbano\/","title":{"rendered":"Municipios, el reto para el desarrollo urbano"},"content":{"rendered":"<p><em>Las autoridades reconocen que en los ayuntamientos se encuentra la clave para que los planes de ordenamiento sean exitosos, por lo que trabajar\u00e1n en el tema a trav\u00e9s del Pumot<\/em><!--more--><\/p>\n<p>Con el objetivo de encarar los desaf\u00edos en materia de <strong>desarrollo urbano y vivienda<\/strong>, es importante que los municipios cuenten con planes actualizados en la materia. Por ello, uno de los objetivos de la <strong>Secretar\u00eda de Desarrollo Agrario, Territorial y Urbano<\/strong> (Sedatu) ser\u00e1 impulsar que los ayuntamientos cuenten con instrumentos de planeaci\u00f3n eficaces, que permitan identificar las necesidades a partir de definir el tipo de ciudad que se quiere construir.<\/p>\n<p>As\u00ed lo inform\u00f3 <strong>Armando Rosales<\/strong>, subsecretario de Desarrollo Urbano y Vivienda de Sedatu, quien destac\u00f3 que a trav\u00e9s del <strong>Programa de Fomento a la Planeaci\u00f3n Urbana, Metropolitana y Ordenamiento Territorial<\/strong> (Pumot) la dependencia que encabeza Rom\u00e1n Meyer Falc\u00f3n buscar\u00e1 resolver una de las demandas realizadas por diversos actores, en las que se se\u00f1ala que el principal desaf\u00edo para el desarrollo de vivienda y ordenamiento se encuentra en la falta de capacidades por parte de los gobiernos locales.<\/p>\n<p>En entrevista con <strong>Revista Vivienda<\/strong>, el Subsecretario detall\u00f3 que para atender retos como el rezago habitacional es necesario entender las problem\u00e1ticas que se enfrentan cada regi\u00f3n. Por ello, a partir de esta premisa, se impulsar\u00e1 que los municipios tengan planes de desarrollo actualizados, que identifiquen, entre otras cosas, cu\u00e1l es la demanda de vivienda que se necesita en cada localidad.<\/p>\n<p>[quote]\u201cEl programa de Fomento a la Planeaci\u00f3n es un programa que busca apoyar a los municipios para que puedan elaborar sus programas de desarrollo urbano. Si no tenemos los instrumentos que nos marca la ley, que est\u00e9n actualizados a partir de diagn\u00f3sticos certeros, con una misma metodolog\u00eda, de nada nos sirve en las acciones que hagas en el resto de la ciudad\u201d, indic\u00f3.[\/quote]<\/p>\n<p>Rosales reconoci\u00f3 que para poder implementar de manera eficaz las diversas estrategias que se plantean en el sexenio, el <strong>orden municipal es el m\u00e1s importante<\/strong>, al tener \u00e9ste la facultad sobre el territorio. En ese sentido, a\u00f1adi\u00f3, los planes y programas de desarrollo de los ayuntamientos se configuran como un engrane clave para concretar objetivos.<\/p>\n<p>El Subsecretario reconoci\u00f3 que M\u00e9xico ha avanzado en gran medida en el tema de las pol\u00edticas territoriales con visiones marco. Sin embargo, apunt\u00f3, el reto es c\u00f3mo llevarles al \u00e1mbito local.<\/p>\n<p>\u201cLo importante ahora es c\u00f3mo aterrizas estas grandes pol\u00edticas en las que M\u00e9xico ha trabajado mucho en los \u00faltimos a\u00f1o. Ha trabajado de la mano de ONU-H\u00e1bitat, de diversos organismos internacionales.<\/p>\n<p>\u201cAhora el chiste es c\u00f3mo la aterrizamos. \u00bfCu\u00e1l es el instrumento m\u00e1s importante de planeaci\u00f3n en este pa\u00eds? Los programas de desarrollo urbano y ordenamiento territorial municipales. Y ah\u00ed es en donde muchos municipios se encuentran grandes retos ante problemas econ\u00f3micos, problemas t\u00e9cnicos y es en donde la federaci\u00f3n debe trabajar\u201d, dijo.<\/p>\n<p>Atender la actualizaci\u00f3n de los planes de desarrollo, subray\u00f3 Rosales, permitir\u00e1 tener una visi\u00f3n clara sobre las necesidades de cada regi\u00f3n. Esto, dijo, aportar\u00e1 transparencia, no s\u00f3lo en t\u00e9rminos de las necesidades de cada regi\u00f3n, sino para desarrolladores que deseen participar.<\/p>\n<p>[quote]\u201cUn programa de desarrollo urbano debe comprender cu\u00e1l es la visi\u00f3n de ciudad, cu\u00e1l es la industria que se quiere fomentar: ya sea industria de servicios, tur\u00edstica industrial, relacionada con el medio agr\u00edcola alrededor de los municipios; debe decir las proyecciones de vivienda que se requieren en cada uno de los municipios y esto debe de quedar inscrito incluso en el Registro P\u00fablico de la Propiedad, para que todo el mundo, cualquier persona, cualquier desarrollador de vivienda sepa qu\u00e9 se puede hacer y qu\u00e9 no se pueda hacer. Es decir, impulsar transparencia, sin discrecionalidad, con una visi\u00f3n de derechos humanos\u201d, expuso.[\/quote]<\/p>\n<p>Armando Rosales insisti\u00f3 que los Planes Municipales son el elementos de planeaci\u00f3n m\u00e1s importante para lograr la construcci\u00f3n de mejores ciudades. Ante esa importancia, explic\u00f3, este tipo de documentos deben realizarse a profundidad y no s\u00f3lo quedarse en temas como la densificaci\u00f3n.<\/p>\n<p>\u201cLos programas de desarrollo urbano deben de ir mucho m\u00e1s all\u00e1. Deben de contemplar en el corto, en el mediano y en el largo plazo <strong>cu\u00e1ntas viviendas se requieren<\/strong>, cu\u00e1ntas reservas territoriales requieren, c\u00f3mo se deben de constituir la reservas de suelo para el crecimiento de las ciudades; debe contener cu\u00e1les tendr\u00edan que ser las densidades e incluso cu\u00e1les deben de ser los instrumentos econ\u00f3micos para que el municipio se haga de recursos, ya sea mediante el pago de predial, contribuciones por el pago de agua, de recolecci\u00f3n de residuos, para que puedan seguir financiando un desarrollo urbano arm\u00f3nico. Eso es en lo que estamos trabajando ya con los municipios ya arranc\u00f3 el programa de fomento a la planeaci\u00f3n. Su cr\u00f3nico qued\u00f3 como el Pumot\u201d.<\/p>\n<p>El funcionario a\u00f1adi\u00f3 que la meta del gobierno es generar un desarrollo urbano desde una visi\u00f3n integral, en las que se contemple la situaci\u00f3n sociodemogr\u00e1fica de cada regi\u00f3n para poder plantear alternativas hechas a la medida. En este sentido, dijo, la pol\u00edtica de desarrollo urbano y vivienda deben ir de la mano.<\/p>\n<p>&nbsp;<\/p>\n<p style=\"text-align: center;\"><strong>Este texto se incluye en la edici\u00f3n\u00a0120\u00a0de <a href=\"https:\/\/centrourbano.com\/2019\/08\/14\/revista-vivienda-julio-agosto-2019\/\" target=\"_blank\" rel=\"noopener noreferrer\">Revista Vivienda<\/a>.<\/strong><\/p>\n<a href=\"https:\/\/centrourbano.com\/2019\/08\/14\/revista-vivienda-julio-agosto-2019\/\" target=\"_blank\" rel=\"noopener noreferrer\"><img loading=\"lazy\" decoding=\"async\" class=\"aligncenter wp-image-94925\" src=\"https:\/\/centrourbano.com\/revista\/wp-content\/uploads\/Portada_VIvienda_Julio_Agosto-1024x1019.jpg\" alt=\"\" width=\"450\" height=\"448\" srcset=\"https:\/\/centrourbano.com\/revista\/wp-content\/uploads\/Portada_VIvienda_Julio_Agosto-1024x1019.jpg 1024w, https:\/\/centrourbano.com\/revista\/wp-content\/uploads\/Portada_VIvienda_Julio_Agosto-150x150.jpg 150w, https:\/\/centrourbano.com\/revista\/wp-content\/uploads\/Portada_VIvienda_Julio_Agosto-300x300.jpg 300w, https:\/\/centrourbano.com\/revista\/wp-content\/uploads\/Portada_VIvienda_Julio_Agosto-768x764.jpg 768w, https:\/\/centrourbano.com\/revista\/wp-content\/uploads\/Portada_VIvienda_Julio_Agosto.jpg 1253w\" sizes=\"auto, (max-width: 450px) 100vw, 450px\" \/><\/a>\n","protected":false},"excerpt":{"rendered":"<p>Las autoridades reconocen que en los ayuntamientos se encuentra la clave para que los planes de ordenamiento sean exitosos, por lo que trabajar\u00e1n en el tema a trav\u00e9s del Pumot<\/p>\n","protected":false},"author":47,"featured_media":94940,"comment_status":"open","ping_status":"closed","sticky":false,"template":"","format":"standard","meta":{"om_disable_all_campaigns":false,"inline_featured_image":false,"_monsterinsights_skip_tracking":false,"_monsterinsights_sitenote_active":false,"_monsterinsights_sitenote_note":"","_monsterinsights_sitenote_category":0,"footnotes":""},"categories":[4,7860,12],"tags":[14355,146,1239,147,16170,2310],"class_list":["post-94939","post","type-post","status-publish","format-standard","has-post-thumbnail","hentry","category-publicaciones","category-revista-vivienda","category-vivienda","tag-armando-rosales","tag-desarrollo-urbano","tag-entrevista","tag-municipios","tag-pumot","tag-revista-vivienda"],"yoast_head":"<!-- This site is optimized with the Yoast SEO plugin v27.5 - https:\/\/yoast.com\/product\/yoast-seo-wordpress\/ -->\n<title>Municipios, el reto para el desarrollo urbano-Revista Vivienda<\/title>\n<meta name=\"description\" content=\"Con el objetivo de encarar los desaf\u00edos en materia de desarrollo urbano y vivienda, es importante que los municipios cuenten con planes...\" \/>\n<meta name=\"robots\" content=\"index, follow, max-snippet:-1, max-image-preview:large, max-video-preview:-1\" \/>\n<link rel=\"canonical\" href=\"https:\/\/centrourbano.com\/revista\/vivienda\/municipios-reto-desarrollo-urbano\/\" \/>\n<meta property=\"og:locale\" content=\"es_ES\" \/>\n<meta property=\"og:type\" content=\"article\" \/>\n<meta property=\"og:title\" content=\"Municipios, el reto para el desarrollo urbano-Revista Vivienda\" \/>\n<meta property=\"og:description\" content=\"Con el objetivo de encarar los desaf\u00edos en materia de desarrollo urbano y vivienda, es importante que los municipios cuenten con planes...\" \/>\n<meta property=\"og:url\" content=\"https:\/\/centrourbano.com\/revista\/vivienda\/municipios-reto-desarrollo-urbano\/\" \/>\n<meta property=\"og:site_name\" content=\"Centro Urbano\" \/>\n<meta property=\"article:publisher\" content=\"https:\/\/www.facebook.com\/portalcentrourbano\" \/>\n<meta property=\"article:published_time\" content=\"2019-08-14T17:10:59+00:00\" \/>\n<meta property=\"article:modified_time\" content=\"2019-08-23T17:00:57+00:00\" \/>\n<meta property=\"og:image\" content=\"https:\/\/centrourbano.com\/revista\/wp-content\/uploads\/Rosales_Entrevitsa_Vivienda_1.jpg\" \/>\n\t<meta property=\"og:image:width\" content=\"800\" \/>\n\t<meta property=\"og:image:height\" content=\"533\" \/>\n\t<meta property=\"og:image:type\" content=\"image\/jpeg\" \/>\n<meta name=\"author\" content=\"Edgar Rosas\" \/>\n<meta name=\"twitter:card\" content=\"summary_large_image\" \/>\n<meta name=\"twitter:creator\" content=\"@https:\/\/twitter.com\/ERosasCU?s=09\" \/>\n<meta name=\"twitter:site\" content=\"@CentroUrbano\" \/>\n<meta name=\"twitter:label1\" content=\"Escrito por\" \/>\n\t<meta name=\"twitter:data1\" content=\"Edgar Rosas\" \/>\n\t<meta name=\"twitter:label2\" content=\"Tiempo de lectura\" \/>\n\t<meta name=\"twitter:data2\" content=\"5 minutos\" \/>\n<script type=\"application\/ld+json\" class=\"yoast-schema-graph\">{\"@context\":\"https:\\\/\\\/schema.org\",\"@graph\":[{\"@type\":\"Article\",\"@id\":\"https:\\\/\\\/centrourbano.com\\\/revista\\\/vivienda\\\/municipios-reto-desarrollo-urbano\\\/#article\",\"isPartOf\":{\"@id\":\"https:\\\/\\\/centrourbano.com\\\/revista\\\/vivienda\\\/municipios-reto-desarrollo-urbano\\\/\"},\"author\":{\"name\":\"Edgar Rosas\",\"@id\":\"https:\\\/\\\/centrourbano.com\\\/revista\\\/#\\\/schema\\\/person\\\/131fd76fa17f4ca2c25c65a74d97c6b6\"},\"headline\":\"Municipios, el reto para el desarrollo urbano\",\"datePublished\":\"2019-08-14T17:10:59+00:00\",\"dateModified\":\"2019-08-23T17:00:57+00:00\",\"mainEntityOfPage\":{\"@id\":\"https:\\\/\\\/centrourbano.com\\\/revista\\\/vivienda\\\/municipios-reto-desarrollo-urbano\\\/\"},\"wordCount\":925,\"commentCount\":0,\"publisher\":{\"@id\":\"https:\\\/\\\/centrourbano.com\\\/revista\\\/#organization\"},\"image\":{\"@id\":\"https:\\\/\\\/centrourbano.com\\\/revista\\\/vivienda\\\/municipios-reto-desarrollo-urbano\\\/#primaryimage\"},\"thumbnailUrl\":\"https:\\\/\\\/centrourbano.com\\\/revista\\\/wp-content\\\/uploads\\\/Rosales_Entrevitsa_Vivienda_1.jpg\",\"keywords\":[\"Armando Rosales\",\"Desarrollo urbano\",\"Entrevista\",\"Municipios\",\"PUMOT\",\"Revista Vivienda\"],\"articleSection\":[\"Publicaciones\",\"Revista Vivienda\",\"Vivienda\"],\"inLanguage\":\"es\",\"potentialAction\":[{\"@type\":\"CommentAction\",\"name\":\"Comment\",\"target\":[\"https:\\\/\\\/centrourbano.com\\\/revista\\\/vivienda\\\/municipios-reto-desarrollo-urbano\\\/#respond\"]}]},{\"@type\":\"WebPage\",\"@id\":\"https:\\\/\\\/centrourbano.com\\\/revista\\\/vivienda\\\/municipios-reto-desarrollo-urbano\\\/\",\"url\":\"https:\\\/\\\/centrourbano.com\\\/revista\\\/vivienda\\\/municipios-reto-desarrollo-urbano\\\/\",\"name\":\"Municipios, el reto para el desarrollo urbano-Revista Vivienda\",\"isPartOf\":{\"@id\":\"https:\\\/\\\/centrourbano.com\\\/revista\\\/#website\"},\"primaryImageOfPage\":{\"@id\":\"https:\\\/\\\/centrourbano.com\\\/revista\\\/vivienda\\\/municipios-reto-desarrollo-urbano\\\/#primaryimage\"},\"image\":{\"@id\":\"https:\\\/\\\/centrourbano.com\\\/revista\\\/vivienda\\\/municipios-reto-desarrollo-urbano\\\/#primaryimage\"},\"thumbnailUrl\":\"https:\\\/\\\/centrourbano.com\\\/revista\\\/wp-content\\\/uploads\\\/Rosales_Entrevitsa_Vivienda_1.jpg\",\"datePublished\":\"2019-08-14T17:10:59+00:00\",\"dateModified\":\"2019-08-23T17:00:57+00:00\",\"description\":\"Con el objetivo de encarar los desaf\u00edos en materia de desarrollo urbano y vivienda, es importante que los municipios cuenten con planes...\",\"breadcrumb\":{\"@id\":\"https:\\\/\\\/centrourbano.com\\\/revista\\\/vivienda\\\/municipios-reto-desarrollo-urbano\\\/#breadcrumb\"},\"inLanguage\":\"es\",\"potentialAction\":[{\"@type\":\"ReadAction\",\"target\":[\"https:\\\/\\\/centrourbano.com\\\/revista\\\/vivienda\\\/municipios-reto-desarrollo-urbano\\\/\"]}]},{\"@type\":\"ImageObject\",\"inLanguage\":\"es\",\"@id\":\"https:\\\/\\\/centrourbano.com\\\/revista\\\/vivienda\\\/municipios-reto-desarrollo-urbano\\\/#primaryimage\",\"url\":\"https:\\\/\\\/centrourbano.com\\\/revista\\\/wp-content\\\/uploads\\\/Rosales_Entrevitsa_Vivienda_1.jpg\",\"contentUrl\":\"https:\\\/\\\/centrourbano.com\\\/revista\\\/wp-content\\\/uploads\\\/Rosales_Entrevitsa_Vivienda_1.jpg\",\"width\":800,\"height\":533,\"caption\":\"Las autoridades reconocen que en los ayuntamientos se encuentra la clave para que los planes de ordenamiento sean exitosos. Por ello, trabajar\u00e1n en el tema a trav\u00e9s del Pumot\"},{\"@type\":\"BreadcrumbList\",\"@id\":\"https:\\\/\\\/centrourbano.com\\\/revista\\\/vivienda\\\/municipios-reto-desarrollo-urbano\\\/#breadcrumb\",\"itemListElement\":[{\"@type\":\"ListItem\",\"position\":1,\"name\":\"Portada\",\"item\":\"https:\\\/\\\/centrourbano.com\\\/revista\\\/\"},{\"@type\":\"ListItem\",\"position\":2,\"name\":\"Municipios, el reto para el desarrollo urbano\"}]},{\"@type\":\"WebSite\",\"@id\":\"https:\\\/\\\/centrourbano.com\\\/revista\\\/#website\",\"url\":\"https:\\\/\\\/centrourbano.com\\\/revista\\\/\",\"name\":\"Centro Urbano\",\"description\":\"Medio especializado en los sectores vivienda, inmobiliario, construcci\u00f3n, arquitectura y urbanismo.\",\"publisher\":{\"@id\":\"https:\\\/\\\/centrourbano.com\\\/revista\\\/#organization\"},\"potentialAction\":[{\"@type\":\"SearchAction\",\"target\":{\"@type\":\"EntryPoint\",\"urlTemplate\":\"https:\\\/\\\/centrourbano.com\\\/revista\\\/?s={search_term_string}\"},\"query-input\":{\"@type\":\"PropertyValueSpecification\",\"valueRequired\":true,\"valueName\":\"search_term_string\"}}],\"inLanguage\":\"es\"},{\"@type\":\"Organization\",\"@id\":\"https:\\\/\\\/centrourbano.com\\\/revista\\\/#organization\",\"name\":\"Centro Urbano\",\"url\":\"https:\\\/\\\/centrourbano.com\\\/revista\\\/\",\"logo\":{\"@type\":\"ImageObject\",\"inLanguage\":\"es\",\"@id\":\"https:\\\/\\\/centrourbano.com\\\/revista\\\/#\\\/schema\\\/logo\\\/image\\\/\",\"url\":\"https:\\\/\\\/centrourbano.com\\\/revista\\\/wp-content\\\/uploads\\\/web_CU_logo-1.png\",\"contentUrl\":\"https:\\\/\\\/centrourbano.com\\\/revista\\\/wp-content\\\/uploads\\\/web_CU_logo-1.png\",\"width\":350,\"height\":91,\"caption\":\"Centro Urbano\"},\"image\":{\"@id\":\"https:\\\/\\\/centrourbano.com\\\/revista\\\/#\\\/schema\\\/logo\\\/image\\\/\"},\"sameAs\":[\"https:\\\/\\\/www.facebook.com\\\/portalcentrourbano\",\"https:\\\/\\\/x.com\\\/CentroUrbano\",\"https:\\\/\\\/www.instagram.com\\\/centro_urbano\\\/\",\"https:\\\/\\\/www.linkedin.com\\\/company\\\/centro-urbano\\\/\",\"http:\\\/\\\/www.youtube.com\\\/user\\\/portalcentrourbano\"]},{\"@type\":\"Person\",\"@id\":\"https:\\\/\\\/centrourbano.com\\\/revista\\\/#\\\/schema\\\/person\\\/131fd76fa17f4ca2c25c65a74d97c6b6\",\"name\":\"Edgar Rosas\",\"image\":{\"@type\":\"ImageObject\",\"inLanguage\":\"es\",\"@id\":\"https:\\\/\\\/secure.gravatar.com\\\/avatar\\\/94440c4283495211faa5300bf85e80061036b83fced868c3783aa1310b350d9c?s=96&d=mm&r=g\",\"url\":\"https:\\\/\\\/secure.gravatar.com\\\/avatar\\\/94440c4283495211faa5300bf85e80061036b83fced868c3783aa1310b350d9c?s=96&d=mm&r=g\",\"contentUrl\":\"https:\\\/\\\/secure.gravatar.com\\\/avatar\\\/94440c4283495211faa5300bf85e80061036b83fced868c3783aa1310b350d9c?s=96&d=mm&r=g\",\"caption\":\"Edgar Rosas\"},\"description\":\"Editor en Jefe de Centro Urbano. Egresado de la maestr\u00eda en Periodismo Pol\u00edtico de la Escuela de Periodismo Carlos Septi\u00e9n Garc\u00eda (EPCSG). Estudi\u00f3 la licenciatura en Comunicaci\u00f3n en la Universidad Mexicana. Amante de la cr\u00f3nica y el reportaje. Admirador de Vicente Le\u00f1ero y Miguel \u00c1ngel Granados Chapa.\",\"sameAs\":[\"https:\\\/\\\/x.com\\\/https:\\\/\\\/twitter.com\\\/ERosasCU?s=09\"],\"url\":\"https:\\\/\\\/centrourbano.com\\\/revista\\\/author\\\/edgar-rosas\\\/\"}]}<\/script>\n<!-- \/ Yoast SEO plugin. -->","yoast_head_json":{"title":"Municipios, el reto para el desarrollo urbano-Revista Vivienda","description":"Con el objetivo de encarar los desaf\u00edos en materia de desarrollo urbano y vivienda, es importante que los municipios cuenten con planes...","robots":{"index":"index","follow":"follow","max-snippet":"max-snippet:-1","max-image-preview":"max-image-preview:large","max-video-preview":"max-video-preview:-1"},"canonical":"https:\/\/centrourbano.com\/revista\/vivienda\/municipios-reto-desarrollo-urbano\/","og_locale":"es_ES","og_type":"article","og_title":"Municipios, el reto para el desarrollo urbano-Revista Vivienda","og_description":"Con el objetivo de encarar los desaf\u00edos en materia de desarrollo urbano y vivienda, es importante que los municipios cuenten con planes...","og_url":"https:\/\/centrourbano.com\/revista\/vivienda\/municipios-reto-desarrollo-urbano\/","og_site_name":"Centro Urbano","article_publisher":"https:\/\/www.facebook.com\/portalcentrourbano","article_published_time":"2019-08-14T17:10:59+00:00","article_modified_time":"2019-08-23T17:00:57+00:00","og_image":[{"width":800,"height":533,"url":"https:\/\/centrourbano.com\/revista\/wp-content\/uploads\/Rosales_Entrevitsa_Vivienda_1.jpg","type":"image\/jpeg"}],"author":"Edgar Rosas","twitter_card":"summary_large_image","twitter_creator":"@https:\/\/twitter.com\/ERosasCU?s=09","twitter_site":"@CentroUrbano","twitter_misc":{"Escrito por":"Edgar Rosas","Tiempo de lectura":"5 minutos"},"schema":{"@context":"https:\/\/schema.org","@graph":[{"@type":"Article","@id":"https:\/\/centrourbano.com\/revista\/vivienda\/municipios-reto-desarrollo-urbano\/#article","isPartOf":{"@id":"https:\/\/centrourbano.com\/revista\/vivienda\/municipios-reto-desarrollo-urbano\/"},"author":{"name":"Edgar Rosas","@id":"https:\/\/centrourbano.com\/revista\/#\/schema\/person\/131fd76fa17f4ca2c25c65a74d97c6b6"},"headline":"Municipios, el reto para el desarrollo urbano","datePublished":"2019-08-14T17:10:59+00:00","dateModified":"2019-08-23T17:00:57+00:00","mainEntityOfPage":{"@id":"https:\/\/centrourbano.com\/revista\/vivienda\/municipios-reto-desarrollo-urbano\/"},"wordCount":925,"commentCount":0,"publisher":{"@id":"https:\/\/centrourbano.com\/revista\/#organization"},"image":{"@id":"https:\/\/centrourbano.com\/revista\/vivienda\/municipios-reto-desarrollo-urbano\/#primaryimage"},"thumbnailUrl":"https:\/\/centrourbano.com\/revista\/wp-content\/uploads\/Rosales_Entrevitsa_Vivienda_1.jpg","keywords":["Armando Rosales","Desarrollo urbano","Entrevista","Municipios","PUMOT","Revista Vivienda"],"articleSection":["Publicaciones","Revista Vivienda","Vivienda"],"inLanguage":"es","potentialAction":[{"@type":"CommentAction","name":"Comment","target":["https:\/\/centrourbano.com\/revista\/vivienda\/municipios-reto-desarrollo-urbano\/#respond"]}]},{"@type":"WebPage","@id":"https:\/\/centrourbano.com\/revista\/vivienda\/municipios-reto-desarrollo-urbano\/","url":"https:\/\/centrourbano.com\/revista\/vivienda\/municipios-reto-desarrollo-urbano\/","name":"Municipios, el reto para el desarrollo urbano-Revista Vivienda","isPartOf":{"@id":"https:\/\/centrourbano.com\/revista\/#website"},"primaryImageOfPage":{"@id":"https:\/\/centrourbano.com\/revista\/vivienda\/municipios-reto-desarrollo-urbano\/#primaryimage"},"image":{"@id":"https:\/\/centrourbano.com\/revista\/vivienda\/municipios-reto-desarrollo-urbano\/#primaryimage"},"thumbnailUrl":"https:\/\/centrourbano.com\/revista\/wp-content\/uploads\/Rosales_Entrevitsa_Vivienda_1.jpg","datePublished":"2019-08-14T17:10:59+00:00","dateModified":"2019-08-23T17:00:57+00:00","description":"Con el objetivo de encarar los desaf\u00edos en materia de desarrollo urbano y vivienda, es importante que los municipios cuenten con planes...","breadcrumb":{"@id":"https:\/\/centrourbano.com\/revista\/vivienda\/municipios-reto-desarrollo-urbano\/#breadcrumb"},"inLanguage":"es","potentialAction":[{"@type":"ReadAction","target":["https:\/\/centrourbano.com\/revista\/vivienda\/municipios-reto-desarrollo-urbano\/"]}]},{"@type":"ImageObject","inLanguage":"es","@id":"https:\/\/centrourbano.com\/revista\/vivienda\/municipios-reto-desarrollo-urbano\/#primaryimage","url":"https:\/\/centrourbano.com\/revista\/wp-content\/uploads\/Rosales_Entrevitsa_Vivienda_1.jpg","contentUrl":"https:\/\/centrourbano.com\/revista\/wp-content\/uploads\/Rosales_Entrevitsa_Vivienda_1.jpg","width":800,"height":533,"caption":"Las autoridades reconocen que en los ayuntamientos se encuentra la clave para que los planes de ordenamiento sean exitosos. Por ello, trabajar\u00e1n en el tema a trav\u00e9s del Pumot"},{"@type":"BreadcrumbList","@id":"https:\/\/centrourbano.com\/revista\/vivienda\/municipios-reto-desarrollo-urbano\/#breadcrumb","itemListElement":[{"@type":"ListItem","position":1,"name":"Portada","item":"https:\/\/centrourbano.com\/revista\/"},{"@type":"ListItem","position":2,"name":"Municipios, el reto para el desarrollo urbano"}]},{"@type":"WebSite","@id":"https:\/\/centrourbano.com\/revista\/#website","url":"https:\/\/centrourbano.com\/revista\/","name":"Centro Urbano","description":"Medio especializado en los sectores vivienda, inmobiliario, construcci\u00f3n, arquitectura y urbanismo.","publisher":{"@id":"https:\/\/centrourbano.com\/revista\/#organization"},"potentialAction":[{"@type":"SearchAction","target":{"@type":"EntryPoint","urlTemplate":"https:\/\/centrourbano.com\/revista\/?s={search_term_string}"},"query-input":{"@type":"PropertyValueSpecification","valueRequired":true,"valueName":"search_term_string"}}],"inLanguage":"es"},{"@type":"Organization","@id":"https:\/\/centrourbano.com\/revista\/#organization","name":"Centro Urbano","url":"https:\/\/centrourbano.com\/revista\/","logo":{"@type":"ImageObject","inLanguage":"es","@id":"https:\/\/centrourbano.com\/revista\/#\/schema\/logo\/image\/","url":"https:\/\/centrourbano.com\/revista\/wp-content\/uploads\/web_CU_logo-1.png","contentUrl":"https:\/\/centrourbano.com\/revista\/wp-content\/uploads\/web_CU_logo-1.png","width":350,"height":91,"caption":"Centro Urbano"},"image":{"@id":"https:\/\/centrourbano.com\/revista\/#\/schema\/logo\/image\/"},"sameAs":["https:\/\/www.facebook.com\/portalcentrourbano","https:\/\/x.com\/CentroUrbano","https:\/\/www.instagram.com\/centro_urbano\/","https:\/\/www.linkedin.com\/company\/centro-urbano\/","http:\/\/www.youtube.com\/user\/portalcentrourbano"]},{"@type":"Person","@id":"https:\/\/centrourbano.com\/revista\/#\/schema\/person\/131fd76fa17f4ca2c25c65a74d97c6b6","name":"Edgar Rosas","image":{"@type":"ImageObject","inLanguage":"es","@id":"https:\/\/secure.gravatar.com\/avatar\/94440c4283495211faa5300bf85e80061036b83fced868c3783aa1310b350d9c?s=96&d=mm&r=g","url":"https:\/\/secure.gravatar.com\/avatar\/94440c4283495211faa5300bf85e80061036b83fced868c3783aa1310b350d9c?s=96&d=mm&r=g","contentUrl":"https:\/\/secure.gravatar.com\/avatar\/94440c4283495211faa5300bf85e80061036b83fced868c3783aa1310b350d9c?s=96&d=mm&r=g","caption":"Edgar Rosas"},"description":"Editor en Jefe de Centro Urbano. Egresado de la maestr\u00eda en Periodismo Pol\u00edtico de la Escuela de Periodismo Carlos Septi\u00e9n Garc\u00eda (EPCSG). Estudi\u00f3 la licenciatura en Comunicaci\u00f3n en la Universidad Mexicana. Amante de la cr\u00f3nica y el reportaje. Admirador de Vicente Le\u00f1ero y Miguel \u00c1ngel Granados Chapa.","sameAs":["https:\/\/x.com\/https:\/\/twitter.com\/ERosasCU?s=09"],"url":"https:\/\/centrourbano.com\/revista\/author\/edgar-rosas\/"}]}},"_links":{"self":[{"href":"https:\/\/centrourbano.com\/revista\/wp-json\/wp\/v2\/posts\/94939","targetHints":{"allow":["GET"]}}],"collection":[{"href":"https:\/\/centrourbano.com\/revista\/wp-json\/wp\/v2\/posts"}],"about":[{"href":"https:\/\/centrourbano.com\/revista\/wp-json\/wp\/v2\/types\/post"}],"author":[{"embeddable":true,"href":"https:\/\/centrourbano.com\/revista\/wp-json\/wp\/v2\/users\/47"}],"replies":[{"embeddable":true,"href":"https:\/\/centrourbano.com\/revista\/wp-json\/wp\/v2\/comments?post=94939"}],"version-history":[{"count":4,"href":"https:\/\/centrourbano.com\/revista\/wp-json\/wp\/v2\/posts\/94939\/revisions"}],"predecessor-version":[{"id":95228,"href":"https:\/\/centrourbano.com\/revista\/wp-json\/wp\/v2\/posts\/94939\/revisions\/95228"}],"wp:featuredmedia":[{"embeddable":true,"href":"https:\/\/centrourbano.com\/revista\/wp-json\/wp\/v2\/media\/94940"}],"wp:attachment":[{"href":"https:\/\/centrourbano.com\/revista\/wp-json\/wp\/v2\/media?parent=94939"}],"wp:term":[{"taxonomy":"category","embeddable":true,"href":"https:\/\/centrourbano.com\/revista\/wp-json\/wp\/v2\/categories?post=94939"},{"taxonomy":"post_tag","embeddable":true,"href":"https:\/\/centrourbano.com\/revista\/wp-json\/wp\/v2\/tags?post=94939"}],"curies":[{"name":"wp","href":"https:\/\/api.w.org\/{rel}","templated":true}]}}