{"id":94912,"date":"2019-08-15T15:23:16","date_gmt":"2019-08-15T20:23:16","guid":{"rendered":"https:\/\/centrourbano.com\/?p=94912"},"modified":"2019-08-15T15:23:16","modified_gmt":"2019-08-15T20:23:16","slug":"sembrando-parques-av-chapultepec","status":"publish","type":"post","link":"https:\/\/centrourbano.com\/revista\/urbanismo\/sembrando-parques-av-chapultepec\/","title":{"rendered":"GCDMX inicia rehabilitaci\u00f3n de avenida Chapultepec"},"content":{"rendered":"<p><em>La rehabilitaci\u00f3n y reforestaci\u00f3n de la Avenida Chapultepec contempla la plantaci\u00f3n de 95,000 plantas y \u00e1rboles y el mejoramiento de la infraestructura<\/em><!--more--><\/p>\n<p>El <strong>Gobierno de la Ciudad de M\u00e9xico,<\/strong> a trav\u00e9s de las secretar\u00edas de <strong>Obras y Servicios (Sobse), Movilidad (Semovi), del Medio Ambiente (Sedema) y de Cultura<\/strong>, as\u00ed como del <strong>Sistema de Aguas de la Ciudad de M\u00e9xico (SACMEX)<\/strong>, arranc\u00f3 el <strong>programa Sembrando Parques,<\/strong> que incluye la rehabilitaci\u00f3n y reforestaci\u00f3n de la <strong>Avenida Chapultepec.<\/strong><\/p>\n<p>El proyecto contempla la <strong>intervenci\u00f3n de 1.2 kil\u00f3metros de la vialidad,<\/strong> desde la Calle Lieja hasta la Glorieta de los Insurgentes, en la alcald\u00eda Cuauht\u00e9moc, donde se realizar\u00e1 una reforestaci\u00f3n masiva con 95,513 \u00e1rboles, plantas y arbustos, adem\u00e1s de que se contar\u00e1 con una nueva reconfiguraci\u00f3n vial, se\u00f1alamientos horizontales y verticales, adecuaciones geom\u00e9tricas, cruces seguros, renovaci\u00f3n y nivelaci\u00f3n de pavimentos, mejoramiento del alumbrado p\u00fablico y \u00e1reas verdes, ampliaci\u00f3n del \u00e1rea peatonal, mejoramiento de la ciclov\u00eda y reaprovechamiento de los espacios.<\/p>\n<p>Al respecto, el <strong>secretario de Cultura de la Ciudad de M\u00e9xico, Jos\u00e9 Alfonso Su\u00e1rez del Real y Aguilera<\/strong>, urgi\u00f3 la necesidad de rescatar \u201cla dignidad de la Avenida Chapultepec\u201d, ya que no se ha remodelado desde hace m\u00e1s de 50 a\u00f1os. Agreg\u00f3 que la obra es p\u00fablica, ya que no hay concesiones y es distinto al proyecto del corredor cultural Chapultepec.<\/p>\n<p><strong>Andr\u00e9s Lajous, titular de la Semovi,<\/strong> explic\u00f3 que en el proyecto \u201cest\u00e1 pensada cada parte de la operaci\u00f3n de la avenida, empezando por el subsuelo; por otro lado, el trabajo est\u00e1 orientado a repensar la distribuci\u00f3n de la misma, ampliando espacio p\u00fablico y espacio peatonal, pero manteniendo la operaci\u00f3n de los autom\u00f3viles\u201d.<\/p>\n<p>El funcionario coment\u00f3 que la intervenci\u00f3n de la vialidad incluye un <strong>proyecto de se\u00f1alizaci\u00f3n<\/strong> que consiste en adecuar las entradas en agujas a los carriles centrales y prohibir las vueltas a la izquierda. \u201cToda la se\u00f1alizaci\u00f3n la vamos a modificar de tal manera que los veh\u00edculos sepan qu\u00e9 decisiones tomar dependiendo al destino al que van\u201d.<\/p>\n<p><strong>Jes\u00fas Antonio Esteva Medina, secretario de Obras y Servicios<\/strong>, indic\u00f3 que su dependencia se encargar\u00e1 de la ejecuci\u00f3n se\u00f1al\u00e9tica de la parte superficial de la Avenida Chapultepec: \u201cHay una intervenci\u00f3n a lo largo de 1.2 kil\u00f3metros de Lieja a la Glorieta (de Insurgentes) en la primera etapa, pero son cerca de 7.46 hect\u00e1reas de superficie donde se trabajar\u00e1 en cruces seguros para los peatones\u201d.<\/p>\n<p>Por su parte, la <strong>titular de la Sedema, Marina Robles Garc\u00eda,<\/strong> destac\u00f3 que los trabajos de reforestaci\u00f3n ser\u00e1n para el beneficio de la ciudadan\u00eda, pues \u201cen un proceso de revegetaci\u00f3n no s\u00f3lo son importan los \u00e1rboles, sino todas las otras capas de vegetaci\u00f3n que finalmente son las que construyen un ecosistema\u201d.<\/p>\n<p><strong>El proyecto de rehabilitaci\u00f3n y reforestaci\u00f3n de la Avenida Chapultepec se llevar\u00e1 a cabo en dos etapas<\/strong>, la primera en el lado sur que colinda con la colonia Roma, del 14 de agosto al 14 de octubre, y la segunda en el lado norte, que limita con la colonia Ju\u00e1rez, del 14 de octubre al 14 de noviembre.<\/p>\n","protected":false},"excerpt":{"rendered":"<p>La rehabilitaci\u00f3n y reforestaci\u00f3n de la Avenida Chapultepec contempla la plantaci\u00f3n de 95,000 plantas y \u00e1rboles y el mejoramiento de la infraestructura<\/p>\n","protected":false},"author":73,"featured_media":94915,"comment_status":"open","ping_status":"closed","sticky":false,"template":"","format":"standard","meta":{"om_disable_all_campaigns":false,"inline_featured_image":false,"_monsterinsights_skip_tracking":false,"_monsterinsights_sitenote_active":false,"_monsterinsights_sitenote_note":"","_monsterinsights_sitenote_category":0,"footnotes":""},"categories":[82],"tags":[6125,11286,2065,158,16167],"class_list":["post-94912","post","type-post","status-publish","format-standard","has-post-thumbnail","hentry","category-urbanismo","tag-avenida-chapultepec","tag-gobierno-cdmx","tag-reforestacion","tag-rehabilitacion","tag-sembrando-parques"],"yoast_head":"<!-- This site is optimized with the Yoast SEO plugin v27.4 - https:\/\/yoast.com\/product\/yoast-seo-wordpress\/ -->\n<title>GCDMX implementa programa Sembrando Parques en Av. Chapultepec<\/title>\n<meta name=\"description\" content=\"La rehabilitaci\u00f3n y reforestaci\u00f3n de la Avenida Chapultepec contempla la plantaci\u00f3n de 95,000 plantas y \u00e1rboles y el mejoramiento de la infraestructura\" \/>\n<meta name=\"robots\" content=\"index, follow, max-snippet:-1, max-image-preview:large, max-video-preview:-1\" \/>\n<link rel=\"canonical\" href=\"https:\/\/centrourbano.com\/revista\/urbanismo\/sembrando-parques-av-chapultepec\/\" \/>\n<meta property=\"og:locale\" content=\"es_ES\" \/>\n<meta property=\"og:type\" content=\"article\" \/>\n<meta property=\"og:title\" content=\"GCDMX implementa programa Sembrando Parques en Av. Chapultepec\" \/>\n<meta property=\"og:description\" content=\"La rehabilitaci\u00f3n y reforestaci\u00f3n de la Avenida Chapultepec contempla la plantaci\u00f3n de 95,000 plantas y \u00e1rboles y el mejoramiento de la infraestructura\" \/>\n<meta property=\"og:url\" content=\"https:\/\/centrourbano.com\/revista\/urbanismo\/sembrando-parques-av-chapultepec\/\" \/>\n<meta property=\"og:site_name\" content=\"Centro Urbano\" \/>\n<meta property=\"article:publisher\" content=\"https:\/\/www.facebook.com\/portalcentrourbano\" \/>\n<meta property=\"article:published_time\" content=\"2019-08-15T20:23:16+00:00\" \/>\n<meta property=\"og:image\" content=\"https:\/\/centrourbano.com\/revista\/wp-content\/uploads\/GCDMX-implementa-programa-Sembrando-Parques-en-Av.-Chapultepec.jpg\" \/>\n\t<meta property=\"og:image:width\" content=\"528\" \/>\n\t<meta property=\"og:image:height\" content=\"324\" \/>\n\t<meta property=\"og:image:type\" content=\"image\/jpeg\" \/>\n<meta name=\"author\" content=\"Fernanda Hern\u00e1ndez\" \/>\n<meta name=\"twitter:card\" content=\"summary_large_image\" \/>\n<meta name=\"twitter:creator\" content=\"@https:\/\/twitter.com\/Nannz_Hernandez\" \/>\n<meta name=\"twitter:site\" content=\"@CentroUrbano\" \/>\n<meta name=\"twitter:label1\" content=\"Escrito por\" \/>\n\t<meta name=\"twitter:data1\" content=\"Fernanda Hern\u00e1ndez\" \/>\n\t<meta name=\"twitter:label2\" content=\"Tiempo de lectura\" \/>\n\t<meta name=\"twitter:data2\" content=\"3 minutos\" \/>\n<script type=\"application\/ld+json\" class=\"yoast-schema-graph\">{\"@context\":\"https:\\\/\\\/schema.org\",\"@graph\":[{\"@type\":\"Article\",\"@id\":\"https:\\\/\\\/centrourbano.com\\\/revista\\\/urbanismo\\\/sembrando-parques-av-chapultepec\\\/#article\",\"isPartOf\":{\"@id\":\"https:\\\/\\\/centrourbano.com\\\/revista\\\/urbanismo\\\/sembrando-parques-av-chapultepec\\\/\"},\"author\":{\"name\":\"Fernanda Hern\u00e1ndez\",\"@id\":\"https:\\\/\\\/centrourbano.com\\\/revista\\\/#\\\/schema\\\/person\\\/b190b20bbbceb41ec72278c546fa8df3\"},\"headline\":\"GCDMX inicia rehabilitaci\u00f3n de avenida Chapultepec\",\"datePublished\":\"2019-08-15T20:23:16+00:00\",\"mainEntityOfPage\":{\"@id\":\"https:\\\/\\\/centrourbano.com\\\/revista\\\/urbanismo\\\/sembrando-parques-av-chapultepec\\\/\"},\"wordCount\":551,\"commentCount\":0,\"publisher\":{\"@id\":\"https:\\\/\\\/centrourbano.com\\\/revista\\\/#organization\"},\"image\":{\"@id\":\"https:\\\/\\\/centrourbano.com\\\/revista\\\/urbanismo\\\/sembrando-parques-av-chapultepec\\\/#primaryimage\"},\"thumbnailUrl\":\"https:\\\/\\\/centrourbano.com\\\/revista\\\/wp-content\\\/uploads\\\/GCDMX-implementa-programa-Sembrando-Parques-en-Av.-Chapultepec.jpg\",\"keywords\":[\"Avenida Chapultepec\",\"Gobierno CDMX\",\"reforestaci\u00f3n\",\"Rehabilitaci\u00f3n\",\"Sembrando Parques\"],\"articleSection\":[\"Urbanismo\"],\"inLanguage\":\"es\",\"potentialAction\":[{\"@type\":\"CommentAction\",\"name\":\"Comment\",\"target\":[\"https:\\\/\\\/centrourbano.com\\\/revista\\\/urbanismo\\\/sembrando-parques-av-chapultepec\\\/#respond\"]}]},{\"@type\":\"WebPage\",\"@id\":\"https:\\\/\\\/centrourbano.com\\\/revista\\\/urbanismo\\\/sembrando-parques-av-chapultepec\\\/\",\"url\":\"https:\\\/\\\/centrourbano.com\\\/revista\\\/urbanismo\\\/sembrando-parques-av-chapultepec\\\/\",\"name\":\"GCDMX implementa programa Sembrando Parques en Av. Chapultepec\",\"isPartOf\":{\"@id\":\"https:\\\/\\\/centrourbano.com\\\/revista\\\/#website\"},\"primaryImageOfPage\":{\"@id\":\"https:\\\/\\\/centrourbano.com\\\/revista\\\/urbanismo\\\/sembrando-parques-av-chapultepec\\\/#primaryimage\"},\"image\":{\"@id\":\"https:\\\/\\\/centrourbano.com\\\/revista\\\/urbanismo\\\/sembrando-parques-av-chapultepec\\\/#primaryimage\"},\"thumbnailUrl\":\"https:\\\/\\\/centrourbano.com\\\/revista\\\/wp-content\\\/uploads\\\/GCDMX-implementa-programa-Sembrando-Parques-en-Av.-Chapultepec.jpg\",\"datePublished\":\"2019-08-15T20:23:16+00:00\",\"description\":\"La rehabilitaci\u00f3n y reforestaci\u00f3n de la Avenida Chapultepec contempla la plantaci\u00f3n de 95,000 plantas y \u00e1rboles y el mejoramiento de la infraestructura\",\"breadcrumb\":{\"@id\":\"https:\\\/\\\/centrourbano.com\\\/revista\\\/urbanismo\\\/sembrando-parques-av-chapultepec\\\/#breadcrumb\"},\"inLanguage\":\"es\",\"potentialAction\":[{\"@type\":\"ReadAction\",\"target\":[\"https:\\\/\\\/centrourbano.com\\\/revista\\\/urbanismo\\\/sembrando-parques-av-chapultepec\\\/\"]}]},{\"@type\":\"ImageObject\",\"inLanguage\":\"es\",\"@id\":\"https:\\\/\\\/centrourbano.com\\\/revista\\\/urbanismo\\\/sembrando-parques-av-chapultepec\\\/#primaryimage\",\"url\":\"https:\\\/\\\/centrourbano.com\\\/revista\\\/wp-content\\\/uploads\\\/GCDMX-implementa-programa-Sembrando-Parques-en-Av.-Chapultepec.jpg\",\"contentUrl\":\"https:\\\/\\\/centrourbano.com\\\/revista\\\/wp-content\\\/uploads\\\/GCDMX-implementa-programa-Sembrando-Parques-en-Av.-Chapultepec.jpg\",\"width\":528,\"height\":324,\"caption\":\"La rehabilitaci\u00f3n y reforestaci\u00f3n de la Avenida Chapultepec contempla la plantaci\u00f3n de 95,000 plantas y \u00e1rboles y el mejoramiento de la infraestructura\"},{\"@type\":\"BreadcrumbList\",\"@id\":\"https:\\\/\\\/centrourbano.com\\\/revista\\\/urbanismo\\\/sembrando-parques-av-chapultepec\\\/#breadcrumb\",\"itemListElement\":[{\"@type\":\"ListItem\",\"position\":1,\"name\":\"Portada\",\"item\":\"https:\\\/\\\/centrourbano.com\\\/revista\\\/\"},{\"@type\":\"ListItem\",\"position\":2,\"name\":\"GCDMX inicia rehabilitaci\u00f3n de avenida Chapultepec\"}]},{\"@type\":\"WebSite\",\"@id\":\"https:\\\/\\\/centrourbano.com\\\/revista\\\/#website\",\"url\":\"https:\\\/\\\/centrourbano.com\\\/revista\\\/\",\"name\":\"Centro Urbano\",\"description\":\"Medio especializado en los sectores vivienda, inmobiliario, construcci\u00f3n, arquitectura y urbanismo.\",\"publisher\":{\"@id\":\"https:\\\/\\\/centrourbano.com\\\/revista\\\/#organization\"},\"potentialAction\":[{\"@type\":\"SearchAction\",\"target\":{\"@type\":\"EntryPoint\",\"urlTemplate\":\"https:\\\/\\\/centrourbano.com\\\/revista\\\/?s={search_term_string}\"},\"query-input\":{\"@type\":\"PropertyValueSpecification\",\"valueRequired\":true,\"valueName\":\"search_term_string\"}}],\"inLanguage\":\"es\"},{\"@type\":\"Organization\",\"@id\":\"https:\\\/\\\/centrourbano.com\\\/revista\\\/#organization\",\"name\":\"Centro Urbano\",\"url\":\"https:\\\/\\\/centrourbano.com\\\/revista\\\/\",\"logo\":{\"@type\":\"ImageObject\",\"inLanguage\":\"es\",\"@id\":\"https:\\\/\\\/centrourbano.com\\\/revista\\\/#\\\/schema\\\/logo\\\/image\\\/\",\"url\":\"https:\\\/\\\/centrourbano.com\\\/revista\\\/wp-content\\\/uploads\\\/web_CU_logo-1.png\",\"contentUrl\":\"https:\\\/\\\/centrourbano.com\\\/revista\\\/wp-content\\\/uploads\\\/web_CU_logo-1.png\",\"width\":350,\"height\":91,\"caption\":\"Centro Urbano\"},\"image\":{\"@id\":\"https:\\\/\\\/centrourbano.com\\\/revista\\\/#\\\/schema\\\/logo\\\/image\\\/\"},\"sameAs\":[\"https:\\\/\\\/www.facebook.com\\\/portalcentrourbano\",\"https:\\\/\\\/x.com\\\/CentroUrbano\",\"https:\\\/\\\/www.instagram.com\\\/centro_urbano\\\/\",\"https:\\\/\\\/www.linkedin.com\\\/company\\\/centro-urbano\\\/\",\"http:\\\/\\\/www.youtube.com\\\/user\\\/portalcentrourbano\"]},{\"@type\":\"Person\",\"@id\":\"https:\\\/\\\/centrourbano.com\\\/revista\\\/#\\\/schema\\\/person\\\/b190b20bbbceb41ec72278c546fa8df3\",\"name\":\"Fernanda Hern\u00e1ndez\",\"image\":{\"@type\":\"ImageObject\",\"inLanguage\":\"es\",\"@id\":\"https:\\\/\\\/secure.gravatar.com\\\/avatar\\\/9471831fb0a24eae9d32d826a7cb8ef07c34a41520aca1a0ab1f5c0903ba49b9?s=96&d=mm&r=g\",\"url\":\"https:\\\/\\\/secure.gravatar.com\\\/avatar\\\/9471831fb0a24eae9d32d826a7cb8ef07c34a41520aca1a0ab1f5c0903ba49b9?s=96&d=mm&r=g\",\"contentUrl\":\"https:\\\/\\\/secure.gravatar.com\\\/avatar\\\/9471831fb0a24eae9d32d826a7cb8ef07c34a41520aca1a0ab1f5c0903ba49b9?s=96&d=mm&r=g\",\"caption\":\"Fernanda Hern\u00e1ndez\"},\"description\":\"Reportera y redactora en Centro Urbano. Soy egresada de la licenciatura en Ciencias de la Comunicaci\u00f3n de la Facultad de Ciencias Pol\u00edticas y Sociales (UNAM). Me interesa la cultura, el urbanismo y la arquitectura. Amante del mundo digital, el cine, la m\u00fasica, la lectura y la escritura.\",\"sameAs\":[\"https:\\\/\\\/x.com\\\/https:\\\/\\\/twitter.com\\\/Nannz_Hernandez\"],\"url\":\"https:\\\/\\\/centrourbano.com\\\/revista\\\/author\\\/fernanda-hernandez\\\/\"}]}<\/script>\n<!-- \/ Yoast SEO plugin. -->","yoast_head_json":{"title":"GCDMX implementa programa Sembrando Parques en Av. Chapultepec","description":"La rehabilitaci\u00f3n y reforestaci\u00f3n de la Avenida Chapultepec contempla la plantaci\u00f3n de 95,000 plantas y \u00e1rboles y el mejoramiento de la infraestructura","robots":{"index":"index","follow":"follow","max-snippet":"max-snippet:-1","max-image-preview":"max-image-preview:large","max-video-preview":"max-video-preview:-1"},"canonical":"https:\/\/centrourbano.com\/revista\/urbanismo\/sembrando-parques-av-chapultepec\/","og_locale":"es_ES","og_type":"article","og_title":"GCDMX implementa programa Sembrando Parques en Av. Chapultepec","og_description":"La rehabilitaci\u00f3n y reforestaci\u00f3n de la Avenida Chapultepec contempla la plantaci\u00f3n de 95,000 plantas y \u00e1rboles y el mejoramiento de la infraestructura","og_url":"https:\/\/centrourbano.com\/revista\/urbanismo\/sembrando-parques-av-chapultepec\/","og_site_name":"Centro Urbano","article_publisher":"https:\/\/www.facebook.com\/portalcentrourbano","article_published_time":"2019-08-15T20:23:16+00:00","og_image":[{"width":528,"height":324,"url":"https:\/\/centrourbano.com\/revista\/wp-content\/uploads\/GCDMX-implementa-programa-Sembrando-Parques-en-Av.-Chapultepec.jpg","type":"image\/jpeg"}],"author":"Fernanda Hern\u00e1ndez","twitter_card":"summary_large_image","twitter_creator":"@https:\/\/twitter.com\/Nannz_Hernandez","twitter_site":"@CentroUrbano","twitter_misc":{"Escrito por":"Fernanda Hern\u00e1ndez","Tiempo de lectura":"3 minutos"},"schema":{"@context":"https:\/\/schema.org","@graph":[{"@type":"Article","@id":"https:\/\/centrourbano.com\/revista\/urbanismo\/sembrando-parques-av-chapultepec\/#article","isPartOf":{"@id":"https:\/\/centrourbano.com\/revista\/urbanismo\/sembrando-parques-av-chapultepec\/"},"author":{"name":"Fernanda Hern\u00e1ndez","@id":"https:\/\/centrourbano.com\/revista\/#\/schema\/person\/b190b20bbbceb41ec72278c546fa8df3"},"headline":"GCDMX inicia rehabilitaci\u00f3n de avenida Chapultepec","datePublished":"2019-08-15T20:23:16+00:00","mainEntityOfPage":{"@id":"https:\/\/centrourbano.com\/revista\/urbanismo\/sembrando-parques-av-chapultepec\/"},"wordCount":551,"commentCount":0,"publisher":{"@id":"https:\/\/centrourbano.com\/revista\/#organization"},"image":{"@id":"https:\/\/centrourbano.com\/revista\/urbanismo\/sembrando-parques-av-chapultepec\/#primaryimage"},"thumbnailUrl":"https:\/\/centrourbano.com\/revista\/wp-content\/uploads\/GCDMX-implementa-programa-Sembrando-Parques-en-Av.-Chapultepec.jpg","keywords":["Avenida Chapultepec","Gobierno CDMX","reforestaci\u00f3n","Rehabilitaci\u00f3n","Sembrando Parques"],"articleSection":["Urbanismo"],"inLanguage":"es","potentialAction":[{"@type":"CommentAction","name":"Comment","target":["https:\/\/centrourbano.com\/revista\/urbanismo\/sembrando-parques-av-chapultepec\/#respond"]}]},{"@type":"WebPage","@id":"https:\/\/centrourbano.com\/revista\/urbanismo\/sembrando-parques-av-chapultepec\/","url":"https:\/\/centrourbano.com\/revista\/urbanismo\/sembrando-parques-av-chapultepec\/","name":"GCDMX implementa programa Sembrando Parques en Av. Chapultepec","isPartOf":{"@id":"https:\/\/centrourbano.com\/revista\/#website"},"primaryImageOfPage":{"@id":"https:\/\/centrourbano.com\/revista\/urbanismo\/sembrando-parques-av-chapultepec\/#primaryimage"},"image":{"@id":"https:\/\/centrourbano.com\/revista\/urbanismo\/sembrando-parques-av-chapultepec\/#primaryimage"},"thumbnailUrl":"https:\/\/centrourbano.com\/revista\/wp-content\/uploads\/GCDMX-implementa-programa-Sembrando-Parques-en-Av.-Chapultepec.jpg","datePublished":"2019-08-15T20:23:16+00:00","description":"La rehabilitaci\u00f3n y reforestaci\u00f3n de la Avenida Chapultepec contempla la plantaci\u00f3n de 95,000 plantas y \u00e1rboles y el mejoramiento de la infraestructura","breadcrumb":{"@id":"https:\/\/centrourbano.com\/revista\/urbanismo\/sembrando-parques-av-chapultepec\/#breadcrumb"},"inLanguage":"es","potentialAction":[{"@type":"ReadAction","target":["https:\/\/centrourbano.com\/revista\/urbanismo\/sembrando-parques-av-chapultepec\/"]}]},{"@type":"ImageObject","inLanguage":"es","@id":"https:\/\/centrourbano.com\/revista\/urbanismo\/sembrando-parques-av-chapultepec\/#primaryimage","url":"https:\/\/centrourbano.com\/revista\/wp-content\/uploads\/GCDMX-implementa-programa-Sembrando-Parques-en-Av.-Chapultepec.jpg","contentUrl":"https:\/\/centrourbano.com\/revista\/wp-content\/uploads\/GCDMX-implementa-programa-Sembrando-Parques-en-Av.-Chapultepec.jpg","width":528,"height":324,"caption":"La rehabilitaci\u00f3n y reforestaci\u00f3n de la Avenida Chapultepec contempla la plantaci\u00f3n de 95,000 plantas y \u00e1rboles y el mejoramiento de la infraestructura"},{"@type":"BreadcrumbList","@id":"https:\/\/centrourbano.com\/revista\/urbanismo\/sembrando-parques-av-chapultepec\/#breadcrumb","itemListElement":[{"@type":"ListItem","position":1,"name":"Portada","item":"https:\/\/centrourbano.com\/revista\/"},{"@type":"ListItem","position":2,"name":"GCDMX inicia rehabilitaci\u00f3n de avenida Chapultepec"}]},{"@type":"WebSite","@id":"https:\/\/centrourbano.com\/revista\/#website","url":"https:\/\/centrourbano.com\/revista\/","name":"Centro Urbano","description":"Medio especializado en los sectores vivienda, inmobiliario, construcci\u00f3n, arquitectura y urbanismo.","publisher":{"@id":"https:\/\/centrourbano.com\/revista\/#organization"},"potentialAction":[{"@type":"SearchAction","target":{"@type":"EntryPoint","urlTemplate":"https:\/\/centrourbano.com\/revista\/?s={search_term_string}"},"query-input":{"@type":"PropertyValueSpecification","valueRequired":true,"valueName":"search_term_string"}}],"inLanguage":"es"},{"@type":"Organization","@id":"https:\/\/centrourbano.com\/revista\/#organization","name":"Centro Urbano","url":"https:\/\/centrourbano.com\/revista\/","logo":{"@type":"ImageObject","inLanguage":"es","@id":"https:\/\/centrourbano.com\/revista\/#\/schema\/logo\/image\/","url":"https:\/\/centrourbano.com\/revista\/wp-content\/uploads\/web_CU_logo-1.png","contentUrl":"https:\/\/centrourbano.com\/revista\/wp-content\/uploads\/web_CU_logo-1.png","width":350,"height":91,"caption":"Centro Urbano"},"image":{"@id":"https:\/\/centrourbano.com\/revista\/#\/schema\/logo\/image\/"},"sameAs":["https:\/\/www.facebook.com\/portalcentrourbano","https:\/\/x.com\/CentroUrbano","https:\/\/www.instagram.com\/centro_urbano\/","https:\/\/www.linkedin.com\/company\/centro-urbano\/","http:\/\/www.youtube.com\/user\/portalcentrourbano"]},{"@type":"Person","@id":"https:\/\/centrourbano.com\/revista\/#\/schema\/person\/b190b20bbbceb41ec72278c546fa8df3","name":"Fernanda Hern\u00e1ndez","image":{"@type":"ImageObject","inLanguage":"es","@id":"https:\/\/secure.gravatar.com\/avatar\/9471831fb0a24eae9d32d826a7cb8ef07c34a41520aca1a0ab1f5c0903ba49b9?s=96&d=mm&r=g","url":"https:\/\/secure.gravatar.com\/avatar\/9471831fb0a24eae9d32d826a7cb8ef07c34a41520aca1a0ab1f5c0903ba49b9?s=96&d=mm&r=g","contentUrl":"https:\/\/secure.gravatar.com\/avatar\/9471831fb0a24eae9d32d826a7cb8ef07c34a41520aca1a0ab1f5c0903ba49b9?s=96&d=mm&r=g","caption":"Fernanda Hern\u00e1ndez"},"description":"Reportera y redactora en Centro Urbano. Soy egresada de la licenciatura en Ciencias de la Comunicaci\u00f3n de la Facultad de Ciencias Pol\u00edticas y Sociales (UNAM). Me interesa la cultura, el urbanismo y la arquitectura. Amante del mundo digital, el cine, la m\u00fasica, la lectura y la escritura.","sameAs":["https:\/\/x.com\/https:\/\/twitter.com\/Nannz_Hernandez"],"url":"https:\/\/centrourbano.com\/revista\/author\/fernanda-hernandez\/"}]}},"_links":{"self":[{"href":"https:\/\/centrourbano.com\/revista\/wp-json\/wp\/v2\/posts\/94912","targetHints":{"allow":["GET"]}}],"collection":[{"href":"https:\/\/centrourbano.com\/revista\/wp-json\/wp\/v2\/posts"}],"about":[{"href":"https:\/\/centrourbano.com\/revista\/wp-json\/wp\/v2\/types\/post"}],"author":[{"embeddable":true,"href":"https:\/\/centrourbano.com\/revista\/wp-json\/wp\/v2\/users\/73"}],"replies":[{"embeddable":true,"href":"https:\/\/centrourbano.com\/revista\/wp-json\/wp\/v2\/comments?post=94912"}],"version-history":[{"count":3,"href":"https:\/\/centrourbano.com\/revista\/wp-json\/wp\/v2\/posts\/94912\/revisions"}],"predecessor-version":[{"id":94927,"href":"https:\/\/centrourbano.com\/revista\/wp-json\/wp\/v2\/posts\/94912\/revisions\/94927"}],"wp:featuredmedia":[{"embeddable":true,"href":"https:\/\/centrourbano.com\/revista\/wp-json\/wp\/v2\/media\/94915"}],"wp:attachment":[{"href":"https:\/\/centrourbano.com\/revista\/wp-json\/wp\/v2\/media?parent=94912"}],"wp:term":[{"taxonomy":"category","embeddable":true,"href":"https:\/\/centrourbano.com\/revista\/wp-json\/wp\/v2\/categories?post=94912"},{"taxonomy":"post_tag","embeddable":true,"href":"https:\/\/centrourbano.com\/revista\/wp-json\/wp\/v2\/tags?post=94912"}],"curies":[{"name":"wp","href":"https:\/\/api.w.org\/{rel}","templated":true}]}}