{"id":94853,"date":"2019-08-14T14:13:54","date_gmt":"2019-08-14T19:13:54","guid":{"rendered":"https:\/\/centrourbano.com\/?p=94853"},"modified":"2019-08-14T14:13:54","modified_gmt":"2019-08-14T19:13:54","slug":"inaugura-sener-parque-fotovoltaico-sonora","status":"publish","type":"post","link":"https:\/\/centrourbano.com\/revista\/construccion\/inaugura-sener-parque-fotovoltaico-sonora\/","title":{"rendered":"Inaugura Sener parque fotovoltaico en Sonora"},"content":{"rendered":"<p><em>El parque solar abastecer\u00e1\u00a0a m\u00e1s de 220,000 hogares de energ\u00eda renovable\u00a0<\/em><!--more--><\/p>\n<p>La secretaria de Energ\u00eda,\u00a0<strong>Roc\u00edo Nahle Garc\u00eda<\/strong>, inaugur\u00f3 el <strong>parque fotovoltaico \u00abLa\u00a0Orejana\u00bb<\/strong> en Hermosillo, <strong>Sonora<\/strong>, un proyecto energ\u00e9tico que cuenta con m\u00e1s de 500,000 paneles solares en el que se invirtieron<strong> 131 millones de d\u00f3lares.\u00a0<\/strong><\/p>\n<p>La funcionaria detall\u00f3 que este nuevo parque de energ\u00eda renovable que inici\u00f3 su construcci\u00f3n desde noviembre de 2017, tiene una capacidad de 162 MWp, suficiente para abastecer de energ\u00eda renovable a m\u00e1s de <strong>220,000 hogares.<\/strong><\/p>\n<p>Nahle Garc\u00eda reconoci\u00f3 que en M\u00e9xico\u00a0se necesitan m\u00e1s <strong>proyectos<\/strong> tanto <strong>p\u00fablicos<\/strong> como <strong>privados<\/strong> para poder encaminar el rumbo del pa\u00eds hacia el uso de energ\u00edas limpias, de manera responsable y ordenada.<\/p>\n<p>Asimismo, agreg\u00f3 que se necesita crear contenido nacional, que la poblaci\u00f3n pueda generar los mismos paneles, con el objetivo de que todo quede en el pa\u00eds, tanto la innovaci\u00f3n, la tecnolog\u00eda, como el valor agregado, es decir,<strong> desarrollar toda la cadena.<\/strong><\/p>\n<p>El parque fotovoltaico \u00abLa Orejana\u00bb se desplanta sobre\u00a0una extensi\u00f3n de <strong>338 hect\u00e1reas<\/strong> en las que se han instalado 5,567 seguidores y 55 inversores, y producir\u00e1 353,466 MWh de energ\u00eda renovable, lo que permitir\u00e1 mitigar <strong>205,000 toneladas de CO2 al a\u00f1o.<\/strong><\/p>\n<p>Finalmente,\u00a0la funcionaria\u00a0expres\u00f3 que la <strong>pol\u00edtica energ\u00e9tica<\/strong> en M\u00e9xico es distinta en esta nueva administraci\u00f3n, lo cual no quiere decir reservada, retra\u00edda, comprimida, sino ordenada, con balance, producci\u00f3n y construcci\u00f3n equitativa.<\/p>\n","protected":false},"excerpt":{"rendered":"<p>El parque solar abastecer\u00e1\u00a0a m\u00e1s de 220,000 hogares de energ\u00eda renovable\u00a0<\/p>\n","protected":false},"author":69,"featured_media":94854,"comment_status":"open","ping_status":"closed","sticky":false,"template":"","format":"standard","meta":{"om_disable_all_campaigns":false,"inline_featured_image":false,"_monsterinsights_skip_tracking":false,"_monsterinsights_sitenote_active":false,"_monsterinsights_sitenote_note":"","_monsterinsights_sitenote_category":0,"footnotes":""},"categories":[14],"tags":[22,5814,12872,1435,1010],"class_list":["post-94853","post","type-post","status-publish","format-standard","has-post-thumbnail","hentry","category-construccion","tag-construccion-2","tag-energia-solar","tag-parque-fotovoltaico","tag-sener","tag-sonora"],"yoast_head":"<!-- This site is optimized with the Yoast SEO plugin v27.5 - https:\/\/yoast.com\/product\/yoast-seo-wordpress\/ -->\n<title>Inaugura Sener parque fotovoltaico en Sonora<\/title>\n<meta name=\"description\" content=\"El parque solar abastecer\u00e1 a m\u00e1s de 220,000 hogares de energ\u00eda renovable\" \/>\n<meta name=\"robots\" content=\"index, follow, max-snippet:-1, max-image-preview:large, max-video-preview:-1\" \/>\n<link rel=\"canonical\" href=\"https:\/\/centrourbano.com\/revista\/construccion\/inaugura-sener-parque-fotovoltaico-sonora\/\" \/>\n<meta property=\"og:locale\" content=\"es_ES\" \/>\n<meta property=\"og:type\" content=\"article\" \/>\n<meta property=\"og:title\" content=\"Inaugura Sener parque fotovoltaico en Sonora\" \/>\n<meta property=\"og:description\" content=\"El parque solar abastecer\u00e1 a m\u00e1s de 220,000 hogares de energ\u00eda renovable\" \/>\n<meta property=\"og:url\" content=\"https:\/\/centrourbano.com\/revista\/construccion\/inaugura-sener-parque-fotovoltaico-sonora\/\" \/>\n<meta property=\"og:site_name\" content=\"Centro Urbano\" \/>\n<meta property=\"article:publisher\" content=\"https:\/\/www.facebook.com\/portalcentrourbano\" \/>\n<meta property=\"article:published_time\" content=\"2019-08-14T19:13:54+00:00\" \/>\n<meta property=\"og:image\" content=\"https:\/\/centrourbano.com\/revista\/wp-content\/uploads\/Orejana.jpg\" \/>\n\t<meta property=\"og:image:width\" content=\"734\" \/>\n\t<meta property=\"og:image:height\" content=\"415\" \/>\n\t<meta property=\"og:image:type\" content=\"image\/jpeg\" \/>\n<meta name=\"author\" content=\"Fernando Navarrete\" \/>\n<meta name=\"twitter:card\" content=\"summary_large_image\" \/>\n<meta name=\"twitter:creator\" content=\"@CentroUrbano\" \/>\n<meta name=\"twitter:site\" content=\"@CentroUrbano\" \/>\n<meta name=\"twitter:label1\" content=\"Escrito por\" \/>\n\t<meta name=\"twitter:data1\" content=\"Fernando Navarrete\" \/>\n\t<meta name=\"twitter:label2\" content=\"Tiempo de lectura\" \/>\n\t<meta name=\"twitter:data2\" content=\"1 minuto\" \/>\n<script type=\"application\/ld+json\" class=\"yoast-schema-graph\">{\"@context\":\"https:\\\/\\\/schema.org\",\"@graph\":[{\"@type\":\"Article\",\"@id\":\"https:\\\/\\\/centrourbano.com\\\/revista\\\/construccion\\\/inaugura-sener-parque-fotovoltaico-sonora\\\/#article\",\"isPartOf\":{\"@id\":\"https:\\\/\\\/centrourbano.com\\\/revista\\\/construccion\\\/inaugura-sener-parque-fotovoltaico-sonora\\\/\"},\"author\":{\"name\":\"Fernando Navarrete\",\"@id\":\"https:\\\/\\\/centrourbano.com\\\/revista\\\/#\\\/schema\\\/person\\\/515c32d01ece40d20a7ed3fdf34051af\"},\"headline\":\"Inaugura Sener parque fotovoltaico en Sonora\",\"datePublished\":\"2019-08-14T19:13:54+00:00\",\"mainEntityOfPage\":{\"@id\":\"https:\\\/\\\/centrourbano.com\\\/revista\\\/construccion\\\/inaugura-sener-parque-fotovoltaico-sonora\\\/\"},\"wordCount\":257,\"commentCount\":0,\"publisher\":{\"@id\":\"https:\\\/\\\/centrourbano.com\\\/revista\\\/#organization\"},\"image\":{\"@id\":\"https:\\\/\\\/centrourbano.com\\\/revista\\\/construccion\\\/inaugura-sener-parque-fotovoltaico-sonora\\\/#primaryimage\"},\"thumbnailUrl\":\"https:\\\/\\\/centrourbano.com\\\/revista\\\/wp-content\\\/uploads\\\/Orejana.jpg\",\"keywords\":[\"construcci\u00f3n\",\"energ\u00eda solar\",\"parque fotovoltaico\",\"Sener\",\"Sonora\"],\"articleSection\":[\"Construcci\u00f3n\"],\"inLanguage\":\"es\",\"potentialAction\":[{\"@type\":\"CommentAction\",\"name\":\"Comment\",\"target\":[\"https:\\\/\\\/centrourbano.com\\\/revista\\\/construccion\\\/inaugura-sener-parque-fotovoltaico-sonora\\\/#respond\"]}]},{\"@type\":\"WebPage\",\"@id\":\"https:\\\/\\\/centrourbano.com\\\/revista\\\/construccion\\\/inaugura-sener-parque-fotovoltaico-sonora\\\/\",\"url\":\"https:\\\/\\\/centrourbano.com\\\/revista\\\/construccion\\\/inaugura-sener-parque-fotovoltaico-sonora\\\/\",\"name\":\"Inaugura Sener parque fotovoltaico en Sonora\",\"isPartOf\":{\"@id\":\"https:\\\/\\\/centrourbano.com\\\/revista\\\/#website\"},\"primaryImageOfPage\":{\"@id\":\"https:\\\/\\\/centrourbano.com\\\/revista\\\/construccion\\\/inaugura-sener-parque-fotovoltaico-sonora\\\/#primaryimage\"},\"image\":{\"@id\":\"https:\\\/\\\/centrourbano.com\\\/revista\\\/construccion\\\/inaugura-sener-parque-fotovoltaico-sonora\\\/#primaryimage\"},\"thumbnailUrl\":\"https:\\\/\\\/centrourbano.com\\\/revista\\\/wp-content\\\/uploads\\\/Orejana.jpg\",\"datePublished\":\"2019-08-14T19:13:54+00:00\",\"description\":\"El parque solar abastecer\u00e1 a m\u00e1s de 220,000 hogares de energ\u00eda renovable\",\"breadcrumb\":{\"@id\":\"https:\\\/\\\/centrourbano.com\\\/revista\\\/construccion\\\/inaugura-sener-parque-fotovoltaico-sonora\\\/#breadcrumb\"},\"inLanguage\":\"es\",\"potentialAction\":[{\"@type\":\"ReadAction\",\"target\":[\"https:\\\/\\\/centrourbano.com\\\/revista\\\/construccion\\\/inaugura-sener-parque-fotovoltaico-sonora\\\/\"]}]},{\"@type\":\"ImageObject\",\"inLanguage\":\"es\",\"@id\":\"https:\\\/\\\/centrourbano.com\\\/revista\\\/construccion\\\/inaugura-sener-parque-fotovoltaico-sonora\\\/#primaryimage\",\"url\":\"https:\\\/\\\/centrourbano.com\\\/revista\\\/wp-content\\\/uploads\\\/Orejana.jpg\",\"contentUrl\":\"https:\\\/\\\/centrourbano.com\\\/revista\\\/wp-content\\\/uploads\\\/Orejana.jpg\",\"width\":734,\"height\":415,\"caption\":\"El parque solar abastecer\u00e1 a m\u00e1s de 220,000 hogares de energ\u00eda renovable\"},{\"@type\":\"BreadcrumbList\",\"@id\":\"https:\\\/\\\/centrourbano.com\\\/revista\\\/construccion\\\/inaugura-sener-parque-fotovoltaico-sonora\\\/#breadcrumb\",\"itemListElement\":[{\"@type\":\"ListItem\",\"position\":1,\"name\":\"Portada\",\"item\":\"https:\\\/\\\/centrourbano.com\\\/revista\\\/\"},{\"@type\":\"ListItem\",\"position\":2,\"name\":\"Inaugura Sener parque fotovoltaico en Sonora\"}]},{\"@type\":\"WebSite\",\"@id\":\"https:\\\/\\\/centrourbano.com\\\/revista\\\/#website\",\"url\":\"https:\\\/\\\/centrourbano.com\\\/revista\\\/\",\"name\":\"Centro Urbano\",\"description\":\"Medio especializado en los sectores vivienda, inmobiliario, construcci\u00f3n, arquitectura y urbanismo.\",\"publisher\":{\"@id\":\"https:\\\/\\\/centrourbano.com\\\/revista\\\/#organization\"},\"potentialAction\":[{\"@type\":\"SearchAction\",\"target\":{\"@type\":\"EntryPoint\",\"urlTemplate\":\"https:\\\/\\\/centrourbano.com\\\/revista\\\/?s={search_term_string}\"},\"query-input\":{\"@type\":\"PropertyValueSpecification\",\"valueRequired\":true,\"valueName\":\"search_term_string\"}}],\"inLanguage\":\"es\"},{\"@type\":\"Organization\",\"@id\":\"https:\\\/\\\/centrourbano.com\\\/revista\\\/#organization\",\"name\":\"Centro Urbano\",\"url\":\"https:\\\/\\\/centrourbano.com\\\/revista\\\/\",\"logo\":{\"@type\":\"ImageObject\",\"inLanguage\":\"es\",\"@id\":\"https:\\\/\\\/centrourbano.com\\\/revista\\\/#\\\/schema\\\/logo\\\/image\\\/\",\"url\":\"https:\\\/\\\/centrourbano.com\\\/revista\\\/wp-content\\\/uploads\\\/web_CU_logo-1.png\",\"contentUrl\":\"https:\\\/\\\/centrourbano.com\\\/revista\\\/wp-content\\\/uploads\\\/web_CU_logo-1.png\",\"width\":350,\"height\":91,\"caption\":\"Centro Urbano\"},\"image\":{\"@id\":\"https:\\\/\\\/centrourbano.com\\\/revista\\\/#\\\/schema\\\/logo\\\/image\\\/\"},\"sameAs\":[\"https:\\\/\\\/www.facebook.com\\\/portalcentrourbano\",\"https:\\\/\\\/x.com\\\/CentroUrbano\",\"https:\\\/\\\/www.instagram.com\\\/centro_urbano\\\/\",\"https:\\\/\\\/www.linkedin.com\\\/company\\\/centro-urbano\\\/\",\"http:\\\/\\\/www.youtube.com\\\/user\\\/portalcentrourbano\"]},{\"@type\":\"Person\",\"@id\":\"https:\\\/\\\/centrourbano.com\\\/revista\\\/#\\\/schema\\\/person\\\/515c32d01ece40d20a7ed3fdf34051af\",\"name\":\"Fernando Navarrete\",\"image\":{\"@type\":\"ImageObject\",\"inLanguage\":\"es\",\"@id\":\"https:\\\/\\\/secure.gravatar.com\\\/avatar\\\/f4dd6927a99e72698473e350e20ec8a38bd48cb668e15b03d04e8e537da41ad0?s=96&d=mm&r=g\",\"url\":\"https:\\\/\\\/secure.gravatar.com\\\/avatar\\\/f4dd6927a99e72698473e350e20ec8a38bd48cb668e15b03d04e8e537da41ad0?s=96&d=mm&r=g\",\"contentUrl\":\"https:\\\/\\\/secure.gravatar.com\\\/avatar\\\/f4dd6927a99e72698473e350e20ec8a38bd48cb668e15b03d04e8e537da41ad0?s=96&d=mm&r=g\",\"caption\":\"Fernando Navarrete\"},\"description\":\"Reportero de negocios, inmobiliario, construcci\u00f3n e industria. Me interesa la econom\u00eda, pol\u00edtica, historia y antropolog\u00eda. Estudi\u00e9 en la Facultad de Ciencias Pol\u00edticas y Sociales de la UNAM. Tengo experiencia en el sector p\u00fablico, la industria del acero, ingenier\u00eda civil, IT y corporativos; soy un nost\u00e1lgico nacionalista contempor\u00e1neo que cree en la grandeza de su pa\u00eds. Asiduo lector de Juan Rulfo, Jos\u00e9 Revueltas y J. R. R Tolkien.\",\"url\":\"https:\\\/\\\/centrourbano.com\\\/revista\\\/author\\\/fernando-navarrete\\\/\"}]}<\/script>\n<!-- \/ Yoast SEO plugin. -->","yoast_head_json":{"title":"Inaugura Sener parque fotovoltaico en Sonora","description":"El parque solar abastecer\u00e1 a m\u00e1s de 220,000 hogares de energ\u00eda renovable","robots":{"index":"index","follow":"follow","max-snippet":"max-snippet:-1","max-image-preview":"max-image-preview:large","max-video-preview":"max-video-preview:-1"},"canonical":"https:\/\/centrourbano.com\/revista\/construccion\/inaugura-sener-parque-fotovoltaico-sonora\/","og_locale":"es_ES","og_type":"article","og_title":"Inaugura Sener parque fotovoltaico en Sonora","og_description":"El parque solar abastecer\u00e1 a m\u00e1s de 220,000 hogares de energ\u00eda renovable","og_url":"https:\/\/centrourbano.com\/revista\/construccion\/inaugura-sener-parque-fotovoltaico-sonora\/","og_site_name":"Centro Urbano","article_publisher":"https:\/\/www.facebook.com\/portalcentrourbano","article_published_time":"2019-08-14T19:13:54+00:00","og_image":[{"width":734,"height":415,"url":"https:\/\/centrourbano.com\/revista\/wp-content\/uploads\/Orejana.jpg","type":"image\/jpeg"}],"author":"Fernando Navarrete","twitter_card":"summary_large_image","twitter_creator":"@CentroUrbano","twitter_site":"@CentroUrbano","twitter_misc":{"Escrito por":"Fernando Navarrete","Tiempo de lectura":"1 minuto"},"schema":{"@context":"https:\/\/schema.org","@graph":[{"@type":"Article","@id":"https:\/\/centrourbano.com\/revista\/construccion\/inaugura-sener-parque-fotovoltaico-sonora\/#article","isPartOf":{"@id":"https:\/\/centrourbano.com\/revista\/construccion\/inaugura-sener-parque-fotovoltaico-sonora\/"},"author":{"name":"Fernando Navarrete","@id":"https:\/\/centrourbano.com\/revista\/#\/schema\/person\/515c32d01ece40d20a7ed3fdf34051af"},"headline":"Inaugura Sener parque fotovoltaico en Sonora","datePublished":"2019-08-14T19:13:54+00:00","mainEntityOfPage":{"@id":"https:\/\/centrourbano.com\/revista\/construccion\/inaugura-sener-parque-fotovoltaico-sonora\/"},"wordCount":257,"commentCount":0,"publisher":{"@id":"https:\/\/centrourbano.com\/revista\/#organization"},"image":{"@id":"https:\/\/centrourbano.com\/revista\/construccion\/inaugura-sener-parque-fotovoltaico-sonora\/#primaryimage"},"thumbnailUrl":"https:\/\/centrourbano.com\/revista\/wp-content\/uploads\/Orejana.jpg","keywords":["construcci\u00f3n","energ\u00eda solar","parque fotovoltaico","Sener","Sonora"],"articleSection":["Construcci\u00f3n"],"inLanguage":"es","potentialAction":[{"@type":"CommentAction","name":"Comment","target":["https:\/\/centrourbano.com\/revista\/construccion\/inaugura-sener-parque-fotovoltaico-sonora\/#respond"]}]},{"@type":"WebPage","@id":"https:\/\/centrourbano.com\/revista\/construccion\/inaugura-sener-parque-fotovoltaico-sonora\/","url":"https:\/\/centrourbano.com\/revista\/construccion\/inaugura-sener-parque-fotovoltaico-sonora\/","name":"Inaugura Sener parque fotovoltaico en Sonora","isPartOf":{"@id":"https:\/\/centrourbano.com\/revista\/#website"},"primaryImageOfPage":{"@id":"https:\/\/centrourbano.com\/revista\/construccion\/inaugura-sener-parque-fotovoltaico-sonora\/#primaryimage"},"image":{"@id":"https:\/\/centrourbano.com\/revista\/construccion\/inaugura-sener-parque-fotovoltaico-sonora\/#primaryimage"},"thumbnailUrl":"https:\/\/centrourbano.com\/revista\/wp-content\/uploads\/Orejana.jpg","datePublished":"2019-08-14T19:13:54+00:00","description":"El parque solar abastecer\u00e1 a m\u00e1s de 220,000 hogares de energ\u00eda renovable","breadcrumb":{"@id":"https:\/\/centrourbano.com\/revista\/construccion\/inaugura-sener-parque-fotovoltaico-sonora\/#breadcrumb"},"inLanguage":"es","potentialAction":[{"@type":"ReadAction","target":["https:\/\/centrourbano.com\/revista\/construccion\/inaugura-sener-parque-fotovoltaico-sonora\/"]}]},{"@type":"ImageObject","inLanguage":"es","@id":"https:\/\/centrourbano.com\/revista\/construccion\/inaugura-sener-parque-fotovoltaico-sonora\/#primaryimage","url":"https:\/\/centrourbano.com\/revista\/wp-content\/uploads\/Orejana.jpg","contentUrl":"https:\/\/centrourbano.com\/revista\/wp-content\/uploads\/Orejana.jpg","width":734,"height":415,"caption":"El parque solar abastecer\u00e1 a m\u00e1s de 220,000 hogares de energ\u00eda renovable"},{"@type":"BreadcrumbList","@id":"https:\/\/centrourbano.com\/revista\/construccion\/inaugura-sener-parque-fotovoltaico-sonora\/#breadcrumb","itemListElement":[{"@type":"ListItem","position":1,"name":"Portada","item":"https:\/\/centrourbano.com\/revista\/"},{"@type":"ListItem","position":2,"name":"Inaugura Sener parque fotovoltaico en Sonora"}]},{"@type":"WebSite","@id":"https:\/\/centrourbano.com\/revista\/#website","url":"https:\/\/centrourbano.com\/revista\/","name":"Centro Urbano","description":"Medio especializado en los sectores vivienda, inmobiliario, construcci\u00f3n, arquitectura y urbanismo.","publisher":{"@id":"https:\/\/centrourbano.com\/revista\/#organization"},"potentialAction":[{"@type":"SearchAction","target":{"@type":"EntryPoint","urlTemplate":"https:\/\/centrourbano.com\/revista\/?s={search_term_string}"},"query-input":{"@type":"PropertyValueSpecification","valueRequired":true,"valueName":"search_term_string"}}],"inLanguage":"es"},{"@type":"Organization","@id":"https:\/\/centrourbano.com\/revista\/#organization","name":"Centro Urbano","url":"https:\/\/centrourbano.com\/revista\/","logo":{"@type":"ImageObject","inLanguage":"es","@id":"https:\/\/centrourbano.com\/revista\/#\/schema\/logo\/image\/","url":"https:\/\/centrourbano.com\/revista\/wp-content\/uploads\/web_CU_logo-1.png","contentUrl":"https:\/\/centrourbano.com\/revista\/wp-content\/uploads\/web_CU_logo-1.png","width":350,"height":91,"caption":"Centro Urbano"},"image":{"@id":"https:\/\/centrourbano.com\/revista\/#\/schema\/logo\/image\/"},"sameAs":["https:\/\/www.facebook.com\/portalcentrourbano","https:\/\/x.com\/CentroUrbano","https:\/\/www.instagram.com\/centro_urbano\/","https:\/\/www.linkedin.com\/company\/centro-urbano\/","http:\/\/www.youtube.com\/user\/portalcentrourbano"]},{"@type":"Person","@id":"https:\/\/centrourbano.com\/revista\/#\/schema\/person\/515c32d01ece40d20a7ed3fdf34051af","name":"Fernando Navarrete","image":{"@type":"ImageObject","inLanguage":"es","@id":"https:\/\/secure.gravatar.com\/avatar\/f4dd6927a99e72698473e350e20ec8a38bd48cb668e15b03d04e8e537da41ad0?s=96&d=mm&r=g","url":"https:\/\/secure.gravatar.com\/avatar\/f4dd6927a99e72698473e350e20ec8a38bd48cb668e15b03d04e8e537da41ad0?s=96&d=mm&r=g","contentUrl":"https:\/\/secure.gravatar.com\/avatar\/f4dd6927a99e72698473e350e20ec8a38bd48cb668e15b03d04e8e537da41ad0?s=96&d=mm&r=g","caption":"Fernando Navarrete"},"description":"Reportero de negocios, inmobiliario, construcci\u00f3n e industria. Me interesa la econom\u00eda, pol\u00edtica, historia y antropolog\u00eda. Estudi\u00e9 en la Facultad de Ciencias Pol\u00edticas y Sociales de la UNAM. Tengo experiencia en el sector p\u00fablico, la industria del acero, ingenier\u00eda civil, IT y corporativos; soy un nost\u00e1lgico nacionalista contempor\u00e1neo que cree en la grandeza de su pa\u00eds. Asiduo lector de Juan Rulfo, Jos\u00e9 Revueltas y J. R. R Tolkien.","url":"https:\/\/centrourbano.com\/revista\/author\/fernando-navarrete\/"}]}},"_links":{"self":[{"href":"https:\/\/centrourbano.com\/revista\/wp-json\/wp\/v2\/posts\/94853","targetHints":{"allow":["GET"]}}],"collection":[{"href":"https:\/\/centrourbano.com\/revista\/wp-json\/wp\/v2\/posts"}],"about":[{"href":"https:\/\/centrourbano.com\/revista\/wp-json\/wp\/v2\/types\/post"}],"author":[{"embeddable":true,"href":"https:\/\/centrourbano.com\/revista\/wp-json\/wp\/v2\/users\/69"}],"replies":[{"embeddable":true,"href":"https:\/\/centrourbano.com\/revista\/wp-json\/wp\/v2\/comments?post=94853"}],"version-history":[{"count":1,"href":"https:\/\/centrourbano.com\/revista\/wp-json\/wp\/v2\/posts\/94853\/revisions"}],"predecessor-version":[{"id":94855,"href":"https:\/\/centrourbano.com\/revista\/wp-json\/wp\/v2\/posts\/94853\/revisions\/94855"}],"wp:featuredmedia":[{"embeddable":true,"href":"https:\/\/centrourbano.com\/revista\/wp-json\/wp\/v2\/media\/94854"}],"wp:attachment":[{"href":"https:\/\/centrourbano.com\/revista\/wp-json\/wp\/v2\/media?parent=94853"}],"wp:term":[{"taxonomy":"category","embeddable":true,"href":"https:\/\/centrourbano.com\/revista\/wp-json\/wp\/v2\/categories?post=94853"},{"taxonomy":"post_tag","embeddable":true,"href":"https:\/\/centrourbano.com\/revista\/wp-json\/wp\/v2\/tags?post=94853"}],"curies":[{"name":"wp","href":"https:\/\/api.w.org\/{rel}","templated":true}]}}