{"id":94754,"date":"2019-08-12T18:16:59","date_gmt":"2019-08-12T23:16:59","guid":{"rendered":"https:\/\/centrourbano.com\/?p=94754"},"modified":"2019-08-13T14:19:21","modified_gmt":"2019-08-13T19:19:21","slug":"vivienda-joven-mexico","status":"publish","type":"post","link":"https:\/\/centrourbano.com\/revista\/vivienda\/vivienda-joven-mexico\/","title":{"rendered":"\ud83d\udccaInfograf\u00eda | Adquirir vivienda, el reto casi inalcanzable para j\u00f3venes mexicanos"},"content":{"rendered":"<p><em>Los bajos salarios son el principal obst\u00e1culo que impide a los j\u00f3venes poder comprar una casa<\/em><!--more--><\/p>\n<p>Contrario a la creencia generalizada, los <strong>j\u00f3venes<\/strong> s\u00ed contemplan como uno de los objetivos primordiales dentro de sus planes de vida la <strong>compra de una vivienda<\/strong>. Sin embargo, la <strong>realidad laboral<\/strong> y el <strong>bajo nivel de ingresos<\/strong> que se registra en esta poblaci\u00f3n, son parte del obst\u00e1culo que impide a este segmento, en especial los llamados millnnials, vean posible concretar la meta y formar un patrimonio a trav\u00e9s de comprar una casa.<\/p>\n<p>Con las condiciones laborales que se registran para la poblaci\u00f3n joven, se vuelve casi imposible que una persona pueda comprar vivienda en las <strong>principales ciudades<\/strong> del pa\u00eds y sus zonas centrales. As\u00ed que, la poblaci\u00f3n joven est\u00e1 condenada a comprar vivienda en las <strong>zonas perif\u00e9ricas<\/strong> de las zonas metropolitanas.<\/p>\n<p>De acuerdo con datos de la <strong>Encuesta Nacional de Ingresos y Gastos de los Hogares 2018<\/strong> que recientemente present\u00f3 el Inegi, la poblaci\u00f3n de 20 a 29 a\u00f1os percibe en promedio un ingreso mensual de 6,000 pesos, es decir, 2.3 UMAs; mientras que quienes tienen de entre 30 a 39 a\u00f1os, perciben un ingreso mensual promedio de 7,724 pesos, es decir, 3 UMAs de Ingreso.<\/p>\n<a href=\"https:\/\/centrourbano.com\/revista\/wp-content\/uploads\/Ingreso_CU.jpg\" target=\"_blank\" rel=\"noopener noreferrer\"><img loading=\"lazy\" decoding=\"async\" class=\"wp-image-94760 aligncenter\" src=\"https:\/\/centrourbano.com\/revista\/wp-content\/uploads\/Ingreso_CU-1024x559.jpg\" alt=\"\" width=\"450\" height=\"246\" srcset=\"https:\/\/centrourbano.com\/revista\/wp-content\/uploads\/Ingreso_CU.jpg 1024w, https:\/\/centrourbano.com\/revista\/wp-content\/uploads\/Ingreso_CU-300x164.jpg 300w, https:\/\/centrourbano.com\/revista\/wp-content\/uploads\/Ingreso_CU-768x419.jpg 768w, https:\/\/centrourbano.com\/revista\/wp-content\/uploads\/Ingreso_CU-735x400.jpg 735w\" sizes=\"auto, (max-width: 450px) 100vw, 450px\" \/><\/a>\n<p>En este sentido, de acuerdo con la <strong>Encuesta Nacional de Ocupaci\u00f3n y Empleo<\/strong> con cifras al primer trimestre de 2019, en M\u00e9xico existen 21 millones 523,819 j\u00f3venes de entre 15 y 34 a\u00f1os que laboran. De este total, 15 millones 496,621 ganan menos de tres salarios m\u00ednimos, es decir, menos de 9,241 pesos al mes.<\/p>\n<p>Con esto, <strong>7 de cada 10 j\u00f3venes<\/strong> que trabajan ganan menos de 10,000 pesos al mes, y el resto, es decir, 1 mill\u00f3n 984,326 se ubican con salarios que van de 3 salarios en adelante.<\/p>\n<p>Con este margen de salarios, en donde m\u00e1s de 70% de los j\u00f3venes ganan menos de tres salarios m\u00ednimos, <strong>\u00bfles alcanza para comprar una vivienda?<\/strong><\/p>\n<p>Tomando en cuenta el tabulador que utiliza el <strong>Infonavit<\/strong>, los m\u00e1s de 15 millones de j\u00f3venes que ganan menos de tres salarios m\u00ednimos podr\u00edan aspirar a un cr\u00e9dito de no m\u00e1s <strong>450,000 pesos<\/strong>. Esto, hablando de j\u00f3venes que perciban 10,000 pesos, porque en con ingresos inferiores, el saldo se ajusta.<\/p>\n<p><a href=\"https:\/\/centrourbano.com\/revista\/wp-content\/uploads\/Monto-de-cr\u00e9dito_Infonavit_1.png\" target=\"_blank\" rel=\"noopener noreferrer\"><img loading=\"lazy\" decoding=\"async\" class=\"alignleft wp-image-94767\" src=\"https:\/\/centrourbano.com\/revista\/wp-content\/uploads\/Monto-de-cr\u00e9dito_Infonavit_1.png\" alt=\"\" width=\"350\" height=\"271\" srcset=\"https:\/\/centrourbano.com\/revista\/wp-content\/uploads\/Monto-de-cr\u00e9dito_Infonavit_1.png 459w, https:\/\/centrourbano.com\/revista\/wp-content\/uploads\/Monto-de-cr\u00e9dito_Infonavit_1-300x232.png 300w\" sizes=\"auto, (max-width: 350px) 100vw, 350px\" \/><\/a>En el caso de los cr\u00e9ditos bancarios, hoy en d\u00eda, para que una instituci\u00f3n financiera privada otorgue un cr\u00e9dito, el interesado debe percibir al menos 9,000 pesos mensuales. Hay algunas opciones, que arrancan en los 7,000 pesos.<\/p>\n<p>Sin embargo, en un ejercicio realizado por este medio a trav\u00e9s del simulador de Condusef, para un cr\u00e9dito que permita comprar una casa de 500,000 pesos, el interesado debe comprobar ingresos de al menos 12,000 pesos. Con estos par\u00e1metros, para acceder al financiamiento, el interesado debe desembolsar como pago inicial alrededor de 70,000 pesos, que incluye 25,000 pesos de enganche (5% que es el m\u00ednimo requerido), para contar con un pago mensual que ronda los 5,500 pesos en un plazo de 20 a\u00f1os.<\/p>\n<p>Y con estos montos, \u00bfen d\u00f3nde se puede comprar vivienda?<\/p>\n<p>Si se toma en consideraci\u00f3n las principales ciudades del pa\u00eds, es casi imposible que con un salario de menos 20,000 pesos sea posible comprar una vivienda, y las \u00fanicas opciones se remiten a las periferias de las zonas metropolitanas.<\/p>\n<p>El caso de la Ciudad de M\u00e9xico es el m\u00e1s emblem\u00e1tico. En la Zona Metropolitana de la Ciudad de M\u00e9xico, el precio promedio por vivienda ronda los 4 millones de pesos. Si bien es posible encontrar viviendas desde 1 mill\u00f3n de pesos, son las menos, pues la oferta se concentra en m\u00e1s del 80% en los segmentos medio, residencial y plus, es decir, arriba de 1.9 millones de pesos. Por ello, en la Ciudad de M\u00e9xico, la vivienda con valor por debajo de los <strong>800,000 pesos<\/strong>, que es para lo que podr\u00eda aspirar un joven que gane 20,000 pesos mensuales, simplemente no existe.<\/p>\n<p>&nbsp;<\/p>\n<p>&nbsp;<\/p>\n<a href=\"https:\/\/centrourbano.com\/revista\/wp-content\/uploads\/Vivienda-1.png\" target=\"_blank\" rel=\"noopener noreferrer\"><img loading=\"lazy\" decoding=\"async\" class=\"aligncenter wp-image-94758 size-large\" src=\"https:\/\/centrourbano.com\/revista\/wp-content\/uploads\/Vivienda-1-410x1024.png\" alt=\"\" width=\"410\" height=\"1024\" srcset=\"https:\/\/centrourbano.com\/revista\/wp-content\/uploads\/Vivienda-1-410x1024.png 410w, https:\/\/centrourbano.com\/revista\/wp-content\/uploads\/Vivienda-1-120x300.png 120w, https:\/\/centrourbano.com\/revista\/wp-content\/uploads\/Vivienda-1-768x1920.png 768w, https:\/\/centrourbano.com\/revista\/wp-content\/uploads\/Vivienda-1.png 800w\" sizes=\"auto, (max-width: 410px) 100vw, 410px\" \/><\/a>\n","protected":false},"excerpt":{"rendered":"<p>Los bajos salarios son el principal obst\u00e1culo que impide a los j\u00f3venes poder comprar una casa<\/p>\n","protected":false},"author":47,"featured_media":94755,"comment_status":"open","ping_status":"closed","sticky":false,"template":"","format":"standard","meta":{"om_disable_all_campaigns":false,"inline_featured_image":false,"_monsterinsights_skip_tracking":false,"_monsterinsights_sitenote_active":false,"_monsterinsights_sitenote_note":"","_monsterinsights_sitenote_category":0,"footnotes":""},"categories":[16,12],"tags":[9435,173,15087,16136,60],"class_list":["post-94754","post","type-post","status-publish","format-standard","has-post-thumbnail","hentry","category-reportajes","category-vivienda","tag-costo","tag-credito","tag-ingreso","tag-joven","tag-vivienda-2"],"yoast_head":"<!-- This site is optimized with the Yoast SEO plugin v27.4 - https:\/\/yoast.com\/product\/yoast-seo-wordpress\/ -->\n<title>\ud83d\udccaInfograf\u00eda | Adquirir vivienda, el reto casi inalcanzable para j\u00f3venes<\/title>\n<meta name=\"description\" content=\"Contrario a la creencia generalizada, los j\u00f3venes s\u00ed contemplan como uno de los objetivos primordiales dentro de sus planes de vida la compara...\" \/>\n<meta name=\"robots\" content=\"index, follow, max-snippet:-1, max-image-preview:large, max-video-preview:-1\" \/>\n<link rel=\"canonical\" href=\"https:\/\/centrourbano.com\/revista\/vivienda\/vivienda-joven-mexico\/\" \/>\n<meta property=\"og:locale\" content=\"es_ES\" \/>\n<meta property=\"og:type\" content=\"article\" \/>\n<meta property=\"og:title\" content=\"\ud83d\udccaInfograf\u00eda | Adquirir vivienda, el reto casi inalcanzable para j\u00f3venes\" \/>\n<meta property=\"og:description\" content=\"Contrario a la creencia generalizada, los j\u00f3venes s\u00ed contemplan como uno de los objetivos primordiales dentro de sus planes de vida la compara...\" \/>\n<meta property=\"og:url\" content=\"https:\/\/centrourbano.com\/revista\/vivienda\/vivienda-joven-mexico\/\" \/>\n<meta property=\"og:site_name\" content=\"Centro Urbano\" \/>\n<meta property=\"article:publisher\" content=\"https:\/\/www.facebook.com\/portalcentrourbano\" \/>\n<meta property=\"article:published_time\" content=\"2019-08-12T23:16:59+00:00\" \/>\n<meta property=\"article:modified_time\" content=\"2019-08-13T19:19:21+00:00\" \/>\n<meta property=\"og:image\" content=\"https:\/\/centrourbano.com\/revista\/wp-content\/uploads\/jovenes_vivienda_1.jpg\" \/>\n\t<meta property=\"og:image:width\" content=\"500\" \/>\n\t<meta property=\"og:image:height\" content=\"334\" \/>\n\t<meta property=\"og:image:type\" content=\"image\/jpeg\" \/>\n<meta name=\"author\" content=\"Edgar Rosas\" \/>\n<meta name=\"twitter:card\" content=\"summary_large_image\" \/>\n<meta name=\"twitter:creator\" content=\"@https:\/\/twitter.com\/ERosasCU?s=09\" \/>\n<meta name=\"twitter:site\" content=\"@CentroUrbano\" \/>\n<meta name=\"twitter:label1\" content=\"Escrito por\" \/>\n\t<meta name=\"twitter:data1\" content=\"Edgar Rosas\" \/>\n\t<meta name=\"twitter:label2\" content=\"Tiempo de lectura\" \/>\n\t<meta name=\"twitter:data2\" content=\"3 minutos\" \/>\n<script type=\"application\/ld+json\" class=\"yoast-schema-graph\">{\"@context\":\"https:\\\/\\\/schema.org\",\"@graph\":[{\"@type\":\"Article\",\"@id\":\"https:\\\/\\\/centrourbano.com\\\/revista\\\/vivienda\\\/vivienda-joven-mexico\\\/#article\",\"isPartOf\":{\"@id\":\"https:\\\/\\\/centrourbano.com\\\/revista\\\/vivienda\\\/vivienda-joven-mexico\\\/\"},\"author\":{\"name\":\"Edgar Rosas\",\"@id\":\"https:\\\/\\\/centrourbano.com\\\/revista\\\/#\\\/schema\\\/person\\\/ff3c00651ce5b1630479d2cd0c2e3ac0\"},\"headline\":\"\ud83d\udccaInfograf\u00eda | Adquirir vivienda, el reto casi inalcanzable para j\u00f3venes mexicanos\",\"datePublished\":\"2019-08-12T23:16:59+00:00\",\"dateModified\":\"2019-08-13T19:19:21+00:00\",\"mainEntityOfPage\":{\"@id\":\"https:\\\/\\\/centrourbano.com\\\/revista\\\/vivienda\\\/vivienda-joven-mexico\\\/\"},\"wordCount\":660,\"commentCount\":0,\"publisher\":{\"@id\":\"https:\\\/\\\/centrourbano.com\\\/revista\\\/#organization\"},\"image\":{\"@id\":\"https:\\\/\\\/centrourbano.com\\\/revista\\\/vivienda\\\/vivienda-joven-mexico\\\/#primaryimage\"},\"thumbnailUrl\":\"https:\\\/\\\/centrourbano.com\\\/revista\\\/wp-content\\\/uploads\\\/jovenes_vivienda_1.jpg\",\"keywords\":[\"costo\",\"cr\u00e9dito\",\"Ingreso\",\"joven\",\"vivienda\"],\"articleSection\":[\"Reportajes\",\"Vivienda\"],\"inLanguage\":\"es\",\"potentialAction\":[{\"@type\":\"CommentAction\",\"name\":\"Comment\",\"target\":[\"https:\\\/\\\/centrourbano.com\\\/revista\\\/vivienda\\\/vivienda-joven-mexico\\\/#respond\"]}]},{\"@type\":\"WebPage\",\"@id\":\"https:\\\/\\\/centrourbano.com\\\/revista\\\/vivienda\\\/vivienda-joven-mexico\\\/\",\"url\":\"https:\\\/\\\/centrourbano.com\\\/revista\\\/vivienda\\\/vivienda-joven-mexico\\\/\",\"name\":\"\ud83d\udccaInfograf\u00eda | Adquirir vivienda, el reto casi inalcanzable para j\u00f3venes\",\"isPartOf\":{\"@id\":\"https:\\\/\\\/centrourbano.com\\\/revista\\\/#website\"},\"primaryImageOfPage\":{\"@id\":\"https:\\\/\\\/centrourbano.com\\\/revista\\\/vivienda\\\/vivienda-joven-mexico\\\/#primaryimage\"},\"image\":{\"@id\":\"https:\\\/\\\/centrourbano.com\\\/revista\\\/vivienda\\\/vivienda-joven-mexico\\\/#primaryimage\"},\"thumbnailUrl\":\"https:\\\/\\\/centrourbano.com\\\/revista\\\/wp-content\\\/uploads\\\/jovenes_vivienda_1.jpg\",\"datePublished\":\"2019-08-12T23:16:59+00:00\",\"dateModified\":\"2019-08-13T19:19:21+00:00\",\"description\":\"Contrario a la creencia generalizada, los j\u00f3venes s\u00ed contemplan como uno de los objetivos primordiales dentro de sus planes de vida la compara...\",\"breadcrumb\":{\"@id\":\"https:\\\/\\\/centrourbano.com\\\/revista\\\/vivienda\\\/vivienda-joven-mexico\\\/#breadcrumb\"},\"inLanguage\":\"es\",\"potentialAction\":[{\"@type\":\"ReadAction\",\"target\":[\"https:\\\/\\\/centrourbano.com\\\/revista\\\/vivienda\\\/vivienda-joven-mexico\\\/\"]}]},{\"@type\":\"ImageObject\",\"inLanguage\":\"es\",\"@id\":\"https:\\\/\\\/centrourbano.com\\\/revista\\\/vivienda\\\/vivienda-joven-mexico\\\/#primaryimage\",\"url\":\"https:\\\/\\\/centrourbano.com\\\/revista\\\/wp-content\\\/uploads\\\/jovenes_vivienda_1.jpg\",\"contentUrl\":\"https:\\\/\\\/centrourbano.com\\\/revista\\\/wp-content\\\/uploads\\\/jovenes_vivienda_1.jpg\",\"width\":500,\"height\":334,\"caption\":\"Los bajos salarios son el principal obst\u00e1culo que impide a los j\u00f3venes poder comprar una casa\"},{\"@type\":\"BreadcrumbList\",\"@id\":\"https:\\\/\\\/centrourbano.com\\\/revista\\\/vivienda\\\/vivienda-joven-mexico\\\/#breadcrumb\",\"itemListElement\":[{\"@type\":\"ListItem\",\"position\":1,\"name\":\"Portada\",\"item\":\"https:\\\/\\\/centrourbano.com\\\/revista\\\/\"},{\"@type\":\"ListItem\",\"position\":2,\"name\":\"\ud83d\udccaInfograf\u00eda | Adquirir vivienda, el reto casi inalcanzable para j\u00f3venes mexicanos\"}]},{\"@type\":\"WebSite\",\"@id\":\"https:\\\/\\\/centrourbano.com\\\/revista\\\/#website\",\"url\":\"https:\\\/\\\/centrourbano.com\\\/revista\\\/\",\"name\":\"Centro Urbano\",\"description\":\"Medio especializado en los sectores vivienda, inmobiliario, construcci\u00f3n, arquitectura y urbanismo.\",\"publisher\":{\"@id\":\"https:\\\/\\\/centrourbano.com\\\/revista\\\/#organization\"},\"potentialAction\":[{\"@type\":\"SearchAction\",\"target\":{\"@type\":\"EntryPoint\",\"urlTemplate\":\"https:\\\/\\\/centrourbano.com\\\/revista\\\/?s={search_term_string}\"},\"query-input\":{\"@type\":\"PropertyValueSpecification\",\"valueRequired\":true,\"valueName\":\"search_term_string\"}}],\"inLanguage\":\"es\"},{\"@type\":\"Organization\",\"@id\":\"https:\\\/\\\/centrourbano.com\\\/revista\\\/#organization\",\"name\":\"Centro Urbano\",\"url\":\"https:\\\/\\\/centrourbano.com\\\/revista\\\/\",\"logo\":{\"@type\":\"ImageObject\",\"inLanguage\":\"es\",\"@id\":\"https:\\\/\\\/centrourbano.com\\\/revista\\\/#\\\/schema\\\/logo\\\/image\\\/\",\"url\":\"https:\\\/\\\/centrourbano.com\\\/revista\\\/wp-content\\\/uploads\\\/web_CU_logo-1.png\",\"contentUrl\":\"https:\\\/\\\/centrourbano.com\\\/revista\\\/wp-content\\\/uploads\\\/web_CU_logo-1.png\",\"width\":350,\"height\":91,\"caption\":\"Centro Urbano\"},\"image\":{\"@id\":\"https:\\\/\\\/centrourbano.com\\\/revista\\\/#\\\/schema\\\/logo\\\/image\\\/\"},\"sameAs\":[\"https:\\\/\\\/www.facebook.com\\\/portalcentrourbano\",\"https:\\\/\\\/x.com\\\/CentroUrbano\",\"https:\\\/\\\/www.instagram.com\\\/centro_urbano\\\/\",\"https:\\\/\\\/www.linkedin.com\\\/company\\\/centro-urbano\\\/\",\"http:\\\/\\\/www.youtube.com\\\/user\\\/portalcentrourbano\"]},{\"@type\":\"Person\",\"@id\":\"https:\\\/\\\/centrourbano.com\\\/revista\\\/#\\\/schema\\\/person\\\/ff3c00651ce5b1630479d2cd0c2e3ac0\",\"name\":\"Edgar Rosas\",\"image\":{\"@type\":\"ImageObject\",\"inLanguage\":\"es\",\"@id\":\"https:\\\/\\\/secure.gravatar.com\\\/avatar\\\/94440c4283495211faa5300bf85e80061036b83fced868c3783aa1310b350d9c?s=96&d=mm&r=g\",\"url\":\"https:\\\/\\\/secure.gravatar.com\\\/avatar\\\/94440c4283495211faa5300bf85e80061036b83fced868c3783aa1310b350d9c?s=96&d=mm&r=g\",\"contentUrl\":\"https:\\\/\\\/secure.gravatar.com\\\/avatar\\\/94440c4283495211faa5300bf85e80061036b83fced868c3783aa1310b350d9c?s=96&d=mm&r=g\",\"caption\":\"Edgar Rosas\"},\"description\":\"Editor en Jefe de Centro Urbano. Egresado de la maestr\u00eda en Periodismo Pol\u00edtico de la Escuela de Periodismo Carlos Septi\u00e9n Garc\u00eda (EPCSG). Estudi\u00f3 la licenciatura en Comunicaci\u00f3n en la Universidad Mexicana. Amante de la cr\u00f3nica y el reportaje. Admirador de Vicente Le\u00f1ero y Miguel \u00c1ngel Granados Chapa.\",\"sameAs\":[\"https:\\\/\\\/x.com\\\/https:\\\/\\\/twitter.com\\\/ERosasCU?s=09\"],\"url\":\"https:\\\/\\\/centrourbano.com\\\/revista\\\/author\\\/edgar-rosas\\\/\"}]}<\/script>\n<!-- \/ Yoast SEO plugin. -->","yoast_head_json":{"title":"\ud83d\udccaInfograf\u00eda | Adquirir vivienda, el reto casi inalcanzable para j\u00f3venes","description":"Contrario a la creencia generalizada, los j\u00f3venes s\u00ed contemplan como uno de los objetivos primordiales dentro de sus planes de vida la compara...","robots":{"index":"index","follow":"follow","max-snippet":"max-snippet:-1","max-image-preview":"max-image-preview:large","max-video-preview":"max-video-preview:-1"},"canonical":"https:\/\/centrourbano.com\/revista\/vivienda\/vivienda-joven-mexico\/","og_locale":"es_ES","og_type":"article","og_title":"\ud83d\udccaInfograf\u00eda | Adquirir vivienda, el reto casi inalcanzable para j\u00f3venes","og_description":"Contrario a la creencia generalizada, los j\u00f3venes s\u00ed contemplan como uno de los objetivos primordiales dentro de sus planes de vida la compara...","og_url":"https:\/\/centrourbano.com\/revista\/vivienda\/vivienda-joven-mexico\/","og_site_name":"Centro Urbano","article_publisher":"https:\/\/www.facebook.com\/portalcentrourbano","article_published_time":"2019-08-12T23:16:59+00:00","article_modified_time":"2019-08-13T19:19:21+00:00","og_image":[{"width":500,"height":334,"url":"https:\/\/centrourbano.com\/revista\/wp-content\/uploads\/jovenes_vivienda_1.jpg","type":"image\/jpeg"}],"author":"Edgar Rosas","twitter_card":"summary_large_image","twitter_creator":"@https:\/\/twitter.com\/ERosasCU?s=09","twitter_site":"@CentroUrbano","twitter_misc":{"Escrito por":"Edgar Rosas","Tiempo de lectura":"3 minutos"},"schema":{"@context":"https:\/\/schema.org","@graph":[{"@type":"Article","@id":"https:\/\/centrourbano.com\/revista\/vivienda\/vivienda-joven-mexico\/#article","isPartOf":{"@id":"https:\/\/centrourbano.com\/revista\/vivienda\/vivienda-joven-mexico\/"},"author":{"name":"Edgar Rosas","@id":"https:\/\/centrourbano.com\/revista\/#\/schema\/person\/ff3c00651ce5b1630479d2cd0c2e3ac0"},"headline":"\ud83d\udccaInfograf\u00eda | Adquirir vivienda, el reto casi inalcanzable para j\u00f3venes mexicanos","datePublished":"2019-08-12T23:16:59+00:00","dateModified":"2019-08-13T19:19:21+00:00","mainEntityOfPage":{"@id":"https:\/\/centrourbano.com\/revista\/vivienda\/vivienda-joven-mexico\/"},"wordCount":660,"commentCount":0,"publisher":{"@id":"https:\/\/centrourbano.com\/revista\/#organization"},"image":{"@id":"https:\/\/centrourbano.com\/revista\/vivienda\/vivienda-joven-mexico\/#primaryimage"},"thumbnailUrl":"https:\/\/centrourbano.com\/revista\/wp-content\/uploads\/jovenes_vivienda_1.jpg","keywords":["costo","cr\u00e9dito","Ingreso","joven","vivienda"],"articleSection":["Reportajes","Vivienda"],"inLanguage":"es","potentialAction":[{"@type":"CommentAction","name":"Comment","target":["https:\/\/centrourbano.com\/revista\/vivienda\/vivienda-joven-mexico\/#respond"]}]},{"@type":"WebPage","@id":"https:\/\/centrourbano.com\/revista\/vivienda\/vivienda-joven-mexico\/","url":"https:\/\/centrourbano.com\/revista\/vivienda\/vivienda-joven-mexico\/","name":"\ud83d\udccaInfograf\u00eda | Adquirir vivienda, el reto casi inalcanzable para j\u00f3venes","isPartOf":{"@id":"https:\/\/centrourbano.com\/revista\/#website"},"primaryImageOfPage":{"@id":"https:\/\/centrourbano.com\/revista\/vivienda\/vivienda-joven-mexico\/#primaryimage"},"image":{"@id":"https:\/\/centrourbano.com\/revista\/vivienda\/vivienda-joven-mexico\/#primaryimage"},"thumbnailUrl":"https:\/\/centrourbano.com\/revista\/wp-content\/uploads\/jovenes_vivienda_1.jpg","datePublished":"2019-08-12T23:16:59+00:00","dateModified":"2019-08-13T19:19:21+00:00","description":"Contrario a la creencia generalizada, los j\u00f3venes s\u00ed contemplan como uno de los objetivos primordiales dentro de sus planes de vida la compara...","breadcrumb":{"@id":"https:\/\/centrourbano.com\/revista\/vivienda\/vivienda-joven-mexico\/#breadcrumb"},"inLanguage":"es","potentialAction":[{"@type":"ReadAction","target":["https:\/\/centrourbano.com\/revista\/vivienda\/vivienda-joven-mexico\/"]}]},{"@type":"ImageObject","inLanguage":"es","@id":"https:\/\/centrourbano.com\/revista\/vivienda\/vivienda-joven-mexico\/#primaryimage","url":"https:\/\/centrourbano.com\/revista\/wp-content\/uploads\/jovenes_vivienda_1.jpg","contentUrl":"https:\/\/centrourbano.com\/revista\/wp-content\/uploads\/jovenes_vivienda_1.jpg","width":500,"height":334,"caption":"Los bajos salarios son el principal obst\u00e1culo que impide a los j\u00f3venes poder comprar una casa"},{"@type":"BreadcrumbList","@id":"https:\/\/centrourbano.com\/revista\/vivienda\/vivienda-joven-mexico\/#breadcrumb","itemListElement":[{"@type":"ListItem","position":1,"name":"Portada","item":"https:\/\/centrourbano.com\/revista\/"},{"@type":"ListItem","position":2,"name":"\ud83d\udccaInfograf\u00eda | Adquirir vivienda, el reto casi inalcanzable para j\u00f3venes mexicanos"}]},{"@type":"WebSite","@id":"https:\/\/centrourbano.com\/revista\/#website","url":"https:\/\/centrourbano.com\/revista\/","name":"Centro Urbano","description":"Medio especializado en los sectores vivienda, inmobiliario, construcci\u00f3n, arquitectura y urbanismo.","publisher":{"@id":"https:\/\/centrourbano.com\/revista\/#organization"},"potentialAction":[{"@type":"SearchAction","target":{"@type":"EntryPoint","urlTemplate":"https:\/\/centrourbano.com\/revista\/?s={search_term_string}"},"query-input":{"@type":"PropertyValueSpecification","valueRequired":true,"valueName":"search_term_string"}}],"inLanguage":"es"},{"@type":"Organization","@id":"https:\/\/centrourbano.com\/revista\/#organization","name":"Centro Urbano","url":"https:\/\/centrourbano.com\/revista\/","logo":{"@type":"ImageObject","inLanguage":"es","@id":"https:\/\/centrourbano.com\/revista\/#\/schema\/logo\/image\/","url":"https:\/\/centrourbano.com\/revista\/wp-content\/uploads\/web_CU_logo-1.png","contentUrl":"https:\/\/centrourbano.com\/revista\/wp-content\/uploads\/web_CU_logo-1.png","width":350,"height":91,"caption":"Centro Urbano"},"image":{"@id":"https:\/\/centrourbano.com\/revista\/#\/schema\/logo\/image\/"},"sameAs":["https:\/\/www.facebook.com\/portalcentrourbano","https:\/\/x.com\/CentroUrbano","https:\/\/www.instagram.com\/centro_urbano\/","https:\/\/www.linkedin.com\/company\/centro-urbano\/","http:\/\/www.youtube.com\/user\/portalcentrourbano"]},{"@type":"Person","@id":"https:\/\/centrourbano.com\/revista\/#\/schema\/person\/ff3c00651ce5b1630479d2cd0c2e3ac0","name":"Edgar Rosas","image":{"@type":"ImageObject","inLanguage":"es","@id":"https:\/\/secure.gravatar.com\/avatar\/94440c4283495211faa5300bf85e80061036b83fced868c3783aa1310b350d9c?s=96&d=mm&r=g","url":"https:\/\/secure.gravatar.com\/avatar\/94440c4283495211faa5300bf85e80061036b83fced868c3783aa1310b350d9c?s=96&d=mm&r=g","contentUrl":"https:\/\/secure.gravatar.com\/avatar\/94440c4283495211faa5300bf85e80061036b83fced868c3783aa1310b350d9c?s=96&d=mm&r=g","caption":"Edgar Rosas"},"description":"Editor en Jefe de Centro Urbano. Egresado de la maestr\u00eda en Periodismo Pol\u00edtico de la Escuela de Periodismo Carlos Septi\u00e9n Garc\u00eda (EPCSG). Estudi\u00f3 la licenciatura en Comunicaci\u00f3n en la Universidad Mexicana. Amante de la cr\u00f3nica y el reportaje. Admirador de Vicente Le\u00f1ero y Miguel \u00c1ngel Granados Chapa.","sameAs":["https:\/\/x.com\/https:\/\/twitter.com\/ERosasCU?s=09"],"url":"https:\/\/centrourbano.com\/revista\/author\/edgar-rosas\/"}]}},"_links":{"self":[{"href":"https:\/\/centrourbano.com\/revista\/wp-json\/wp\/v2\/posts\/94754","targetHints":{"allow":["GET"]}}],"collection":[{"href":"https:\/\/centrourbano.com\/revista\/wp-json\/wp\/v2\/posts"}],"about":[{"href":"https:\/\/centrourbano.com\/revista\/wp-json\/wp\/v2\/types\/post"}],"author":[{"embeddable":true,"href":"https:\/\/centrourbano.com\/revista\/wp-json\/wp\/v2\/users\/47"}],"replies":[{"embeddable":true,"href":"https:\/\/centrourbano.com\/revista\/wp-json\/wp\/v2\/comments?post=94754"}],"version-history":[{"count":11,"href":"https:\/\/centrourbano.com\/revista\/wp-json\/wp\/v2\/posts\/94754\/revisions"}],"predecessor-version":[{"id":94797,"href":"https:\/\/centrourbano.com\/revista\/wp-json\/wp\/v2\/posts\/94754\/revisions\/94797"}],"wp:featuredmedia":[{"embeddable":true,"href":"https:\/\/centrourbano.com\/revista\/wp-json\/wp\/v2\/media\/94755"}],"wp:attachment":[{"href":"https:\/\/centrourbano.com\/revista\/wp-json\/wp\/v2\/media?parent=94754"}],"wp:term":[{"taxonomy":"category","embeddable":true,"href":"https:\/\/centrourbano.com\/revista\/wp-json\/wp\/v2\/categories?post=94754"},{"taxonomy":"post_tag","embeddable":true,"href":"https:\/\/centrourbano.com\/revista\/wp-json\/wp\/v2\/tags?post=94754"}],"curies":[{"name":"wp","href":"https:\/\/api.w.org\/{rel}","templated":true}]}}