{"id":94745,"date":"2019-08-12T17:27:38","date_gmt":"2019-08-12T22:27:38","guid":{"rendered":"https:\/\/centrourbano.com\/?p=94745"},"modified":"2019-08-21T16:50:14","modified_gmt":"2019-08-21T21:50:14","slug":"artha-capital-ve-oportunidades-sector-industrial","status":"publish","type":"post","link":"https:\/\/centrourbano.com\/revista\/publicaciones\/artha-capital-ve-oportunidades-sector-industrial\/","title":{"rendered":"Artha Capital ve oportunidades en sector industrial"},"content":{"rendered":"<p><em>La competencia en diversos sectores econ\u00f3micos provoca que la demanda por espacios industriales se mantenga<\/em><!--more--><\/p>\n<p>Para Patricio Rodr\u00edguez, director de operaciones de <strong>Artha Capital<\/strong>, el segmento industrial se ha mantenido como uno de los m\u00e1s atractivos del sector inmobiliario. Y es que, de acuerdo con el directivo, hay diversos nichos de oportunidad que alientan a la industria, como el caso del comercio electr\u00f3nico en la parte de distribuci\u00f3n y log\u00edstica.<\/p>\n<p>En entrevista para <strong>Revista Inversi\u00f3n Inmobiliaria<\/strong>, Rodr\u00edguez se\u00f1al\u00f3 que los fundamentales del sector industrial se mantienen en buenos niveles. Por ello, dijo, a pesar de las amenazas de aranceles que se presentaron por parte de Estados Unidos, y del proceso de renegociaci\u00f3n del Tratado Comercial M\u00e9xico, Estados Unidos y Canad\u00e1, este segmento se mantiene con potencial.<\/p>\n<p>Al respeto, el directivo manifest\u00f3 que, sobre todo, el mercado de inversionistas ve en este sector un \u00e1rea de oportunidad para apostar. Y es que, asegur\u00f3, \u201clos inversionistas est\u00e1n volcados al mercado mexicano como una gran opci\u00f3n para invertir en nuevos desarrollos que alberguen empresas y generar empleos\u201d.<\/p>\n<p>Por otro lado, Patricio Rodr\u00edguez expuso que desde la perspectiva de Artha Capital se observa una inercia importante en el sector. En ese sentido, manifest\u00f3, la compa\u00f1\u00eda esta con la mira de aprovechar las oportunidades que se generen ante la demanda por <strong>espacios industriales. <\/strong><\/p>\n<p><strong>Atender las necesidades<\/strong><\/p>\n<p>De acuerdo con Patricio Rodr\u00edguez, para Artha Capital, mercados como el de manufactura ligera de la frontera norte, as\u00ed como el de comerci\u00f3 electr\u00f3nico destacan en el panorama de oportunidades para el sector. Por regiones, dijo, las zonas centro, Baj\u00edo y norte pintan con oportunidades para la firma.<\/p>\n<p>Espec\u00edficamente, a\u00f1adi\u00f3, para la empresa que representa, el mercado de <strong>Tijuana<\/strong> ha resultado interesante. En esa l\u00ednea, asegur\u00f3, la compa\u00f1\u00eda ha fortalecido su presencia.<\/p>\n<p>\u201cEn la Frontera, que es una manufactura ligera, hay oportunidad. En nuestro caso, tenemos presencia muy fuerte en Tijuana donde el costo de mano obra no tiene modo de compararlo con el de California, y muchas empresas siguen mirando hacia Tijuana; hemos tenido varios proyectos nuevos y sigue habiendo una gran ventaja\u201d, se\u00f1al\u00f3 el directivo.<\/p>\n<p>Por otro lado, en el centro del pa\u00eds hay una oportunidad importante, dijo Patricio Rodr\u00edguez. Y es que, asegur\u00f3, la falta de espacios industriales hace que los proyectos que se ubiquen en las entidades vecinas a la capital obtengan un potencial importante.<\/p>\n<p><strong>Nota: Este texto se incluye en la edici\u00f3n 68 de la Revista Inversi\u00f3n Inmobiliaria<\/strong><\/p>\n<p style=\"text-align: center;\"><em>Consulta la edici\u00f3n\u00a0completa aqu\u00ed:\u00a0<\/em><\/p>\n<p style=\"text-align: center;\"><a href=\"https:\/\/centrourbano.com\/2019\/08\/12\/inversion-inmobiliaria-jul-ago-2019\/\" target=\"_blank\" rel=\"noopener noreferrer\"><img loading=\"lazy\" decoding=\"async\" class=\"alignnone wp-image-94735\" src=\"https:\/\/centrourbano.com\/revista\/wp-content\/uploads\/2019-08-12-300x298.jpg\" alt=\"\" width=\"483\" height=\"480\" srcset=\"https:\/\/centrourbano.com\/revista\/wp-content\/uploads\/2019-08-12-300x298.jpg 300w, https:\/\/centrourbano.com\/revista\/wp-content\/uploads\/2019-08-12-150x150.jpg 150w, https:\/\/centrourbano.com\/revista\/wp-content\/uploads\/2019-08-12-768x763.jpg 768w, https:\/\/centrourbano.com\/revista\/wp-content\/uploads\/2019-08-12.jpg 1019w\" sizes=\"auto, (max-width: 483px) 100vw, 483px\" \/><\/a><\/p>\n","protected":false},"excerpt":{"rendered":"<p>La competencia en diversos sectores econ\u00f3micos provoca que la demanda por espacios industriales se mantenga<\/p>\n","protected":false},"author":69,"featured_media":94746,"comment_status":"open","ping_status":"closed","sticky":false,"template":"","format":"standard","meta":{"om_disable_all_campaigns":false,"inline_featured_image":false,"_monsterinsights_skip_tracking":false,"_monsterinsights_sitenote_active":false,"_monsterinsights_sitenote_note":"","_monsterinsights_sitenote_category":0,"footnotes":""},"categories":[13,4,7115],"tags":[3837,115],"class_list":["post-94745","post","type-post","status-publish","format-standard","has-post-thumbnail","hentry","category-entrevistas","category-publicaciones","category-revista-inversion-inmobiliaria","tag-artha-capital","tag-industrial"],"yoast_head":"<!-- This site is optimized with the Yoast SEO plugin v27.4 - https:\/\/yoast.com\/product\/yoast-seo-wordpress\/ -->\n<title>Artha Capital ve oportunidades en sector industrial<\/title>\n<meta name=\"description\" content=\"La competencia en diversos sectores econ\u00f3micos provoca que la demanda por espacios industriales se mantenga\" \/>\n<meta name=\"robots\" content=\"index, follow, max-snippet:-1, max-image-preview:large, max-video-preview:-1\" \/>\n<link rel=\"canonical\" href=\"https:\/\/centrourbano.com\/revista\/publicaciones\/artha-capital-ve-oportunidades-sector-industrial\/\" \/>\n<meta property=\"og:locale\" content=\"es_ES\" \/>\n<meta property=\"og:type\" content=\"article\" \/>\n<meta property=\"og:title\" content=\"Artha Capital ve oportunidades en sector industrial\" \/>\n<meta property=\"og:description\" content=\"La competencia en diversos sectores econ\u00f3micos provoca que la demanda por espacios industriales se mantenga\" \/>\n<meta property=\"og:url\" content=\"https:\/\/centrourbano.com\/revista\/publicaciones\/artha-capital-ve-oportunidades-sector-industrial\/\" \/>\n<meta property=\"og:site_name\" content=\"Centro Urbano\" \/>\n<meta property=\"article:publisher\" content=\"https:\/\/www.facebook.com\/portalcentrourbano\" \/>\n<meta property=\"article:published_time\" content=\"2019-08-12T22:27:38+00:00\" \/>\n<meta property=\"article:modified_time\" content=\"2019-08-21T21:50:14+00:00\" \/>\n<meta property=\"og:image\" content=\"https:\/\/centrourbano.com\/revista\/wp-content\/uploads\/Artha.jpg\" \/>\n\t<meta property=\"og:image:width\" content=\"700\" \/>\n\t<meta property=\"og:image:height\" content=\"400\" \/>\n\t<meta property=\"og:image:type\" content=\"image\/jpeg\" \/>\n<meta name=\"author\" content=\"Fernando Navarrete\" \/>\n<meta name=\"twitter:card\" content=\"summary_large_image\" \/>\n<meta name=\"twitter:creator\" content=\"@CentroUrbano\" \/>\n<meta name=\"twitter:site\" content=\"@CentroUrbano\" \/>\n<meta name=\"twitter:label1\" content=\"Escrito por\" \/>\n\t<meta name=\"twitter:data1\" content=\"Fernando Navarrete\" \/>\n\t<meta name=\"twitter:label2\" content=\"Tiempo de lectura\" \/>\n\t<meta name=\"twitter:data2\" content=\"2 minutos\" \/>\n<script type=\"application\/ld+json\" class=\"yoast-schema-graph\">{\"@context\":\"https:\\\/\\\/schema.org\",\"@graph\":[{\"@type\":\"Article\",\"@id\":\"https:\\\/\\\/centrourbano.com\\\/revista\\\/publicaciones\\\/artha-capital-ve-oportunidades-sector-industrial\\\/#article\",\"isPartOf\":{\"@id\":\"https:\\\/\\\/centrourbano.com\\\/revista\\\/publicaciones\\\/artha-capital-ve-oportunidades-sector-industrial\\\/\"},\"author\":{\"name\":\"Fernando Navarrete\",\"@id\":\"https:\\\/\\\/centrourbano.com\\\/revista\\\/#\\\/schema\\\/person\\\/515c32d01ece40d20a7ed3fdf34051af\"},\"headline\":\"Artha Capital ve oportunidades en sector industrial\",\"datePublished\":\"2019-08-12T22:27:38+00:00\",\"dateModified\":\"2019-08-21T21:50:14+00:00\",\"mainEntityOfPage\":{\"@id\":\"https:\\\/\\\/centrourbano.com\\\/revista\\\/publicaciones\\\/artha-capital-ve-oportunidades-sector-industrial\\\/\"},\"wordCount\":443,\"commentCount\":0,\"publisher\":{\"@id\":\"https:\\\/\\\/centrourbano.com\\\/revista\\\/#organization\"},\"image\":{\"@id\":\"https:\\\/\\\/centrourbano.com\\\/revista\\\/publicaciones\\\/artha-capital-ve-oportunidades-sector-industrial\\\/#primaryimage\"},\"thumbnailUrl\":\"https:\\\/\\\/centrourbano.com\\\/revista\\\/wp-content\\\/uploads\\\/Artha.jpg\",\"keywords\":[\"Artha Capital\",\"industrial\"],\"articleSection\":[\"Entrevistas\",\"Publicaciones\",\"Revista Inversi\u00f3n Inmobiliaria\"],\"inLanguage\":\"es\",\"potentialAction\":[{\"@type\":\"CommentAction\",\"name\":\"Comment\",\"target\":[\"https:\\\/\\\/centrourbano.com\\\/revista\\\/publicaciones\\\/artha-capital-ve-oportunidades-sector-industrial\\\/#respond\"]}]},{\"@type\":\"WebPage\",\"@id\":\"https:\\\/\\\/centrourbano.com\\\/revista\\\/publicaciones\\\/artha-capital-ve-oportunidades-sector-industrial\\\/\",\"url\":\"https:\\\/\\\/centrourbano.com\\\/revista\\\/publicaciones\\\/artha-capital-ve-oportunidades-sector-industrial\\\/\",\"name\":\"Artha Capital ve oportunidades en sector industrial\",\"isPartOf\":{\"@id\":\"https:\\\/\\\/centrourbano.com\\\/revista\\\/#website\"},\"primaryImageOfPage\":{\"@id\":\"https:\\\/\\\/centrourbano.com\\\/revista\\\/publicaciones\\\/artha-capital-ve-oportunidades-sector-industrial\\\/#primaryimage\"},\"image\":{\"@id\":\"https:\\\/\\\/centrourbano.com\\\/revista\\\/publicaciones\\\/artha-capital-ve-oportunidades-sector-industrial\\\/#primaryimage\"},\"thumbnailUrl\":\"https:\\\/\\\/centrourbano.com\\\/revista\\\/wp-content\\\/uploads\\\/Artha.jpg\",\"datePublished\":\"2019-08-12T22:27:38+00:00\",\"dateModified\":\"2019-08-21T21:50:14+00:00\",\"description\":\"La competencia en diversos sectores econ\u00f3micos provoca que la demanda por espacios industriales se mantenga\",\"breadcrumb\":{\"@id\":\"https:\\\/\\\/centrourbano.com\\\/revista\\\/publicaciones\\\/artha-capital-ve-oportunidades-sector-industrial\\\/#breadcrumb\"},\"inLanguage\":\"es\",\"potentialAction\":[{\"@type\":\"ReadAction\",\"target\":[\"https:\\\/\\\/centrourbano.com\\\/revista\\\/publicaciones\\\/artha-capital-ve-oportunidades-sector-industrial\\\/\"]}]},{\"@type\":\"ImageObject\",\"inLanguage\":\"es\",\"@id\":\"https:\\\/\\\/centrourbano.com\\\/revista\\\/publicaciones\\\/artha-capital-ve-oportunidades-sector-industrial\\\/#primaryimage\",\"url\":\"https:\\\/\\\/centrourbano.com\\\/revista\\\/wp-content\\\/uploads\\\/Artha.jpg\",\"contentUrl\":\"https:\\\/\\\/centrourbano.com\\\/revista\\\/wp-content\\\/uploads\\\/Artha.jpg\",\"width\":700,\"height\":400,\"caption\":\"La competencia en diversos sectores econ\u00f3micos provoca que la demanda por espacios industriales se mantenga\"},{\"@type\":\"BreadcrumbList\",\"@id\":\"https:\\\/\\\/centrourbano.com\\\/revista\\\/publicaciones\\\/artha-capital-ve-oportunidades-sector-industrial\\\/#breadcrumb\",\"itemListElement\":[{\"@type\":\"ListItem\",\"position\":1,\"name\":\"Portada\",\"item\":\"https:\\\/\\\/centrourbano.com\\\/revista\\\/\"},{\"@type\":\"ListItem\",\"position\":2,\"name\":\"Artha Capital ve oportunidades en sector industrial\"}]},{\"@type\":\"WebSite\",\"@id\":\"https:\\\/\\\/centrourbano.com\\\/revista\\\/#website\",\"url\":\"https:\\\/\\\/centrourbano.com\\\/revista\\\/\",\"name\":\"Centro Urbano\",\"description\":\"Medio especializado en los sectores vivienda, inmobiliario, construcci\u00f3n, arquitectura y urbanismo.\",\"publisher\":{\"@id\":\"https:\\\/\\\/centrourbano.com\\\/revista\\\/#organization\"},\"potentialAction\":[{\"@type\":\"SearchAction\",\"target\":{\"@type\":\"EntryPoint\",\"urlTemplate\":\"https:\\\/\\\/centrourbano.com\\\/revista\\\/?s={search_term_string}\"},\"query-input\":{\"@type\":\"PropertyValueSpecification\",\"valueRequired\":true,\"valueName\":\"search_term_string\"}}],\"inLanguage\":\"es\"},{\"@type\":\"Organization\",\"@id\":\"https:\\\/\\\/centrourbano.com\\\/revista\\\/#organization\",\"name\":\"Centro Urbano\",\"url\":\"https:\\\/\\\/centrourbano.com\\\/revista\\\/\",\"logo\":{\"@type\":\"ImageObject\",\"inLanguage\":\"es\",\"@id\":\"https:\\\/\\\/centrourbano.com\\\/revista\\\/#\\\/schema\\\/logo\\\/image\\\/\",\"url\":\"https:\\\/\\\/centrourbano.com\\\/revista\\\/wp-content\\\/uploads\\\/web_CU_logo-1.png\",\"contentUrl\":\"https:\\\/\\\/centrourbano.com\\\/revista\\\/wp-content\\\/uploads\\\/web_CU_logo-1.png\",\"width\":350,\"height\":91,\"caption\":\"Centro Urbano\"},\"image\":{\"@id\":\"https:\\\/\\\/centrourbano.com\\\/revista\\\/#\\\/schema\\\/logo\\\/image\\\/\"},\"sameAs\":[\"https:\\\/\\\/www.facebook.com\\\/portalcentrourbano\",\"https:\\\/\\\/x.com\\\/CentroUrbano\",\"https:\\\/\\\/www.instagram.com\\\/centro_urbano\\\/\",\"https:\\\/\\\/www.linkedin.com\\\/company\\\/centro-urbano\\\/\",\"http:\\\/\\\/www.youtube.com\\\/user\\\/portalcentrourbano\"]},{\"@type\":\"Person\",\"@id\":\"https:\\\/\\\/centrourbano.com\\\/revista\\\/#\\\/schema\\\/person\\\/515c32d01ece40d20a7ed3fdf34051af\",\"name\":\"Fernando Navarrete\",\"image\":{\"@type\":\"ImageObject\",\"inLanguage\":\"es\",\"@id\":\"https:\\\/\\\/secure.gravatar.com\\\/avatar\\\/f4dd6927a99e72698473e350e20ec8a38bd48cb668e15b03d04e8e537da41ad0?s=96&d=mm&r=g\",\"url\":\"https:\\\/\\\/secure.gravatar.com\\\/avatar\\\/f4dd6927a99e72698473e350e20ec8a38bd48cb668e15b03d04e8e537da41ad0?s=96&d=mm&r=g\",\"contentUrl\":\"https:\\\/\\\/secure.gravatar.com\\\/avatar\\\/f4dd6927a99e72698473e350e20ec8a38bd48cb668e15b03d04e8e537da41ad0?s=96&d=mm&r=g\",\"caption\":\"Fernando Navarrete\"},\"description\":\"Reportero de negocios, inmobiliario, construcci\u00f3n e industria. Me interesa la econom\u00eda, pol\u00edtica, historia y antropolog\u00eda. Estudi\u00e9 en la Facultad de Ciencias Pol\u00edticas y Sociales de la UNAM. Tengo experiencia en el sector p\u00fablico, la industria del acero, ingenier\u00eda civil, IT y corporativos; soy un nost\u00e1lgico nacionalista contempor\u00e1neo que cree en la grandeza de su pa\u00eds. Asiduo lector de Juan Rulfo, Jos\u00e9 Revueltas y J. R. R Tolkien.\",\"url\":\"https:\\\/\\\/centrourbano.com\\\/revista\\\/author\\\/fernando-navarrete\\\/\"}]}<\/script>\n<!-- \/ Yoast SEO plugin. -->","yoast_head_json":{"title":"Artha Capital ve oportunidades en sector industrial","description":"La competencia en diversos sectores econ\u00f3micos provoca que la demanda por espacios industriales se mantenga","robots":{"index":"index","follow":"follow","max-snippet":"max-snippet:-1","max-image-preview":"max-image-preview:large","max-video-preview":"max-video-preview:-1"},"canonical":"https:\/\/centrourbano.com\/revista\/publicaciones\/artha-capital-ve-oportunidades-sector-industrial\/","og_locale":"es_ES","og_type":"article","og_title":"Artha Capital ve oportunidades en sector industrial","og_description":"La competencia en diversos sectores econ\u00f3micos provoca que la demanda por espacios industriales se mantenga","og_url":"https:\/\/centrourbano.com\/revista\/publicaciones\/artha-capital-ve-oportunidades-sector-industrial\/","og_site_name":"Centro Urbano","article_publisher":"https:\/\/www.facebook.com\/portalcentrourbano","article_published_time":"2019-08-12T22:27:38+00:00","article_modified_time":"2019-08-21T21:50:14+00:00","og_image":[{"width":700,"height":400,"url":"https:\/\/centrourbano.com\/revista\/wp-content\/uploads\/Artha.jpg","type":"image\/jpeg"}],"author":"Fernando Navarrete","twitter_card":"summary_large_image","twitter_creator":"@CentroUrbano","twitter_site":"@CentroUrbano","twitter_misc":{"Escrito por":"Fernando Navarrete","Tiempo de lectura":"2 minutos"},"schema":{"@context":"https:\/\/schema.org","@graph":[{"@type":"Article","@id":"https:\/\/centrourbano.com\/revista\/publicaciones\/artha-capital-ve-oportunidades-sector-industrial\/#article","isPartOf":{"@id":"https:\/\/centrourbano.com\/revista\/publicaciones\/artha-capital-ve-oportunidades-sector-industrial\/"},"author":{"name":"Fernando Navarrete","@id":"https:\/\/centrourbano.com\/revista\/#\/schema\/person\/515c32d01ece40d20a7ed3fdf34051af"},"headline":"Artha Capital ve oportunidades en sector industrial","datePublished":"2019-08-12T22:27:38+00:00","dateModified":"2019-08-21T21:50:14+00:00","mainEntityOfPage":{"@id":"https:\/\/centrourbano.com\/revista\/publicaciones\/artha-capital-ve-oportunidades-sector-industrial\/"},"wordCount":443,"commentCount":0,"publisher":{"@id":"https:\/\/centrourbano.com\/revista\/#organization"},"image":{"@id":"https:\/\/centrourbano.com\/revista\/publicaciones\/artha-capital-ve-oportunidades-sector-industrial\/#primaryimage"},"thumbnailUrl":"https:\/\/centrourbano.com\/revista\/wp-content\/uploads\/Artha.jpg","keywords":["Artha Capital","industrial"],"articleSection":["Entrevistas","Publicaciones","Revista Inversi\u00f3n Inmobiliaria"],"inLanguage":"es","potentialAction":[{"@type":"CommentAction","name":"Comment","target":["https:\/\/centrourbano.com\/revista\/publicaciones\/artha-capital-ve-oportunidades-sector-industrial\/#respond"]}]},{"@type":"WebPage","@id":"https:\/\/centrourbano.com\/revista\/publicaciones\/artha-capital-ve-oportunidades-sector-industrial\/","url":"https:\/\/centrourbano.com\/revista\/publicaciones\/artha-capital-ve-oportunidades-sector-industrial\/","name":"Artha Capital ve oportunidades en sector industrial","isPartOf":{"@id":"https:\/\/centrourbano.com\/revista\/#website"},"primaryImageOfPage":{"@id":"https:\/\/centrourbano.com\/revista\/publicaciones\/artha-capital-ve-oportunidades-sector-industrial\/#primaryimage"},"image":{"@id":"https:\/\/centrourbano.com\/revista\/publicaciones\/artha-capital-ve-oportunidades-sector-industrial\/#primaryimage"},"thumbnailUrl":"https:\/\/centrourbano.com\/revista\/wp-content\/uploads\/Artha.jpg","datePublished":"2019-08-12T22:27:38+00:00","dateModified":"2019-08-21T21:50:14+00:00","description":"La competencia en diversos sectores econ\u00f3micos provoca que la demanda por espacios industriales se mantenga","breadcrumb":{"@id":"https:\/\/centrourbano.com\/revista\/publicaciones\/artha-capital-ve-oportunidades-sector-industrial\/#breadcrumb"},"inLanguage":"es","potentialAction":[{"@type":"ReadAction","target":["https:\/\/centrourbano.com\/revista\/publicaciones\/artha-capital-ve-oportunidades-sector-industrial\/"]}]},{"@type":"ImageObject","inLanguage":"es","@id":"https:\/\/centrourbano.com\/revista\/publicaciones\/artha-capital-ve-oportunidades-sector-industrial\/#primaryimage","url":"https:\/\/centrourbano.com\/revista\/wp-content\/uploads\/Artha.jpg","contentUrl":"https:\/\/centrourbano.com\/revista\/wp-content\/uploads\/Artha.jpg","width":700,"height":400,"caption":"La competencia en diversos sectores econ\u00f3micos provoca que la demanda por espacios industriales se mantenga"},{"@type":"BreadcrumbList","@id":"https:\/\/centrourbano.com\/revista\/publicaciones\/artha-capital-ve-oportunidades-sector-industrial\/#breadcrumb","itemListElement":[{"@type":"ListItem","position":1,"name":"Portada","item":"https:\/\/centrourbano.com\/revista\/"},{"@type":"ListItem","position":2,"name":"Artha Capital ve oportunidades en sector industrial"}]},{"@type":"WebSite","@id":"https:\/\/centrourbano.com\/revista\/#website","url":"https:\/\/centrourbano.com\/revista\/","name":"Centro Urbano","description":"Medio especializado en los sectores vivienda, inmobiliario, construcci\u00f3n, arquitectura y urbanismo.","publisher":{"@id":"https:\/\/centrourbano.com\/revista\/#organization"},"potentialAction":[{"@type":"SearchAction","target":{"@type":"EntryPoint","urlTemplate":"https:\/\/centrourbano.com\/revista\/?s={search_term_string}"},"query-input":{"@type":"PropertyValueSpecification","valueRequired":true,"valueName":"search_term_string"}}],"inLanguage":"es"},{"@type":"Organization","@id":"https:\/\/centrourbano.com\/revista\/#organization","name":"Centro Urbano","url":"https:\/\/centrourbano.com\/revista\/","logo":{"@type":"ImageObject","inLanguage":"es","@id":"https:\/\/centrourbano.com\/revista\/#\/schema\/logo\/image\/","url":"https:\/\/centrourbano.com\/revista\/wp-content\/uploads\/web_CU_logo-1.png","contentUrl":"https:\/\/centrourbano.com\/revista\/wp-content\/uploads\/web_CU_logo-1.png","width":350,"height":91,"caption":"Centro Urbano"},"image":{"@id":"https:\/\/centrourbano.com\/revista\/#\/schema\/logo\/image\/"},"sameAs":["https:\/\/www.facebook.com\/portalcentrourbano","https:\/\/x.com\/CentroUrbano","https:\/\/www.instagram.com\/centro_urbano\/","https:\/\/www.linkedin.com\/company\/centro-urbano\/","http:\/\/www.youtube.com\/user\/portalcentrourbano"]},{"@type":"Person","@id":"https:\/\/centrourbano.com\/revista\/#\/schema\/person\/515c32d01ece40d20a7ed3fdf34051af","name":"Fernando Navarrete","image":{"@type":"ImageObject","inLanguage":"es","@id":"https:\/\/secure.gravatar.com\/avatar\/f4dd6927a99e72698473e350e20ec8a38bd48cb668e15b03d04e8e537da41ad0?s=96&d=mm&r=g","url":"https:\/\/secure.gravatar.com\/avatar\/f4dd6927a99e72698473e350e20ec8a38bd48cb668e15b03d04e8e537da41ad0?s=96&d=mm&r=g","contentUrl":"https:\/\/secure.gravatar.com\/avatar\/f4dd6927a99e72698473e350e20ec8a38bd48cb668e15b03d04e8e537da41ad0?s=96&d=mm&r=g","caption":"Fernando Navarrete"},"description":"Reportero de negocios, inmobiliario, construcci\u00f3n e industria. Me interesa la econom\u00eda, pol\u00edtica, historia y antropolog\u00eda. Estudi\u00e9 en la Facultad de Ciencias Pol\u00edticas y Sociales de la UNAM. Tengo experiencia en el sector p\u00fablico, la industria del acero, ingenier\u00eda civil, IT y corporativos; soy un nost\u00e1lgico nacionalista contempor\u00e1neo que cree en la grandeza de su pa\u00eds. Asiduo lector de Juan Rulfo, Jos\u00e9 Revueltas y J. R. R Tolkien.","url":"https:\/\/centrourbano.com\/revista\/author\/fernando-navarrete\/"}]}},"_links":{"self":[{"href":"https:\/\/centrourbano.com\/revista\/wp-json\/wp\/v2\/posts\/94745","targetHints":{"allow":["GET"]}}],"collection":[{"href":"https:\/\/centrourbano.com\/revista\/wp-json\/wp\/v2\/posts"}],"about":[{"href":"https:\/\/centrourbano.com\/revista\/wp-json\/wp\/v2\/types\/post"}],"author":[{"embeddable":true,"href":"https:\/\/centrourbano.com\/revista\/wp-json\/wp\/v2\/users\/69"}],"replies":[{"embeddable":true,"href":"https:\/\/centrourbano.com\/revista\/wp-json\/wp\/v2\/comments?post=94745"}],"version-history":[{"count":1,"href":"https:\/\/centrourbano.com\/revista\/wp-json\/wp\/v2\/posts\/94745\/revisions"}],"predecessor-version":[{"id":94747,"href":"https:\/\/centrourbano.com\/revista\/wp-json\/wp\/v2\/posts\/94745\/revisions\/94747"}],"wp:featuredmedia":[{"embeddable":true,"href":"https:\/\/centrourbano.com\/revista\/wp-json\/wp\/v2\/media\/94746"}],"wp:attachment":[{"href":"https:\/\/centrourbano.com\/revista\/wp-json\/wp\/v2\/media?parent=94745"}],"wp:term":[{"taxonomy":"category","embeddable":true,"href":"https:\/\/centrourbano.com\/revista\/wp-json\/wp\/v2\/categories?post=94745"},{"taxonomy":"post_tag","embeddable":true,"href":"https:\/\/centrourbano.com\/revista\/wp-json\/wp\/v2\/tags?post=94745"}],"curies":[{"name":"wp","href":"https:\/\/api.w.org\/{rel}","templated":true}]}}