{"id":94741,"date":"2019-08-12T17:20:04","date_gmt":"2019-08-12T22:20:04","guid":{"rendered":"https:\/\/centrourbano.com\/?p=94741"},"modified":"2019-08-21T16:50:38","modified_gmt":"2019-08-21T21:50:38","slug":"fibras-abren-la-puerta-la-inversion-mexico","status":"publish","type":"post","link":"https:\/\/centrourbano.com\/revista\/publicaciones\/fibras-abren-la-puerta-la-inversion-mexico\/","title":{"rendered":"Fibras abren la puerta a la inversi\u00f3n en M\u00e9xico"},"content":{"rendered":"<p><em>Para 2018, los Fibras consolidaron un portafolio de m\u00e1s de 1,600 desarrollos inmobiliarios en el pa\u00eds<\/em><!--more--><\/p>\n<p><span style=\"font-weight: 400;\">El mercado inmobiliario mexicano atraviesa por una oportunidad interesante debido al atractivo que han despertado veh\u00edculos de financiamiento para esta industria, como los Fideicomisos de Inversi\u00f3n en Bienes Ra\u00edces (<strong>Fibras<\/strong>), en instituciones como las Bolsas de Valores (<strong>BMV<\/strong>).\u00a0<\/span><\/p>\n<p><span style=\"font-weight: 400;\">En esto han coincidido grandes jugadores como <strong>Fibra Danhos y Fibra Prologis,<\/strong> quienes han sido testigos de la transformaci\u00f3n que ha tenido la industria con el surgimiento de dichos instrumentos, cuyo valor de capitalizaci\u00f3n es de m\u00e1s de 214,370 millones de pesos.\u00a0<\/span><\/p>\n<p><span style=\"font-weight: 400;\">\u201cLas Fibras en cierta manera institucionalizaron la inversi\u00f3n, le abrieron las puertas a un mercado mucho m\u00e1s amplio de potenciales inversionistas, cosa que es muy positiva (&#8230;)<\/span><\/p>\n<p><span style=\"font-weight: 400;\">\u201cSi revisamos las cifras de la cantidad de inversi\u00f3n extranjera que lleg\u00f3 al pa\u00eds gracias a las Fibras y la inversi\u00f3n inmobiliaria, los n\u00fameros son asombrosos\u201d, dijo <strong>El\u00edas Mizrahi<\/strong>, director de Relaci\u00f3n con Inversionistas de Fibra Danhos, en entrevista para <\/span><b><i>Revista Inversi\u00f3n Inmobiliaria<\/i><\/b><span style=\"font-weight: 400;\">.\u00a0<\/span><\/p>\n<p><strong>Apuesta por desarrollos de alto impacto<\/strong><\/p>\n<p><span style=\"font-weight: 400;\">Hasta 2018, los Fibras han consolidado un portafolio de proyectos inmobiliarios en todo el pa\u00eds mayor a las 1,600 propiedades para diversos segmentos, principalmente industrial, centros comerciales, de oficinas y hoteleros, con un \u00c1rea Bruta Rentable (ABR) mayor a los 21 millones de metros cuadrados (m\u00b2).<\/span><\/p>\n<p><span style=\"font-weight: 400;\">Entre estos, destaca el caso de <strong>Fibra Danhos<\/strong>, el fideicomiso de inversi\u00f3n que en 2013 debut\u00f3 en la Bolsa con 270,000 m\u00b2 de \u00e1rea rentable y nueve inmuebles, y que, para el cierre de 2018, su portafolio creci\u00f3 a 15 inmuebles, con m\u00e1s de 880,000 m\u00b2, es decir, en los \u00faltimos cinco a\u00f1os la firma ha triplicado su cartera con emblem\u00e1ticos proyectos como Reforma 222, Parque Toreo y Torre Virreyes.\u00a0<\/span><\/p>\n<p><span style=\"font-weight: 400;\">De acuerdo con El\u00edas Mizrahi, el enfoque de Danhos durante todo este tiempo ha sido apostar por desarrollos de alto impacto, muy atractivos para las zonas metropolitanas, siempre con una visi\u00f3n de largo plazo y la seguridad que les da invertir desde el fideicomiso.\u00a0<\/span><\/p>\n<p><span style=\"font-weight: 400;\">\u201cNosotros creemos que siempre y cuando el desarrollo inmobiliario est\u00e9 ordenado y se haga de manera correcta, tendremos un impacto muy positivo para el desarrollo continuo de las ciudades\u201d, apunt\u00f3 el directivo.\u00a0<\/span><\/p>\n<p><strong>Nota: Este texto se incluye en la edici\u00f3n 68 de la Revista Inversi\u00f3n Inmobiliaria<\/strong><\/p>\n<p style=\"text-align: center;\"><em>Consulta la edici\u00f3n\u00a0completa aqu\u00ed:\u00a0<\/em><\/p>\n<p style=\"text-align: center;\"><a href=\"https:\/\/centrourbano.com\/2019\/08\/12\/inversion-inmobiliaria-jul-ago-2019\/\" target=\"_blank\" rel=\"noopener noreferrer\"><img loading=\"lazy\" decoding=\"async\" class=\"alignnone wp-image-94735\" src=\"https:\/\/centrourbano.com\/revista\/wp-content\/uploads\/2019-08-12-300x298.jpg\" alt=\"\" width=\"493\" height=\"490\" srcset=\"https:\/\/centrourbano.com\/revista\/wp-content\/uploads\/2019-08-12-300x298.jpg 300w, https:\/\/centrourbano.com\/revista\/wp-content\/uploads\/2019-08-12-150x150.jpg 150w, https:\/\/centrourbano.com\/revista\/wp-content\/uploads\/2019-08-12-768x763.jpg 768w, https:\/\/centrourbano.com\/revista\/wp-content\/uploads\/2019-08-12.jpg 1019w\" sizes=\"auto, (max-width: 493px) 100vw, 493px\" \/><\/a><\/p>\n","protected":false},"excerpt":{"rendered":"<p>Para 2018, los Fibras consolidaron un portafolio de m\u00e1s de 1,600 desarrollos inmobiliarios en el pa\u00eds<\/p>\n","protected":false},"author":69,"featured_media":94742,"comment_status":"open","ping_status":"closed","sticky":false,"template":"","format":"standard","meta":{"om_disable_all_campaigns":false,"inline_featured_image":false,"_monsterinsights_skip_tracking":false,"_monsterinsights_sitenote_active":false,"_monsterinsights_sitenote_note":"","_monsterinsights_sitenote_category":0,"footnotes":""},"categories":[4,16,7115],"tags":[44],"class_list":["post-94741","post","type-post","status-publish","format-standard","has-post-thumbnail","hentry","category-publicaciones","category-reportajes","category-revista-inversion-inmobiliaria","tag-fibras"],"yoast_head":"<!-- This site is optimized with the Yoast SEO plugin v27.4 - https:\/\/yoast.com\/product\/yoast-seo-wordpress\/ -->\n<title>Fibras abren la puerta a la inversi\u00f3n en M\u00e9xico<\/title>\n<meta name=\"description\" content=\"Para 2018, los Fibras consolidaron un portafolio de m\u00e1s de 1,600 desarrollos inmobiliarios en el pa\u00eds\" \/>\n<meta name=\"robots\" content=\"index, follow, max-snippet:-1, max-image-preview:large, max-video-preview:-1\" \/>\n<link rel=\"canonical\" href=\"https:\/\/centrourbano.com\/revista\/publicaciones\/fibras-abren-la-puerta-la-inversion-mexico\/\" \/>\n<meta property=\"og:locale\" content=\"es_ES\" \/>\n<meta property=\"og:type\" content=\"article\" \/>\n<meta property=\"og:title\" content=\"Fibras abren la puerta a la inversi\u00f3n en M\u00e9xico\" \/>\n<meta property=\"og:description\" content=\"Para 2018, los Fibras consolidaron un portafolio de m\u00e1s de 1,600 desarrollos inmobiliarios en el pa\u00eds\" \/>\n<meta property=\"og:url\" content=\"https:\/\/centrourbano.com\/revista\/publicaciones\/fibras-abren-la-puerta-la-inversion-mexico\/\" \/>\n<meta property=\"og:site_name\" content=\"Centro Urbano\" \/>\n<meta property=\"article:publisher\" content=\"https:\/\/www.facebook.com\/portalcentrourbano\" \/>\n<meta property=\"article:published_time\" content=\"2019-08-12T22:20:04+00:00\" \/>\n<meta property=\"article:modified_time\" content=\"2019-08-21T21:50:38+00:00\" \/>\n<meta property=\"og:image\" content=\"https:\/\/centrourbano.com\/revista\/wp-content\/uploads\/Toreo-1.jpg\" \/>\n\t<meta property=\"og:image:width\" content=\"528\" \/>\n\t<meta property=\"og:image:height\" content=\"364\" \/>\n\t<meta property=\"og:image:type\" content=\"image\/jpeg\" \/>\n<meta name=\"author\" content=\"Fernando Navarrete\" \/>\n<meta name=\"twitter:card\" content=\"summary_large_image\" \/>\n<meta name=\"twitter:creator\" content=\"@CentroUrbano\" \/>\n<meta name=\"twitter:site\" content=\"@CentroUrbano\" \/>\n<meta name=\"twitter:label1\" content=\"Escrito por\" \/>\n\t<meta name=\"twitter:data1\" content=\"Fernando Navarrete\" \/>\n\t<meta name=\"twitter:label2\" content=\"Tiempo de lectura\" \/>\n\t<meta name=\"twitter:data2\" content=\"2 minutos\" \/>\n<script type=\"application\/ld+json\" class=\"yoast-schema-graph\">{\"@context\":\"https:\\\/\\\/schema.org\",\"@graph\":[{\"@type\":\"Article\",\"@id\":\"https:\\\/\\\/centrourbano.com\\\/revista\\\/publicaciones\\\/fibras-abren-la-puerta-la-inversion-mexico\\\/#article\",\"isPartOf\":{\"@id\":\"https:\\\/\\\/centrourbano.com\\\/revista\\\/publicaciones\\\/fibras-abren-la-puerta-la-inversion-mexico\\\/\"},\"author\":{\"name\":\"Fernando Navarrete\",\"@id\":\"https:\\\/\\\/centrourbano.com\\\/revista\\\/#\\\/schema\\\/person\\\/515c32d01ece40d20a7ed3fdf34051af\"},\"headline\":\"Fibras abren la puerta a la inversi\u00f3n en M\u00e9xico\",\"datePublished\":\"2019-08-12T22:20:04+00:00\",\"dateModified\":\"2019-08-21T21:50:38+00:00\",\"mainEntityOfPage\":{\"@id\":\"https:\\\/\\\/centrourbano.com\\\/revista\\\/publicaciones\\\/fibras-abren-la-puerta-la-inversion-mexico\\\/\"},\"wordCount\":407,\"commentCount\":0,\"publisher\":{\"@id\":\"https:\\\/\\\/centrourbano.com\\\/revista\\\/#organization\"},\"image\":{\"@id\":\"https:\\\/\\\/centrourbano.com\\\/revista\\\/publicaciones\\\/fibras-abren-la-puerta-la-inversion-mexico\\\/#primaryimage\"},\"thumbnailUrl\":\"https:\\\/\\\/centrourbano.com\\\/revista\\\/wp-content\\\/uploads\\\/Toreo-1.jpg\",\"keywords\":[\"Fibras\"],\"articleSection\":[\"Publicaciones\",\"Reportajes\",\"Revista Inversi\u00f3n Inmobiliaria\"],\"inLanguage\":\"es\",\"potentialAction\":[{\"@type\":\"CommentAction\",\"name\":\"Comment\",\"target\":[\"https:\\\/\\\/centrourbano.com\\\/revista\\\/publicaciones\\\/fibras-abren-la-puerta-la-inversion-mexico\\\/#respond\"]}]},{\"@type\":\"WebPage\",\"@id\":\"https:\\\/\\\/centrourbano.com\\\/revista\\\/publicaciones\\\/fibras-abren-la-puerta-la-inversion-mexico\\\/\",\"url\":\"https:\\\/\\\/centrourbano.com\\\/revista\\\/publicaciones\\\/fibras-abren-la-puerta-la-inversion-mexico\\\/\",\"name\":\"Fibras abren la puerta a la inversi\u00f3n en M\u00e9xico\",\"isPartOf\":{\"@id\":\"https:\\\/\\\/centrourbano.com\\\/revista\\\/#website\"},\"primaryImageOfPage\":{\"@id\":\"https:\\\/\\\/centrourbano.com\\\/revista\\\/publicaciones\\\/fibras-abren-la-puerta-la-inversion-mexico\\\/#primaryimage\"},\"image\":{\"@id\":\"https:\\\/\\\/centrourbano.com\\\/revista\\\/publicaciones\\\/fibras-abren-la-puerta-la-inversion-mexico\\\/#primaryimage\"},\"thumbnailUrl\":\"https:\\\/\\\/centrourbano.com\\\/revista\\\/wp-content\\\/uploads\\\/Toreo-1.jpg\",\"datePublished\":\"2019-08-12T22:20:04+00:00\",\"dateModified\":\"2019-08-21T21:50:38+00:00\",\"description\":\"Para 2018, los Fibras consolidaron un portafolio de m\u00e1s de 1,600 desarrollos inmobiliarios en el pa\u00eds\",\"breadcrumb\":{\"@id\":\"https:\\\/\\\/centrourbano.com\\\/revista\\\/publicaciones\\\/fibras-abren-la-puerta-la-inversion-mexico\\\/#breadcrumb\"},\"inLanguage\":\"es\",\"potentialAction\":[{\"@type\":\"ReadAction\",\"target\":[\"https:\\\/\\\/centrourbano.com\\\/revista\\\/publicaciones\\\/fibras-abren-la-puerta-la-inversion-mexico\\\/\"]}]},{\"@type\":\"ImageObject\",\"inLanguage\":\"es\",\"@id\":\"https:\\\/\\\/centrourbano.com\\\/revista\\\/publicaciones\\\/fibras-abren-la-puerta-la-inversion-mexico\\\/#primaryimage\",\"url\":\"https:\\\/\\\/centrourbano.com\\\/revista\\\/wp-content\\\/uploads\\\/Toreo-1.jpg\",\"contentUrl\":\"https:\\\/\\\/centrourbano.com\\\/revista\\\/wp-content\\\/uploads\\\/Toreo-1.jpg\",\"width\":528,\"height\":364,\"caption\":\"Para 2018, los Fibras consolidaron un portafolio de m\u00e1s de 1,600 desarrollos inmobiliarios en el pa\u00eds\"},{\"@type\":\"BreadcrumbList\",\"@id\":\"https:\\\/\\\/centrourbano.com\\\/revista\\\/publicaciones\\\/fibras-abren-la-puerta-la-inversion-mexico\\\/#breadcrumb\",\"itemListElement\":[{\"@type\":\"ListItem\",\"position\":1,\"name\":\"Portada\",\"item\":\"https:\\\/\\\/centrourbano.com\\\/revista\\\/\"},{\"@type\":\"ListItem\",\"position\":2,\"name\":\"Fibras abren la puerta a la inversi\u00f3n en M\u00e9xico\"}]},{\"@type\":\"WebSite\",\"@id\":\"https:\\\/\\\/centrourbano.com\\\/revista\\\/#website\",\"url\":\"https:\\\/\\\/centrourbano.com\\\/revista\\\/\",\"name\":\"Centro Urbano\",\"description\":\"Medio especializado en los sectores vivienda, inmobiliario, construcci\u00f3n, arquitectura y urbanismo.\",\"publisher\":{\"@id\":\"https:\\\/\\\/centrourbano.com\\\/revista\\\/#organization\"},\"potentialAction\":[{\"@type\":\"SearchAction\",\"target\":{\"@type\":\"EntryPoint\",\"urlTemplate\":\"https:\\\/\\\/centrourbano.com\\\/revista\\\/?s={search_term_string}\"},\"query-input\":{\"@type\":\"PropertyValueSpecification\",\"valueRequired\":true,\"valueName\":\"search_term_string\"}}],\"inLanguage\":\"es\"},{\"@type\":\"Organization\",\"@id\":\"https:\\\/\\\/centrourbano.com\\\/revista\\\/#organization\",\"name\":\"Centro Urbano\",\"url\":\"https:\\\/\\\/centrourbano.com\\\/revista\\\/\",\"logo\":{\"@type\":\"ImageObject\",\"inLanguage\":\"es\",\"@id\":\"https:\\\/\\\/centrourbano.com\\\/revista\\\/#\\\/schema\\\/logo\\\/image\\\/\",\"url\":\"https:\\\/\\\/centrourbano.com\\\/revista\\\/wp-content\\\/uploads\\\/web_CU_logo-1.png\",\"contentUrl\":\"https:\\\/\\\/centrourbano.com\\\/revista\\\/wp-content\\\/uploads\\\/web_CU_logo-1.png\",\"width\":350,\"height\":91,\"caption\":\"Centro Urbano\"},\"image\":{\"@id\":\"https:\\\/\\\/centrourbano.com\\\/revista\\\/#\\\/schema\\\/logo\\\/image\\\/\"},\"sameAs\":[\"https:\\\/\\\/www.facebook.com\\\/portalcentrourbano\",\"https:\\\/\\\/x.com\\\/CentroUrbano\",\"https:\\\/\\\/www.instagram.com\\\/centro_urbano\\\/\",\"https:\\\/\\\/www.linkedin.com\\\/company\\\/centro-urbano\\\/\",\"http:\\\/\\\/www.youtube.com\\\/user\\\/portalcentrourbano\"]},{\"@type\":\"Person\",\"@id\":\"https:\\\/\\\/centrourbano.com\\\/revista\\\/#\\\/schema\\\/person\\\/515c32d01ece40d20a7ed3fdf34051af\",\"name\":\"Fernando Navarrete\",\"image\":{\"@type\":\"ImageObject\",\"inLanguage\":\"es\",\"@id\":\"https:\\\/\\\/secure.gravatar.com\\\/avatar\\\/f4dd6927a99e72698473e350e20ec8a38bd48cb668e15b03d04e8e537da41ad0?s=96&d=mm&r=g\",\"url\":\"https:\\\/\\\/secure.gravatar.com\\\/avatar\\\/f4dd6927a99e72698473e350e20ec8a38bd48cb668e15b03d04e8e537da41ad0?s=96&d=mm&r=g\",\"contentUrl\":\"https:\\\/\\\/secure.gravatar.com\\\/avatar\\\/f4dd6927a99e72698473e350e20ec8a38bd48cb668e15b03d04e8e537da41ad0?s=96&d=mm&r=g\",\"caption\":\"Fernando Navarrete\"},\"description\":\"Reportero de negocios, inmobiliario, construcci\u00f3n e industria. Me interesa la econom\u00eda, pol\u00edtica, historia y antropolog\u00eda. Estudi\u00e9 en la Facultad de Ciencias Pol\u00edticas y Sociales de la UNAM. Tengo experiencia en el sector p\u00fablico, la industria del acero, ingenier\u00eda civil, IT y corporativos; soy un nost\u00e1lgico nacionalista contempor\u00e1neo que cree en la grandeza de su pa\u00eds. Asiduo lector de Juan Rulfo, Jos\u00e9 Revueltas y J. R. R Tolkien.\",\"url\":\"https:\\\/\\\/centrourbano.com\\\/revista\\\/author\\\/fernando-navarrete\\\/\"}]}<\/script>\n<!-- \/ Yoast SEO plugin. -->","yoast_head_json":{"title":"Fibras abren la puerta a la inversi\u00f3n en M\u00e9xico","description":"Para 2018, los Fibras consolidaron un portafolio de m\u00e1s de 1,600 desarrollos inmobiliarios en el pa\u00eds","robots":{"index":"index","follow":"follow","max-snippet":"max-snippet:-1","max-image-preview":"max-image-preview:large","max-video-preview":"max-video-preview:-1"},"canonical":"https:\/\/centrourbano.com\/revista\/publicaciones\/fibras-abren-la-puerta-la-inversion-mexico\/","og_locale":"es_ES","og_type":"article","og_title":"Fibras abren la puerta a la inversi\u00f3n en M\u00e9xico","og_description":"Para 2018, los Fibras consolidaron un portafolio de m\u00e1s de 1,600 desarrollos inmobiliarios en el pa\u00eds","og_url":"https:\/\/centrourbano.com\/revista\/publicaciones\/fibras-abren-la-puerta-la-inversion-mexico\/","og_site_name":"Centro Urbano","article_publisher":"https:\/\/www.facebook.com\/portalcentrourbano","article_published_time":"2019-08-12T22:20:04+00:00","article_modified_time":"2019-08-21T21:50:38+00:00","og_image":[{"width":528,"height":364,"url":"https:\/\/centrourbano.com\/revista\/wp-content\/uploads\/Toreo-1.jpg","type":"image\/jpeg"}],"author":"Fernando Navarrete","twitter_card":"summary_large_image","twitter_creator":"@CentroUrbano","twitter_site":"@CentroUrbano","twitter_misc":{"Escrito por":"Fernando Navarrete","Tiempo de lectura":"2 minutos"},"schema":{"@context":"https:\/\/schema.org","@graph":[{"@type":"Article","@id":"https:\/\/centrourbano.com\/revista\/publicaciones\/fibras-abren-la-puerta-la-inversion-mexico\/#article","isPartOf":{"@id":"https:\/\/centrourbano.com\/revista\/publicaciones\/fibras-abren-la-puerta-la-inversion-mexico\/"},"author":{"name":"Fernando Navarrete","@id":"https:\/\/centrourbano.com\/revista\/#\/schema\/person\/515c32d01ece40d20a7ed3fdf34051af"},"headline":"Fibras abren la puerta a la inversi\u00f3n en M\u00e9xico","datePublished":"2019-08-12T22:20:04+00:00","dateModified":"2019-08-21T21:50:38+00:00","mainEntityOfPage":{"@id":"https:\/\/centrourbano.com\/revista\/publicaciones\/fibras-abren-la-puerta-la-inversion-mexico\/"},"wordCount":407,"commentCount":0,"publisher":{"@id":"https:\/\/centrourbano.com\/revista\/#organization"},"image":{"@id":"https:\/\/centrourbano.com\/revista\/publicaciones\/fibras-abren-la-puerta-la-inversion-mexico\/#primaryimage"},"thumbnailUrl":"https:\/\/centrourbano.com\/revista\/wp-content\/uploads\/Toreo-1.jpg","keywords":["Fibras"],"articleSection":["Publicaciones","Reportajes","Revista Inversi\u00f3n Inmobiliaria"],"inLanguage":"es","potentialAction":[{"@type":"CommentAction","name":"Comment","target":["https:\/\/centrourbano.com\/revista\/publicaciones\/fibras-abren-la-puerta-la-inversion-mexico\/#respond"]}]},{"@type":"WebPage","@id":"https:\/\/centrourbano.com\/revista\/publicaciones\/fibras-abren-la-puerta-la-inversion-mexico\/","url":"https:\/\/centrourbano.com\/revista\/publicaciones\/fibras-abren-la-puerta-la-inversion-mexico\/","name":"Fibras abren la puerta a la inversi\u00f3n en M\u00e9xico","isPartOf":{"@id":"https:\/\/centrourbano.com\/revista\/#website"},"primaryImageOfPage":{"@id":"https:\/\/centrourbano.com\/revista\/publicaciones\/fibras-abren-la-puerta-la-inversion-mexico\/#primaryimage"},"image":{"@id":"https:\/\/centrourbano.com\/revista\/publicaciones\/fibras-abren-la-puerta-la-inversion-mexico\/#primaryimage"},"thumbnailUrl":"https:\/\/centrourbano.com\/revista\/wp-content\/uploads\/Toreo-1.jpg","datePublished":"2019-08-12T22:20:04+00:00","dateModified":"2019-08-21T21:50:38+00:00","description":"Para 2018, los Fibras consolidaron un portafolio de m\u00e1s de 1,600 desarrollos inmobiliarios en el pa\u00eds","breadcrumb":{"@id":"https:\/\/centrourbano.com\/revista\/publicaciones\/fibras-abren-la-puerta-la-inversion-mexico\/#breadcrumb"},"inLanguage":"es","potentialAction":[{"@type":"ReadAction","target":["https:\/\/centrourbano.com\/revista\/publicaciones\/fibras-abren-la-puerta-la-inversion-mexico\/"]}]},{"@type":"ImageObject","inLanguage":"es","@id":"https:\/\/centrourbano.com\/revista\/publicaciones\/fibras-abren-la-puerta-la-inversion-mexico\/#primaryimage","url":"https:\/\/centrourbano.com\/revista\/wp-content\/uploads\/Toreo-1.jpg","contentUrl":"https:\/\/centrourbano.com\/revista\/wp-content\/uploads\/Toreo-1.jpg","width":528,"height":364,"caption":"Para 2018, los Fibras consolidaron un portafolio de m\u00e1s de 1,600 desarrollos inmobiliarios en el pa\u00eds"},{"@type":"BreadcrumbList","@id":"https:\/\/centrourbano.com\/revista\/publicaciones\/fibras-abren-la-puerta-la-inversion-mexico\/#breadcrumb","itemListElement":[{"@type":"ListItem","position":1,"name":"Portada","item":"https:\/\/centrourbano.com\/revista\/"},{"@type":"ListItem","position":2,"name":"Fibras abren la puerta a la inversi\u00f3n en M\u00e9xico"}]},{"@type":"WebSite","@id":"https:\/\/centrourbano.com\/revista\/#website","url":"https:\/\/centrourbano.com\/revista\/","name":"Centro Urbano","description":"Medio especializado en los sectores vivienda, inmobiliario, construcci\u00f3n, arquitectura y urbanismo.","publisher":{"@id":"https:\/\/centrourbano.com\/revista\/#organization"},"potentialAction":[{"@type":"SearchAction","target":{"@type":"EntryPoint","urlTemplate":"https:\/\/centrourbano.com\/revista\/?s={search_term_string}"},"query-input":{"@type":"PropertyValueSpecification","valueRequired":true,"valueName":"search_term_string"}}],"inLanguage":"es"},{"@type":"Organization","@id":"https:\/\/centrourbano.com\/revista\/#organization","name":"Centro Urbano","url":"https:\/\/centrourbano.com\/revista\/","logo":{"@type":"ImageObject","inLanguage":"es","@id":"https:\/\/centrourbano.com\/revista\/#\/schema\/logo\/image\/","url":"https:\/\/centrourbano.com\/revista\/wp-content\/uploads\/web_CU_logo-1.png","contentUrl":"https:\/\/centrourbano.com\/revista\/wp-content\/uploads\/web_CU_logo-1.png","width":350,"height":91,"caption":"Centro Urbano"},"image":{"@id":"https:\/\/centrourbano.com\/revista\/#\/schema\/logo\/image\/"},"sameAs":["https:\/\/www.facebook.com\/portalcentrourbano","https:\/\/x.com\/CentroUrbano","https:\/\/www.instagram.com\/centro_urbano\/","https:\/\/www.linkedin.com\/company\/centro-urbano\/","http:\/\/www.youtube.com\/user\/portalcentrourbano"]},{"@type":"Person","@id":"https:\/\/centrourbano.com\/revista\/#\/schema\/person\/515c32d01ece40d20a7ed3fdf34051af","name":"Fernando Navarrete","image":{"@type":"ImageObject","inLanguage":"es","@id":"https:\/\/secure.gravatar.com\/avatar\/f4dd6927a99e72698473e350e20ec8a38bd48cb668e15b03d04e8e537da41ad0?s=96&d=mm&r=g","url":"https:\/\/secure.gravatar.com\/avatar\/f4dd6927a99e72698473e350e20ec8a38bd48cb668e15b03d04e8e537da41ad0?s=96&d=mm&r=g","contentUrl":"https:\/\/secure.gravatar.com\/avatar\/f4dd6927a99e72698473e350e20ec8a38bd48cb668e15b03d04e8e537da41ad0?s=96&d=mm&r=g","caption":"Fernando Navarrete"},"description":"Reportero de negocios, inmobiliario, construcci\u00f3n e industria. Me interesa la econom\u00eda, pol\u00edtica, historia y antropolog\u00eda. Estudi\u00e9 en la Facultad de Ciencias Pol\u00edticas y Sociales de la UNAM. Tengo experiencia en el sector p\u00fablico, la industria del acero, ingenier\u00eda civil, IT y corporativos; soy un nost\u00e1lgico nacionalista contempor\u00e1neo que cree en la grandeza de su pa\u00eds. Asiduo lector de Juan Rulfo, Jos\u00e9 Revueltas y J. R. R Tolkien.","url":"https:\/\/centrourbano.com\/revista\/author\/fernando-navarrete\/"}]}},"_links":{"self":[{"href":"https:\/\/centrourbano.com\/revista\/wp-json\/wp\/v2\/posts\/94741","targetHints":{"allow":["GET"]}}],"collection":[{"href":"https:\/\/centrourbano.com\/revista\/wp-json\/wp\/v2\/posts"}],"about":[{"href":"https:\/\/centrourbano.com\/revista\/wp-json\/wp\/v2\/types\/post"}],"author":[{"embeddable":true,"href":"https:\/\/centrourbano.com\/revista\/wp-json\/wp\/v2\/users\/69"}],"replies":[{"embeddable":true,"href":"https:\/\/centrourbano.com\/revista\/wp-json\/wp\/v2\/comments?post=94741"}],"version-history":[{"count":2,"href":"https:\/\/centrourbano.com\/revista\/wp-json\/wp\/v2\/posts\/94741\/revisions"}],"predecessor-version":[{"id":94744,"href":"https:\/\/centrourbano.com\/revista\/wp-json\/wp\/v2\/posts\/94741\/revisions\/94744"}],"wp:featuredmedia":[{"embeddable":true,"href":"https:\/\/centrourbano.com\/revista\/wp-json\/wp\/v2\/media\/94742"}],"wp:attachment":[{"href":"https:\/\/centrourbano.com\/revista\/wp-json\/wp\/v2\/media?parent=94741"}],"wp:term":[{"taxonomy":"category","embeddable":true,"href":"https:\/\/centrourbano.com\/revista\/wp-json\/wp\/v2\/categories?post=94741"},{"taxonomy":"post_tag","embeddable":true,"href":"https:\/\/centrourbano.com\/revista\/wp-json\/wp\/v2\/tags?post=94741"}],"curies":[{"name":"wp","href":"https:\/\/api.w.org\/{rel}","templated":true}]}}