{"id":94670,"date":"2019-08-12T08:30:13","date_gmt":"2019-08-12T13:30:13","guid":{"rendered":"https:\/\/centrourbano.com\/?p=94670"},"modified":"2019-08-12T01:34:54","modified_gmt":"2019-08-12T06:34:54","slug":"sector-inmobiliario-iba-bien-se-chingo-la-rodilla","status":"publish","type":"post","link":"https:\/\/centrourbano.com\/revista\/opinion\/sector-inmobiliario-iba-bien-se-chingo-la-rodilla\/","title":{"rendered":"El sector inmobiliario iba muy bien&#8230; Pero se ching\u00f3 la rodilla"},"content":{"rendered":"<p>A ver&#8230; Tampoco es tema de que el sector inmobiliario empezara a decaer a partir del cambio de gobierno.<\/p>\n<p>Cuenta, eso s\u00ed&#8230; Claro que cuenta, porque tristemente seguimos siendo un pa\u00eds dependiente en exceso de la visi\u00f3n, voluntad, pol\u00edticas, trabajo y capacidad de coordinaci\u00f3n y transmitir confianza del gobierno en turno.<\/p>\n<p>Pero tampoco es algo nuevo. Basta con recordar que el inicio de gobierno de Enrique Pe\u00f1a Nieto tambi\u00e9n implico grandes retos para el sector inmobiliario.<\/p>\n<p>El tema, pues, no solo est\u00e1 en las turbulencias sexenales resultantes de los cambios de gobierno que, como es evidente, son menores cuando el cambio es solo de colores, pero que se multiplica cuando, como es el caso que nos ocupa, el cambio es radical.<\/p>\n<p>Claro que el tema tiene que ver con los cambios de gobierno, aunque esa realidad no aplica solo para las pol\u00edticas del sector inmobiliario y la forma en que operan los principales organismos p\u00fablicos de vivienda&#8230;<\/p>\n<p>Pero tiene tambi\u00e9n que ver con el entorno macroecon\u00f3mico, que a su vez va ligado, por supuesto, a lo que pasa a nivel mundial, aunque esta vez tiene mucho m\u00e1s que ver con decisiones del \u00e1mbito interno.<\/p>\n<p>El hecho es que la econom\u00eda se ha desacelerado y con ello ha bajado la generaci\u00f3n de empleo, se han visto mermadas las capacidades de compra de muchos&#8230; Y esto genera adem\u00e1s una ola de incertidumbre que hoy vemos reflejada lo mismo en una ca\u00edda de las inversiones, que en el retroceso del consumo.<\/p>\n<p>Y claro, esto no le cae nada bien a un sector inmobiliario que adem\u00e1s de estar viendo c\u00f3mo se ajustan las pol\u00edticas de desarrollo urbano y vivienda de car\u00e1cter federal, ya padec\u00eda los efectos de todo tipo de trabas regulatorias en los \u00e1mbitos municipales.<\/p>\n<p>Hoy el escenario es complejo porque se ha ca\u00eddo la solidez tanto de oferta, como de demanda, lo que implica que ante la necesidad de reactivar el sector, se tengan que generar acciones que tendr\u00edan que formar parte de una estrategia integral, que corte transversalmente la estructura federal, pero que baje tambi\u00e9n para sumar al proceso a estados y municipios, y tome volumen al involucrar tambi\u00e9n a sociedad e iniciativa privada.<\/p>\n<p>Esto es tridimensional&#8230; Tiene que ser a partir de la convergencia de un plano que abarque a los tres \u00f3rdenes de gobierno y todos los organismos p\u00fablicos involucrados, pero con otro que incorpore toda la fuerza de sociedad e iniciativa privada.<!--more--><\/p>\n<p><strong>CENTRO URBANO RADIO Y TELEVISI\u00d3N<\/strong><\/p>\n<p>Gracias&#8230; Acabamos la <strong>Tercera Temporada de Vivienda y Ciudad<\/strong>, la \u00fanica serie de la televisi\u00f3n mexicana que habla a profundidad y en exclusiva de estos temas.<\/p>\n<p>Cerramos tambi\u00e9n temporada en radio en respeto a las vacaciones de verano y para tener oportunidad de dise\u00f1ar a detalle las nuevas temporadas de radio y televisi\u00f3n.<\/p>\n<p>Estamos satisfechos con el resultado y muy agradecidos con nuestra audiencia y con quienes con su patrocinio han hecho posible este proyecto.<\/p>\n<p>No encuentro mejor forma de agradecer todo esto, que reiterando el compromiso de que nuestras pr\u00f3ximas temporadas de radio y televisi\u00f3n est\u00e9n a la altura de lo que nuestras audiencias necesitan.<\/p>\n<p>Y en tanto sale al aire nuestra Cuarta Temporada de TV y reiniciamos radio, podr\u00e1n encontrar todos los programas de las temporadas anteriores de TV y radio, y muchos m\u00e1s contenidos digitales en <a href=\"https:\/\/centrourbano.com\">https:\/\/centrourbano.com<\/a> y en <a href=\"https:\/\/www.youtube.com\/channel\/UCzUVKxogV-3-ZZ40plp5W8g\">https:\/\/www.youtube.com\/channel\/UCzUVKxogV-3-ZZ40plp5W8g<\/a> , el canal de YouTube de Centro Urbano.<\/p>\n","protected":false},"excerpt":{"rendered":"<p>A ver&#8230; Tampoco es tema de que el sector inmobiliario empezara a decaer a partir del cambio de gobierno. Cuenta, eso s\u00ed&#8230; Claro que cuenta, porque tristemente seguimos siendo un pa\u00eds dependiente en exceso de la visi\u00f3n, voluntad, pol\u00edticas, trabajo y capacidad de coordinaci\u00f3n y transmitir confianza del gobierno en turno. Pero tampoco es algo [&hellip;]<\/p>\n","protected":false},"author":13,"featured_media":66099,"comment_status":"open","ping_status":"closed","sticky":false,"template":"","format":"standard","meta":{"om_disable_all_campaigns":false,"inline_featured_image":false,"_monsterinsights_skip_tracking":false,"_monsterinsights_sitenote_active":false,"_monsterinsights_sitenote_note":"","_monsterinsights_sitenote_category":0,"footnotes":""},"categories":[241,5],"tags":[21,12521],"class_list":["post-94670","post","type-post","status-publish","format-standard","has-post-thumbnail","hentry","category-blog-desde-la-casa","category-opinion","tag-inmobiliario-2","tag-vivienda-y-ciudad"],"yoast_head":"<!-- This site is optimized with the Yoast SEO plugin v27.4 - https:\/\/yoast.com\/product\/yoast-seo-wordpress\/ -->\n<title>El sector inmobiliario iba muy bien... Pero se ching\u00f3 la rodilla<\/title>\n<meta name=\"description\" content=\"A ver... Tampoco es tema de que el sector inmobiliario empezara a decaer a partir del cambio de gobierno. Cuenta, eso s\u00ed... Claro que cuenta, porque\" \/>\n<meta name=\"robots\" content=\"index, follow, max-snippet:-1, max-image-preview:large, max-video-preview:-1\" \/>\n<link rel=\"canonical\" href=\"https:\/\/centrourbano.com\/revista\/opinion\/sector-inmobiliario-iba-bien-se-chingo-la-rodilla\/\" \/>\n<meta property=\"og:locale\" content=\"es_ES\" \/>\n<meta property=\"og:type\" content=\"article\" \/>\n<meta property=\"og:title\" content=\"El sector inmobiliario iba muy bien... Pero se ching\u00f3 la rodilla\" \/>\n<meta property=\"og:description\" content=\"A ver... Tampoco es tema de que el sector inmobiliario empezara a decaer a partir del cambio de gobierno. Cuenta, eso s\u00ed... Claro que cuenta, porque\" \/>\n<meta property=\"og:url\" content=\"https:\/\/centrourbano.com\/revista\/opinion\/sector-inmobiliario-iba-bien-se-chingo-la-rodilla\/\" \/>\n<meta property=\"og:site_name\" content=\"Centro Urbano\" \/>\n<meta property=\"article:publisher\" content=\"https:\/\/www.facebook.com\/portalcentrourbano\" \/>\n<meta property=\"article:author\" content=\"https:\/\/www.facebook.com\/urbano.horacio\/\" \/>\n<meta property=\"article:published_time\" content=\"2019-08-12T13:30:13+00:00\" \/>\n<meta property=\"og:image\" content=\"https:\/\/centrourbano.com\/revista\/wp-content\/uploads\/Horacio-1.jpg\" \/>\n\t<meta property=\"og:image:width\" content=\"471\" \/>\n\t<meta property=\"og:image:height\" content=\"325\" \/>\n\t<meta property=\"og:image:type\" content=\"image\/jpeg\" \/>\n<meta name=\"author\" content=\"Horacio Urbano\" \/>\n<meta name=\"twitter:card\" content=\"summary_large_image\" \/>\n<meta name=\"twitter:creator\" content=\"@https:\/\/twitter.com\/horacio_urbano\" \/>\n<meta name=\"twitter:site\" content=\"@CentroUrbano\" \/>\n<meta name=\"twitter:label1\" content=\"Escrito por\" \/>\n\t<meta name=\"twitter:data1\" content=\"Horacio Urbano\" \/>\n\t<meta name=\"twitter:label2\" content=\"Tiempo de lectura\" \/>\n\t<meta name=\"twitter:data2\" content=\"3 minutos\" \/>\n<script type=\"application\/ld+json\" class=\"yoast-schema-graph\">{\"@context\":\"https:\\\/\\\/schema.org\",\"@graph\":[{\"@type\":\"Article\",\"@id\":\"https:\\\/\\\/centrourbano.com\\\/revista\\\/opinion\\\/sector-inmobiliario-iba-bien-se-chingo-la-rodilla\\\/#article\",\"isPartOf\":{\"@id\":\"https:\\\/\\\/centrourbano.com\\\/revista\\\/opinion\\\/sector-inmobiliario-iba-bien-se-chingo-la-rodilla\\\/\"},\"author\":{\"name\":\"Horacio Urbano\",\"@id\":\"https:\\\/\\\/centrourbano.com\\\/revista\\\/#\\\/schema\\\/person\\\/69755154fe97eeebe4fe9394cb318d28\"},\"headline\":\"El sector inmobiliario iba muy bien&#8230; Pero se ching\u00f3 la rodilla\",\"datePublished\":\"2019-08-12T13:30:13+00:00\",\"mainEntityOfPage\":{\"@id\":\"https:\\\/\\\/centrourbano.com\\\/revista\\\/opinion\\\/sector-inmobiliario-iba-bien-se-chingo-la-rodilla\\\/\"},\"wordCount\":616,\"commentCount\":0,\"publisher\":{\"@id\":\"https:\\\/\\\/centrourbano.com\\\/revista\\\/#organization\"},\"image\":{\"@id\":\"https:\\\/\\\/centrourbano.com\\\/revista\\\/opinion\\\/sector-inmobiliario-iba-bien-se-chingo-la-rodilla\\\/#primaryimage\"},\"thumbnailUrl\":\"https:\\\/\\\/centrourbano.com\\\/revista\\\/wp-content\\\/uploads\\\/Horacio-1.jpg\",\"keywords\":[\"inmobiliario\",\"vivienda y ciudad\"],\"articleSection\":[\"Desde la Casa\",\"Opini\u00f3n\"],\"inLanguage\":\"es\",\"potentialAction\":[{\"@type\":\"CommentAction\",\"name\":\"Comment\",\"target\":[\"https:\\\/\\\/centrourbano.com\\\/revista\\\/opinion\\\/sector-inmobiliario-iba-bien-se-chingo-la-rodilla\\\/#respond\"]}]},{\"@type\":\"WebPage\",\"@id\":\"https:\\\/\\\/centrourbano.com\\\/revista\\\/opinion\\\/sector-inmobiliario-iba-bien-se-chingo-la-rodilla\\\/\",\"url\":\"https:\\\/\\\/centrourbano.com\\\/revista\\\/opinion\\\/sector-inmobiliario-iba-bien-se-chingo-la-rodilla\\\/\",\"name\":\"El sector inmobiliario iba muy bien... Pero se ching\u00f3 la rodilla\",\"isPartOf\":{\"@id\":\"https:\\\/\\\/centrourbano.com\\\/revista\\\/#website\"},\"primaryImageOfPage\":{\"@id\":\"https:\\\/\\\/centrourbano.com\\\/revista\\\/opinion\\\/sector-inmobiliario-iba-bien-se-chingo-la-rodilla\\\/#primaryimage\"},\"image\":{\"@id\":\"https:\\\/\\\/centrourbano.com\\\/revista\\\/opinion\\\/sector-inmobiliario-iba-bien-se-chingo-la-rodilla\\\/#primaryimage\"},\"thumbnailUrl\":\"https:\\\/\\\/centrourbano.com\\\/revista\\\/wp-content\\\/uploads\\\/Horacio-1.jpg\",\"datePublished\":\"2019-08-12T13:30:13+00:00\",\"description\":\"A ver... Tampoco es tema de que el sector inmobiliario empezara a decaer a partir del cambio de gobierno. Cuenta, eso s\u00ed... Claro que cuenta, porque\",\"breadcrumb\":{\"@id\":\"https:\\\/\\\/centrourbano.com\\\/revista\\\/opinion\\\/sector-inmobiliario-iba-bien-se-chingo-la-rodilla\\\/#breadcrumb\"},\"inLanguage\":\"es\",\"potentialAction\":[{\"@type\":\"ReadAction\",\"target\":[\"https:\\\/\\\/centrourbano.com\\\/revista\\\/opinion\\\/sector-inmobiliario-iba-bien-se-chingo-la-rodilla\\\/\"]}]},{\"@type\":\"ImageObject\",\"inLanguage\":\"es\",\"@id\":\"https:\\\/\\\/centrourbano.com\\\/revista\\\/opinion\\\/sector-inmobiliario-iba-bien-se-chingo-la-rodilla\\\/#primaryimage\",\"url\":\"https:\\\/\\\/centrourbano.com\\\/revista\\\/wp-content\\\/uploads\\\/Horacio-1.jpg\",\"contentUrl\":\"https:\\\/\\\/centrourbano.com\\\/revista\\\/wp-content\\\/uploads\\\/Horacio-1.jpg\",\"width\":471,\"height\":325,\"caption\":\"Eruviel \u00c1vila no fue un gobernador particularmente interesado en cosas que tuvieran que ver con vivienda y desarrollo urbano.\"},{\"@type\":\"BreadcrumbList\",\"@id\":\"https:\\\/\\\/centrourbano.com\\\/revista\\\/opinion\\\/sector-inmobiliario-iba-bien-se-chingo-la-rodilla\\\/#breadcrumb\",\"itemListElement\":[{\"@type\":\"ListItem\",\"position\":1,\"name\":\"Portada\",\"item\":\"https:\\\/\\\/centrourbano.com\\\/revista\\\/\"},{\"@type\":\"ListItem\",\"position\":2,\"name\":\"El sector inmobiliario iba muy bien&#8230; Pero se ching\u00f3 la rodilla\"}]},{\"@type\":\"WebSite\",\"@id\":\"https:\\\/\\\/centrourbano.com\\\/revista\\\/#website\",\"url\":\"https:\\\/\\\/centrourbano.com\\\/revista\\\/\",\"name\":\"Centro Urbano\",\"description\":\"Medio especializado en los sectores vivienda, inmobiliario, construcci\u00f3n, arquitectura y urbanismo.\",\"publisher\":{\"@id\":\"https:\\\/\\\/centrourbano.com\\\/revista\\\/#organization\"},\"potentialAction\":[{\"@type\":\"SearchAction\",\"target\":{\"@type\":\"EntryPoint\",\"urlTemplate\":\"https:\\\/\\\/centrourbano.com\\\/revista\\\/?s={search_term_string}\"},\"query-input\":{\"@type\":\"PropertyValueSpecification\",\"valueRequired\":true,\"valueName\":\"search_term_string\"}}],\"inLanguage\":\"es\"},{\"@type\":\"Organization\",\"@id\":\"https:\\\/\\\/centrourbano.com\\\/revista\\\/#organization\",\"name\":\"Centro Urbano\",\"url\":\"https:\\\/\\\/centrourbano.com\\\/revista\\\/\",\"logo\":{\"@type\":\"ImageObject\",\"inLanguage\":\"es\",\"@id\":\"https:\\\/\\\/centrourbano.com\\\/revista\\\/#\\\/schema\\\/logo\\\/image\\\/\",\"url\":\"https:\\\/\\\/centrourbano.com\\\/revista\\\/wp-content\\\/uploads\\\/web_CU_logo-1.png\",\"contentUrl\":\"https:\\\/\\\/centrourbano.com\\\/revista\\\/wp-content\\\/uploads\\\/web_CU_logo-1.png\",\"width\":350,\"height\":91,\"caption\":\"Centro Urbano\"},\"image\":{\"@id\":\"https:\\\/\\\/centrourbano.com\\\/revista\\\/#\\\/schema\\\/logo\\\/image\\\/\"},\"sameAs\":[\"https:\\\/\\\/www.facebook.com\\\/portalcentrourbano\",\"https:\\\/\\\/x.com\\\/CentroUrbano\",\"https:\\\/\\\/www.instagram.com\\\/centro_urbano\\\/\",\"https:\\\/\\\/www.linkedin.com\\\/company\\\/centro-urbano\\\/\",\"http:\\\/\\\/www.youtube.com\\\/user\\\/portalcentrourbano\"]},{\"@type\":\"Person\",\"@id\":\"https:\\\/\\\/centrourbano.com\\\/revista\\\/#\\\/schema\\\/person\\\/69755154fe97eeebe4fe9394cb318d28\",\"name\":\"Horacio Urbano\",\"image\":{\"@type\":\"ImageObject\",\"inLanguage\":\"es\",\"@id\":\"https:\\\/\\\/secure.gravatar.com\\\/avatar\\\/bf4232bac122249113b7bcc4636a8d0432b9fa8bcce4243f1ed6c1ecb8fe915f?s=96&d=mm&r=g\",\"url\":\"https:\\\/\\\/secure.gravatar.com\\\/avatar\\\/bf4232bac122249113b7bcc4636a8d0432b9fa8bcce4243f1ed6c1ecb8fe915f?s=96&d=mm&r=g\",\"contentUrl\":\"https:\\\/\\\/secure.gravatar.com\\\/avatar\\\/bf4232bac122249113b7bcc4636a8d0432b9fa8bcce4243f1ed6c1ecb8fe915f?s=96&d=mm&r=g\",\"caption\":\"Horacio Urbano\"},\"description\":\"Horacio Urbano es arquitecto. Su experiencia profesional se ha desarrollado en los diferentes \u00e1mbitos que definen la industria de la vivienda. En 1999 inici\u00f3 un proyecto editorial dirigido a los sectores inmobiliario y construcci\u00f3n que a lo largo de los a\u00f1os se ha convertido en una poderosa plataforma multimedios y en una verdadera referencia para esta industria. Fundador, junto con la tambi\u00e9n arquitecta Roxana Fabris, de Grupo Centro Urbano, firma que impulsa y desarrolla una serie de esfuerzos de comunicaci\u00f3n relacionados con estos sectores. Como parte de su trabajo en M\u00e9xico y el extranjero, ha escrito o participado en una serie de libros especializados, es colaborador de diferentes medios impresos y electr\u00f3nicos, es activo conferencista y bajo diferentes modelos colabora tambi\u00e9n con diversas empresas e instituciones p\u00fablicas y privadas del sector.\",\"sameAs\":[\"http:\\\/\\\/horaciourbano.com\\\/home\\\/\",\"https:\\\/\\\/www.facebook.com\\\/urbano.horacio\\\/\",\"https:\\\/\\\/x.com\\\/https:\\\/\\\/twitter.com\\\/horacio_urbano\"],\"url\":\"https:\\\/\\\/centrourbano.com\\\/revista\\\/author\\\/horacio-urbano\\\/\"}]}<\/script>\n<!-- \/ Yoast SEO plugin. -->","yoast_head_json":{"title":"El sector inmobiliario iba muy bien... Pero se ching\u00f3 la rodilla","description":"A ver... Tampoco es tema de que el sector inmobiliario empezara a decaer a partir del cambio de gobierno. Cuenta, eso s\u00ed... Claro que cuenta, porque","robots":{"index":"index","follow":"follow","max-snippet":"max-snippet:-1","max-image-preview":"max-image-preview:large","max-video-preview":"max-video-preview:-1"},"canonical":"https:\/\/centrourbano.com\/revista\/opinion\/sector-inmobiliario-iba-bien-se-chingo-la-rodilla\/","og_locale":"es_ES","og_type":"article","og_title":"El sector inmobiliario iba muy bien... Pero se ching\u00f3 la rodilla","og_description":"A ver... Tampoco es tema de que el sector inmobiliario empezara a decaer a partir del cambio de gobierno. Cuenta, eso s\u00ed... Claro que cuenta, porque","og_url":"https:\/\/centrourbano.com\/revista\/opinion\/sector-inmobiliario-iba-bien-se-chingo-la-rodilla\/","og_site_name":"Centro Urbano","article_publisher":"https:\/\/www.facebook.com\/portalcentrourbano","article_author":"https:\/\/www.facebook.com\/urbano.horacio\/","article_published_time":"2019-08-12T13:30:13+00:00","og_image":[{"width":471,"height":325,"url":"https:\/\/centrourbano.com\/revista\/wp-content\/uploads\/Horacio-1.jpg","type":"image\/jpeg"}],"author":"Horacio Urbano","twitter_card":"summary_large_image","twitter_creator":"@https:\/\/twitter.com\/horacio_urbano","twitter_site":"@CentroUrbano","twitter_misc":{"Escrito por":"Horacio Urbano","Tiempo de lectura":"3 minutos"},"schema":{"@context":"https:\/\/schema.org","@graph":[{"@type":"Article","@id":"https:\/\/centrourbano.com\/revista\/opinion\/sector-inmobiliario-iba-bien-se-chingo-la-rodilla\/#article","isPartOf":{"@id":"https:\/\/centrourbano.com\/revista\/opinion\/sector-inmobiliario-iba-bien-se-chingo-la-rodilla\/"},"author":{"name":"Horacio Urbano","@id":"https:\/\/centrourbano.com\/revista\/#\/schema\/person\/69755154fe97eeebe4fe9394cb318d28"},"headline":"El sector inmobiliario iba muy bien&#8230; Pero se ching\u00f3 la rodilla","datePublished":"2019-08-12T13:30:13+00:00","mainEntityOfPage":{"@id":"https:\/\/centrourbano.com\/revista\/opinion\/sector-inmobiliario-iba-bien-se-chingo-la-rodilla\/"},"wordCount":616,"commentCount":0,"publisher":{"@id":"https:\/\/centrourbano.com\/revista\/#organization"},"image":{"@id":"https:\/\/centrourbano.com\/revista\/opinion\/sector-inmobiliario-iba-bien-se-chingo-la-rodilla\/#primaryimage"},"thumbnailUrl":"https:\/\/centrourbano.com\/revista\/wp-content\/uploads\/Horacio-1.jpg","keywords":["inmobiliario","vivienda y ciudad"],"articleSection":["Desde la Casa","Opini\u00f3n"],"inLanguage":"es","potentialAction":[{"@type":"CommentAction","name":"Comment","target":["https:\/\/centrourbano.com\/revista\/opinion\/sector-inmobiliario-iba-bien-se-chingo-la-rodilla\/#respond"]}]},{"@type":"WebPage","@id":"https:\/\/centrourbano.com\/revista\/opinion\/sector-inmobiliario-iba-bien-se-chingo-la-rodilla\/","url":"https:\/\/centrourbano.com\/revista\/opinion\/sector-inmobiliario-iba-bien-se-chingo-la-rodilla\/","name":"El sector inmobiliario iba muy bien... Pero se ching\u00f3 la rodilla","isPartOf":{"@id":"https:\/\/centrourbano.com\/revista\/#website"},"primaryImageOfPage":{"@id":"https:\/\/centrourbano.com\/revista\/opinion\/sector-inmobiliario-iba-bien-se-chingo-la-rodilla\/#primaryimage"},"image":{"@id":"https:\/\/centrourbano.com\/revista\/opinion\/sector-inmobiliario-iba-bien-se-chingo-la-rodilla\/#primaryimage"},"thumbnailUrl":"https:\/\/centrourbano.com\/revista\/wp-content\/uploads\/Horacio-1.jpg","datePublished":"2019-08-12T13:30:13+00:00","description":"A ver... Tampoco es tema de que el sector inmobiliario empezara a decaer a partir del cambio de gobierno. Cuenta, eso s\u00ed... Claro que cuenta, porque","breadcrumb":{"@id":"https:\/\/centrourbano.com\/revista\/opinion\/sector-inmobiliario-iba-bien-se-chingo-la-rodilla\/#breadcrumb"},"inLanguage":"es","potentialAction":[{"@type":"ReadAction","target":["https:\/\/centrourbano.com\/revista\/opinion\/sector-inmobiliario-iba-bien-se-chingo-la-rodilla\/"]}]},{"@type":"ImageObject","inLanguage":"es","@id":"https:\/\/centrourbano.com\/revista\/opinion\/sector-inmobiliario-iba-bien-se-chingo-la-rodilla\/#primaryimage","url":"https:\/\/centrourbano.com\/revista\/wp-content\/uploads\/Horacio-1.jpg","contentUrl":"https:\/\/centrourbano.com\/revista\/wp-content\/uploads\/Horacio-1.jpg","width":471,"height":325,"caption":"Eruviel \u00c1vila no fue un gobernador particularmente interesado en cosas que tuvieran que ver con vivienda y desarrollo urbano."},{"@type":"BreadcrumbList","@id":"https:\/\/centrourbano.com\/revista\/opinion\/sector-inmobiliario-iba-bien-se-chingo-la-rodilla\/#breadcrumb","itemListElement":[{"@type":"ListItem","position":1,"name":"Portada","item":"https:\/\/centrourbano.com\/revista\/"},{"@type":"ListItem","position":2,"name":"El sector inmobiliario iba muy bien&#8230; Pero se ching\u00f3 la rodilla"}]},{"@type":"WebSite","@id":"https:\/\/centrourbano.com\/revista\/#website","url":"https:\/\/centrourbano.com\/revista\/","name":"Centro Urbano","description":"Medio especializado en los sectores vivienda, inmobiliario, construcci\u00f3n, arquitectura y urbanismo.","publisher":{"@id":"https:\/\/centrourbano.com\/revista\/#organization"},"potentialAction":[{"@type":"SearchAction","target":{"@type":"EntryPoint","urlTemplate":"https:\/\/centrourbano.com\/revista\/?s={search_term_string}"},"query-input":{"@type":"PropertyValueSpecification","valueRequired":true,"valueName":"search_term_string"}}],"inLanguage":"es"},{"@type":"Organization","@id":"https:\/\/centrourbano.com\/revista\/#organization","name":"Centro Urbano","url":"https:\/\/centrourbano.com\/revista\/","logo":{"@type":"ImageObject","inLanguage":"es","@id":"https:\/\/centrourbano.com\/revista\/#\/schema\/logo\/image\/","url":"https:\/\/centrourbano.com\/revista\/wp-content\/uploads\/web_CU_logo-1.png","contentUrl":"https:\/\/centrourbano.com\/revista\/wp-content\/uploads\/web_CU_logo-1.png","width":350,"height":91,"caption":"Centro Urbano"},"image":{"@id":"https:\/\/centrourbano.com\/revista\/#\/schema\/logo\/image\/"},"sameAs":["https:\/\/www.facebook.com\/portalcentrourbano","https:\/\/x.com\/CentroUrbano","https:\/\/www.instagram.com\/centro_urbano\/","https:\/\/www.linkedin.com\/company\/centro-urbano\/","http:\/\/www.youtube.com\/user\/portalcentrourbano"]},{"@type":"Person","@id":"https:\/\/centrourbano.com\/revista\/#\/schema\/person\/69755154fe97eeebe4fe9394cb318d28","name":"Horacio Urbano","image":{"@type":"ImageObject","inLanguage":"es","@id":"https:\/\/secure.gravatar.com\/avatar\/bf4232bac122249113b7bcc4636a8d0432b9fa8bcce4243f1ed6c1ecb8fe915f?s=96&d=mm&r=g","url":"https:\/\/secure.gravatar.com\/avatar\/bf4232bac122249113b7bcc4636a8d0432b9fa8bcce4243f1ed6c1ecb8fe915f?s=96&d=mm&r=g","contentUrl":"https:\/\/secure.gravatar.com\/avatar\/bf4232bac122249113b7bcc4636a8d0432b9fa8bcce4243f1ed6c1ecb8fe915f?s=96&d=mm&r=g","caption":"Horacio Urbano"},"description":"Horacio Urbano es arquitecto. Su experiencia profesional se ha desarrollado en los diferentes \u00e1mbitos que definen la industria de la vivienda. En 1999 inici\u00f3 un proyecto editorial dirigido a los sectores inmobiliario y construcci\u00f3n que a lo largo de los a\u00f1os se ha convertido en una poderosa plataforma multimedios y en una verdadera referencia para esta industria. Fundador, junto con la tambi\u00e9n arquitecta Roxana Fabris, de Grupo Centro Urbano, firma que impulsa y desarrolla una serie de esfuerzos de comunicaci\u00f3n relacionados con estos sectores. Como parte de su trabajo en M\u00e9xico y el extranjero, ha escrito o participado en una serie de libros especializados, es colaborador de diferentes medios impresos y electr\u00f3nicos, es activo conferencista y bajo diferentes modelos colabora tambi\u00e9n con diversas empresas e instituciones p\u00fablicas y privadas del sector.","sameAs":["http:\/\/horaciourbano.com\/home\/","https:\/\/www.facebook.com\/urbano.horacio\/","https:\/\/x.com\/https:\/\/twitter.com\/horacio_urbano"],"url":"https:\/\/centrourbano.com\/revista\/author\/horacio-urbano\/"}]}},"_links":{"self":[{"href":"https:\/\/centrourbano.com\/revista\/wp-json\/wp\/v2\/posts\/94670","targetHints":{"allow":["GET"]}}],"collection":[{"href":"https:\/\/centrourbano.com\/revista\/wp-json\/wp\/v2\/posts"}],"about":[{"href":"https:\/\/centrourbano.com\/revista\/wp-json\/wp\/v2\/types\/post"}],"author":[{"embeddable":true,"href":"https:\/\/centrourbano.com\/revista\/wp-json\/wp\/v2\/users\/13"}],"replies":[{"embeddable":true,"href":"https:\/\/centrourbano.com\/revista\/wp-json\/wp\/v2\/comments?post=94670"}],"version-history":[{"count":1,"href":"https:\/\/centrourbano.com\/revista\/wp-json\/wp\/v2\/posts\/94670\/revisions"}],"predecessor-version":[{"id":94671,"href":"https:\/\/centrourbano.com\/revista\/wp-json\/wp\/v2\/posts\/94670\/revisions\/94671"}],"wp:featuredmedia":[{"embeddable":true,"href":"https:\/\/centrourbano.com\/revista\/wp-json\/wp\/v2\/media\/66099"}],"wp:attachment":[{"href":"https:\/\/centrourbano.com\/revista\/wp-json\/wp\/v2\/media?parent=94670"}],"wp:term":[{"taxonomy":"category","embeddable":true,"href":"https:\/\/centrourbano.com\/revista\/wp-json\/wp\/v2\/categories?post=94670"},{"taxonomy":"post_tag","embeddable":true,"href":"https:\/\/centrourbano.com\/revista\/wp-json\/wp\/v2\/tags?post=94670"}],"curies":[{"name":"wp","href":"https:\/\/api.w.org\/{rel}","templated":true}]}}