{"id":9462,"date":"2014-08-08T09:00:05","date_gmt":"2014-08-08T14:00:05","guid":{"rendered":"http:\/\/centrourbano.com\/?p=9462"},"modified":"2014-08-08T11:28:56","modified_gmt":"2014-08-08T16:28:56","slug":"presentara-fovissste-en-breve-producto-con-infonavit","status":"publish","type":"post","link":"https:\/\/centrourbano.com\/revista\/vivienda\/presentara-fovissste-en-breve-producto-con-infonavit\/","title":{"rendered":"Presentar\u00e1 Fovissste en breve producto con Infonavit"},"content":{"rendered":"<p>&nbsp;<\/p>\n<p><em>Reyes Baeza conf\u00eda en que los desarrolladores atender\u00e1n la demanda de vivienda<\/em><!--more--><\/p>\n<p>Tras la presentaci\u00f3n de su nuevo producto \u2018En Pesos\u2019, Jos\u00e9 Reyes Baeza, vocal ejecutivo del Fovissste, habl\u00f3 sobre lo que viene al corto plazo para el Fondo y record\u00f3 que pronto se presentar\u00e1 el nuevo cr\u00e9dito que se sacar\u00e1 en uni\u00f3n con el Infonavit.<\/p>\n<p>\u201cSigue el nuevo producto mancomunado Infonavit-Fovissste y se dar\u00e1 a conocer este mes. Ya lo acord\u00f3 la junta directiva y est\u00e1 por entrar al Infonavit. Este producto permitir\u00e1 que un trabajador que est\u00e9 en el sector p\u00fablico y privado a la vez, tenga dos subcuentas de vivienda. Actualmente un trabajador tiene acceso a un cr\u00e9dito de 900 mil pesos, eventualmente podr\u00e1 acceder a m\u00e1s de un mill\u00f3n de pesos\u201d.<\/p>\n<p>Sobre el ofrecimiento de un segundo cr\u00e9dito a los trabajadores, confirm\u00f3 su existencia, aunque acept\u00f3 que es una idea que surgi\u00f3 de algunos partidos pol\u00edticos.<\/p>\n<p>\u201cHay la iniciativa de algunos partidos que est\u00e1n ventilando en la C\u00e1mara. Creo que m\u00e1s que un segundo cr\u00e9dito, se puede hablar de un cr\u00e9dito a la vez. Si la vida \u00fatil del trabajador da para dos cr\u00e9ditos, creo que se tiene derecho de ir actualizando la vivienda\u201d.<\/p>\n<p>Ante el aumento de la demanda de vivienda por el aumento del monto de cr\u00e9dito,\u00a0 Reyes Baeza conf\u00eda en que los desarrolladores responder\u00e1n positivamente.<\/p>\n<p>\u201cHemos platicado mucho con los desarrolladores y la Canadevi, y est\u00e1n conscientes de que se va a abrir un nuevo nicho de mercado. Se va a incrementar la demanda, porque si antes se buscaba una vivienda con 600 mil pesos, ahora el trabajador lo har\u00e1 con un mill\u00f3n\u201d\u00b4, finaliz\u00f3.<\/p>\n","protected":false},"excerpt":{"rendered":"<p>&nbsp; Reyes Baeza conf\u00eda en que los desarrolladores atender\u00e1n la demanda de vivienda<\/p>\n","protected":false},"author":18,"featured_media":0,"comment_status":"open","ping_status":"closed","sticky":false,"template":"","format":"standard","meta":{"om_disable_all_campaigns":false,"inline_featured_image":false,"_monsterinsights_skip_tracking":false,"_monsterinsights_sitenote_active":false,"_monsterinsights_sitenote_note":"","_monsterinsights_sitenote_category":0,"footnotes":""},"categories":[12],"tags":[155,172,60],"class_list":["post-9462","post","type-post","status-publish","format-standard","hentry","category-vivienda","tag-fovissste","tag-reyes-baeza","tag-vivienda-2"],"yoast_head":"<!-- This site is optimized with the Yoast SEO plugin v27.5 - https:\/\/yoast.com\/product\/yoast-seo-wordpress\/ -->\n<title>Presentar\u00e1 Fovissste en breve producto con Infonavit -<\/title>\n<meta name=\"description\" content=\"&nbsp; Reyes Baeza conf\u00eda en que los desarrolladores atender\u00e1n la demanda de vivienda Tras la presentaci\u00f3n de su nuevo producto \u2018En Pesos\u2019, Jos\u00e9 Reyes\" \/>\n<meta name=\"robots\" content=\"index, follow, max-snippet:-1, max-image-preview:large, max-video-preview:-1\" \/>\n<link rel=\"canonical\" href=\"https:\/\/centrourbano.com\/revista\/vivienda\/presentara-fovissste-en-breve-producto-con-infonavit\/\" \/>\n<meta property=\"og:locale\" content=\"es_ES\" \/>\n<meta property=\"og:type\" content=\"article\" \/>\n<meta property=\"og:title\" content=\"Presentar\u00e1 Fovissste en breve producto con Infonavit -\" \/>\n<meta property=\"og:description\" content=\"&nbsp; Reyes Baeza conf\u00eda en que los desarrolladores atender\u00e1n la demanda de vivienda Tras la presentaci\u00f3n de su nuevo producto \u2018En Pesos\u2019, Jos\u00e9 Reyes\" \/>\n<meta property=\"og:url\" content=\"https:\/\/centrourbano.com\/revista\/vivienda\/presentara-fovissste-en-breve-producto-con-infonavit\/\" \/>\n<meta property=\"og:site_name\" content=\"Centro Urbano\" \/>\n<meta property=\"article:publisher\" content=\"https:\/\/www.facebook.com\/portalcentrourbano\" \/>\n<meta property=\"article:published_time\" content=\"2014-08-08T14:00:05+00:00\" \/>\n<meta property=\"article:modified_time\" content=\"2014-08-08T16:28:56+00:00\" \/>\n<meta property=\"og:image\" content=\"https:\/\/centrourbano.com\/revista\/wp-content\/uploads\/CU-logo.png\" \/>\n\t<meta property=\"og:image:width\" content=\"350\" \/>\n\t<meta property=\"og:image:height\" content=\"91\" \/>\n\t<meta property=\"og:image:type\" content=\"image\/png\" \/>\n<meta name=\"author\" content=\"Carlos Garc\u00eda\" \/>\n<meta name=\"twitter:card\" content=\"summary_large_image\" \/>\n<meta name=\"twitter:creator\" content=\"@CentroUrbano\" \/>\n<meta name=\"twitter:site\" content=\"@CentroUrbano\" \/>\n<meta name=\"twitter:label1\" content=\"Escrito por\" \/>\n\t<meta name=\"twitter:data1\" content=\"Carlos Garc\u00eda\" \/>\n\t<meta name=\"twitter:label2\" content=\"Tiempo de lectura\" \/>\n\t<meta name=\"twitter:data2\" content=\"1 minuto\" \/>\n<script type=\"application\/ld+json\" class=\"yoast-schema-graph\">{\"@context\":\"https:\\\/\\\/schema.org\",\"@graph\":[{\"@type\":\"Article\",\"@id\":\"https:\\\/\\\/centrourbano.com\\\/revista\\\/vivienda\\\/presentara-fovissste-en-breve-producto-con-infonavit\\\/#article\",\"isPartOf\":{\"@id\":\"https:\\\/\\\/centrourbano.com\\\/revista\\\/vivienda\\\/presentara-fovissste-en-breve-producto-con-infonavit\\\/\"},\"author\":{\"name\":\"Carlos Garc\u00eda\",\"@id\":\"https:\\\/\\\/centrourbano.com\\\/revista\\\/#\\\/schema\\\/person\\\/322070a608d18fb36615504ad25d0d82\"},\"headline\":\"Presentar\u00e1 Fovissste en breve producto con Infonavit\",\"datePublished\":\"2014-08-08T14:00:05+00:00\",\"dateModified\":\"2014-08-08T16:28:56+00:00\",\"mainEntityOfPage\":{\"@id\":\"https:\\\/\\\/centrourbano.com\\\/revista\\\/vivienda\\\/presentara-fovissste-en-breve-producto-con-infonavit\\\/\"},\"wordCount\":299,\"commentCount\":0,\"publisher\":{\"@id\":\"https:\\\/\\\/centrourbano.com\\\/revista\\\/#organization\"},\"keywords\":[\"Fovissste\",\"Reyes Baeza\",\"vivienda\"],\"articleSection\":[\"Vivienda\"],\"inLanguage\":\"es\",\"potentialAction\":[{\"@type\":\"CommentAction\",\"name\":\"Comment\",\"target\":[\"https:\\\/\\\/centrourbano.com\\\/revista\\\/vivienda\\\/presentara-fovissste-en-breve-producto-con-infonavit\\\/#respond\"]}]},{\"@type\":\"WebPage\",\"@id\":\"https:\\\/\\\/centrourbano.com\\\/revista\\\/vivienda\\\/presentara-fovissste-en-breve-producto-con-infonavit\\\/\",\"url\":\"https:\\\/\\\/centrourbano.com\\\/revista\\\/vivienda\\\/presentara-fovissste-en-breve-producto-con-infonavit\\\/\",\"name\":\"Presentar\u00e1 Fovissste en breve producto con Infonavit -\",\"isPartOf\":{\"@id\":\"https:\\\/\\\/centrourbano.com\\\/revista\\\/#website\"},\"datePublished\":\"2014-08-08T14:00:05+00:00\",\"dateModified\":\"2014-08-08T16:28:56+00:00\",\"description\":\"&nbsp; Reyes Baeza conf\u00eda en que los desarrolladores atender\u00e1n la demanda de vivienda Tras la presentaci\u00f3n de su nuevo producto \u2018En Pesos\u2019, Jos\u00e9 Reyes\",\"breadcrumb\":{\"@id\":\"https:\\\/\\\/centrourbano.com\\\/revista\\\/vivienda\\\/presentara-fovissste-en-breve-producto-con-infonavit\\\/#breadcrumb\"},\"inLanguage\":\"es\",\"potentialAction\":[{\"@type\":\"ReadAction\",\"target\":[\"https:\\\/\\\/centrourbano.com\\\/revista\\\/vivienda\\\/presentara-fovissste-en-breve-producto-con-infonavit\\\/\"]}]},{\"@type\":\"BreadcrumbList\",\"@id\":\"https:\\\/\\\/centrourbano.com\\\/revista\\\/vivienda\\\/presentara-fovissste-en-breve-producto-con-infonavit\\\/#breadcrumb\",\"itemListElement\":[{\"@type\":\"ListItem\",\"position\":1,\"name\":\"Portada\",\"item\":\"https:\\\/\\\/centrourbano.com\\\/revista\\\/\"},{\"@type\":\"ListItem\",\"position\":2,\"name\":\"Presentar\u00e1 Fovissste en breve producto con Infonavit\"}]},{\"@type\":\"WebSite\",\"@id\":\"https:\\\/\\\/centrourbano.com\\\/revista\\\/#website\",\"url\":\"https:\\\/\\\/centrourbano.com\\\/revista\\\/\",\"name\":\"Centro Urbano\",\"description\":\"Medio especializado en los sectores vivienda, inmobiliario, construcci\u00f3n, arquitectura y urbanismo.\",\"publisher\":{\"@id\":\"https:\\\/\\\/centrourbano.com\\\/revista\\\/#organization\"},\"potentialAction\":[{\"@type\":\"SearchAction\",\"target\":{\"@type\":\"EntryPoint\",\"urlTemplate\":\"https:\\\/\\\/centrourbano.com\\\/revista\\\/?s={search_term_string}\"},\"query-input\":{\"@type\":\"PropertyValueSpecification\",\"valueRequired\":true,\"valueName\":\"search_term_string\"}}],\"inLanguage\":\"es\"},{\"@type\":\"Organization\",\"@id\":\"https:\\\/\\\/centrourbano.com\\\/revista\\\/#organization\",\"name\":\"Centro Urbano\",\"url\":\"https:\\\/\\\/centrourbano.com\\\/revista\\\/\",\"logo\":{\"@type\":\"ImageObject\",\"inLanguage\":\"es\",\"@id\":\"https:\\\/\\\/centrourbano.com\\\/revista\\\/#\\\/schema\\\/logo\\\/image\\\/\",\"url\":\"https:\\\/\\\/centrourbano.com\\\/revista\\\/wp-content\\\/uploads\\\/web_CU_logo-1.png\",\"contentUrl\":\"https:\\\/\\\/centrourbano.com\\\/revista\\\/wp-content\\\/uploads\\\/web_CU_logo-1.png\",\"width\":350,\"height\":91,\"caption\":\"Centro Urbano\"},\"image\":{\"@id\":\"https:\\\/\\\/centrourbano.com\\\/revista\\\/#\\\/schema\\\/logo\\\/image\\\/\"},\"sameAs\":[\"https:\\\/\\\/www.facebook.com\\\/portalcentrourbano\",\"https:\\\/\\\/x.com\\\/CentroUrbano\",\"https:\\\/\\\/www.instagram.com\\\/centro_urbano\\\/\",\"https:\\\/\\\/www.linkedin.com\\\/company\\\/centro-urbano\\\/\",\"http:\\\/\\\/www.youtube.com\\\/user\\\/portalcentrourbano\"]},{\"@type\":\"Person\",\"@id\":\"https:\\\/\\\/centrourbano.com\\\/revista\\\/#\\\/schema\\\/person\\\/322070a608d18fb36615504ad25d0d82\",\"name\":\"Carlos Garc\u00eda\",\"image\":{\"@type\":\"ImageObject\",\"inLanguage\":\"es\",\"@id\":\"https:\\\/\\\/secure.gravatar.com\\\/avatar\\\/ad33530f6be00b0762054ba3ddee6e4b9824204d9c8315794c64a7f5841e5add?s=96&d=mm&r=g\",\"url\":\"https:\\\/\\\/secure.gravatar.com\\\/avatar\\\/ad33530f6be00b0762054ba3ddee6e4b9824204d9c8315794c64a7f5841e5add?s=96&d=mm&r=g\",\"contentUrl\":\"https:\\\/\\\/secure.gravatar.com\\\/avatar\\\/ad33530f6be00b0762054ba3ddee6e4b9824204d9c8315794c64a7f5841e5add?s=96&d=mm&r=g\",\"caption\":\"Carlos Garc\u00eda\"},\"description\":\"Egresado de la carrera de Ciencias de la Comunicaci\u00f3n con diplomado de Periodismo Deportivo. Se ha desempe\u00f1ado como reportero y redactor de deportes, como en otras \u00e1reas. Actualmente trabaja en Centro Urbano. Amante del cine, los Beatles, futbol, lucha libre y los viajes.\",\"url\":\"https:\\\/\\\/centrourbano.com\\\/revista\\\/author\\\/carlos-garcia\\\/\"}]}<\/script>\n<!-- \/ Yoast SEO plugin. -->","yoast_head_json":{"title":"Presentar\u00e1 Fovissste en breve producto con Infonavit -","description":"&nbsp; Reyes Baeza conf\u00eda en que los desarrolladores atender\u00e1n la demanda de vivienda Tras la presentaci\u00f3n de su nuevo producto \u2018En Pesos\u2019, Jos\u00e9 Reyes","robots":{"index":"index","follow":"follow","max-snippet":"max-snippet:-1","max-image-preview":"max-image-preview:large","max-video-preview":"max-video-preview:-1"},"canonical":"https:\/\/centrourbano.com\/revista\/vivienda\/presentara-fovissste-en-breve-producto-con-infonavit\/","og_locale":"es_ES","og_type":"article","og_title":"Presentar\u00e1 Fovissste en breve producto con Infonavit -","og_description":"&nbsp; Reyes Baeza conf\u00eda en que los desarrolladores atender\u00e1n la demanda de vivienda Tras la presentaci\u00f3n de su nuevo producto \u2018En Pesos\u2019, Jos\u00e9 Reyes","og_url":"https:\/\/centrourbano.com\/revista\/vivienda\/presentara-fovissste-en-breve-producto-con-infonavit\/","og_site_name":"Centro Urbano","article_publisher":"https:\/\/www.facebook.com\/portalcentrourbano","article_published_time":"2014-08-08T14:00:05+00:00","article_modified_time":"2014-08-08T16:28:56+00:00","og_image":[{"width":350,"height":91,"url":"https:\/\/centrourbano.com\/revista\/wp-content\/uploads\/CU-logo.png","type":"image\/png"}],"author":"Carlos Garc\u00eda","twitter_card":"summary_large_image","twitter_creator":"@CentroUrbano","twitter_site":"@CentroUrbano","twitter_misc":{"Escrito por":"Carlos Garc\u00eda","Tiempo de lectura":"1 minuto"},"schema":{"@context":"https:\/\/schema.org","@graph":[{"@type":"Article","@id":"https:\/\/centrourbano.com\/revista\/vivienda\/presentara-fovissste-en-breve-producto-con-infonavit\/#article","isPartOf":{"@id":"https:\/\/centrourbano.com\/revista\/vivienda\/presentara-fovissste-en-breve-producto-con-infonavit\/"},"author":{"name":"Carlos Garc\u00eda","@id":"https:\/\/centrourbano.com\/revista\/#\/schema\/person\/322070a608d18fb36615504ad25d0d82"},"headline":"Presentar\u00e1 Fovissste en breve producto con Infonavit","datePublished":"2014-08-08T14:00:05+00:00","dateModified":"2014-08-08T16:28:56+00:00","mainEntityOfPage":{"@id":"https:\/\/centrourbano.com\/revista\/vivienda\/presentara-fovissste-en-breve-producto-con-infonavit\/"},"wordCount":299,"commentCount":0,"publisher":{"@id":"https:\/\/centrourbano.com\/revista\/#organization"},"keywords":["Fovissste","Reyes Baeza","vivienda"],"articleSection":["Vivienda"],"inLanguage":"es","potentialAction":[{"@type":"CommentAction","name":"Comment","target":["https:\/\/centrourbano.com\/revista\/vivienda\/presentara-fovissste-en-breve-producto-con-infonavit\/#respond"]}]},{"@type":"WebPage","@id":"https:\/\/centrourbano.com\/revista\/vivienda\/presentara-fovissste-en-breve-producto-con-infonavit\/","url":"https:\/\/centrourbano.com\/revista\/vivienda\/presentara-fovissste-en-breve-producto-con-infonavit\/","name":"Presentar\u00e1 Fovissste en breve producto con Infonavit -","isPartOf":{"@id":"https:\/\/centrourbano.com\/revista\/#website"},"datePublished":"2014-08-08T14:00:05+00:00","dateModified":"2014-08-08T16:28:56+00:00","description":"&nbsp; Reyes Baeza conf\u00eda en que los desarrolladores atender\u00e1n la demanda de vivienda Tras la presentaci\u00f3n de su nuevo producto \u2018En Pesos\u2019, Jos\u00e9 Reyes","breadcrumb":{"@id":"https:\/\/centrourbano.com\/revista\/vivienda\/presentara-fovissste-en-breve-producto-con-infonavit\/#breadcrumb"},"inLanguage":"es","potentialAction":[{"@type":"ReadAction","target":["https:\/\/centrourbano.com\/revista\/vivienda\/presentara-fovissste-en-breve-producto-con-infonavit\/"]}]},{"@type":"BreadcrumbList","@id":"https:\/\/centrourbano.com\/revista\/vivienda\/presentara-fovissste-en-breve-producto-con-infonavit\/#breadcrumb","itemListElement":[{"@type":"ListItem","position":1,"name":"Portada","item":"https:\/\/centrourbano.com\/revista\/"},{"@type":"ListItem","position":2,"name":"Presentar\u00e1 Fovissste en breve producto con Infonavit"}]},{"@type":"WebSite","@id":"https:\/\/centrourbano.com\/revista\/#website","url":"https:\/\/centrourbano.com\/revista\/","name":"Centro Urbano","description":"Medio especializado en los sectores vivienda, inmobiliario, construcci\u00f3n, arquitectura y urbanismo.","publisher":{"@id":"https:\/\/centrourbano.com\/revista\/#organization"},"potentialAction":[{"@type":"SearchAction","target":{"@type":"EntryPoint","urlTemplate":"https:\/\/centrourbano.com\/revista\/?s={search_term_string}"},"query-input":{"@type":"PropertyValueSpecification","valueRequired":true,"valueName":"search_term_string"}}],"inLanguage":"es"},{"@type":"Organization","@id":"https:\/\/centrourbano.com\/revista\/#organization","name":"Centro Urbano","url":"https:\/\/centrourbano.com\/revista\/","logo":{"@type":"ImageObject","inLanguage":"es","@id":"https:\/\/centrourbano.com\/revista\/#\/schema\/logo\/image\/","url":"https:\/\/centrourbano.com\/revista\/wp-content\/uploads\/web_CU_logo-1.png","contentUrl":"https:\/\/centrourbano.com\/revista\/wp-content\/uploads\/web_CU_logo-1.png","width":350,"height":91,"caption":"Centro Urbano"},"image":{"@id":"https:\/\/centrourbano.com\/revista\/#\/schema\/logo\/image\/"},"sameAs":["https:\/\/www.facebook.com\/portalcentrourbano","https:\/\/x.com\/CentroUrbano","https:\/\/www.instagram.com\/centro_urbano\/","https:\/\/www.linkedin.com\/company\/centro-urbano\/","http:\/\/www.youtube.com\/user\/portalcentrourbano"]},{"@type":"Person","@id":"https:\/\/centrourbano.com\/revista\/#\/schema\/person\/322070a608d18fb36615504ad25d0d82","name":"Carlos Garc\u00eda","image":{"@type":"ImageObject","inLanguage":"es","@id":"https:\/\/secure.gravatar.com\/avatar\/ad33530f6be00b0762054ba3ddee6e4b9824204d9c8315794c64a7f5841e5add?s=96&d=mm&r=g","url":"https:\/\/secure.gravatar.com\/avatar\/ad33530f6be00b0762054ba3ddee6e4b9824204d9c8315794c64a7f5841e5add?s=96&d=mm&r=g","contentUrl":"https:\/\/secure.gravatar.com\/avatar\/ad33530f6be00b0762054ba3ddee6e4b9824204d9c8315794c64a7f5841e5add?s=96&d=mm&r=g","caption":"Carlos Garc\u00eda"},"description":"Egresado de la carrera de Ciencias de la Comunicaci\u00f3n con diplomado de Periodismo Deportivo. Se ha desempe\u00f1ado como reportero y redactor de deportes, como en otras \u00e1reas. Actualmente trabaja en Centro Urbano. Amante del cine, los Beatles, futbol, lucha libre y los viajes.","url":"https:\/\/centrourbano.com\/revista\/author\/carlos-garcia\/"}]}},"_links":{"self":[{"href":"https:\/\/centrourbano.com\/revista\/wp-json\/wp\/v2\/posts\/9462","targetHints":{"allow":["GET"]}}],"collection":[{"href":"https:\/\/centrourbano.com\/revista\/wp-json\/wp\/v2\/posts"}],"about":[{"href":"https:\/\/centrourbano.com\/revista\/wp-json\/wp\/v2\/types\/post"}],"author":[{"embeddable":true,"href":"https:\/\/centrourbano.com\/revista\/wp-json\/wp\/v2\/users\/18"}],"replies":[{"embeddable":true,"href":"https:\/\/centrourbano.com\/revista\/wp-json\/wp\/v2\/comments?post=9462"}],"version-history":[{"count":0,"href":"https:\/\/centrourbano.com\/revista\/wp-json\/wp\/v2\/posts\/9462\/revisions"}],"wp:attachment":[{"href":"https:\/\/centrourbano.com\/revista\/wp-json\/wp\/v2\/media?parent=9462"}],"wp:term":[{"taxonomy":"category","embeddable":true,"href":"https:\/\/centrourbano.com\/revista\/wp-json\/wp\/v2\/categories?post=9462"},{"taxonomy":"post_tag","embeddable":true,"href":"https:\/\/centrourbano.com\/revista\/wp-json\/wp\/v2\/tags?post=9462"}],"curies":[{"name":"wp","href":"https:\/\/api.w.org\/{rel}","templated":true}]}}