{"id":94318,"date":"2019-08-02T12:34:58","date_gmt":"2019-08-02T17:34:58","guid":{"rendered":"https:\/\/centrourbano.com\/?p=94318"},"modified":"2019-08-02T14:45:05","modified_gmt":"2019-08-02T19:45:05","slug":"proyectan-desarrollo-inmobiliario-preservar-polyforum","status":"publish","type":"post","link":"https:\/\/centrourbano.com\/revista\/inmobiliario\/proyectan-desarrollo-inmobiliario-preservar-polyforum\/","title":{"rendered":"Proyectan desarrollo inmobiliario para preservar Polyforum"},"content":{"rendered":"<p><em>Actualmente el recinto se encuentra en una segunda etapa de intervenci\u00f3n para su rescate\u00a0<\/em><!--more--><\/p>\n<p>Los propietarios del recinto arquitect\u00f3nico\u00a0<strong>Polyforum Cultural Siqueiros<\/strong> analizan la posibilidad de construir un desarrollo inmobiliario\u00a0bajo el argumento\u00a0\u00abde que es la \u00fanica forma de preservar el patrimonio art\u00edstico\u00bb de este lugar, que se encuentra en espera de aprobaci\u00f3n para la segunda etapa de intervenci\u00f3n.<\/p>\n<p>De acuerdo con la Secretar\u00eda de <strong>Cultura de la Ciudad de M\u00e9xico<\/strong>,\u00a0Manuel Su\u00e1rez, empresario que financi\u00f3 la obra de car\u00e1cter privado, plante\u00f3 la necesidad de brindar sostenibilidad al espacio cultural, as\u00ed como de conservaci\u00f3n y difusi\u00f3n de este patrimonio.<\/p>\n<p>Al respecto, la dependencia capitalina se\u00f1al\u00f3 que\u00a0el proyecto inmobiliario que se pretende desarrollar debe revisarse en el marco de las normas urbanas vigentes por lo que ser\u00e1n la <strong>Seduvi<\/strong>, la alcald\u00eda de <strong>Benito Ju\u00e1rez<\/strong> y el <strong>INBAL<\/strong>, quienes decidan las restricciones de este proyecto cuando sea planteado.<\/p>\n<p>\u00abLas autoridades competentes del gobierno local deben analizar los temas del <strong>uso de suelo<\/strong> y altura permitida, entre otros factores, con el acompa\u00f1amiento del INBAL en materia de conservaci\u00f3n del patrimonio art\u00edstico mueble e inmueble, respetando a cabalidad el valor que representan la obra de Siqueiros y dicho espacio.<\/p>\n<p>\u00abNo habr\u00e1 autorizaci\u00f3n alguna a cualquier tipo de proyecto que busque modificar la ubicaci\u00f3n, las caracter\u00edsticas art\u00edsticas y arquitect\u00f3nicas o la integridad paisaj\u00edstica del inmueble\u00bb, se\u00f1al\u00f3 la oficina de Cultura capitalina.<!--more--><\/p>\n<p><em><strong>Te puede interesar<\/strong><\/em><\/p>\n<blockquote class=\"wp-embedded-content\" data-secret=\"uMfIiy2tvl\"><p><a href=\"https:\/\/centrourbano.com\/revista\/arquitectura-2\/inbal-atendera-segunda-etapa-de-intervencion-del-polyforum-siqueiros\/\">INBAL atender\u00e1 segunda etapa de intervenci\u00f3n del Polyforum Siqueiros<\/a><\/p><\/blockquote>\n<p><iframe loading=\"lazy\" class=\"wp-embedded-content\" sandbox=\"allow-scripts\" security=\"restricted\" style=\"position: absolute; clip: rect(1px, 1px, 1px, 1px);\" title=\"\u00abINBAL atender\u00e1 segunda etapa de intervenci\u00f3n del Polyforum Siqueiros\u00bb \u2014 Centro Urbano\" src=\"https:\/\/centrourbano.com\/revista\/arquitectura-2\/inbal-atendera-segunda-etapa-de-intervencion-del-polyforum-siqueiros\/embed\/#?secret=HMWOHHOa2J#?secret=uMfIiy2tvl\" data-secret=\"uMfIiy2tvl\" width=\"500\" height=\"282\" frameborder=\"0\" marginwidth=\"0\" marginheight=\"0\" scrolling=\"no\"><\/iframe><\/p>\n<p><!--more--><\/p>\n<p>De acuerdo con los propietarios del inmueble, uno de los principales problemas a los que se enfrenta el recinto con m\u00e1s de 8,000 metros cuadrados de murales internos y externos, hechos por el muralista mexicano David Alfaro Siqueiros,\u00a0es el econ\u00f3mico ya que el Polyforum hoy no cuenta con fondos suficientes para preservarlos, a pesar de ser un espacio privado.<\/p>\n<p>Por un lado, el gobierno de la Ciudad de M\u00e9xico ha empezado a agilizar y definir las reglas de un nuevo desarrollo inmobiliario arm\u00f3nico para la capital, sin excedentes ni viejas pr\u00e1cticas ligadas a temas de corrupci\u00f3n.<\/p>\n<p>Adem\u00e1s, la alcald\u00eda Benito Ju\u00e1rez se encuentra dentro de las tres demarcaciones con mayor dinamismo inmobiliario, de acuerdo con firmas como <strong>Softec y Lamudi, <\/strong>con una alta demanda de espacios habitacionales, comerciales y de oficinas.<\/p>\n<p>Cabe destacar que el Polyforum se encuentra sobre Insurgentes, uno de los corredores corporativos m\u00e1s grandes de la ciudad, de acuerdo con datos de<strong> CBRE M\u00e9xico, <\/strong>con m\u00e1s de 15, 285 metros cuadrados de espacios de oficina en construcci\u00f3n al segundo trimestre de 2019.<strong>\u00a0<\/strong><\/p>\n<p><em>Foto: Archdaily<\/em><\/p>\n","protected":false},"excerpt":{"rendered":"<p>Actualmente el recinto se encuentra en una segunda etapa de intervenci\u00f3n para su rescate\u00a0<\/p>\n","protected":false},"author":69,"featured_media":94320,"comment_status":"open","ping_status":"closed","sticky":false,"template":"","format":"standard","meta":{"om_disable_all_campaigns":false,"inline_featured_image":false,"_monsterinsights_skip_tracking":false,"_monsterinsights_sitenote_active":false,"_monsterinsights_sitenote_note":"","_monsterinsights_sitenote_category":0,"footnotes":""},"categories":[15],"tags":[],"class_list":["post-94318","post","type-post","status-publish","format-standard","has-post-thumbnail","hentry","category-inmobiliario"],"yoast_head":"<!-- This site is optimized with the Yoast SEO plugin v27.4 - https:\/\/yoast.com\/product\/yoast-seo-wordpress\/ -->\n<title>Proyectan desarrollo inmobiliario para preservar Polyforum<\/title>\n<meta name=\"description\" content=\"Actualmente el recinto se encuentra en una segunda etapa de intervenci\u00f3n para su rescate\" \/>\n<meta name=\"robots\" content=\"index, follow, max-snippet:-1, max-image-preview:large, max-video-preview:-1\" \/>\n<link rel=\"canonical\" href=\"https:\/\/centrourbano.com\/revista\/inmobiliario\/proyectan-desarrollo-inmobiliario-preservar-polyforum\/\" \/>\n<meta property=\"og:locale\" content=\"es_ES\" \/>\n<meta property=\"og:type\" content=\"article\" \/>\n<meta property=\"og:title\" content=\"Proyectan desarrollo inmobiliario para preservar Polyforum\" \/>\n<meta property=\"og:description\" content=\"Actualmente el recinto se encuentra en una segunda etapa de intervenci\u00f3n para su rescate\" \/>\n<meta property=\"og:url\" content=\"https:\/\/centrourbano.com\/revista\/inmobiliario\/proyectan-desarrollo-inmobiliario-preservar-polyforum\/\" \/>\n<meta property=\"og:site_name\" content=\"Centro Urbano\" \/>\n<meta property=\"article:publisher\" content=\"https:\/\/www.facebook.com\/portalcentrourbano\" \/>\n<meta property=\"article:published_time\" content=\"2019-08-02T17:34:58+00:00\" \/>\n<meta property=\"article:modified_time\" content=\"2019-08-02T19:45:05+00:00\" \/>\n<meta property=\"og:image\" content=\"https:\/\/centrourbano.com\/revista\/wp-content\/uploads\/003-1.jpg\" \/>\n\t<meta property=\"og:image:width\" content=\"1500\" \/>\n\t<meta property=\"og:image:height\" content=\"1000\" \/>\n\t<meta property=\"og:image:type\" content=\"image\/jpeg\" \/>\n<meta name=\"author\" content=\"Fernando Navarrete\" \/>\n<meta name=\"twitter:card\" content=\"summary_large_image\" \/>\n<meta name=\"twitter:creator\" content=\"@CentroUrbano\" \/>\n<meta name=\"twitter:site\" content=\"@CentroUrbano\" \/>\n<meta name=\"twitter:label1\" content=\"Escrito por\" \/>\n\t<meta name=\"twitter:data1\" content=\"Fernando Navarrete\" \/>\n\t<meta name=\"twitter:label2\" content=\"Tiempo de lectura\" \/>\n\t<meta name=\"twitter:data2\" content=\"2 minutos\" \/>\n<script type=\"application\/ld+json\" class=\"yoast-schema-graph\">{\"@context\":\"https:\\\/\\\/schema.org\",\"@graph\":[{\"@type\":\"Article\",\"@id\":\"https:\\\/\\\/centrourbano.com\\\/revista\\\/inmobiliario\\\/proyectan-desarrollo-inmobiliario-preservar-polyforum\\\/#article\",\"isPartOf\":{\"@id\":\"https:\\\/\\\/centrourbano.com\\\/revista\\\/inmobiliario\\\/proyectan-desarrollo-inmobiliario-preservar-polyforum\\\/\"},\"author\":{\"name\":\"Fernando Navarrete\",\"@id\":\"https:\\\/\\\/centrourbano.com\\\/revista\\\/#\\\/schema\\\/person\\\/515c32d01ece40d20a7ed3fdf34051af\"},\"headline\":\"Proyectan desarrollo inmobiliario para preservar Polyforum\",\"datePublished\":\"2019-08-02T17:34:58+00:00\",\"dateModified\":\"2019-08-02T19:45:05+00:00\",\"mainEntityOfPage\":{\"@id\":\"https:\\\/\\\/centrourbano.com\\\/revista\\\/inmobiliario\\\/proyectan-desarrollo-inmobiliario-preservar-polyforum\\\/\"},\"wordCount\":453,\"commentCount\":0,\"publisher\":{\"@id\":\"https:\\\/\\\/centrourbano.com\\\/revista\\\/#organization\"},\"image\":{\"@id\":\"https:\\\/\\\/centrourbano.com\\\/revista\\\/inmobiliario\\\/proyectan-desarrollo-inmobiliario-preservar-polyforum\\\/#primaryimage\"},\"thumbnailUrl\":\"https:\\\/\\\/centrourbano.com\\\/revista\\\/wp-content\\\/uploads\\\/003-1.jpg\",\"articleSection\":[\"Inmobiliario\"],\"inLanguage\":\"es\",\"potentialAction\":[{\"@type\":\"CommentAction\",\"name\":\"Comment\",\"target\":[\"https:\\\/\\\/centrourbano.com\\\/revista\\\/inmobiliario\\\/proyectan-desarrollo-inmobiliario-preservar-polyforum\\\/#respond\"]}]},{\"@type\":\"WebPage\",\"@id\":\"https:\\\/\\\/centrourbano.com\\\/revista\\\/inmobiliario\\\/proyectan-desarrollo-inmobiliario-preservar-polyforum\\\/\",\"url\":\"https:\\\/\\\/centrourbano.com\\\/revista\\\/inmobiliario\\\/proyectan-desarrollo-inmobiliario-preservar-polyforum\\\/\",\"name\":\"Proyectan desarrollo inmobiliario para preservar Polyforum\",\"isPartOf\":{\"@id\":\"https:\\\/\\\/centrourbano.com\\\/revista\\\/#website\"},\"primaryImageOfPage\":{\"@id\":\"https:\\\/\\\/centrourbano.com\\\/revista\\\/inmobiliario\\\/proyectan-desarrollo-inmobiliario-preservar-polyforum\\\/#primaryimage\"},\"image\":{\"@id\":\"https:\\\/\\\/centrourbano.com\\\/revista\\\/inmobiliario\\\/proyectan-desarrollo-inmobiliario-preservar-polyforum\\\/#primaryimage\"},\"thumbnailUrl\":\"https:\\\/\\\/centrourbano.com\\\/revista\\\/wp-content\\\/uploads\\\/003-1.jpg\",\"datePublished\":\"2019-08-02T17:34:58+00:00\",\"dateModified\":\"2019-08-02T19:45:05+00:00\",\"description\":\"Actualmente el recinto se encuentra en una segunda etapa de intervenci\u00f3n para su rescate\",\"breadcrumb\":{\"@id\":\"https:\\\/\\\/centrourbano.com\\\/revista\\\/inmobiliario\\\/proyectan-desarrollo-inmobiliario-preservar-polyforum\\\/#breadcrumb\"},\"inLanguage\":\"es\",\"potentialAction\":[{\"@type\":\"ReadAction\",\"target\":[\"https:\\\/\\\/centrourbano.com\\\/revista\\\/inmobiliario\\\/proyectan-desarrollo-inmobiliario-preservar-polyforum\\\/\"]}]},{\"@type\":\"ImageObject\",\"inLanguage\":\"es\",\"@id\":\"https:\\\/\\\/centrourbano.com\\\/revista\\\/inmobiliario\\\/proyectan-desarrollo-inmobiliario-preservar-polyforum\\\/#primaryimage\",\"url\":\"https:\\\/\\\/centrourbano.com\\\/revista\\\/wp-content\\\/uploads\\\/003-1.jpg\",\"contentUrl\":\"https:\\\/\\\/centrourbano.com\\\/revista\\\/wp-content\\\/uploads\\\/003-1.jpg\",\"width\":1500,\"height\":1000,\"caption\":\"Actualmente el recinto se encuentra en una segunda etapa de intervenci\u00f3n para su rescate\"},{\"@type\":\"BreadcrumbList\",\"@id\":\"https:\\\/\\\/centrourbano.com\\\/revista\\\/inmobiliario\\\/proyectan-desarrollo-inmobiliario-preservar-polyforum\\\/#breadcrumb\",\"itemListElement\":[{\"@type\":\"ListItem\",\"position\":1,\"name\":\"Portada\",\"item\":\"https:\\\/\\\/centrourbano.com\\\/revista\\\/\"},{\"@type\":\"ListItem\",\"position\":2,\"name\":\"Proyectan desarrollo inmobiliario para preservar Polyforum\"}]},{\"@type\":\"WebSite\",\"@id\":\"https:\\\/\\\/centrourbano.com\\\/revista\\\/#website\",\"url\":\"https:\\\/\\\/centrourbano.com\\\/revista\\\/\",\"name\":\"Centro Urbano\",\"description\":\"Medio especializado en los sectores vivienda, inmobiliario, construcci\u00f3n, arquitectura y urbanismo.\",\"publisher\":{\"@id\":\"https:\\\/\\\/centrourbano.com\\\/revista\\\/#organization\"},\"potentialAction\":[{\"@type\":\"SearchAction\",\"target\":{\"@type\":\"EntryPoint\",\"urlTemplate\":\"https:\\\/\\\/centrourbano.com\\\/revista\\\/?s={search_term_string}\"},\"query-input\":{\"@type\":\"PropertyValueSpecification\",\"valueRequired\":true,\"valueName\":\"search_term_string\"}}],\"inLanguage\":\"es\"},{\"@type\":\"Organization\",\"@id\":\"https:\\\/\\\/centrourbano.com\\\/revista\\\/#organization\",\"name\":\"Centro Urbano\",\"url\":\"https:\\\/\\\/centrourbano.com\\\/revista\\\/\",\"logo\":{\"@type\":\"ImageObject\",\"inLanguage\":\"es\",\"@id\":\"https:\\\/\\\/centrourbano.com\\\/revista\\\/#\\\/schema\\\/logo\\\/image\\\/\",\"url\":\"https:\\\/\\\/centrourbano.com\\\/revista\\\/wp-content\\\/uploads\\\/web_CU_logo-1.png\",\"contentUrl\":\"https:\\\/\\\/centrourbano.com\\\/revista\\\/wp-content\\\/uploads\\\/web_CU_logo-1.png\",\"width\":350,\"height\":91,\"caption\":\"Centro Urbano\"},\"image\":{\"@id\":\"https:\\\/\\\/centrourbano.com\\\/revista\\\/#\\\/schema\\\/logo\\\/image\\\/\"},\"sameAs\":[\"https:\\\/\\\/www.facebook.com\\\/portalcentrourbano\",\"https:\\\/\\\/x.com\\\/CentroUrbano\",\"https:\\\/\\\/www.instagram.com\\\/centro_urbano\\\/\",\"https:\\\/\\\/www.linkedin.com\\\/company\\\/centro-urbano\\\/\",\"http:\\\/\\\/www.youtube.com\\\/user\\\/portalcentrourbano\"]},{\"@type\":\"Person\",\"@id\":\"https:\\\/\\\/centrourbano.com\\\/revista\\\/#\\\/schema\\\/person\\\/515c32d01ece40d20a7ed3fdf34051af\",\"name\":\"Fernando Navarrete\",\"image\":{\"@type\":\"ImageObject\",\"inLanguage\":\"es\",\"@id\":\"https:\\\/\\\/secure.gravatar.com\\\/avatar\\\/f4dd6927a99e72698473e350e20ec8a38bd48cb668e15b03d04e8e537da41ad0?s=96&d=mm&r=g\",\"url\":\"https:\\\/\\\/secure.gravatar.com\\\/avatar\\\/f4dd6927a99e72698473e350e20ec8a38bd48cb668e15b03d04e8e537da41ad0?s=96&d=mm&r=g\",\"contentUrl\":\"https:\\\/\\\/secure.gravatar.com\\\/avatar\\\/f4dd6927a99e72698473e350e20ec8a38bd48cb668e15b03d04e8e537da41ad0?s=96&d=mm&r=g\",\"caption\":\"Fernando Navarrete\"},\"description\":\"Reportero de negocios, inmobiliario, construcci\u00f3n e industria. Me interesa la econom\u00eda, pol\u00edtica, historia y antropolog\u00eda. Estudi\u00e9 en la Facultad de Ciencias Pol\u00edticas y Sociales de la UNAM. Tengo experiencia en el sector p\u00fablico, la industria del acero, ingenier\u00eda civil, IT y corporativos; soy un nost\u00e1lgico nacionalista contempor\u00e1neo que cree en la grandeza de su pa\u00eds. Asiduo lector de Juan Rulfo, Jos\u00e9 Revueltas y J. R. R Tolkien.\",\"url\":\"https:\\\/\\\/centrourbano.com\\\/revista\\\/author\\\/fernando-navarrete\\\/\"}]}<\/script>\n<!-- \/ Yoast SEO plugin. -->","yoast_head_json":{"title":"Proyectan desarrollo inmobiliario para preservar Polyforum","description":"Actualmente el recinto se encuentra en una segunda etapa de intervenci\u00f3n para su rescate","robots":{"index":"index","follow":"follow","max-snippet":"max-snippet:-1","max-image-preview":"max-image-preview:large","max-video-preview":"max-video-preview:-1"},"canonical":"https:\/\/centrourbano.com\/revista\/inmobiliario\/proyectan-desarrollo-inmobiliario-preservar-polyforum\/","og_locale":"es_ES","og_type":"article","og_title":"Proyectan desarrollo inmobiliario para preservar Polyforum","og_description":"Actualmente el recinto se encuentra en una segunda etapa de intervenci\u00f3n para su rescate","og_url":"https:\/\/centrourbano.com\/revista\/inmobiliario\/proyectan-desarrollo-inmobiliario-preservar-polyforum\/","og_site_name":"Centro Urbano","article_publisher":"https:\/\/www.facebook.com\/portalcentrourbano","article_published_time":"2019-08-02T17:34:58+00:00","article_modified_time":"2019-08-02T19:45:05+00:00","og_image":[{"width":1500,"height":1000,"url":"https:\/\/centrourbano.com\/revista\/wp-content\/uploads\/003-1.jpg","type":"image\/jpeg"}],"author":"Fernando Navarrete","twitter_card":"summary_large_image","twitter_creator":"@CentroUrbano","twitter_site":"@CentroUrbano","twitter_misc":{"Escrito por":"Fernando Navarrete","Tiempo de lectura":"2 minutos"},"schema":{"@context":"https:\/\/schema.org","@graph":[{"@type":"Article","@id":"https:\/\/centrourbano.com\/revista\/inmobiliario\/proyectan-desarrollo-inmobiliario-preservar-polyforum\/#article","isPartOf":{"@id":"https:\/\/centrourbano.com\/revista\/inmobiliario\/proyectan-desarrollo-inmobiliario-preservar-polyforum\/"},"author":{"name":"Fernando Navarrete","@id":"https:\/\/centrourbano.com\/revista\/#\/schema\/person\/515c32d01ece40d20a7ed3fdf34051af"},"headline":"Proyectan desarrollo inmobiliario para preservar Polyforum","datePublished":"2019-08-02T17:34:58+00:00","dateModified":"2019-08-02T19:45:05+00:00","mainEntityOfPage":{"@id":"https:\/\/centrourbano.com\/revista\/inmobiliario\/proyectan-desarrollo-inmobiliario-preservar-polyforum\/"},"wordCount":453,"commentCount":0,"publisher":{"@id":"https:\/\/centrourbano.com\/revista\/#organization"},"image":{"@id":"https:\/\/centrourbano.com\/revista\/inmobiliario\/proyectan-desarrollo-inmobiliario-preservar-polyforum\/#primaryimage"},"thumbnailUrl":"https:\/\/centrourbano.com\/revista\/wp-content\/uploads\/003-1.jpg","articleSection":["Inmobiliario"],"inLanguage":"es","potentialAction":[{"@type":"CommentAction","name":"Comment","target":["https:\/\/centrourbano.com\/revista\/inmobiliario\/proyectan-desarrollo-inmobiliario-preservar-polyforum\/#respond"]}]},{"@type":"WebPage","@id":"https:\/\/centrourbano.com\/revista\/inmobiliario\/proyectan-desarrollo-inmobiliario-preservar-polyforum\/","url":"https:\/\/centrourbano.com\/revista\/inmobiliario\/proyectan-desarrollo-inmobiliario-preservar-polyforum\/","name":"Proyectan desarrollo inmobiliario para preservar Polyforum","isPartOf":{"@id":"https:\/\/centrourbano.com\/revista\/#website"},"primaryImageOfPage":{"@id":"https:\/\/centrourbano.com\/revista\/inmobiliario\/proyectan-desarrollo-inmobiliario-preservar-polyforum\/#primaryimage"},"image":{"@id":"https:\/\/centrourbano.com\/revista\/inmobiliario\/proyectan-desarrollo-inmobiliario-preservar-polyforum\/#primaryimage"},"thumbnailUrl":"https:\/\/centrourbano.com\/revista\/wp-content\/uploads\/003-1.jpg","datePublished":"2019-08-02T17:34:58+00:00","dateModified":"2019-08-02T19:45:05+00:00","description":"Actualmente el recinto se encuentra en una segunda etapa de intervenci\u00f3n para su rescate","breadcrumb":{"@id":"https:\/\/centrourbano.com\/revista\/inmobiliario\/proyectan-desarrollo-inmobiliario-preservar-polyforum\/#breadcrumb"},"inLanguage":"es","potentialAction":[{"@type":"ReadAction","target":["https:\/\/centrourbano.com\/revista\/inmobiliario\/proyectan-desarrollo-inmobiliario-preservar-polyforum\/"]}]},{"@type":"ImageObject","inLanguage":"es","@id":"https:\/\/centrourbano.com\/revista\/inmobiliario\/proyectan-desarrollo-inmobiliario-preservar-polyforum\/#primaryimage","url":"https:\/\/centrourbano.com\/revista\/wp-content\/uploads\/003-1.jpg","contentUrl":"https:\/\/centrourbano.com\/revista\/wp-content\/uploads\/003-1.jpg","width":1500,"height":1000,"caption":"Actualmente el recinto se encuentra en una segunda etapa de intervenci\u00f3n para su rescate"},{"@type":"BreadcrumbList","@id":"https:\/\/centrourbano.com\/revista\/inmobiliario\/proyectan-desarrollo-inmobiliario-preservar-polyforum\/#breadcrumb","itemListElement":[{"@type":"ListItem","position":1,"name":"Portada","item":"https:\/\/centrourbano.com\/revista\/"},{"@type":"ListItem","position":2,"name":"Proyectan desarrollo inmobiliario para preservar Polyforum"}]},{"@type":"WebSite","@id":"https:\/\/centrourbano.com\/revista\/#website","url":"https:\/\/centrourbano.com\/revista\/","name":"Centro Urbano","description":"Medio especializado en los sectores vivienda, inmobiliario, construcci\u00f3n, arquitectura y urbanismo.","publisher":{"@id":"https:\/\/centrourbano.com\/revista\/#organization"},"potentialAction":[{"@type":"SearchAction","target":{"@type":"EntryPoint","urlTemplate":"https:\/\/centrourbano.com\/revista\/?s={search_term_string}"},"query-input":{"@type":"PropertyValueSpecification","valueRequired":true,"valueName":"search_term_string"}}],"inLanguage":"es"},{"@type":"Organization","@id":"https:\/\/centrourbano.com\/revista\/#organization","name":"Centro Urbano","url":"https:\/\/centrourbano.com\/revista\/","logo":{"@type":"ImageObject","inLanguage":"es","@id":"https:\/\/centrourbano.com\/revista\/#\/schema\/logo\/image\/","url":"https:\/\/centrourbano.com\/revista\/wp-content\/uploads\/web_CU_logo-1.png","contentUrl":"https:\/\/centrourbano.com\/revista\/wp-content\/uploads\/web_CU_logo-1.png","width":350,"height":91,"caption":"Centro Urbano"},"image":{"@id":"https:\/\/centrourbano.com\/revista\/#\/schema\/logo\/image\/"},"sameAs":["https:\/\/www.facebook.com\/portalcentrourbano","https:\/\/x.com\/CentroUrbano","https:\/\/www.instagram.com\/centro_urbano\/","https:\/\/www.linkedin.com\/company\/centro-urbano\/","http:\/\/www.youtube.com\/user\/portalcentrourbano"]},{"@type":"Person","@id":"https:\/\/centrourbano.com\/revista\/#\/schema\/person\/515c32d01ece40d20a7ed3fdf34051af","name":"Fernando Navarrete","image":{"@type":"ImageObject","inLanguage":"es","@id":"https:\/\/secure.gravatar.com\/avatar\/f4dd6927a99e72698473e350e20ec8a38bd48cb668e15b03d04e8e537da41ad0?s=96&d=mm&r=g","url":"https:\/\/secure.gravatar.com\/avatar\/f4dd6927a99e72698473e350e20ec8a38bd48cb668e15b03d04e8e537da41ad0?s=96&d=mm&r=g","contentUrl":"https:\/\/secure.gravatar.com\/avatar\/f4dd6927a99e72698473e350e20ec8a38bd48cb668e15b03d04e8e537da41ad0?s=96&d=mm&r=g","caption":"Fernando Navarrete"},"description":"Reportero de negocios, inmobiliario, construcci\u00f3n e industria. Me interesa la econom\u00eda, pol\u00edtica, historia y antropolog\u00eda. Estudi\u00e9 en la Facultad de Ciencias Pol\u00edticas y Sociales de la UNAM. Tengo experiencia en el sector p\u00fablico, la industria del acero, ingenier\u00eda civil, IT y corporativos; soy un nost\u00e1lgico nacionalista contempor\u00e1neo que cree en la grandeza de su pa\u00eds. Asiduo lector de Juan Rulfo, Jos\u00e9 Revueltas y J. R. R Tolkien.","url":"https:\/\/centrourbano.com\/revista\/author\/fernando-navarrete\/"}]}},"_links":{"self":[{"href":"https:\/\/centrourbano.com\/revista\/wp-json\/wp\/v2\/posts\/94318","targetHints":{"allow":["GET"]}}],"collection":[{"href":"https:\/\/centrourbano.com\/revista\/wp-json\/wp\/v2\/posts"}],"about":[{"href":"https:\/\/centrourbano.com\/revista\/wp-json\/wp\/v2\/types\/post"}],"author":[{"embeddable":true,"href":"https:\/\/centrourbano.com\/revista\/wp-json\/wp\/v2\/users\/69"}],"replies":[{"embeddable":true,"href":"https:\/\/centrourbano.com\/revista\/wp-json\/wp\/v2\/comments?post=94318"}],"version-history":[{"count":7,"href":"https:\/\/centrourbano.com\/revista\/wp-json\/wp\/v2\/posts\/94318\/revisions"}],"predecessor-version":[{"id":94333,"href":"https:\/\/centrourbano.com\/revista\/wp-json\/wp\/v2\/posts\/94318\/revisions\/94333"}],"wp:featuredmedia":[{"embeddable":true,"href":"https:\/\/centrourbano.com\/revista\/wp-json\/wp\/v2\/media\/94320"}],"wp:attachment":[{"href":"https:\/\/centrourbano.com\/revista\/wp-json\/wp\/v2\/media?parent=94318"}],"wp:term":[{"taxonomy":"category","embeddable":true,"href":"https:\/\/centrourbano.com\/revista\/wp-json\/wp\/v2\/categories?post=94318"},{"taxonomy":"post_tag","embeddable":true,"href":"https:\/\/centrourbano.com\/revista\/wp-json\/wp\/v2\/tags?post=94318"}],"curies":[{"name":"wp","href":"https:\/\/api.w.org\/{rel}","templated":true}]}}