{"id":94272,"date":"2019-08-02T09:25:35","date_gmt":"2019-08-02T14:25:35","guid":{"rendered":"https:\/\/centrourbano.com\/?p=94272"},"modified":"2019-08-02T09:25:35","modified_gmt":"2019-08-02T14:25:35","slug":"construir-ciudad-caminable","status":"publish","type":"post","link":"https:\/\/centrourbano.com\/revista\/urbanismo\/construir-ciudad-caminable\/","title":{"rendered":"C\u00f3mo construir una ciudad m\u00e1s caminable, sostenible y segura"},"content":{"rendered":"<p><em>De acuerdo con ONU-Habitat, para convertir a la ciudad en un espacio para caminar es necesario<\/em> <em>ofrecer mejores espacios p\u00fablicos para los habitantes<\/em><!--more--><\/p>\n<p>Una <strong>ciudad que invite a sus habitantes a caminar por sus calles<\/strong> es una ciudad mucho m\u00e1s <strong>vital, sostenible, sana y segura,<\/strong> aunque alentar a las personas a caminar ha resultado todo un reto. Sin embargo, de acuerdo con <strong>ONU-Habitat<\/strong>, el programa de las Naciones Unidas para los asentamientos humanos, <strong>la buena planificaci\u00f3n urbana es determinante para influir en los patrones de uso y comportamiento en la ciudad.<\/strong><\/p>\n<a href=\"https:\/\/centrourbano.com\/revista\/wp-content\/uploads\/caminar2.jpg\"><img loading=\"lazy\" decoding=\"async\" class=\"aligncenter wp-image-94275 \" src=\"https:\/\/centrourbano.com\/revista\/wp-content\/uploads\/caminar2.jpg\" alt=\"\" width=\"603\" height=\"402\" srcset=\"https:\/\/centrourbano.com\/revista\/wp-content\/uploads\/caminar2.jpg 1500w, https:\/\/centrourbano.com\/revista\/wp-content\/uploads\/caminar2-300x200.jpg 300w, https:\/\/centrourbano.com\/revista\/wp-content\/uploads\/caminar2-768x512.jpg 768w, https:\/\/centrourbano.com\/revista\/wp-content\/uploads\/caminar2-1024x683.jpg 1024w\" sizes=\"auto, (max-width: 603px) 100vw, 603px\" \/><\/a>\n<p>El organismo expone <strong>seis puntos clave para lograr construir una ciudad caminable:<\/strong><\/p>\n<ol>\n<li><strong>Fomentar la movilidad verde<\/strong><\/li>\n<\/ol>\n<p>Cuando una persona se mueve por la ciudad caminando o en bicicleta para realizar sus actividades diarias, se beneficia la <strong>salud y la econom\u00eda de la urbe, <\/strong>adem\u00e1s del<strong> medio ambiente<\/strong>, ya que se reduce el consumo de recursos, se limitan las emisiones de carbono y disminuyen los niveles de ruido.<\/p>\n<ol start=\"2\">\n<li><strong>Potenciar la vida entre edificios<\/strong><\/li>\n<\/ol>\n<p>Entre los edificios que alberga una ciudad se puede realizar una gran cantidad de actividades, tales como caminatas, paseos, conversaciones y encuentros, ejercicios, bailes, intercambios comerciales o espect\u00e1culos callejeros. <strong>\u201cCaminar es mucho m\u00e1s que solo circular. Es una experiencia que permite vivir la ciudad en toda su diversidad\u201d.<\/strong><\/p>\n<a href=\"https:\/\/centrourbano.com\/revista\/wp-content\/uploads\/caminar-2.jpg\"><img loading=\"lazy\" decoding=\"async\" class=\"aligncenter wp-image-94277 \" src=\"https:\/\/centrourbano.com\/revista\/wp-content\/uploads\/caminar-2.jpg\" alt=\"\" width=\"708\" height=\"398\" srcset=\"https:\/\/centrourbano.com\/revista\/wp-content\/uploads\/caminar-2.jpg 1280w, https:\/\/centrourbano.com\/revista\/wp-content\/uploads\/caminar-2-300x169.jpg 300w, https:\/\/centrourbano.com\/revista\/wp-content\/uploads\/caminar-2-768x432.jpg 768w, https:\/\/centrourbano.com\/revista\/wp-content\/uploads\/caminar-2-1024x576.jpg 1024w\" sizes=\"auto, (max-width: 708px) 100vw, 708px\" \/><\/a>\n<ol start=\"3\">\n<li><strong>Impulsar actividades recreativas<\/strong><\/li>\n<\/ol>\n<p>En la vida de los ciudadanos existen dos tipos de actividades: las obligatorias y las recreativas, que son opcionales y m\u00e1s placenteras. <strong>Los espacios urbanos de calidad son requisitos importantes para propiciar actividades al aire libre.<\/strong><\/p>\n<ol start=\"4\">\n<li><strong>Veredas m\u00e1s anchas<\/strong><\/li>\n<\/ol>\n<p>Ensanchar las veredas, o banquetas, plantar \u00e1rboles nuevos para proveer de sombra el camino, organizar exposiciones de arte en la calle y contar con iluminaci\u00f3n nocturna son <strong>aspectos esenciales que incentivan a los habitantes a caminar y a permanecer en la ciudad.<\/strong><\/p>\n<a href=\"https:\/\/centrourbano.com\/revista\/wp-content\/uploads\/masaryk1_4710_615x.jpg\"><img loading=\"lazy\" decoding=\"async\" class=\"aligncenter wp-image-94278 size-full\" src=\"https:\/\/centrourbano.com\/revista\/wp-content\/uploads\/masaryk1_4710_615x.jpg\" alt=\"\" width=\"615\" height=\"435\" srcset=\"https:\/\/centrourbano.com\/revista\/wp-content\/uploads\/masaryk1_4710_615x.jpg 615w, https:\/\/centrourbano.com\/revista\/wp-content\/uploads\/masaryk1_4710_615x-300x212.jpg 300w\" sizes=\"auto, (max-width: 615px) 100vw, 615px\" \/><\/a>\n<ol start=\"5\">\n<li><strong>Mejorar el mobiliario urbano<\/strong><\/li>\n<\/ol>\n<p>Renovar el mobiliario citadino puede contribuir a <strong>crear en las personas patrones de comportamiento nuevos.<\/strong> Por ejemplo, hace alg\u00fan tiempo, en la ciudad de Oslo, Noruega, las viejas banquetas fueron reemplazadas por modelos nuevos que ten\u00edan una capacidad de m\u00e1s del doble que las anteriores, lo que increment\u00f3 su uso; adem\u00e1s, encuestas hechas antes y despu\u00e9s de esta iniciativa revelaron que la utilizaci\u00f3n de los bancos por parte de la gente aument\u00f3 casi en la misma proporci\u00f3n.<\/p>\n<ol start=\"6\">\n<li><strong>Edificios para ser vistos en la planta baja<\/strong><\/li>\n<\/ol>\n<p>De acuerdo con <strong>ONU-Habitat,<\/strong> cuando las personas caminan, suelen inclinar la cabeza 10 grados hacia abajo para prestar atenci\u00f3n a cualquier obst\u00e1culo, sin embargo, con este campo de visi\u00f3n horizontal normalmente <strong>solo se aprecia lo que ocurre en la planta baja de los edificios.<\/strong> En este sentido, si las fachadas cuentan con una variedad de detalles en este nivel, los paseos por la ciudad ser\u00e1n abundantes en sentido y en experiencias.<\/p>\n<a href=\"https:\/\/centrourbano.com\/revista\/wp-content\/uploads\/caminar.jpg\"><img loading=\"lazy\" decoding=\"async\" class=\"aligncenter wp-image-94276 \" src=\"https:\/\/centrourbano.com\/revista\/wp-content\/uploads\/caminar.jpg\" alt=\"\" width=\"700\" height=\"394\" srcset=\"https:\/\/centrourbano.com\/revista\/wp-content\/uploads\/caminar.jpg 1280w, https:\/\/centrourbano.com\/revista\/wp-content\/uploads\/caminar-300x169.jpg 300w, https:\/\/centrourbano.com\/revista\/wp-content\/uploads\/caminar-768x432.jpg 768w, https:\/\/centrourbano.com\/revista\/wp-content\/uploads\/caminar-1024x576.jpg 1024w\" sizes=\"auto, (max-width: 700px) 100vw, 700px\" \/><\/a>\n<p>El organismo afirma, adem\u00e1s, que para convertir a la ciudad en un espacio para caminar es necesario <strong>ofrecer mejores espacios p\u00fablicos para sus habitantes<\/strong>, as\u00ed el uso se incrementar\u00e1, sin importar las diferencias de lugar, cultura, clima, o situaciones econ\u00f3micas y sociales.<\/p>\n","protected":false},"excerpt":{"rendered":"<p>De acuerdo con ONU-Habitat, para convertir a la ciudad en un espacio para caminar es necesario ofrecer mejores espacios p\u00fablicos para los habitantes<\/p>\n","protected":false},"author":73,"featured_media":94273,"comment_status":"open","ping_status":"closed","sticky":false,"template":"","format":"standard","meta":{"om_disable_all_campaigns":false,"inline_featured_image":false,"_monsterinsights_skip_tracking":false,"_monsterinsights_sitenote_active":false,"_monsterinsights_sitenote_note":"","_monsterinsights_sitenote_category":0,"footnotes":""},"categories":[82],"tags":[16068,1755,16070,2653,16069,165],"class_list":["post-94272","post","type-post","status-publish","format-standard","has-post-thumbnail","hentry","category-urbanismo","tag-ciudad-caminable","tag-espacios-publicos","tag-medio-ambiete","tag-onu-habitat","tag-salus","tag-sustentabilidad"],"yoast_head":"<!-- This site is optimized with the Yoast SEO plugin v27.4 - https:\/\/yoast.com\/product\/yoast-seo-wordpress\/ -->\n<title>C\u00f3mo construir una ciudad m\u00e1s caminable, sostenible y segura<\/title>\n<meta name=\"description\" content=\"De acuerdo con ONU-Habitat, para convertir a la ciudad en un espacio para caminar es necesario ofrecer mejores espacios p\u00fablicos para los habitantes\" \/>\n<meta name=\"robots\" content=\"index, follow, max-snippet:-1, max-image-preview:large, max-video-preview:-1\" \/>\n<link rel=\"canonical\" href=\"https:\/\/centrourbano.com\/revista\/urbanismo\/construir-ciudad-caminable\/\" \/>\n<meta property=\"og:locale\" content=\"es_ES\" \/>\n<meta property=\"og:type\" content=\"article\" \/>\n<meta property=\"og:title\" content=\"C\u00f3mo construir una ciudad m\u00e1s caminable, sostenible y segura\" \/>\n<meta property=\"og:description\" content=\"De acuerdo con ONU-Habitat, para convertir a la ciudad en un espacio para caminar es necesario ofrecer mejores espacios p\u00fablicos para los habitantes\" \/>\n<meta property=\"og:url\" content=\"https:\/\/centrourbano.com\/revista\/urbanismo\/construir-ciudad-caminable\/\" \/>\n<meta property=\"og:site_name\" content=\"Centro Urbano\" \/>\n<meta property=\"article:publisher\" content=\"https:\/\/www.facebook.com\/portalcentrourbano\" \/>\n<meta property=\"article:published_time\" content=\"2019-08-02T14:25:35+00:00\" \/>\n<meta property=\"og:image\" content=\"https:\/\/centrourbano.com\/revista\/wp-content\/uploads\/C\u00f3mo-construir-una-ciudad-m\u00e1s-caminable-sostenible-y-segura.jpg\" \/>\n\t<meta property=\"og:image:width\" content=\"765\" \/>\n\t<meta property=\"og:image:height\" content=\"430\" \/>\n\t<meta property=\"og:image:type\" content=\"image\/jpeg\" \/>\n<meta name=\"author\" content=\"Fernanda Hern\u00e1ndez\" \/>\n<meta name=\"twitter:card\" content=\"summary_large_image\" \/>\n<meta name=\"twitter:creator\" content=\"@https:\/\/twitter.com\/Nannz_Hernandez\" \/>\n<meta name=\"twitter:site\" content=\"@CentroUrbano\" \/>\n<meta name=\"twitter:label1\" content=\"Escrito por\" \/>\n\t<meta name=\"twitter:data1\" content=\"Fernanda Hern\u00e1ndez\" \/>\n\t<meta name=\"twitter:label2\" content=\"Tiempo de lectura\" \/>\n\t<meta name=\"twitter:data2\" content=\"3 minutos\" \/>\n<script type=\"application\/ld+json\" class=\"yoast-schema-graph\">{\"@context\":\"https:\\\/\\\/schema.org\",\"@graph\":[{\"@type\":\"Article\",\"@id\":\"https:\\\/\\\/centrourbano.com\\\/revista\\\/urbanismo\\\/construir-ciudad-caminable\\\/#article\",\"isPartOf\":{\"@id\":\"https:\\\/\\\/centrourbano.com\\\/revista\\\/urbanismo\\\/construir-ciudad-caminable\\\/\"},\"author\":{\"name\":\"Fernanda Hern\u00e1ndez\",\"@id\":\"https:\\\/\\\/centrourbano.com\\\/revista\\\/#\\\/schema\\\/person\\\/b190b20bbbceb41ec72278c546fa8df3\"},\"headline\":\"C\u00f3mo construir una ciudad m\u00e1s caminable, sostenible y segura\",\"datePublished\":\"2019-08-02T14:25:35+00:00\",\"mainEntityOfPage\":{\"@id\":\"https:\\\/\\\/centrourbano.com\\\/revista\\\/urbanismo\\\/construir-ciudad-caminable\\\/\"},\"wordCount\":531,\"commentCount\":0,\"publisher\":{\"@id\":\"https:\\\/\\\/centrourbano.com\\\/revista\\\/#organization\"},\"image\":{\"@id\":\"https:\\\/\\\/centrourbano.com\\\/revista\\\/urbanismo\\\/construir-ciudad-caminable\\\/#primaryimage\"},\"thumbnailUrl\":\"https:\\\/\\\/centrourbano.com\\\/revista\\\/wp-content\\\/uploads\\\/C\u00f3mo-construir-una-ciudad-m\u00e1s-caminable-sostenible-y-segura.jpg\",\"keywords\":[\"Ciudad caminable\",\"espacios p\u00fablicos\",\"medio ambiete\",\"ONU-Habitat\",\"Salus\",\"sustentabilidad\"],\"articleSection\":[\"Urbanismo\"],\"inLanguage\":\"es\",\"potentialAction\":[{\"@type\":\"CommentAction\",\"name\":\"Comment\",\"target\":[\"https:\\\/\\\/centrourbano.com\\\/revista\\\/urbanismo\\\/construir-ciudad-caminable\\\/#respond\"]}]},{\"@type\":\"WebPage\",\"@id\":\"https:\\\/\\\/centrourbano.com\\\/revista\\\/urbanismo\\\/construir-ciudad-caminable\\\/\",\"url\":\"https:\\\/\\\/centrourbano.com\\\/revista\\\/urbanismo\\\/construir-ciudad-caminable\\\/\",\"name\":\"C\u00f3mo construir una ciudad m\u00e1s caminable, sostenible y segura\",\"isPartOf\":{\"@id\":\"https:\\\/\\\/centrourbano.com\\\/revista\\\/#website\"},\"primaryImageOfPage\":{\"@id\":\"https:\\\/\\\/centrourbano.com\\\/revista\\\/urbanismo\\\/construir-ciudad-caminable\\\/#primaryimage\"},\"image\":{\"@id\":\"https:\\\/\\\/centrourbano.com\\\/revista\\\/urbanismo\\\/construir-ciudad-caminable\\\/#primaryimage\"},\"thumbnailUrl\":\"https:\\\/\\\/centrourbano.com\\\/revista\\\/wp-content\\\/uploads\\\/C\u00f3mo-construir-una-ciudad-m\u00e1s-caminable-sostenible-y-segura.jpg\",\"datePublished\":\"2019-08-02T14:25:35+00:00\",\"description\":\"De acuerdo con ONU-Habitat, para convertir a la ciudad en un espacio para caminar es necesario ofrecer mejores espacios p\u00fablicos para los habitantes\",\"breadcrumb\":{\"@id\":\"https:\\\/\\\/centrourbano.com\\\/revista\\\/urbanismo\\\/construir-ciudad-caminable\\\/#breadcrumb\"},\"inLanguage\":\"es\",\"potentialAction\":[{\"@type\":\"ReadAction\",\"target\":[\"https:\\\/\\\/centrourbano.com\\\/revista\\\/urbanismo\\\/construir-ciudad-caminable\\\/\"]}]},{\"@type\":\"ImageObject\",\"inLanguage\":\"es\",\"@id\":\"https:\\\/\\\/centrourbano.com\\\/revista\\\/urbanismo\\\/construir-ciudad-caminable\\\/#primaryimage\",\"url\":\"https:\\\/\\\/centrourbano.com\\\/revista\\\/wp-content\\\/uploads\\\/C\u00f3mo-construir-una-ciudad-m\u00e1s-caminable-sostenible-y-segura.jpg\",\"contentUrl\":\"https:\\\/\\\/centrourbano.com\\\/revista\\\/wp-content\\\/uploads\\\/C\u00f3mo-construir-una-ciudad-m\u00e1s-caminable-sostenible-y-segura.jpg\",\"width\":765,\"height\":430,\"caption\":\"De acuerdo con ONU-Habitat, para convertir a la ciudad en un espacio para caminar es necesario ofrecer mejores espacios p\u00fablicos para los habitantes\"},{\"@type\":\"BreadcrumbList\",\"@id\":\"https:\\\/\\\/centrourbano.com\\\/revista\\\/urbanismo\\\/construir-ciudad-caminable\\\/#breadcrumb\",\"itemListElement\":[{\"@type\":\"ListItem\",\"position\":1,\"name\":\"Portada\",\"item\":\"https:\\\/\\\/centrourbano.com\\\/revista\\\/\"},{\"@type\":\"ListItem\",\"position\":2,\"name\":\"C\u00f3mo construir una ciudad m\u00e1s caminable, sostenible y segura\"}]},{\"@type\":\"WebSite\",\"@id\":\"https:\\\/\\\/centrourbano.com\\\/revista\\\/#website\",\"url\":\"https:\\\/\\\/centrourbano.com\\\/revista\\\/\",\"name\":\"Centro Urbano\",\"description\":\"Medio especializado en los sectores vivienda, inmobiliario, construcci\u00f3n, arquitectura y urbanismo.\",\"publisher\":{\"@id\":\"https:\\\/\\\/centrourbano.com\\\/revista\\\/#organization\"},\"potentialAction\":[{\"@type\":\"SearchAction\",\"target\":{\"@type\":\"EntryPoint\",\"urlTemplate\":\"https:\\\/\\\/centrourbano.com\\\/revista\\\/?s={search_term_string}\"},\"query-input\":{\"@type\":\"PropertyValueSpecification\",\"valueRequired\":true,\"valueName\":\"search_term_string\"}}],\"inLanguage\":\"es\"},{\"@type\":\"Organization\",\"@id\":\"https:\\\/\\\/centrourbano.com\\\/revista\\\/#organization\",\"name\":\"Centro Urbano\",\"url\":\"https:\\\/\\\/centrourbano.com\\\/revista\\\/\",\"logo\":{\"@type\":\"ImageObject\",\"inLanguage\":\"es\",\"@id\":\"https:\\\/\\\/centrourbano.com\\\/revista\\\/#\\\/schema\\\/logo\\\/image\\\/\",\"url\":\"https:\\\/\\\/centrourbano.com\\\/revista\\\/wp-content\\\/uploads\\\/web_CU_logo-1.png\",\"contentUrl\":\"https:\\\/\\\/centrourbano.com\\\/revista\\\/wp-content\\\/uploads\\\/web_CU_logo-1.png\",\"width\":350,\"height\":91,\"caption\":\"Centro Urbano\"},\"image\":{\"@id\":\"https:\\\/\\\/centrourbano.com\\\/revista\\\/#\\\/schema\\\/logo\\\/image\\\/\"},\"sameAs\":[\"https:\\\/\\\/www.facebook.com\\\/portalcentrourbano\",\"https:\\\/\\\/x.com\\\/CentroUrbano\",\"https:\\\/\\\/www.instagram.com\\\/centro_urbano\\\/\",\"https:\\\/\\\/www.linkedin.com\\\/company\\\/centro-urbano\\\/\",\"http:\\\/\\\/www.youtube.com\\\/user\\\/portalcentrourbano\"]},{\"@type\":\"Person\",\"@id\":\"https:\\\/\\\/centrourbano.com\\\/revista\\\/#\\\/schema\\\/person\\\/b190b20bbbceb41ec72278c546fa8df3\",\"name\":\"Fernanda Hern\u00e1ndez\",\"image\":{\"@type\":\"ImageObject\",\"inLanguage\":\"es\",\"@id\":\"https:\\\/\\\/secure.gravatar.com\\\/avatar\\\/9471831fb0a24eae9d32d826a7cb8ef07c34a41520aca1a0ab1f5c0903ba49b9?s=96&d=mm&r=g\",\"url\":\"https:\\\/\\\/secure.gravatar.com\\\/avatar\\\/9471831fb0a24eae9d32d826a7cb8ef07c34a41520aca1a0ab1f5c0903ba49b9?s=96&d=mm&r=g\",\"contentUrl\":\"https:\\\/\\\/secure.gravatar.com\\\/avatar\\\/9471831fb0a24eae9d32d826a7cb8ef07c34a41520aca1a0ab1f5c0903ba49b9?s=96&d=mm&r=g\",\"caption\":\"Fernanda Hern\u00e1ndez\"},\"description\":\"Reportera y redactora en Centro Urbano. Soy egresada de la licenciatura en Ciencias de la Comunicaci\u00f3n de la Facultad de Ciencias Pol\u00edticas y Sociales (UNAM). Me interesa la cultura, el urbanismo y la arquitectura. Amante del mundo digital, el cine, la m\u00fasica, la lectura y la escritura.\",\"sameAs\":[\"https:\\\/\\\/x.com\\\/https:\\\/\\\/twitter.com\\\/Nannz_Hernandez\"],\"url\":\"https:\\\/\\\/centrourbano.com\\\/revista\\\/author\\\/fernanda-hernandez\\\/\"}]}<\/script>\n<!-- \/ Yoast SEO plugin. -->","yoast_head_json":{"title":"C\u00f3mo construir una ciudad m\u00e1s caminable, sostenible y segura","description":"De acuerdo con ONU-Habitat, para convertir a la ciudad en un espacio para caminar es necesario ofrecer mejores espacios p\u00fablicos para los habitantes","robots":{"index":"index","follow":"follow","max-snippet":"max-snippet:-1","max-image-preview":"max-image-preview:large","max-video-preview":"max-video-preview:-1"},"canonical":"https:\/\/centrourbano.com\/revista\/urbanismo\/construir-ciudad-caminable\/","og_locale":"es_ES","og_type":"article","og_title":"C\u00f3mo construir una ciudad m\u00e1s caminable, sostenible y segura","og_description":"De acuerdo con ONU-Habitat, para convertir a la ciudad en un espacio para caminar es necesario ofrecer mejores espacios p\u00fablicos para los habitantes","og_url":"https:\/\/centrourbano.com\/revista\/urbanismo\/construir-ciudad-caminable\/","og_site_name":"Centro Urbano","article_publisher":"https:\/\/www.facebook.com\/portalcentrourbano","article_published_time":"2019-08-02T14:25:35+00:00","og_image":[{"width":765,"height":430,"url":"https:\/\/centrourbano.com\/revista\/wp-content\/uploads\/C\u00f3mo-construir-una-ciudad-m\u00e1s-caminable-sostenible-y-segura.jpg","type":"image\/jpeg"}],"author":"Fernanda Hern\u00e1ndez","twitter_card":"summary_large_image","twitter_creator":"@https:\/\/twitter.com\/Nannz_Hernandez","twitter_site":"@CentroUrbano","twitter_misc":{"Escrito por":"Fernanda Hern\u00e1ndez","Tiempo de lectura":"3 minutos"},"schema":{"@context":"https:\/\/schema.org","@graph":[{"@type":"Article","@id":"https:\/\/centrourbano.com\/revista\/urbanismo\/construir-ciudad-caminable\/#article","isPartOf":{"@id":"https:\/\/centrourbano.com\/revista\/urbanismo\/construir-ciudad-caminable\/"},"author":{"name":"Fernanda Hern\u00e1ndez","@id":"https:\/\/centrourbano.com\/revista\/#\/schema\/person\/b190b20bbbceb41ec72278c546fa8df3"},"headline":"C\u00f3mo construir una ciudad m\u00e1s caminable, sostenible y segura","datePublished":"2019-08-02T14:25:35+00:00","mainEntityOfPage":{"@id":"https:\/\/centrourbano.com\/revista\/urbanismo\/construir-ciudad-caminable\/"},"wordCount":531,"commentCount":0,"publisher":{"@id":"https:\/\/centrourbano.com\/revista\/#organization"},"image":{"@id":"https:\/\/centrourbano.com\/revista\/urbanismo\/construir-ciudad-caminable\/#primaryimage"},"thumbnailUrl":"https:\/\/centrourbano.com\/revista\/wp-content\/uploads\/C\u00f3mo-construir-una-ciudad-m\u00e1s-caminable-sostenible-y-segura.jpg","keywords":["Ciudad caminable","espacios p\u00fablicos","medio ambiete","ONU-Habitat","Salus","sustentabilidad"],"articleSection":["Urbanismo"],"inLanguage":"es","potentialAction":[{"@type":"CommentAction","name":"Comment","target":["https:\/\/centrourbano.com\/revista\/urbanismo\/construir-ciudad-caminable\/#respond"]}]},{"@type":"WebPage","@id":"https:\/\/centrourbano.com\/revista\/urbanismo\/construir-ciudad-caminable\/","url":"https:\/\/centrourbano.com\/revista\/urbanismo\/construir-ciudad-caminable\/","name":"C\u00f3mo construir una ciudad m\u00e1s caminable, sostenible y segura","isPartOf":{"@id":"https:\/\/centrourbano.com\/revista\/#website"},"primaryImageOfPage":{"@id":"https:\/\/centrourbano.com\/revista\/urbanismo\/construir-ciudad-caminable\/#primaryimage"},"image":{"@id":"https:\/\/centrourbano.com\/revista\/urbanismo\/construir-ciudad-caminable\/#primaryimage"},"thumbnailUrl":"https:\/\/centrourbano.com\/revista\/wp-content\/uploads\/C\u00f3mo-construir-una-ciudad-m\u00e1s-caminable-sostenible-y-segura.jpg","datePublished":"2019-08-02T14:25:35+00:00","description":"De acuerdo con ONU-Habitat, para convertir a la ciudad en un espacio para caminar es necesario ofrecer mejores espacios p\u00fablicos para los habitantes","breadcrumb":{"@id":"https:\/\/centrourbano.com\/revista\/urbanismo\/construir-ciudad-caminable\/#breadcrumb"},"inLanguage":"es","potentialAction":[{"@type":"ReadAction","target":["https:\/\/centrourbano.com\/revista\/urbanismo\/construir-ciudad-caminable\/"]}]},{"@type":"ImageObject","inLanguage":"es","@id":"https:\/\/centrourbano.com\/revista\/urbanismo\/construir-ciudad-caminable\/#primaryimage","url":"https:\/\/centrourbano.com\/revista\/wp-content\/uploads\/C\u00f3mo-construir-una-ciudad-m\u00e1s-caminable-sostenible-y-segura.jpg","contentUrl":"https:\/\/centrourbano.com\/revista\/wp-content\/uploads\/C\u00f3mo-construir-una-ciudad-m\u00e1s-caminable-sostenible-y-segura.jpg","width":765,"height":430,"caption":"De acuerdo con ONU-Habitat, para convertir a la ciudad en un espacio para caminar es necesario ofrecer mejores espacios p\u00fablicos para los habitantes"},{"@type":"BreadcrumbList","@id":"https:\/\/centrourbano.com\/revista\/urbanismo\/construir-ciudad-caminable\/#breadcrumb","itemListElement":[{"@type":"ListItem","position":1,"name":"Portada","item":"https:\/\/centrourbano.com\/revista\/"},{"@type":"ListItem","position":2,"name":"C\u00f3mo construir una ciudad m\u00e1s caminable, sostenible y segura"}]},{"@type":"WebSite","@id":"https:\/\/centrourbano.com\/revista\/#website","url":"https:\/\/centrourbano.com\/revista\/","name":"Centro Urbano","description":"Medio especializado en los sectores vivienda, inmobiliario, construcci\u00f3n, arquitectura y urbanismo.","publisher":{"@id":"https:\/\/centrourbano.com\/revista\/#organization"},"potentialAction":[{"@type":"SearchAction","target":{"@type":"EntryPoint","urlTemplate":"https:\/\/centrourbano.com\/revista\/?s={search_term_string}"},"query-input":{"@type":"PropertyValueSpecification","valueRequired":true,"valueName":"search_term_string"}}],"inLanguage":"es"},{"@type":"Organization","@id":"https:\/\/centrourbano.com\/revista\/#organization","name":"Centro Urbano","url":"https:\/\/centrourbano.com\/revista\/","logo":{"@type":"ImageObject","inLanguage":"es","@id":"https:\/\/centrourbano.com\/revista\/#\/schema\/logo\/image\/","url":"https:\/\/centrourbano.com\/revista\/wp-content\/uploads\/web_CU_logo-1.png","contentUrl":"https:\/\/centrourbano.com\/revista\/wp-content\/uploads\/web_CU_logo-1.png","width":350,"height":91,"caption":"Centro Urbano"},"image":{"@id":"https:\/\/centrourbano.com\/revista\/#\/schema\/logo\/image\/"},"sameAs":["https:\/\/www.facebook.com\/portalcentrourbano","https:\/\/x.com\/CentroUrbano","https:\/\/www.instagram.com\/centro_urbano\/","https:\/\/www.linkedin.com\/company\/centro-urbano\/","http:\/\/www.youtube.com\/user\/portalcentrourbano"]},{"@type":"Person","@id":"https:\/\/centrourbano.com\/revista\/#\/schema\/person\/b190b20bbbceb41ec72278c546fa8df3","name":"Fernanda Hern\u00e1ndez","image":{"@type":"ImageObject","inLanguage":"es","@id":"https:\/\/secure.gravatar.com\/avatar\/9471831fb0a24eae9d32d826a7cb8ef07c34a41520aca1a0ab1f5c0903ba49b9?s=96&d=mm&r=g","url":"https:\/\/secure.gravatar.com\/avatar\/9471831fb0a24eae9d32d826a7cb8ef07c34a41520aca1a0ab1f5c0903ba49b9?s=96&d=mm&r=g","contentUrl":"https:\/\/secure.gravatar.com\/avatar\/9471831fb0a24eae9d32d826a7cb8ef07c34a41520aca1a0ab1f5c0903ba49b9?s=96&d=mm&r=g","caption":"Fernanda Hern\u00e1ndez"},"description":"Reportera y redactora en Centro Urbano. Soy egresada de la licenciatura en Ciencias de la Comunicaci\u00f3n de la Facultad de Ciencias Pol\u00edticas y Sociales (UNAM). Me interesa la cultura, el urbanismo y la arquitectura. Amante del mundo digital, el cine, la m\u00fasica, la lectura y la escritura.","sameAs":["https:\/\/x.com\/https:\/\/twitter.com\/Nannz_Hernandez"],"url":"https:\/\/centrourbano.com\/revista\/author\/fernanda-hernandez\/"}]}},"_links":{"self":[{"href":"https:\/\/centrourbano.com\/revista\/wp-json\/wp\/v2\/posts\/94272","targetHints":{"allow":["GET"]}}],"collection":[{"href":"https:\/\/centrourbano.com\/revista\/wp-json\/wp\/v2\/posts"}],"about":[{"href":"https:\/\/centrourbano.com\/revista\/wp-json\/wp\/v2\/types\/post"}],"author":[{"embeddable":true,"href":"https:\/\/centrourbano.com\/revista\/wp-json\/wp\/v2\/users\/73"}],"replies":[{"embeddable":true,"href":"https:\/\/centrourbano.com\/revista\/wp-json\/wp\/v2\/comments?post=94272"}],"version-history":[{"count":1,"href":"https:\/\/centrourbano.com\/revista\/wp-json\/wp\/v2\/posts\/94272\/revisions"}],"predecessor-version":[{"id":94279,"href":"https:\/\/centrourbano.com\/revista\/wp-json\/wp\/v2\/posts\/94272\/revisions\/94279"}],"wp:featuredmedia":[{"embeddable":true,"href":"https:\/\/centrourbano.com\/revista\/wp-json\/wp\/v2\/media\/94273"}],"wp:attachment":[{"href":"https:\/\/centrourbano.com\/revista\/wp-json\/wp\/v2\/media?parent=94272"}],"wp:term":[{"taxonomy":"category","embeddable":true,"href":"https:\/\/centrourbano.com\/revista\/wp-json\/wp\/v2\/categories?post=94272"},{"taxonomy":"post_tag","embeddable":true,"href":"https:\/\/centrourbano.com\/revista\/wp-json\/wp\/v2\/tags?post=94272"}],"curies":[{"name":"wp","href":"https:\/\/api.w.org\/{rel}","templated":true}]}}