{"id":94259,"date":"2019-08-01T13:21:12","date_gmt":"2019-08-01T18:21:12","guid":{"rendered":"https:\/\/centrourbano.com\/?p=94259"},"modified":"2019-08-01T13:27:27","modified_gmt":"2019-08-01T18:27:27","slug":"colocacion-infonavit-vivienda-usada","status":"publish","type":"post","link":"https:\/\/centrourbano.com\/revista\/vivienda\/colocacion-infonavit-vivienda-usada\/","title":{"rendered":"47% de la colocaci\u00f3n Infonavit se concentra en vivienda usada"},"content":{"rendered":"<p><em>M\u00e1s de 53,000 cr\u00e9ditos tradicionales han sido para la adquisici\u00f3n de casas de este segmento <\/em><!--more--><\/p>\n<p>La preferencia por parte de los derechohabientes del <strong>Infonavit<\/strong> por la vivienda <strong>usada<\/strong> crece. Y es que, con cifras al cierre de junio, de los 113,001 <strong>cr\u00e9ditos tradicionales<\/strong> que otorg\u00f3 el organismo, 47% se destin\u00f3 para la compra de vivienda usada.<\/p>\n<p>De acuerdo con los datos del <strong>Sistema Nacional de Informaci\u00f3n e Indicadores de Vivienda<\/strong> (SNIIV), este porcentaje representa que 53,832 financiamientos se destinaron para que las familias puedan comprar una vivienda usada.<\/p>\n<p>Seg\u00fan la informaci\u00f3n, la preferencia por vivienda usada ha mantenido una tendencia alta en los \u00faltimos a\u00f1os. Tan s\u00f3lo entre enero y junio de 2018, el n\u00famero de cr\u00e9ditos tradicionales que se otorgaron para la compra de vivienda usada represent\u00f3 52%, es decir, 56,989 de los 108,651 otorgados en el periodo.<\/p>\n<p>&nbsp;<\/p>\n<a href=\"https:\/\/centrourbano.com\/revista\/wp-content\/uploads\/Cr\u00e9dito_Infonavit_Tradicional_adquisici\u00f3n_1.jpg\" target=\"_blank\" rel=\"noopener noreferrer\"><img loading=\"lazy\" decoding=\"async\" class=\"aligncenter wp-image-94262\" src=\"https:\/\/centrourbano.com\/revista\/wp-content\/uploads\/Cr\u00e9dito_Infonavit_Tradicional_adquisici\u00f3n_1.jpg\" alt=\"\" width=\"600\" height=\"97\" srcset=\"https:\/\/centrourbano.com\/revista\/wp-content\/uploads\/Cr\u00e9dito_Infonavit_Tradicional_adquisici\u00f3n_1.jpg 628w, https:\/\/centrourbano.com\/revista\/wp-content\/uploads\/Cr\u00e9dito_Infonavit_Tradicional_adquisici\u00f3n_1-300x49.jpg 300w\" sizes=\"auto, (max-width: 600px) 100vw, 600px\" \/><\/a>\n<p>Si se contempla los esquemas en los que otorga financiamiento en conjunto con la banca, as\u00ed como el producto de segundo cr\u00e9dito, de los 150,044 cr\u00e9ditos para adquisici\u00f3n que se colocaron entre enero y junio de 2019, <strong>44% fue para vivienda usada<\/strong>, lo que representa que 65,596 financiamientos se destinaron para que las familias puedan comprar una vivienda usada.<\/p>\n<p>En este rubro, y en\u00a0 comparaci\u00f3n con 2018, la preferencia por vivienda usada creci\u00f3 4% por ciento, pues entre enero y junio del a\u00f1o anterior, de los 166,569 cr\u00e9ditos colocados para adquisici\u00f3n en los diversos esquemas, 40% fue para vivienda usada.<\/p>\n","protected":false},"excerpt":{"rendered":"<p>M\u00e1s de 53,000 cr\u00e9ditos tradicionales han sido para la adquisici\u00f3n de casas de este segmento<\/p>\n","protected":false},"author":47,"featured_media":94261,"comment_status":"open","ping_status":"closed","sticky":false,"template":"","format":"standard","meta":{"om_disable_all_campaigns":false,"inline_featured_image":false,"_monsterinsights_skip_tracking":false,"_monsterinsights_sitenote_active":false,"_monsterinsights_sitenote_note":"","_monsterinsights_sitenote_category":0,"footnotes":""},"categories":[12],"tags":[347,173,100,16067,288],"class_list":["post-94259","post","type-post","status-publish","format-standard","has-post-thumbnail","hentry","category-vivienda","tag-colocacion","tag-credito","tag-infonavit","tag-junio-2019","tag-vivienda-usada"],"yoast_head":"<!-- This site is optimized with the Yoast SEO plugin v27.4 - https:\/\/yoast.com\/product\/yoast-seo-wordpress\/ -->\n<title>47% de la colocaci\u00f3n Infonavit se concentra en vivienda usada<\/title>\n<meta name=\"description\" content=\"La preferencia por parte de los derechohabientes del Infonavit por la vivienda usada crece. Y es que, con cifras al cierre de junio, de los...\" \/>\n<meta name=\"robots\" content=\"index, follow, max-snippet:-1, max-image-preview:large, max-video-preview:-1\" \/>\n<link rel=\"canonical\" href=\"https:\/\/centrourbano.com\/revista\/vivienda\/colocacion-infonavit-vivienda-usada\/\" \/>\n<meta property=\"og:locale\" content=\"es_ES\" \/>\n<meta property=\"og:type\" content=\"article\" \/>\n<meta property=\"og:title\" content=\"47% de la colocaci\u00f3n Infonavit se concentra en vivienda usada\" \/>\n<meta property=\"og:description\" content=\"La preferencia por parte de los derechohabientes del Infonavit por la vivienda usada crece. Y es que, con cifras al cierre de junio, de los...\" \/>\n<meta property=\"og:url\" content=\"https:\/\/centrourbano.com\/revista\/vivienda\/colocacion-infonavit-vivienda-usada\/\" \/>\n<meta property=\"og:site_name\" content=\"Centro Urbano\" \/>\n<meta property=\"article:publisher\" content=\"https:\/\/www.facebook.com\/portalcentrourbano\" \/>\n<meta property=\"article:published_time\" content=\"2019-08-01T18:21:12+00:00\" \/>\n<meta property=\"article:modified_time\" content=\"2019-08-01T18:27:27+00:00\" \/>\n<meta property=\"og:image\" content=\"https:\/\/centrourbano.com\/revista\/wp-content\/uploads\/vivienda_Cr\u00e9dito_1.jpeg\" \/>\n\t<meta property=\"og:image:width\" content=\"800\" \/>\n\t<meta property=\"og:image:height\" content=\"468\" \/>\n\t<meta property=\"og:image:type\" content=\"image\/jpeg\" \/>\n<meta name=\"author\" content=\"Edgar Rosas\" \/>\n<meta name=\"twitter:card\" content=\"summary_large_image\" \/>\n<meta name=\"twitter:creator\" content=\"@https:\/\/twitter.com\/ERosasCU?s=09\" \/>\n<meta name=\"twitter:site\" content=\"@CentroUrbano\" \/>\n<meta name=\"twitter:label1\" content=\"Escrito por\" \/>\n\t<meta name=\"twitter:data1\" content=\"Edgar Rosas\" \/>\n\t<meta name=\"twitter:label2\" content=\"Tiempo de lectura\" \/>\n\t<meta name=\"twitter:data2\" content=\"1 minuto\" \/>\n<script type=\"application\/ld+json\" class=\"yoast-schema-graph\">{\"@context\":\"https:\\\/\\\/schema.org\",\"@graph\":[{\"@type\":\"Article\",\"@id\":\"https:\\\/\\\/centrourbano.com\\\/revista\\\/vivienda\\\/colocacion-infonavit-vivienda-usada\\\/#article\",\"isPartOf\":{\"@id\":\"https:\\\/\\\/centrourbano.com\\\/revista\\\/vivienda\\\/colocacion-infonavit-vivienda-usada\\\/\"},\"author\":{\"name\":\"Edgar Rosas\",\"@id\":\"https:\\\/\\\/centrourbano.com\\\/revista\\\/#\\\/schema\\\/person\\\/ff3c00651ce5b1630479d2cd0c2e3ac0\"},\"headline\":\"47% de la colocaci\u00f3n Infonavit se concentra en vivienda usada\",\"datePublished\":\"2019-08-01T18:21:12+00:00\",\"dateModified\":\"2019-08-01T18:27:27+00:00\",\"mainEntityOfPage\":{\"@id\":\"https:\\\/\\\/centrourbano.com\\\/revista\\\/vivienda\\\/colocacion-infonavit-vivienda-usada\\\/\"},\"wordCount\":252,\"commentCount\":0,\"publisher\":{\"@id\":\"https:\\\/\\\/centrourbano.com\\\/revista\\\/#organization\"},\"image\":{\"@id\":\"https:\\\/\\\/centrourbano.com\\\/revista\\\/vivienda\\\/colocacion-infonavit-vivienda-usada\\\/#primaryimage\"},\"thumbnailUrl\":\"https:\\\/\\\/centrourbano.com\\\/revista\\\/wp-content\\\/uploads\\\/vivienda_Cr\u00e9dito_1.jpeg\",\"keywords\":[\"colocaci\u00f3n\",\"cr\u00e9dito\",\"Infonavit\",\"junio 2019\",\"Vivienda usada\"],\"articleSection\":[\"Vivienda\"],\"inLanguage\":\"es\",\"potentialAction\":[{\"@type\":\"CommentAction\",\"name\":\"Comment\",\"target\":[\"https:\\\/\\\/centrourbano.com\\\/revista\\\/vivienda\\\/colocacion-infonavit-vivienda-usada\\\/#respond\"]}]},{\"@type\":\"WebPage\",\"@id\":\"https:\\\/\\\/centrourbano.com\\\/revista\\\/vivienda\\\/colocacion-infonavit-vivienda-usada\\\/\",\"url\":\"https:\\\/\\\/centrourbano.com\\\/revista\\\/vivienda\\\/colocacion-infonavit-vivienda-usada\\\/\",\"name\":\"47% de la colocaci\u00f3n Infonavit se concentra en vivienda usada\",\"isPartOf\":{\"@id\":\"https:\\\/\\\/centrourbano.com\\\/revista\\\/#website\"},\"primaryImageOfPage\":{\"@id\":\"https:\\\/\\\/centrourbano.com\\\/revista\\\/vivienda\\\/colocacion-infonavit-vivienda-usada\\\/#primaryimage\"},\"image\":{\"@id\":\"https:\\\/\\\/centrourbano.com\\\/revista\\\/vivienda\\\/colocacion-infonavit-vivienda-usada\\\/#primaryimage\"},\"thumbnailUrl\":\"https:\\\/\\\/centrourbano.com\\\/revista\\\/wp-content\\\/uploads\\\/vivienda_Cr\u00e9dito_1.jpeg\",\"datePublished\":\"2019-08-01T18:21:12+00:00\",\"dateModified\":\"2019-08-01T18:27:27+00:00\",\"description\":\"La preferencia por parte de los derechohabientes del Infonavit por la vivienda usada crece. Y es que, con cifras al cierre de junio, de los...\",\"breadcrumb\":{\"@id\":\"https:\\\/\\\/centrourbano.com\\\/revista\\\/vivienda\\\/colocacion-infonavit-vivienda-usada\\\/#breadcrumb\"},\"inLanguage\":\"es\",\"potentialAction\":[{\"@type\":\"ReadAction\",\"target\":[\"https:\\\/\\\/centrourbano.com\\\/revista\\\/vivienda\\\/colocacion-infonavit-vivienda-usada\\\/\"]}]},{\"@type\":\"ImageObject\",\"inLanguage\":\"es\",\"@id\":\"https:\\\/\\\/centrourbano.com\\\/revista\\\/vivienda\\\/colocacion-infonavit-vivienda-usada\\\/#primaryimage\",\"url\":\"https:\\\/\\\/centrourbano.com\\\/revista\\\/wp-content\\\/uploads\\\/vivienda_Cr\u00e9dito_1.jpeg\",\"contentUrl\":\"https:\\\/\\\/centrourbano.com\\\/revista\\\/wp-content\\\/uploads\\\/vivienda_Cr\u00e9dito_1.jpeg\",\"width\":800,\"height\":468,\"caption\":\"M\u00e1s de 53,000 cr\u00e9ditos tradicionales han sido para la adquisici\u00f3n de casas de este segmento\"},{\"@type\":\"BreadcrumbList\",\"@id\":\"https:\\\/\\\/centrourbano.com\\\/revista\\\/vivienda\\\/colocacion-infonavit-vivienda-usada\\\/#breadcrumb\",\"itemListElement\":[{\"@type\":\"ListItem\",\"position\":1,\"name\":\"Portada\",\"item\":\"https:\\\/\\\/centrourbano.com\\\/revista\\\/\"},{\"@type\":\"ListItem\",\"position\":2,\"name\":\"47% de la colocaci\u00f3n Infonavit se concentra en vivienda usada\"}]},{\"@type\":\"WebSite\",\"@id\":\"https:\\\/\\\/centrourbano.com\\\/revista\\\/#website\",\"url\":\"https:\\\/\\\/centrourbano.com\\\/revista\\\/\",\"name\":\"Centro Urbano\",\"description\":\"Medio especializado en los sectores vivienda, inmobiliario, construcci\u00f3n, arquitectura y urbanismo.\",\"publisher\":{\"@id\":\"https:\\\/\\\/centrourbano.com\\\/revista\\\/#organization\"},\"potentialAction\":[{\"@type\":\"SearchAction\",\"target\":{\"@type\":\"EntryPoint\",\"urlTemplate\":\"https:\\\/\\\/centrourbano.com\\\/revista\\\/?s={search_term_string}\"},\"query-input\":{\"@type\":\"PropertyValueSpecification\",\"valueRequired\":true,\"valueName\":\"search_term_string\"}}],\"inLanguage\":\"es\"},{\"@type\":\"Organization\",\"@id\":\"https:\\\/\\\/centrourbano.com\\\/revista\\\/#organization\",\"name\":\"Centro Urbano\",\"url\":\"https:\\\/\\\/centrourbano.com\\\/revista\\\/\",\"logo\":{\"@type\":\"ImageObject\",\"inLanguage\":\"es\",\"@id\":\"https:\\\/\\\/centrourbano.com\\\/revista\\\/#\\\/schema\\\/logo\\\/image\\\/\",\"url\":\"https:\\\/\\\/centrourbano.com\\\/revista\\\/wp-content\\\/uploads\\\/web_CU_logo-1.png\",\"contentUrl\":\"https:\\\/\\\/centrourbano.com\\\/revista\\\/wp-content\\\/uploads\\\/web_CU_logo-1.png\",\"width\":350,\"height\":91,\"caption\":\"Centro Urbano\"},\"image\":{\"@id\":\"https:\\\/\\\/centrourbano.com\\\/revista\\\/#\\\/schema\\\/logo\\\/image\\\/\"},\"sameAs\":[\"https:\\\/\\\/www.facebook.com\\\/portalcentrourbano\",\"https:\\\/\\\/x.com\\\/CentroUrbano\",\"https:\\\/\\\/www.instagram.com\\\/centro_urbano\\\/\",\"https:\\\/\\\/www.linkedin.com\\\/company\\\/centro-urbano\\\/\",\"http:\\\/\\\/www.youtube.com\\\/user\\\/portalcentrourbano\"]},{\"@type\":\"Person\",\"@id\":\"https:\\\/\\\/centrourbano.com\\\/revista\\\/#\\\/schema\\\/person\\\/ff3c00651ce5b1630479d2cd0c2e3ac0\",\"name\":\"Edgar Rosas\",\"image\":{\"@type\":\"ImageObject\",\"inLanguage\":\"es\",\"@id\":\"https:\\\/\\\/secure.gravatar.com\\\/avatar\\\/94440c4283495211faa5300bf85e80061036b83fced868c3783aa1310b350d9c?s=96&d=mm&r=g\",\"url\":\"https:\\\/\\\/secure.gravatar.com\\\/avatar\\\/94440c4283495211faa5300bf85e80061036b83fced868c3783aa1310b350d9c?s=96&d=mm&r=g\",\"contentUrl\":\"https:\\\/\\\/secure.gravatar.com\\\/avatar\\\/94440c4283495211faa5300bf85e80061036b83fced868c3783aa1310b350d9c?s=96&d=mm&r=g\",\"caption\":\"Edgar Rosas\"},\"description\":\"Editor en Jefe de Centro Urbano. Egresado de la maestr\u00eda en Periodismo Pol\u00edtico de la Escuela de Periodismo Carlos Septi\u00e9n Garc\u00eda (EPCSG). Estudi\u00f3 la licenciatura en Comunicaci\u00f3n en la Universidad Mexicana. Amante de la cr\u00f3nica y el reportaje. Admirador de Vicente Le\u00f1ero y Miguel \u00c1ngel Granados Chapa.\",\"sameAs\":[\"https:\\\/\\\/x.com\\\/https:\\\/\\\/twitter.com\\\/ERosasCU?s=09\"],\"url\":\"https:\\\/\\\/centrourbano.com\\\/revista\\\/author\\\/edgar-rosas\\\/\"}]}<\/script>\n<!-- \/ Yoast SEO plugin. -->","yoast_head_json":{"title":"47% de la colocaci\u00f3n Infonavit se concentra en vivienda usada","description":"La preferencia por parte de los derechohabientes del Infonavit por la vivienda usada crece. Y es que, con cifras al cierre de junio, de los...","robots":{"index":"index","follow":"follow","max-snippet":"max-snippet:-1","max-image-preview":"max-image-preview:large","max-video-preview":"max-video-preview:-1"},"canonical":"https:\/\/centrourbano.com\/revista\/vivienda\/colocacion-infonavit-vivienda-usada\/","og_locale":"es_ES","og_type":"article","og_title":"47% de la colocaci\u00f3n Infonavit se concentra en vivienda usada","og_description":"La preferencia por parte de los derechohabientes del Infonavit por la vivienda usada crece. Y es que, con cifras al cierre de junio, de los...","og_url":"https:\/\/centrourbano.com\/revista\/vivienda\/colocacion-infonavit-vivienda-usada\/","og_site_name":"Centro Urbano","article_publisher":"https:\/\/www.facebook.com\/portalcentrourbano","article_published_time":"2019-08-01T18:21:12+00:00","article_modified_time":"2019-08-01T18:27:27+00:00","og_image":[{"width":800,"height":468,"url":"https:\/\/centrourbano.com\/revista\/wp-content\/uploads\/vivienda_Cr\u00e9dito_1.jpeg","type":"image\/jpeg"}],"author":"Edgar Rosas","twitter_card":"summary_large_image","twitter_creator":"@https:\/\/twitter.com\/ERosasCU?s=09","twitter_site":"@CentroUrbano","twitter_misc":{"Escrito por":"Edgar Rosas","Tiempo de lectura":"1 minuto"},"schema":{"@context":"https:\/\/schema.org","@graph":[{"@type":"Article","@id":"https:\/\/centrourbano.com\/revista\/vivienda\/colocacion-infonavit-vivienda-usada\/#article","isPartOf":{"@id":"https:\/\/centrourbano.com\/revista\/vivienda\/colocacion-infonavit-vivienda-usada\/"},"author":{"name":"Edgar Rosas","@id":"https:\/\/centrourbano.com\/revista\/#\/schema\/person\/ff3c00651ce5b1630479d2cd0c2e3ac0"},"headline":"47% de la colocaci\u00f3n Infonavit se concentra en vivienda usada","datePublished":"2019-08-01T18:21:12+00:00","dateModified":"2019-08-01T18:27:27+00:00","mainEntityOfPage":{"@id":"https:\/\/centrourbano.com\/revista\/vivienda\/colocacion-infonavit-vivienda-usada\/"},"wordCount":252,"commentCount":0,"publisher":{"@id":"https:\/\/centrourbano.com\/revista\/#organization"},"image":{"@id":"https:\/\/centrourbano.com\/revista\/vivienda\/colocacion-infonavit-vivienda-usada\/#primaryimage"},"thumbnailUrl":"https:\/\/centrourbano.com\/revista\/wp-content\/uploads\/vivienda_Cr\u00e9dito_1.jpeg","keywords":["colocaci\u00f3n","cr\u00e9dito","Infonavit","junio 2019","Vivienda usada"],"articleSection":["Vivienda"],"inLanguage":"es","potentialAction":[{"@type":"CommentAction","name":"Comment","target":["https:\/\/centrourbano.com\/revista\/vivienda\/colocacion-infonavit-vivienda-usada\/#respond"]}]},{"@type":"WebPage","@id":"https:\/\/centrourbano.com\/revista\/vivienda\/colocacion-infonavit-vivienda-usada\/","url":"https:\/\/centrourbano.com\/revista\/vivienda\/colocacion-infonavit-vivienda-usada\/","name":"47% de la colocaci\u00f3n Infonavit se concentra en vivienda usada","isPartOf":{"@id":"https:\/\/centrourbano.com\/revista\/#website"},"primaryImageOfPage":{"@id":"https:\/\/centrourbano.com\/revista\/vivienda\/colocacion-infonavit-vivienda-usada\/#primaryimage"},"image":{"@id":"https:\/\/centrourbano.com\/revista\/vivienda\/colocacion-infonavit-vivienda-usada\/#primaryimage"},"thumbnailUrl":"https:\/\/centrourbano.com\/revista\/wp-content\/uploads\/vivienda_Cr\u00e9dito_1.jpeg","datePublished":"2019-08-01T18:21:12+00:00","dateModified":"2019-08-01T18:27:27+00:00","description":"La preferencia por parte de los derechohabientes del Infonavit por la vivienda usada crece. Y es que, con cifras al cierre de junio, de los...","breadcrumb":{"@id":"https:\/\/centrourbano.com\/revista\/vivienda\/colocacion-infonavit-vivienda-usada\/#breadcrumb"},"inLanguage":"es","potentialAction":[{"@type":"ReadAction","target":["https:\/\/centrourbano.com\/revista\/vivienda\/colocacion-infonavit-vivienda-usada\/"]}]},{"@type":"ImageObject","inLanguage":"es","@id":"https:\/\/centrourbano.com\/revista\/vivienda\/colocacion-infonavit-vivienda-usada\/#primaryimage","url":"https:\/\/centrourbano.com\/revista\/wp-content\/uploads\/vivienda_Cr\u00e9dito_1.jpeg","contentUrl":"https:\/\/centrourbano.com\/revista\/wp-content\/uploads\/vivienda_Cr\u00e9dito_1.jpeg","width":800,"height":468,"caption":"M\u00e1s de 53,000 cr\u00e9ditos tradicionales han sido para la adquisici\u00f3n de casas de este segmento"},{"@type":"BreadcrumbList","@id":"https:\/\/centrourbano.com\/revista\/vivienda\/colocacion-infonavit-vivienda-usada\/#breadcrumb","itemListElement":[{"@type":"ListItem","position":1,"name":"Portada","item":"https:\/\/centrourbano.com\/revista\/"},{"@type":"ListItem","position":2,"name":"47% de la colocaci\u00f3n Infonavit se concentra en vivienda usada"}]},{"@type":"WebSite","@id":"https:\/\/centrourbano.com\/revista\/#website","url":"https:\/\/centrourbano.com\/revista\/","name":"Centro Urbano","description":"Medio especializado en los sectores vivienda, inmobiliario, construcci\u00f3n, arquitectura y urbanismo.","publisher":{"@id":"https:\/\/centrourbano.com\/revista\/#organization"},"potentialAction":[{"@type":"SearchAction","target":{"@type":"EntryPoint","urlTemplate":"https:\/\/centrourbano.com\/revista\/?s={search_term_string}"},"query-input":{"@type":"PropertyValueSpecification","valueRequired":true,"valueName":"search_term_string"}}],"inLanguage":"es"},{"@type":"Organization","@id":"https:\/\/centrourbano.com\/revista\/#organization","name":"Centro Urbano","url":"https:\/\/centrourbano.com\/revista\/","logo":{"@type":"ImageObject","inLanguage":"es","@id":"https:\/\/centrourbano.com\/revista\/#\/schema\/logo\/image\/","url":"https:\/\/centrourbano.com\/revista\/wp-content\/uploads\/web_CU_logo-1.png","contentUrl":"https:\/\/centrourbano.com\/revista\/wp-content\/uploads\/web_CU_logo-1.png","width":350,"height":91,"caption":"Centro Urbano"},"image":{"@id":"https:\/\/centrourbano.com\/revista\/#\/schema\/logo\/image\/"},"sameAs":["https:\/\/www.facebook.com\/portalcentrourbano","https:\/\/x.com\/CentroUrbano","https:\/\/www.instagram.com\/centro_urbano\/","https:\/\/www.linkedin.com\/company\/centro-urbano\/","http:\/\/www.youtube.com\/user\/portalcentrourbano"]},{"@type":"Person","@id":"https:\/\/centrourbano.com\/revista\/#\/schema\/person\/ff3c00651ce5b1630479d2cd0c2e3ac0","name":"Edgar Rosas","image":{"@type":"ImageObject","inLanguage":"es","@id":"https:\/\/secure.gravatar.com\/avatar\/94440c4283495211faa5300bf85e80061036b83fced868c3783aa1310b350d9c?s=96&d=mm&r=g","url":"https:\/\/secure.gravatar.com\/avatar\/94440c4283495211faa5300bf85e80061036b83fced868c3783aa1310b350d9c?s=96&d=mm&r=g","contentUrl":"https:\/\/secure.gravatar.com\/avatar\/94440c4283495211faa5300bf85e80061036b83fced868c3783aa1310b350d9c?s=96&d=mm&r=g","caption":"Edgar Rosas"},"description":"Editor en Jefe de Centro Urbano. Egresado de la maestr\u00eda en Periodismo Pol\u00edtico de la Escuela de Periodismo Carlos Septi\u00e9n Garc\u00eda (EPCSG). Estudi\u00f3 la licenciatura en Comunicaci\u00f3n en la Universidad Mexicana. Amante de la cr\u00f3nica y el reportaje. Admirador de Vicente Le\u00f1ero y Miguel \u00c1ngel Granados Chapa.","sameAs":["https:\/\/x.com\/https:\/\/twitter.com\/ERosasCU?s=09"],"url":"https:\/\/centrourbano.com\/revista\/author\/edgar-rosas\/"}]}},"_links":{"self":[{"href":"https:\/\/centrourbano.com\/revista\/wp-json\/wp\/v2\/posts\/94259","targetHints":{"allow":["GET"]}}],"collection":[{"href":"https:\/\/centrourbano.com\/revista\/wp-json\/wp\/v2\/posts"}],"about":[{"href":"https:\/\/centrourbano.com\/revista\/wp-json\/wp\/v2\/types\/post"}],"author":[{"embeddable":true,"href":"https:\/\/centrourbano.com\/revista\/wp-json\/wp\/v2\/users\/47"}],"replies":[{"embeddable":true,"href":"https:\/\/centrourbano.com\/revista\/wp-json\/wp\/v2\/comments?post=94259"}],"version-history":[{"count":7,"href":"https:\/\/centrourbano.com\/revista\/wp-json\/wp\/v2\/posts\/94259\/revisions"}],"predecessor-version":[{"id":94270,"href":"https:\/\/centrourbano.com\/revista\/wp-json\/wp\/v2\/posts\/94259\/revisions\/94270"}],"wp:featuredmedia":[{"embeddable":true,"href":"https:\/\/centrourbano.com\/revista\/wp-json\/wp\/v2\/media\/94261"}],"wp:attachment":[{"href":"https:\/\/centrourbano.com\/revista\/wp-json\/wp\/v2\/media?parent=94259"}],"wp:term":[{"taxonomy":"category","embeddable":true,"href":"https:\/\/centrourbano.com\/revista\/wp-json\/wp\/v2\/categories?post=94259"},{"taxonomy":"post_tag","embeddable":true,"href":"https:\/\/centrourbano.com\/revista\/wp-json\/wp\/v2\/tags?post=94259"}],"curies":[{"name":"wp","href":"https:\/\/api.w.org\/{rel}","templated":true}]}}