{"id":94222,"date":"2019-07-31T18:05:39","date_gmt":"2019-07-31T23:05:39","guid":{"rendered":"https:\/\/centrourbano.com\/?p=94222"},"modified":"2019-07-31T18:13:29","modified_gmt":"2019-07-31T23:13:29","slug":"%e2%96%b6%ef%b8%8fvideo-en-100-anos-la-fundacion-donde-ha-beneficiado-a-mas-de-750000-ninos","status":"publish","type":"post","link":"https:\/\/centrourbano.com\/revista\/reportajes\/%e2%96%b6%ef%b8%8fvideo-en-100-anos-la-fundacion-donde-ha-beneficiado-a-mas-de-750000-ninos\/","title":{"rendered":"\u25b6\ufe0fVideo | En 100 a\u00f1os, la Fundaci\u00f3n Dond\u00e9 ha beneficiado a m\u00e1s de 750,000 ni\u00f1os"},"content":{"rendered":"<p><iframe loading=\"lazy\" title=\"En 100 a\u00f1os, la Fundaci\u00f3n Dond\u00e9 ha beneficiado a m\u00e1s de 750 mil ni\u00f1os y j\u00f3venes\" width=\"500\" height=\"281\" src=\"https:\/\/www.youtube.com\/embed\/IosbO9tnMcw?feature=oembed\" frameborder=\"0\" allow=\"accelerometer; autoplay; clipboard-write; encrypted-media; gyroscope; picture-in-picture; web-share\" referrerpolicy=\"strict-origin-when-cross-origin\" allowfullscreen><\/iframe><\/p>\n<p>Con el objetivo de apoyar y fomentar la educaci\u00f3n en la ni\u00f1ez de escasos recursos, fue creada la <a href=\"https:\/\/twitter.com\/FundacionDonde1\" target=\"_blank\" rel=\"noopener noreferrer\">Fundaci\u00f3n Dond\u00e9<\/a>, una Instituci\u00f3n de Asistencia Privada que este a\u00f1o celebra 10 d\u00e9cadas de existencia. Tiempo en el que ha beneficiado a m\u00e1s de 750 mil ni\u00f1os y j\u00f3venes con sus diversos programas educativos.<\/p>\n","protected":false},"excerpt":{"rendered":"<p>Con el objetivo de apoyar y fomentar la educaci\u00f3n en la ni\u00f1ez de escasos recursos, fue creada la Fundaci\u00f3n Dond\u00e9, una Instituci\u00f3n de Asistencia Privada que este a\u00f1o celebra 10 d\u00e9cadas de existencia. Tiempo en el que ha beneficiado a m\u00e1s de 750 mil ni\u00f1os y j\u00f3venes con sus diversos programas educativos.<\/p>\n","protected":false},"author":77,"featured_media":94223,"comment_status":"open","ping_status":"closed","sticky":false,"template":"","format":"video","meta":{"inline_featured_image":false,"footnotes":""},"categories":[80,15401,16],"tags":[13043,15402,16062],"class_list":["post-94222","post","type-post","status-publish","format-video","has-post-thumbnail","hentry","category-actualidad","category-fundaciones","category-reportajes","tag-centrourbanoradio","tag-fundacion-donde","tag-programas-educativos","post_format-post-format-video"],"yoast_head":"<!-- This site is optimized with the Yoast SEO plugin v28.4 - https:\/\/yoast.com\/product\/yoast-seo-wordpress\/ -->\n<title>\u25b6\ufe0fVideo | En 100 a\u00f1os, la Fundaci\u00f3n Dond\u00e9 ha beneficiado a m\u00e1s de 750,000 ni\u00f1os<\/title>\n<meta name=\"description\" content=\"https:\/\/youtu.be\/IosbO9tnMcw Con el objetivo de apoyar y fomentar la educaci\u00f3n en la ni\u00f1ez de escasos recursos, fue creada la Fundaci\u00f3n Dond\u00e9, una\" \/>\n<meta name=\"robots\" content=\"index, follow, max-snippet:-1, max-image-preview:large, max-video-preview:-1\" \/>\n<link rel=\"canonical\" href=\"https:\/\/centrourbano.com\/revista\/reportajes\/\u25b6\ufe0fvideo-en-100-anos-la-fundacion-donde-ha-beneficiado-a-mas-de-750000-ninos\/\" \/>\n<meta property=\"og:locale\" content=\"es_ES\" \/>\n<meta property=\"og:type\" content=\"article\" \/>\n<meta property=\"og:title\" content=\"\u25b6\ufe0fVideo | En 100 a\u00f1os, la Fundaci\u00f3n Dond\u00e9 ha beneficiado a m\u00e1s de 750,000 ni\u00f1os\" \/>\n<meta property=\"og:description\" content=\"https:\/\/youtu.be\/IosbO9tnMcw Con el objetivo de apoyar y fomentar la educaci\u00f3n en la ni\u00f1ez de escasos recursos, fue creada la Fundaci\u00f3n Dond\u00e9, una\" \/>\n<meta property=\"og:url\" content=\"https:\/\/centrourbano.com\/revista\/reportajes\/\u25b6\ufe0fvideo-en-100-anos-la-fundacion-donde-ha-beneficiado-a-mas-de-750000-ninos\/\" \/>\n<meta property=\"og:site_name\" content=\"Centro Urbano\" \/>\n<meta property=\"article:publisher\" content=\"https:\/\/www.facebook.com\/portalcentrourbano\" \/>\n<meta property=\"article:published_time\" content=\"2019-07-31T23:05:39+00:00\" \/>\n<meta property=\"article:modified_time\" content=\"2019-07-31T23:13:29+00:00\" \/>\n<meta property=\"og:image\" content=\"https:\/\/centrourbano.com\/revista\/wp-content\/uploads\/Fundacio\u0301n-Do\u0301nde-.jpg\" \/>\n\t<meta property=\"og:image:width\" content=\"5184\" \/>\n\t<meta property=\"og:image:height\" content=\"2912\" \/>\n\t<meta property=\"og:image:type\" content=\"image\/jpeg\" \/>\n<meta name=\"author\" content=\"G4A\" \/>\n<meta name=\"twitter:card\" content=\"summary_large_image\" \/>\n<meta name=\"twitter:creator\" content=\"@CentroUrbano\" \/>\n<meta name=\"twitter:site\" content=\"@CentroUrbano\" \/>\n<meta name=\"twitter:label1\" content=\"Escrito por\" \/>\n\t<meta name=\"twitter:data1\" content=\"G4A\" \/>\n<script type=\"application\/ld+json\" class=\"yoast-schema-graph\">{\"@context\":\"https:\\\/\\\/schema.org\",\"@graph\":[{\"@type\":\"Article\",\"@id\":\"https:\\\/\\\/centrourbano.com\\\/revista\\\/reportajes\\\/%e2%96%b6%ef%b8%8fvideo-en-100-anos-la-fundacion-donde-ha-beneficiado-a-mas-de-750000-ninos\\\/#article\",\"isPartOf\":{\"@id\":\"https:\\\/\\\/centrourbano.com\\\/revista\\\/reportajes\\\/%e2%96%b6%ef%b8%8fvideo-en-100-anos-la-fundacion-donde-ha-beneficiado-a-mas-de-750000-ninos\\\/\"},\"author\":{\"name\":\"G4A\",\"@id\":\"https:\\\/\\\/centrourbano.com\\\/revista\\\/#\\\/schema\\\/person\\\/370fa0ba2d8dd5bde3fdb8b62ad360aa\"},\"headline\":\"\u25b6\ufe0fVideo | En 100 a\u00f1os, la Fundaci\u00f3n Dond\u00e9 ha beneficiado a m\u00e1s de 750,000 ni\u00f1os\",\"datePublished\":\"2019-07-31T23:05:39+00:00\",\"dateModified\":\"2019-07-31T23:13:29+00:00\",\"mainEntityOfPage\":{\"@id\":\"https:\\\/\\\/centrourbano.com\\\/revista\\\/reportajes\\\/%e2%96%b6%ef%b8%8fvideo-en-100-anos-la-fundacion-donde-ha-beneficiado-a-mas-de-750000-ninos\\\/\"},\"wordCount\":80,\"commentCount\":0,\"publisher\":{\"@id\":\"https:\\\/\\\/centrourbano.com\\\/revista\\\/#organization\"},\"image\":{\"@id\":\"https:\\\/\\\/centrourbano.com\\\/revista\\\/reportajes\\\/%e2%96%b6%ef%b8%8fvideo-en-100-anos-la-fundacion-donde-ha-beneficiado-a-mas-de-750000-ninos\\\/#primaryimage\"},\"thumbnailUrl\":\"https:\\\/\\\/centrourbano.com\\\/revista\\\/wp-content\\\/uploads\\\/Fundacio\u0301n-Do\u0301nde-.jpg\",\"keywords\":[\"#CentroUrbanoRADIO\",\"Fundaci\u00f3n Dond\u00e9\",\"Programas Educativos\"],\"articleSection\":[\"Actualidad\",\"Fundaciones\",\"Reportajes\"],\"inLanguage\":\"es\"},{\"@type\":\"WebPage\",\"@id\":\"https:\\\/\\\/centrourbano.com\\\/revista\\\/reportajes\\\/%e2%96%b6%ef%b8%8fvideo-en-100-anos-la-fundacion-donde-ha-beneficiado-a-mas-de-750000-ninos\\\/\",\"url\":\"https:\\\/\\\/centrourbano.com\\\/revista\\\/reportajes\\\/%e2%96%b6%ef%b8%8fvideo-en-100-anos-la-fundacion-donde-ha-beneficiado-a-mas-de-750000-ninos\\\/\",\"name\":\"\u25b6\ufe0fVideo | En 100 a\u00f1os, la Fundaci\u00f3n Dond\u00e9 ha beneficiado a m\u00e1s de 750,000 ni\u00f1os\",\"isPartOf\":{\"@id\":\"https:\\\/\\\/centrourbano.com\\\/revista\\\/#website\"},\"primaryImageOfPage\":{\"@id\":\"https:\\\/\\\/centrourbano.com\\\/revista\\\/reportajes\\\/%e2%96%b6%ef%b8%8fvideo-en-100-anos-la-fundacion-donde-ha-beneficiado-a-mas-de-750000-ninos\\\/#primaryimage\"},\"image\":{\"@id\":\"https:\\\/\\\/centrourbano.com\\\/revista\\\/reportajes\\\/%e2%96%b6%ef%b8%8fvideo-en-100-anos-la-fundacion-donde-ha-beneficiado-a-mas-de-750000-ninos\\\/#primaryimage\"},\"thumbnailUrl\":\"https:\\\/\\\/centrourbano.com\\\/revista\\\/wp-content\\\/uploads\\\/Fundacio\u0301n-Do\u0301nde-.jpg\",\"datePublished\":\"2019-07-31T23:05:39+00:00\",\"dateModified\":\"2019-07-31T23:13:29+00:00\",\"description\":\"https:\\\/\\\/youtu.be\\\/IosbO9tnMcw Con el objetivo de apoyar y fomentar la educaci\u00f3n en la ni\u00f1ez de escasos recursos, fue creada la Fundaci\u00f3n Dond\u00e9, una\",\"breadcrumb\":{\"@id\":\"https:\\\/\\\/centrourbano.com\\\/revista\\\/reportajes\\\/%e2%96%b6%ef%b8%8fvideo-en-100-anos-la-fundacion-donde-ha-beneficiado-a-mas-de-750000-ninos\\\/#breadcrumb\"},\"inLanguage\":\"es\",\"potentialAction\":[{\"@type\":\"ReadAction\",\"target\":[\"https:\\\/\\\/centrourbano.com\\\/revista\\\/reportajes\\\/%e2%96%b6%ef%b8%8fvideo-en-100-anos-la-fundacion-donde-ha-beneficiado-a-mas-de-750000-ninos\\\/\"]}]},{\"@type\":\"ImageObject\",\"inLanguage\":\"es\",\"@id\":\"https:\\\/\\\/centrourbano.com\\\/revista\\\/reportajes\\\/%e2%96%b6%ef%b8%8fvideo-en-100-anos-la-fundacion-donde-ha-beneficiado-a-mas-de-750000-ninos\\\/#primaryimage\",\"url\":\"https:\\\/\\\/centrourbano.com\\\/revista\\\/wp-content\\\/uploads\\\/Fundacio\u0301n-Do\u0301nde-.jpg\",\"contentUrl\":\"https:\\\/\\\/centrourbano.com\\\/revista\\\/wp-content\\\/uploads\\\/Fundacio\u0301n-Do\u0301nde-.jpg\",\"width\":5184,\"height\":2912,\"caption\":\"Con el objetivo de apoyar y fomentar la educaci\u00f3n en la ni\u00f1ez de escasos recursos, fue creada la Fundaci\u00f3n Dond\u00e9, una Instituci\u00f3n de Asistencia Privada que este a\u00f1o celebra 10 d\u00e9cadas de existencia. Tiempo en el que ha beneficiado a m\u00e1s de 750 mil ni\u00f1os y j\u00f3venes con sus diversos programas educativos.\"},{\"@type\":\"BreadcrumbList\",\"@id\":\"https:\\\/\\\/centrourbano.com\\\/revista\\\/reportajes\\\/%e2%96%b6%ef%b8%8fvideo-en-100-anos-la-fundacion-donde-ha-beneficiado-a-mas-de-750000-ninos\\\/#breadcrumb\",\"itemListElement\":[{\"@type\":\"ListItem\",\"position\":1,\"name\":\"Portada\",\"item\":\"https:\\\/\\\/centrourbano.com\\\/revista\\\/\"},{\"@type\":\"ListItem\",\"position\":2,\"name\":\"\u25b6\ufe0fVideo | En 100 a\u00f1os, la Fundaci\u00f3n Dond\u00e9 ha beneficiado a m\u00e1s de 750,000 ni\u00f1os\"}]},{\"@type\":\"WebSite\",\"@id\":\"https:\\\/\\\/centrourbano.com\\\/revista\\\/#website\",\"url\":\"https:\\\/\\\/centrourbano.com\\\/revista\\\/\",\"name\":\"Centro Urbano\",\"description\":\"Medio especializado en los sectores vivienda, inmobiliario, construcci\u00f3n, arquitectura y urbanismo.\",\"publisher\":{\"@id\":\"https:\\\/\\\/centrourbano.com\\\/revista\\\/#organization\"},\"potentialAction\":[{\"@type\":\"SearchAction\",\"target\":{\"@type\":\"EntryPoint\",\"urlTemplate\":\"https:\\\/\\\/centrourbano.com\\\/revista\\\/?s={search_term_string}\"},\"query-input\":{\"@type\":\"PropertyValueSpecification\",\"valueRequired\":true,\"valueName\":\"search_term_string\"}}],\"inLanguage\":\"es\"},{\"@type\":\"Organization\",\"@id\":\"https:\\\/\\\/centrourbano.com\\\/revista\\\/#organization\",\"name\":\"Centro Urbano\",\"url\":\"https:\\\/\\\/centrourbano.com\\\/revista\\\/\",\"logo\":{\"@type\":\"ImageObject\",\"inLanguage\":\"es\",\"@id\":\"https:\\\/\\\/centrourbano.com\\\/revista\\\/#\\\/schema\\\/logo\\\/image\\\/\",\"url\":\"https:\\\/\\\/centrourbano.com\\\/revista\\\/wp-content\\\/uploads\\\/web_CU_logo-1.png\",\"contentUrl\":\"https:\\\/\\\/centrourbano.com\\\/revista\\\/wp-content\\\/uploads\\\/web_CU_logo-1.png\",\"width\":350,\"height\":91,\"caption\":\"Centro Urbano\"},\"image\":{\"@id\":\"https:\\\/\\\/centrourbano.com\\\/revista\\\/#\\\/schema\\\/logo\\\/image\\\/\"},\"sameAs\":[\"https:\\\/\\\/www.facebook.com\\\/portalcentrourbano\",\"https:\\\/\\\/x.com\\\/CentroUrbano\",\"https:\\\/\\\/www.instagram.com\\\/centro_urbano\\\/\",\"https:\\\/\\\/www.linkedin.com\\\/company\\\/centro-urbano\\\/\",\"http:\\\/\\\/www.youtube.com\\\/user\\\/portalcentrourbano\"]},{\"@type\":\"Person\",\"@id\":\"https:\\\/\\\/centrourbano.com\\\/revista\\\/#\\\/schema\\\/person\\\/370fa0ba2d8dd5bde3fdb8b62ad360aa\",\"name\":\"G4A\",\"image\":{\"@type\":\"ImageObject\",\"inLanguage\":\"es\",\"@id\":\"https:\\\/\\\/secure.gravatar.com\\\/avatar\\\/932a97121b13d5de5bbd8193c6c83d3b92c9eda0f39623607d4280e7a5778d97?s=96&d=mm&r=g\",\"url\":\"https:\\\/\\\/secure.gravatar.com\\\/avatar\\\/932a97121b13d5de5bbd8193c6c83d3b92c9eda0f39623607d4280e7a5778d97?s=96&d=mm&r=g\",\"contentUrl\":\"https:\\\/\\\/secure.gravatar.com\\\/avatar\\\/932a97121b13d5de5bbd8193c6c83d3b92c9eda0f39623607d4280e7a5778d97?s=96&d=mm&r=g\",\"caption\":\"G4A\"},\"url\":\"https:\\\/\\\/centrourbano.com\\\/revista\\\/author\\\/admin-g4a\\\/\"}]}<\/script>\n<!-- \/ Yoast SEO plugin. -->","yoast_head_json":{"title":"\u25b6\ufe0fVideo | En 100 a\u00f1os, la Fundaci\u00f3n Dond\u00e9 ha beneficiado a m\u00e1s de 750,000 ni\u00f1os","description":"https:\/\/youtu.be\/IosbO9tnMcw Con el objetivo de apoyar y fomentar la educaci\u00f3n en la ni\u00f1ez de escasos recursos, fue creada la Fundaci\u00f3n Dond\u00e9, una","robots":{"index":"index","follow":"follow","max-snippet":"max-snippet:-1","max-image-preview":"max-image-preview:large","max-video-preview":"max-video-preview:-1"},"canonical":"https:\/\/centrourbano.com\/revista\/reportajes\/\u25b6\ufe0fvideo-en-100-anos-la-fundacion-donde-ha-beneficiado-a-mas-de-750000-ninos\/","og_locale":"es_ES","og_type":"article","og_title":"\u25b6\ufe0fVideo | En 100 a\u00f1os, la Fundaci\u00f3n Dond\u00e9 ha beneficiado a m\u00e1s de 750,000 ni\u00f1os","og_description":"https:\/\/youtu.be\/IosbO9tnMcw Con el objetivo de apoyar y fomentar la educaci\u00f3n en la ni\u00f1ez de escasos recursos, fue creada la Fundaci\u00f3n Dond\u00e9, una","og_url":"https:\/\/centrourbano.com\/revista\/reportajes\/\u25b6\ufe0fvideo-en-100-anos-la-fundacion-donde-ha-beneficiado-a-mas-de-750000-ninos\/","og_site_name":"Centro Urbano","article_publisher":"https:\/\/www.facebook.com\/portalcentrourbano","article_published_time":"2019-07-31T23:05:39+00:00","article_modified_time":"2019-07-31T23:13:29+00:00","og_image":[{"width":5184,"height":2912,"url":"https:\/\/centrourbano.com\/revista\/wp-content\/uploads\/Fundacio\u0301n-Do\u0301nde-.jpg","type":"image\/jpeg"}],"author":"G4A","twitter_card":"summary_large_image","twitter_creator":"@CentroUrbano","twitter_site":"@CentroUrbano","twitter_misc":{"Escrito por":"G4A"},"schema":{"@context":"https:\/\/schema.org","@graph":[{"@type":"Article","@id":"https:\/\/centrourbano.com\/revista\/reportajes\/%e2%96%b6%ef%b8%8fvideo-en-100-anos-la-fundacion-donde-ha-beneficiado-a-mas-de-750000-ninos\/#article","isPartOf":{"@id":"https:\/\/centrourbano.com\/revista\/reportajes\/%e2%96%b6%ef%b8%8fvideo-en-100-anos-la-fundacion-donde-ha-beneficiado-a-mas-de-750000-ninos\/"},"author":{"name":"G4A","@id":"https:\/\/centrourbano.com\/revista\/#\/schema\/person\/370fa0ba2d8dd5bde3fdb8b62ad360aa"},"headline":"\u25b6\ufe0fVideo | En 100 a\u00f1os, la Fundaci\u00f3n Dond\u00e9 ha beneficiado a m\u00e1s de 750,000 ni\u00f1os","datePublished":"2019-07-31T23:05:39+00:00","dateModified":"2019-07-31T23:13:29+00:00","mainEntityOfPage":{"@id":"https:\/\/centrourbano.com\/revista\/reportajes\/%e2%96%b6%ef%b8%8fvideo-en-100-anos-la-fundacion-donde-ha-beneficiado-a-mas-de-750000-ninos\/"},"wordCount":80,"commentCount":0,"publisher":{"@id":"https:\/\/centrourbano.com\/revista\/#organization"},"image":{"@id":"https:\/\/centrourbano.com\/revista\/reportajes\/%e2%96%b6%ef%b8%8fvideo-en-100-anos-la-fundacion-donde-ha-beneficiado-a-mas-de-750000-ninos\/#primaryimage"},"thumbnailUrl":"https:\/\/centrourbano.com\/revista\/wp-content\/uploads\/Fundacio\u0301n-Do\u0301nde-.jpg","keywords":["#CentroUrbanoRADIO","Fundaci\u00f3n Dond\u00e9","Programas Educativos"],"articleSection":["Actualidad","Fundaciones","Reportajes"],"inLanguage":"es"},{"@type":"WebPage","@id":"https:\/\/centrourbano.com\/revista\/reportajes\/%e2%96%b6%ef%b8%8fvideo-en-100-anos-la-fundacion-donde-ha-beneficiado-a-mas-de-750000-ninos\/","url":"https:\/\/centrourbano.com\/revista\/reportajes\/%e2%96%b6%ef%b8%8fvideo-en-100-anos-la-fundacion-donde-ha-beneficiado-a-mas-de-750000-ninos\/","name":"\u25b6\ufe0fVideo | En 100 a\u00f1os, la Fundaci\u00f3n Dond\u00e9 ha beneficiado a m\u00e1s de 750,000 ni\u00f1os","isPartOf":{"@id":"https:\/\/centrourbano.com\/revista\/#website"},"primaryImageOfPage":{"@id":"https:\/\/centrourbano.com\/revista\/reportajes\/%e2%96%b6%ef%b8%8fvideo-en-100-anos-la-fundacion-donde-ha-beneficiado-a-mas-de-750000-ninos\/#primaryimage"},"image":{"@id":"https:\/\/centrourbano.com\/revista\/reportajes\/%e2%96%b6%ef%b8%8fvideo-en-100-anos-la-fundacion-donde-ha-beneficiado-a-mas-de-750000-ninos\/#primaryimage"},"thumbnailUrl":"https:\/\/centrourbano.com\/revista\/wp-content\/uploads\/Fundacio\u0301n-Do\u0301nde-.jpg","datePublished":"2019-07-31T23:05:39+00:00","dateModified":"2019-07-31T23:13:29+00:00","description":"https:\/\/youtu.be\/IosbO9tnMcw Con el objetivo de apoyar y fomentar la educaci\u00f3n en la ni\u00f1ez de escasos recursos, fue creada la Fundaci\u00f3n Dond\u00e9, una","breadcrumb":{"@id":"https:\/\/centrourbano.com\/revista\/reportajes\/%e2%96%b6%ef%b8%8fvideo-en-100-anos-la-fundacion-donde-ha-beneficiado-a-mas-de-750000-ninos\/#breadcrumb"},"inLanguage":"es","potentialAction":[{"@type":"ReadAction","target":["https:\/\/centrourbano.com\/revista\/reportajes\/%e2%96%b6%ef%b8%8fvideo-en-100-anos-la-fundacion-donde-ha-beneficiado-a-mas-de-750000-ninos\/"]}]},{"@type":"ImageObject","inLanguage":"es","@id":"https:\/\/centrourbano.com\/revista\/reportajes\/%e2%96%b6%ef%b8%8fvideo-en-100-anos-la-fundacion-donde-ha-beneficiado-a-mas-de-750000-ninos\/#primaryimage","url":"https:\/\/centrourbano.com\/revista\/wp-content\/uploads\/Fundacio\u0301n-Do\u0301nde-.jpg","contentUrl":"https:\/\/centrourbano.com\/revista\/wp-content\/uploads\/Fundacio\u0301n-Do\u0301nde-.jpg","width":5184,"height":2912,"caption":"Con el objetivo de apoyar y fomentar la educaci\u00f3n en la ni\u00f1ez de escasos recursos, fue creada la Fundaci\u00f3n Dond\u00e9, una Instituci\u00f3n de Asistencia Privada que este a\u00f1o celebra 10 d\u00e9cadas de existencia. Tiempo en el que ha beneficiado a m\u00e1s de 750 mil ni\u00f1os y j\u00f3venes con sus diversos programas educativos."},{"@type":"BreadcrumbList","@id":"https:\/\/centrourbano.com\/revista\/reportajes\/%e2%96%b6%ef%b8%8fvideo-en-100-anos-la-fundacion-donde-ha-beneficiado-a-mas-de-750000-ninos\/#breadcrumb","itemListElement":[{"@type":"ListItem","position":1,"name":"Portada","item":"https:\/\/centrourbano.com\/revista\/"},{"@type":"ListItem","position":2,"name":"\u25b6\ufe0fVideo | En 100 a\u00f1os, la Fundaci\u00f3n Dond\u00e9 ha beneficiado a m\u00e1s de 750,000 ni\u00f1os"}]},{"@type":"WebSite","@id":"https:\/\/centrourbano.com\/revista\/#website","url":"https:\/\/centrourbano.com\/revista\/","name":"Centro Urbano","description":"Medio especializado en los sectores vivienda, inmobiliario, construcci\u00f3n, arquitectura y urbanismo.","publisher":{"@id":"https:\/\/centrourbano.com\/revista\/#organization"},"potentialAction":[{"@type":"SearchAction","target":{"@type":"EntryPoint","urlTemplate":"https:\/\/centrourbano.com\/revista\/?s={search_term_string}"},"query-input":{"@type":"PropertyValueSpecification","valueRequired":true,"valueName":"search_term_string"}}],"inLanguage":"es"},{"@type":"Organization","@id":"https:\/\/centrourbano.com\/revista\/#organization","name":"Centro Urbano","url":"https:\/\/centrourbano.com\/revista\/","logo":{"@type":"ImageObject","inLanguage":"es","@id":"https:\/\/centrourbano.com\/revista\/#\/schema\/logo\/image\/","url":"https:\/\/centrourbano.com\/revista\/wp-content\/uploads\/web_CU_logo-1.png","contentUrl":"https:\/\/centrourbano.com\/revista\/wp-content\/uploads\/web_CU_logo-1.png","width":350,"height":91,"caption":"Centro Urbano"},"image":{"@id":"https:\/\/centrourbano.com\/revista\/#\/schema\/logo\/image\/"},"sameAs":["https:\/\/www.facebook.com\/portalcentrourbano","https:\/\/x.com\/CentroUrbano","https:\/\/www.instagram.com\/centro_urbano\/","https:\/\/www.linkedin.com\/company\/centro-urbano\/","http:\/\/www.youtube.com\/user\/portalcentrourbano"]},{"@type":"Person","@id":"https:\/\/centrourbano.com\/revista\/#\/schema\/person\/370fa0ba2d8dd5bde3fdb8b62ad360aa","name":"G4A","image":{"@type":"ImageObject","inLanguage":"es","@id":"https:\/\/secure.gravatar.com\/avatar\/932a97121b13d5de5bbd8193c6c83d3b92c9eda0f39623607d4280e7a5778d97?s=96&d=mm&r=g","url":"https:\/\/secure.gravatar.com\/avatar\/932a97121b13d5de5bbd8193c6c83d3b92c9eda0f39623607d4280e7a5778d97?s=96&d=mm&r=g","contentUrl":"https:\/\/secure.gravatar.com\/avatar\/932a97121b13d5de5bbd8193c6c83d3b92c9eda0f39623607d4280e7a5778d97?s=96&d=mm&r=g","caption":"G4A"},"url":"https:\/\/centrourbano.com\/revista\/author\/admin-g4a\/"}]}},"_links":{"self":[{"href":"https:\/\/centrourbano.com\/revista\/wp-json\/wp\/v2\/posts\/94222","targetHints":{"allow":["GET"]}}],"collection":[{"href":"https:\/\/centrourbano.com\/revista\/wp-json\/wp\/v2\/posts"}],"about":[{"href":"https:\/\/centrourbano.com\/revista\/wp-json\/wp\/v2\/types\/post"}],"author":[{"embeddable":true,"href":"https:\/\/centrourbano.com\/revista\/wp-json\/wp\/v2\/users\/77"}],"replies":[{"embeddable":true,"href":"https:\/\/centrourbano.com\/revista\/wp-json\/wp\/v2\/comments?post=94222"}],"version-history":[{"count":3,"href":"https:\/\/centrourbano.com\/revista\/wp-json\/wp\/v2\/posts\/94222\/revisions"}],"predecessor-version":[{"id":94228,"href":"https:\/\/centrourbano.com\/revista\/wp-json\/wp\/v2\/posts\/94222\/revisions\/94228"}],"wp:featuredmedia":[{"embeddable":true,"href":"https:\/\/centrourbano.com\/revista\/wp-json\/wp\/v2\/media\/94223"}],"wp:attachment":[{"href":"https:\/\/centrourbano.com\/revista\/wp-json\/wp\/v2\/media?parent=94222"}],"wp:term":[{"taxonomy":"category","embeddable":true,"href":"https:\/\/centrourbano.com\/revista\/wp-json\/wp\/v2\/categories?post=94222"},{"taxonomy":"post_tag","embeddable":true,"href":"https:\/\/centrourbano.com\/revista\/wp-json\/wp\/v2\/tags?post=94222"}],"curies":[{"name":"wp","href":"https:\/\/api.w.org\/{rel}","templated":true}]}}