{"id":9365,"date":"2014-08-06T09:03:14","date_gmt":"2014-08-06T14:03:14","guid":{"rendered":"http:\/\/centrourbano.com\/?p=9365"},"modified":"2014-08-08T18:01:55","modified_gmt":"2014-08-08T23:01:55","slug":"suman-5-3-mdp-ejercidos-por-conavi-hasta-julio","status":"publish","type":"post","link":"https:\/\/centrourbano.com\/revista\/vivienda\/suman-5-3-mdp-ejercidos-por-conavi-hasta-julio\/","title":{"rendered":"Suman 5.3 mmdp ejercidos por Conavi hasta julio"},"content":{"rendered":"<p>&nbsp;<\/p>\n<p><em>En el reporte de la Comisi\u00f3n se indica que la colocaci\u00f3n de cr\u00e9ditos para la compra de vivienda avanza a un ritmo de 351.7 mil unidades<\/em><!--more--><\/p>\n<p>De acuerdo con el reporte correspondiente al mes de julio de la Comisi\u00f3n Nacional de Vivienda (Conavi), presentado este martes en su p\u00e1gina web, hasta el 31 de julio se acumularon 5.3 mil millones de pesos de los recursos ejercidos y apartados del presupuesto total para el programa de subsidios de 2014, lo que representa 44.7 por ciento m\u00e1s que el mismo periodo del a\u00f1o pasado.<\/p>\n<p>Se espera que durante el segundo semestre haya un incremento en la colocaci\u00f3n de subsidios, debido a la implementaci\u00f3n y cambio de las condiciones de cr\u00e9ditos del Instituto Nacional del Fondo de Vivienda para los Trabajadores (Infonavit) y del Fondo de la Vivienda del ISSSTE (Fovissste).<\/p>\n<p>En espec\u00edfico y en t\u00e9rminos anuales, la vivienda nueva increment\u00f3 10.1 por ciento, mientras que la vivienda usada creci\u00f3 163 por ciento en el mismo periodo, en lo que se refiere al mejoramiento, se report\u00f3 un crecimiento de 352.3 por ciento, por la actividad de las semanas recientes. Por tipo de organismo Infonavit cubre el 77.8 por ciento, los intermedios financieros 8.2 por ciento y los pilotos 8 por ciento.<\/p>\n<p>La Conavi explica que para impulsar el otorgamiento de apoyos por medio de las nuevas modalidades, se dispone de alrededor de 500 millones adicionales para el desarrollo de proyectos especiales.<\/p>\n<p>En el reporte, se se\u00f1ala la importancia del financiamiento burs\u00e1til que retom\u00f3 inter\u00e9s en el sector vivienda, en julio, la desarrolladora Cadu logr\u00f3 colocar una emisi\u00f3n de deuda en el mercado por un monto de 300 millones de pesos, adem\u00e1s Vinte realiz\u00f3 una emisi\u00f3n por 200 millones de pesos, lo que es se\u00f1al de confianza para el crecimiento del sector, refiere.<\/p>\n<p>En el segundo trimestre del a\u00f1o se present\u00f3 un aumento s\u00f3lido en casas registradas, con una tasa anual de crecimiento de 118.8 por ciento. Para el 25 de julio se registraron 27 mil viviendas, cifra con la que cerr\u00f3 el mismo mes de 2013.<\/p>\n<p>Las razones del aumento, de acuerdo con el reporte, son las acciones promovidas por el gobierno federal a trav\u00e9s de la Secretar\u00eda de Desarrollo Agrario, Territorial y Urbano (Sedatu) y el mejoramiento del entorno econ\u00f3mico del pa\u00eds. En cuanto al sector de la construcci\u00f3n, el empleo, la inversi\u00f3n y la producci\u00f3n comenzaron a tener una tendencia de reactivaci\u00f3n.<\/p>\n<p>Se prev\u00e9 que la oferta potencial, en t\u00e9rminos anualizados, sea de 335.4 mil viviendas, en caso de que toda la vivienda registrada se concluya, por otra parte la colocaci\u00f3n de cr\u00e9ditos para la compra de vivienda avanza a un ritmo de 351.7 mil unidades.<\/p>\n<p>La colocaci\u00f3n de cr\u00e9dito a la construcci\u00f3n a trav\u00e9s de la Sociedad Hipotecaria Federal para el primer trimestre de 2014, comparado con el a\u00f1o anterior aument\u00f3 66.7 por ciento, con 33.8 por ciento del total del cr\u00e9dito destinado a cr\u00e9dito sindicado y el resto al cr\u00e9dito puente.<\/p>\n<p>&nbsp;<\/p>\n","protected":false},"excerpt":{"rendered":"<p>&nbsp; En el reporte de la Comisi\u00f3n se indica que la colocaci\u00f3n de cr\u00e9ditos para la compra de vivienda avanza a un ritmo de 351.7 mil unidades<\/p>\n","protected":false},"author":1,"featured_media":0,"comment_status":"open","ping_status":"closed","sticky":false,"template":"","format":"standard","meta":{"om_disable_all_campaigns":false,"inline_featured_image":false,"_monsterinsights_skip_tracking":false,"_monsterinsights_sitenote_active":false,"_monsterinsights_sitenote_note":"","_monsterinsights_sitenote_category":0,"footnotes":""},"categories":[12],"tags":[2098,376,155,100,2375,2374,235,373,60],"class_list":["post-9365","post","type-post","status-publish","format-standard","hentry","category-vivienda","tag-cadu","tag-conavi","tag-fovissste","tag-infonavit","tag-julio","tag-reporte","tag-shf","tag-vinte","tag-vivienda-2"],"yoast_head":"<!-- This site is optimized with the Yoast SEO plugin v27.4 - https:\/\/yoast.com\/product\/yoast-seo-wordpress\/ -->\n<title>Suman 5.3 mmdp ejercidos por Conavi hasta julio -<\/title>\n<meta name=\"description\" content=\"&nbsp; En el reporte de la Comisi\u00f3n se indica que la colocaci\u00f3n de cr\u00e9ditos para la compra de vivienda avanza a un ritmo de 351.7 mil unidades De acuerdo\" \/>\n<meta name=\"robots\" content=\"index, follow, max-snippet:-1, max-image-preview:large, max-video-preview:-1\" \/>\n<link rel=\"canonical\" href=\"https:\/\/centrourbano.com\/revista\/vivienda\/suman-5-3-mdp-ejercidos-por-conavi-hasta-julio\/\" \/>\n<meta property=\"og:locale\" content=\"es_ES\" \/>\n<meta property=\"og:type\" content=\"article\" \/>\n<meta property=\"og:title\" content=\"Suman 5.3 mmdp ejercidos por Conavi hasta julio -\" \/>\n<meta property=\"og:description\" content=\"&nbsp; En el reporte de la Comisi\u00f3n se indica que la colocaci\u00f3n de cr\u00e9ditos para la compra de vivienda avanza a un ritmo de 351.7 mil unidades De acuerdo\" \/>\n<meta property=\"og:url\" content=\"https:\/\/centrourbano.com\/revista\/vivienda\/suman-5-3-mdp-ejercidos-por-conavi-hasta-julio\/\" \/>\n<meta property=\"og:site_name\" content=\"Centro Urbano\" \/>\n<meta property=\"article:publisher\" content=\"https:\/\/www.facebook.com\/portalcentrourbano\" \/>\n<meta property=\"article:published_time\" content=\"2014-08-06T14:03:14+00:00\" \/>\n<meta property=\"article:modified_time\" content=\"2014-08-08T23:01:55+00:00\" \/>\n<meta property=\"og:image\" content=\"https:\/\/centrourbano.com\/revista\/wp-content\/uploads\/CU-logo.png\" \/>\n\t<meta property=\"og:image:width\" content=\"350\" \/>\n\t<meta property=\"og:image:height\" content=\"91\" \/>\n\t<meta property=\"og:image:type\" content=\"image\/png\" \/>\n<meta name=\"author\" content=\"BlogCU 2022\" \/>\n<meta name=\"twitter:card\" content=\"summary_large_image\" \/>\n<meta name=\"twitter:creator\" content=\"@CentroUrbano\" \/>\n<meta name=\"twitter:site\" content=\"@CentroUrbano\" \/>\n<meta name=\"twitter:label1\" content=\"Escrito por\" \/>\n\t<meta name=\"twitter:data1\" content=\"BlogCU 2022\" \/>\n\t<meta name=\"twitter:label2\" content=\"Tiempo de lectura\" \/>\n\t<meta name=\"twitter:data2\" content=\"3 minutos\" \/>\n<script type=\"application\/ld+json\" class=\"yoast-schema-graph\">{\"@context\":\"https:\\\/\\\/schema.org\",\"@graph\":[{\"@type\":\"Article\",\"@id\":\"https:\\\/\\\/centrourbano.com\\\/revista\\\/vivienda\\\/suman-5-3-mdp-ejercidos-por-conavi-hasta-julio\\\/#article\",\"isPartOf\":{\"@id\":\"https:\\\/\\\/centrourbano.com\\\/revista\\\/vivienda\\\/suman-5-3-mdp-ejercidos-por-conavi-hasta-julio\\\/\"},\"author\":{\"name\":\"BlogCU 2022\",\"@id\":\"https:\\\/\\\/centrourbano.com\\\/revista\\\/#\\\/schema\\\/person\\\/26c0ab2d8952e32eb17ccf62f8e88ce6\"},\"headline\":\"Suman 5.3 mmdp ejercidos por Conavi hasta julio\",\"datePublished\":\"2014-08-06T14:03:14+00:00\",\"dateModified\":\"2014-08-08T23:01:55+00:00\",\"mainEntityOfPage\":{\"@id\":\"https:\\\/\\\/centrourbano.com\\\/revista\\\/vivienda\\\/suman-5-3-mdp-ejercidos-por-conavi-hasta-julio\\\/\"},\"wordCount\":518,\"commentCount\":0,\"publisher\":{\"@id\":\"https:\\\/\\\/centrourbano.com\\\/revista\\\/#organization\"},\"keywords\":[\"CADU\",\"Conavi\",\"Fovissste\",\"Infonavit\",\"Julio\",\"Reporte\",\"SHF\",\"Vinte\",\"vivienda\"],\"articleSection\":[\"Vivienda\"],\"inLanguage\":\"es\",\"potentialAction\":[{\"@type\":\"CommentAction\",\"name\":\"Comment\",\"target\":[\"https:\\\/\\\/centrourbano.com\\\/revista\\\/vivienda\\\/suman-5-3-mdp-ejercidos-por-conavi-hasta-julio\\\/#respond\"]}]},{\"@type\":\"WebPage\",\"@id\":\"https:\\\/\\\/centrourbano.com\\\/revista\\\/vivienda\\\/suman-5-3-mdp-ejercidos-por-conavi-hasta-julio\\\/\",\"url\":\"https:\\\/\\\/centrourbano.com\\\/revista\\\/vivienda\\\/suman-5-3-mdp-ejercidos-por-conavi-hasta-julio\\\/\",\"name\":\"Suman 5.3 mmdp ejercidos por Conavi hasta julio -\",\"isPartOf\":{\"@id\":\"https:\\\/\\\/centrourbano.com\\\/revista\\\/#website\"},\"datePublished\":\"2014-08-06T14:03:14+00:00\",\"dateModified\":\"2014-08-08T23:01:55+00:00\",\"description\":\"&nbsp; En el reporte de la Comisi\u00f3n se indica que la colocaci\u00f3n de cr\u00e9ditos para la compra de vivienda avanza a un ritmo de 351.7 mil unidades De acuerdo\",\"breadcrumb\":{\"@id\":\"https:\\\/\\\/centrourbano.com\\\/revista\\\/vivienda\\\/suman-5-3-mdp-ejercidos-por-conavi-hasta-julio\\\/#breadcrumb\"},\"inLanguage\":\"es\",\"potentialAction\":[{\"@type\":\"ReadAction\",\"target\":[\"https:\\\/\\\/centrourbano.com\\\/revista\\\/vivienda\\\/suman-5-3-mdp-ejercidos-por-conavi-hasta-julio\\\/\"]}]},{\"@type\":\"BreadcrumbList\",\"@id\":\"https:\\\/\\\/centrourbano.com\\\/revista\\\/vivienda\\\/suman-5-3-mdp-ejercidos-por-conavi-hasta-julio\\\/#breadcrumb\",\"itemListElement\":[{\"@type\":\"ListItem\",\"position\":1,\"name\":\"Portada\",\"item\":\"https:\\\/\\\/centrourbano.com\\\/revista\\\/\"},{\"@type\":\"ListItem\",\"position\":2,\"name\":\"Suman 5.3 mmdp ejercidos por Conavi hasta julio\"}]},{\"@type\":\"WebSite\",\"@id\":\"https:\\\/\\\/centrourbano.com\\\/revista\\\/#website\",\"url\":\"https:\\\/\\\/centrourbano.com\\\/revista\\\/\",\"name\":\"Centro Urbano\",\"description\":\"Medio especializado en los sectores vivienda, inmobiliario, construcci\u00f3n, arquitectura y urbanismo.\",\"publisher\":{\"@id\":\"https:\\\/\\\/centrourbano.com\\\/revista\\\/#organization\"},\"potentialAction\":[{\"@type\":\"SearchAction\",\"target\":{\"@type\":\"EntryPoint\",\"urlTemplate\":\"https:\\\/\\\/centrourbano.com\\\/revista\\\/?s={search_term_string}\"},\"query-input\":{\"@type\":\"PropertyValueSpecification\",\"valueRequired\":true,\"valueName\":\"search_term_string\"}}],\"inLanguage\":\"es\"},{\"@type\":\"Organization\",\"@id\":\"https:\\\/\\\/centrourbano.com\\\/revista\\\/#organization\",\"name\":\"Centro Urbano\",\"url\":\"https:\\\/\\\/centrourbano.com\\\/revista\\\/\",\"logo\":{\"@type\":\"ImageObject\",\"inLanguage\":\"es\",\"@id\":\"https:\\\/\\\/centrourbano.com\\\/revista\\\/#\\\/schema\\\/logo\\\/image\\\/\",\"url\":\"https:\\\/\\\/centrourbano.com\\\/revista\\\/wp-content\\\/uploads\\\/web_CU_logo-1.png\",\"contentUrl\":\"https:\\\/\\\/centrourbano.com\\\/revista\\\/wp-content\\\/uploads\\\/web_CU_logo-1.png\",\"width\":350,\"height\":91,\"caption\":\"Centro Urbano\"},\"image\":{\"@id\":\"https:\\\/\\\/centrourbano.com\\\/revista\\\/#\\\/schema\\\/logo\\\/image\\\/\"},\"sameAs\":[\"https:\\\/\\\/www.facebook.com\\\/portalcentrourbano\",\"https:\\\/\\\/x.com\\\/CentroUrbano\",\"https:\\\/\\\/www.instagram.com\\\/centro_urbano\\\/\",\"https:\\\/\\\/www.linkedin.com\\\/company\\\/centro-urbano\\\/\",\"http:\\\/\\\/www.youtube.com\\\/user\\\/portalcentrourbano\"]},{\"@type\":\"Person\",\"@id\":\"https:\\\/\\\/centrourbano.com\\\/revista\\\/#\\\/schema\\\/person\\\/26c0ab2d8952e32eb17ccf62f8e88ce6\",\"name\":\"BlogCU 2022\",\"image\":{\"@type\":\"ImageObject\",\"inLanguage\":\"es\",\"@id\":\"https:\\\/\\\/secure.gravatar.com\\\/avatar\\\/5ec2975f6d4b1643c723f08ef135c488131c64cba4524740d438f2e04dbeacdc?s=96&d=mm&r=g\",\"url\":\"https:\\\/\\\/secure.gravatar.com\\\/avatar\\\/5ec2975f6d4b1643c723f08ef135c488131c64cba4524740d438f2e04dbeacdc?s=96&d=mm&r=g\",\"contentUrl\":\"https:\\\/\\\/secure.gravatar.com\\\/avatar\\\/5ec2975f6d4b1643c723f08ef135c488131c64cba4524740d438f2e04dbeacdc?s=96&d=mm&r=g\",\"caption\":\"BlogCU 2022\"},\"url\":\"https:\\\/\\\/centrourbano.com\\\/revista\\\/author\\\/BlogCU 2022\\\/\"}]}<\/script>\n<!-- \/ Yoast SEO plugin. -->","yoast_head_json":{"title":"Suman 5.3 mmdp ejercidos por Conavi hasta julio -","description":"&nbsp; En el reporte de la Comisi\u00f3n se indica que la colocaci\u00f3n de cr\u00e9ditos para la compra de vivienda avanza a un ritmo de 351.7 mil unidades De acuerdo","robots":{"index":"index","follow":"follow","max-snippet":"max-snippet:-1","max-image-preview":"max-image-preview:large","max-video-preview":"max-video-preview:-1"},"canonical":"https:\/\/centrourbano.com\/revista\/vivienda\/suman-5-3-mdp-ejercidos-por-conavi-hasta-julio\/","og_locale":"es_ES","og_type":"article","og_title":"Suman 5.3 mmdp ejercidos por Conavi hasta julio -","og_description":"&nbsp; En el reporte de la Comisi\u00f3n se indica que la colocaci\u00f3n de cr\u00e9ditos para la compra de vivienda avanza a un ritmo de 351.7 mil unidades De acuerdo","og_url":"https:\/\/centrourbano.com\/revista\/vivienda\/suman-5-3-mdp-ejercidos-por-conavi-hasta-julio\/","og_site_name":"Centro Urbano","article_publisher":"https:\/\/www.facebook.com\/portalcentrourbano","article_published_time":"2014-08-06T14:03:14+00:00","article_modified_time":"2014-08-08T23:01:55+00:00","og_image":[{"width":350,"height":91,"url":"https:\/\/centrourbano.com\/revista\/wp-content\/uploads\/CU-logo.png","type":"image\/png"}],"author":"BlogCU 2022","twitter_card":"summary_large_image","twitter_creator":"@CentroUrbano","twitter_site":"@CentroUrbano","twitter_misc":{"Escrito por":"BlogCU 2022","Tiempo de lectura":"3 minutos"},"schema":{"@context":"https:\/\/schema.org","@graph":[{"@type":"Article","@id":"https:\/\/centrourbano.com\/revista\/vivienda\/suman-5-3-mdp-ejercidos-por-conavi-hasta-julio\/#article","isPartOf":{"@id":"https:\/\/centrourbano.com\/revista\/vivienda\/suman-5-3-mdp-ejercidos-por-conavi-hasta-julio\/"},"author":{"name":"BlogCU 2022","@id":"https:\/\/centrourbano.com\/revista\/#\/schema\/person\/26c0ab2d8952e32eb17ccf62f8e88ce6"},"headline":"Suman 5.3 mmdp ejercidos por Conavi hasta julio","datePublished":"2014-08-06T14:03:14+00:00","dateModified":"2014-08-08T23:01:55+00:00","mainEntityOfPage":{"@id":"https:\/\/centrourbano.com\/revista\/vivienda\/suman-5-3-mdp-ejercidos-por-conavi-hasta-julio\/"},"wordCount":518,"commentCount":0,"publisher":{"@id":"https:\/\/centrourbano.com\/revista\/#organization"},"keywords":["CADU","Conavi","Fovissste","Infonavit","Julio","Reporte","SHF","Vinte","vivienda"],"articleSection":["Vivienda"],"inLanguage":"es","potentialAction":[{"@type":"CommentAction","name":"Comment","target":["https:\/\/centrourbano.com\/revista\/vivienda\/suman-5-3-mdp-ejercidos-por-conavi-hasta-julio\/#respond"]}]},{"@type":"WebPage","@id":"https:\/\/centrourbano.com\/revista\/vivienda\/suman-5-3-mdp-ejercidos-por-conavi-hasta-julio\/","url":"https:\/\/centrourbano.com\/revista\/vivienda\/suman-5-3-mdp-ejercidos-por-conavi-hasta-julio\/","name":"Suman 5.3 mmdp ejercidos por Conavi hasta julio -","isPartOf":{"@id":"https:\/\/centrourbano.com\/revista\/#website"},"datePublished":"2014-08-06T14:03:14+00:00","dateModified":"2014-08-08T23:01:55+00:00","description":"&nbsp; En el reporte de la Comisi\u00f3n se indica que la colocaci\u00f3n de cr\u00e9ditos para la compra de vivienda avanza a un ritmo de 351.7 mil unidades De acuerdo","breadcrumb":{"@id":"https:\/\/centrourbano.com\/revista\/vivienda\/suman-5-3-mdp-ejercidos-por-conavi-hasta-julio\/#breadcrumb"},"inLanguage":"es","potentialAction":[{"@type":"ReadAction","target":["https:\/\/centrourbano.com\/revista\/vivienda\/suman-5-3-mdp-ejercidos-por-conavi-hasta-julio\/"]}]},{"@type":"BreadcrumbList","@id":"https:\/\/centrourbano.com\/revista\/vivienda\/suman-5-3-mdp-ejercidos-por-conavi-hasta-julio\/#breadcrumb","itemListElement":[{"@type":"ListItem","position":1,"name":"Portada","item":"https:\/\/centrourbano.com\/revista\/"},{"@type":"ListItem","position":2,"name":"Suman 5.3 mmdp ejercidos por Conavi hasta julio"}]},{"@type":"WebSite","@id":"https:\/\/centrourbano.com\/revista\/#website","url":"https:\/\/centrourbano.com\/revista\/","name":"Centro Urbano","description":"Medio especializado en los sectores vivienda, inmobiliario, construcci\u00f3n, arquitectura y urbanismo.","publisher":{"@id":"https:\/\/centrourbano.com\/revista\/#organization"},"potentialAction":[{"@type":"SearchAction","target":{"@type":"EntryPoint","urlTemplate":"https:\/\/centrourbano.com\/revista\/?s={search_term_string}"},"query-input":{"@type":"PropertyValueSpecification","valueRequired":true,"valueName":"search_term_string"}}],"inLanguage":"es"},{"@type":"Organization","@id":"https:\/\/centrourbano.com\/revista\/#organization","name":"Centro Urbano","url":"https:\/\/centrourbano.com\/revista\/","logo":{"@type":"ImageObject","inLanguage":"es","@id":"https:\/\/centrourbano.com\/revista\/#\/schema\/logo\/image\/","url":"https:\/\/centrourbano.com\/revista\/wp-content\/uploads\/web_CU_logo-1.png","contentUrl":"https:\/\/centrourbano.com\/revista\/wp-content\/uploads\/web_CU_logo-1.png","width":350,"height":91,"caption":"Centro Urbano"},"image":{"@id":"https:\/\/centrourbano.com\/revista\/#\/schema\/logo\/image\/"},"sameAs":["https:\/\/www.facebook.com\/portalcentrourbano","https:\/\/x.com\/CentroUrbano","https:\/\/www.instagram.com\/centro_urbano\/","https:\/\/www.linkedin.com\/company\/centro-urbano\/","http:\/\/www.youtube.com\/user\/portalcentrourbano"]},{"@type":"Person","@id":"https:\/\/centrourbano.com\/revista\/#\/schema\/person\/26c0ab2d8952e32eb17ccf62f8e88ce6","name":"BlogCU 2022","image":{"@type":"ImageObject","inLanguage":"es","@id":"https:\/\/secure.gravatar.com\/avatar\/5ec2975f6d4b1643c723f08ef135c488131c64cba4524740d438f2e04dbeacdc?s=96&d=mm&r=g","url":"https:\/\/secure.gravatar.com\/avatar\/5ec2975f6d4b1643c723f08ef135c488131c64cba4524740d438f2e04dbeacdc?s=96&d=mm&r=g","contentUrl":"https:\/\/secure.gravatar.com\/avatar\/5ec2975f6d4b1643c723f08ef135c488131c64cba4524740d438f2e04dbeacdc?s=96&d=mm&r=g","caption":"BlogCU 2022"},"url":"https:\/\/centrourbano.com\/revista\/author\/BlogCU 2022\/"}]}},"_links":{"self":[{"href":"https:\/\/centrourbano.com\/revista\/wp-json\/wp\/v2\/posts\/9365","targetHints":{"allow":["GET"]}}],"collection":[{"href":"https:\/\/centrourbano.com\/revista\/wp-json\/wp\/v2\/posts"}],"about":[{"href":"https:\/\/centrourbano.com\/revista\/wp-json\/wp\/v2\/types\/post"}],"author":[{"embeddable":true,"href":"https:\/\/centrourbano.com\/revista\/wp-json\/wp\/v2\/users\/1"}],"replies":[{"embeddable":true,"href":"https:\/\/centrourbano.com\/revista\/wp-json\/wp\/v2\/comments?post=9365"}],"version-history":[{"count":0,"href":"https:\/\/centrourbano.com\/revista\/wp-json\/wp\/v2\/posts\/9365\/revisions"}],"wp:attachment":[{"href":"https:\/\/centrourbano.com\/revista\/wp-json\/wp\/v2\/media?parent=9365"}],"wp:term":[{"taxonomy":"category","embeddable":true,"href":"https:\/\/centrourbano.com\/revista\/wp-json\/wp\/v2\/categories?post=9365"},{"taxonomy":"post_tag","embeddable":true,"href":"https:\/\/centrourbano.com\/revista\/wp-json\/wp\/v2\/tags?post=9365"}],"curies":[{"name":"wp","href":"https:\/\/api.w.org\/{rel}","templated":true}]}}