{"id":9344,"date":"2014-08-05T11:43:45","date_gmt":"2014-08-05T16:43:45","guid":{"rendered":"http:\/\/centrourbano.com\/?p=9344"},"modified":"2014-08-06T10:15:19","modified_gmt":"2014-08-06T15:15:19","slug":"alejandro-rivero-sera-el-invitado-de-hoy-en-vivienda-en-verde","status":"publish","type":"post","link":"https:\/\/centrourbano.com\/revista\/actualidad\/alejandro-rivero-sera-el-invitado-de-hoy-en-vivienda-en-verde\/","title":{"rendered":"Alejandro Rivero ser\u00e1 el invitado de hoy en Vivienda en Verde"},"content":{"rendered":"<p>&nbsp;<\/p>\n<p><em>El director general de Genworth Financial hablar\u00e1 sobre una herramienta \u00fatil para adquirir un cr\u00e9dito<\/em><\/p>\n<p><!--more--><\/p>\n<p>&nbsp;<\/p>\n<p>&nbsp;<\/p>\n<p>Este martes, el programa Vivienda en Verde tendr\u00e1 como invitado al director general de la empresa Genworth Financial, Alejandro Rivero, quien platicar\u00e1 con el arquitecto Horacio Urbano sobre una herramienta que ayudar\u00e1 a detonar la demanda de cr\u00e9ditos hipotecarios.<\/p>\n<p>&nbsp;<\/p>\n<p>Este producto que ofrecen se llama Seguro de Cr\u00e9dito a la Vivienda, el cual busca proteger a los bancos ante la falta de pago, pero tambi\u00e9n beneficia a las personas que optan por adquirir un cr\u00e9dito y no cuenten con subsidio para la vivienda del Infonavit o Fovissste, ya que bajar\u00eda el monto de enganche, el cual representa 20% del costo total.<\/p>\n<p>&nbsp;<\/p>\n<p>Se platicar\u00e1 de la falta de ahorro por parte de los mexicanos, importante factor que implica que una gran cantidad de personas no tenga para poder adquirir una vivienda y se opte por lo m\u00e1s barato, dejando como resultado una localizaci\u00f3n alejada de los centros de trabajo y a la larga, sea una casa abandonada.<\/p>\n<p>&nbsp;<\/p>\n<p>Con la falta de planificaci\u00f3n a mediano y largo a plazo, sumado a que un banco no presta lo suficiente, se tiene una demanda interesante que Genworth busca satisfacer.<\/p>\n<p>&nbsp;<\/p>\n<p>La otra soluci\u00f3n que se maneja es que las personas opten por la renta de una vivienda, ya que en la actualidad existen diversos programas que apoyan, como es el caso del propio Infonavit.<\/p>\n<p>&nbsp;<\/p>\n<p>No te pierdas este interesante programa en punto de las 23:30 hrs. por Green TV a trav\u00e9s de los canales 410 de Cablevisi\u00f3n y 392 de Total Play; o si lo prefieres tambi\u00e9n puedes verlo desde el sitio de Internet www.greentv.com.mx.<\/p>\n","protected":false},"excerpt":{"rendered":"<p>&nbsp; El director general de Genworth Financial hablar\u00e1 sobre una herramienta \u00fatil para adquirir un cr\u00e9dito<\/p>\n","protected":false},"author":77,"featured_media":0,"comment_status":"open","ping_status":"closed","sticky":false,"template":"","format":"standard","meta":{"inline_featured_image":false,"footnotes":""},"categories":[80],"tags":[2366,2367],"class_list":["post-9344","post","type-post","status-publish","format-standard","hentry","category-actualidad","tag-alejandro-rivero","tag-genwhort-financial"],"yoast_head":"<!-- This site is optimized with the Yoast SEO plugin v28.4 - https:\/\/yoast.com\/product\/yoast-seo-wordpress\/ -->\n<title>Alejandro Rivero ser\u00e1 el invitado de hoy en Vivienda en Verde -<\/title>\n<meta name=\"description\" content=\"&nbsp; El director general de Genworth Financial hablar\u00e1 sobre una herramienta \u00fatil para adquirir un cr\u00e9dito &nbsp; &nbsp; Este martes, el programa\" \/>\n<meta name=\"robots\" content=\"index, follow, max-snippet:-1, max-image-preview:large, max-video-preview:-1\" \/>\n<link rel=\"canonical\" href=\"https:\/\/centrourbano.com\/revista\/actualidad\/alejandro-rivero-sera-el-invitado-de-hoy-en-vivienda-en-verde\/\" \/>\n<meta property=\"og:locale\" content=\"es_ES\" \/>\n<meta property=\"og:type\" content=\"article\" \/>\n<meta property=\"og:title\" content=\"Alejandro Rivero ser\u00e1 el invitado de hoy en Vivienda en Verde -\" \/>\n<meta property=\"og:description\" content=\"&nbsp; El director general de Genworth Financial hablar\u00e1 sobre una herramienta \u00fatil para adquirir un cr\u00e9dito &nbsp; &nbsp; Este martes, el programa\" \/>\n<meta property=\"og:url\" content=\"https:\/\/centrourbano.com\/revista\/actualidad\/alejandro-rivero-sera-el-invitado-de-hoy-en-vivienda-en-verde\/\" \/>\n<meta property=\"og:site_name\" content=\"Centro Urbano\" \/>\n<meta property=\"article:publisher\" content=\"https:\/\/www.facebook.com\/portalcentrourbano\" \/>\n<meta property=\"article:published_time\" content=\"2014-08-05T16:43:45+00:00\" \/>\n<meta property=\"article:modified_time\" content=\"2014-08-06T15:15:19+00:00\" \/>\n<meta property=\"og:image\" content=\"https:\/\/centrourbano.com\/revista\/wp-content\/uploads\/CU-logo.png\" \/>\n\t<meta property=\"og:image:width\" content=\"350\" \/>\n\t<meta property=\"og:image:height\" content=\"91\" \/>\n\t<meta property=\"og:image:type\" content=\"image\/png\" \/>\n<meta name=\"author\" content=\"G4A\" \/>\n<meta name=\"twitter:card\" content=\"summary_large_image\" \/>\n<meta name=\"twitter:creator\" content=\"@CentroUrbano\" \/>\n<meta name=\"twitter:site\" content=\"@CentroUrbano\" \/>\n<meta name=\"twitter:label1\" content=\"Escrito por\" \/>\n\t<meta name=\"twitter:data1\" content=\"G4A\" \/>\n\t<meta name=\"twitter:label2\" content=\"Tiempo de lectura\" \/>\n\t<meta name=\"twitter:data2\" content=\"1 minuto\" \/>\n<script type=\"application\/ld+json\" class=\"yoast-schema-graph\">{\"@context\":\"https:\\\/\\\/schema.org\",\"@graph\":[{\"@type\":\"Article\",\"@id\":\"https:\\\/\\\/centrourbano.com\\\/revista\\\/actualidad\\\/alejandro-rivero-sera-el-invitado-de-hoy-en-vivienda-en-verde\\\/#article\",\"isPartOf\":{\"@id\":\"https:\\\/\\\/centrourbano.com\\\/revista\\\/actualidad\\\/alejandro-rivero-sera-el-invitado-de-hoy-en-vivienda-en-verde\\\/\"},\"author\":{\"name\":\"G4A\",\"@id\":\"https:\\\/\\\/centrourbano.com\\\/revista\\\/#\\\/schema\\\/person\\\/370fa0ba2d8dd5bde3fdb8b62ad360aa\"},\"headline\":\"Alejandro Rivero ser\u00e1 el invitado de hoy en Vivienda en Verde\",\"datePublished\":\"2014-08-05T16:43:45+00:00\",\"dateModified\":\"2014-08-06T15:15:19+00:00\",\"mainEntityOfPage\":{\"@id\":\"https:\\\/\\\/centrourbano.com\\\/revista\\\/actualidad\\\/alejandro-rivero-sera-el-invitado-de-hoy-en-vivienda-en-verde\\\/\"},\"wordCount\":306,\"commentCount\":0,\"publisher\":{\"@id\":\"https:\\\/\\\/centrourbano.com\\\/revista\\\/#organization\"},\"keywords\":[\"Alejandro Rivero\",\"Genwhort Financial\"],\"articleSection\":[\"Actualidad\"],\"inLanguage\":\"es\"},{\"@type\":\"WebPage\",\"@id\":\"https:\\\/\\\/centrourbano.com\\\/revista\\\/actualidad\\\/alejandro-rivero-sera-el-invitado-de-hoy-en-vivienda-en-verde\\\/\",\"url\":\"https:\\\/\\\/centrourbano.com\\\/revista\\\/actualidad\\\/alejandro-rivero-sera-el-invitado-de-hoy-en-vivienda-en-verde\\\/\",\"name\":\"Alejandro Rivero ser\u00e1 el invitado de hoy en Vivienda en Verde -\",\"isPartOf\":{\"@id\":\"https:\\\/\\\/centrourbano.com\\\/revista\\\/#website\"},\"datePublished\":\"2014-08-05T16:43:45+00:00\",\"dateModified\":\"2014-08-06T15:15:19+00:00\",\"description\":\"&nbsp; El director general de Genworth Financial hablar\u00e1 sobre una herramienta \u00fatil para adquirir un cr\u00e9dito &nbsp; &nbsp; Este martes, el programa\",\"breadcrumb\":{\"@id\":\"https:\\\/\\\/centrourbano.com\\\/revista\\\/actualidad\\\/alejandro-rivero-sera-el-invitado-de-hoy-en-vivienda-en-verde\\\/#breadcrumb\"},\"inLanguage\":\"es\",\"potentialAction\":[{\"@type\":\"ReadAction\",\"target\":[\"https:\\\/\\\/centrourbano.com\\\/revista\\\/actualidad\\\/alejandro-rivero-sera-el-invitado-de-hoy-en-vivienda-en-verde\\\/\"]}]},{\"@type\":\"BreadcrumbList\",\"@id\":\"https:\\\/\\\/centrourbano.com\\\/revista\\\/actualidad\\\/alejandro-rivero-sera-el-invitado-de-hoy-en-vivienda-en-verde\\\/#breadcrumb\",\"itemListElement\":[{\"@type\":\"ListItem\",\"position\":1,\"name\":\"Portada\",\"item\":\"https:\\\/\\\/centrourbano.com\\\/revista\\\/\"},{\"@type\":\"ListItem\",\"position\":2,\"name\":\"Alejandro Rivero ser\u00e1 el invitado de hoy en Vivienda en Verde\"}]},{\"@type\":\"WebSite\",\"@id\":\"https:\\\/\\\/centrourbano.com\\\/revista\\\/#website\",\"url\":\"https:\\\/\\\/centrourbano.com\\\/revista\\\/\",\"name\":\"Centro Urbano\",\"description\":\"Medio especializado en los sectores vivienda, inmobiliario, construcci\u00f3n, arquitectura y urbanismo.\",\"publisher\":{\"@id\":\"https:\\\/\\\/centrourbano.com\\\/revista\\\/#organization\"},\"potentialAction\":[{\"@type\":\"SearchAction\",\"target\":{\"@type\":\"EntryPoint\",\"urlTemplate\":\"https:\\\/\\\/centrourbano.com\\\/revista\\\/?s={search_term_string}\"},\"query-input\":{\"@type\":\"PropertyValueSpecification\",\"valueRequired\":true,\"valueName\":\"search_term_string\"}}],\"inLanguage\":\"es\"},{\"@type\":\"Organization\",\"@id\":\"https:\\\/\\\/centrourbano.com\\\/revista\\\/#organization\",\"name\":\"Centro Urbano\",\"url\":\"https:\\\/\\\/centrourbano.com\\\/revista\\\/\",\"logo\":{\"@type\":\"ImageObject\",\"inLanguage\":\"es\",\"@id\":\"https:\\\/\\\/centrourbano.com\\\/revista\\\/#\\\/schema\\\/logo\\\/image\\\/\",\"url\":\"https:\\\/\\\/centrourbano.com\\\/revista\\\/wp-content\\\/uploads\\\/web_CU_logo-1.png\",\"contentUrl\":\"https:\\\/\\\/centrourbano.com\\\/revista\\\/wp-content\\\/uploads\\\/web_CU_logo-1.png\",\"width\":350,\"height\":91,\"caption\":\"Centro Urbano\"},\"image\":{\"@id\":\"https:\\\/\\\/centrourbano.com\\\/revista\\\/#\\\/schema\\\/logo\\\/image\\\/\"},\"sameAs\":[\"https:\\\/\\\/www.facebook.com\\\/portalcentrourbano\",\"https:\\\/\\\/x.com\\\/CentroUrbano\",\"https:\\\/\\\/www.instagram.com\\\/centro_urbano\\\/\",\"https:\\\/\\\/www.linkedin.com\\\/company\\\/centro-urbano\\\/\",\"http:\\\/\\\/www.youtube.com\\\/user\\\/portalcentrourbano\"]},{\"@type\":\"Person\",\"@id\":\"https:\\\/\\\/centrourbano.com\\\/revista\\\/#\\\/schema\\\/person\\\/370fa0ba2d8dd5bde3fdb8b62ad360aa\",\"name\":\"G4A\",\"image\":{\"@type\":\"ImageObject\",\"inLanguage\":\"es\",\"@id\":\"https:\\\/\\\/secure.gravatar.com\\\/avatar\\\/932a97121b13d5de5bbd8193c6c83d3b92c9eda0f39623607d4280e7a5778d97?s=96&d=mm&r=g\",\"url\":\"https:\\\/\\\/secure.gravatar.com\\\/avatar\\\/932a97121b13d5de5bbd8193c6c83d3b92c9eda0f39623607d4280e7a5778d97?s=96&d=mm&r=g\",\"contentUrl\":\"https:\\\/\\\/secure.gravatar.com\\\/avatar\\\/932a97121b13d5de5bbd8193c6c83d3b92c9eda0f39623607d4280e7a5778d97?s=96&d=mm&r=g\",\"caption\":\"G4A\"},\"url\":\"https:\\\/\\\/centrourbano.com\\\/revista\\\/author\\\/admin-g4a\\\/\"}]}<\/script>\n<!-- \/ Yoast SEO plugin. -->","yoast_head_json":{"title":"Alejandro Rivero ser\u00e1 el invitado de hoy en Vivienda en Verde -","description":"&nbsp; El director general de Genworth Financial hablar\u00e1 sobre una herramienta \u00fatil para adquirir un cr\u00e9dito &nbsp; &nbsp; Este martes, el programa","robots":{"index":"index","follow":"follow","max-snippet":"max-snippet:-1","max-image-preview":"max-image-preview:large","max-video-preview":"max-video-preview:-1"},"canonical":"https:\/\/centrourbano.com\/revista\/actualidad\/alejandro-rivero-sera-el-invitado-de-hoy-en-vivienda-en-verde\/","og_locale":"es_ES","og_type":"article","og_title":"Alejandro Rivero ser\u00e1 el invitado de hoy en Vivienda en Verde -","og_description":"&nbsp; El director general de Genworth Financial hablar\u00e1 sobre una herramienta \u00fatil para adquirir un cr\u00e9dito &nbsp; &nbsp; Este martes, el programa","og_url":"https:\/\/centrourbano.com\/revista\/actualidad\/alejandro-rivero-sera-el-invitado-de-hoy-en-vivienda-en-verde\/","og_site_name":"Centro Urbano","article_publisher":"https:\/\/www.facebook.com\/portalcentrourbano","article_published_time":"2014-08-05T16:43:45+00:00","article_modified_time":"2014-08-06T15:15:19+00:00","og_image":[{"width":350,"height":91,"url":"https:\/\/centrourbano.com\/revista\/wp-content\/uploads\/CU-logo.png","type":"image\/png"}],"author":"G4A","twitter_card":"summary_large_image","twitter_creator":"@CentroUrbano","twitter_site":"@CentroUrbano","twitter_misc":{"Escrito por":"G4A","Tiempo de lectura":"1 minuto"},"schema":{"@context":"https:\/\/schema.org","@graph":[{"@type":"Article","@id":"https:\/\/centrourbano.com\/revista\/actualidad\/alejandro-rivero-sera-el-invitado-de-hoy-en-vivienda-en-verde\/#article","isPartOf":{"@id":"https:\/\/centrourbano.com\/revista\/actualidad\/alejandro-rivero-sera-el-invitado-de-hoy-en-vivienda-en-verde\/"},"author":{"name":"G4A","@id":"https:\/\/centrourbano.com\/revista\/#\/schema\/person\/370fa0ba2d8dd5bde3fdb8b62ad360aa"},"headline":"Alejandro Rivero ser\u00e1 el invitado de hoy en Vivienda en Verde","datePublished":"2014-08-05T16:43:45+00:00","dateModified":"2014-08-06T15:15:19+00:00","mainEntityOfPage":{"@id":"https:\/\/centrourbano.com\/revista\/actualidad\/alejandro-rivero-sera-el-invitado-de-hoy-en-vivienda-en-verde\/"},"wordCount":306,"commentCount":0,"publisher":{"@id":"https:\/\/centrourbano.com\/revista\/#organization"},"keywords":["Alejandro Rivero","Genwhort Financial"],"articleSection":["Actualidad"],"inLanguage":"es"},{"@type":"WebPage","@id":"https:\/\/centrourbano.com\/revista\/actualidad\/alejandro-rivero-sera-el-invitado-de-hoy-en-vivienda-en-verde\/","url":"https:\/\/centrourbano.com\/revista\/actualidad\/alejandro-rivero-sera-el-invitado-de-hoy-en-vivienda-en-verde\/","name":"Alejandro Rivero ser\u00e1 el invitado de hoy en Vivienda en Verde -","isPartOf":{"@id":"https:\/\/centrourbano.com\/revista\/#website"},"datePublished":"2014-08-05T16:43:45+00:00","dateModified":"2014-08-06T15:15:19+00:00","description":"&nbsp; El director general de Genworth Financial hablar\u00e1 sobre una herramienta \u00fatil para adquirir un cr\u00e9dito &nbsp; &nbsp; Este martes, el programa","breadcrumb":{"@id":"https:\/\/centrourbano.com\/revista\/actualidad\/alejandro-rivero-sera-el-invitado-de-hoy-en-vivienda-en-verde\/#breadcrumb"},"inLanguage":"es","potentialAction":[{"@type":"ReadAction","target":["https:\/\/centrourbano.com\/revista\/actualidad\/alejandro-rivero-sera-el-invitado-de-hoy-en-vivienda-en-verde\/"]}]},{"@type":"BreadcrumbList","@id":"https:\/\/centrourbano.com\/revista\/actualidad\/alejandro-rivero-sera-el-invitado-de-hoy-en-vivienda-en-verde\/#breadcrumb","itemListElement":[{"@type":"ListItem","position":1,"name":"Portada","item":"https:\/\/centrourbano.com\/revista\/"},{"@type":"ListItem","position":2,"name":"Alejandro Rivero ser\u00e1 el invitado de hoy en Vivienda en Verde"}]},{"@type":"WebSite","@id":"https:\/\/centrourbano.com\/revista\/#website","url":"https:\/\/centrourbano.com\/revista\/","name":"Centro Urbano","description":"Medio especializado en los sectores vivienda, inmobiliario, construcci\u00f3n, arquitectura y urbanismo.","publisher":{"@id":"https:\/\/centrourbano.com\/revista\/#organization"},"potentialAction":[{"@type":"SearchAction","target":{"@type":"EntryPoint","urlTemplate":"https:\/\/centrourbano.com\/revista\/?s={search_term_string}"},"query-input":{"@type":"PropertyValueSpecification","valueRequired":true,"valueName":"search_term_string"}}],"inLanguage":"es"},{"@type":"Organization","@id":"https:\/\/centrourbano.com\/revista\/#organization","name":"Centro Urbano","url":"https:\/\/centrourbano.com\/revista\/","logo":{"@type":"ImageObject","inLanguage":"es","@id":"https:\/\/centrourbano.com\/revista\/#\/schema\/logo\/image\/","url":"https:\/\/centrourbano.com\/revista\/wp-content\/uploads\/web_CU_logo-1.png","contentUrl":"https:\/\/centrourbano.com\/revista\/wp-content\/uploads\/web_CU_logo-1.png","width":350,"height":91,"caption":"Centro Urbano"},"image":{"@id":"https:\/\/centrourbano.com\/revista\/#\/schema\/logo\/image\/"},"sameAs":["https:\/\/www.facebook.com\/portalcentrourbano","https:\/\/x.com\/CentroUrbano","https:\/\/www.instagram.com\/centro_urbano\/","https:\/\/www.linkedin.com\/company\/centro-urbano\/","http:\/\/www.youtube.com\/user\/portalcentrourbano"]},{"@type":"Person","@id":"https:\/\/centrourbano.com\/revista\/#\/schema\/person\/370fa0ba2d8dd5bde3fdb8b62ad360aa","name":"G4A","image":{"@type":"ImageObject","inLanguage":"es","@id":"https:\/\/secure.gravatar.com\/avatar\/932a97121b13d5de5bbd8193c6c83d3b92c9eda0f39623607d4280e7a5778d97?s=96&d=mm&r=g","url":"https:\/\/secure.gravatar.com\/avatar\/932a97121b13d5de5bbd8193c6c83d3b92c9eda0f39623607d4280e7a5778d97?s=96&d=mm&r=g","contentUrl":"https:\/\/secure.gravatar.com\/avatar\/932a97121b13d5de5bbd8193c6c83d3b92c9eda0f39623607d4280e7a5778d97?s=96&d=mm&r=g","caption":"G4A"},"url":"https:\/\/centrourbano.com\/revista\/author\/admin-g4a\/"}]}},"_links":{"self":[{"href":"https:\/\/centrourbano.com\/revista\/wp-json\/wp\/v2\/posts\/9344","targetHints":{"allow":["GET"]}}],"collection":[{"href":"https:\/\/centrourbano.com\/revista\/wp-json\/wp\/v2\/posts"}],"about":[{"href":"https:\/\/centrourbano.com\/revista\/wp-json\/wp\/v2\/types\/post"}],"author":[{"embeddable":true,"href":"https:\/\/centrourbano.com\/revista\/wp-json\/wp\/v2\/users\/77"}],"replies":[{"embeddable":true,"href":"https:\/\/centrourbano.com\/revista\/wp-json\/wp\/v2\/comments?post=9344"}],"version-history":[{"count":0,"href":"https:\/\/centrourbano.com\/revista\/wp-json\/wp\/v2\/posts\/9344\/revisions"}],"wp:attachment":[{"href":"https:\/\/centrourbano.com\/revista\/wp-json\/wp\/v2\/media?parent=9344"}],"wp:term":[{"taxonomy":"category","embeddable":true,"href":"https:\/\/centrourbano.com\/revista\/wp-json\/wp\/v2\/categories?post=9344"},{"taxonomy":"post_tag","embeddable":true,"href":"https:\/\/centrourbano.com\/revista\/wp-json\/wp\/v2\/tags?post=9344"}],"curies":[{"name":"wp","href":"https:\/\/api.w.org\/{rel}","templated":true}]}}